{"id":11692,"date":"2010-01-20T22:16:39","date_gmt":"2010-01-20T21:16:39","guid":{"rendered":"http:\/\/www.bellunopress.it\/?p=11692"},"modified":"2010-01-20T22:16:39","modified_gmt":"2010-01-20T21:16:39","slug":"assi-e-comitato-pian-dei-castaldi-insieme-per-la-solidarieta","status":"publish","type":"post","link":"https:\/\/www.bellunopress.it\/fr\/2010\/01\/20\/assi-e-comitato-pian-dei-castaldi-insieme-per-la-solidarieta\/","title":{"rendered":"Assi e Comitato Pian dei Castaldi insieme per la solidariet\u00e0"},"content":{"rendered":"<p>Quando sono animate dalla condivisione di valori e di obiettivi, \u00e8 scontato che le diverse realt\u00e0 finiscano con alimentare rapporti sempre pi\u00f9 stretti. E\u2019 ci\u00f2 che \u00e8 successo, ad esempio, tra l\u2019associazione Assi e Comitato Baita Pian dei Castaldi. La scorsa estate, alla conclusione della manifestazione \u201cDona un sorriso 2009\u201d, il Comitato aveva deciso di assegnare un importante contributo alla neonata Assi, Associazione Sociale Sportiva Invalidi. Un gesto di grande rilievo, conseguenza della stima che caratterizza i rapporti tra diversi rappresentanti delle due realt\u00e0. Adesso, quella comunanza di intenti registra un nuovo, significativo episodio. Praticamente tutto il Comitato \u00e8 stato ospite, ieri sera, dell\u2019Assi alla scuola elementare Dal Mas di Cavarzano durante la settimanale seduta dedicata al recupero, al mantenimento e alla socializzazione.\u00a0<br \/>\nAl termine il presidente Oscar De Pellegrin ha consegnato a Davide Fant una pergamena che attesta per il Comitato lo status di socio onorario dell\u2019Assi. \u201cNon \u00e8 un gesto di semplice cortesia \u2013 ha commentato Oscar De Pellegrin \u2013 ma un momento di grande importanza. Il Comitato, decidendo di sostenere l\u2019Assi nella delicata fase d\u2019avvio, ha dimostrato una straordinaria sensibilit\u00e0. D\u2019altra parte era facile immaginarlo se si pensa alla disponibilit\u00e0, all\u2019impegno, alla passione che questo gruppo di giovani mette in questa attivit\u00e0\u201d. Dopo il saluto del presidente, Davide Fant, c\u2019\u00e8 stato un breve interevento di Michele De Pellegrin, l\u2019ideatore di Dona un sorriso. \u201cAnche per chi, come noi, conosce la realt\u00e0 del volontariato, \u00e8 ammirevole constatare quanto l\u2019Assi sia riuscita a fare in cos\u00ec poco tempo. Merito di tutti, ma soprattutto dell\u2019esempio e dello stimolo rappresentati da coloro che hanno affrontato e superato questi problemi\u201d Confermato, infine, che nel corso del 2010, Assi e Comitato daranno vita ad alcune iniziative in comune, sempre nell\u2019ambito della solidariet\u00e0 e dell\u2019integrazione.<\/p>","protected":false},"excerpt":{"rendered":"<p>Quando sono animate dalla condivisione di valori e di obiettivi, \u00e8 scontato che le diverse realt\u00e0 finiscano con alimentare rapporti sempre pi\u00f9 stretti. E\u2019 ci\u00f2 che \u00e8 successo, ad esempio, tra l\u2019associazione Assi e Comitato Baita Pian dei Castaldi. La scorsa estate, alla conclusione della manifestazione \u201cDona un sorriso 2009\u201d, il Comitato aveva deciso di [&hellip;]<\/p>\n","protected":false},"author":2,"featured_media":0,"comment_status":"closed","ping_status":"open","sticky":false,"template":"","format":"standard","meta":{"footnotes":""},"categories":[1],"tags":[],"class_list":["post-11692","post","type-post","status-publish","format-standard","category-leo"],"yoast_head":"<!-- This site is optimized with the Yoast SEO plugin v28.4 - https:\/\/yoast.com\/product\/yoast-seo-wordpress\/ -->\n<title>Assi e Comitato Pian dei Castaldi insieme per la solidariet\u00e0  - Bellunopress - Dolomiti<\/title>\n<meta name=\"robots\" content=\"index, follow, max-snippet:-1, max-image-preview:large, max-video-preview:-1\" \/>\n<link rel=\"canonical\" href=\"https:\/\/www.bellunopress.it\/fr\/2010\/01\/20\/assi-e-comitato-pian-dei-castaldi-insieme-per-la-solidarieta\/\" \/>\n<meta property=\"og:locale\" content=\"fr_FR\" \/>\n<meta property=\"og:type\" content=\"article\" \/>\n<meta property=\"og:title\" content=\"Assi e Comitato Pian dei Castaldi insieme per la solidariet\u00e0  - Bellunopress - Dolomiti\" \/>\n<meta property=\"og:description\" content=\"Quando sono animate dalla condivisione di valori e di obiettivi, \u00e8 scontato che le diverse realt\u00e0 finiscano con alimentare rapporti sempre pi\u00f9 stretti. E\u2019 ci\u00f2 che \u00e8 successo, ad esempio, tra l\u2019associazione Assi e Comitato Baita Pian dei Castaldi. La scorsa estate, alla conclusione della manifestazione \u201cDona un sorriso 2009\u201d, il Comitato aveva deciso di [&hellip;]\" \/>\n<meta property=\"og:url\" content=\"https:\/\/www.bellunopress.it\/fr\/2010\/01\/20\/assi-e-comitato-pian-dei-castaldi-insieme-per-la-solidarieta\/\" \/>\n<meta property=\"og:site_name\" content=\"Bellunopress - Dolomiti\" \/>\n<meta property=\"article:publisher\" content=\"https:\/\/www.facebook.com\/profile.php?id=100008943462799\" \/>\n<meta property=\"article:published_time\" content=\"2010-01-20T21:16:39+00:00\" \/>\n<meta property=\"og:image\" content=\"http:\/\/www.bellunopress.it\/wp-content\/uploads\/2012\/07\/logo-bellunopress-250x250-2012.jpg\" \/>\n<meta name=\"author\" content=\"redazione\" \/>\n<meta name=\"twitter:card\" content=\"summary_large_image\" \/>\n<meta name=\"twitter:creator\" content=\"@bellunopress\" \/>\n<meta name=\"twitter:site\" content=\"@bellunopress\" \/>\n<meta name=\"twitter:label1\" content=\"\u00c9crit par\" \/>\n\t<meta name=\"twitter:data1\" content=\"redazione\" \/>\n\t<meta name=\"twitter:label2\" content=\"Dur\u00e9e de lecture estim\u00e9e\" \/>\n\t<meta name=\"twitter:data2\" content=\"1 minute\" \/>\n<script type=\"application\/ld+json\" class=\"yoast-schema-graph\">{\"@context\":\"https:\\\/\\\/schema.org\",\"@graph\":[{\"@type\":\"Article\",\"@id\":\"https:\\\/\\\/www.bellunopress.it\\\/2010\\\/01\\\/20\\\/assi-e-comitato-pian-dei-castaldi-insieme-per-la-solidarieta\\\/#article\",\"isPartOf\":{\"@id\":\"https:\\\/\\\/www.bellunopress.it\\\/2010\\\/01\\\/20\\\/assi-e-comitato-pian-dei-castaldi-insieme-per-la-solidarieta\\\/\"},\"author\":{\"name\":\"redazione\",\"@id\":\"https:\\\/\\\/www.bellunopress.it\\\/#\\\/schema\\\/person\\\/79bb06722b37ece1c03d3e94beb30d73\"},\"headline\":\"Assi e Comitato Pian dei Castaldi insieme per la solidariet\u00e0\",\"datePublished\":\"2010-01-20T21:16:39+00:00\",\"mainEntityOfPage\":{\"@id\":\"https:\\\/\\\/www.bellunopress.it\\\/2010\\\/01\\\/20\\\/assi-e-comitato-pian-dei-castaldi-insieme-per-la-solidarieta\\\/\"},\"wordCount\":304,\"publisher\":{\"@id\":\"https:\\\/\\\/www.bellunopress.it\\\/#organization\"},\"articleSection\":[\"Lettere Opinioni\"],\"inLanguage\":\"fr-FR\"},{\"@type\":\"WebPage\",\"@id\":\"https:\\\/\\\/www.bellunopress.it\\\/2010\\\/01\\\/20\\\/assi-e-comitato-pian-dei-castaldi-insieme-per-la-solidarieta\\\/\",\"url\":\"https:\\\/\\\/www.bellunopress.it\\\/2010\\\/01\\\/20\\\/assi-e-comitato-pian-dei-castaldi-insieme-per-la-solidarieta\\\/\",\"name\":\"Assi e Comitato Pian dei Castaldi insieme per la solidariet\u00e0 - Bellunopress - Dolomiti\",\"isPartOf\":{\"@id\":\"https:\\\/\\\/www.bellunopress.it\\\/#website\"},\"datePublished\":\"2010-01-20T21:16:39+00:00\",\"breadcrumb\":{\"@id\":\"https:\\\/\\\/www.bellunopress.it\\\/2010\\\/01\\\/20\\\/assi-e-comitato-pian-dei-castaldi-insieme-per-la-solidarieta\\\/#breadcrumb\"},\"inLanguage\":\"fr-FR\",\"potentialAction\":[{\"@type\":\"ReadAction\",\"target\":[\"https:\\\/\\\/www.bellunopress.it\\\/2010\\\/01\\\/20\\\/assi-e-comitato-pian-dei-castaldi-insieme-per-la-solidarieta\\\/\"]}]},{\"@type\":\"BreadcrumbList\",\"@id\":\"https:\\\/\\\/www.bellunopress.it\\\/2010\\\/01\\\/20\\\/assi-e-comitato-pian-dei-castaldi-insieme-per-la-solidarieta\\\/#breadcrumb\",\"itemListElement\":[{\"@type\":\"ListItem\",\"position\":1,\"name\":\"Home\",\"item\":\"https:\\\/\\\/www.bellunopress.it\\\/\"},{\"@type\":\"ListItem\",\"position\":2,\"name\":\"Assi e Comitato Pian dei Castaldi insieme per la solidariet\u00e0\"}]},{\"@type\":\"WebSite\",\"@id\":\"https:\\\/\\\/www.bellunopress.it\\\/#website\",\"url\":\"https:\\\/\\\/www.bellunopress.it\\\/\",\"name\":\"Bellunopress - Dolomiti\",\"description\":\"e-mail: redazione@bellunopress.it\",\"publisher\":{\"@id\":\"https:\\\/\\\/www.bellunopress.it\\\/#organization\"},\"potentialAction\":[{\"@type\":\"SearchAction\",\"target\":{\"@type\":\"EntryPoint\",\"urlTemplate\":\"https:\\\/\\\/www.bellunopress.it\\\/?s={search_term_string}\"},\"query-input\":{\"@type\":\"PropertyValueSpecification\",\"valueRequired\":true,\"valueName\":\"search_term_string\"}}],\"inLanguage\":\"fr-FR\"},{\"@type\":\"Organization\",\"@id\":\"https:\\\/\\\/www.bellunopress.it\\\/#organization\",\"name\":\"Bellunopress\",\"url\":\"https:\\\/\\\/www.bellunopress.it\\\/\",\"logo\":{\"@type\":\"ImageObject\",\"inLanguage\":\"fr-FR\",\"@id\":\"https:\\\/\\\/www.bellunopress.it\\\/#\\\/schema\\\/logo\\\/image\\\/\",\"url\":\"https:\\\/\\\/www.bellunopress.it\\\/wp-content\\\/uploads\\\/2011\\\/05\\\/cropped-logo-bellunopress-.jpg\",\"contentUrl\":\"https:\\\/\\\/www.bellunopress.it\\\/wp-content\\\/uploads\\\/2011\\\/05\\\/cropped-logo-bellunopress-.jpg\",\"width\":512,\"height\":512,\"caption\":\"Bellunopress\"},\"image\":{\"@id\":\"https:\\\/\\\/www.bellunopress.it\\\/#\\\/schema\\\/logo\\\/image\\\/\"},\"sameAs\":[\"https:\\\/\\\/www.facebook.com\\\/profile.php?id=100008943462799\",\"https:\\\/\\\/x.com\\\/bellunopress\",\"https:\\\/\\\/www.linkedin.com\\\/hp\\\/?dnr=JBzUWaJfMUw8vbXJJ2tVW5-I3jZKvC4wsoxE&amp;amp;amp;amp;amp;amp;trk=nav_responsive_tab_home\",\"https:\\\/\\\/www.youtube.com\\\/channel\\\/UCxL0wu1uN0_3_7hGG0306cw\"]},{\"@type\":\"Person\",\"@id\":\"https:\\\/\\\/www.bellunopress.it\\\/#\\\/schema\\\/person\\\/79bb06722b37ece1c03d3e94beb30d73\",\"name\":\"redazione\",\"image\":{\"@type\":\"ImageObject\",\"inLanguage\":\"fr-FR\",\"@id\":\"https:\\\/\\\/secure.gravatar.com\\\/avatar\\\/37d968a2e67a6fd04c169c4bdef102d0bc5d31b2546345219e348575eb80e9a0?s=96&d=mm&r=g\",\"url\":\"https:\\\/\\\/secure.gravatar.com\\\/avatar\\\/37d968a2e67a6fd04c169c4bdef102d0bc5d31b2546345219e348575eb80e9a0?s=96&d=mm&r=g\",\"contentUrl\":\"https:\\\/\\\/secure.gravatar.com\\\/avatar\\\/37d968a2e67a6fd04c169c4bdef102d0bc5d31b2546345219e348575eb80e9a0?s=96&d=mm&r=g\",\"caption\":\"redazione\"},\"sameAs\":[\"http:\\\/\\\/www.bellunopress.it\",\"https:\\\/\\\/x.com\\\/bellunopress\"],\"url\":\"https:\\\/\\\/www.bellunopress.it\\\/fr\\\/author\\\/redazione\\\/\"}]}<\/script>\n<!-- \/ Yoast SEO plugin. -->","yoast_head_json":{"title":"Assi e Comitato Pian dei Castaldi insieme per la solidariet\u00e0  - Bellunopress - Dolomiti","robots":{"index":"index","follow":"follow","max-snippet":"max-snippet:-1","max-image-preview":"max-image-preview:large","max-video-preview":"max-video-preview:-1"},"canonical":"https:\/\/www.bellunopress.it\/fr\/2010\/01\/20\/assi-e-comitato-pian-dei-castaldi-insieme-per-la-solidarieta\/","og_locale":"fr_FR","og_type":"article","og_title":"Assi e Comitato Pian dei Castaldi insieme per la solidariet\u00e0  - Bellunopress - Dolomiti","og_description":"Quando sono animate dalla condivisione di valori e di obiettivi, \u00e8 scontato che le diverse realt\u00e0 finiscano con alimentare rapporti sempre pi\u00f9 stretti. E\u2019 ci\u00f2 che \u00e8 successo, ad esempio, tra l\u2019associazione Assi e Comitato Baita Pian dei Castaldi. La scorsa estate, alla conclusione della manifestazione \u201cDona un sorriso 2009\u201d, il Comitato aveva deciso di [&hellip;]","og_url":"https:\/\/www.bellunopress.it\/fr\/2010\/01\/20\/assi-e-comitato-pian-dei-castaldi-insieme-per-la-solidarieta\/","og_site_name":"Bellunopress - Dolomiti","article_publisher":"https:\/\/www.facebook.com\/profile.php?id=100008943462799","article_published_time":"2010-01-20T21:16:39+00:00","og_image":[{"url":"http:\/\/www.bellunopress.it\/wp-content\/uploads\/2012\/07\/logo-bellunopress-250x250-2012.jpg","type":"","width":"","height":""}],"author":"redazione","twitter_card":"summary_large_image","twitter_creator":"@bellunopress","twitter_site":"@bellunopress","twitter_misc":{"\u00c9crit par":"redazione","Dur\u00e9e de lecture estim\u00e9e":"1 minute"},"schema":{"@context":"https:\/\/schema.org","@graph":[{"@type":"Article","@id":"https:\/\/www.bellunopress.it\/2010\/01\/20\/assi-e-comitato-pian-dei-castaldi-insieme-per-la-solidarieta\/#article","isPartOf":{"@id":"https:\/\/www.bellunopress.it\/2010\/01\/20\/assi-e-comitato-pian-dei-castaldi-insieme-per-la-solidarieta\/"},"author":{"name":"redazione","@id":"https:\/\/www.bellunopress.it\/#\/schema\/person\/79bb06722b37ece1c03d3e94beb30d73"},"headline":"Assi e Comitato Pian dei Castaldi insieme per la solidariet\u00e0","datePublished":"2010-01-20T21:16:39+00:00","mainEntityOfPage":{"@id":"https:\/\/www.bellunopress.it\/2010\/01\/20\/assi-e-comitato-pian-dei-castaldi-insieme-per-la-solidarieta\/"},"wordCount":304,"publisher":{"@id":"https:\/\/www.bellunopress.it\/#organization"},"articleSection":["Lettere Opinioni"],"inLanguage":"fr-FR"},{"@type":"WebPage","@id":"https:\/\/www.bellunopress.it\/2010\/01\/20\/assi-e-comitato-pian-dei-castaldi-insieme-per-la-solidarieta\/","url":"https:\/\/www.bellunopress.it\/2010\/01\/20\/assi-e-comitato-pian-dei-castaldi-insieme-per-la-solidarieta\/","name":"Assi e Comitato Pian dei Castaldi insieme per la solidariet\u00e0 - Bellunopress - Dolomiti","isPartOf":{"@id":"https:\/\/www.bellunopress.it\/#website"},"datePublished":"2010-01-20T21:16:39+00:00","breadcrumb":{"@id":"https:\/\/www.bellunopress.it\/2010\/01\/20\/assi-e-comitato-pian-dei-castaldi-insieme-per-la-solidarieta\/#breadcrumb"},"inLanguage":"fr-FR","potentialAction":[{"@type":"ReadAction","target":["https:\/\/www.bellunopress.it\/2010\/01\/20\/assi-e-comitato-pian-dei-castaldi-insieme-per-la-solidarieta\/"]}]},{"@type":"BreadcrumbList","@id":"https:\/\/www.bellunopress.it\/2010\/01\/20\/assi-e-comitato-pian-dei-castaldi-insieme-per-la-solidarieta\/#breadcrumb","itemListElement":[{"@type":"ListItem","position":1,"name":"Home","item":"https:\/\/www.bellunopress.it\/"},{"@type":"ListItem","position":2,"name":"Assi e Comitato Pian dei Castaldi insieme per la solidariet\u00e0"}]},{"@type":"WebSite","@id":"https:\/\/www.bellunopress.it\/#website","url":"https:\/\/www.bellunopress.it\/","name":"Bellunopress - Dolomiti","description":"e-mail: redazione@bellunopress.it","publisher":{"@id":"https:\/\/www.bellunopress.it\/#organization"},"potentialAction":[{"@type":"SearchAction","target":{"@type":"EntryPoint","urlTemplate":"https:\/\/www.bellunopress.it\/?s={search_term_string}"},"query-input":{"@type":"PropertyValueSpecification","valueRequired":true,"valueName":"search_term_string"}}],"inLanguage":"fr-FR"},{"@type":"Organization","@id":"https:\/\/www.bellunopress.it\/#organization","name":"Bellunopress","url":"https:\/\/www.bellunopress.it\/","logo":{"@type":"ImageObject","inLanguage":"fr-FR","@id":"https:\/\/www.bellunopress.it\/#\/schema\/logo\/image\/","url":"https:\/\/www.bellunopress.it\/wp-content\/uploads\/2011\/05\/cropped-logo-bellunopress-.jpg","contentUrl":"https:\/\/www.bellunopress.it\/wp-content\/uploads\/2011\/05\/cropped-logo-bellunopress-.jpg","width":512,"height":512,"caption":"Bellunopress"},"image":{"@id":"https:\/\/www.bellunopress.it\/#\/schema\/logo\/image\/"},"sameAs":["https:\/\/www.facebook.com\/profile.php?id=100008943462799","https:\/\/x.com\/bellunopress","https:\/\/www.linkedin.com\/hp\/?dnr=JBzUWaJfMUw8vbXJJ2tVW5-I3jZKvC4wsoxE&amp;amp;amp;amp;amp;amp;trk=nav_responsive_tab_home","https:\/\/www.youtube.com\/channel\/UCxL0wu1uN0_3_7hGG0306cw"]},{"@type":"Person","@id":"https:\/\/www.bellunopress.it\/#\/schema\/person\/79bb06722b37ece1c03d3e94beb30d73","name":"r\u00e9daction","image":{"@type":"ImageObject","inLanguage":"fr-FR","@id":"https:\/\/secure.gravatar.com\/avatar\/37d968a2e67a6fd04c169c4bdef102d0bc5d31b2546345219e348575eb80e9a0?s=96&d=mm&r=g","url":"https:\/\/secure.gravatar.com\/avatar\/37d968a2e67a6fd04c169c4bdef102d0bc5d31b2546345219e348575eb80e9a0?s=96&d=mm&r=g","contentUrl":"https:\/\/secure.gravatar.com\/avatar\/37d968a2e67a6fd04c169c4bdef102d0bc5d31b2546345219e348575eb80e9a0?s=96&d=mm&r=g","caption":"redazione"},"sameAs":["http:\/\/www.bellunopress.it","https:\/\/x.com\/bellunopress"],"url":"https:\/\/www.bellunopress.it\/fr\/author\/redazione\/"}]}},"_links":{"self":[{"href":"https:\/\/www.bellunopress.it\/fr\/wp-json\/wp\/v2\/posts\/11692","targetHints":{"allow":["GET"]}}],"collection":[{"href":"https:\/\/www.bellunopress.it\/fr\/wp-json\/wp\/v2\/posts"}],"about":[{"href":"https:\/\/www.bellunopress.it\/fr\/wp-json\/wp\/v2\/types\/post"}],"author":[{"embeddable":true,"href":"https:\/\/www.bellunopress.it\/fr\/wp-json\/wp\/v2\/users\/2"}],"replies":[{"embeddable":true,"href":"https:\/\/www.bellunopress.it\/fr\/wp-json\/wp\/v2\/comments?post=11692"}],"version-history":[{"count":1,"href":"https:\/\/www.bellunopress.it\/fr\/wp-json\/wp\/v2\/posts\/11692\/revisions"}],"predecessor-version":[{"id":11693,"href":"https:\/\/www.bellunopress.it\/fr\/wp-json\/wp\/v2\/posts\/11692\/revisions\/11693"}],"wp:attachment":[{"href":"https:\/\/www.bellunopress.it\/fr\/wp-json\/wp\/v2\/media?parent=11692"}],"wp:term":[{"taxonomy":"category","embeddable":true,"href":"https:\/\/www.bellunopress.it\/fr\/wp-json\/wp\/v2\/categories?post=11692"},{"taxonomy":"post_tag","embeddable":true,"href":"https:\/\/www.bellunopress.it\/fr\/wp-json\/wp\/v2\/tags?post=11692"}],"curies":[{"name":"wp","href":"https:\/\/api.w.org\/{rel}","templated":true}]}}