{"id":11689,"date":"2010-01-20T22:12:28","date_gmt":"2010-01-20T21:12:28","guid":{"rendered":"http:\/\/www.bellunopress.it\/?p=11689"},"modified":"2010-01-20T22:12:28","modified_gmt":"2010-01-20T21:12:28","slug":"sanita-di-montagna-il-circolo-agordino-pd-appoggia-i-sindaci-per-salvaguardare-lospedale-di-agordo","status":"publish","type":"post","link":"https:\/\/www.bellunopress.it\/fr\/2010\/01\/20\/sanita-di-montagna-il-circolo-agordino-pd-appoggia-i-sindaci-per-salvaguardare-lospedale-di-agordo\/","title":{"rendered":"Sanit\u00e0 di montagna, il Circolo agordino Pd appoggia i sindaci per salvaguardare l&#8217;Ospedale di Agordo"},"content":{"rendered":"<p>In merito ai recenti sviluppi sulla situazione dell\u2019ospedale di Agordo interviene\u00a0 il Circolo Agordino del Partito Democratico rappresentato da Christian Da Ronch, che &#8220;esprime il proprio appoggio all\u2019iniziativa dei Sindaci agordini nel sottolineare i problemi e le esigenze della sanit\u00e0 di montagna e nel rivendicare il mantenimento degli impegni assunti nel passato. Elogia l\u2019unit\u00e0 d\u2019intenti di tutti i Sindaci della vallata, indipendentemente dal proprio orientamento politico, e fa propria la considerazione, espressa anche dal Direttore Generale dell\u2019ULSS 1 Angonese, che la questione \u201cospedale di Agordo\u201d non deve essere campo di battaglia in vista delle prossime elezioni regionali, ma tavolo per un confronto costruttivo tra gli enti competenti per garantire adeguata ed efficiente assistenza sanitaria ai cittadini agordini e ai tanti turisti che frequentano la nostra valle. Sono necessarie, da parte di tutti, una stretta collaborazione e una condivisa progettualit\u00e0, anche a fronte di eventuali scelte diverse, ma mirate, che sappiano dare prospettive di breve, medio e lungo periodo all&#8217;ospedale agordino. Gli assessori regionali sono quindi i benvenuti in Agordino, in ogni tempo &#8211; conclude la nota &#8211;\u00a0 per verificare come si vive in montagna&#8221;.<\/p>","protected":false},"excerpt":{"rendered":"<p>In merito ai recenti sviluppi sulla situazione dell\u2019ospedale di Agordo interviene\u00a0 il Circolo Agordino del Partito Democratico rappresentato da Christian Da Ronch, che &#8220;esprime il proprio appoggio all\u2019iniziativa dei Sindaci agordini nel sottolineare i problemi e le esigenze della sanit\u00e0 di montagna e nel rivendicare il mantenimento degli impegni assunti nel passato. Elogia l\u2019unit\u00e0 d\u2019intenti [&hellip;]<\/p>\n","protected":false},"author":2,"featured_media":0,"comment_status":"closed","ping_status":"open","sticky":false,"template":"","format":"standard","meta":{"footnotes":""},"categories":[26,17],"tags":[3050],"class_list":["post-11689","post","type-post","status-publish","format-standard","category-prima-pagina","category-sanita","tag-sanita"],"yoast_head":"<!-- This site is optimized with the Yoast SEO plugin v28.4 - https:\/\/yoast.com\/product\/yoast-seo-wordpress\/ -->\n<title>Sanit\u00e0 di montagna, il Circolo agordino Pd appoggia i sindaci per salvaguardare l&#039;Ospedale di Agordo - Bellunopress - Dolomiti<\/title>\n<meta name=\"robots\" content=\"index, follow, max-snippet:-1, max-image-preview:large, max-video-preview:-1\" \/>\n<link rel=\"canonical\" href=\"https:\/\/www.bellunopress.it\/fr\/2010\/01\/20\/sanita-di-montagna-il-circolo-agordino-pd-appoggia-i-sindaci-per-salvaguardare-lospedale-di-agordo\/\" \/>\n<meta property=\"og:locale\" content=\"fr_FR\" \/>\n<meta property=\"og:type\" content=\"article\" \/>\n<meta property=\"og:title\" content=\"Sanit\u00e0 di montagna, il Circolo agordino Pd appoggia i sindaci per salvaguardare l&#039;Ospedale di Agordo - Bellunopress - Dolomiti\" \/>\n<meta property=\"og:description\" content=\"In merito ai recenti sviluppi sulla situazione dell\u2019ospedale di Agordo interviene\u00a0 il Circolo Agordino del Partito Democratico rappresentato da Christian Da Ronch, che &#8220;esprime il proprio appoggio all\u2019iniziativa dei Sindaci agordini nel sottolineare i problemi e le esigenze della sanit\u00e0 di montagna e nel rivendicare il mantenimento degli impegni assunti nel passato. Elogia l\u2019unit\u00e0 d\u2019intenti [&hellip;]\" \/>\n<meta property=\"og:url\" content=\"https:\/\/www.bellunopress.it\/fr\/2010\/01\/20\/sanita-di-montagna-il-circolo-agordino-pd-appoggia-i-sindaci-per-salvaguardare-lospedale-di-agordo\/\" \/>\n<meta property=\"og:site_name\" content=\"Bellunopress - Dolomiti\" \/>\n<meta property=\"article:publisher\" content=\"https:\/\/www.facebook.com\/profile.php?id=100008943462799\" \/>\n<meta property=\"article:published_time\" content=\"2010-01-20T21:12:28+00:00\" \/>\n<meta property=\"og:image\" content=\"http:\/\/www.bellunopress.it\/wp-content\/uploads\/2012\/07\/logo-bellunopress-250x250-2012.jpg\" \/>\n<meta name=\"author\" content=\"redazione\" \/>\n<meta name=\"twitter:card\" content=\"summary_large_image\" \/>\n<meta name=\"twitter:creator\" content=\"@bellunopress\" \/>\n<meta name=\"twitter:site\" content=\"@bellunopress\" \/>\n<meta name=\"twitter:label1\" content=\"\u00c9crit par\" \/>\n\t<meta name=\"twitter:data1\" content=\"redazione\" \/>\n\t<meta name=\"twitter:label2\" content=\"Dur\u00e9e de lecture estim\u00e9e\" \/>\n\t<meta name=\"twitter:data2\" content=\"1 minute\" \/>\n<script type=\"application\/ld+json\" class=\"yoast-schema-graph\">{\"@context\":\"https:\\\/\\\/schema.org\",\"@graph\":[{\"@type\":\"Article\",\"@id\":\"https:\\\/\\\/www.bellunopress.it\\\/2010\\\/01\\\/20\\\/sanita-di-montagna-il-circolo-agordino-pd-appoggia-i-sindaci-per-salvaguardare-lospedale-di-agordo\\\/#article\",\"isPartOf\":{\"@id\":\"https:\\\/\\\/www.bellunopress.it\\\/2010\\\/01\\\/20\\\/sanita-di-montagna-il-circolo-agordino-pd-appoggia-i-sindaci-per-salvaguardare-lospedale-di-agordo\\\/\"},\"author\":{\"name\":\"redazione\",\"@id\":\"https:\\\/\\\/www.bellunopress.it\\\/#\\\/schema\\\/person\\\/79bb06722b37ece1c03d3e94beb30d73\"},\"headline\":\"Sanit\u00e0 di montagna, il Circolo agordino Pd appoggia i sindaci per salvaguardare l&#8217;Ospedale di Agordo\",\"datePublished\":\"2010-01-20T21:12:28+00:00\",\"mainEntityOfPage\":{\"@id\":\"https:\\\/\\\/www.bellunopress.it\\\/2010\\\/01\\\/20\\\/sanita-di-montagna-il-circolo-agordino-pd-appoggia-i-sindaci-per-salvaguardare-lospedale-di-agordo\\\/\"},\"wordCount\":205,\"publisher\":{\"@id\":\"https:\\\/\\\/www.bellunopress.it\\\/#organization\"},\"keywords\":[\"Sanit\u00e0\"],\"articleSection\":[\"Prima Pagina\",\"Sanit\u00e0 Medicina\"],\"inLanguage\":\"fr-FR\"},{\"@type\":\"WebPage\",\"@id\":\"https:\\\/\\\/www.bellunopress.it\\\/2010\\\/01\\\/20\\\/sanita-di-montagna-il-circolo-agordino-pd-appoggia-i-sindaci-per-salvaguardare-lospedale-di-agordo\\\/\",\"url\":\"https:\\\/\\\/www.bellunopress.it\\\/2010\\\/01\\\/20\\\/sanita-di-montagna-il-circolo-agordino-pd-appoggia-i-sindaci-per-salvaguardare-lospedale-di-agordo\\\/\",\"name\":\"Sanit\u00e0 di montagna, il Circolo agordino Pd appoggia i sindaci per salvaguardare l'Ospedale di Agordo - Bellunopress - Dolomiti\",\"isPartOf\":{\"@id\":\"https:\\\/\\\/www.bellunopress.it\\\/#website\"},\"datePublished\":\"2010-01-20T21:12:28+00:00\",\"breadcrumb\":{\"@id\":\"https:\\\/\\\/www.bellunopress.it\\\/2010\\\/01\\\/20\\\/sanita-di-montagna-il-circolo-agordino-pd-appoggia-i-sindaci-per-salvaguardare-lospedale-di-agordo\\\/#breadcrumb\"},\"inLanguage\":\"fr-FR\",\"potentialAction\":[{\"@type\":\"ReadAction\",\"target\":[\"https:\\\/\\\/www.bellunopress.it\\\/2010\\\/01\\\/20\\\/sanita-di-montagna-il-circolo-agordino-pd-appoggia-i-sindaci-per-salvaguardare-lospedale-di-agordo\\\/\"]}]},{\"@type\":\"BreadcrumbList\",\"@id\":\"https:\\\/\\\/www.bellunopress.it\\\/2010\\\/01\\\/20\\\/sanita-di-montagna-il-circolo-agordino-pd-appoggia-i-sindaci-per-salvaguardare-lospedale-di-agordo\\\/#breadcrumb\",\"itemListElement\":[{\"@type\":\"ListItem\",\"position\":1,\"name\":\"Home\",\"item\":\"https:\\\/\\\/www.bellunopress.it\\\/\"},{\"@type\":\"ListItem\",\"position\":2,\"name\":\"Sanit\u00e0 di montagna, il Circolo agordino Pd appoggia i sindaci per salvaguardare l&#8217;Ospedale di Agordo\"}]},{\"@type\":\"WebSite\",\"@id\":\"https:\\\/\\\/www.bellunopress.it\\\/#website\",\"url\":\"https:\\\/\\\/www.bellunopress.it\\\/\",\"name\":\"Bellunopress - Dolomiti\",\"description\":\"e-mail: redazione@bellunopress.it\",\"publisher\":{\"@id\":\"https:\\\/\\\/www.bellunopress.it\\\/#organization\"},\"potentialAction\":[{\"@type\":\"SearchAction\",\"target\":{\"@type\":\"EntryPoint\",\"urlTemplate\":\"https:\\\/\\\/www.bellunopress.it\\\/?s={search_term_string}\"},\"query-input\":{\"@type\":\"PropertyValueSpecification\",\"valueRequired\":true,\"valueName\":\"search_term_string\"}}],\"inLanguage\":\"fr-FR\"},{\"@type\":\"Organization\",\"@id\":\"https:\\\/\\\/www.bellunopress.it\\\/#organization\",\"name\":\"Bellunopress\",\"url\":\"https:\\\/\\\/www.bellunopress.it\\\/\",\"logo\":{\"@type\":\"ImageObject\",\"inLanguage\":\"fr-FR\",\"@id\":\"https:\\\/\\\/www.bellunopress.it\\\/#\\\/schema\\\/logo\\\/image\\\/\",\"url\":\"https:\\\/\\\/www.bellunopress.it\\\/wp-content\\\/uploads\\\/2011\\\/05\\\/cropped-logo-bellunopress-.jpg\",\"contentUrl\":\"https:\\\/\\\/www.bellunopress.it\\\/wp-content\\\/uploads\\\/2011\\\/05\\\/cropped-logo-bellunopress-.jpg\",\"width\":512,\"height\":512,\"caption\":\"Bellunopress\"},\"image\":{\"@id\":\"https:\\\/\\\/www.bellunopress.it\\\/#\\\/schema\\\/logo\\\/image\\\/\"},\"sameAs\":[\"https:\\\/\\\/www.facebook.com\\\/profile.php?id=100008943462799\",\"https:\\\/\\\/x.com\\\/bellunopress\",\"https:\\\/\\\/www.linkedin.com\\\/hp\\\/?dnr=JBzUWaJfMUw8vbXJJ2tVW5-I3jZKvC4wsoxE&amp;amp;amp;amp;amp;amp;trk=nav_responsive_tab_home\",\"https:\\\/\\\/www.youtube.com\\\/channel\\\/UCxL0wu1uN0_3_7hGG0306cw\"]},{\"@type\":\"Person\",\"@id\":\"https:\\\/\\\/www.bellunopress.it\\\/#\\\/schema\\\/person\\\/79bb06722b37ece1c03d3e94beb30d73\",\"name\":\"redazione\",\"image\":{\"@type\":\"ImageObject\",\"inLanguage\":\"fr-FR\",\"@id\":\"https:\\\/\\\/secure.gravatar.com\\\/avatar\\\/37d968a2e67a6fd04c169c4bdef102d0bc5d31b2546345219e348575eb80e9a0?s=96&d=mm&r=g\",\"url\":\"https:\\\/\\\/secure.gravatar.com\\\/avatar\\\/37d968a2e67a6fd04c169c4bdef102d0bc5d31b2546345219e348575eb80e9a0?s=96&d=mm&r=g\",\"contentUrl\":\"https:\\\/\\\/secure.gravatar.com\\\/avatar\\\/37d968a2e67a6fd04c169c4bdef102d0bc5d31b2546345219e348575eb80e9a0?s=96&d=mm&r=g\",\"caption\":\"redazione\"},\"sameAs\":[\"http:\\\/\\\/www.bellunopress.it\",\"https:\\\/\\\/x.com\\\/bellunopress\"],\"url\":\"https:\\\/\\\/www.bellunopress.it\\\/fr\\\/author\\\/redazione\\\/\"}]}<\/script>\n<!-- \/ Yoast SEO plugin. -->","yoast_head_json":{"title":"Sanit\u00e0 di montagna, il Circolo agordino Pd appoggia i sindaci per salvaguardare l'Ospedale di Agordo - Bellunopress - Dolomiti","robots":{"index":"index","follow":"follow","max-snippet":"max-snippet:-1","max-image-preview":"max-image-preview:large","max-video-preview":"max-video-preview:-1"},"canonical":"https:\/\/www.bellunopress.it\/fr\/2010\/01\/20\/sanita-di-montagna-il-circolo-agordino-pd-appoggia-i-sindaci-per-salvaguardare-lospedale-di-agordo\/","og_locale":"fr_FR","og_type":"article","og_title":"Sanit\u00e0 di montagna, il Circolo agordino Pd appoggia i sindaci per salvaguardare l'Ospedale di Agordo - Bellunopress - Dolomiti","og_description":"In merito ai recenti sviluppi sulla situazione dell\u2019ospedale di Agordo interviene\u00a0 il Circolo Agordino del Partito Democratico rappresentato da Christian Da Ronch, che &#8220;esprime il proprio appoggio all\u2019iniziativa dei Sindaci agordini nel sottolineare i problemi e le esigenze della sanit\u00e0 di montagna e nel rivendicare il mantenimento degli impegni assunti nel passato. Elogia l\u2019unit\u00e0 d\u2019intenti [&hellip;]","og_url":"https:\/\/www.bellunopress.it\/fr\/2010\/01\/20\/sanita-di-montagna-il-circolo-agordino-pd-appoggia-i-sindaci-per-salvaguardare-lospedale-di-agordo\/","og_site_name":"Bellunopress - Dolomiti","article_publisher":"https:\/\/www.facebook.com\/profile.php?id=100008943462799","article_published_time":"2010-01-20T21:12:28+00:00","og_image":[{"url":"http:\/\/www.bellunopress.it\/wp-content\/uploads\/2012\/07\/logo-bellunopress-250x250-2012.jpg","type":"","width":"","height":""}],"author":"redazione","twitter_card":"summary_large_image","twitter_creator":"@bellunopress","twitter_site":"@bellunopress","twitter_misc":{"\u00c9crit par":"redazione","Dur\u00e9e de lecture estim\u00e9e":"1 minute"},"schema":{"@context":"https:\/\/schema.org","@graph":[{"@type":"Article","@id":"https:\/\/www.bellunopress.it\/2010\/01\/20\/sanita-di-montagna-il-circolo-agordino-pd-appoggia-i-sindaci-per-salvaguardare-lospedale-di-agordo\/#article","isPartOf":{"@id":"https:\/\/www.bellunopress.it\/2010\/01\/20\/sanita-di-montagna-il-circolo-agordino-pd-appoggia-i-sindaci-per-salvaguardare-lospedale-di-agordo\/"},"author":{"name":"redazione","@id":"https:\/\/www.bellunopress.it\/#\/schema\/person\/79bb06722b37ece1c03d3e94beb30d73"},"headline":"Sanit\u00e0 di montagna, il Circolo agordino Pd appoggia i sindaci per salvaguardare l&#8217;Ospedale di Agordo","datePublished":"2010-01-20T21:12:28+00:00","mainEntityOfPage":{"@id":"https:\/\/www.bellunopress.it\/2010\/01\/20\/sanita-di-montagna-il-circolo-agordino-pd-appoggia-i-sindaci-per-salvaguardare-lospedale-di-agordo\/"},"wordCount":205,"publisher":{"@id":"https:\/\/www.bellunopress.it\/#organization"},"keywords":["Sanit\u00e0"],"articleSection":["Prima Pagina","Sanit\u00e0 Medicina"],"inLanguage":"fr-FR"},{"@type":"WebPage","@id":"https:\/\/www.bellunopress.it\/2010\/01\/20\/sanita-di-montagna-il-circolo-agordino-pd-appoggia-i-sindaci-per-salvaguardare-lospedale-di-agordo\/","url":"https:\/\/www.bellunopress.it\/2010\/01\/20\/sanita-di-montagna-il-circolo-agordino-pd-appoggia-i-sindaci-per-salvaguardare-lospedale-di-agordo\/","name":"Sanit\u00e0 di montagna, il Circolo agordino Pd appoggia i sindaci per salvaguardare l'Ospedale di Agordo - Bellunopress - Dolomiti","isPartOf":{"@id":"https:\/\/www.bellunopress.it\/#website"},"datePublished":"2010-01-20T21:12:28+00:00","breadcrumb":{"@id":"https:\/\/www.bellunopress.it\/2010\/01\/20\/sanita-di-montagna-il-circolo-agordino-pd-appoggia-i-sindaci-per-salvaguardare-lospedale-di-agordo\/#breadcrumb"},"inLanguage":"fr-FR","potentialAction":[{"@type":"ReadAction","target":["https:\/\/www.bellunopress.it\/2010\/01\/20\/sanita-di-montagna-il-circolo-agordino-pd-appoggia-i-sindaci-per-salvaguardare-lospedale-di-agordo\/"]}]},{"@type":"BreadcrumbList","@id":"https:\/\/www.bellunopress.it\/2010\/01\/20\/sanita-di-montagna-il-circolo-agordino-pd-appoggia-i-sindaci-per-salvaguardare-lospedale-di-agordo\/#breadcrumb","itemListElement":[{"@type":"ListItem","position":1,"name":"Home","item":"https:\/\/www.bellunopress.it\/"},{"@type":"ListItem","position":2,"name":"Sanit\u00e0 di montagna, il Circolo agordino Pd appoggia i sindaci per salvaguardare l&#8217;Ospedale di Agordo"}]},{"@type":"WebSite","@id":"https:\/\/www.bellunopress.it\/#website","url":"https:\/\/www.bellunopress.it\/","name":"Bellunopress - Dolomiti","description":"e-mail: redazione@bellunopress.it","publisher":{"@id":"https:\/\/www.bellunopress.it\/#organization"},"potentialAction":[{"@type":"SearchAction","target":{"@type":"EntryPoint","urlTemplate":"https:\/\/www.bellunopress.it\/?s={search_term_string}"},"query-input":{"@type":"PropertyValueSpecification","valueRequired":true,"valueName":"search_term_string"}}],"inLanguage":"fr-FR"},{"@type":"Organization","@id":"https:\/\/www.bellunopress.it\/#organization","name":"Bellunopress","url":"https:\/\/www.bellunopress.it\/","logo":{"@type":"ImageObject","inLanguage":"fr-FR","@id":"https:\/\/www.bellunopress.it\/#\/schema\/logo\/image\/","url":"https:\/\/www.bellunopress.it\/wp-content\/uploads\/2011\/05\/cropped-logo-bellunopress-.jpg","contentUrl":"https:\/\/www.bellunopress.it\/wp-content\/uploads\/2011\/05\/cropped-logo-bellunopress-.jpg","width":512,"height":512,"caption":"Bellunopress"},"image":{"@id":"https:\/\/www.bellunopress.it\/#\/schema\/logo\/image\/"},"sameAs":["https:\/\/www.facebook.com\/profile.php?id=100008943462799","https:\/\/x.com\/bellunopress","https:\/\/www.linkedin.com\/hp\/?dnr=JBzUWaJfMUw8vbXJJ2tVW5-I3jZKvC4wsoxE&amp;amp;amp;amp;amp;amp;trk=nav_responsive_tab_home","https:\/\/www.youtube.com\/channel\/UCxL0wu1uN0_3_7hGG0306cw"]},{"@type":"Person","@id":"https:\/\/www.bellunopress.it\/#\/schema\/person\/79bb06722b37ece1c03d3e94beb30d73","name":"r\u00e9daction","image":{"@type":"ImageObject","inLanguage":"fr-FR","@id":"https:\/\/secure.gravatar.com\/avatar\/37d968a2e67a6fd04c169c4bdef102d0bc5d31b2546345219e348575eb80e9a0?s=96&d=mm&r=g","url":"https:\/\/secure.gravatar.com\/avatar\/37d968a2e67a6fd04c169c4bdef102d0bc5d31b2546345219e348575eb80e9a0?s=96&d=mm&r=g","contentUrl":"https:\/\/secure.gravatar.com\/avatar\/37d968a2e67a6fd04c169c4bdef102d0bc5d31b2546345219e348575eb80e9a0?s=96&d=mm&r=g","caption":"redazione"},"sameAs":["http:\/\/www.bellunopress.it","https:\/\/x.com\/bellunopress"],"url":"https:\/\/www.bellunopress.it\/fr\/author\/redazione\/"}]}},"_links":{"self":[{"href":"https:\/\/www.bellunopress.it\/fr\/wp-json\/wp\/v2\/posts\/11689","targetHints":{"allow":["GET"]}}],"collection":[{"href":"https:\/\/www.bellunopress.it\/fr\/wp-json\/wp\/v2\/posts"}],"about":[{"href":"https:\/\/www.bellunopress.it\/fr\/wp-json\/wp\/v2\/types\/post"}],"author":[{"embeddable":true,"href":"https:\/\/www.bellunopress.it\/fr\/wp-json\/wp\/v2\/users\/2"}],"replies":[{"embeddable":true,"href":"https:\/\/www.bellunopress.it\/fr\/wp-json\/wp\/v2\/comments?post=11689"}],"version-history":[{"count":1,"href":"https:\/\/www.bellunopress.it\/fr\/wp-json\/wp\/v2\/posts\/11689\/revisions"}],"predecessor-version":[{"id":11691,"href":"https:\/\/www.bellunopress.it\/fr\/wp-json\/wp\/v2\/posts\/11689\/revisions\/11691"}],"wp:attachment":[{"href":"https:\/\/www.bellunopress.it\/fr\/wp-json\/wp\/v2\/media?parent=11689"}],"wp:term":[{"taxonomy":"category","embeddable":true,"href":"https:\/\/www.bellunopress.it\/fr\/wp-json\/wp\/v2\/categories?post=11689"},{"taxonomy":"post_tag","embeddable":true,"href":"https:\/\/www.bellunopress.it\/fr\/wp-json\/wp\/v2\/tags?post=11689"}],"curies":[{"name":"wp","href":"https:\/\/api.w.org\/{rel}","templated":true}]}}