{"id":11686,"date":"2010-01-20T21:53:16","date_gmt":"2010-01-20T20:53:16","guid":{"rendered":"http:\/\/www.bellunopress.it\/?p=11686"},"modified":"2010-01-20T21:53:16","modified_gmt":"2010-01-20T20:53:16","slug":"cortina-mostra-di-antichi-strumenti-musicali","status":"publish","type":"post","link":"https:\/\/www.bellunopress.it\/fr\/2010\/01\/20\/cortina-mostra-di-antichi-strumenti-musicali\/","title":{"rendered":"Cortina: mostra di antichi strumenti musicali"},"content":{"rendered":"<p><a href=\"http:\/\/www.bellunopress.it\/wp-content\/uploads\/2010\/01\/organistrum.jpg\"><img loading=\"lazy\" decoding=\"async\" class=\"alignleft size-medium wp-image-11687\" title=\"organistrum\" src=\"http:\/\/www.bellunopress.it\/wp-content\/uploads\/2010\/01\/organistrum.jpg\" alt=\"\" width=\"179\" height=\"270\" \/><\/a>Dal 30 gennaio, presso i locali del palazzo storico dell\u2019ex Municipio di Cortina d\u2019Ampezzo, una importante mostra espone antichi oggetti sonori costruiti tra il X e il XVIII secolo, strumenti preziosi perch\u00e9 depositari di antichi mestieri e storici repertori musicali. Suddivisa in tre sezioni, ordinate secondo la tipologia prevalente degli strumenti raggruppati in ordine di et\u00e0, la mostra\u00a0 presenta oggetti a tastiera, a corde e a insufflazione naturale, in particolare flauti e strumenti ad ancia. Alle tre sezioni cos\u00ec articolate fanno da corollario alcuni esemplari di strumenti a percussione d\u2019epoca medievale e rinascimentale. Anticamente lo strumento sonoro non costituisce soltanto un oggetto finalizzato all\u2019esecuzione musicale ma rappresenta anche un importante elemento d\u2019arredo, un simbolo d\u2019appartenenza\u00a0 culturale o sociale per coloro che ne dispongono. Retrocedendo nel tempo sino all\u2019et\u00e0 medievale, si constata inoltre che spesso lo strumento musicale \u00e8 direttamente a contatto con il corpo umano: appoggiato alle ginocchia \u2013 cos\u00ec era per l\u2019organo, nella sua accezione di organo portatile e per il salterio, progenitore degli strumenti cordofoni da tasto; imbracciato ad altezza del petto \u2013 l\u2019arpa e gli strumenti congeneri; imboccato per permetterne l\u2019alimentazione tramite il soffio e sorretto dalle braccia \u2013 i tubi sonori in generale; ancorato ai fianchi o a tracolla \u2013 la symfonia e tamburo. In tutti questi casi lo strumento musicale risulta parte integrante di chi lo utilizza e gli d\u00e0 vita nei contesti religiosi e sociali cui partecipa animandoli. Spesso l\u2019uso dello strumento sottolineava il canto eseguito dal medesimo sonatore, come prevedeva l\u2019antica prassi del cantare e suonare insieme, ampiamente attestata in ambito iconografico e letterario. Con il passaggio dal Medioevo al Rinascimento, conformemente all\u2019evoluzione della scrittura, della pratica e delle aspettative musicali, e con la progressiva estensione degli strumenti tramite nuove ricerche e conquiste in ambito costruttivo, questi si ampliano, si rinforzano, talora si appesantiscono, guadagnando in sonorit\u00e0 e possibilit\u00e0 tecniche offerte all\u2019esecutore, ed emancipandosi, in particolare nel caso degli strumenti da tasto, dal sostegno umano. \u00c8 il caso del clavicembalo e dell\u2019organo, che diventeranno oggetti a se stanti, spesso veri e propri pezzi d\u2019arredamento riccamente decorati sia all\u2019interno che all\u2019esterno. L\u2019esposizione di strumenti da tasto e con tastiera, indicativamente compresi fra il Mille e l\u2019inizio del XVII secolo, consente di valutarne in concreto il processo evolutivo, sia all\u2019interno del medesimo tipo costruttivo \u2013 ad esempio l\u2019organo \u2013 sia nel rapporto di filiazione o parentela fra pi\u00f9 esemplari differenti \u2013 \u00e8 il caso di organistrum e ghironda. La comparazione, resa possibile dalla compresenza degli oggetti nella medesima sede, consente inoltre di valutare i casi pi\u00f9 complessi di derivazione e di affinit\u00e0, come avviene per quegli strumenti che inglobano in s\u00e9 pi\u00f9 d\u2019un principio costruttivo e d\u2019un mezzo di produzione del suono, ad esempio la corda e il tasto, o che prevedevano pi\u00f9 tecniche esecutive: \u00e8 questo il caso del pizzico e dell\u2019arco. L\u2019allestimento, a cura della Dott.ssa Elena Modena e del Prof. Ilario Gregoletto, rientra nel progetto Luoghi dello Spirito e dell\u2019Arte ideato dal Centro Studi Claviere di Vittorio Veneto, con il patrocinio e il contributo della Regione del Veneto e del Comune di Cortina d\u2019Ampezzo.<br \/>\nOrario: tutti i giorni escluso il luned\u00ec, dalle 14.00 alle 19.30.<br \/>\nVisite guidate a cura di Stefania Zardini Lacedelli, anche per gruppi e scolaresche.<br \/>\nInfo: Centro Studi Claviere: 0438\/57614 \u2013 340\/2122409 &#8211; <a href=\"mailto:claviere@alice.it\">claviere@alice.it<\/a><br \/>\nStefania Zardini Lacedelli: 333\/1651542 &#8211; <a href=\"mailto:steffyzl@libero.it\">steffyzl@libero.it<\/a><\/p>","protected":false},"excerpt":{"rendered":"<p>Dal 30 gennaio, presso i locali del palazzo storico dell\u2019ex Municipio di Cortina d\u2019Ampezzo, una importante mostra espone antichi oggetti sonori costruiti tra il X e il XVIII secolo, strumenti preziosi perch\u00e9 depositari di antichi mestieri e storici repertori musicali. Suddivisa in tre sezioni, ordinate secondo la tipologia prevalente degli strumenti raggruppati in ordine di [&hellip;]<\/p>\n","protected":false},"author":2,"featured_media":0,"comment_status":"closed","ping_status":"open","sticky":false,"template":"","format":"standard","meta":{"footnotes":""},"categories":[3,25],"tags":[139],"class_list":["post-11686","post","type-post","status-publish","format-standard","category-arte-cultura-spettacoli-scienza-archivi","category-pausa-caffe","tag-belluno"],"yoast_head":"<!-- This site is optimized with the Yoast SEO plugin v28.4 - https:\/\/yoast.com\/product\/yoast-seo-wordpress\/ -->\n<title>Cortina: mostra di antichi strumenti musicali - Bellunopress - Dolomiti<\/title>\n<meta name=\"robots\" content=\"index, follow, max-snippet:-1, max-image-preview:large, max-video-preview:-1\" \/>\n<link rel=\"canonical\" href=\"https:\/\/www.bellunopress.it\/fr\/2010\/01\/20\/cortina-mostra-di-antichi-strumenti-musicali\/\" \/>\n<meta property=\"og:locale\" content=\"fr_FR\" \/>\n<meta property=\"og:type\" content=\"article\" \/>\n<meta property=\"og:title\" content=\"Cortina: mostra di antichi strumenti musicali - Bellunopress - Dolomiti\" \/>\n<meta property=\"og:description\" content=\"Dal 30 gennaio, presso i locali del palazzo storico dell\u2019ex Municipio di Cortina d\u2019Ampezzo, una importante mostra espone antichi oggetti sonori costruiti tra il X e il XVIII secolo, strumenti preziosi perch\u00e9 depositari di antichi mestieri e storici repertori musicali. Suddivisa in tre sezioni, ordinate secondo la tipologia prevalente degli strumenti raggruppati in ordine di [&hellip;]\" \/>\n<meta property=\"og:url\" content=\"https:\/\/www.bellunopress.it\/fr\/2010\/01\/20\/cortina-mostra-di-antichi-strumenti-musicali\/\" \/>\n<meta property=\"og:site_name\" content=\"Bellunopress - Dolomiti\" \/>\n<meta property=\"article:publisher\" content=\"https:\/\/www.facebook.com\/profile.php?id=100008943462799\" \/>\n<meta property=\"article:published_time\" content=\"2010-01-20T20:53:16+00:00\" \/>\n<meta property=\"og:image\" content=\"http:\/\/www.bellunopress.it\/wp-content\/uploads\/2010\/01\/organistrum.jpg\" \/>\n<meta name=\"author\" content=\"redazione\" \/>\n<meta name=\"twitter:card\" content=\"summary_large_image\" \/>\n<meta name=\"twitter:creator\" content=\"@bellunopress\" \/>\n<meta name=\"twitter:site\" content=\"@bellunopress\" \/>\n<meta name=\"twitter:label1\" content=\"\u00c9crit par\" \/>\n\t<meta name=\"twitter:data1\" content=\"redazione\" \/>\n\t<meta name=\"twitter:label2\" content=\"Dur\u00e9e de lecture estim\u00e9e\" \/>\n\t<meta name=\"twitter:data2\" content=\"3 minutes\" \/>\n<script type=\"application\/ld+json\" class=\"yoast-schema-graph\">{\"@context\":\"https:\\\/\\\/schema.org\",\"@graph\":[{\"@type\":\"Article\",\"@id\":\"https:\\\/\\\/www.bellunopress.it\\\/2010\\\/01\\\/20\\\/cortina-mostra-di-antichi-strumenti-musicali\\\/#article\",\"isPartOf\":{\"@id\":\"https:\\\/\\\/www.bellunopress.it\\\/2010\\\/01\\\/20\\\/cortina-mostra-di-antichi-strumenti-musicali\\\/\"},\"author\":{\"name\":\"redazione\",\"@id\":\"https:\\\/\\\/www.bellunopress.it\\\/#\\\/schema\\\/person\\\/79bb06722b37ece1c03d3e94beb30d73\"},\"headline\":\"Cortina: mostra di antichi strumenti musicali\",\"datePublished\":\"2010-01-20T20:53:16+00:00\",\"mainEntityOfPage\":{\"@id\":\"https:\\\/\\\/www.bellunopress.it\\\/2010\\\/01\\\/20\\\/cortina-mostra-di-antichi-strumenti-musicali\\\/\"},\"wordCount\":572,\"publisher\":{\"@id\":\"https:\\\/\\\/www.bellunopress.it\\\/#organization\"},\"image\":{\"@id\":\"https:\\\/\\\/www.bellunopress.it\\\/2010\\\/01\\\/20\\\/cortina-mostra-di-antichi-strumenti-musicali\\\/#primaryimage\"},\"thumbnailUrl\":\"http:\\\/\\\/www.bellunopress.it\\\/wp-content\\\/uploads\\\/2010\\\/01\\\/organistrum.jpg\",\"keywords\":[\"Belluno\"],\"articleSection\":[\"Arte, Cultura, Spettacoli, Scienza\",\"Pausa Caff\u00e8\"],\"inLanguage\":\"fr-FR\"},{\"@type\":\"WebPage\",\"@id\":\"https:\\\/\\\/www.bellunopress.it\\\/2010\\\/01\\\/20\\\/cortina-mostra-di-antichi-strumenti-musicali\\\/\",\"url\":\"https:\\\/\\\/www.bellunopress.it\\\/2010\\\/01\\\/20\\\/cortina-mostra-di-antichi-strumenti-musicali\\\/\",\"name\":\"Cortina: mostra di antichi strumenti musicali - Bellunopress - Dolomiti\",\"isPartOf\":{\"@id\":\"https:\\\/\\\/www.bellunopress.it\\\/#website\"},\"primaryImageOfPage\":{\"@id\":\"https:\\\/\\\/www.bellunopress.it\\\/2010\\\/01\\\/20\\\/cortina-mostra-di-antichi-strumenti-musicali\\\/#primaryimage\"},\"image\":{\"@id\":\"https:\\\/\\\/www.bellunopress.it\\\/2010\\\/01\\\/20\\\/cortina-mostra-di-antichi-strumenti-musicali\\\/#primaryimage\"},\"thumbnailUrl\":\"http:\\\/\\\/www.bellunopress.it\\\/wp-content\\\/uploads\\\/2010\\\/01\\\/organistrum.jpg\",\"datePublished\":\"2010-01-20T20:53:16+00:00\",\"breadcrumb\":{\"@id\":\"https:\\\/\\\/www.bellunopress.it\\\/2010\\\/01\\\/20\\\/cortina-mostra-di-antichi-strumenti-musicali\\\/#breadcrumb\"},\"inLanguage\":\"fr-FR\",\"potentialAction\":[{\"@type\":\"ReadAction\",\"target\":[\"https:\\\/\\\/www.bellunopress.it\\\/2010\\\/01\\\/20\\\/cortina-mostra-di-antichi-strumenti-musicali\\\/\"]}]},{\"@type\":\"ImageObject\",\"inLanguage\":\"fr-FR\",\"@id\":\"https:\\\/\\\/www.bellunopress.it\\\/2010\\\/01\\\/20\\\/cortina-mostra-di-antichi-strumenti-musicali\\\/#primaryimage\",\"url\":\"http:\\\/\\\/www.bellunopress.it\\\/wp-content\\\/uploads\\\/2010\\\/01\\\/organistrum.jpg\",\"contentUrl\":\"http:\\\/\\\/www.bellunopress.it\\\/wp-content\\\/uploads\\\/2010\\\/01\\\/organistrum.jpg\"},{\"@type\":\"BreadcrumbList\",\"@id\":\"https:\\\/\\\/www.bellunopress.it\\\/2010\\\/01\\\/20\\\/cortina-mostra-di-antichi-strumenti-musicali\\\/#breadcrumb\",\"itemListElement\":[{\"@type\":\"ListItem\",\"position\":1,\"name\":\"Home\",\"item\":\"https:\\\/\\\/www.bellunopress.it\\\/\"},{\"@type\":\"ListItem\",\"position\":2,\"name\":\"Cortina: mostra di antichi strumenti musicali\"}]},{\"@type\":\"WebSite\",\"@id\":\"https:\\\/\\\/www.bellunopress.it\\\/#website\",\"url\":\"https:\\\/\\\/www.bellunopress.it\\\/\",\"name\":\"Bellunopress - Dolomiti\",\"description\":\"e-mail: redazione@bellunopress.it\",\"publisher\":{\"@id\":\"https:\\\/\\\/www.bellunopress.it\\\/#organization\"},\"potentialAction\":[{\"@type\":\"SearchAction\",\"target\":{\"@type\":\"EntryPoint\",\"urlTemplate\":\"https:\\\/\\\/www.bellunopress.it\\\/?s={search_term_string}\"},\"query-input\":{\"@type\":\"PropertyValueSpecification\",\"valueRequired\":true,\"valueName\":\"search_term_string\"}}],\"inLanguage\":\"fr-FR\"},{\"@type\":\"Organization\",\"@id\":\"https:\\\/\\\/www.bellunopress.it\\\/#organization\",\"name\":\"Bellunopress\",\"url\":\"https:\\\/\\\/www.bellunopress.it\\\/\",\"logo\":{\"@type\":\"ImageObject\",\"inLanguage\":\"fr-FR\",\"@id\":\"https:\\\/\\\/www.bellunopress.it\\\/#\\\/schema\\\/logo\\\/image\\\/\",\"url\":\"https:\\\/\\\/www.bellunopress.it\\\/wp-content\\\/uploads\\\/2011\\\/05\\\/cropped-logo-bellunopress-.jpg\",\"contentUrl\":\"https:\\\/\\\/www.bellunopress.it\\\/wp-content\\\/uploads\\\/2011\\\/05\\\/cropped-logo-bellunopress-.jpg\",\"width\":512,\"height\":512,\"caption\":\"Bellunopress\"},\"image\":{\"@id\":\"https:\\\/\\\/www.bellunopress.it\\\/#\\\/schema\\\/logo\\\/image\\\/\"},\"sameAs\":[\"https:\\\/\\\/www.facebook.com\\\/profile.php?id=100008943462799\",\"https:\\\/\\\/x.com\\\/bellunopress\",\"https:\\\/\\\/www.linkedin.com\\\/hp\\\/?dnr=JBzUWaJfMUw8vbXJJ2tVW5-I3jZKvC4wsoxE&amp;amp;amp;amp;amp;amp;trk=nav_responsive_tab_home\",\"https:\\\/\\\/www.youtube.com\\\/channel\\\/UCxL0wu1uN0_3_7hGG0306cw\"]},{\"@type\":\"Person\",\"@id\":\"https:\\\/\\\/www.bellunopress.it\\\/#\\\/schema\\\/person\\\/79bb06722b37ece1c03d3e94beb30d73\",\"name\":\"redazione\",\"image\":{\"@type\":\"ImageObject\",\"inLanguage\":\"fr-FR\",\"@id\":\"https:\\\/\\\/secure.gravatar.com\\\/avatar\\\/37d968a2e67a6fd04c169c4bdef102d0bc5d31b2546345219e348575eb80e9a0?s=96&d=mm&r=g\",\"url\":\"https:\\\/\\\/secure.gravatar.com\\\/avatar\\\/37d968a2e67a6fd04c169c4bdef102d0bc5d31b2546345219e348575eb80e9a0?s=96&d=mm&r=g\",\"contentUrl\":\"https:\\\/\\\/secure.gravatar.com\\\/avatar\\\/37d968a2e67a6fd04c169c4bdef102d0bc5d31b2546345219e348575eb80e9a0?s=96&d=mm&r=g\",\"caption\":\"redazione\"},\"sameAs\":[\"http:\\\/\\\/www.bellunopress.it\",\"https:\\\/\\\/x.com\\\/bellunopress\"],\"url\":\"https:\\\/\\\/www.bellunopress.it\\\/fr\\\/author\\\/redazione\\\/\"}]}<\/script>\n<!-- \/ Yoast SEO plugin. -->","yoast_head_json":{"title":"Cortina: mostra di antichi strumenti musicali - Bellunopress - Dolomiti","robots":{"index":"index","follow":"follow","max-snippet":"max-snippet:-1","max-image-preview":"max-image-preview:large","max-video-preview":"max-video-preview:-1"},"canonical":"https:\/\/www.bellunopress.it\/fr\/2010\/01\/20\/cortina-mostra-di-antichi-strumenti-musicali\/","og_locale":"fr_FR","og_type":"article","og_title":"Cortina: mostra di antichi strumenti musicali - Bellunopress - Dolomiti","og_description":"Dal 30 gennaio, presso i locali del palazzo storico dell\u2019ex Municipio di Cortina d\u2019Ampezzo, una importante mostra espone antichi oggetti sonori costruiti tra il X e il XVIII secolo, strumenti preziosi perch\u00e9 depositari di antichi mestieri e storici repertori musicali. Suddivisa in tre sezioni, ordinate secondo la tipologia prevalente degli strumenti raggruppati in ordine di [&hellip;]","og_url":"https:\/\/www.bellunopress.it\/fr\/2010\/01\/20\/cortina-mostra-di-antichi-strumenti-musicali\/","og_site_name":"Bellunopress - Dolomiti","article_publisher":"https:\/\/www.facebook.com\/profile.php?id=100008943462799","article_published_time":"2010-01-20T20:53:16+00:00","og_image":[{"url":"http:\/\/www.bellunopress.it\/wp-content\/uploads\/2010\/01\/organistrum.jpg","type":"","width":"","height":""}],"author":"redazione","twitter_card":"summary_large_image","twitter_creator":"@bellunopress","twitter_site":"@bellunopress","twitter_misc":{"\u00c9crit par":"redazione","Dur\u00e9e de lecture estim\u00e9e":"3 minutes"},"schema":{"@context":"https:\/\/schema.org","@graph":[{"@type":"Article","@id":"https:\/\/www.bellunopress.it\/2010\/01\/20\/cortina-mostra-di-antichi-strumenti-musicali\/#article","isPartOf":{"@id":"https:\/\/www.bellunopress.it\/2010\/01\/20\/cortina-mostra-di-antichi-strumenti-musicali\/"},"author":{"name":"redazione","@id":"https:\/\/www.bellunopress.it\/#\/schema\/person\/79bb06722b37ece1c03d3e94beb30d73"},"headline":"Cortina: mostra di antichi strumenti musicali","datePublished":"2010-01-20T20:53:16+00:00","mainEntityOfPage":{"@id":"https:\/\/www.bellunopress.it\/2010\/01\/20\/cortina-mostra-di-antichi-strumenti-musicali\/"},"wordCount":572,"publisher":{"@id":"https:\/\/www.bellunopress.it\/#organization"},"image":{"@id":"https:\/\/www.bellunopress.it\/2010\/01\/20\/cortina-mostra-di-antichi-strumenti-musicali\/#primaryimage"},"thumbnailUrl":"http:\/\/www.bellunopress.it\/wp-content\/uploads\/2010\/01\/organistrum.jpg","keywords":["Belluno"],"articleSection":["Arte, Cultura, Spettacoli, Scienza","Pausa Caff\u00e8"],"inLanguage":"fr-FR"},{"@type":"WebPage","@id":"https:\/\/www.bellunopress.it\/2010\/01\/20\/cortina-mostra-di-antichi-strumenti-musicali\/","url":"https:\/\/www.bellunopress.it\/2010\/01\/20\/cortina-mostra-di-antichi-strumenti-musicali\/","name":"Cortina: mostra di antichi strumenti musicali - Bellunopress - Dolomiti","isPartOf":{"@id":"https:\/\/www.bellunopress.it\/#website"},"primaryImageOfPage":{"@id":"https:\/\/www.bellunopress.it\/2010\/01\/20\/cortina-mostra-di-antichi-strumenti-musicali\/#primaryimage"},"image":{"@id":"https:\/\/www.bellunopress.it\/2010\/01\/20\/cortina-mostra-di-antichi-strumenti-musicali\/#primaryimage"},"thumbnailUrl":"http:\/\/www.bellunopress.it\/wp-content\/uploads\/2010\/01\/organistrum.jpg","datePublished":"2010-01-20T20:53:16+00:00","breadcrumb":{"@id":"https:\/\/www.bellunopress.it\/2010\/01\/20\/cortina-mostra-di-antichi-strumenti-musicali\/#breadcrumb"},"inLanguage":"fr-FR","potentialAction":[{"@type":"ReadAction","target":["https:\/\/www.bellunopress.it\/2010\/01\/20\/cortina-mostra-di-antichi-strumenti-musicali\/"]}]},{"@type":"ImageObject","inLanguage":"fr-FR","@id":"https:\/\/www.bellunopress.it\/2010\/01\/20\/cortina-mostra-di-antichi-strumenti-musicali\/#primaryimage","url":"http:\/\/www.bellunopress.it\/wp-content\/uploads\/2010\/01\/organistrum.jpg","contentUrl":"http:\/\/www.bellunopress.it\/wp-content\/uploads\/2010\/01\/organistrum.jpg"},{"@type":"BreadcrumbList","@id":"https:\/\/www.bellunopress.it\/2010\/01\/20\/cortina-mostra-di-antichi-strumenti-musicali\/#breadcrumb","itemListElement":[{"@type":"ListItem","position":1,"name":"Home","item":"https:\/\/www.bellunopress.it\/"},{"@type":"ListItem","position":2,"name":"Cortina: mostra di antichi strumenti musicali"}]},{"@type":"WebSite","@id":"https:\/\/www.bellunopress.it\/#website","url":"https:\/\/www.bellunopress.it\/","name":"Bellunopress - Dolomiti","description":"e-mail: redazione@bellunopress.it","publisher":{"@id":"https:\/\/www.bellunopress.it\/#organization"},"potentialAction":[{"@type":"SearchAction","target":{"@type":"EntryPoint","urlTemplate":"https:\/\/www.bellunopress.it\/?s={search_term_string}"},"query-input":{"@type":"PropertyValueSpecification","valueRequired":true,"valueName":"search_term_string"}}],"inLanguage":"fr-FR"},{"@type":"Organization","@id":"https:\/\/www.bellunopress.it\/#organization","name":"Bellunopress","url":"https:\/\/www.bellunopress.it\/","logo":{"@type":"ImageObject","inLanguage":"fr-FR","@id":"https:\/\/www.bellunopress.it\/#\/schema\/logo\/image\/","url":"https:\/\/www.bellunopress.it\/wp-content\/uploads\/2011\/05\/cropped-logo-bellunopress-.jpg","contentUrl":"https:\/\/www.bellunopress.it\/wp-content\/uploads\/2011\/05\/cropped-logo-bellunopress-.jpg","width":512,"height":512,"caption":"Bellunopress"},"image":{"@id":"https:\/\/www.bellunopress.it\/#\/schema\/logo\/image\/"},"sameAs":["https:\/\/www.facebook.com\/profile.php?id=100008943462799","https:\/\/x.com\/bellunopress","https:\/\/www.linkedin.com\/hp\/?dnr=JBzUWaJfMUw8vbXJJ2tVW5-I3jZKvC4wsoxE&amp;amp;amp;amp;amp;amp;trk=nav_responsive_tab_home","https:\/\/www.youtube.com\/channel\/UCxL0wu1uN0_3_7hGG0306cw"]},{"@type":"Person","@id":"https:\/\/www.bellunopress.it\/#\/schema\/person\/79bb06722b37ece1c03d3e94beb30d73","name":"r\u00e9daction","image":{"@type":"ImageObject","inLanguage":"fr-FR","@id":"https:\/\/secure.gravatar.com\/avatar\/37d968a2e67a6fd04c169c4bdef102d0bc5d31b2546345219e348575eb80e9a0?s=96&d=mm&r=g","url":"https:\/\/secure.gravatar.com\/avatar\/37d968a2e67a6fd04c169c4bdef102d0bc5d31b2546345219e348575eb80e9a0?s=96&d=mm&r=g","contentUrl":"https:\/\/secure.gravatar.com\/avatar\/37d968a2e67a6fd04c169c4bdef102d0bc5d31b2546345219e348575eb80e9a0?s=96&d=mm&r=g","caption":"redazione"},"sameAs":["http:\/\/www.bellunopress.it","https:\/\/x.com\/bellunopress"],"url":"https:\/\/www.bellunopress.it\/fr\/author\/redazione\/"}]}},"_links":{"self":[{"href":"https:\/\/www.bellunopress.it\/fr\/wp-json\/wp\/v2\/posts\/11686","targetHints":{"allow":["GET"]}}],"collection":[{"href":"https:\/\/www.bellunopress.it\/fr\/wp-json\/wp\/v2\/posts"}],"about":[{"href":"https:\/\/www.bellunopress.it\/fr\/wp-json\/wp\/v2\/types\/post"}],"author":[{"embeddable":true,"href":"https:\/\/www.bellunopress.it\/fr\/wp-json\/wp\/v2\/users\/2"}],"replies":[{"embeddable":true,"href":"https:\/\/www.bellunopress.it\/fr\/wp-json\/wp\/v2\/comments?post=11686"}],"version-history":[{"count":1,"href":"https:\/\/www.bellunopress.it\/fr\/wp-json\/wp\/v2\/posts\/11686\/revisions"}],"predecessor-version":[{"id":11688,"href":"https:\/\/www.bellunopress.it\/fr\/wp-json\/wp\/v2\/posts\/11686\/revisions\/11688"}],"wp:attachment":[{"href":"https:\/\/www.bellunopress.it\/fr\/wp-json\/wp\/v2\/media?parent=11686"}],"wp:term":[{"taxonomy":"category","embeddable":true,"href":"https:\/\/www.bellunopress.it\/fr\/wp-json\/wp\/v2\/categories?post=11686"},{"taxonomy":"post_tag","embeddable":true,"href":"https:\/\/www.bellunopress.it\/fr\/wp-json\/wp\/v2\/tags?post=11686"}],"curies":[{"name":"wp","href":"https:\/\/api.w.org\/{rel}","templated":true}]}}