{"id":11682,"date":"2010-01-20T21:23:42","date_gmt":"2010-01-20T20:23:42","guid":{"rendered":"http:\/\/www.bellunopress.it\/?p=11682"},"modified":"2010-01-20T21:23:42","modified_gmt":"2010-01-20T20:23:42","slug":"polizia-locale-il-bilancio-dellattivita-2009","status":"publish","type":"post","link":"https:\/\/www.bellunopress.it\/fr\/2010\/01\/20\/polizia-locale-il-bilancio-dellattivita-2009\/","title":{"rendered":"Polizia locale, il bilancio dell&#8217;attivit\u00e0 2009"},"content":{"rendered":"<p><a href=\"http:\/\/www.bellunopress.it\/wp-content\/uploads\/2010\/01\/gustavo-dalla-ca-polizia-locale.jpg\"><img loading=\"lazy\" decoding=\"async\" class=\"alignleft size-medium wp-image-11684\" title=\"gustavo-dalla-ca-polizia-locale\" src=\"http:\/\/www.bellunopress.it\/wp-content\/uploads\/2010\/01\/gustavo-dalla-ca-polizia-locale.jpg\" alt=\"\" width=\"260\" height=\"260\" srcset=\"https:\/\/www.bellunopress.it\/wp-content\/uploads\/2010\/01\/gustavo-dalla-ca-polizia-locale.jpg 260w, https:\/\/www.bellunopress.it\/wp-content\/uploads\/2010\/01\/gustavo-dalla-ca-polizia-locale-150x150.jpg 150w\" sizes=\"auto, (max-width: 260px) 100vw, 260px\" \/><\/a>Proseguono i consuntivi 2009 con la relazione di Gustavo Dalla C\u00e0, comandante della Polizia Locale di Belluno.<br \/>\n&#8220;Nel 2009 sono stati controllati 1989 veicoli e sono state elevate 9619 contravvenzioni; di queste 137\u00a0 per velocit\u00e0 pericolosa, 300 per divieti di sosta in spazi riservati ad invalidi, 89 per omessa revisione dei veicoli, 30 per guida con patenti \u201cscadute\u201d, 7 per guida senza patente, 189 per uso di cellulare durante la guida, 125 per mancato uso delle cinture di sicurezza, 47 per mancata copertura assicurativa del veicolo, che hanno portato alla confisca di 14 veicoli ed alla rottamazione di altri 12; 13sono state le patenti ritirate per guida in stato di ebbrezza; 3038 i punti patente decurtati; 80 sono stati gli incidenti stradali rilevati, con 43 feriti. Molto articolata, sempre nel 2009, \u00e8 stata l\u2019attivit\u00e0 di polizia commerciale\u00a0 in tutti i settori delle attivit\u00e0 produttive. Sono stati effettuati controlli settimanali sui mercati, controlli durante le fiere, controlli sui pubblici esercizi (bar, pizzerie, ristoranti), controlli sulle attivit\u00e0 commerciali; e sono state accertate 28 violazioni. Complessa l\u2019attivit\u00e0 di polizia giudiziaria che ha portato all\u2019emissione di informative all\u2019Autorit\u00e0 Giudiziaria; a 8 sequestri penali e a 71 indagini per altre attivit\u00e0, all\u2019identificazione di oltre 100 persone straniere con 7 rilievi fotodattiloscopici\u00a0 e 3 denunce.\u00a0\u00a0 Particolare attenzione \u00e8 stata posta all\u2019espletamento dei corsi di educazione stradale nelle Scuole (materne, elementari e medie inferiori), per un impegno complessivo di circa 150 ore, durante le quali abbiamo cercato di insegnare non solo il Codice della Strada, la segnaletica, le norme di circolazione ma anche e soprattutto l\u2019educazione al rispetto del valore della vita propria ed altrui, alla comprensione delle regole, che disciplinano la circolazione stradale, e alla condivisione dei principi che stanno alla base del vivere comune. Per quanto riguarda il futuro, essendo stato inserito il Comune di Belluno nella lista dei 29 comuni italiani campione , daremo seguito al progetto \u201c Drugs on street: no crash \u201c\u00a0 elaborato dal Dipartimento Politiche Antidroga della Presidenza del Consiglio dei Ministri, con l\u2019intento di ridurre e contrastare il fenomeno della guida sotto effetto dell\u2019alcol e delle sostanze stupefacenti, in condizioni psicofisiche alterate e non idonee alla guida. Tale progetto sar\u00e0 attuato in collaborazione\u00a0 e coordinamento operativo con la Prefettura e sar\u00e0 caratterizzato dall\u2019esecuzione di accertamenti specifici sui conducenti fermati durante i controlli su strada, finalizzati a valutare l\u2019eventuale assunzione di alcol o droghe. Si dar\u00e0 seguito anche al progetto regionale di \u201cZonizzazione\u201d, con l\u2019accorpamento del distretto di Polizia Locale,\u00a0 che comprende Belluno e Ponte nelle Alpi , con il distretto che comprende, Longarone, Soverzene,\u00a0 Castellavazzo, Ospitale di Cadore, Forno di Zoldo, Zopp\u00e8 e Zoldo Alto per formare un unico distretto con l\u2019obiettivo di avere una Polizia Locale pi\u00f9 efficiente e pi\u00f9 presente sul territorio, grazie all\u2019aggregazione di risorse e mezzi&#8221;.<\/p>","protected":false},"excerpt":{"rendered":"<p>Proseguono i consuntivi 2009 con la relazione di Gustavo Dalla C\u00e0, comandante della Polizia Locale di Belluno. &#8220;Nel 2009 sono stati controllati 1989 veicoli e sono state elevate 9619 contravvenzioni; di queste 137\u00a0 per velocit\u00e0 pericolosa, 300 per divieti di sosta in spazi riservati ad invalidi, 89 per omessa revisione dei veicoli, 30 per guida [&hellip;]<\/p>\n","protected":false},"author":2,"featured_media":0,"comment_status":"closed","ping_status":"open","sticky":false,"template":"","format":"standard","meta":{"footnotes":""},"categories":[5,26],"tags":[139,151,2262],"class_list":["post-11682","post","type-post","status-publish","format-standard","category-cronaca","category-prima-pagina","tag-belluno","tag-cadore","tag-zoldo"],"yoast_head":"<!-- This site is optimized with the Yoast SEO plugin v28.4 - https:\/\/yoast.com\/product\/yoast-seo-wordpress\/ -->\n<title>Polizia locale, il bilancio dell&#039;attivit\u00e0 2009 - Bellunopress - Dolomiti<\/title>\n<meta name=\"robots\" content=\"index, follow, max-snippet:-1, max-image-preview:large, max-video-preview:-1\" \/>\n<link rel=\"canonical\" href=\"https:\/\/www.bellunopress.it\/fr\/2010\/01\/20\/polizia-locale-il-bilancio-dellattivita-2009\/\" \/>\n<meta property=\"og:locale\" content=\"fr_FR\" \/>\n<meta property=\"og:type\" content=\"article\" \/>\n<meta property=\"og:title\" content=\"Polizia locale, il bilancio dell&#039;attivit\u00e0 2009 - Bellunopress - Dolomiti\" \/>\n<meta property=\"og:description\" content=\"Proseguono i consuntivi 2009 con la relazione di Gustavo Dalla C\u00e0, comandante della Polizia Locale di Belluno. &#8220;Nel 2009 sono stati controllati 1989 veicoli e sono state elevate 9619 contravvenzioni; di queste 137\u00a0 per velocit\u00e0 pericolosa, 300 per divieti di sosta in spazi riservati ad invalidi, 89 per omessa revisione dei veicoli, 30 per guida [&hellip;]\" \/>\n<meta property=\"og:url\" content=\"https:\/\/www.bellunopress.it\/fr\/2010\/01\/20\/polizia-locale-il-bilancio-dellattivita-2009\/\" \/>\n<meta property=\"og:site_name\" content=\"Bellunopress - Dolomiti\" \/>\n<meta property=\"article:publisher\" content=\"https:\/\/www.facebook.com\/profile.php?id=100008943462799\" \/>\n<meta property=\"article:published_time\" content=\"2010-01-20T20:23:42+00:00\" \/>\n<meta property=\"og:image\" content=\"http:\/\/www.bellunopress.it\/wp-content\/uploads\/2010\/01\/gustavo-dalla-ca-polizia-locale.jpg\" \/>\n<meta name=\"author\" content=\"redazione\" \/>\n<meta name=\"twitter:card\" content=\"summary_large_image\" \/>\n<meta name=\"twitter:creator\" content=\"@bellunopress\" \/>\n<meta name=\"twitter:site\" content=\"@bellunopress\" \/>\n<meta name=\"twitter:label1\" content=\"\u00c9crit par\" \/>\n\t<meta name=\"twitter:data1\" content=\"redazione\" \/>\n\t<meta name=\"twitter:label2\" content=\"Dur\u00e9e de lecture estim\u00e9e\" \/>\n\t<meta name=\"twitter:data2\" content=\"2 minutes\" \/>\n<script type=\"application\/ld+json\" class=\"yoast-schema-graph\">{\"@context\":\"https:\\\/\\\/schema.org\",\"@graph\":[{\"@type\":\"Article\",\"@id\":\"https:\\\/\\\/www.bellunopress.it\\\/2010\\\/01\\\/20\\\/polizia-locale-il-bilancio-dellattivita-2009\\\/#article\",\"isPartOf\":{\"@id\":\"https:\\\/\\\/www.bellunopress.it\\\/2010\\\/01\\\/20\\\/polizia-locale-il-bilancio-dellattivita-2009\\\/\"},\"author\":{\"name\":\"redazione\",\"@id\":\"https:\\\/\\\/www.bellunopress.it\\\/#\\\/schema\\\/person\\\/79bb06722b37ece1c03d3e94beb30d73\"},\"headline\":\"Polizia locale, il bilancio dell&#8217;attivit\u00e0 2009\",\"datePublished\":\"2010-01-20T20:23:42+00:00\",\"mainEntityOfPage\":{\"@id\":\"https:\\\/\\\/www.bellunopress.it\\\/2010\\\/01\\\/20\\\/polizia-locale-il-bilancio-dellattivita-2009\\\/\"},\"wordCount\":448,\"publisher\":{\"@id\":\"https:\\\/\\\/www.bellunopress.it\\\/#organization\"},\"image\":{\"@id\":\"https:\\\/\\\/www.bellunopress.it\\\/2010\\\/01\\\/20\\\/polizia-locale-il-bilancio-dellattivita-2009\\\/#primaryimage\"},\"thumbnailUrl\":\"http:\\\/\\\/www.bellunopress.it\\\/wp-content\\\/uploads\\\/2010\\\/01\\\/gustavo-dalla-ca-polizia-locale.jpg\",\"keywords\":[\"Belluno\",\"Cadore\",\"zoldo\"],\"articleSection\":[\"Cronaca\\\/Politica\",\"Prima Pagina\"],\"inLanguage\":\"fr-FR\"},{\"@type\":\"WebPage\",\"@id\":\"https:\\\/\\\/www.bellunopress.it\\\/2010\\\/01\\\/20\\\/polizia-locale-il-bilancio-dellattivita-2009\\\/\",\"url\":\"https:\\\/\\\/www.bellunopress.it\\\/2010\\\/01\\\/20\\\/polizia-locale-il-bilancio-dellattivita-2009\\\/\",\"name\":\"Polizia locale, il bilancio dell'attivit\u00e0 2009 - Bellunopress - Dolomiti\",\"isPartOf\":{\"@id\":\"https:\\\/\\\/www.bellunopress.it\\\/#website\"},\"primaryImageOfPage\":{\"@id\":\"https:\\\/\\\/www.bellunopress.it\\\/2010\\\/01\\\/20\\\/polizia-locale-il-bilancio-dellattivita-2009\\\/#primaryimage\"},\"image\":{\"@id\":\"https:\\\/\\\/www.bellunopress.it\\\/2010\\\/01\\\/20\\\/polizia-locale-il-bilancio-dellattivita-2009\\\/#primaryimage\"},\"thumbnailUrl\":\"http:\\\/\\\/www.bellunopress.it\\\/wp-content\\\/uploads\\\/2010\\\/01\\\/gustavo-dalla-ca-polizia-locale.jpg\",\"datePublished\":\"2010-01-20T20:23:42+00:00\",\"breadcrumb\":{\"@id\":\"https:\\\/\\\/www.bellunopress.it\\\/2010\\\/01\\\/20\\\/polizia-locale-il-bilancio-dellattivita-2009\\\/#breadcrumb\"},\"inLanguage\":\"fr-FR\",\"potentialAction\":[{\"@type\":\"ReadAction\",\"target\":[\"https:\\\/\\\/www.bellunopress.it\\\/2010\\\/01\\\/20\\\/polizia-locale-il-bilancio-dellattivita-2009\\\/\"]}]},{\"@type\":\"ImageObject\",\"inLanguage\":\"fr-FR\",\"@id\":\"https:\\\/\\\/www.bellunopress.it\\\/2010\\\/01\\\/20\\\/polizia-locale-il-bilancio-dellattivita-2009\\\/#primaryimage\",\"url\":\"http:\\\/\\\/www.bellunopress.it\\\/wp-content\\\/uploads\\\/2010\\\/01\\\/gustavo-dalla-ca-polizia-locale.jpg\",\"contentUrl\":\"http:\\\/\\\/www.bellunopress.it\\\/wp-content\\\/uploads\\\/2010\\\/01\\\/gustavo-dalla-ca-polizia-locale.jpg\"},{\"@type\":\"BreadcrumbList\",\"@id\":\"https:\\\/\\\/www.bellunopress.it\\\/2010\\\/01\\\/20\\\/polizia-locale-il-bilancio-dellattivita-2009\\\/#breadcrumb\",\"itemListElement\":[{\"@type\":\"ListItem\",\"position\":1,\"name\":\"Home\",\"item\":\"https:\\\/\\\/www.bellunopress.it\\\/\"},{\"@type\":\"ListItem\",\"position\":2,\"name\":\"Polizia locale, il bilancio dell&#8217;attivit\u00e0 2009\"}]},{\"@type\":\"WebSite\",\"@id\":\"https:\\\/\\\/www.bellunopress.it\\\/#website\",\"url\":\"https:\\\/\\\/www.bellunopress.it\\\/\",\"name\":\"Bellunopress - Dolomiti\",\"description\":\"e-mail: redazione@bellunopress.it\",\"publisher\":{\"@id\":\"https:\\\/\\\/www.bellunopress.it\\\/#organization\"},\"potentialAction\":[{\"@type\":\"SearchAction\",\"target\":{\"@type\":\"EntryPoint\",\"urlTemplate\":\"https:\\\/\\\/www.bellunopress.it\\\/?s={search_term_string}\"},\"query-input\":{\"@type\":\"PropertyValueSpecification\",\"valueRequired\":true,\"valueName\":\"search_term_string\"}}],\"inLanguage\":\"fr-FR\"},{\"@type\":\"Organization\",\"@id\":\"https:\\\/\\\/www.bellunopress.it\\\/#organization\",\"name\":\"Bellunopress\",\"url\":\"https:\\\/\\\/www.bellunopress.it\\\/\",\"logo\":{\"@type\":\"ImageObject\",\"inLanguage\":\"fr-FR\",\"@id\":\"https:\\\/\\\/www.bellunopress.it\\\/#\\\/schema\\\/logo\\\/image\\\/\",\"url\":\"https:\\\/\\\/www.bellunopress.it\\\/wp-content\\\/uploads\\\/2011\\\/05\\\/cropped-logo-bellunopress-.jpg\",\"contentUrl\":\"https:\\\/\\\/www.bellunopress.it\\\/wp-content\\\/uploads\\\/2011\\\/05\\\/cropped-logo-bellunopress-.jpg\",\"width\":512,\"height\":512,\"caption\":\"Bellunopress\"},\"image\":{\"@id\":\"https:\\\/\\\/www.bellunopress.it\\\/#\\\/schema\\\/logo\\\/image\\\/\"},\"sameAs\":[\"https:\\\/\\\/www.facebook.com\\\/profile.php?id=100008943462799\",\"https:\\\/\\\/x.com\\\/bellunopress\",\"https:\\\/\\\/www.linkedin.com\\\/hp\\\/?dnr=JBzUWaJfMUw8vbXJJ2tVW5-I3jZKvC4wsoxE&amp;amp;amp;amp;amp;amp;trk=nav_responsive_tab_home\",\"https:\\\/\\\/www.youtube.com\\\/channel\\\/UCxL0wu1uN0_3_7hGG0306cw\"]},{\"@type\":\"Person\",\"@id\":\"https:\\\/\\\/www.bellunopress.it\\\/#\\\/schema\\\/person\\\/79bb06722b37ece1c03d3e94beb30d73\",\"name\":\"redazione\",\"image\":{\"@type\":\"ImageObject\",\"inLanguage\":\"fr-FR\",\"@id\":\"https:\\\/\\\/secure.gravatar.com\\\/avatar\\\/37d968a2e67a6fd04c169c4bdef102d0bc5d31b2546345219e348575eb80e9a0?s=96&d=mm&r=g\",\"url\":\"https:\\\/\\\/secure.gravatar.com\\\/avatar\\\/37d968a2e67a6fd04c169c4bdef102d0bc5d31b2546345219e348575eb80e9a0?s=96&d=mm&r=g\",\"contentUrl\":\"https:\\\/\\\/secure.gravatar.com\\\/avatar\\\/37d968a2e67a6fd04c169c4bdef102d0bc5d31b2546345219e348575eb80e9a0?s=96&d=mm&r=g\",\"caption\":\"redazione\"},\"sameAs\":[\"http:\\\/\\\/www.bellunopress.it\",\"https:\\\/\\\/x.com\\\/bellunopress\"],\"url\":\"https:\\\/\\\/www.bellunopress.it\\\/fr\\\/author\\\/redazione\\\/\"}]}<\/script>\n<!-- \/ Yoast SEO plugin. -->","yoast_head_json":{"title":"Polizia locale, il bilancio dell'attivit\u00e0 2009 - Bellunopress - Dolomiti","robots":{"index":"index","follow":"follow","max-snippet":"max-snippet:-1","max-image-preview":"max-image-preview:large","max-video-preview":"max-video-preview:-1"},"canonical":"https:\/\/www.bellunopress.it\/fr\/2010\/01\/20\/polizia-locale-il-bilancio-dellattivita-2009\/","og_locale":"fr_FR","og_type":"article","og_title":"Polizia locale, il bilancio dell'attivit\u00e0 2009 - Bellunopress - Dolomiti","og_description":"Proseguono i consuntivi 2009 con la relazione di Gustavo Dalla C\u00e0, comandante della Polizia Locale di Belluno. &#8220;Nel 2009 sono stati controllati 1989 veicoli e sono state elevate 9619 contravvenzioni; di queste 137\u00a0 per velocit\u00e0 pericolosa, 300 per divieti di sosta in spazi riservati ad invalidi, 89 per omessa revisione dei veicoli, 30 per guida [&hellip;]","og_url":"https:\/\/www.bellunopress.it\/fr\/2010\/01\/20\/polizia-locale-il-bilancio-dellattivita-2009\/","og_site_name":"Bellunopress - Dolomiti","article_publisher":"https:\/\/www.facebook.com\/profile.php?id=100008943462799","article_published_time":"2010-01-20T20:23:42+00:00","og_image":[{"url":"http:\/\/www.bellunopress.it\/wp-content\/uploads\/2010\/01\/gustavo-dalla-ca-polizia-locale.jpg","type":"","width":"","height":""}],"author":"redazione","twitter_card":"summary_large_image","twitter_creator":"@bellunopress","twitter_site":"@bellunopress","twitter_misc":{"\u00c9crit par":"redazione","Dur\u00e9e de lecture estim\u00e9e":"2 minutes"},"schema":{"@context":"https:\/\/schema.org","@graph":[{"@type":"Article","@id":"https:\/\/www.bellunopress.it\/2010\/01\/20\/polizia-locale-il-bilancio-dellattivita-2009\/#article","isPartOf":{"@id":"https:\/\/www.bellunopress.it\/2010\/01\/20\/polizia-locale-il-bilancio-dellattivita-2009\/"},"author":{"name":"redazione","@id":"https:\/\/www.bellunopress.it\/#\/schema\/person\/79bb06722b37ece1c03d3e94beb30d73"},"headline":"Polizia locale, il bilancio dell&#8217;attivit\u00e0 2009","datePublished":"2010-01-20T20:23:42+00:00","mainEntityOfPage":{"@id":"https:\/\/www.bellunopress.it\/2010\/01\/20\/polizia-locale-il-bilancio-dellattivita-2009\/"},"wordCount":448,"publisher":{"@id":"https:\/\/www.bellunopress.it\/#organization"},"image":{"@id":"https:\/\/www.bellunopress.it\/2010\/01\/20\/polizia-locale-il-bilancio-dellattivita-2009\/#primaryimage"},"thumbnailUrl":"http:\/\/www.bellunopress.it\/wp-content\/uploads\/2010\/01\/gustavo-dalla-ca-polizia-locale.jpg","keywords":["Belluno","Cadore","zoldo"],"articleSection":["Cronaca\/Politica","Prima Pagina"],"inLanguage":"fr-FR"},{"@type":"WebPage","@id":"https:\/\/www.bellunopress.it\/2010\/01\/20\/polizia-locale-il-bilancio-dellattivita-2009\/","url":"https:\/\/www.bellunopress.it\/2010\/01\/20\/polizia-locale-il-bilancio-dellattivita-2009\/","name":"Polizia locale, il bilancio dell'attivit\u00e0 2009 - Bellunopress - Dolomiti","isPartOf":{"@id":"https:\/\/www.bellunopress.it\/#website"},"primaryImageOfPage":{"@id":"https:\/\/www.bellunopress.it\/2010\/01\/20\/polizia-locale-il-bilancio-dellattivita-2009\/#primaryimage"},"image":{"@id":"https:\/\/www.bellunopress.it\/2010\/01\/20\/polizia-locale-il-bilancio-dellattivita-2009\/#primaryimage"},"thumbnailUrl":"http:\/\/www.bellunopress.it\/wp-content\/uploads\/2010\/01\/gustavo-dalla-ca-polizia-locale.jpg","datePublished":"2010-01-20T20:23:42+00:00","breadcrumb":{"@id":"https:\/\/www.bellunopress.it\/2010\/01\/20\/polizia-locale-il-bilancio-dellattivita-2009\/#breadcrumb"},"inLanguage":"fr-FR","potentialAction":[{"@type":"ReadAction","target":["https:\/\/www.bellunopress.it\/2010\/01\/20\/polizia-locale-il-bilancio-dellattivita-2009\/"]}]},{"@type":"ImageObject","inLanguage":"fr-FR","@id":"https:\/\/www.bellunopress.it\/2010\/01\/20\/polizia-locale-il-bilancio-dellattivita-2009\/#primaryimage","url":"http:\/\/www.bellunopress.it\/wp-content\/uploads\/2010\/01\/gustavo-dalla-ca-polizia-locale.jpg","contentUrl":"http:\/\/www.bellunopress.it\/wp-content\/uploads\/2010\/01\/gustavo-dalla-ca-polizia-locale.jpg"},{"@type":"BreadcrumbList","@id":"https:\/\/www.bellunopress.it\/2010\/01\/20\/polizia-locale-il-bilancio-dellattivita-2009\/#breadcrumb","itemListElement":[{"@type":"ListItem","position":1,"name":"Home","item":"https:\/\/www.bellunopress.it\/"},{"@type":"ListItem","position":2,"name":"Polizia locale, il bilancio dell&#8217;attivit\u00e0 2009"}]},{"@type":"WebSite","@id":"https:\/\/www.bellunopress.it\/#website","url":"https:\/\/www.bellunopress.it\/","name":"Bellunopress - Dolomiti","description":"e-mail: redazione@bellunopress.it","publisher":{"@id":"https:\/\/www.bellunopress.it\/#organization"},"potentialAction":[{"@type":"SearchAction","target":{"@type":"EntryPoint","urlTemplate":"https:\/\/www.bellunopress.it\/?s={search_term_string}"},"query-input":{"@type":"PropertyValueSpecification","valueRequired":true,"valueName":"search_term_string"}}],"inLanguage":"fr-FR"},{"@type":"Organization","@id":"https:\/\/www.bellunopress.it\/#organization","name":"Bellunopress","url":"https:\/\/www.bellunopress.it\/","logo":{"@type":"ImageObject","inLanguage":"fr-FR","@id":"https:\/\/www.bellunopress.it\/#\/schema\/logo\/image\/","url":"https:\/\/www.bellunopress.it\/wp-content\/uploads\/2011\/05\/cropped-logo-bellunopress-.jpg","contentUrl":"https:\/\/www.bellunopress.it\/wp-content\/uploads\/2011\/05\/cropped-logo-bellunopress-.jpg","width":512,"height":512,"caption":"Bellunopress"},"image":{"@id":"https:\/\/www.bellunopress.it\/#\/schema\/logo\/image\/"},"sameAs":["https:\/\/www.facebook.com\/profile.php?id=100008943462799","https:\/\/x.com\/bellunopress","https:\/\/www.linkedin.com\/hp\/?dnr=JBzUWaJfMUw8vbXJJ2tVW5-I3jZKvC4wsoxE&amp;amp;amp;amp;amp;amp;trk=nav_responsive_tab_home","https:\/\/www.youtube.com\/channel\/UCxL0wu1uN0_3_7hGG0306cw"]},{"@type":"Person","@id":"https:\/\/www.bellunopress.it\/#\/schema\/person\/79bb06722b37ece1c03d3e94beb30d73","name":"r\u00e9daction","image":{"@type":"ImageObject","inLanguage":"fr-FR","@id":"https:\/\/secure.gravatar.com\/avatar\/37d968a2e67a6fd04c169c4bdef102d0bc5d31b2546345219e348575eb80e9a0?s=96&d=mm&r=g","url":"https:\/\/secure.gravatar.com\/avatar\/37d968a2e67a6fd04c169c4bdef102d0bc5d31b2546345219e348575eb80e9a0?s=96&d=mm&r=g","contentUrl":"https:\/\/secure.gravatar.com\/avatar\/37d968a2e67a6fd04c169c4bdef102d0bc5d31b2546345219e348575eb80e9a0?s=96&d=mm&r=g","caption":"redazione"},"sameAs":["http:\/\/www.bellunopress.it","https:\/\/x.com\/bellunopress"],"url":"https:\/\/www.bellunopress.it\/fr\/author\/redazione\/"}]}},"_links":{"self":[{"href":"https:\/\/www.bellunopress.it\/fr\/wp-json\/wp\/v2\/posts\/11682","targetHints":{"allow":["GET"]}}],"collection":[{"href":"https:\/\/www.bellunopress.it\/fr\/wp-json\/wp\/v2\/posts"}],"about":[{"href":"https:\/\/www.bellunopress.it\/fr\/wp-json\/wp\/v2\/types\/post"}],"author":[{"embeddable":true,"href":"https:\/\/www.bellunopress.it\/fr\/wp-json\/wp\/v2\/users\/2"}],"replies":[{"embeddable":true,"href":"https:\/\/www.bellunopress.it\/fr\/wp-json\/wp\/v2\/comments?post=11682"}],"version-history":[{"count":1,"href":"https:\/\/www.bellunopress.it\/fr\/wp-json\/wp\/v2\/posts\/11682\/revisions"}],"predecessor-version":[{"id":11685,"href":"https:\/\/www.bellunopress.it\/fr\/wp-json\/wp\/v2\/posts\/11682\/revisions\/11685"}],"wp:attachment":[{"href":"https:\/\/www.bellunopress.it\/fr\/wp-json\/wp\/v2\/media?parent=11682"}],"wp:term":[{"taxonomy":"category","embeddable":true,"href":"https:\/\/www.bellunopress.it\/fr\/wp-json\/wp\/v2\/categories?post=11682"},{"taxonomy":"post_tag","embeddable":true,"href":"https:\/\/www.bellunopress.it\/fr\/wp-json\/wp\/v2\/tags?post=11682"}],"curies":[{"name":"wp","href":"https:\/\/api.w.org\/{rel}","templated":true}]}}