{"id":11670,"date":"2010-01-20T14:21:45","date_gmt":"2010-01-20T13:21:45","guid":{"rendered":"http:\/\/www.bellunopress.it\/?p=11670"},"modified":"2010-01-20T14:21:45","modified_gmt":"2010-01-20T13:21:45","slug":"nessun-ampliamento-per-la-discarica-di-belluno-assessore-faoro-%c2%abla-scelta-della-regione-e-in-linea-con-la-nostra-politica%c2%bb","status":"publish","type":"post","link":"https:\/\/www.bellunopress.it\/fr\/2010\/01\/20\/nessun-ampliamento-per-la-discarica-di-belluno-assessore-faoro-%c2%abla-scelta-della-regione-e-in-linea-con-la-nostra-politica%c2%bb\/","title":{"rendered":"Nessun ampliamento per la discarica di Belluno. Assessore Faoro: \u00abLa scelta della Regione \u00e8 in linea con la nostra politica\u00bb"},"content":{"rendered":"<figure id=\"attachment_7188\" aria-describedby=\"caption-attachment-7188\" style=\"width: 240px\" class=\"wp-caption alignleft\"><a href=\"http:\/\/www.bellunopress.it\/wp-content\/uploads\/2009\/08\/ivano-faoro-1.jpg\"><img loading=\"lazy\" decoding=\"async\" class=\"size-medium wp-image-7188\" title=\"ivano-faoro-1\" src=\"http:\/\/www.bellunopress.it\/wp-content\/uploads\/2009\/08\/ivano-faoro-1.jpg\" alt=\"Ivano Faoro assessore provinciale\" width=\"240\" height=\"160\" \/><\/a><figcaption id=\"caption-attachment-7188\" class=\"wp-caption-text\">Ivano Faoro assessore provinciale<\/figcaption><\/figure>\n<p>La Regione Veneto ha bocciato la possibilit\u00e0 di ampliamento dell\u2019esistente discarica di rifiuti di Belluno Cordele. Il progetto, che era stato avanzato dalle passate amministrazioni di Palazzo Piloni, trova dunque l\u2019ostacolo di Venezia con la piena soddisfazione dell\u2019attuale assessore provinciale di competenza, Ivano Faoro.\u00a0 Con una delibera della Giunta regionale veneta si \u00e8 di fatto chiusa l\u2019ipotesi di un ampliamento della discarica nel bellunese. Dopo aver in passato bocciato l\u2019ipotesi di nuovi stabilimenti per il conferimento delle immondizie, ora giunge da Palazzo Balbi anche il \u201cno\u201d ad eventuali possibilit\u00e0 di ridimensionamenti delle strutture gi\u00e0 esistenti: \u00abQuanto stabilito dalla Regione Veneto \u00e8 perfettamente in linea con quello che abbiamo programmato anche noi come Provincia, nonostante quanto \u00e8 stato diffuso nelle scorse settimane &#8211; ha spiegato Ivano Faoro &#8211; . Il destino delle discariche, almeno per quanto concerne il nostro territorio, \u00e8 oramai chiaro: sempre pi\u00f9, in futuro, esse rappresenteranno la soluzione residuale per lo smaltimento dei rifiuti. Manterremo, e valuteremo nell\u2019ambito di un piano a lungo termine, le operazioni da condurre; in ogni caso, si va verso un utilizzo sempre maggiore delle azioni volte al riutilizzo ed al riciclaggio dei rifiuti\u00bb.<\/p>","protected":false},"excerpt":{"rendered":"<p>La Regione Veneto ha bocciato la possibilit\u00e0 di ampliamento dell\u2019esistente discarica di rifiuti di Belluno Cordele. Il progetto, che era stato avanzato dalle passate amministrazioni di Palazzo Piloni, trova dunque l\u2019ostacolo di Venezia con la piena soddisfazione dell\u2019attuale assessore provinciale di competenza, Ivano Faoro.\u00a0 Con una delibera della Giunta regionale veneta si \u00e8 di fatto [&hellip;]<\/p>\n","protected":false},"author":2,"featured_media":0,"comment_status":"closed","ping_status":"open","sticky":false,"template":"","format":"standard","meta":{"footnotes":""},"categories":[5,38,26],"tags":[139],"class_list":["post-11670","post","type-post","status-publish","format-standard","category-cronaca","category-natura-ambiente","category-prima-pagina","tag-belluno"],"yoast_head":"<!-- This site is optimized with the Yoast SEO plugin v28.4 - https:\/\/yoast.com\/product\/yoast-seo-wordpress\/ -->\n<title>Nessun ampliamento per la discarica di Belluno. Assessore Faoro: \u00abLa scelta della Regione \u00e8 in linea con la nostra politica\u00bb - Bellunopress - Dolomiti<\/title>\n<meta name=\"robots\" content=\"index, follow, max-snippet:-1, max-image-preview:large, max-video-preview:-1\" \/>\n<link rel=\"canonical\" href=\"https:\/\/www.bellunopress.it\/fr\/2010\/01\/20\/nessun-ampliamento-per-la-discarica-di-belluno-assessore-faoro-\u00abla-scelta-della-regione-e-in-linea-con-la-nostra-politica\u00bb\/\" \/>\n<meta property=\"og:locale\" content=\"fr_FR\" \/>\n<meta property=\"og:type\" content=\"article\" \/>\n<meta property=\"og:title\" content=\"Nessun ampliamento per la discarica di Belluno. Assessore Faoro: \u00abLa scelta della Regione \u00e8 in linea con la nostra politica\u00bb - Bellunopress - Dolomiti\" \/>\n<meta property=\"og:description\" content=\"La Regione Veneto ha bocciato la possibilit\u00e0 di ampliamento dell\u2019esistente discarica di rifiuti di Belluno Cordele. Il progetto, che era stato avanzato dalle passate amministrazioni di Palazzo Piloni, trova dunque l\u2019ostacolo di Venezia con la piena soddisfazione dell\u2019attuale assessore provinciale di competenza, Ivano Faoro.\u00a0 Con una delibera della Giunta regionale veneta si \u00e8 di fatto [&hellip;]\" \/>\n<meta property=\"og:url\" content=\"https:\/\/www.bellunopress.it\/fr\/2010\/01\/20\/nessun-ampliamento-per-la-discarica-di-belluno-assessore-faoro-\u00abla-scelta-della-regione-e-in-linea-con-la-nostra-politica\u00bb\/\" \/>\n<meta property=\"og:site_name\" content=\"Bellunopress - Dolomiti\" \/>\n<meta property=\"article:publisher\" content=\"https:\/\/www.facebook.com\/profile.php?id=100008943462799\" \/>\n<meta property=\"article:published_time\" content=\"2010-01-20T13:21:45+00:00\" \/>\n<meta property=\"og:image\" content=\"http:\/\/www.bellunopress.it\/wp-content\/uploads\/2009\/08\/ivano-faoro-1.jpg\" \/>\n<meta name=\"author\" content=\"redazione\" \/>\n<meta name=\"twitter:card\" content=\"summary_large_image\" \/>\n<meta name=\"twitter:creator\" content=\"@bellunopress\" \/>\n<meta name=\"twitter:site\" content=\"@bellunopress\" \/>\n<meta name=\"twitter:label1\" content=\"\u00c9crit par\" \/>\n\t<meta name=\"twitter:data1\" content=\"redazione\" \/>\n\t<meta name=\"twitter:label2\" content=\"Dur\u00e9e de lecture estim\u00e9e\" \/>\n\t<meta name=\"twitter:data2\" content=\"1 minute\" \/>\n<script type=\"application\/ld+json\" class=\"yoast-schema-graph\">{\"@context\":\"https:\\\/\\\/schema.org\",\"@graph\":[{\"@type\":\"Article\",\"@id\":\"https:\\\/\\\/www.bellunopress.it\\\/2010\\\/01\\\/20\\\/nessun-ampliamento-per-la-discarica-di-belluno-assessore-faoro-%c2%abla-scelta-della-regione-e-in-linea-con-la-nostra-politica%c2%bb\\\/#article\",\"isPartOf\":{\"@id\":\"https:\\\/\\\/www.bellunopress.it\\\/2010\\\/01\\\/20\\\/nessun-ampliamento-per-la-discarica-di-belluno-assessore-faoro-%c2%abla-scelta-della-regione-e-in-linea-con-la-nostra-politica%c2%bb\\\/\"},\"author\":{\"name\":\"redazione\",\"@id\":\"https:\\\/\\\/www.bellunopress.it\\\/#\\\/schema\\\/person\\\/79bb06722b37ece1c03d3e94beb30d73\"},\"headline\":\"Nessun ampliamento per la discarica di Belluno. Assessore Faoro: \u00abLa scelta della Regione \u00e8 in linea con la nostra politica\u00bb\",\"datePublished\":\"2010-01-20T13:21:45+00:00\",\"mainEntityOfPage\":{\"@id\":\"https:\\\/\\\/www.bellunopress.it\\\/2010\\\/01\\\/20\\\/nessun-ampliamento-per-la-discarica-di-belluno-assessore-faoro-%c2%abla-scelta-della-regione-e-in-linea-con-la-nostra-politica%c2%bb\\\/\"},\"wordCount\":222,\"publisher\":{\"@id\":\"https:\\\/\\\/www.bellunopress.it\\\/#organization\"},\"image\":{\"@id\":\"https:\\\/\\\/www.bellunopress.it\\\/2010\\\/01\\\/20\\\/nessun-ampliamento-per-la-discarica-di-belluno-assessore-faoro-%c2%abla-scelta-della-regione-e-in-linea-con-la-nostra-politica%c2%bb\\\/#primaryimage\"},\"thumbnailUrl\":\"http:\\\/\\\/www.bellunopress.it\\\/wp-content\\\/uploads\\\/2009\\\/08\\\/ivano-faoro-1.jpg\",\"keywords\":[\"Belluno\"],\"articleSection\":[\"Cronaca\\\/Politica\",\"Meteo, natura, ambiente, animali\",\"Prima Pagina\"],\"inLanguage\":\"fr-FR\"},{\"@type\":\"WebPage\",\"@id\":\"https:\\\/\\\/www.bellunopress.it\\\/2010\\\/01\\\/20\\\/nessun-ampliamento-per-la-discarica-di-belluno-assessore-faoro-%c2%abla-scelta-della-regione-e-in-linea-con-la-nostra-politica%c2%bb\\\/\",\"url\":\"https:\\\/\\\/www.bellunopress.it\\\/2010\\\/01\\\/20\\\/nessun-ampliamento-per-la-discarica-di-belluno-assessore-faoro-%c2%abla-scelta-della-regione-e-in-linea-con-la-nostra-politica%c2%bb\\\/\",\"name\":\"Nessun ampliamento per la discarica di Belluno. Assessore Faoro: \u00abLa scelta della Regione \u00e8 in linea con la nostra politica\u00bb - Bellunopress - Dolomiti\",\"isPartOf\":{\"@id\":\"https:\\\/\\\/www.bellunopress.it\\\/#website\"},\"primaryImageOfPage\":{\"@id\":\"https:\\\/\\\/www.bellunopress.it\\\/2010\\\/01\\\/20\\\/nessun-ampliamento-per-la-discarica-di-belluno-assessore-faoro-%c2%abla-scelta-della-regione-e-in-linea-con-la-nostra-politica%c2%bb\\\/#primaryimage\"},\"image\":{\"@id\":\"https:\\\/\\\/www.bellunopress.it\\\/2010\\\/01\\\/20\\\/nessun-ampliamento-per-la-discarica-di-belluno-assessore-faoro-%c2%abla-scelta-della-regione-e-in-linea-con-la-nostra-politica%c2%bb\\\/#primaryimage\"},\"thumbnailUrl\":\"http:\\\/\\\/www.bellunopress.it\\\/wp-content\\\/uploads\\\/2009\\\/08\\\/ivano-faoro-1.jpg\",\"datePublished\":\"2010-01-20T13:21:45+00:00\",\"breadcrumb\":{\"@id\":\"https:\\\/\\\/www.bellunopress.it\\\/2010\\\/01\\\/20\\\/nessun-ampliamento-per-la-discarica-di-belluno-assessore-faoro-%c2%abla-scelta-della-regione-e-in-linea-con-la-nostra-politica%c2%bb\\\/#breadcrumb\"},\"inLanguage\":\"fr-FR\",\"potentialAction\":[{\"@type\":\"ReadAction\",\"target\":[\"https:\\\/\\\/www.bellunopress.it\\\/2010\\\/01\\\/20\\\/nessun-ampliamento-per-la-discarica-di-belluno-assessore-faoro-%c2%abla-scelta-della-regione-e-in-linea-con-la-nostra-politica%c2%bb\\\/\"]}]},{\"@type\":\"ImageObject\",\"inLanguage\":\"fr-FR\",\"@id\":\"https:\\\/\\\/www.bellunopress.it\\\/2010\\\/01\\\/20\\\/nessun-ampliamento-per-la-discarica-di-belluno-assessore-faoro-%c2%abla-scelta-della-regione-e-in-linea-con-la-nostra-politica%c2%bb\\\/#primaryimage\",\"url\":\"http:\\\/\\\/www.bellunopress.it\\\/wp-content\\\/uploads\\\/2009\\\/08\\\/ivano-faoro-1.jpg\",\"contentUrl\":\"http:\\\/\\\/www.bellunopress.it\\\/wp-content\\\/uploads\\\/2009\\\/08\\\/ivano-faoro-1.jpg\"},{\"@type\":\"BreadcrumbList\",\"@id\":\"https:\\\/\\\/www.bellunopress.it\\\/2010\\\/01\\\/20\\\/nessun-ampliamento-per-la-discarica-di-belluno-assessore-faoro-%c2%abla-scelta-della-regione-e-in-linea-con-la-nostra-politica%c2%bb\\\/#breadcrumb\",\"itemListElement\":[{\"@type\":\"ListItem\",\"position\":1,\"name\":\"Home\",\"item\":\"https:\\\/\\\/www.bellunopress.it\\\/\"},{\"@type\":\"ListItem\",\"position\":2,\"name\":\"Nessun ampliamento per la discarica di Belluno. Assessore Faoro: \u00abLa scelta della Regione \u00e8 in linea con la nostra politica\u00bb\"}]},{\"@type\":\"WebSite\",\"@id\":\"https:\\\/\\\/www.bellunopress.it\\\/#website\",\"url\":\"https:\\\/\\\/www.bellunopress.it\\\/\",\"name\":\"Bellunopress - Dolomiti\",\"description\":\"e-mail: redazione@bellunopress.it\",\"publisher\":{\"@id\":\"https:\\\/\\\/www.bellunopress.it\\\/#organization\"},\"potentialAction\":[{\"@type\":\"SearchAction\",\"target\":{\"@type\":\"EntryPoint\",\"urlTemplate\":\"https:\\\/\\\/www.bellunopress.it\\\/?s={search_term_string}\"},\"query-input\":{\"@type\":\"PropertyValueSpecification\",\"valueRequired\":true,\"valueName\":\"search_term_string\"}}],\"inLanguage\":\"fr-FR\"},{\"@type\":\"Organization\",\"@id\":\"https:\\\/\\\/www.bellunopress.it\\\/#organization\",\"name\":\"Bellunopress\",\"url\":\"https:\\\/\\\/www.bellunopress.it\\\/\",\"logo\":{\"@type\":\"ImageObject\",\"inLanguage\":\"fr-FR\",\"@id\":\"https:\\\/\\\/www.bellunopress.it\\\/#\\\/schema\\\/logo\\\/image\\\/\",\"url\":\"https:\\\/\\\/www.bellunopress.it\\\/wp-content\\\/uploads\\\/2011\\\/05\\\/cropped-logo-bellunopress-.jpg\",\"contentUrl\":\"https:\\\/\\\/www.bellunopress.it\\\/wp-content\\\/uploads\\\/2011\\\/05\\\/cropped-logo-bellunopress-.jpg\",\"width\":512,\"height\":512,\"caption\":\"Bellunopress\"},\"image\":{\"@id\":\"https:\\\/\\\/www.bellunopress.it\\\/#\\\/schema\\\/logo\\\/image\\\/\"},\"sameAs\":[\"https:\\\/\\\/www.facebook.com\\\/profile.php?id=100008943462799\",\"https:\\\/\\\/x.com\\\/bellunopress\",\"https:\\\/\\\/www.linkedin.com\\\/hp\\\/?dnr=JBzUWaJfMUw8vbXJJ2tVW5-I3jZKvC4wsoxE&amp;amp;amp;amp;amp;amp;trk=nav_responsive_tab_home\",\"https:\\\/\\\/www.youtube.com\\\/channel\\\/UCxL0wu1uN0_3_7hGG0306cw\"]},{\"@type\":\"Person\",\"@id\":\"https:\\\/\\\/www.bellunopress.it\\\/#\\\/schema\\\/person\\\/79bb06722b37ece1c03d3e94beb30d73\",\"name\":\"redazione\",\"image\":{\"@type\":\"ImageObject\",\"inLanguage\":\"fr-FR\",\"@id\":\"https:\\\/\\\/secure.gravatar.com\\\/avatar\\\/37d968a2e67a6fd04c169c4bdef102d0bc5d31b2546345219e348575eb80e9a0?s=96&d=mm&r=g\",\"url\":\"https:\\\/\\\/secure.gravatar.com\\\/avatar\\\/37d968a2e67a6fd04c169c4bdef102d0bc5d31b2546345219e348575eb80e9a0?s=96&d=mm&r=g\",\"contentUrl\":\"https:\\\/\\\/secure.gravatar.com\\\/avatar\\\/37d968a2e67a6fd04c169c4bdef102d0bc5d31b2546345219e348575eb80e9a0?s=96&d=mm&r=g\",\"caption\":\"redazione\"},\"sameAs\":[\"http:\\\/\\\/www.bellunopress.it\",\"https:\\\/\\\/x.com\\\/bellunopress\"],\"url\":\"https:\\\/\\\/www.bellunopress.it\\\/fr\\\/author\\\/redazione\\\/\"}]}<\/script>\n<!-- \/ Yoast SEO plugin. -->","yoast_head_json":{"title":"Nessun ampliamento per la discarica di Belluno. Assessore Faoro: \u00abLa scelta della Regione \u00e8 in linea con la nostra politica\u00bb - Bellunopress - Dolomiti","robots":{"index":"index","follow":"follow","max-snippet":"max-snippet:-1","max-image-preview":"max-image-preview:large","max-video-preview":"max-video-preview:-1"},"canonical":"https:\/\/www.bellunopress.it\/fr\/2010\/01\/20\/nessun-ampliamento-per-la-discarica-di-belluno-assessore-faoro-\u00abla-scelta-della-regione-e-in-linea-con-la-nostra-politica\u00bb\/","og_locale":"fr_FR","og_type":"article","og_title":"Nessun ampliamento per la discarica di Belluno. Assessore Faoro: \u00abLa scelta della Regione \u00e8 in linea con la nostra politica\u00bb - Bellunopress - Dolomiti","og_description":"La Regione Veneto ha bocciato la possibilit\u00e0 di ampliamento dell\u2019esistente discarica di rifiuti di Belluno Cordele. Il progetto, che era stato avanzato dalle passate amministrazioni di Palazzo Piloni, trova dunque l\u2019ostacolo di Venezia con la piena soddisfazione dell\u2019attuale assessore provinciale di competenza, Ivano Faoro.\u00a0 Con una delibera della Giunta regionale veneta si \u00e8 di fatto [&hellip;]","og_url":"https:\/\/www.bellunopress.it\/fr\/2010\/01\/20\/nessun-ampliamento-per-la-discarica-di-belluno-assessore-faoro-\u00abla-scelta-della-regione-e-in-linea-con-la-nostra-politica\u00bb\/","og_site_name":"Bellunopress - Dolomiti","article_publisher":"https:\/\/www.facebook.com\/profile.php?id=100008943462799","article_published_time":"2010-01-20T13:21:45+00:00","og_image":[{"url":"http:\/\/www.bellunopress.it\/wp-content\/uploads\/2009\/08\/ivano-faoro-1.jpg","type":"","width":"","height":""}],"author":"redazione","twitter_card":"summary_large_image","twitter_creator":"@bellunopress","twitter_site":"@bellunopress","twitter_misc":{"\u00c9crit par":"redazione","Dur\u00e9e de lecture estim\u00e9e":"1 minute"},"schema":{"@context":"https:\/\/schema.org","@graph":[{"@type":"Article","@id":"https:\/\/www.bellunopress.it\/2010\/01\/20\/nessun-ampliamento-per-la-discarica-di-belluno-assessore-faoro-%c2%abla-scelta-della-regione-e-in-linea-con-la-nostra-politica%c2%bb\/#article","isPartOf":{"@id":"https:\/\/www.bellunopress.it\/2010\/01\/20\/nessun-ampliamento-per-la-discarica-di-belluno-assessore-faoro-%c2%abla-scelta-della-regione-e-in-linea-con-la-nostra-politica%c2%bb\/"},"author":{"name":"redazione","@id":"https:\/\/www.bellunopress.it\/#\/schema\/person\/79bb06722b37ece1c03d3e94beb30d73"},"headline":"Nessun ampliamento per la discarica di Belluno. Assessore Faoro: \u00abLa scelta della Regione \u00e8 in linea con la nostra politica\u00bb","datePublished":"2010-01-20T13:21:45+00:00","mainEntityOfPage":{"@id":"https:\/\/www.bellunopress.it\/2010\/01\/20\/nessun-ampliamento-per-la-discarica-di-belluno-assessore-faoro-%c2%abla-scelta-della-regione-e-in-linea-con-la-nostra-politica%c2%bb\/"},"wordCount":222,"publisher":{"@id":"https:\/\/www.bellunopress.it\/#organization"},"image":{"@id":"https:\/\/www.bellunopress.it\/2010\/01\/20\/nessun-ampliamento-per-la-discarica-di-belluno-assessore-faoro-%c2%abla-scelta-della-regione-e-in-linea-con-la-nostra-politica%c2%bb\/#primaryimage"},"thumbnailUrl":"http:\/\/www.bellunopress.it\/wp-content\/uploads\/2009\/08\/ivano-faoro-1.jpg","keywords":["Belluno"],"articleSection":["Cronaca\/Politica","Meteo, natura, ambiente, animali","Prima Pagina"],"inLanguage":"fr-FR"},{"@type":"WebPage","@id":"https:\/\/www.bellunopress.it\/2010\/01\/20\/nessun-ampliamento-per-la-discarica-di-belluno-assessore-faoro-%c2%abla-scelta-della-regione-e-in-linea-con-la-nostra-politica%c2%bb\/","url":"https:\/\/www.bellunopress.it\/2010\/01\/20\/nessun-ampliamento-per-la-discarica-di-belluno-assessore-faoro-%c2%abla-scelta-della-regione-e-in-linea-con-la-nostra-politica%c2%bb\/","name":"Nessun ampliamento per la discarica di Belluno. Assessore Faoro: \u00abLa scelta della Regione \u00e8 in linea con la nostra politica\u00bb - Bellunopress - Dolomiti","isPartOf":{"@id":"https:\/\/www.bellunopress.it\/#website"},"primaryImageOfPage":{"@id":"https:\/\/www.bellunopress.it\/2010\/01\/20\/nessun-ampliamento-per-la-discarica-di-belluno-assessore-faoro-%c2%abla-scelta-della-regione-e-in-linea-con-la-nostra-politica%c2%bb\/#primaryimage"},"image":{"@id":"https:\/\/www.bellunopress.it\/2010\/01\/20\/nessun-ampliamento-per-la-discarica-di-belluno-assessore-faoro-%c2%abla-scelta-della-regione-e-in-linea-con-la-nostra-politica%c2%bb\/#primaryimage"},"thumbnailUrl":"http:\/\/www.bellunopress.it\/wp-content\/uploads\/2009\/08\/ivano-faoro-1.jpg","datePublished":"2010-01-20T13:21:45+00:00","breadcrumb":{"@id":"https:\/\/www.bellunopress.it\/2010\/01\/20\/nessun-ampliamento-per-la-discarica-di-belluno-assessore-faoro-%c2%abla-scelta-della-regione-e-in-linea-con-la-nostra-politica%c2%bb\/#breadcrumb"},"inLanguage":"fr-FR","potentialAction":[{"@type":"ReadAction","target":["https:\/\/www.bellunopress.it\/2010\/01\/20\/nessun-ampliamento-per-la-discarica-di-belluno-assessore-faoro-%c2%abla-scelta-della-regione-e-in-linea-con-la-nostra-politica%c2%bb\/"]}]},{"@type":"ImageObject","inLanguage":"fr-FR","@id":"https:\/\/www.bellunopress.it\/2010\/01\/20\/nessun-ampliamento-per-la-discarica-di-belluno-assessore-faoro-%c2%abla-scelta-della-regione-e-in-linea-con-la-nostra-politica%c2%bb\/#primaryimage","url":"http:\/\/www.bellunopress.it\/wp-content\/uploads\/2009\/08\/ivano-faoro-1.jpg","contentUrl":"http:\/\/www.bellunopress.it\/wp-content\/uploads\/2009\/08\/ivano-faoro-1.jpg"},{"@type":"BreadcrumbList","@id":"https:\/\/www.bellunopress.it\/2010\/01\/20\/nessun-ampliamento-per-la-discarica-di-belluno-assessore-faoro-%c2%abla-scelta-della-regione-e-in-linea-con-la-nostra-politica%c2%bb\/#breadcrumb","itemListElement":[{"@type":"ListItem","position":1,"name":"Home","item":"https:\/\/www.bellunopress.it\/"},{"@type":"ListItem","position":2,"name":"Nessun ampliamento per la discarica di Belluno. Assessore Faoro: \u00abLa scelta della Regione \u00e8 in linea con la nostra politica\u00bb"}]},{"@type":"WebSite","@id":"https:\/\/www.bellunopress.it\/#website","url":"https:\/\/www.bellunopress.it\/","name":"Bellunopress - Dolomiti","description":"e-mail: redazione@bellunopress.it","publisher":{"@id":"https:\/\/www.bellunopress.it\/#organization"},"potentialAction":[{"@type":"SearchAction","target":{"@type":"EntryPoint","urlTemplate":"https:\/\/www.bellunopress.it\/?s={search_term_string}"},"query-input":{"@type":"PropertyValueSpecification","valueRequired":true,"valueName":"search_term_string"}}],"inLanguage":"fr-FR"},{"@type":"Organization","@id":"https:\/\/www.bellunopress.it\/#organization","name":"Bellunopress","url":"https:\/\/www.bellunopress.it\/","logo":{"@type":"ImageObject","inLanguage":"fr-FR","@id":"https:\/\/www.bellunopress.it\/#\/schema\/logo\/image\/","url":"https:\/\/www.bellunopress.it\/wp-content\/uploads\/2011\/05\/cropped-logo-bellunopress-.jpg","contentUrl":"https:\/\/www.bellunopress.it\/wp-content\/uploads\/2011\/05\/cropped-logo-bellunopress-.jpg","width":512,"height":512,"caption":"Bellunopress"},"image":{"@id":"https:\/\/www.bellunopress.it\/#\/schema\/logo\/image\/"},"sameAs":["https:\/\/www.facebook.com\/profile.php?id=100008943462799","https:\/\/x.com\/bellunopress","https:\/\/www.linkedin.com\/hp\/?dnr=JBzUWaJfMUw8vbXJJ2tVW5-I3jZKvC4wsoxE&amp;amp;amp;amp;amp;amp;trk=nav_responsive_tab_home","https:\/\/www.youtube.com\/channel\/UCxL0wu1uN0_3_7hGG0306cw"]},{"@type":"Person","@id":"https:\/\/www.bellunopress.it\/#\/schema\/person\/79bb06722b37ece1c03d3e94beb30d73","name":"r\u00e9daction","image":{"@type":"ImageObject","inLanguage":"fr-FR","@id":"https:\/\/secure.gravatar.com\/avatar\/37d968a2e67a6fd04c169c4bdef102d0bc5d31b2546345219e348575eb80e9a0?s=96&d=mm&r=g","url":"https:\/\/secure.gravatar.com\/avatar\/37d968a2e67a6fd04c169c4bdef102d0bc5d31b2546345219e348575eb80e9a0?s=96&d=mm&r=g","contentUrl":"https:\/\/secure.gravatar.com\/avatar\/37d968a2e67a6fd04c169c4bdef102d0bc5d31b2546345219e348575eb80e9a0?s=96&d=mm&r=g","caption":"redazione"},"sameAs":["http:\/\/www.bellunopress.it","https:\/\/x.com\/bellunopress"],"url":"https:\/\/www.bellunopress.it\/fr\/author\/redazione\/"}]}},"_links":{"self":[{"href":"https:\/\/www.bellunopress.it\/fr\/wp-json\/wp\/v2\/posts\/11670","targetHints":{"allow":["GET"]}}],"collection":[{"href":"https:\/\/www.bellunopress.it\/fr\/wp-json\/wp\/v2\/posts"}],"about":[{"href":"https:\/\/www.bellunopress.it\/fr\/wp-json\/wp\/v2\/types\/post"}],"author":[{"embeddable":true,"href":"https:\/\/www.bellunopress.it\/fr\/wp-json\/wp\/v2\/users\/2"}],"replies":[{"embeddable":true,"href":"https:\/\/www.bellunopress.it\/fr\/wp-json\/wp\/v2\/comments?post=11670"}],"version-history":[{"count":1,"href":"https:\/\/www.bellunopress.it\/fr\/wp-json\/wp\/v2\/posts\/11670\/revisions"}],"predecessor-version":[{"id":11671,"href":"https:\/\/www.bellunopress.it\/fr\/wp-json\/wp\/v2\/posts\/11670\/revisions\/11671"}],"wp:attachment":[{"href":"https:\/\/www.bellunopress.it\/fr\/wp-json\/wp\/v2\/media?parent=11670"}],"wp:term":[{"taxonomy":"category","embeddable":true,"href":"https:\/\/www.bellunopress.it\/fr\/wp-json\/wp\/v2\/categories?post=11670"},{"taxonomy":"post_tag","embeddable":true,"href":"https:\/\/www.bellunopress.it\/fr\/wp-json\/wp\/v2\/tags?post=11670"}],"curies":[{"name":"wp","href":"https:\/\/api.w.org\/{rel}","templated":true}]}}