{"id":116591,"date":"2020-08-10T09:52:50","date_gmt":"2020-08-10T07:52:50","guid":{"rendered":"http:\/\/www.bellunopress.it\/?p=116591"},"modified":"2020-08-10T09:52:51","modified_gmt":"2020-08-10T07:52:51","slug":"domenica-a-cortina-la-grande-lirica-la-traviata-interpretata-dal-soprano-francesca-dotto","status":"publish","type":"post","link":"https:\/\/www.bellunopress.it\/fr\/2020\/08\/10\/domenica-a-cortina-la-grande-lirica-la-traviata-interpretata-dal-soprano-francesca-dotto\/","title":{"rendered":"Domenica a Cortina la grande lirica. La Traviata interpretata dal soprano Francesca Dotto"},"content":{"rendered":"<figure id=\"attachment_116592\" aria-describedby=\"caption-attachment-116592\" style=\"width: 800px\" class=\"wp-caption alignleft\"><a href=\"http:\/\/www.bellunopress.it\/fr\/2020\/08\/10\/domenica-a-cortina-la-grande-lirica-la-traviata-interpretata-dal-soprano-francesca-dotto\/francesca-dotto_la-traviata_ph-yasuko-kageyama-1_edited\/\" rel=\"attachment wp-att-116592\"><img loading=\"lazy\" decoding=\"async\" class=\"size-full wp-image-116592\" src=\"http:\/\/www.bellunopress.it\/wp-content\/uploads\/2020\/08\/Francesca-Dotto_La-Traviata_ph-Yasuko-Kageyama-1_edited.jpg\" alt=\"\" width=\"800\" height=\"604\" srcset=\"https:\/\/www.bellunopress.it\/wp-content\/uploads\/2020\/08\/Francesca-Dotto_La-Traviata_ph-Yasuko-Kageyama-1_edited.jpg 800w, https:\/\/www.bellunopress.it\/wp-content\/uploads\/2020\/08\/Francesca-Dotto_La-Traviata_ph-Yasuko-Kageyama-1_edited-500x378.jpg 500w, https:\/\/www.bellunopress.it\/wp-content\/uploads\/2020\/08\/Francesca-Dotto_La-Traviata_ph-Yasuko-Kageyama-1_edited-696x525.jpg 696w, https:\/\/www.bellunopress.it\/wp-content\/uploads\/2020\/08\/Francesca-Dotto_La-Traviata_ph-Yasuko-Kageyama-1_edited-556x420.jpg 556w, https:\/\/www.bellunopress.it\/wp-content\/uploads\/2020\/08\/Francesca-Dotto_La-Traviata_ph-Yasuko-Kageyama-1_edited-80x60.jpg 80w\" sizes=\"auto, (max-width: 800px) 100vw, 800px\" \/><\/a><figcaption id=\"caption-attachment-116592\" class=\"wp-caption-text\">Francesca Dotto, soprano (ph Yasuko Kageyama)<\/figcaption><\/figure>\n<p>La rassegna, promossa e sostenuta dal Comune di Cortina D\u2019Ampezzo e organizzata da Musincantus, presenta l\u2019evento clou dell\u2019estate: si tratta della celebre opera di Giuseppe Verdi, che sar\u00e0 proposta in forma di concerto e vedr\u00e0 nel ruolo di Violetta Valery la giovane stella della lirica contemporanea, Francesca Dotto, gi\u00e0 protagonista del Concerto di Capodanno del Teatro La Fenice di Venezia 2020, trasmesso in diretta in mondovisione.<\/p>\n<p>La concertazione \u00e8 affidata al maestro Gerardo Felisatti, alla testa dell\u2019Orchestra Regionale Filarmonia Veneta e del Coro Lirico Veneto.<\/p>\n<p>Le punte di diamante venete della musica si riuniscono a Cortina per un evento eccezionale che \u00e8 quasi una novit\u00e0 assoluta: la cittadina ampezzana infatti nell\u2019ultimo trentennio ha visto la rappresentazione di due sole opere liriche.<\/p>","protected":false},"excerpt":{"rendered":"<p>La rassegna, promossa e sostenuta dal Comune di Cortina D\u2019Ampezzo e organizzata da Musincantus, presenta l\u2019evento clou dell\u2019estate: si tratta della celebre opera di Giuseppe Verdi, che sar\u00e0 proposta in forma di concerto e vedr\u00e0 nel ruolo di Violetta Valery la giovane stella della lirica contemporanea, Francesca Dotto, gi\u00e0 protagonista del Concerto di Capodanno del [&hellip;]<\/p>\n","protected":false},"author":2,"featured_media":116592,"comment_status":"closed","ping_status":"open","sticky":false,"template":"","format":"standard","meta":{"footnotes":""},"categories":[27,3,25],"tags":[],"class_list":["post-116591","post","type-post","status-publish","format-standard","has-post-thumbnail","category-appuntamenti","category-arte-cultura-spettacoli-scienza-archivi","category-pausa-caffe"],"yoast_head":"<!-- This site is optimized with the Yoast SEO plugin v28.4 - https:\/\/yoast.com\/product\/yoast-seo-wordpress\/ -->\n<title>Domenica a Cortina la grande lirica. La Traviata interpretata dal soprano Francesca Dotto - Bellunopress - Dolomiti<\/title>\n<meta name=\"robots\" content=\"index, follow, max-snippet:-1, max-image-preview:large, max-video-preview:-1\" \/>\n<link rel=\"canonical\" href=\"https:\/\/www.bellunopress.it\/fr\/2020\/08\/10\/domenica-a-cortina-la-grande-lirica-la-traviata-interpretata-dal-soprano-francesca-dotto\/\" \/>\n<meta property=\"og:locale\" content=\"fr_FR\" \/>\n<meta property=\"og:type\" content=\"article\" \/>\n<meta property=\"og:title\" content=\"Domenica a Cortina la grande lirica. La Traviata interpretata dal soprano Francesca Dotto - Bellunopress - Dolomiti\" \/>\n<meta property=\"og:description\" content=\"La rassegna, promossa e sostenuta dal Comune di Cortina D\u2019Ampezzo e organizzata da Musincantus, presenta l\u2019evento clou dell\u2019estate: si tratta della celebre opera di Giuseppe Verdi, che sar\u00e0 proposta in forma di concerto e vedr\u00e0 nel ruolo di Violetta Valery la giovane stella della lirica contemporanea, Francesca Dotto, gi\u00e0 protagonista del Concerto di Capodanno del [&hellip;]\" \/>\n<meta property=\"og:url\" content=\"https:\/\/www.bellunopress.it\/fr\/2020\/08\/10\/domenica-a-cortina-la-grande-lirica-la-traviata-interpretata-dal-soprano-francesca-dotto\/\" \/>\n<meta property=\"og:site_name\" content=\"Bellunopress - Dolomiti\" \/>\n<meta property=\"article:publisher\" content=\"https:\/\/www.facebook.com\/profile.php?id=100008943462799\" \/>\n<meta property=\"article:published_time\" content=\"2020-08-10T07:52:50+00:00\" \/>\n<meta property=\"article:modified_time\" content=\"2020-08-10T07:52:51+00:00\" \/>\n<meta property=\"og:image\" content=\"https:\/\/www.bellunopress.it\/wp-content\/uploads\/2020\/08\/Francesca-Dotto_La-Traviata_ph-Yasuko-Kageyama-1_edited.jpg\" \/>\n\t<meta property=\"og:image:width\" content=\"800\" \/>\n\t<meta property=\"og:image:height\" content=\"604\" \/>\n\t<meta property=\"og:image:type\" content=\"image\/jpeg\" \/>\n<meta name=\"author\" content=\"redazione\" \/>\n<meta name=\"twitter:card\" content=\"summary_large_image\" \/>\n<meta name=\"twitter:creator\" content=\"@bellunopress\" \/>\n<meta name=\"twitter:site\" content=\"@bellunopress\" \/>\n<meta name=\"twitter:label1\" content=\"\u00c9crit par\" \/>\n\t<meta name=\"twitter:data1\" content=\"redazione\" \/>\n\t<meta name=\"twitter:label2\" content=\"Dur\u00e9e de lecture estim\u00e9e\" \/>\n\t<meta name=\"twitter:data2\" content=\"1 minute\" \/>\n<script type=\"application\/ld+json\" class=\"yoast-schema-graph\">{\"@context\":\"https:\\\/\\\/schema.org\",\"@graph\":[{\"@type\":\"Article\",\"@id\":\"https:\\\/\\\/www.bellunopress.it\\\/2020\\\/08\\\/10\\\/domenica-a-cortina-la-grande-lirica-la-traviata-interpretata-dal-soprano-francesca-dotto\\\/#article\",\"isPartOf\":{\"@id\":\"https:\\\/\\\/www.bellunopress.it\\\/2020\\\/08\\\/10\\\/domenica-a-cortina-la-grande-lirica-la-traviata-interpretata-dal-soprano-francesca-dotto\\\/\"},\"author\":{\"name\":\"redazione\",\"@id\":\"https:\\\/\\\/www.bellunopress.it\\\/#\\\/schema\\\/person\\\/79bb06722b37ece1c03d3e94beb30d73\"},\"headline\":\"Domenica a Cortina la grande lirica. La Traviata interpretata dal soprano Francesca Dotto\",\"datePublished\":\"2020-08-10T07:52:50+00:00\",\"dateModified\":\"2020-08-10T07:52:51+00:00\",\"mainEntityOfPage\":{\"@id\":\"https:\\\/\\\/www.bellunopress.it\\\/2020\\\/08\\\/10\\\/domenica-a-cortina-la-grande-lirica-la-traviata-interpretata-dal-soprano-francesca-dotto\\\/\"},\"wordCount\":149,\"publisher\":{\"@id\":\"https:\\\/\\\/www.bellunopress.it\\\/#organization\"},\"image\":{\"@id\":\"https:\\\/\\\/www.bellunopress.it\\\/2020\\\/08\\\/10\\\/domenica-a-cortina-la-grande-lirica-la-traviata-interpretata-dal-soprano-francesca-dotto\\\/#primaryimage\"},\"thumbnailUrl\":\"https:\\\/\\\/www.bellunopress.it\\\/wp-content\\\/uploads\\\/2020\\\/08\\\/Francesca-Dotto_La-Traviata_ph-Yasuko-Kageyama-1_edited.jpg\",\"articleSection\":[\"Appuntamenti, Eventi\",\"Arte, Cultura, Spettacoli, Scienza\",\"Pausa Caff\u00e8\"],\"inLanguage\":\"fr-FR\"},{\"@type\":\"WebPage\",\"@id\":\"https:\\\/\\\/www.bellunopress.it\\\/2020\\\/08\\\/10\\\/domenica-a-cortina-la-grande-lirica-la-traviata-interpretata-dal-soprano-francesca-dotto\\\/\",\"url\":\"https:\\\/\\\/www.bellunopress.it\\\/2020\\\/08\\\/10\\\/domenica-a-cortina-la-grande-lirica-la-traviata-interpretata-dal-soprano-francesca-dotto\\\/\",\"name\":\"Domenica a Cortina la grande lirica. La Traviata interpretata dal soprano Francesca Dotto - Bellunopress - Dolomiti\",\"isPartOf\":{\"@id\":\"https:\\\/\\\/www.bellunopress.it\\\/#website\"},\"primaryImageOfPage\":{\"@id\":\"https:\\\/\\\/www.bellunopress.it\\\/2020\\\/08\\\/10\\\/domenica-a-cortina-la-grande-lirica-la-traviata-interpretata-dal-soprano-francesca-dotto\\\/#primaryimage\"},\"image\":{\"@id\":\"https:\\\/\\\/www.bellunopress.it\\\/2020\\\/08\\\/10\\\/domenica-a-cortina-la-grande-lirica-la-traviata-interpretata-dal-soprano-francesca-dotto\\\/#primaryimage\"},\"thumbnailUrl\":\"https:\\\/\\\/www.bellunopress.it\\\/wp-content\\\/uploads\\\/2020\\\/08\\\/Francesca-Dotto_La-Traviata_ph-Yasuko-Kageyama-1_edited.jpg\",\"datePublished\":\"2020-08-10T07:52:50+00:00\",\"dateModified\":\"2020-08-10T07:52:51+00:00\",\"breadcrumb\":{\"@id\":\"https:\\\/\\\/www.bellunopress.it\\\/2020\\\/08\\\/10\\\/domenica-a-cortina-la-grande-lirica-la-traviata-interpretata-dal-soprano-francesca-dotto\\\/#breadcrumb\"},\"inLanguage\":\"fr-FR\",\"potentialAction\":[{\"@type\":\"ReadAction\",\"target\":[\"https:\\\/\\\/www.bellunopress.it\\\/2020\\\/08\\\/10\\\/domenica-a-cortina-la-grande-lirica-la-traviata-interpretata-dal-soprano-francesca-dotto\\\/\"]}]},{\"@type\":\"ImageObject\",\"inLanguage\":\"fr-FR\",\"@id\":\"https:\\\/\\\/www.bellunopress.it\\\/2020\\\/08\\\/10\\\/domenica-a-cortina-la-grande-lirica-la-traviata-interpretata-dal-soprano-francesca-dotto\\\/#primaryimage\",\"url\":\"https:\\\/\\\/www.bellunopress.it\\\/wp-content\\\/uploads\\\/2020\\\/08\\\/Francesca-Dotto_La-Traviata_ph-Yasuko-Kageyama-1_edited.jpg\",\"contentUrl\":\"https:\\\/\\\/www.bellunopress.it\\\/wp-content\\\/uploads\\\/2020\\\/08\\\/Francesca-Dotto_La-Traviata_ph-Yasuko-Kageyama-1_edited.jpg\",\"width\":800,\"height\":604,\"caption\":\"Francesca Dotto, soprano (ph Yasuko Kageyama)\"},{\"@type\":\"BreadcrumbList\",\"@id\":\"https:\\\/\\\/www.bellunopress.it\\\/2020\\\/08\\\/10\\\/domenica-a-cortina-la-grande-lirica-la-traviata-interpretata-dal-soprano-francesca-dotto\\\/#breadcrumb\",\"itemListElement\":[{\"@type\":\"ListItem\",\"position\":1,\"name\":\"Home\",\"item\":\"https:\\\/\\\/www.bellunopress.it\\\/\"},{\"@type\":\"ListItem\",\"position\":2,\"name\":\"Domenica a Cortina la grande lirica. La Traviata interpretata dal soprano Francesca Dotto\"}]},{\"@type\":\"WebSite\",\"@id\":\"https:\\\/\\\/www.bellunopress.it\\\/#website\",\"url\":\"https:\\\/\\\/www.bellunopress.it\\\/\",\"name\":\"Bellunopress - Dolomiti\",\"description\":\"e-mail: redazione@bellunopress.it\",\"publisher\":{\"@id\":\"https:\\\/\\\/www.bellunopress.it\\\/#organization\"},\"potentialAction\":[{\"@type\":\"SearchAction\",\"target\":{\"@type\":\"EntryPoint\",\"urlTemplate\":\"https:\\\/\\\/www.bellunopress.it\\\/?s={search_term_string}\"},\"query-input\":{\"@type\":\"PropertyValueSpecification\",\"valueRequired\":true,\"valueName\":\"search_term_string\"}}],\"inLanguage\":\"fr-FR\"},{\"@type\":\"Organization\",\"@id\":\"https:\\\/\\\/www.bellunopress.it\\\/#organization\",\"name\":\"Bellunopress\",\"url\":\"https:\\\/\\\/www.bellunopress.it\\\/\",\"logo\":{\"@type\":\"ImageObject\",\"inLanguage\":\"fr-FR\",\"@id\":\"https:\\\/\\\/www.bellunopress.it\\\/#\\\/schema\\\/logo\\\/image\\\/\",\"url\":\"https:\\\/\\\/www.bellunopress.it\\\/wp-content\\\/uploads\\\/2011\\\/05\\\/cropped-logo-bellunopress-.jpg\",\"contentUrl\":\"https:\\\/\\\/www.bellunopress.it\\\/wp-content\\\/uploads\\\/2011\\\/05\\\/cropped-logo-bellunopress-.jpg\",\"width\":512,\"height\":512,\"caption\":\"Bellunopress\"},\"image\":{\"@id\":\"https:\\\/\\\/www.bellunopress.it\\\/#\\\/schema\\\/logo\\\/image\\\/\"},\"sameAs\":[\"https:\\\/\\\/www.facebook.com\\\/profile.php?id=100008943462799\",\"https:\\\/\\\/x.com\\\/bellunopress\",\"https:\\\/\\\/www.linkedin.com\\\/hp\\\/?dnr=JBzUWaJfMUw8vbXJJ2tVW5-I3jZKvC4wsoxE&amp;amp;amp;amp;amp;amp;trk=nav_responsive_tab_home\",\"https:\\\/\\\/www.youtube.com\\\/channel\\\/UCxL0wu1uN0_3_7hGG0306cw\"]},{\"@type\":\"Person\",\"@id\":\"https:\\\/\\\/www.bellunopress.it\\\/#\\\/schema\\\/person\\\/79bb06722b37ece1c03d3e94beb30d73\",\"name\":\"redazione\",\"image\":{\"@type\":\"ImageObject\",\"inLanguage\":\"fr-FR\",\"@id\":\"https:\\\/\\\/secure.gravatar.com\\\/avatar\\\/37d968a2e67a6fd04c169c4bdef102d0bc5d31b2546345219e348575eb80e9a0?s=96&d=mm&r=g\",\"url\":\"https:\\\/\\\/secure.gravatar.com\\\/avatar\\\/37d968a2e67a6fd04c169c4bdef102d0bc5d31b2546345219e348575eb80e9a0?s=96&d=mm&r=g\",\"contentUrl\":\"https:\\\/\\\/secure.gravatar.com\\\/avatar\\\/37d968a2e67a6fd04c169c4bdef102d0bc5d31b2546345219e348575eb80e9a0?s=96&d=mm&r=g\",\"caption\":\"redazione\"},\"sameAs\":[\"http:\\\/\\\/www.bellunopress.it\",\"https:\\\/\\\/x.com\\\/bellunopress\"],\"url\":\"https:\\\/\\\/www.bellunopress.it\\\/fr\\\/author\\\/redazione\\\/\"}]}<\/script>\n<!-- \/ Yoast SEO plugin. -->","yoast_head_json":{"title":"Domenica a Cortina la grande lirica. La Traviata interpretata dal soprano Francesca Dotto - Bellunopress - Dolomiti","robots":{"index":"index","follow":"follow","max-snippet":"max-snippet:-1","max-image-preview":"max-image-preview:large","max-video-preview":"max-video-preview:-1"},"canonical":"https:\/\/www.bellunopress.it\/fr\/2020\/08\/10\/domenica-a-cortina-la-grande-lirica-la-traviata-interpretata-dal-soprano-francesca-dotto\/","og_locale":"fr_FR","og_type":"article","og_title":"Domenica a Cortina la grande lirica. La Traviata interpretata dal soprano Francesca Dotto - Bellunopress - Dolomiti","og_description":"La rassegna, promossa e sostenuta dal Comune di Cortina D\u2019Ampezzo e organizzata da Musincantus, presenta l\u2019evento clou dell\u2019estate: si tratta della celebre opera di Giuseppe Verdi, che sar\u00e0 proposta in forma di concerto e vedr\u00e0 nel ruolo di Violetta Valery la giovane stella della lirica contemporanea, Francesca Dotto, gi\u00e0 protagonista del Concerto di Capodanno del [&hellip;]","og_url":"https:\/\/www.bellunopress.it\/fr\/2020\/08\/10\/domenica-a-cortina-la-grande-lirica-la-traviata-interpretata-dal-soprano-francesca-dotto\/","og_site_name":"Bellunopress - Dolomiti","article_publisher":"https:\/\/www.facebook.com\/profile.php?id=100008943462799","article_published_time":"2020-08-10T07:52:50+00:00","article_modified_time":"2020-08-10T07:52:51+00:00","og_image":[{"width":800,"height":604,"url":"https:\/\/www.bellunopress.it\/wp-content\/uploads\/2020\/08\/Francesca-Dotto_La-Traviata_ph-Yasuko-Kageyama-1_edited.jpg","type":"image\/jpeg"}],"author":"redazione","twitter_card":"summary_large_image","twitter_creator":"@bellunopress","twitter_site":"@bellunopress","twitter_misc":{"\u00c9crit par":"redazione","Dur\u00e9e de lecture estim\u00e9e":"1 minute"},"schema":{"@context":"https:\/\/schema.org","@graph":[{"@type":"Article","@id":"https:\/\/www.bellunopress.it\/2020\/08\/10\/domenica-a-cortina-la-grande-lirica-la-traviata-interpretata-dal-soprano-francesca-dotto\/#article","isPartOf":{"@id":"https:\/\/www.bellunopress.it\/2020\/08\/10\/domenica-a-cortina-la-grande-lirica-la-traviata-interpretata-dal-soprano-francesca-dotto\/"},"author":{"name":"redazione","@id":"https:\/\/www.bellunopress.it\/#\/schema\/person\/79bb06722b37ece1c03d3e94beb30d73"},"headline":"Domenica a Cortina la grande lirica. La Traviata interpretata dal soprano Francesca Dotto","datePublished":"2020-08-10T07:52:50+00:00","dateModified":"2020-08-10T07:52:51+00:00","mainEntityOfPage":{"@id":"https:\/\/www.bellunopress.it\/2020\/08\/10\/domenica-a-cortina-la-grande-lirica-la-traviata-interpretata-dal-soprano-francesca-dotto\/"},"wordCount":149,"publisher":{"@id":"https:\/\/www.bellunopress.it\/#organization"},"image":{"@id":"https:\/\/www.bellunopress.it\/2020\/08\/10\/domenica-a-cortina-la-grande-lirica-la-traviata-interpretata-dal-soprano-francesca-dotto\/#primaryimage"},"thumbnailUrl":"https:\/\/www.bellunopress.it\/wp-content\/uploads\/2020\/08\/Francesca-Dotto_La-Traviata_ph-Yasuko-Kageyama-1_edited.jpg","articleSection":["Appuntamenti, Eventi","Arte, Cultura, Spettacoli, Scienza","Pausa Caff\u00e8"],"inLanguage":"fr-FR"},{"@type":"WebPage","@id":"https:\/\/www.bellunopress.it\/2020\/08\/10\/domenica-a-cortina-la-grande-lirica-la-traviata-interpretata-dal-soprano-francesca-dotto\/","url":"https:\/\/www.bellunopress.it\/2020\/08\/10\/domenica-a-cortina-la-grande-lirica-la-traviata-interpretata-dal-soprano-francesca-dotto\/","name":"Domenica a Cortina la grande lirica. La Traviata interpretata dal soprano Francesca Dotto - Bellunopress - Dolomiti","isPartOf":{"@id":"https:\/\/www.bellunopress.it\/#website"},"primaryImageOfPage":{"@id":"https:\/\/www.bellunopress.it\/2020\/08\/10\/domenica-a-cortina-la-grande-lirica-la-traviata-interpretata-dal-soprano-francesca-dotto\/#primaryimage"},"image":{"@id":"https:\/\/www.bellunopress.it\/2020\/08\/10\/domenica-a-cortina-la-grande-lirica-la-traviata-interpretata-dal-soprano-francesca-dotto\/#primaryimage"},"thumbnailUrl":"https:\/\/www.bellunopress.it\/wp-content\/uploads\/2020\/08\/Francesca-Dotto_La-Traviata_ph-Yasuko-Kageyama-1_edited.jpg","datePublished":"2020-08-10T07:52:50+00:00","dateModified":"2020-08-10T07:52:51+00:00","breadcrumb":{"@id":"https:\/\/www.bellunopress.it\/2020\/08\/10\/domenica-a-cortina-la-grande-lirica-la-traviata-interpretata-dal-soprano-francesca-dotto\/#breadcrumb"},"inLanguage":"fr-FR","potentialAction":[{"@type":"ReadAction","target":["https:\/\/www.bellunopress.it\/2020\/08\/10\/domenica-a-cortina-la-grande-lirica-la-traviata-interpretata-dal-soprano-francesca-dotto\/"]}]},{"@type":"ImageObject","inLanguage":"fr-FR","@id":"https:\/\/www.bellunopress.it\/2020\/08\/10\/domenica-a-cortina-la-grande-lirica-la-traviata-interpretata-dal-soprano-francesca-dotto\/#primaryimage","url":"https:\/\/www.bellunopress.it\/wp-content\/uploads\/2020\/08\/Francesca-Dotto_La-Traviata_ph-Yasuko-Kageyama-1_edited.jpg","contentUrl":"https:\/\/www.bellunopress.it\/wp-content\/uploads\/2020\/08\/Francesca-Dotto_La-Traviata_ph-Yasuko-Kageyama-1_edited.jpg","width":800,"height":604,"caption":"Francesca Dotto, soprano (ph Yasuko Kageyama)"},{"@type":"BreadcrumbList","@id":"https:\/\/www.bellunopress.it\/2020\/08\/10\/domenica-a-cortina-la-grande-lirica-la-traviata-interpretata-dal-soprano-francesca-dotto\/#breadcrumb","itemListElement":[{"@type":"ListItem","position":1,"name":"Home","item":"https:\/\/www.bellunopress.it\/"},{"@type":"ListItem","position":2,"name":"Domenica a Cortina la grande lirica. La Traviata interpretata dal soprano Francesca Dotto"}]},{"@type":"WebSite","@id":"https:\/\/www.bellunopress.it\/#website","url":"https:\/\/www.bellunopress.it\/","name":"Bellunopress - Dolomiti","description":"e-mail: redazione@bellunopress.it","publisher":{"@id":"https:\/\/www.bellunopress.it\/#organization"},"potentialAction":[{"@type":"SearchAction","target":{"@type":"EntryPoint","urlTemplate":"https:\/\/www.bellunopress.it\/?s={search_term_string}"},"query-input":{"@type":"PropertyValueSpecification","valueRequired":true,"valueName":"search_term_string"}}],"inLanguage":"fr-FR"},{"@type":"Organization","@id":"https:\/\/www.bellunopress.it\/#organization","name":"Bellunopress","url":"https:\/\/www.bellunopress.it\/","logo":{"@type":"ImageObject","inLanguage":"fr-FR","@id":"https:\/\/www.bellunopress.it\/#\/schema\/logo\/image\/","url":"https:\/\/www.bellunopress.it\/wp-content\/uploads\/2011\/05\/cropped-logo-bellunopress-.jpg","contentUrl":"https:\/\/www.bellunopress.it\/wp-content\/uploads\/2011\/05\/cropped-logo-bellunopress-.jpg","width":512,"height":512,"caption":"Bellunopress"},"image":{"@id":"https:\/\/www.bellunopress.it\/#\/schema\/logo\/image\/"},"sameAs":["https:\/\/www.facebook.com\/profile.php?id=100008943462799","https:\/\/x.com\/bellunopress","https:\/\/www.linkedin.com\/hp\/?dnr=JBzUWaJfMUw8vbXJJ2tVW5-I3jZKvC4wsoxE&amp;amp;amp;amp;amp;amp;trk=nav_responsive_tab_home","https:\/\/www.youtube.com\/channel\/UCxL0wu1uN0_3_7hGG0306cw"]},{"@type":"Person","@id":"https:\/\/www.bellunopress.it\/#\/schema\/person\/79bb06722b37ece1c03d3e94beb30d73","name":"r\u00e9daction","image":{"@type":"ImageObject","inLanguage":"fr-FR","@id":"https:\/\/secure.gravatar.com\/avatar\/37d968a2e67a6fd04c169c4bdef102d0bc5d31b2546345219e348575eb80e9a0?s=96&d=mm&r=g","url":"https:\/\/secure.gravatar.com\/avatar\/37d968a2e67a6fd04c169c4bdef102d0bc5d31b2546345219e348575eb80e9a0?s=96&d=mm&r=g","contentUrl":"https:\/\/secure.gravatar.com\/avatar\/37d968a2e67a6fd04c169c4bdef102d0bc5d31b2546345219e348575eb80e9a0?s=96&d=mm&r=g","caption":"redazione"},"sameAs":["http:\/\/www.bellunopress.it","https:\/\/x.com\/bellunopress"],"url":"https:\/\/www.bellunopress.it\/fr\/author\/redazione\/"}]}},"_links":{"self":[{"href":"https:\/\/www.bellunopress.it\/fr\/wp-json\/wp\/v2\/posts\/116591","targetHints":{"allow":["GET"]}}],"collection":[{"href":"https:\/\/www.bellunopress.it\/fr\/wp-json\/wp\/v2\/posts"}],"about":[{"href":"https:\/\/www.bellunopress.it\/fr\/wp-json\/wp\/v2\/types\/post"}],"author":[{"embeddable":true,"href":"https:\/\/www.bellunopress.it\/fr\/wp-json\/wp\/v2\/users\/2"}],"replies":[{"embeddable":true,"href":"https:\/\/www.bellunopress.it\/fr\/wp-json\/wp\/v2\/comments?post=116591"}],"version-history":[{"count":2,"href":"https:\/\/www.bellunopress.it\/fr\/wp-json\/wp\/v2\/posts\/116591\/revisions"}],"predecessor-version":[{"id":116594,"href":"https:\/\/www.bellunopress.it\/fr\/wp-json\/wp\/v2\/posts\/116591\/revisions\/116594"}],"wp:featuredmedia":[{"embeddable":true,"href":"https:\/\/www.bellunopress.it\/fr\/wp-json\/wp\/v2\/media\/116592"}],"wp:attachment":[{"href":"https:\/\/www.bellunopress.it\/fr\/wp-json\/wp\/v2\/media?parent=116591"}],"wp:term":[{"taxonomy":"category","embeddable":true,"href":"https:\/\/www.bellunopress.it\/fr\/wp-json\/wp\/v2\/categories?post=116591"},{"taxonomy":"post_tag","embeddable":true,"href":"https:\/\/www.bellunopress.it\/fr\/wp-json\/wp\/v2\/tags?post=116591"}],"curies":[{"name":"wp","href":"https:\/\/api.w.org\/{rel}","templated":true}]}}