{"id":116587,"date":"2020-08-10T09:16:59","date_gmt":"2020-08-10T07:16:59","guid":{"rendered":"http:\/\/www.bellunopress.it\/?p=116587"},"modified":"2020-08-10T09:16:59","modified_gmt":"2020-08-10T07:16:59","slug":"190-atleti-e-50-societa-la-corsa-in-montagna-e-ripartita-ieri-da-limana","status":"publish","type":"post","link":"https:\/\/www.bellunopress.it\/fr\/2020\/08\/10\/190-atleti-e-50-societa-la-corsa-in-montagna-e-ripartita-ieri-da-limana\/","title":{"rendered":"190 atleti e 50 societ\u00e0, la corsa in montagna \u00e8 ripartita ieri da Limana"},"content":{"rendered":"<p><a href=\"http:\/\/www.bellunopress.it\/fr\/2020\/08\/10\/190-atleti-e-50-societa-la-corsa-in-montagna-e-ripartita-ieri-da-limana\/campionati-regionali-corsa-in-montagna-valpiana-limana_edited\/\" rel=\"attachment wp-att-116588\"><img loading=\"lazy\" decoding=\"async\" class=\"alignleft size-full wp-image-116588\" src=\"http:\/\/www.bellunopress.it\/wp-content\/uploads\/2020\/08\/Campionati-regionali-corsa-in-montagna-Valpiana-Limana_edited.jpg\" alt=\"\" width=\"563\" height=\"346\" srcset=\"https:\/\/www.bellunopress.it\/wp-content\/uploads\/2020\/08\/Campionati-regionali-corsa-in-montagna-Valpiana-Limana_edited.jpg 563w, https:\/\/www.bellunopress.it\/wp-content\/uploads\/2020\/08\/Campionati-regionali-corsa-in-montagna-Valpiana-Limana_edited-500x307.jpg 500w, https:\/\/www.bellunopress.it\/wp-content\/uploads\/2020\/08\/Campionati-regionali-corsa-in-montagna-Valpiana-Limana_edited-356x220.jpg 356w\" sizes=\"auto, (max-width: 563px) 100vw, 563px\" \/><\/a>Limana (Belluno), 9 agosto 2020 \u2013 Sono stati 190 i concorrenti che domenica 9 agosto hanno dato vita al Campionato regionale veneto di corsa in montagna: La manifestazione, organizzata da Bellunoatletica M.G.B, sodalizio che nel 2019 aveva proposto i tricolori giovanili della specialit\u00e0, si \u00e8 svolta a Valpiana, in comune di Limana. La grande giornata di caldo, con temperature sopra i trenta gradi, e il percorso tecnico ha impegnato parecchie tutte le categorie in gara, da quella ragazzi fino ai Master.<\/p>\n<p>La manifestazione, che ha visto gareggiare anche alcuni atleti provenienti da Trentino Alto Adige e Friuli Venezia Giulia, si \u00e8 svolta con l&#8217;inusuale formula del cronometro, per garantire il distanziamento sociale imposto dalle normative sanitarie in materia di contenimento del Covid-19: le partenze degli atleti sono state ogni 30 secondi.<\/p>\n<p><strong>Questi i nuovi campioni regionali<\/strong><\/p>\n<p>MASCHILE \u2013 Seniores: Giacomo Esposito (Tornado); Promesse: Mihail Sirbu (Gs Quantin Alpenplus); Sm35: Filippo Barizza (Atletica Dolomiti Belluno); Sm40: Gabriele Toffoli (Atletica Agordina); Sm45: Fabrizio Paro (Atletica San Biagio); Sm50: Hamid Nfafta (Atletica Valdobbiadene); Sm55: Fabrizio Casagrande (Cimavilla running team); Sm60: Lorenzo Andreose (Virtus Este); Sm65: Oddone Tubia (Atletica Sernaglia); Sm70: Salvatore Puglisi (Voltan);<\/p>\n<p>Sm75: Antonio Valle (Voltan); Sm80: Mirko Roffar\u00e8 (Gs Quantin Alpenplus); Juniores: Matteo Muraro (Team Treviso); Allievi: Patrick Da Rold (Atletica Dolomiti Belluno); Cadetti: Demis Salin (Csi Atletica Vicenza); Ragazzi: Simone Vallortigara (Csi Atletica Vicenza).<\/p>\n<p>FEMMINILE \u2013 Seniores: Sonia Matten (Athletic club Belluno Firex); Promesse: Giulia Pol (Atletica Trichiana); Sf 35: Manuela Bulf (Atletica Agordina); Sf40: Chiara Lamberti (Atletica Vittorio Veneto); Sf45: Patrizia Zanette (Atletica Dolomiti Belluno); Sf50: Stefania Satini (Atletica Dolomiti Belluno); Sf55: Marina Grando (Atletica Valdobbiadene); Sf60: Maria Liliana Cossalter (Atletica Valdobbiadene); Sf65: Maria Cristina Dal Santo (Aaa Malo); Sf75: Maria Grazia De Colle (Gs Quantin Alpenplus); Juniores: Laura Mazzoleni Ferracini (Atletica Dolomiti Belluno); Cadette: Lucia Arnoldo (Bellunoatletica); Ragazze: Alessia Miniutti (Ga Aristide Coin)<\/p>\n<p>Queste le distanze percorse da ogni singola categoria. Ragazze 1290 metri; Cadette 2580 metri; Allieve 2580 metri; Juniores donne 4500 metri; Promesse \u2013 Senior e Master donne 9000 metri; Ragazzi 1290 metri; Cadetti 2580 metri; Allievi 4500 metri; Juniores 4500 metri; Promesse \u2013 Senior e Master uomini 9000 metri.<\/p>\n<p>\u00abAbbiamo voluto fortemente questa manifestazione e siamo stati ripagati da una partecipazione ben oltre le aspettative: aspettavamo attorno ai centocinquanta concorrenti e ne sono arrivati invece 190, in rappresentanza di cinquanta societ\u00e0\u00bb dice Elio Dal Magro, presidente di Bellunoatletica Mgb. \u00abIl meteo ci ha dato una grossa mano, cos\u00ec come un aiuto fondamentale \u00e8 stato quello dell&#8217;amministrazione comunale di Limana e dei tanti volontari. Con questo evento abbiamo voluto non solo proporre un momento tecnico importante, soprattutto per i nostri giovani, ma anche dare un segnale forte di ripartenza dopo tanti mesi di stop\u00bb.<\/p>\n<p><a href=\"http:\/\/sci.ficr.it\/default.asp?p=Ym9keV9yZXN1bHRzLmFzcD9wX0Fubm89MjAyMCZwX0NvZGljZT0xMDcmcF9HYXJhPTEmcF9UaXBvVHVybm89TSZwX01hbmNoZT0xJmZpbmFsZT0xJnBfTGluZ3VhPUlUQSZwX2lzU2NpUGx1cz0w\">Qui le classifiche<\/a><\/p>\n<p>Qui le immagini: <a href=\"https:\/\/www.youtube.com\/watch?v=PWCa4O45dLg\">https:\/\/www.youtube.com\/watch?v=PWCa4O45dLg<\/a><\/p>","protected":false},"excerpt":{"rendered":"<p>Limana (Belluno), 9 agosto 2020 \u2013 Sono stati 190 i concorrenti che domenica 9 agosto hanno dato vita al Campionato regionale veneto di corsa in montagna: La manifestazione, organizzata da Bellunoatletica M.G.B, sodalizio che nel 2019 aveva proposto i tricolori giovanili della specialit\u00e0, si \u00e8 svolta a Valpiana, in comune di Limana. La grande giornata [&hellip;]<\/p>\n","protected":false},"author":2,"featured_media":116588,"comment_status":"closed","ping_status":"open","sticky":false,"template":"","format":"standard","meta":{"footnotes":""},"categories":[4],"tags":[],"class_list":["post-116587","post","type-post","status-publish","format-standard","has-post-thumbnail","category-sport"],"yoast_head":"<!-- This site is optimized with the Yoast SEO plugin v28.4 - https:\/\/yoast.com\/product\/yoast-seo-wordpress\/ -->\n<title>190 atleti e 50 societ\u00e0, la corsa in montagna \u00e8 ripartita ieri da Limana - Bellunopress - Dolomiti<\/title>\n<meta name=\"robots\" content=\"index, follow, max-snippet:-1, max-image-preview:large, max-video-preview:-1\" \/>\n<link rel=\"canonical\" href=\"https:\/\/www.bellunopress.it\/fr\/2020\/08\/10\/190-atleti-e-50-societa-la-corsa-in-montagna-e-ripartita-ieri-da-limana\/\" \/>\n<meta property=\"og:locale\" content=\"fr_FR\" \/>\n<meta property=\"og:type\" content=\"article\" \/>\n<meta property=\"og:title\" content=\"190 atleti e 50 societ\u00e0, la corsa in montagna \u00e8 ripartita ieri da Limana - Bellunopress - Dolomiti\" \/>\n<meta property=\"og:description\" content=\"Limana (Belluno), 9 agosto 2020 \u2013 Sono stati 190 i concorrenti che domenica 9 agosto hanno dato vita al Campionato regionale veneto di corsa in montagna: La manifestazione, organizzata da Bellunoatletica M.G.B, sodalizio che nel 2019 aveva proposto i tricolori giovanili della specialit\u00e0, si \u00e8 svolta a Valpiana, in comune di Limana. La grande giornata [&hellip;]\" \/>\n<meta property=\"og:url\" content=\"https:\/\/www.bellunopress.it\/fr\/2020\/08\/10\/190-atleti-e-50-societa-la-corsa-in-montagna-e-ripartita-ieri-da-limana\/\" \/>\n<meta property=\"og:site_name\" content=\"Bellunopress - Dolomiti\" \/>\n<meta property=\"article:publisher\" content=\"https:\/\/www.facebook.com\/profile.php?id=100008943462799\" \/>\n<meta property=\"article:published_time\" content=\"2020-08-10T07:16:59+00:00\" \/>\n<meta property=\"og:image\" content=\"https:\/\/www.bellunopress.it\/wp-content\/uploads\/2020\/08\/Campionati-regionali-corsa-in-montagna-Valpiana-Limana_edited.jpg\" \/>\n\t<meta property=\"og:image:width\" content=\"563\" \/>\n\t<meta property=\"og:image:height\" content=\"346\" \/>\n\t<meta property=\"og:image:type\" content=\"image\/jpeg\" \/>\n<meta name=\"author\" content=\"redazione\" \/>\n<meta name=\"twitter:card\" content=\"summary_large_image\" \/>\n<meta name=\"twitter:creator\" content=\"@bellunopress\" \/>\n<meta name=\"twitter:site\" content=\"@bellunopress\" \/>\n<meta name=\"twitter:label1\" content=\"\u00c9crit par\" \/>\n\t<meta name=\"twitter:data1\" content=\"redazione\" \/>\n\t<meta name=\"twitter:label2\" content=\"Dur\u00e9e de lecture estim\u00e9e\" \/>\n\t<meta name=\"twitter:data2\" content=\"2 minutes\" \/>\n<script type=\"application\/ld+json\" class=\"yoast-schema-graph\">{\"@context\":\"https:\\\/\\\/schema.org\",\"@graph\":[{\"@type\":\"Article\",\"@id\":\"https:\\\/\\\/www.bellunopress.it\\\/2020\\\/08\\\/10\\\/190-atleti-e-50-societa-la-corsa-in-montagna-e-ripartita-ieri-da-limana\\\/#article\",\"isPartOf\":{\"@id\":\"https:\\\/\\\/www.bellunopress.it\\\/2020\\\/08\\\/10\\\/190-atleti-e-50-societa-la-corsa-in-montagna-e-ripartita-ieri-da-limana\\\/\"},\"author\":{\"name\":\"redazione\",\"@id\":\"https:\\\/\\\/www.bellunopress.it\\\/#\\\/schema\\\/person\\\/79bb06722b37ece1c03d3e94beb30d73\"},\"headline\":\"190 atleti e 50 societ\u00e0, la corsa in montagna \u00e8 ripartita ieri da Limana\",\"datePublished\":\"2020-08-10T07:16:59+00:00\",\"mainEntityOfPage\":{\"@id\":\"https:\\\/\\\/www.bellunopress.it\\\/2020\\\/08\\\/10\\\/190-atleti-e-50-societa-la-corsa-in-montagna-e-ripartita-ieri-da-limana\\\/\"},\"wordCount\":452,\"publisher\":{\"@id\":\"https:\\\/\\\/www.bellunopress.it\\\/#organization\"},\"image\":{\"@id\":\"https:\\\/\\\/www.bellunopress.it\\\/2020\\\/08\\\/10\\\/190-atleti-e-50-societa-la-corsa-in-montagna-e-ripartita-ieri-da-limana\\\/#primaryimage\"},\"thumbnailUrl\":\"https:\\\/\\\/www.bellunopress.it\\\/wp-content\\\/uploads\\\/2020\\\/08\\\/Campionati-regionali-corsa-in-montagna-Valpiana-Limana_edited.jpg\",\"articleSection\":[\"Sport, tempo libero\"],\"inLanguage\":\"fr-FR\"},{\"@type\":\"WebPage\",\"@id\":\"https:\\\/\\\/www.bellunopress.it\\\/2020\\\/08\\\/10\\\/190-atleti-e-50-societa-la-corsa-in-montagna-e-ripartita-ieri-da-limana\\\/\",\"url\":\"https:\\\/\\\/www.bellunopress.it\\\/2020\\\/08\\\/10\\\/190-atleti-e-50-societa-la-corsa-in-montagna-e-ripartita-ieri-da-limana\\\/\",\"name\":\"190 atleti e 50 societ\u00e0, la corsa in montagna \u00e8 ripartita ieri da Limana - Bellunopress - Dolomiti\",\"isPartOf\":{\"@id\":\"https:\\\/\\\/www.bellunopress.it\\\/#website\"},\"primaryImageOfPage\":{\"@id\":\"https:\\\/\\\/www.bellunopress.it\\\/2020\\\/08\\\/10\\\/190-atleti-e-50-societa-la-corsa-in-montagna-e-ripartita-ieri-da-limana\\\/#primaryimage\"},\"image\":{\"@id\":\"https:\\\/\\\/www.bellunopress.it\\\/2020\\\/08\\\/10\\\/190-atleti-e-50-societa-la-corsa-in-montagna-e-ripartita-ieri-da-limana\\\/#primaryimage\"},\"thumbnailUrl\":\"https:\\\/\\\/www.bellunopress.it\\\/wp-content\\\/uploads\\\/2020\\\/08\\\/Campionati-regionali-corsa-in-montagna-Valpiana-Limana_edited.jpg\",\"datePublished\":\"2020-08-10T07:16:59+00:00\",\"breadcrumb\":{\"@id\":\"https:\\\/\\\/www.bellunopress.it\\\/2020\\\/08\\\/10\\\/190-atleti-e-50-societa-la-corsa-in-montagna-e-ripartita-ieri-da-limana\\\/#breadcrumb\"},\"inLanguage\":\"fr-FR\",\"potentialAction\":[{\"@type\":\"ReadAction\",\"target\":[\"https:\\\/\\\/www.bellunopress.it\\\/2020\\\/08\\\/10\\\/190-atleti-e-50-societa-la-corsa-in-montagna-e-ripartita-ieri-da-limana\\\/\"]}]},{\"@type\":\"ImageObject\",\"inLanguage\":\"fr-FR\",\"@id\":\"https:\\\/\\\/www.bellunopress.it\\\/2020\\\/08\\\/10\\\/190-atleti-e-50-societa-la-corsa-in-montagna-e-ripartita-ieri-da-limana\\\/#primaryimage\",\"url\":\"https:\\\/\\\/www.bellunopress.it\\\/wp-content\\\/uploads\\\/2020\\\/08\\\/Campionati-regionali-corsa-in-montagna-Valpiana-Limana_edited.jpg\",\"contentUrl\":\"https:\\\/\\\/www.bellunopress.it\\\/wp-content\\\/uploads\\\/2020\\\/08\\\/Campionati-regionali-corsa-in-montagna-Valpiana-Limana_edited.jpg\",\"width\":563,\"height\":346},{\"@type\":\"BreadcrumbList\",\"@id\":\"https:\\\/\\\/www.bellunopress.it\\\/2020\\\/08\\\/10\\\/190-atleti-e-50-societa-la-corsa-in-montagna-e-ripartita-ieri-da-limana\\\/#breadcrumb\",\"itemListElement\":[{\"@type\":\"ListItem\",\"position\":1,\"name\":\"Home\",\"item\":\"https:\\\/\\\/www.bellunopress.it\\\/\"},{\"@type\":\"ListItem\",\"position\":2,\"name\":\"190 atleti e 50 societ\u00e0, la corsa in montagna \u00e8 ripartita ieri da Limana\"}]},{\"@type\":\"WebSite\",\"@id\":\"https:\\\/\\\/www.bellunopress.it\\\/#website\",\"url\":\"https:\\\/\\\/www.bellunopress.it\\\/\",\"name\":\"Bellunopress - Dolomiti\",\"description\":\"e-mail: redazione@bellunopress.it\",\"publisher\":{\"@id\":\"https:\\\/\\\/www.bellunopress.it\\\/#organization\"},\"potentialAction\":[{\"@type\":\"SearchAction\",\"target\":{\"@type\":\"EntryPoint\",\"urlTemplate\":\"https:\\\/\\\/www.bellunopress.it\\\/?s={search_term_string}\"},\"query-input\":{\"@type\":\"PropertyValueSpecification\",\"valueRequired\":true,\"valueName\":\"search_term_string\"}}],\"inLanguage\":\"fr-FR\"},{\"@type\":\"Organization\",\"@id\":\"https:\\\/\\\/www.bellunopress.it\\\/#organization\",\"name\":\"Bellunopress\",\"url\":\"https:\\\/\\\/www.bellunopress.it\\\/\",\"logo\":{\"@type\":\"ImageObject\",\"inLanguage\":\"fr-FR\",\"@id\":\"https:\\\/\\\/www.bellunopress.it\\\/#\\\/schema\\\/logo\\\/image\\\/\",\"url\":\"https:\\\/\\\/www.bellunopress.it\\\/wp-content\\\/uploads\\\/2011\\\/05\\\/cropped-logo-bellunopress-.jpg\",\"contentUrl\":\"https:\\\/\\\/www.bellunopress.it\\\/wp-content\\\/uploads\\\/2011\\\/05\\\/cropped-logo-bellunopress-.jpg\",\"width\":512,\"height\":512,\"caption\":\"Bellunopress\"},\"image\":{\"@id\":\"https:\\\/\\\/www.bellunopress.it\\\/#\\\/schema\\\/logo\\\/image\\\/\"},\"sameAs\":[\"https:\\\/\\\/www.facebook.com\\\/profile.php?id=100008943462799\",\"https:\\\/\\\/x.com\\\/bellunopress\",\"https:\\\/\\\/www.linkedin.com\\\/hp\\\/?dnr=JBzUWaJfMUw8vbXJJ2tVW5-I3jZKvC4wsoxE&amp;amp;amp;amp;amp;amp;trk=nav_responsive_tab_home\",\"https:\\\/\\\/www.youtube.com\\\/channel\\\/UCxL0wu1uN0_3_7hGG0306cw\"]},{\"@type\":\"Person\",\"@id\":\"https:\\\/\\\/www.bellunopress.it\\\/#\\\/schema\\\/person\\\/79bb06722b37ece1c03d3e94beb30d73\",\"name\":\"redazione\",\"image\":{\"@type\":\"ImageObject\",\"inLanguage\":\"fr-FR\",\"@id\":\"https:\\\/\\\/secure.gravatar.com\\\/avatar\\\/37d968a2e67a6fd04c169c4bdef102d0bc5d31b2546345219e348575eb80e9a0?s=96&d=mm&r=g\",\"url\":\"https:\\\/\\\/secure.gravatar.com\\\/avatar\\\/37d968a2e67a6fd04c169c4bdef102d0bc5d31b2546345219e348575eb80e9a0?s=96&d=mm&r=g\",\"contentUrl\":\"https:\\\/\\\/secure.gravatar.com\\\/avatar\\\/37d968a2e67a6fd04c169c4bdef102d0bc5d31b2546345219e348575eb80e9a0?s=96&d=mm&r=g\",\"caption\":\"redazione\"},\"sameAs\":[\"http:\\\/\\\/www.bellunopress.it\",\"https:\\\/\\\/x.com\\\/bellunopress\"],\"url\":\"https:\\\/\\\/www.bellunopress.it\\\/fr\\\/author\\\/redazione\\\/\"}]}<\/script>\n<!-- \/ Yoast SEO plugin. -->","yoast_head_json":{"title":"190 atleti e 50 societ\u00e0, la corsa in montagna \u00e8 ripartita ieri da Limana - Bellunopress - Dolomiti","robots":{"index":"index","follow":"follow","max-snippet":"max-snippet:-1","max-image-preview":"max-image-preview:large","max-video-preview":"max-video-preview:-1"},"canonical":"https:\/\/www.bellunopress.it\/fr\/2020\/08\/10\/190-atleti-e-50-societa-la-corsa-in-montagna-e-ripartita-ieri-da-limana\/","og_locale":"fr_FR","og_type":"article","og_title":"190 atleti e 50 societ\u00e0, la corsa in montagna \u00e8 ripartita ieri da Limana - Bellunopress - Dolomiti","og_description":"Limana (Belluno), 9 agosto 2020 \u2013 Sono stati 190 i concorrenti che domenica 9 agosto hanno dato vita al Campionato regionale veneto di corsa in montagna: La manifestazione, organizzata da Bellunoatletica M.G.B, sodalizio che nel 2019 aveva proposto i tricolori giovanili della specialit\u00e0, si \u00e8 svolta a Valpiana, in comune di Limana. La grande giornata [&hellip;]","og_url":"https:\/\/www.bellunopress.it\/fr\/2020\/08\/10\/190-atleti-e-50-societa-la-corsa-in-montagna-e-ripartita-ieri-da-limana\/","og_site_name":"Bellunopress - Dolomiti","article_publisher":"https:\/\/www.facebook.com\/profile.php?id=100008943462799","article_published_time":"2020-08-10T07:16:59+00:00","og_image":[{"width":563,"height":346,"url":"https:\/\/www.bellunopress.it\/wp-content\/uploads\/2020\/08\/Campionati-regionali-corsa-in-montagna-Valpiana-Limana_edited.jpg","type":"image\/jpeg"}],"author":"redazione","twitter_card":"summary_large_image","twitter_creator":"@bellunopress","twitter_site":"@bellunopress","twitter_misc":{"\u00c9crit par":"redazione","Dur\u00e9e de lecture estim\u00e9e":"2 minutes"},"schema":{"@context":"https:\/\/schema.org","@graph":[{"@type":"Article","@id":"https:\/\/www.bellunopress.it\/2020\/08\/10\/190-atleti-e-50-societa-la-corsa-in-montagna-e-ripartita-ieri-da-limana\/#article","isPartOf":{"@id":"https:\/\/www.bellunopress.it\/2020\/08\/10\/190-atleti-e-50-societa-la-corsa-in-montagna-e-ripartita-ieri-da-limana\/"},"author":{"name":"redazione","@id":"https:\/\/www.bellunopress.it\/#\/schema\/person\/79bb06722b37ece1c03d3e94beb30d73"},"headline":"190 atleti e 50 societ\u00e0, la corsa in montagna \u00e8 ripartita ieri da Limana","datePublished":"2020-08-10T07:16:59+00:00","mainEntityOfPage":{"@id":"https:\/\/www.bellunopress.it\/2020\/08\/10\/190-atleti-e-50-societa-la-corsa-in-montagna-e-ripartita-ieri-da-limana\/"},"wordCount":452,"publisher":{"@id":"https:\/\/www.bellunopress.it\/#organization"},"image":{"@id":"https:\/\/www.bellunopress.it\/2020\/08\/10\/190-atleti-e-50-societa-la-corsa-in-montagna-e-ripartita-ieri-da-limana\/#primaryimage"},"thumbnailUrl":"https:\/\/www.bellunopress.it\/wp-content\/uploads\/2020\/08\/Campionati-regionali-corsa-in-montagna-Valpiana-Limana_edited.jpg","articleSection":["Sport, tempo libero"],"inLanguage":"fr-FR"},{"@type":"WebPage","@id":"https:\/\/www.bellunopress.it\/2020\/08\/10\/190-atleti-e-50-societa-la-corsa-in-montagna-e-ripartita-ieri-da-limana\/","url":"https:\/\/www.bellunopress.it\/2020\/08\/10\/190-atleti-e-50-societa-la-corsa-in-montagna-e-ripartita-ieri-da-limana\/","name":"190 atleti e 50 societ\u00e0, la corsa in montagna \u00e8 ripartita ieri da Limana - Bellunopress - Dolomiti","isPartOf":{"@id":"https:\/\/www.bellunopress.it\/#website"},"primaryImageOfPage":{"@id":"https:\/\/www.bellunopress.it\/2020\/08\/10\/190-atleti-e-50-societa-la-corsa-in-montagna-e-ripartita-ieri-da-limana\/#primaryimage"},"image":{"@id":"https:\/\/www.bellunopress.it\/2020\/08\/10\/190-atleti-e-50-societa-la-corsa-in-montagna-e-ripartita-ieri-da-limana\/#primaryimage"},"thumbnailUrl":"https:\/\/www.bellunopress.it\/wp-content\/uploads\/2020\/08\/Campionati-regionali-corsa-in-montagna-Valpiana-Limana_edited.jpg","datePublished":"2020-08-10T07:16:59+00:00","breadcrumb":{"@id":"https:\/\/www.bellunopress.it\/2020\/08\/10\/190-atleti-e-50-societa-la-corsa-in-montagna-e-ripartita-ieri-da-limana\/#breadcrumb"},"inLanguage":"fr-FR","potentialAction":[{"@type":"ReadAction","target":["https:\/\/www.bellunopress.it\/2020\/08\/10\/190-atleti-e-50-societa-la-corsa-in-montagna-e-ripartita-ieri-da-limana\/"]}]},{"@type":"ImageObject","inLanguage":"fr-FR","@id":"https:\/\/www.bellunopress.it\/2020\/08\/10\/190-atleti-e-50-societa-la-corsa-in-montagna-e-ripartita-ieri-da-limana\/#primaryimage","url":"https:\/\/www.bellunopress.it\/wp-content\/uploads\/2020\/08\/Campionati-regionali-corsa-in-montagna-Valpiana-Limana_edited.jpg","contentUrl":"https:\/\/www.bellunopress.it\/wp-content\/uploads\/2020\/08\/Campionati-regionali-corsa-in-montagna-Valpiana-Limana_edited.jpg","width":563,"height":346},{"@type":"BreadcrumbList","@id":"https:\/\/www.bellunopress.it\/2020\/08\/10\/190-atleti-e-50-societa-la-corsa-in-montagna-e-ripartita-ieri-da-limana\/#breadcrumb","itemListElement":[{"@type":"ListItem","position":1,"name":"Home","item":"https:\/\/www.bellunopress.it\/"},{"@type":"ListItem","position":2,"name":"190 atleti e 50 societ\u00e0, la corsa in montagna \u00e8 ripartita ieri da Limana"}]},{"@type":"WebSite","@id":"https:\/\/www.bellunopress.it\/#website","url":"https:\/\/www.bellunopress.it\/","name":"Bellunopress - Dolomiti","description":"e-mail: redazione@bellunopress.it","publisher":{"@id":"https:\/\/www.bellunopress.it\/#organization"},"potentialAction":[{"@type":"SearchAction","target":{"@type":"EntryPoint","urlTemplate":"https:\/\/www.bellunopress.it\/?s={search_term_string}"},"query-input":{"@type":"PropertyValueSpecification","valueRequired":true,"valueName":"search_term_string"}}],"inLanguage":"fr-FR"},{"@type":"Organization","@id":"https:\/\/www.bellunopress.it\/#organization","name":"Bellunopress","url":"https:\/\/www.bellunopress.it\/","logo":{"@type":"ImageObject","inLanguage":"fr-FR","@id":"https:\/\/www.bellunopress.it\/#\/schema\/logo\/image\/","url":"https:\/\/www.bellunopress.it\/wp-content\/uploads\/2011\/05\/cropped-logo-bellunopress-.jpg","contentUrl":"https:\/\/www.bellunopress.it\/wp-content\/uploads\/2011\/05\/cropped-logo-bellunopress-.jpg","width":512,"height":512,"caption":"Bellunopress"},"image":{"@id":"https:\/\/www.bellunopress.it\/#\/schema\/logo\/image\/"},"sameAs":["https:\/\/www.facebook.com\/profile.php?id=100008943462799","https:\/\/x.com\/bellunopress","https:\/\/www.linkedin.com\/hp\/?dnr=JBzUWaJfMUw8vbXJJ2tVW5-I3jZKvC4wsoxE&amp;amp;amp;amp;amp;amp;trk=nav_responsive_tab_home","https:\/\/www.youtube.com\/channel\/UCxL0wu1uN0_3_7hGG0306cw"]},{"@type":"Person","@id":"https:\/\/www.bellunopress.it\/#\/schema\/person\/79bb06722b37ece1c03d3e94beb30d73","name":"r\u00e9daction","image":{"@type":"ImageObject","inLanguage":"fr-FR","@id":"https:\/\/secure.gravatar.com\/avatar\/37d968a2e67a6fd04c169c4bdef102d0bc5d31b2546345219e348575eb80e9a0?s=96&d=mm&r=g","url":"https:\/\/secure.gravatar.com\/avatar\/37d968a2e67a6fd04c169c4bdef102d0bc5d31b2546345219e348575eb80e9a0?s=96&d=mm&r=g","contentUrl":"https:\/\/secure.gravatar.com\/avatar\/37d968a2e67a6fd04c169c4bdef102d0bc5d31b2546345219e348575eb80e9a0?s=96&d=mm&r=g","caption":"redazione"},"sameAs":["http:\/\/www.bellunopress.it","https:\/\/x.com\/bellunopress"],"url":"https:\/\/www.bellunopress.it\/fr\/author\/redazione\/"}]}},"_links":{"self":[{"href":"https:\/\/www.bellunopress.it\/fr\/wp-json\/wp\/v2\/posts\/116587","targetHints":{"allow":["GET"]}}],"collection":[{"href":"https:\/\/www.bellunopress.it\/fr\/wp-json\/wp\/v2\/posts"}],"about":[{"href":"https:\/\/www.bellunopress.it\/fr\/wp-json\/wp\/v2\/types\/post"}],"author":[{"embeddable":true,"href":"https:\/\/www.bellunopress.it\/fr\/wp-json\/wp\/v2\/users\/2"}],"replies":[{"embeddable":true,"href":"https:\/\/www.bellunopress.it\/fr\/wp-json\/wp\/v2\/comments?post=116587"}],"version-history":[{"count":2,"href":"https:\/\/www.bellunopress.it\/fr\/wp-json\/wp\/v2\/posts\/116587\/revisions"}],"predecessor-version":[{"id":116590,"href":"https:\/\/www.bellunopress.it\/fr\/wp-json\/wp\/v2\/posts\/116587\/revisions\/116590"}],"wp:featuredmedia":[{"embeddable":true,"href":"https:\/\/www.bellunopress.it\/fr\/wp-json\/wp\/v2\/media\/116588"}],"wp:attachment":[{"href":"https:\/\/www.bellunopress.it\/fr\/wp-json\/wp\/v2\/media?parent=116587"}],"wp:term":[{"taxonomy":"category","embeddable":true,"href":"https:\/\/www.bellunopress.it\/fr\/wp-json\/wp\/v2\/categories?post=116587"},{"taxonomy":"post_tag","embeddable":true,"href":"https:\/\/www.bellunopress.it\/fr\/wp-json\/wp\/v2\/tags?post=116587"}],"curies":[{"name":"wp","href":"https:\/\/api.w.org\/{rel}","templated":true}]}}