{"id":116583,"date":"2020-08-10T09:02:10","date_gmt":"2020-08-10T07:02:10","guid":{"rendered":"http:\/\/www.bellunopress.it\/?p=116583"},"modified":"2020-08-10T09:02:10","modified_gmt":"2020-08-10T07:02:10","slug":"vitalini-start-contest-il-12-agosto-a-falcade-sulla-pista-neveplast-la-prima-edizione","status":"publish","type":"post","link":"https:\/\/www.bellunopress.it\/fr\/2020\/08\/10\/vitalini-start-contest-il-12-agosto-a-falcade-sulla-pista-neveplast-la-prima-edizione\/","title":{"rendered":"Vitalini Start Contest. Il 12 agosto a Falcade sulla pista Neveplast la prima edizione"},"content":{"rendered":"<p><a href=\"http:\/\/www.bellunopress.it\/fr\/2020\/08\/10\/vitalini-start-contest-il-12-agosto-a-falcade-sulla-pista-neveplast-la-prima-edizione\/vitalini-start-contest-falcade-neveplast_edited\/\" rel=\"attachment wp-att-116584\"><img loading=\"lazy\" decoding=\"async\" class=\"alignleft size-full wp-image-116584\" src=\"http:\/\/www.bellunopress.it\/wp-content\/uploads\/2020\/08\/Vitalini-Start-Contest-Falcade-Neveplast_edited.jpg\" alt=\"\" width=\"800\" height=\"618\" srcset=\"https:\/\/www.bellunopress.it\/wp-content\/uploads\/2020\/08\/Vitalini-Start-Contest-Falcade-Neveplast_edited.jpg 800w, https:\/\/www.bellunopress.it\/wp-content\/uploads\/2020\/08\/Vitalini-Start-Contest-Falcade-Neveplast_edited-500x386.jpg 500w, https:\/\/www.bellunopress.it\/wp-content\/uploads\/2020\/08\/Vitalini-Start-Contest-Falcade-Neveplast_edited-696x538.jpg 696w, https:\/\/www.bellunopress.it\/wp-content\/uploads\/2020\/08\/Vitalini-Start-Contest-Falcade-Neveplast_edited-544x420.jpg 544w\" sizes=\"auto, (max-width: 800px) 100vw, 800px\" \/><\/a>Boom di iscrizioni per la prima edizione del Vitalini Start Contest che sulla Falcade Start Section, il prossimo 12 agosto, \u00e8 pronto ad accendere la sfida per i giovani sciatori.<br \/>\nContinua anche d\u2019estate il format del campionissimo di Bormio Pietro Vitalini, che da 7 anni organizza il Vitalini Speed Contest: una gara cronometrata organizzata anche negli schuss finali delle gare di Coppa del mondo e riservata ai piccoli sciatori.<br \/>\nQuesta volta il palcoscenico del Vitalini Contest \u00e8 la nuova pista a Falcade in materiale sintetico Neveplast studiata per allenare le partenze dal cancelletto degli atleti anche d\u2019estate, senza la neve.<br \/>\nIl format non cambia di molto rispetto allo Speed Contest; l\u2019unica differenza, lo dice la parola stessa \u201cStart Contest\u201d, \u00e8 che la gara premier\u00e0 il giovane sciatore pi\u00f9 veloce ad uscire dal cancelletto. La partenza sar\u00e0 il momento cruciale della gara.<br \/>\n\u201cQuesta edizione es-va su materiale sintetico Neveplast \u00e8 una novit\u00e0 assoluta per il mio format &#8211; racconta Vitalini-. Mi piacciono le nuove sfide e ho accettato con entusiasmo la proposta di Promo Falcade e di Neveplast di organizzare una tappa es-va a Falcade. Ero fiducioso in una grande adesione da parte degli sci club che da tanti anni apprezzano la nostra gara e sono felicissimo di sapere che tanti ragazzi da tutta Italia saranno presenti\u201d<br \/>\nL\u2019obiettivo di Pietro Vitalini, fortissimo discesista della Nazionale italiana, fin da quando ha ideato lo Speed Contest \u00e8 di approcciare i bambini alla velocit\u00e0 in contesti elettrizzanti con un\u2019attenzione primaria alla sicurezza.<br \/>\n\u201cLa sicurezza quando si parla di giovani sciatori viene prima di tutto &#8211; dice Vitalini -. Il messaggio che cerco sempre di trasmettere ai ragazzi \u00e8 che in gara o in allenamento con il casco e le protezioni adeguate si possono raggiungere velocit\u00e0 importanti in completa sicurezza; invece al di fuori dei percorsi agonistici, quando si condivide la pista con i turisti, bisogna limitare la velocit\u00e0.<br \/>\nNel Vitalini Start Contest del 12 agosto gli atleti non raggiungeranno velocit\u00e0 cos\u00ec elevate come negli Speed Contest dove gli atleti toccano anche la velocit\u00e0 massima di 100 km\/h, ma sar\u00e0 comunque fondamentale uscire bene dal cancelletto mettersi in posizione<br \/>\ncercando l\u2019 aerodinamicit\u00e0 per ottenere un buon risultato.\u201d<br \/>\nLo sci \u00e8 questione di secondi, anzi di centesimi. I centesimi alle volte si perdono proprio nella primissima fase che coincide con l\u2019uscita dal cancelletto. Una brutta partenza, soprattutto in discesa, \u00e8 molto compromettente.<\/p>\n<p>Programma dell\u2019 evento.<br \/>\nLa gara \u00e8 aperta ai ragazzi degli sci club categorie cuccioli, ragazzi e allievi. Il check-in e le registrazioni avranno luogo il giorno dell\u2019evento dalle 10.45 alle 11.30 presso il campo di gara. Dalle 11.00 alle 13.00 tutti gli atleti potranno testare la pista. Dalle 13.30 inizier\u00e0 il contest.<br \/>\nIl format prevede la possibilit\u00e0 per ciascun atleta di effettuare tre partenze; si considerer\u00e0 la migliore ai fini della classifica. Tra gli sci club iscritti, oltre ai ragazzi dello Ski College Veneto e dello Sci Club Val Biois che faranno gli onori di casa, ci saranno, tra gli altri, i ragazzi dell\u2019agonistica Sportmarket, Ski Team Vallata Feltrina, Mon8 Pallidi, Ski Team Alta Badia, Ski Team Fassa, Sorapiss e Sci Club Orsello da Roma.<br \/>\nLa gara sar\u00e0 organizzata nel massimo rispetto del protocollo tecnico sportivo sanitario per il contenimento del contagio da virus Covid-19.<br \/>\nPer il successo dell\u2019evento gli organizzatori si affidano anche al senso di responsabilit\u00e0 di tutto il pubblico presente.<br \/>\nIn concomitanza con il Vitalini Start Contest, in un\u2019area adiacente al campo da gara, alla partenza della cabinovia Molino le Buse, vi sar\u00e0 la possibilit\u00e0 di provare gratuitamente pattini in linea Rollerblade e i nuovi frame da sci SkiRoad. L\u2019iniziativa \u00e8 promossa da Sportmarket di Cornuda Treviso, negozio di sport che dal 1973 \u00e8 un punto di<br \/>\nriferimento nel settore dello sci, snowboard, outdoor e trail.<\/p>","protected":false},"excerpt":{"rendered":"<p>Boom di iscrizioni per la prima edizione del Vitalini Start Contest che sulla Falcade Start Section, il prossimo 12 agosto, \u00e8 pronto ad accendere la sfida per i giovani sciatori. Continua anche d\u2019estate il format del campionissimo di Bormio Pietro Vitalini, che da 7 anni organizza il Vitalini Speed Contest: una gara cronometrata organizzata anche [&hellip;]<\/p>\n","protected":false},"author":2,"featured_media":116584,"comment_status":"closed","ping_status":"open","sticky":false,"template":"","format":"standard","meta":{"footnotes":""},"categories":[25,4],"tags":[],"class_list":["post-116583","post","type-post","status-publish","format-standard","has-post-thumbnail","category-pausa-caffe","category-sport"],"yoast_head":"<!-- This site is optimized with the Yoast SEO plugin v28.4 - https:\/\/yoast.com\/product\/yoast-seo-wordpress\/ -->\n<title>Vitalini Start Contest. Il 12 agosto a Falcade sulla pista Neveplast la prima edizione - Bellunopress - Dolomiti<\/title>\n<meta name=\"robots\" content=\"index, follow, max-snippet:-1, max-image-preview:large, max-video-preview:-1\" \/>\n<link rel=\"canonical\" href=\"https:\/\/www.bellunopress.it\/fr\/2020\/08\/10\/vitalini-start-contest-il-12-agosto-a-falcade-sulla-pista-neveplast-la-prima-edizione\/\" \/>\n<meta property=\"og:locale\" content=\"fr_FR\" \/>\n<meta property=\"og:type\" content=\"article\" \/>\n<meta property=\"og:title\" content=\"Vitalini Start Contest. Il 12 agosto a Falcade sulla pista Neveplast la prima edizione - Bellunopress - Dolomiti\" \/>\n<meta property=\"og:description\" content=\"Boom di iscrizioni per la prima edizione del Vitalini Start Contest che sulla Falcade Start Section, il prossimo 12 agosto, \u00e8 pronto ad accendere la sfida per i giovani sciatori. Continua anche d\u2019estate il format del campionissimo di Bormio Pietro Vitalini, che da 7 anni organizza il Vitalini Speed Contest: una gara cronometrata organizzata anche [&hellip;]\" \/>\n<meta property=\"og:url\" content=\"https:\/\/www.bellunopress.it\/fr\/2020\/08\/10\/vitalini-start-contest-il-12-agosto-a-falcade-sulla-pista-neveplast-la-prima-edizione\/\" \/>\n<meta property=\"og:site_name\" content=\"Bellunopress - Dolomiti\" \/>\n<meta property=\"article:publisher\" content=\"https:\/\/www.facebook.com\/profile.php?id=100008943462799\" \/>\n<meta property=\"article:published_time\" content=\"2020-08-10T07:02:10+00:00\" \/>\n<meta property=\"og:image\" content=\"https:\/\/www.bellunopress.it\/wp-content\/uploads\/2020\/08\/Vitalini-Start-Contest-Falcade-Neveplast_edited.jpg\" \/>\n\t<meta property=\"og:image:width\" content=\"800\" \/>\n\t<meta property=\"og:image:height\" content=\"618\" \/>\n\t<meta property=\"og:image:type\" content=\"image\/jpeg\" \/>\n<meta name=\"author\" content=\"redazione\" \/>\n<meta name=\"twitter:card\" content=\"summary_large_image\" \/>\n<meta name=\"twitter:creator\" content=\"@bellunopress\" \/>\n<meta name=\"twitter:site\" content=\"@bellunopress\" \/>\n<meta name=\"twitter:label1\" content=\"\u00c9crit par\" \/>\n\t<meta name=\"twitter:data1\" content=\"redazione\" \/>\n\t<meta name=\"twitter:label2\" content=\"Dur\u00e9e de lecture estim\u00e9e\" \/>\n\t<meta name=\"twitter:data2\" content=\"3 minutes\" \/>\n<script type=\"application\/ld+json\" class=\"yoast-schema-graph\">{\"@context\":\"https:\\\/\\\/schema.org\",\"@graph\":[{\"@type\":\"Article\",\"@id\":\"https:\\\/\\\/www.bellunopress.it\\\/2020\\\/08\\\/10\\\/vitalini-start-contest-il-12-agosto-a-falcade-sulla-pista-neveplast-la-prima-edizione\\\/#article\",\"isPartOf\":{\"@id\":\"https:\\\/\\\/www.bellunopress.it\\\/2020\\\/08\\\/10\\\/vitalini-start-contest-il-12-agosto-a-falcade-sulla-pista-neveplast-la-prima-edizione\\\/\"},\"author\":{\"name\":\"redazione\",\"@id\":\"https:\\\/\\\/www.bellunopress.it\\\/#\\\/schema\\\/person\\\/79bb06722b37ece1c03d3e94beb30d73\"},\"headline\":\"Vitalini Start Contest. Il 12 agosto a Falcade sulla pista Neveplast la prima edizione\",\"datePublished\":\"2020-08-10T07:02:10+00:00\",\"mainEntityOfPage\":{\"@id\":\"https:\\\/\\\/www.bellunopress.it\\\/2020\\\/08\\\/10\\\/vitalini-start-contest-il-12-agosto-a-falcade-sulla-pista-neveplast-la-prima-edizione\\\/\"},\"wordCount\":629,\"publisher\":{\"@id\":\"https:\\\/\\\/www.bellunopress.it\\\/#organization\"},\"image\":{\"@id\":\"https:\\\/\\\/www.bellunopress.it\\\/2020\\\/08\\\/10\\\/vitalini-start-contest-il-12-agosto-a-falcade-sulla-pista-neveplast-la-prima-edizione\\\/#primaryimage\"},\"thumbnailUrl\":\"https:\\\/\\\/www.bellunopress.it\\\/wp-content\\\/uploads\\\/2020\\\/08\\\/Vitalini-Start-Contest-Falcade-Neveplast_edited.jpg\",\"articleSection\":[\"Pausa Caff\u00e8\",\"Sport, tempo libero\"],\"inLanguage\":\"fr-FR\"},{\"@type\":\"WebPage\",\"@id\":\"https:\\\/\\\/www.bellunopress.it\\\/2020\\\/08\\\/10\\\/vitalini-start-contest-il-12-agosto-a-falcade-sulla-pista-neveplast-la-prima-edizione\\\/\",\"url\":\"https:\\\/\\\/www.bellunopress.it\\\/2020\\\/08\\\/10\\\/vitalini-start-contest-il-12-agosto-a-falcade-sulla-pista-neveplast-la-prima-edizione\\\/\",\"name\":\"Vitalini Start Contest. Il 12 agosto a Falcade sulla pista Neveplast la prima edizione - Bellunopress - Dolomiti\",\"isPartOf\":{\"@id\":\"https:\\\/\\\/www.bellunopress.it\\\/#website\"},\"primaryImageOfPage\":{\"@id\":\"https:\\\/\\\/www.bellunopress.it\\\/2020\\\/08\\\/10\\\/vitalini-start-contest-il-12-agosto-a-falcade-sulla-pista-neveplast-la-prima-edizione\\\/#primaryimage\"},\"image\":{\"@id\":\"https:\\\/\\\/www.bellunopress.it\\\/2020\\\/08\\\/10\\\/vitalini-start-contest-il-12-agosto-a-falcade-sulla-pista-neveplast-la-prima-edizione\\\/#primaryimage\"},\"thumbnailUrl\":\"https:\\\/\\\/www.bellunopress.it\\\/wp-content\\\/uploads\\\/2020\\\/08\\\/Vitalini-Start-Contest-Falcade-Neveplast_edited.jpg\",\"datePublished\":\"2020-08-10T07:02:10+00:00\",\"breadcrumb\":{\"@id\":\"https:\\\/\\\/www.bellunopress.it\\\/2020\\\/08\\\/10\\\/vitalini-start-contest-il-12-agosto-a-falcade-sulla-pista-neveplast-la-prima-edizione\\\/#breadcrumb\"},\"inLanguage\":\"fr-FR\",\"potentialAction\":[{\"@type\":\"ReadAction\",\"target\":[\"https:\\\/\\\/www.bellunopress.it\\\/2020\\\/08\\\/10\\\/vitalini-start-contest-il-12-agosto-a-falcade-sulla-pista-neveplast-la-prima-edizione\\\/\"]}]},{\"@type\":\"ImageObject\",\"inLanguage\":\"fr-FR\",\"@id\":\"https:\\\/\\\/www.bellunopress.it\\\/2020\\\/08\\\/10\\\/vitalini-start-contest-il-12-agosto-a-falcade-sulla-pista-neveplast-la-prima-edizione\\\/#primaryimage\",\"url\":\"https:\\\/\\\/www.bellunopress.it\\\/wp-content\\\/uploads\\\/2020\\\/08\\\/Vitalini-Start-Contest-Falcade-Neveplast_edited.jpg\",\"contentUrl\":\"https:\\\/\\\/www.bellunopress.it\\\/wp-content\\\/uploads\\\/2020\\\/08\\\/Vitalini-Start-Contest-Falcade-Neveplast_edited.jpg\",\"width\":800,\"height\":618},{\"@type\":\"BreadcrumbList\",\"@id\":\"https:\\\/\\\/www.bellunopress.it\\\/2020\\\/08\\\/10\\\/vitalini-start-contest-il-12-agosto-a-falcade-sulla-pista-neveplast-la-prima-edizione\\\/#breadcrumb\",\"itemListElement\":[{\"@type\":\"ListItem\",\"position\":1,\"name\":\"Home\",\"item\":\"https:\\\/\\\/www.bellunopress.it\\\/\"},{\"@type\":\"ListItem\",\"position\":2,\"name\":\"Vitalini Start Contest. Il 12 agosto a Falcade sulla pista Neveplast la prima edizione\"}]},{\"@type\":\"WebSite\",\"@id\":\"https:\\\/\\\/www.bellunopress.it\\\/#website\",\"url\":\"https:\\\/\\\/www.bellunopress.it\\\/\",\"name\":\"Bellunopress - Dolomiti\",\"description\":\"e-mail: redazione@bellunopress.it\",\"publisher\":{\"@id\":\"https:\\\/\\\/www.bellunopress.it\\\/#organization\"},\"potentialAction\":[{\"@type\":\"SearchAction\",\"target\":{\"@type\":\"EntryPoint\",\"urlTemplate\":\"https:\\\/\\\/www.bellunopress.it\\\/?s={search_term_string}\"},\"query-input\":{\"@type\":\"PropertyValueSpecification\",\"valueRequired\":true,\"valueName\":\"search_term_string\"}}],\"inLanguage\":\"fr-FR\"},{\"@type\":\"Organization\",\"@id\":\"https:\\\/\\\/www.bellunopress.it\\\/#organization\",\"name\":\"Bellunopress\",\"url\":\"https:\\\/\\\/www.bellunopress.it\\\/\",\"logo\":{\"@type\":\"ImageObject\",\"inLanguage\":\"fr-FR\",\"@id\":\"https:\\\/\\\/www.bellunopress.it\\\/#\\\/schema\\\/logo\\\/image\\\/\",\"url\":\"https:\\\/\\\/www.bellunopress.it\\\/wp-content\\\/uploads\\\/2011\\\/05\\\/cropped-logo-bellunopress-.jpg\",\"contentUrl\":\"https:\\\/\\\/www.bellunopress.it\\\/wp-content\\\/uploads\\\/2011\\\/05\\\/cropped-logo-bellunopress-.jpg\",\"width\":512,\"height\":512,\"caption\":\"Bellunopress\"},\"image\":{\"@id\":\"https:\\\/\\\/www.bellunopress.it\\\/#\\\/schema\\\/logo\\\/image\\\/\"},\"sameAs\":[\"https:\\\/\\\/www.facebook.com\\\/profile.php?id=100008943462799\",\"https:\\\/\\\/x.com\\\/bellunopress\",\"https:\\\/\\\/www.linkedin.com\\\/hp\\\/?dnr=JBzUWaJfMUw8vbXJJ2tVW5-I3jZKvC4wsoxE&amp;amp;amp;amp;amp;amp;trk=nav_responsive_tab_home\",\"https:\\\/\\\/www.youtube.com\\\/channel\\\/UCxL0wu1uN0_3_7hGG0306cw\"]},{\"@type\":\"Person\",\"@id\":\"https:\\\/\\\/www.bellunopress.it\\\/#\\\/schema\\\/person\\\/79bb06722b37ece1c03d3e94beb30d73\",\"name\":\"redazione\",\"image\":{\"@type\":\"ImageObject\",\"inLanguage\":\"fr-FR\",\"@id\":\"https:\\\/\\\/secure.gravatar.com\\\/avatar\\\/37d968a2e67a6fd04c169c4bdef102d0bc5d31b2546345219e348575eb80e9a0?s=96&d=mm&r=g\",\"url\":\"https:\\\/\\\/secure.gravatar.com\\\/avatar\\\/37d968a2e67a6fd04c169c4bdef102d0bc5d31b2546345219e348575eb80e9a0?s=96&d=mm&r=g\",\"contentUrl\":\"https:\\\/\\\/secure.gravatar.com\\\/avatar\\\/37d968a2e67a6fd04c169c4bdef102d0bc5d31b2546345219e348575eb80e9a0?s=96&d=mm&r=g\",\"caption\":\"redazione\"},\"sameAs\":[\"http:\\\/\\\/www.bellunopress.it\",\"https:\\\/\\\/x.com\\\/bellunopress\"],\"url\":\"https:\\\/\\\/www.bellunopress.it\\\/fr\\\/author\\\/redazione\\\/\"}]}<\/script>\n<!-- \/ Yoast SEO plugin. -->","yoast_head_json":{"title":"Vitalini Start Contest. Il 12 agosto a Falcade sulla pista Neveplast la prima edizione - Bellunopress - Dolomiti","robots":{"index":"index","follow":"follow","max-snippet":"max-snippet:-1","max-image-preview":"max-image-preview:large","max-video-preview":"max-video-preview:-1"},"canonical":"https:\/\/www.bellunopress.it\/fr\/2020\/08\/10\/vitalini-start-contest-il-12-agosto-a-falcade-sulla-pista-neveplast-la-prima-edizione\/","og_locale":"fr_FR","og_type":"article","og_title":"Vitalini Start Contest. Il 12 agosto a Falcade sulla pista Neveplast la prima edizione - Bellunopress - Dolomiti","og_description":"Boom di iscrizioni per la prima edizione del Vitalini Start Contest che sulla Falcade Start Section, il prossimo 12 agosto, \u00e8 pronto ad accendere la sfida per i giovani sciatori. Continua anche d\u2019estate il format del campionissimo di Bormio Pietro Vitalini, che da 7 anni organizza il Vitalini Speed Contest: una gara cronometrata organizzata anche [&hellip;]","og_url":"https:\/\/www.bellunopress.it\/fr\/2020\/08\/10\/vitalini-start-contest-il-12-agosto-a-falcade-sulla-pista-neveplast-la-prima-edizione\/","og_site_name":"Bellunopress - Dolomiti","article_publisher":"https:\/\/www.facebook.com\/profile.php?id=100008943462799","article_published_time":"2020-08-10T07:02:10+00:00","og_image":[{"width":800,"height":618,"url":"https:\/\/www.bellunopress.it\/wp-content\/uploads\/2020\/08\/Vitalini-Start-Contest-Falcade-Neveplast_edited.jpg","type":"image\/jpeg"}],"author":"redazione","twitter_card":"summary_large_image","twitter_creator":"@bellunopress","twitter_site":"@bellunopress","twitter_misc":{"\u00c9crit par":"redazione","Dur\u00e9e de lecture estim\u00e9e":"3 minutes"},"schema":{"@context":"https:\/\/schema.org","@graph":[{"@type":"Article","@id":"https:\/\/www.bellunopress.it\/2020\/08\/10\/vitalini-start-contest-il-12-agosto-a-falcade-sulla-pista-neveplast-la-prima-edizione\/#article","isPartOf":{"@id":"https:\/\/www.bellunopress.it\/2020\/08\/10\/vitalini-start-contest-il-12-agosto-a-falcade-sulla-pista-neveplast-la-prima-edizione\/"},"author":{"name":"redazione","@id":"https:\/\/www.bellunopress.it\/#\/schema\/person\/79bb06722b37ece1c03d3e94beb30d73"},"headline":"Vitalini Start Contest. Il 12 agosto a Falcade sulla pista Neveplast la prima edizione","datePublished":"2020-08-10T07:02:10+00:00","mainEntityOfPage":{"@id":"https:\/\/www.bellunopress.it\/2020\/08\/10\/vitalini-start-contest-il-12-agosto-a-falcade-sulla-pista-neveplast-la-prima-edizione\/"},"wordCount":629,"publisher":{"@id":"https:\/\/www.bellunopress.it\/#organization"},"image":{"@id":"https:\/\/www.bellunopress.it\/2020\/08\/10\/vitalini-start-contest-il-12-agosto-a-falcade-sulla-pista-neveplast-la-prima-edizione\/#primaryimage"},"thumbnailUrl":"https:\/\/www.bellunopress.it\/wp-content\/uploads\/2020\/08\/Vitalini-Start-Contest-Falcade-Neveplast_edited.jpg","articleSection":["Pausa Caff\u00e8","Sport, tempo libero"],"inLanguage":"fr-FR"},{"@type":"WebPage","@id":"https:\/\/www.bellunopress.it\/2020\/08\/10\/vitalini-start-contest-il-12-agosto-a-falcade-sulla-pista-neveplast-la-prima-edizione\/","url":"https:\/\/www.bellunopress.it\/2020\/08\/10\/vitalini-start-contest-il-12-agosto-a-falcade-sulla-pista-neveplast-la-prima-edizione\/","name":"Vitalini Start Contest. Il 12 agosto a Falcade sulla pista Neveplast la prima edizione - Bellunopress - Dolomiti","isPartOf":{"@id":"https:\/\/www.bellunopress.it\/#website"},"primaryImageOfPage":{"@id":"https:\/\/www.bellunopress.it\/2020\/08\/10\/vitalini-start-contest-il-12-agosto-a-falcade-sulla-pista-neveplast-la-prima-edizione\/#primaryimage"},"image":{"@id":"https:\/\/www.bellunopress.it\/2020\/08\/10\/vitalini-start-contest-il-12-agosto-a-falcade-sulla-pista-neveplast-la-prima-edizione\/#primaryimage"},"thumbnailUrl":"https:\/\/www.bellunopress.it\/wp-content\/uploads\/2020\/08\/Vitalini-Start-Contest-Falcade-Neveplast_edited.jpg","datePublished":"2020-08-10T07:02:10+00:00","breadcrumb":{"@id":"https:\/\/www.bellunopress.it\/2020\/08\/10\/vitalini-start-contest-il-12-agosto-a-falcade-sulla-pista-neveplast-la-prima-edizione\/#breadcrumb"},"inLanguage":"fr-FR","potentialAction":[{"@type":"ReadAction","target":["https:\/\/www.bellunopress.it\/2020\/08\/10\/vitalini-start-contest-il-12-agosto-a-falcade-sulla-pista-neveplast-la-prima-edizione\/"]}]},{"@type":"ImageObject","inLanguage":"fr-FR","@id":"https:\/\/www.bellunopress.it\/2020\/08\/10\/vitalini-start-contest-il-12-agosto-a-falcade-sulla-pista-neveplast-la-prima-edizione\/#primaryimage","url":"https:\/\/www.bellunopress.it\/wp-content\/uploads\/2020\/08\/Vitalini-Start-Contest-Falcade-Neveplast_edited.jpg","contentUrl":"https:\/\/www.bellunopress.it\/wp-content\/uploads\/2020\/08\/Vitalini-Start-Contest-Falcade-Neveplast_edited.jpg","width":800,"height":618},{"@type":"BreadcrumbList","@id":"https:\/\/www.bellunopress.it\/2020\/08\/10\/vitalini-start-contest-il-12-agosto-a-falcade-sulla-pista-neveplast-la-prima-edizione\/#breadcrumb","itemListElement":[{"@type":"ListItem","position":1,"name":"Home","item":"https:\/\/www.bellunopress.it\/"},{"@type":"ListItem","position":2,"name":"Vitalini Start Contest. Il 12 agosto a Falcade sulla pista Neveplast la prima edizione"}]},{"@type":"WebSite","@id":"https:\/\/www.bellunopress.it\/#website","url":"https:\/\/www.bellunopress.it\/","name":"Bellunopress - Dolomiti","description":"e-mail: redazione@bellunopress.it","publisher":{"@id":"https:\/\/www.bellunopress.it\/#organization"},"potentialAction":[{"@type":"SearchAction","target":{"@type":"EntryPoint","urlTemplate":"https:\/\/www.bellunopress.it\/?s={search_term_string}"},"query-input":{"@type":"PropertyValueSpecification","valueRequired":true,"valueName":"search_term_string"}}],"inLanguage":"fr-FR"},{"@type":"Organization","@id":"https:\/\/www.bellunopress.it\/#organization","name":"Bellunopress","url":"https:\/\/www.bellunopress.it\/","logo":{"@type":"ImageObject","inLanguage":"fr-FR","@id":"https:\/\/www.bellunopress.it\/#\/schema\/logo\/image\/","url":"https:\/\/www.bellunopress.it\/wp-content\/uploads\/2011\/05\/cropped-logo-bellunopress-.jpg","contentUrl":"https:\/\/www.bellunopress.it\/wp-content\/uploads\/2011\/05\/cropped-logo-bellunopress-.jpg","width":512,"height":512,"caption":"Bellunopress"},"image":{"@id":"https:\/\/www.bellunopress.it\/#\/schema\/logo\/image\/"},"sameAs":["https:\/\/www.facebook.com\/profile.php?id=100008943462799","https:\/\/x.com\/bellunopress","https:\/\/www.linkedin.com\/hp\/?dnr=JBzUWaJfMUw8vbXJJ2tVW5-I3jZKvC4wsoxE&amp;amp;amp;amp;amp;amp;trk=nav_responsive_tab_home","https:\/\/www.youtube.com\/channel\/UCxL0wu1uN0_3_7hGG0306cw"]},{"@type":"Person","@id":"https:\/\/www.bellunopress.it\/#\/schema\/person\/79bb06722b37ece1c03d3e94beb30d73","name":"r\u00e9daction","image":{"@type":"ImageObject","inLanguage":"fr-FR","@id":"https:\/\/secure.gravatar.com\/avatar\/37d968a2e67a6fd04c169c4bdef102d0bc5d31b2546345219e348575eb80e9a0?s=96&d=mm&r=g","url":"https:\/\/secure.gravatar.com\/avatar\/37d968a2e67a6fd04c169c4bdef102d0bc5d31b2546345219e348575eb80e9a0?s=96&d=mm&r=g","contentUrl":"https:\/\/secure.gravatar.com\/avatar\/37d968a2e67a6fd04c169c4bdef102d0bc5d31b2546345219e348575eb80e9a0?s=96&d=mm&r=g","caption":"redazione"},"sameAs":["http:\/\/www.bellunopress.it","https:\/\/x.com\/bellunopress"],"url":"https:\/\/www.bellunopress.it\/fr\/author\/redazione\/"}]}},"_links":{"self":[{"href":"https:\/\/www.bellunopress.it\/fr\/wp-json\/wp\/v2\/posts\/116583","targetHints":{"allow":["GET"]}}],"collection":[{"href":"https:\/\/www.bellunopress.it\/fr\/wp-json\/wp\/v2\/posts"}],"about":[{"href":"https:\/\/www.bellunopress.it\/fr\/wp-json\/wp\/v2\/types\/post"}],"author":[{"embeddable":true,"href":"https:\/\/www.bellunopress.it\/fr\/wp-json\/wp\/v2\/users\/2"}],"replies":[{"embeddable":true,"href":"https:\/\/www.bellunopress.it\/fr\/wp-json\/wp\/v2\/comments?post=116583"}],"version-history":[{"count":2,"href":"https:\/\/www.bellunopress.it\/fr\/wp-json\/wp\/v2\/posts\/116583\/revisions"}],"predecessor-version":[{"id":116586,"href":"https:\/\/www.bellunopress.it\/fr\/wp-json\/wp\/v2\/posts\/116583\/revisions\/116586"}],"wp:featuredmedia":[{"embeddable":true,"href":"https:\/\/www.bellunopress.it\/fr\/wp-json\/wp\/v2\/media\/116584"}],"wp:attachment":[{"href":"https:\/\/www.bellunopress.it\/fr\/wp-json\/wp\/v2\/media?parent=116583"}],"wp:term":[{"taxonomy":"category","embeddable":true,"href":"https:\/\/www.bellunopress.it\/fr\/wp-json\/wp\/v2\/categories?post=116583"},{"taxonomy":"post_tag","embeddable":true,"href":"https:\/\/www.bellunopress.it\/fr\/wp-json\/wp\/v2\/tags?post=116583"}],"curies":[{"name":"wp","href":"https:\/\/api.w.org\/{rel}","templated":true}]}}