{"id":116570,"date":"2020-08-09T21:52:22","date_gmt":"2020-08-09T19:52:22","guid":{"rendered":"http:\/\/www.bellunopress.it\/?p=116570"},"modified":"2020-08-09T21:55:25","modified_gmt":"2020-08-09T19:55:25","slug":"alpago-sky-super-3-alex-oberbacher-firma-lottava-edizione-al-femminile-vittoria-per-la-friulana-maria-dimitra-theocharis","status":"publish","type":"post","link":"https:\/\/www.bellunopress.it\/fr\/2020\/08\/09\/alpago-sky-super-3-alex-oberbacher-firma-lottava-edizione-al-femminile-vittoria-per-la-friulana-maria-dimitra-theocharis\/","title":{"rendered":"Alpago Sky Super 3: Alex Oberbacher firma l&#8217;ottava edizione. Al femminile vittoria per la friulana Maria Dimitra Theocharis"},"content":{"rendered":"<figure id=\"attachment_116571\" aria-describedby=\"caption-attachment-116571\" style=\"width: 603px\" class=\"wp-caption alignleft\"><a href=\"http:\/\/www.bellunopress.it\/fr\/2020\/08\/09\/alpago-sky-super-3-alex-oberbacher-firma-lottava-edizione-al-femminile-vittoria-per-la-friulana-maria-dimitra-theocharis\/alex-oberbachr-vincitore-alpago-sky-super-3-2020_edited\/\" rel=\"attachment wp-att-116571\"><img loading=\"lazy\" decoding=\"async\" class=\"size-full wp-image-116571\" src=\"http:\/\/www.bellunopress.it\/wp-content\/uploads\/2020\/08\/ALEX-OBERBACHR-VINCITORE-ALPAGO-SKY-SUPER-3-2020_edited.jpg\" alt=\"\" width=\"603\" height=\"418\" srcset=\"https:\/\/www.bellunopress.it\/wp-content\/uploads\/2020\/08\/ALEX-OBERBACHR-VINCITORE-ALPAGO-SKY-SUPER-3-2020_edited.jpg 603w, https:\/\/www.bellunopress.it\/wp-content\/uploads\/2020\/08\/ALEX-OBERBACHR-VINCITORE-ALPAGO-SKY-SUPER-3-2020_edited-500x347.jpg 500w, https:\/\/www.bellunopress.it\/wp-content\/uploads\/2020\/08\/ALEX-OBERBACHR-VINCITORE-ALPAGO-SKY-SUPER-3-2020_edited-218x150.jpg 218w, https:\/\/www.bellunopress.it\/wp-content\/uploads\/2020\/08\/ALEX-OBERBACHR-VINCITORE-ALPAGO-SKY-SUPER-3-2020_edited-100x70.jpg 100w\" sizes=\"auto, (max-width: 603px) 100vw, 603px\" \/><\/a><figcaption id=\"caption-attachment-116571\" class=\"wp-caption-text\">Alex Oberbacher<\/figcaption><\/figure>\n<p>Chies d&#8217;Alpago (Belluno), 9 agosto 2020 \u2013 Sono stati 400 i concorrenti che domenica 9 agosto hanno dato vita all&#8217;ottava edizione di Alpago Sky Super 3, la sky race che a Chies d&#8217;Alpago (Belluno) vuole onorare la memoria di Maudi De March, David Cecchin e Andrea Zanon, i tre ragazzi del Soccorso Alpino caduti sul Monte Cridola nell&#8217;estate del 2012. Un ottimo successo di partecipazione per un evento che si \u00e8 svolto in una giornata di grandissimo caldo e che \u00e8 andato in scena su un tracciato leggermente ritoccato rispetto al passato: 20,7 chilometri di sviluppo (1,9 in pi\u00f9 rispetto gli anni scorsi) e 1.950 metri di dislivello positivo (100 in pi\u00f9). Il &#8220;tetto&#8221; della corsa \u00e8 stato il Monte Venal, con i suoi 2.212 metri di altitudine e alcun passaggi, sia in salita sia in discesa, di particolare difficolt\u00e0 tecnica. Ci sono state quattro partenze scaglionate, in modo da garantire il distanziamento fisico richiesto dalle normative anti Covid-19. Il primo &#8220;start&#8221; alle 8.45, l&#8217;ultimo alle 9. A mettere d&#8217;accordo tutti \u00e8 stato Alex Oberbacher, gardenese di Ortisei, azzurro dello sci alpinismo. Oberbacher \u00e8 stato autore di una salita condotta su altissimi ritmi che gli ha permesso di acquisire un notevole vantaggio sugli avversari, vantaggio che poi ha amministrato in discesa. Alla fine il riscontro cronometrico \u00e8 stato di 2h14&#8217;44&#8221;. Sul podio anche Simone Costa, trentino del Team La Sportiva, staccato di 2h17&#8217;32&#8221;, e il veronese, classe 2000, Mattia Tanara, terzo a 5&#8217;12&#8221;.<\/p>\n<p>\u00abEra la prima volta che correvo la Alpago Sky Super 3 e devo dire che \u00e8 una gara durissima\u00bb ha sottolineato Alex Oberbacher. \u00abIl caldo ha contribuito a renderla ancora pi\u00f9 dura. Sono andato forte in salita e ho controllato in discesa. Sono davvero soddisfatto\u00bb.<\/p>\n<figure id=\"attachment_116572\" aria-describedby=\"caption-attachment-116572\" style=\"width: 800px\" class=\"wp-caption alignleft\"><a href=\"http:\/\/www.bellunopress.it\/fr\/2020\/08\/09\/alpago-sky-super-3-alex-oberbacher-firma-lottava-edizione-al-femminile-vittoria-per-la-friulana-maria-dimitra-theocharis\/maria-dimitra-theocharis-vincitrice-alpago-sky-super-3-2020_edited\/\" rel=\"attachment wp-att-116572\"><img loading=\"lazy\" decoding=\"async\" class=\"size-full wp-image-116572\" src=\"http:\/\/www.bellunopress.it\/wp-content\/uploads\/2020\/08\/MARIA-DIMITRA-THEOCHARIS-vincitrice-ALPAGO-SKY-SUPER-3-2020_edited.jpg\" alt=\"\" width=\"800\" height=\"580\" srcset=\"https:\/\/www.bellunopress.it\/wp-content\/uploads\/2020\/08\/MARIA-DIMITRA-THEOCHARIS-vincitrice-ALPAGO-SKY-SUPER-3-2020_edited.jpg 800w, https:\/\/www.bellunopress.it\/wp-content\/uploads\/2020\/08\/MARIA-DIMITRA-THEOCHARIS-vincitrice-ALPAGO-SKY-SUPER-3-2020_edited-500x363.jpg 500w, https:\/\/www.bellunopress.it\/wp-content\/uploads\/2020\/08\/MARIA-DIMITRA-THEOCHARIS-vincitrice-ALPAGO-SKY-SUPER-3-2020_edited-696x505.jpg 696w, https:\/\/www.bellunopress.it\/wp-content\/uploads\/2020\/08\/MARIA-DIMITRA-THEOCHARIS-vincitrice-ALPAGO-SKY-SUPER-3-2020_edited-579x420.jpg 579w, https:\/\/www.bellunopress.it\/wp-content\/uploads\/2020\/08\/MARIA-DIMITRA-THEOCHARIS-vincitrice-ALPAGO-SKY-SUPER-3-2020_edited-324x235.jpg 324w\" sizes=\"auto, (max-width: 800px) 100vw, 800px\" \/><\/a><figcaption id=\"caption-attachment-116572\" class=\"wp-caption-text\">Maria Dimitra Theocharis<\/figcaption><\/figure>\n<p>Tra le donne successo per la friulana Maria Dimitra Theocharis, anche lei azzurra dello sci alpinismo: 2h41&#8217;46&#8221; il tempo al traguardo. In seconda e terza posizione rispettivamente Martina Cumerlato (a 21&#8217;22&#8221;) e Anna Dal Farra (a 39&#8217;58&#8221;).<\/p>\n<p>Alpago Sky super 3 ha proposto anche la Mini Ski Race: una gara in realt\u00e0 impegnativa, con 10 chilometri di sviluppo e 650 metri di dislivello. Pure in questo caso quattro partenze. A vincere sono stati il trevigiano Roberto Fregona, in 46&#8217;41&#8221;, e la bellunese Deborah Entilli, in 1h06&#8217;21&#8221;.<\/p>\n<p>\u00abAbbiamo avuto quattrocento concorrenti e il bilancio non pu\u00f2 che essere positivo\u00bb sottolinea il coordinatore dell&#8217;organizzazione, Vittorio Romor. \u00abAbbiamo voluto fortemente questo evento, anche come segnale di ripartenza dopo tanti mesi di stop. Non \u00e8 stato facile allestirlo ma ce l&#8217;abbiamo fatta, rispettando le normative sanitarie. Un grande grazie a chi ci ha dato fiducia: gli sponsor, l&#8217;amministrazione comunale di Chies, le associazioni di volontariato e, naturalmente, i concorrenti, arrivati da tante regioni d&#8217;Italia e anche dall&#8217;Austria\u00bb.<\/p>","protected":false},"excerpt":{"rendered":"<p>Chies d&#8217;Alpago (Belluno), 9 agosto 2020 \u2013 Sono stati 400 i concorrenti che domenica 9 agosto hanno dato vita all&#8217;ottava edizione di Alpago Sky Super 3, la sky race che a Chies d&#8217;Alpago (Belluno) vuole onorare la memoria di Maudi De March, David Cecchin e Andrea Zanon, i tre ragazzi del Soccorso Alpino caduti sul [&hellip;]<\/p>\n","protected":false},"author":2,"featured_media":116571,"comment_status":"closed","ping_status":"open","sticky":false,"template":"","format":"standard","meta":{"footnotes":""},"categories":[26,4],"tags":[],"class_list":["post-116570","post","type-post","status-publish","format-standard","has-post-thumbnail","category-prima-pagina","category-sport"],"yoast_head":"<!-- This site is optimized with the Yoast SEO plugin v28.4 - https:\/\/yoast.com\/product\/yoast-seo-wordpress\/ -->\n<title>Alpago Sky Super 3: Alex Oberbacher firma l&#039;ottava edizione. Al femminile vittoria per la friulana Maria Dimitra Theocharis - Bellunopress - Dolomiti<\/title>\n<meta name=\"robots\" content=\"index, follow, max-snippet:-1, max-image-preview:large, max-video-preview:-1\" \/>\n<link rel=\"canonical\" href=\"https:\/\/www.bellunopress.it\/fr\/2020\/08\/09\/alpago-sky-super-3-alex-oberbacher-firma-lottava-edizione-al-femminile-vittoria-per-la-friulana-maria-dimitra-theocharis\/\" \/>\n<meta property=\"og:locale\" content=\"fr_FR\" \/>\n<meta property=\"og:type\" content=\"article\" \/>\n<meta property=\"og:title\" content=\"Alpago Sky Super 3: Alex Oberbacher firma l&#039;ottava edizione. Al femminile vittoria per la friulana Maria Dimitra Theocharis - Bellunopress - Dolomiti\" \/>\n<meta property=\"og:description\" content=\"Chies d&#8217;Alpago (Belluno), 9 agosto 2020 \u2013 Sono stati 400 i concorrenti che domenica 9 agosto hanno dato vita all&#8217;ottava edizione di Alpago Sky Super 3, la sky race che a Chies d&#8217;Alpago (Belluno) vuole onorare la memoria di Maudi De March, David Cecchin e Andrea Zanon, i tre ragazzi del Soccorso Alpino caduti sul [&hellip;]\" \/>\n<meta property=\"og:url\" content=\"https:\/\/www.bellunopress.it\/fr\/2020\/08\/09\/alpago-sky-super-3-alex-oberbacher-firma-lottava-edizione-al-femminile-vittoria-per-la-friulana-maria-dimitra-theocharis\/\" \/>\n<meta property=\"og:site_name\" content=\"Bellunopress - Dolomiti\" \/>\n<meta property=\"article:publisher\" content=\"https:\/\/www.facebook.com\/profile.php?id=100008943462799\" \/>\n<meta property=\"article:published_time\" content=\"2020-08-09T19:52:22+00:00\" \/>\n<meta property=\"article:modified_time\" content=\"2020-08-09T19:55:25+00:00\" \/>\n<meta property=\"og:image\" content=\"https:\/\/www.bellunopress.it\/wp-content\/uploads\/2020\/08\/ALEX-OBERBACHR-VINCITORE-ALPAGO-SKY-SUPER-3-2020_edited.jpg\" \/>\n\t<meta property=\"og:image:width\" content=\"603\" \/>\n\t<meta property=\"og:image:height\" content=\"418\" \/>\n\t<meta property=\"og:image:type\" content=\"image\/jpeg\" \/>\n<meta name=\"author\" content=\"redazione\" \/>\n<meta name=\"twitter:card\" content=\"summary_large_image\" \/>\n<meta name=\"twitter:creator\" content=\"@bellunopress\" \/>\n<meta name=\"twitter:site\" content=\"@bellunopress\" \/>\n<meta name=\"twitter:label1\" content=\"\u00c9crit par\" \/>\n\t<meta name=\"twitter:data1\" content=\"redazione\" \/>\n\t<meta name=\"twitter:label2\" content=\"Dur\u00e9e de lecture estim\u00e9e\" \/>\n\t<meta name=\"twitter:data2\" content=\"2 minutes\" \/>\n<script type=\"application\/ld+json\" class=\"yoast-schema-graph\">{\"@context\":\"https:\\\/\\\/schema.org\",\"@graph\":[{\"@type\":\"Article\",\"@id\":\"https:\\\/\\\/www.bellunopress.it\\\/2020\\\/08\\\/09\\\/alpago-sky-super-3-alex-oberbacher-firma-lottava-edizione-al-femminile-vittoria-per-la-friulana-maria-dimitra-theocharis\\\/#article\",\"isPartOf\":{\"@id\":\"https:\\\/\\\/www.bellunopress.it\\\/2020\\\/08\\\/09\\\/alpago-sky-super-3-alex-oberbacher-firma-lottava-edizione-al-femminile-vittoria-per-la-friulana-maria-dimitra-theocharis\\\/\"},\"author\":{\"name\":\"redazione\",\"@id\":\"https:\\\/\\\/www.bellunopress.it\\\/#\\\/schema\\\/person\\\/79bb06722b37ece1c03d3e94beb30d73\"},\"headline\":\"Alpago Sky Super 3: Alex Oberbacher firma l&#8217;ottava edizione. Al femminile vittoria per la friulana Maria Dimitra Theocharis\",\"datePublished\":\"2020-08-09T19:52:22+00:00\",\"dateModified\":\"2020-08-09T19:55:25+00:00\",\"mainEntityOfPage\":{\"@id\":\"https:\\\/\\\/www.bellunopress.it\\\/2020\\\/08\\\/09\\\/alpago-sky-super-3-alex-oberbacher-firma-lottava-edizione-al-femminile-vittoria-per-la-friulana-maria-dimitra-theocharis\\\/\"},\"wordCount\":468,\"publisher\":{\"@id\":\"https:\\\/\\\/www.bellunopress.it\\\/#organization\"},\"image\":{\"@id\":\"https:\\\/\\\/www.bellunopress.it\\\/2020\\\/08\\\/09\\\/alpago-sky-super-3-alex-oberbacher-firma-lottava-edizione-al-femminile-vittoria-per-la-friulana-maria-dimitra-theocharis\\\/#primaryimage\"},\"thumbnailUrl\":\"https:\\\/\\\/www.bellunopress.it\\\/wp-content\\\/uploads\\\/2020\\\/08\\\/ALEX-OBERBACHR-VINCITORE-ALPAGO-SKY-SUPER-3-2020_edited.jpg\",\"articleSection\":[\"Prima Pagina\",\"Sport, tempo libero\"],\"inLanguage\":\"fr-FR\"},{\"@type\":\"WebPage\",\"@id\":\"https:\\\/\\\/www.bellunopress.it\\\/2020\\\/08\\\/09\\\/alpago-sky-super-3-alex-oberbacher-firma-lottava-edizione-al-femminile-vittoria-per-la-friulana-maria-dimitra-theocharis\\\/\",\"url\":\"https:\\\/\\\/www.bellunopress.it\\\/2020\\\/08\\\/09\\\/alpago-sky-super-3-alex-oberbacher-firma-lottava-edizione-al-femminile-vittoria-per-la-friulana-maria-dimitra-theocharis\\\/\",\"name\":\"Alpago Sky Super 3: Alex Oberbacher firma l'ottava edizione. Al femminile vittoria per la friulana Maria Dimitra Theocharis - Bellunopress - Dolomiti\",\"isPartOf\":{\"@id\":\"https:\\\/\\\/www.bellunopress.it\\\/#website\"},\"primaryImageOfPage\":{\"@id\":\"https:\\\/\\\/www.bellunopress.it\\\/2020\\\/08\\\/09\\\/alpago-sky-super-3-alex-oberbacher-firma-lottava-edizione-al-femminile-vittoria-per-la-friulana-maria-dimitra-theocharis\\\/#primaryimage\"},\"image\":{\"@id\":\"https:\\\/\\\/www.bellunopress.it\\\/2020\\\/08\\\/09\\\/alpago-sky-super-3-alex-oberbacher-firma-lottava-edizione-al-femminile-vittoria-per-la-friulana-maria-dimitra-theocharis\\\/#primaryimage\"},\"thumbnailUrl\":\"https:\\\/\\\/www.bellunopress.it\\\/wp-content\\\/uploads\\\/2020\\\/08\\\/ALEX-OBERBACHR-VINCITORE-ALPAGO-SKY-SUPER-3-2020_edited.jpg\",\"datePublished\":\"2020-08-09T19:52:22+00:00\",\"dateModified\":\"2020-08-09T19:55:25+00:00\",\"breadcrumb\":{\"@id\":\"https:\\\/\\\/www.bellunopress.it\\\/2020\\\/08\\\/09\\\/alpago-sky-super-3-alex-oberbacher-firma-lottava-edizione-al-femminile-vittoria-per-la-friulana-maria-dimitra-theocharis\\\/#breadcrumb\"},\"inLanguage\":\"fr-FR\",\"potentialAction\":[{\"@type\":\"ReadAction\",\"target\":[\"https:\\\/\\\/www.bellunopress.it\\\/2020\\\/08\\\/09\\\/alpago-sky-super-3-alex-oberbacher-firma-lottava-edizione-al-femminile-vittoria-per-la-friulana-maria-dimitra-theocharis\\\/\"]}]},{\"@type\":\"ImageObject\",\"inLanguage\":\"fr-FR\",\"@id\":\"https:\\\/\\\/www.bellunopress.it\\\/2020\\\/08\\\/09\\\/alpago-sky-super-3-alex-oberbacher-firma-lottava-edizione-al-femminile-vittoria-per-la-friulana-maria-dimitra-theocharis\\\/#primaryimage\",\"url\":\"https:\\\/\\\/www.bellunopress.it\\\/wp-content\\\/uploads\\\/2020\\\/08\\\/ALEX-OBERBACHR-VINCITORE-ALPAGO-SKY-SUPER-3-2020_edited.jpg\",\"contentUrl\":\"https:\\\/\\\/www.bellunopress.it\\\/wp-content\\\/uploads\\\/2020\\\/08\\\/ALEX-OBERBACHR-VINCITORE-ALPAGO-SKY-SUPER-3-2020_edited.jpg\",\"width\":603,\"height\":418,\"caption\":\"Alex Oberbacher\"},{\"@type\":\"BreadcrumbList\",\"@id\":\"https:\\\/\\\/www.bellunopress.it\\\/2020\\\/08\\\/09\\\/alpago-sky-super-3-alex-oberbacher-firma-lottava-edizione-al-femminile-vittoria-per-la-friulana-maria-dimitra-theocharis\\\/#breadcrumb\",\"itemListElement\":[{\"@type\":\"ListItem\",\"position\":1,\"name\":\"Home\",\"item\":\"https:\\\/\\\/www.bellunopress.it\\\/\"},{\"@type\":\"ListItem\",\"position\":2,\"name\":\"Alpago Sky Super 3: Alex Oberbacher firma l&#8217;ottava edizione. Al femminile vittoria per la friulana Maria Dimitra Theocharis\"}]},{\"@type\":\"WebSite\",\"@id\":\"https:\\\/\\\/www.bellunopress.it\\\/#website\",\"url\":\"https:\\\/\\\/www.bellunopress.it\\\/\",\"name\":\"Bellunopress - Dolomiti\",\"description\":\"e-mail: redazione@bellunopress.it\",\"publisher\":{\"@id\":\"https:\\\/\\\/www.bellunopress.it\\\/#organization\"},\"potentialAction\":[{\"@type\":\"SearchAction\",\"target\":{\"@type\":\"EntryPoint\",\"urlTemplate\":\"https:\\\/\\\/www.bellunopress.it\\\/?s={search_term_string}\"},\"query-input\":{\"@type\":\"PropertyValueSpecification\",\"valueRequired\":true,\"valueName\":\"search_term_string\"}}],\"inLanguage\":\"fr-FR\"},{\"@type\":\"Organization\",\"@id\":\"https:\\\/\\\/www.bellunopress.it\\\/#organization\",\"name\":\"Bellunopress\",\"url\":\"https:\\\/\\\/www.bellunopress.it\\\/\",\"logo\":{\"@type\":\"ImageObject\",\"inLanguage\":\"fr-FR\",\"@id\":\"https:\\\/\\\/www.bellunopress.it\\\/#\\\/schema\\\/logo\\\/image\\\/\",\"url\":\"https:\\\/\\\/www.bellunopress.it\\\/wp-content\\\/uploads\\\/2011\\\/05\\\/cropped-logo-bellunopress-.jpg\",\"contentUrl\":\"https:\\\/\\\/www.bellunopress.it\\\/wp-content\\\/uploads\\\/2011\\\/05\\\/cropped-logo-bellunopress-.jpg\",\"width\":512,\"height\":512,\"caption\":\"Bellunopress\"},\"image\":{\"@id\":\"https:\\\/\\\/www.bellunopress.it\\\/#\\\/schema\\\/logo\\\/image\\\/\"},\"sameAs\":[\"https:\\\/\\\/www.facebook.com\\\/profile.php?id=100008943462799\",\"https:\\\/\\\/x.com\\\/bellunopress\",\"https:\\\/\\\/www.linkedin.com\\\/hp\\\/?dnr=JBzUWaJfMUw8vbXJJ2tVW5-I3jZKvC4wsoxE&amp;amp;amp;amp;amp;amp;trk=nav_responsive_tab_home\",\"https:\\\/\\\/www.youtube.com\\\/channel\\\/UCxL0wu1uN0_3_7hGG0306cw\"]},{\"@type\":\"Person\",\"@id\":\"https:\\\/\\\/www.bellunopress.it\\\/#\\\/schema\\\/person\\\/79bb06722b37ece1c03d3e94beb30d73\",\"name\":\"redazione\",\"image\":{\"@type\":\"ImageObject\",\"inLanguage\":\"fr-FR\",\"@id\":\"https:\\\/\\\/secure.gravatar.com\\\/avatar\\\/37d968a2e67a6fd04c169c4bdef102d0bc5d31b2546345219e348575eb80e9a0?s=96&d=mm&r=g\",\"url\":\"https:\\\/\\\/secure.gravatar.com\\\/avatar\\\/37d968a2e67a6fd04c169c4bdef102d0bc5d31b2546345219e348575eb80e9a0?s=96&d=mm&r=g\",\"contentUrl\":\"https:\\\/\\\/secure.gravatar.com\\\/avatar\\\/37d968a2e67a6fd04c169c4bdef102d0bc5d31b2546345219e348575eb80e9a0?s=96&d=mm&r=g\",\"caption\":\"redazione\"},\"sameAs\":[\"http:\\\/\\\/www.bellunopress.it\",\"https:\\\/\\\/x.com\\\/bellunopress\"],\"url\":\"https:\\\/\\\/www.bellunopress.it\\\/fr\\\/author\\\/redazione\\\/\"}]}<\/script>\n<!-- \/ Yoast SEO plugin. -->","yoast_head_json":{"title":"Alpago Sky Super 3: Alex Oberbacher firma l'ottava edizione. Al femminile vittoria per la friulana Maria Dimitra Theocharis - Bellunopress - Dolomiti","robots":{"index":"index","follow":"follow","max-snippet":"max-snippet:-1","max-image-preview":"max-image-preview:large","max-video-preview":"max-video-preview:-1"},"canonical":"https:\/\/www.bellunopress.it\/fr\/2020\/08\/09\/alpago-sky-super-3-alex-oberbacher-firma-lottava-edizione-al-femminile-vittoria-per-la-friulana-maria-dimitra-theocharis\/","og_locale":"fr_FR","og_type":"article","og_title":"Alpago Sky Super 3: Alex Oberbacher firma l'ottava edizione. Al femminile vittoria per la friulana Maria Dimitra Theocharis - Bellunopress - Dolomiti","og_description":"Chies d&#8217;Alpago (Belluno), 9 agosto 2020 \u2013 Sono stati 400 i concorrenti che domenica 9 agosto hanno dato vita all&#8217;ottava edizione di Alpago Sky Super 3, la sky race che a Chies d&#8217;Alpago (Belluno) vuole onorare la memoria di Maudi De March, David Cecchin e Andrea Zanon, i tre ragazzi del Soccorso Alpino caduti sul [&hellip;]","og_url":"https:\/\/www.bellunopress.it\/fr\/2020\/08\/09\/alpago-sky-super-3-alex-oberbacher-firma-lottava-edizione-al-femminile-vittoria-per-la-friulana-maria-dimitra-theocharis\/","og_site_name":"Bellunopress - Dolomiti","article_publisher":"https:\/\/www.facebook.com\/profile.php?id=100008943462799","article_published_time":"2020-08-09T19:52:22+00:00","article_modified_time":"2020-08-09T19:55:25+00:00","og_image":[{"width":603,"height":418,"url":"https:\/\/www.bellunopress.it\/wp-content\/uploads\/2020\/08\/ALEX-OBERBACHR-VINCITORE-ALPAGO-SKY-SUPER-3-2020_edited.jpg","type":"image\/jpeg"}],"author":"redazione","twitter_card":"summary_large_image","twitter_creator":"@bellunopress","twitter_site":"@bellunopress","twitter_misc":{"\u00c9crit par":"redazione","Dur\u00e9e de lecture estim\u00e9e":"2 minutes"},"schema":{"@context":"https:\/\/schema.org","@graph":[{"@type":"Article","@id":"https:\/\/www.bellunopress.it\/2020\/08\/09\/alpago-sky-super-3-alex-oberbacher-firma-lottava-edizione-al-femminile-vittoria-per-la-friulana-maria-dimitra-theocharis\/#article","isPartOf":{"@id":"https:\/\/www.bellunopress.it\/2020\/08\/09\/alpago-sky-super-3-alex-oberbacher-firma-lottava-edizione-al-femminile-vittoria-per-la-friulana-maria-dimitra-theocharis\/"},"author":{"name":"redazione","@id":"https:\/\/www.bellunopress.it\/#\/schema\/person\/79bb06722b37ece1c03d3e94beb30d73"},"headline":"Alpago Sky Super 3: Alex Oberbacher firma l&#8217;ottava edizione. Al femminile vittoria per la friulana Maria Dimitra Theocharis","datePublished":"2020-08-09T19:52:22+00:00","dateModified":"2020-08-09T19:55:25+00:00","mainEntityOfPage":{"@id":"https:\/\/www.bellunopress.it\/2020\/08\/09\/alpago-sky-super-3-alex-oberbacher-firma-lottava-edizione-al-femminile-vittoria-per-la-friulana-maria-dimitra-theocharis\/"},"wordCount":468,"publisher":{"@id":"https:\/\/www.bellunopress.it\/#organization"},"image":{"@id":"https:\/\/www.bellunopress.it\/2020\/08\/09\/alpago-sky-super-3-alex-oberbacher-firma-lottava-edizione-al-femminile-vittoria-per-la-friulana-maria-dimitra-theocharis\/#primaryimage"},"thumbnailUrl":"https:\/\/www.bellunopress.it\/wp-content\/uploads\/2020\/08\/ALEX-OBERBACHR-VINCITORE-ALPAGO-SKY-SUPER-3-2020_edited.jpg","articleSection":["Prima Pagina","Sport, tempo libero"],"inLanguage":"fr-FR"},{"@type":"WebPage","@id":"https:\/\/www.bellunopress.it\/2020\/08\/09\/alpago-sky-super-3-alex-oberbacher-firma-lottava-edizione-al-femminile-vittoria-per-la-friulana-maria-dimitra-theocharis\/","url":"https:\/\/www.bellunopress.it\/2020\/08\/09\/alpago-sky-super-3-alex-oberbacher-firma-lottava-edizione-al-femminile-vittoria-per-la-friulana-maria-dimitra-theocharis\/","name":"Alpago Sky Super 3: Alex Oberbacher firma l'ottava edizione. Al femminile vittoria per la friulana Maria Dimitra Theocharis - Bellunopress - Dolomiti","isPartOf":{"@id":"https:\/\/www.bellunopress.it\/#website"},"primaryImageOfPage":{"@id":"https:\/\/www.bellunopress.it\/2020\/08\/09\/alpago-sky-super-3-alex-oberbacher-firma-lottava-edizione-al-femminile-vittoria-per-la-friulana-maria-dimitra-theocharis\/#primaryimage"},"image":{"@id":"https:\/\/www.bellunopress.it\/2020\/08\/09\/alpago-sky-super-3-alex-oberbacher-firma-lottava-edizione-al-femminile-vittoria-per-la-friulana-maria-dimitra-theocharis\/#primaryimage"},"thumbnailUrl":"https:\/\/www.bellunopress.it\/wp-content\/uploads\/2020\/08\/ALEX-OBERBACHR-VINCITORE-ALPAGO-SKY-SUPER-3-2020_edited.jpg","datePublished":"2020-08-09T19:52:22+00:00","dateModified":"2020-08-09T19:55:25+00:00","breadcrumb":{"@id":"https:\/\/www.bellunopress.it\/2020\/08\/09\/alpago-sky-super-3-alex-oberbacher-firma-lottava-edizione-al-femminile-vittoria-per-la-friulana-maria-dimitra-theocharis\/#breadcrumb"},"inLanguage":"fr-FR","potentialAction":[{"@type":"ReadAction","target":["https:\/\/www.bellunopress.it\/2020\/08\/09\/alpago-sky-super-3-alex-oberbacher-firma-lottava-edizione-al-femminile-vittoria-per-la-friulana-maria-dimitra-theocharis\/"]}]},{"@type":"ImageObject","inLanguage":"fr-FR","@id":"https:\/\/www.bellunopress.it\/2020\/08\/09\/alpago-sky-super-3-alex-oberbacher-firma-lottava-edizione-al-femminile-vittoria-per-la-friulana-maria-dimitra-theocharis\/#primaryimage","url":"https:\/\/www.bellunopress.it\/wp-content\/uploads\/2020\/08\/ALEX-OBERBACHR-VINCITORE-ALPAGO-SKY-SUPER-3-2020_edited.jpg","contentUrl":"https:\/\/www.bellunopress.it\/wp-content\/uploads\/2020\/08\/ALEX-OBERBACHR-VINCITORE-ALPAGO-SKY-SUPER-3-2020_edited.jpg","width":603,"height":418,"caption":"Alex Oberbacher"},{"@type":"BreadcrumbList","@id":"https:\/\/www.bellunopress.it\/2020\/08\/09\/alpago-sky-super-3-alex-oberbacher-firma-lottava-edizione-al-femminile-vittoria-per-la-friulana-maria-dimitra-theocharis\/#breadcrumb","itemListElement":[{"@type":"ListItem","position":1,"name":"Home","item":"https:\/\/www.bellunopress.it\/"},{"@type":"ListItem","position":2,"name":"Alpago Sky Super 3: Alex Oberbacher firma l&#8217;ottava edizione. Al femminile vittoria per la friulana Maria Dimitra Theocharis"}]},{"@type":"WebSite","@id":"https:\/\/www.bellunopress.it\/#website","url":"https:\/\/www.bellunopress.it\/","name":"Bellunopress - Dolomiti","description":"e-mail: redazione@bellunopress.it","publisher":{"@id":"https:\/\/www.bellunopress.it\/#organization"},"potentialAction":[{"@type":"SearchAction","target":{"@type":"EntryPoint","urlTemplate":"https:\/\/www.bellunopress.it\/?s={search_term_string}"},"query-input":{"@type":"PropertyValueSpecification","valueRequired":true,"valueName":"search_term_string"}}],"inLanguage":"fr-FR"},{"@type":"Organization","@id":"https:\/\/www.bellunopress.it\/#organization","name":"Bellunopress","url":"https:\/\/www.bellunopress.it\/","logo":{"@type":"ImageObject","inLanguage":"fr-FR","@id":"https:\/\/www.bellunopress.it\/#\/schema\/logo\/image\/","url":"https:\/\/www.bellunopress.it\/wp-content\/uploads\/2011\/05\/cropped-logo-bellunopress-.jpg","contentUrl":"https:\/\/www.bellunopress.it\/wp-content\/uploads\/2011\/05\/cropped-logo-bellunopress-.jpg","width":512,"height":512,"caption":"Bellunopress"},"image":{"@id":"https:\/\/www.bellunopress.it\/#\/schema\/logo\/image\/"},"sameAs":["https:\/\/www.facebook.com\/profile.php?id=100008943462799","https:\/\/x.com\/bellunopress","https:\/\/www.linkedin.com\/hp\/?dnr=JBzUWaJfMUw8vbXJJ2tVW5-I3jZKvC4wsoxE&amp;amp;amp;amp;amp;amp;trk=nav_responsive_tab_home","https:\/\/www.youtube.com\/channel\/UCxL0wu1uN0_3_7hGG0306cw"]},{"@type":"Person","@id":"https:\/\/www.bellunopress.it\/#\/schema\/person\/79bb06722b37ece1c03d3e94beb30d73","name":"r\u00e9daction","image":{"@type":"ImageObject","inLanguage":"fr-FR","@id":"https:\/\/secure.gravatar.com\/avatar\/37d968a2e67a6fd04c169c4bdef102d0bc5d31b2546345219e348575eb80e9a0?s=96&d=mm&r=g","url":"https:\/\/secure.gravatar.com\/avatar\/37d968a2e67a6fd04c169c4bdef102d0bc5d31b2546345219e348575eb80e9a0?s=96&d=mm&r=g","contentUrl":"https:\/\/secure.gravatar.com\/avatar\/37d968a2e67a6fd04c169c4bdef102d0bc5d31b2546345219e348575eb80e9a0?s=96&d=mm&r=g","caption":"redazione"},"sameAs":["http:\/\/www.bellunopress.it","https:\/\/x.com\/bellunopress"],"url":"https:\/\/www.bellunopress.it\/fr\/author\/redazione\/"}]}},"_links":{"self":[{"href":"https:\/\/www.bellunopress.it\/fr\/wp-json\/wp\/v2\/posts\/116570","targetHints":{"allow":["GET"]}}],"collection":[{"href":"https:\/\/www.bellunopress.it\/fr\/wp-json\/wp\/v2\/posts"}],"about":[{"href":"https:\/\/www.bellunopress.it\/fr\/wp-json\/wp\/v2\/types\/post"}],"author":[{"embeddable":true,"href":"https:\/\/www.bellunopress.it\/fr\/wp-json\/wp\/v2\/users\/2"}],"replies":[{"embeddable":true,"href":"https:\/\/www.bellunopress.it\/fr\/wp-json\/wp\/v2\/comments?post=116570"}],"version-history":[{"count":3,"href":"https:\/\/www.bellunopress.it\/fr\/wp-json\/wp\/v2\/posts\/116570\/revisions"}],"predecessor-version":[{"id":116575,"href":"https:\/\/www.bellunopress.it\/fr\/wp-json\/wp\/v2\/posts\/116570\/revisions\/116575"}],"wp:featuredmedia":[{"embeddable":true,"href":"https:\/\/www.bellunopress.it\/fr\/wp-json\/wp\/v2\/media\/116571"}],"wp:attachment":[{"href":"https:\/\/www.bellunopress.it\/fr\/wp-json\/wp\/v2\/media?parent=116570"}],"wp:term":[{"taxonomy":"category","embeddable":true,"href":"https:\/\/www.bellunopress.it\/fr\/wp-json\/wp\/v2\/categories?post=116570"},{"taxonomy":"post_tag","embeddable":true,"href":"https:\/\/www.bellunopress.it\/fr\/wp-json\/wp\/v2\/tags?post=116570"}],"curies":[{"name":"wp","href":"https:\/\/api.w.org\/{rel}","templated":true}]}}