{"id":116568,"date":"2020-08-09T20:35:24","date_gmt":"2020-08-09T18:35:24","guid":{"rendered":"http:\/\/www.bellunopress.it\/?p=116568"},"modified":"2020-08-09T20:35:24","modified_gmt":"2020-08-09T18:35:24","slug":"pokerissimo-con-record-di-christian-merli-nella-46ma-alpe-del-nevegal","status":"publish","type":"post","link":"https:\/\/www.bellunopress.it\/fr\/2020\/08\/09\/pokerissimo-con-record-di-christian-merli-nella-46ma-alpe-del-nevegal\/","title":{"rendered":"Pokerissimo con record di Christian Merli nella 46ma Alpe del Nevegal"},"content":{"rendered":"<figure id=\"attachment_116522\" aria-describedby=\"caption-attachment-116522\" style=\"width: 800px\" class=\"wp-caption alignleft\"><a href=\"http:\/\/www.bellunopress.it\/fr\/2020\/08\/08\/alpe-del-nevegal-gia-in-evidenza-merli-e-faggioli-alla-prima-sessione-della-gara\/merli_prova1_samueleguida_edited\/\" rel=\"attachment wp-att-116522\"><img loading=\"lazy\" decoding=\"async\" class=\"size-full wp-image-116522\" src=\"http:\/\/www.bellunopress.it\/wp-content\/uploads\/2020\/08\/Merli_Prova1_\u00a9SamueleGuida_edited.jpg\" alt=\"\" width=\"800\" height=\"531\" srcset=\"https:\/\/www.bellunopress.it\/wp-content\/uploads\/2020\/08\/Merli_Prova1_\u00a9SamueleGuida_edited.jpg 800w, https:\/\/www.bellunopress.it\/wp-content\/uploads\/2020\/08\/Merli_Prova1_\u00a9SamueleGuida_edited-500x332.jpg 500w, https:\/\/www.bellunopress.it\/wp-content\/uploads\/2020\/08\/Merli_Prova1_\u00a9SamueleGuida_edited-696x462.jpg 696w, https:\/\/www.bellunopress.it\/wp-content\/uploads\/2020\/08\/Merli_Prova1_\u00a9SamueleGuida_edited-633x420.jpg 633w\" sizes=\"auto, (max-width: 800px) 100vw, 800px\" \/><\/a><figcaption id=\"caption-attachment-116522\" class=\"wp-caption-text\">Christian Merli (Foto Samuele Guida)<\/figcaption><\/figure>\n<p>Christian Merli, sempre pi\u00f9 nella storia dell\u2019Alpe del Nevegal. Il trentino di Fiav\u00e8 ha<br \/>\nconfezionato due prestazioni strabilianti nella 46ma edizione della cronoscalata, organizzata<br \/>\ndalla Tre Cime Promotor asd e valida come gara d\u2019apertura del Campionato Italiano Velocit\u00e0<br \/>\nMontagna di ACI Sport. Il portacolori della scuderia Vimotorsport ha firmato il suo quinto<br \/>\nassoluto sulla montagna dei Bellunesi dove, nel 2004, con una Lucchini Bmw, colse la prima<br \/>\nvittoria assoluta di una carriera che \u00e8 diventata straordinaria. Non basta.<br \/>\nIl buon Christian si \u00e8 imposto a suon di record (che gi\u00e0 gli apparteneva dal 2018), coprendo i 5500 metri che da Caleipo portano all\u2019Alpe in Fiore in 2.23.01 in Gara 1 e in 2.22.66 in Gara 2. A rendere, se possibile, ancora pi\u00f9 scintillante l\u2019affermazione di Merli \u00e8 la grandezza del secondo classificato, quel Simone Faggioli, debuttante al Nevegal, che ha provato in tutte le maniere a contrastare il trentino. Il pilota fiorentino, in Gara 1, ha limato di oltre 5 secondi il proprio limite sul tracciato bellunese e con 2.23.48 aveva anche stabilito il nuovo primato della corsa. In Gara 2, per\u00f2, non \u00e8 riuscito a ripetersi, peggiorando di circa un secondo mezzo la propria prestazione. Onore al merito a questi due grandissimi campioni, cos\u00ec come all\u2019altro trentino Diego Degasperi, terzo assoluto.<\/p>\n<p>Primo dei piloti di casa l\u2019agordino Denis Mezzacasa, su Tatuus Formula Renault, ventiduesimo assoluto e primo nella classe E2SS 2000.<br \/>\nNel Gruppo N si \u00e8 imposto Antonino Migliuolo (Mitsubishi Lancer Evo Non si \u00e8 limitato a<br \/>\nquesto il buon Christian IX) in 6.05.50, davanti a Lorenzo Mercati (Mitsubishi Lancer Evo IX), staccato di 8.73 e a Cesare Rainer (Honda Civic Type R) a 46.76. Nel gruppo A primo posto\u00a0 dell\u2019altoatesino Rudi Bicciato (Mitsubishi Lancer) in 6.02.34, alle sue spalle Tobia Zarpellon (Bmw M3 E36) a 9.67; terzo Simon Morandell (Citroen Saxo Vts) a 29.25; quarto il bellunese Nicola \u201cMenger\u201d Dal Col (Renault Clio R3) a 32.04. Fra i prototipi CN ha primeggiato Rosario Iaquinta (Osella Pa21Evo) in 5.33.30; secondo Stefano Crespi (Osella Pa21\/S) a 6.86; terzo Giancarlo Graziosi (Osella PA21) a 23.78. Gruppo E1 FIa: 1. Giuseppe Aragona (Mini Cooper S) in 6.02.82; secondo Andrea Palazzo (Peugeot 308) a 6.86; terzo Alex Bet (Peugeot 205 Gti) a 11.04. In E2SH dominio di Mauro Soretti (Subaru Impreza) in 5.34.79; davanti a Michele Gjirardo (Lotus Exige) a 27.08 e a Roman Gurschler (Fiat 500 Hayabusa) a 28.62. Fra le Gran Turismo Rosario Parrino (Lamborghini Huracan) ha primeggiato in 5.48.77. Alle sue spalle: Maurizio Pitorri (Ferrari 488 Challenge) a 1.69) e Roberto Ragazzi (Ferrari 488 Challenge) a 2.72. Prod Evo: 1. Sigi Fedrigotti (Ford Escort Cosworth) in 6.34.29; 2. Martin Sieberlechner (Peugeot 106) a 12.73); 3. Viktor Nideriaufner (Renault Clio Williams) a 13.72. Prod Serie: 1. Lorenzo Accorsi (Peugeot 106 rally) in 7.01.79; 2. Florian Rohregger (Renault Clio Williams) a 2.19; 3. Alberto Agosti (Honda Civic Ek4) a 9.70; 4. Il bellunese Manuele Micheletto (Peugeot 106 Rally) a 14.41. Fra le Racing Start, Giovanni Angelini (Peugeot 308 Gti) ha vinto in RS; Alberto Cioffi (Mini Cooper Jcw) in RS Cup; Vito Tagliente (Peugeot 308) in RS Plus.<\/p>","protected":false},"excerpt":{"rendered":"<p>Christian Merli, sempre pi\u00f9 nella storia dell\u2019Alpe del Nevegal. Il trentino di Fiav\u00e8 ha confezionato due prestazioni strabilianti nella 46ma edizione della cronoscalata, organizzata dalla Tre Cime Promotor asd e valida come gara d\u2019apertura del Campionato Italiano Velocit\u00e0 Montagna di ACI Sport. Il portacolori della scuderia Vimotorsport ha firmato il suo quinto assoluto sulla montagna [&hellip;]<\/p>\n","protected":false},"author":2,"featured_media":116522,"comment_status":"closed","ping_status":"open","sticky":false,"template":"","format":"standard","meta":{"footnotes":""},"categories":[26,4],"tags":[],"class_list":["post-116568","post","type-post","status-publish","format-standard","has-post-thumbnail","category-prima-pagina","category-sport"],"yoast_head":"<!-- This site is optimized with the Yoast SEO plugin v28.4 - https:\/\/yoast.com\/product\/yoast-seo-wordpress\/ -->\n<title>Pokerissimo con record di Christian Merli nella 46ma Alpe del Nevegal - Bellunopress - Dolomiti<\/title>\n<meta name=\"robots\" content=\"index, follow, max-snippet:-1, max-image-preview:large, max-video-preview:-1\" \/>\n<link rel=\"canonical\" href=\"https:\/\/www.bellunopress.it\/fr\/2020\/08\/09\/pokerissimo-con-record-di-christian-merli-nella-46ma-alpe-del-nevegal\/\" \/>\n<meta property=\"og:locale\" content=\"fr_FR\" \/>\n<meta property=\"og:type\" content=\"article\" \/>\n<meta property=\"og:title\" content=\"Pokerissimo con record di Christian Merli nella 46ma Alpe del Nevegal - Bellunopress - Dolomiti\" \/>\n<meta property=\"og:description\" content=\"Christian Merli, sempre pi\u00f9 nella storia dell\u2019Alpe del Nevegal. Il trentino di Fiav\u00e8 ha confezionato due prestazioni strabilianti nella 46ma edizione della cronoscalata, organizzata dalla Tre Cime Promotor asd e valida come gara d\u2019apertura del Campionato Italiano Velocit\u00e0 Montagna di ACI Sport. Il portacolori della scuderia Vimotorsport ha firmato il suo quinto assoluto sulla montagna [&hellip;]\" \/>\n<meta property=\"og:url\" content=\"https:\/\/www.bellunopress.it\/fr\/2020\/08\/09\/pokerissimo-con-record-di-christian-merli-nella-46ma-alpe-del-nevegal\/\" \/>\n<meta property=\"og:site_name\" content=\"Bellunopress - Dolomiti\" \/>\n<meta property=\"article:publisher\" content=\"https:\/\/www.facebook.com\/profile.php?id=100008943462799\" \/>\n<meta property=\"article:published_time\" content=\"2020-08-09T18:35:24+00:00\" \/>\n<meta property=\"og:image\" content=\"https:\/\/www.bellunopress.it\/wp-content\/uploads\/2020\/08\/Merli_Prova1_\u00a9SamueleGuida_edited.jpg\" \/>\n\t<meta property=\"og:image:width\" content=\"800\" \/>\n\t<meta property=\"og:image:height\" content=\"531\" \/>\n\t<meta property=\"og:image:type\" content=\"image\/jpeg\" \/>\n<meta name=\"author\" content=\"redazione\" \/>\n<meta name=\"twitter:card\" content=\"summary_large_image\" \/>\n<meta name=\"twitter:creator\" content=\"@bellunopress\" \/>\n<meta name=\"twitter:site\" content=\"@bellunopress\" \/>\n<meta name=\"twitter:label1\" content=\"\u00c9crit par\" \/>\n\t<meta name=\"twitter:data1\" content=\"redazione\" \/>\n\t<meta name=\"twitter:label2\" content=\"Dur\u00e9e de lecture estim\u00e9e\" \/>\n\t<meta name=\"twitter:data2\" content=\"2 minutes\" \/>\n<script type=\"application\/ld+json\" class=\"yoast-schema-graph\">{\"@context\":\"https:\\\/\\\/schema.org\",\"@graph\":[{\"@type\":\"Article\",\"@id\":\"https:\\\/\\\/www.bellunopress.it\\\/2020\\\/08\\\/09\\\/pokerissimo-con-record-di-christian-merli-nella-46ma-alpe-del-nevegal\\\/#article\",\"isPartOf\":{\"@id\":\"https:\\\/\\\/www.bellunopress.it\\\/2020\\\/08\\\/09\\\/pokerissimo-con-record-di-christian-merli-nella-46ma-alpe-del-nevegal\\\/\"},\"author\":{\"name\":\"redazione\",\"@id\":\"https:\\\/\\\/www.bellunopress.it\\\/#\\\/schema\\\/person\\\/79bb06722b37ece1c03d3e94beb30d73\"},\"headline\":\"Pokerissimo con record di Christian Merli nella 46ma Alpe del Nevegal\",\"datePublished\":\"2020-08-09T18:35:24+00:00\",\"mainEntityOfPage\":{\"@id\":\"https:\\\/\\\/www.bellunopress.it\\\/2020\\\/08\\\/09\\\/pokerissimo-con-record-di-christian-merli-nella-46ma-alpe-del-nevegal\\\/\"},\"wordCount\":488,\"publisher\":{\"@id\":\"https:\\\/\\\/www.bellunopress.it\\\/#organization\"},\"image\":{\"@id\":\"https:\\\/\\\/www.bellunopress.it\\\/2020\\\/08\\\/09\\\/pokerissimo-con-record-di-christian-merli-nella-46ma-alpe-del-nevegal\\\/#primaryimage\"},\"thumbnailUrl\":\"https:\\\/\\\/www.bellunopress.it\\\/wp-content\\\/uploads\\\/2020\\\/08\\\/Merli_Prova1_\u00a9SamueleGuida_edited.jpg\",\"articleSection\":[\"Prima Pagina\",\"Sport, tempo libero\"],\"inLanguage\":\"fr-FR\"},{\"@type\":\"WebPage\",\"@id\":\"https:\\\/\\\/www.bellunopress.it\\\/2020\\\/08\\\/09\\\/pokerissimo-con-record-di-christian-merli-nella-46ma-alpe-del-nevegal\\\/\",\"url\":\"https:\\\/\\\/www.bellunopress.it\\\/2020\\\/08\\\/09\\\/pokerissimo-con-record-di-christian-merli-nella-46ma-alpe-del-nevegal\\\/\",\"name\":\"Pokerissimo con record di Christian Merli nella 46ma Alpe del Nevegal - Bellunopress - Dolomiti\",\"isPartOf\":{\"@id\":\"https:\\\/\\\/www.bellunopress.it\\\/#website\"},\"primaryImageOfPage\":{\"@id\":\"https:\\\/\\\/www.bellunopress.it\\\/2020\\\/08\\\/09\\\/pokerissimo-con-record-di-christian-merli-nella-46ma-alpe-del-nevegal\\\/#primaryimage\"},\"image\":{\"@id\":\"https:\\\/\\\/www.bellunopress.it\\\/2020\\\/08\\\/09\\\/pokerissimo-con-record-di-christian-merli-nella-46ma-alpe-del-nevegal\\\/#primaryimage\"},\"thumbnailUrl\":\"https:\\\/\\\/www.bellunopress.it\\\/wp-content\\\/uploads\\\/2020\\\/08\\\/Merli_Prova1_\u00a9SamueleGuida_edited.jpg\",\"datePublished\":\"2020-08-09T18:35:24+00:00\",\"breadcrumb\":{\"@id\":\"https:\\\/\\\/www.bellunopress.it\\\/2020\\\/08\\\/09\\\/pokerissimo-con-record-di-christian-merli-nella-46ma-alpe-del-nevegal\\\/#breadcrumb\"},\"inLanguage\":\"fr-FR\",\"potentialAction\":[{\"@type\":\"ReadAction\",\"target\":[\"https:\\\/\\\/www.bellunopress.it\\\/2020\\\/08\\\/09\\\/pokerissimo-con-record-di-christian-merli-nella-46ma-alpe-del-nevegal\\\/\"]}]},{\"@type\":\"ImageObject\",\"inLanguage\":\"fr-FR\",\"@id\":\"https:\\\/\\\/www.bellunopress.it\\\/2020\\\/08\\\/09\\\/pokerissimo-con-record-di-christian-merli-nella-46ma-alpe-del-nevegal\\\/#primaryimage\",\"url\":\"https:\\\/\\\/www.bellunopress.it\\\/wp-content\\\/uploads\\\/2020\\\/08\\\/Merli_Prova1_\u00a9SamueleGuida_edited.jpg\",\"contentUrl\":\"https:\\\/\\\/www.bellunopress.it\\\/wp-content\\\/uploads\\\/2020\\\/08\\\/Merli_Prova1_\u00a9SamueleGuida_edited.jpg\",\"width\":800,\"height\":531,\"caption\":\"Christian Merli (Foto Samuele Guida)\"},{\"@type\":\"BreadcrumbList\",\"@id\":\"https:\\\/\\\/www.bellunopress.it\\\/2020\\\/08\\\/09\\\/pokerissimo-con-record-di-christian-merli-nella-46ma-alpe-del-nevegal\\\/#breadcrumb\",\"itemListElement\":[{\"@type\":\"ListItem\",\"position\":1,\"name\":\"Home\",\"item\":\"https:\\\/\\\/www.bellunopress.it\\\/\"},{\"@type\":\"ListItem\",\"position\":2,\"name\":\"Pokerissimo con record di Christian Merli nella 46ma Alpe del Nevegal\"}]},{\"@type\":\"WebSite\",\"@id\":\"https:\\\/\\\/www.bellunopress.it\\\/#website\",\"url\":\"https:\\\/\\\/www.bellunopress.it\\\/\",\"name\":\"Bellunopress - Dolomiti\",\"description\":\"e-mail: redazione@bellunopress.it\",\"publisher\":{\"@id\":\"https:\\\/\\\/www.bellunopress.it\\\/#organization\"},\"potentialAction\":[{\"@type\":\"SearchAction\",\"target\":{\"@type\":\"EntryPoint\",\"urlTemplate\":\"https:\\\/\\\/www.bellunopress.it\\\/?s={search_term_string}\"},\"query-input\":{\"@type\":\"PropertyValueSpecification\",\"valueRequired\":true,\"valueName\":\"search_term_string\"}}],\"inLanguage\":\"fr-FR\"},{\"@type\":\"Organization\",\"@id\":\"https:\\\/\\\/www.bellunopress.it\\\/#organization\",\"name\":\"Bellunopress\",\"url\":\"https:\\\/\\\/www.bellunopress.it\\\/\",\"logo\":{\"@type\":\"ImageObject\",\"inLanguage\":\"fr-FR\",\"@id\":\"https:\\\/\\\/www.bellunopress.it\\\/#\\\/schema\\\/logo\\\/image\\\/\",\"url\":\"https:\\\/\\\/www.bellunopress.it\\\/wp-content\\\/uploads\\\/2011\\\/05\\\/cropped-logo-bellunopress-.jpg\",\"contentUrl\":\"https:\\\/\\\/www.bellunopress.it\\\/wp-content\\\/uploads\\\/2011\\\/05\\\/cropped-logo-bellunopress-.jpg\",\"width\":512,\"height\":512,\"caption\":\"Bellunopress\"},\"image\":{\"@id\":\"https:\\\/\\\/www.bellunopress.it\\\/#\\\/schema\\\/logo\\\/image\\\/\"},\"sameAs\":[\"https:\\\/\\\/www.facebook.com\\\/profile.php?id=100008943462799\",\"https:\\\/\\\/x.com\\\/bellunopress\",\"https:\\\/\\\/www.linkedin.com\\\/hp\\\/?dnr=JBzUWaJfMUw8vbXJJ2tVW5-I3jZKvC4wsoxE&amp;amp;amp;amp;amp;amp;trk=nav_responsive_tab_home\",\"https:\\\/\\\/www.youtube.com\\\/channel\\\/UCxL0wu1uN0_3_7hGG0306cw\"]},{\"@type\":\"Person\",\"@id\":\"https:\\\/\\\/www.bellunopress.it\\\/#\\\/schema\\\/person\\\/79bb06722b37ece1c03d3e94beb30d73\",\"name\":\"redazione\",\"image\":{\"@type\":\"ImageObject\",\"inLanguage\":\"fr-FR\",\"@id\":\"https:\\\/\\\/secure.gravatar.com\\\/avatar\\\/37d968a2e67a6fd04c169c4bdef102d0bc5d31b2546345219e348575eb80e9a0?s=96&d=mm&r=g\",\"url\":\"https:\\\/\\\/secure.gravatar.com\\\/avatar\\\/37d968a2e67a6fd04c169c4bdef102d0bc5d31b2546345219e348575eb80e9a0?s=96&d=mm&r=g\",\"contentUrl\":\"https:\\\/\\\/secure.gravatar.com\\\/avatar\\\/37d968a2e67a6fd04c169c4bdef102d0bc5d31b2546345219e348575eb80e9a0?s=96&d=mm&r=g\",\"caption\":\"redazione\"},\"sameAs\":[\"http:\\\/\\\/www.bellunopress.it\",\"https:\\\/\\\/x.com\\\/bellunopress\"],\"url\":\"https:\\\/\\\/www.bellunopress.it\\\/fr\\\/author\\\/redazione\\\/\"}]}<\/script>\n<!-- \/ Yoast SEO plugin. -->","yoast_head_json":{"title":"Pokerissimo con record di Christian Merli nella 46ma Alpe del Nevegal - Bellunopress - Dolomiti","robots":{"index":"index","follow":"follow","max-snippet":"max-snippet:-1","max-image-preview":"max-image-preview:large","max-video-preview":"max-video-preview:-1"},"canonical":"https:\/\/www.bellunopress.it\/fr\/2020\/08\/09\/pokerissimo-con-record-di-christian-merli-nella-46ma-alpe-del-nevegal\/","og_locale":"fr_FR","og_type":"article","og_title":"Pokerissimo con record di Christian Merli nella 46ma Alpe del Nevegal - Bellunopress - Dolomiti","og_description":"Christian Merli, sempre pi\u00f9 nella storia dell\u2019Alpe del Nevegal. Il trentino di Fiav\u00e8 ha confezionato due prestazioni strabilianti nella 46ma edizione della cronoscalata, organizzata dalla Tre Cime Promotor asd e valida come gara d\u2019apertura del Campionato Italiano Velocit\u00e0 Montagna di ACI Sport. Il portacolori della scuderia Vimotorsport ha firmato il suo quinto assoluto sulla montagna [&hellip;]","og_url":"https:\/\/www.bellunopress.it\/fr\/2020\/08\/09\/pokerissimo-con-record-di-christian-merli-nella-46ma-alpe-del-nevegal\/","og_site_name":"Bellunopress - Dolomiti","article_publisher":"https:\/\/www.facebook.com\/profile.php?id=100008943462799","article_published_time":"2020-08-09T18:35:24+00:00","og_image":[{"width":800,"height":531,"url":"https:\/\/www.bellunopress.it\/wp-content\/uploads\/2020\/08\/Merli_Prova1_\u00a9SamueleGuida_edited.jpg","type":"image\/jpeg"}],"author":"redazione","twitter_card":"summary_large_image","twitter_creator":"@bellunopress","twitter_site":"@bellunopress","twitter_misc":{"\u00c9crit par":"redazione","Dur\u00e9e de lecture estim\u00e9e":"2 minutes"},"schema":{"@context":"https:\/\/schema.org","@graph":[{"@type":"Article","@id":"https:\/\/www.bellunopress.it\/2020\/08\/09\/pokerissimo-con-record-di-christian-merli-nella-46ma-alpe-del-nevegal\/#article","isPartOf":{"@id":"https:\/\/www.bellunopress.it\/2020\/08\/09\/pokerissimo-con-record-di-christian-merli-nella-46ma-alpe-del-nevegal\/"},"author":{"name":"redazione","@id":"https:\/\/www.bellunopress.it\/#\/schema\/person\/79bb06722b37ece1c03d3e94beb30d73"},"headline":"Pokerissimo con record di Christian Merli nella 46ma Alpe del Nevegal","datePublished":"2020-08-09T18:35:24+00:00","mainEntityOfPage":{"@id":"https:\/\/www.bellunopress.it\/2020\/08\/09\/pokerissimo-con-record-di-christian-merli-nella-46ma-alpe-del-nevegal\/"},"wordCount":488,"publisher":{"@id":"https:\/\/www.bellunopress.it\/#organization"},"image":{"@id":"https:\/\/www.bellunopress.it\/2020\/08\/09\/pokerissimo-con-record-di-christian-merli-nella-46ma-alpe-del-nevegal\/#primaryimage"},"thumbnailUrl":"https:\/\/www.bellunopress.it\/wp-content\/uploads\/2020\/08\/Merli_Prova1_\u00a9SamueleGuida_edited.jpg","articleSection":["Prima Pagina","Sport, tempo libero"],"inLanguage":"fr-FR"},{"@type":"WebPage","@id":"https:\/\/www.bellunopress.it\/2020\/08\/09\/pokerissimo-con-record-di-christian-merli-nella-46ma-alpe-del-nevegal\/","url":"https:\/\/www.bellunopress.it\/2020\/08\/09\/pokerissimo-con-record-di-christian-merli-nella-46ma-alpe-del-nevegal\/","name":"Pokerissimo con record di Christian Merli nella 46ma Alpe del Nevegal - Bellunopress - Dolomiti","isPartOf":{"@id":"https:\/\/www.bellunopress.it\/#website"},"primaryImageOfPage":{"@id":"https:\/\/www.bellunopress.it\/2020\/08\/09\/pokerissimo-con-record-di-christian-merli-nella-46ma-alpe-del-nevegal\/#primaryimage"},"image":{"@id":"https:\/\/www.bellunopress.it\/2020\/08\/09\/pokerissimo-con-record-di-christian-merli-nella-46ma-alpe-del-nevegal\/#primaryimage"},"thumbnailUrl":"https:\/\/www.bellunopress.it\/wp-content\/uploads\/2020\/08\/Merli_Prova1_\u00a9SamueleGuida_edited.jpg","datePublished":"2020-08-09T18:35:24+00:00","breadcrumb":{"@id":"https:\/\/www.bellunopress.it\/2020\/08\/09\/pokerissimo-con-record-di-christian-merli-nella-46ma-alpe-del-nevegal\/#breadcrumb"},"inLanguage":"fr-FR","potentialAction":[{"@type":"ReadAction","target":["https:\/\/www.bellunopress.it\/2020\/08\/09\/pokerissimo-con-record-di-christian-merli-nella-46ma-alpe-del-nevegal\/"]}]},{"@type":"ImageObject","inLanguage":"fr-FR","@id":"https:\/\/www.bellunopress.it\/2020\/08\/09\/pokerissimo-con-record-di-christian-merli-nella-46ma-alpe-del-nevegal\/#primaryimage","url":"https:\/\/www.bellunopress.it\/wp-content\/uploads\/2020\/08\/Merli_Prova1_\u00a9SamueleGuida_edited.jpg","contentUrl":"https:\/\/www.bellunopress.it\/wp-content\/uploads\/2020\/08\/Merli_Prova1_\u00a9SamueleGuida_edited.jpg","width":800,"height":531,"caption":"Christian Merli (Foto Samuele Guida)"},{"@type":"BreadcrumbList","@id":"https:\/\/www.bellunopress.it\/2020\/08\/09\/pokerissimo-con-record-di-christian-merli-nella-46ma-alpe-del-nevegal\/#breadcrumb","itemListElement":[{"@type":"ListItem","position":1,"name":"Home","item":"https:\/\/www.bellunopress.it\/"},{"@type":"ListItem","position":2,"name":"Pokerissimo con record di Christian Merli nella 46ma Alpe del Nevegal"}]},{"@type":"WebSite","@id":"https:\/\/www.bellunopress.it\/#website","url":"https:\/\/www.bellunopress.it\/","name":"Bellunopress - Dolomiti","description":"e-mail: redazione@bellunopress.it","publisher":{"@id":"https:\/\/www.bellunopress.it\/#organization"},"potentialAction":[{"@type":"SearchAction","target":{"@type":"EntryPoint","urlTemplate":"https:\/\/www.bellunopress.it\/?s={search_term_string}"},"query-input":{"@type":"PropertyValueSpecification","valueRequired":true,"valueName":"search_term_string"}}],"inLanguage":"fr-FR"},{"@type":"Organization","@id":"https:\/\/www.bellunopress.it\/#organization","name":"Bellunopress","url":"https:\/\/www.bellunopress.it\/","logo":{"@type":"ImageObject","inLanguage":"fr-FR","@id":"https:\/\/www.bellunopress.it\/#\/schema\/logo\/image\/","url":"https:\/\/www.bellunopress.it\/wp-content\/uploads\/2011\/05\/cropped-logo-bellunopress-.jpg","contentUrl":"https:\/\/www.bellunopress.it\/wp-content\/uploads\/2011\/05\/cropped-logo-bellunopress-.jpg","width":512,"height":512,"caption":"Bellunopress"},"image":{"@id":"https:\/\/www.bellunopress.it\/#\/schema\/logo\/image\/"},"sameAs":["https:\/\/www.facebook.com\/profile.php?id=100008943462799","https:\/\/x.com\/bellunopress","https:\/\/www.linkedin.com\/hp\/?dnr=JBzUWaJfMUw8vbXJJ2tVW5-I3jZKvC4wsoxE&amp;amp;amp;amp;amp;amp;trk=nav_responsive_tab_home","https:\/\/www.youtube.com\/channel\/UCxL0wu1uN0_3_7hGG0306cw"]},{"@type":"Person","@id":"https:\/\/www.bellunopress.it\/#\/schema\/person\/79bb06722b37ece1c03d3e94beb30d73","name":"r\u00e9daction","image":{"@type":"ImageObject","inLanguage":"fr-FR","@id":"https:\/\/secure.gravatar.com\/avatar\/37d968a2e67a6fd04c169c4bdef102d0bc5d31b2546345219e348575eb80e9a0?s=96&d=mm&r=g","url":"https:\/\/secure.gravatar.com\/avatar\/37d968a2e67a6fd04c169c4bdef102d0bc5d31b2546345219e348575eb80e9a0?s=96&d=mm&r=g","contentUrl":"https:\/\/secure.gravatar.com\/avatar\/37d968a2e67a6fd04c169c4bdef102d0bc5d31b2546345219e348575eb80e9a0?s=96&d=mm&r=g","caption":"redazione"},"sameAs":["http:\/\/www.bellunopress.it","https:\/\/x.com\/bellunopress"],"url":"https:\/\/www.bellunopress.it\/fr\/author\/redazione\/"}]}},"_links":{"self":[{"href":"https:\/\/www.bellunopress.it\/fr\/wp-json\/wp\/v2\/posts\/116568","targetHints":{"allow":["GET"]}}],"collection":[{"href":"https:\/\/www.bellunopress.it\/fr\/wp-json\/wp\/v2\/posts"}],"about":[{"href":"https:\/\/www.bellunopress.it\/fr\/wp-json\/wp\/v2\/types\/post"}],"author":[{"embeddable":true,"href":"https:\/\/www.bellunopress.it\/fr\/wp-json\/wp\/v2\/users\/2"}],"replies":[{"embeddable":true,"href":"https:\/\/www.bellunopress.it\/fr\/wp-json\/wp\/v2\/comments?post=116568"}],"version-history":[{"count":1,"href":"https:\/\/www.bellunopress.it\/fr\/wp-json\/wp\/v2\/posts\/116568\/revisions"}],"predecessor-version":[{"id":116569,"href":"https:\/\/www.bellunopress.it\/fr\/wp-json\/wp\/v2\/posts\/116568\/revisions\/116569"}],"wp:featuredmedia":[{"embeddable":true,"href":"https:\/\/www.bellunopress.it\/fr\/wp-json\/wp\/v2\/media\/116522"}],"wp:attachment":[{"href":"https:\/\/www.bellunopress.it\/fr\/wp-json\/wp\/v2\/media?parent=116568"}],"wp:term":[{"taxonomy":"category","embeddable":true,"href":"https:\/\/www.bellunopress.it\/fr\/wp-json\/wp\/v2\/categories?post=116568"},{"taxonomy":"post_tag","embeddable":true,"href":"https:\/\/www.bellunopress.it\/fr\/wp-json\/wp\/v2\/tags?post=116568"}],"curies":[{"name":"wp","href":"https:\/\/api.w.org\/{rel}","templated":true}]}}