{"id":116560,"date":"2020-08-09T17:18:19","date_gmt":"2020-08-09T15:18:19","guid":{"rendered":"http:\/\/www.bellunopress.it\/?p=116560"},"modified":"2020-08-09T17:18:20","modified_gmt":"2020-08-09T15:18:20","slug":"piero-lottini-su-osella-pa9-90-vince-la-46ma-alpe-del-nevegal-autostoriche","status":"publish","type":"post","link":"https:\/\/www.bellunopress.it\/fr\/2020\/08\/09\/piero-lottini-su-osella-pa9-90-vince-la-46ma-alpe-del-nevegal-autostoriche\/","title":{"rendered":"Piero Lottini su Osella Pa9\/90 vince la 46ma Alpe del Nevegal autostoriche"},"content":{"rendered":"<figure id=\"attachment_116561\" aria-describedby=\"caption-attachment-116561\" style=\"width: 800px\" class=\"wp-caption alignleft\"><a href=\"http:\/\/www.bellunopress.it\/fr\/2020\/08\/09\/piero-lottini-su-osella-pa9-90-vince-la-46ma-alpe-del-nevegal-autostoriche\/alpe-del-nevegal-lottini-su-osella-samueleguida\/\" rel=\"attachment wp-att-116561\"><img loading=\"lazy\" decoding=\"async\" class=\"size-full wp-image-116561\" src=\"http:\/\/www.bellunopress.it\/wp-content\/uploads\/2020\/08\/Alpe-del-Nevegal-Lottini-su-Osella-\u00a9SamueleGuida.jpg\" alt=\"\" width=\"800\" height=\"544\" srcset=\"https:\/\/www.bellunopress.it\/wp-content\/uploads\/2020\/08\/Alpe-del-Nevegal-Lottini-su-Osella-\u00a9SamueleGuida.jpg 800w, https:\/\/www.bellunopress.it\/wp-content\/uploads\/2020\/08\/Alpe-del-Nevegal-Lottini-su-Osella-\u00a9SamueleGuida-500x340.jpg 500w, https:\/\/www.bellunopress.it\/wp-content\/uploads\/2020\/08\/Alpe-del-Nevegal-Lottini-su-Osella-\u00a9SamueleGuida-696x473.jpg 696w, https:\/\/www.bellunopress.it\/wp-content\/uploads\/2020\/08\/Alpe-del-Nevegal-Lottini-su-Osella-\u00a9SamueleGuida-618x420.jpg 618w\" sizes=\"auto, (max-width: 800px) 100vw, 800px\" \/><\/a><figcaption id=\"caption-attachment-116561\" class=\"wp-caption-text\">Piero Lottini su Osella Pa9\/90 &#8211; Foto Samuele Guida<\/figcaption><\/figure>\n<p>Piero Lottini, portacolori della scuderia Bologna Corse, ha realizzato il miglior tempo assoluto nella categoria autostoriche impegnate nella 46ma Alpe del Nevegal.<\/p>\n<p>Lottini, con la sua Osella Pa9\/90, ha fatto registrare la miglior prestazione assoluta sia in Gara 1 che in Gara 2 e si \u00e8 cos\u00ec aggiudicato il 13mo Memorial \u201cMario Facca\u201d, dedicato all\u2019indimenticato pilota bellunese che della cronoscalata Alpe del Nevegal fu grande protagonista ed anche attivo promotore.<\/p>\n<p>In Gara 2 l\u2019alfiere della Bologna Corse ha limato ulteriormente il proprio crono portandolo a 2.57.03 per un complessivo 5.55.48 di tutto rispetto. L\u2019ideale podio assoluto delle \u201cstoriche\u201d \u00e8 completato da Giovanni Ambroso, su Osella Pa9\/90, secondo e da Ildebrando Motti, su Porsche Carrera RS, terzo.<\/p>\n<p>Questi i vincitori nei vari Raggruppamenti: 1 \u2013 Luigi Pellanda, Bmw 2002 Ti; 2 \u2013 Ildebrando<br \/>\nMotti, Porsche Carrera Rs; 3 \u2013 Giuseppe Gallusi, Porsche 911 Sc; 4 \u2013 Piero Lottini, Osella<br \/>\nPa9\/90; 5 \u2013 Harald Mossler, Puch Custom.<\/p>","protected":false},"excerpt":{"rendered":"<p>Piero Lottini, portacolori della scuderia Bologna Corse, ha realizzato il miglior tempo assoluto nella categoria autostoriche impegnate nella 46ma Alpe del Nevegal. Lottini, con la sua Osella Pa9\/90, ha fatto registrare la miglior prestazione assoluta sia in Gara 1 che in Gara 2 e si \u00e8 cos\u00ec aggiudicato il 13mo Memorial \u201cMario Facca\u201d, dedicato all\u2019indimenticato [&hellip;]<\/p>\n","protected":false},"author":2,"featured_media":116561,"comment_status":"closed","ping_status":"open","sticky":false,"template":"","format":"standard","meta":{"footnotes":""},"categories":[26,4],"tags":[],"class_list":["post-116560","post","type-post","status-publish","format-standard","has-post-thumbnail","category-prima-pagina","category-sport"],"yoast_head":"<!-- This site is optimized with the Yoast SEO plugin v28.4 - https:\/\/yoast.com\/product\/yoast-seo-wordpress\/ -->\n<title>Piero Lottini su Osella Pa9\/90 vince la 46ma Alpe del Nevegal autostoriche - Bellunopress - Dolomiti<\/title>\n<meta name=\"robots\" content=\"index, follow, max-snippet:-1, max-image-preview:large, max-video-preview:-1\" \/>\n<link rel=\"canonical\" href=\"https:\/\/www.bellunopress.it\/fr\/2020\/08\/09\/piero-lottini-su-osella-pa9-90-vince-la-46ma-alpe-del-nevegal-autostoriche\/\" \/>\n<meta property=\"og:locale\" content=\"fr_FR\" \/>\n<meta property=\"og:type\" content=\"article\" \/>\n<meta property=\"og:title\" content=\"Piero Lottini su Osella Pa9\/90 vince la 46ma Alpe del Nevegal autostoriche - Bellunopress - Dolomiti\" \/>\n<meta property=\"og:description\" content=\"Piero Lottini, portacolori della scuderia Bologna Corse, ha realizzato il miglior tempo assoluto nella categoria autostoriche impegnate nella 46ma Alpe del Nevegal. Lottini, con la sua Osella Pa9\/90, ha fatto registrare la miglior prestazione assoluta sia in Gara 1 che in Gara 2 e si \u00e8 cos\u00ec aggiudicato il 13mo Memorial \u201cMario Facca\u201d, dedicato all\u2019indimenticato [&hellip;]\" \/>\n<meta property=\"og:url\" content=\"https:\/\/www.bellunopress.it\/fr\/2020\/08\/09\/piero-lottini-su-osella-pa9-90-vince-la-46ma-alpe-del-nevegal-autostoriche\/\" \/>\n<meta property=\"og:site_name\" content=\"Bellunopress - Dolomiti\" \/>\n<meta property=\"article:publisher\" content=\"https:\/\/www.facebook.com\/profile.php?id=100008943462799\" \/>\n<meta property=\"article:published_time\" content=\"2020-08-09T15:18:19+00:00\" \/>\n<meta property=\"article:modified_time\" content=\"2020-08-09T15:18:20+00:00\" \/>\n<meta property=\"og:image\" content=\"https:\/\/www.bellunopress.it\/wp-content\/uploads\/2020\/08\/Alpe-del-Nevegal-Lottini-su-Osella-\u00a9SamueleGuida.jpg\" \/>\n\t<meta property=\"og:image:width\" content=\"800\" \/>\n\t<meta property=\"og:image:height\" content=\"544\" \/>\n\t<meta property=\"og:image:type\" content=\"image\/jpeg\" \/>\n<meta name=\"author\" content=\"redazione\" \/>\n<meta name=\"twitter:card\" content=\"summary_large_image\" \/>\n<meta name=\"twitter:creator\" content=\"@bellunopress\" \/>\n<meta name=\"twitter:site\" content=\"@bellunopress\" \/>\n<meta name=\"twitter:label1\" content=\"\u00c9crit par\" \/>\n\t<meta name=\"twitter:data1\" content=\"redazione\" \/>\n\t<meta name=\"twitter:label2\" content=\"Dur\u00e9e de lecture estim\u00e9e\" \/>\n\t<meta name=\"twitter:data2\" content=\"1 minute\" \/>\n<script type=\"application\/ld+json\" class=\"yoast-schema-graph\">{\"@context\":\"https:\\\/\\\/schema.org\",\"@graph\":[{\"@type\":\"Article\",\"@id\":\"https:\\\/\\\/www.bellunopress.it\\\/2020\\\/08\\\/09\\\/piero-lottini-su-osella-pa9-90-vince-la-46ma-alpe-del-nevegal-autostoriche\\\/#article\",\"isPartOf\":{\"@id\":\"https:\\\/\\\/www.bellunopress.it\\\/2020\\\/08\\\/09\\\/piero-lottini-su-osella-pa9-90-vince-la-46ma-alpe-del-nevegal-autostoriche\\\/\"},\"author\":{\"name\":\"redazione\",\"@id\":\"https:\\\/\\\/www.bellunopress.it\\\/#\\\/schema\\\/person\\\/79bb06722b37ece1c03d3e94beb30d73\"},\"headline\":\"Piero Lottini su Osella Pa9\\\/90 vince la 46ma Alpe del Nevegal autostoriche\",\"datePublished\":\"2020-08-09T15:18:19+00:00\",\"dateModified\":\"2020-08-09T15:18:20+00:00\",\"mainEntityOfPage\":{\"@id\":\"https:\\\/\\\/www.bellunopress.it\\\/2020\\\/08\\\/09\\\/piero-lottini-su-osella-pa9-90-vince-la-46ma-alpe-del-nevegal-autostoriche\\\/\"},\"wordCount\":167,\"publisher\":{\"@id\":\"https:\\\/\\\/www.bellunopress.it\\\/#organization\"},\"image\":{\"@id\":\"https:\\\/\\\/www.bellunopress.it\\\/2020\\\/08\\\/09\\\/piero-lottini-su-osella-pa9-90-vince-la-46ma-alpe-del-nevegal-autostoriche\\\/#primaryimage\"},\"thumbnailUrl\":\"https:\\\/\\\/www.bellunopress.it\\\/wp-content\\\/uploads\\\/2020\\\/08\\\/Alpe-del-Nevegal-Lottini-su-Osella-\u00a9SamueleGuida.jpg\",\"articleSection\":[\"Prima Pagina\",\"Sport, tempo libero\"],\"inLanguage\":\"fr-FR\"},{\"@type\":\"WebPage\",\"@id\":\"https:\\\/\\\/www.bellunopress.it\\\/2020\\\/08\\\/09\\\/piero-lottini-su-osella-pa9-90-vince-la-46ma-alpe-del-nevegal-autostoriche\\\/\",\"url\":\"https:\\\/\\\/www.bellunopress.it\\\/2020\\\/08\\\/09\\\/piero-lottini-su-osella-pa9-90-vince-la-46ma-alpe-del-nevegal-autostoriche\\\/\",\"name\":\"Piero Lottini su Osella Pa9\\\/90 vince la 46ma Alpe del Nevegal autostoriche - Bellunopress - Dolomiti\",\"isPartOf\":{\"@id\":\"https:\\\/\\\/www.bellunopress.it\\\/#website\"},\"primaryImageOfPage\":{\"@id\":\"https:\\\/\\\/www.bellunopress.it\\\/2020\\\/08\\\/09\\\/piero-lottini-su-osella-pa9-90-vince-la-46ma-alpe-del-nevegal-autostoriche\\\/#primaryimage\"},\"image\":{\"@id\":\"https:\\\/\\\/www.bellunopress.it\\\/2020\\\/08\\\/09\\\/piero-lottini-su-osella-pa9-90-vince-la-46ma-alpe-del-nevegal-autostoriche\\\/#primaryimage\"},\"thumbnailUrl\":\"https:\\\/\\\/www.bellunopress.it\\\/wp-content\\\/uploads\\\/2020\\\/08\\\/Alpe-del-Nevegal-Lottini-su-Osella-\u00a9SamueleGuida.jpg\",\"datePublished\":\"2020-08-09T15:18:19+00:00\",\"dateModified\":\"2020-08-09T15:18:20+00:00\",\"breadcrumb\":{\"@id\":\"https:\\\/\\\/www.bellunopress.it\\\/2020\\\/08\\\/09\\\/piero-lottini-su-osella-pa9-90-vince-la-46ma-alpe-del-nevegal-autostoriche\\\/#breadcrumb\"},\"inLanguage\":\"fr-FR\",\"potentialAction\":[{\"@type\":\"ReadAction\",\"target\":[\"https:\\\/\\\/www.bellunopress.it\\\/2020\\\/08\\\/09\\\/piero-lottini-su-osella-pa9-90-vince-la-46ma-alpe-del-nevegal-autostoriche\\\/\"]}]},{\"@type\":\"ImageObject\",\"inLanguage\":\"fr-FR\",\"@id\":\"https:\\\/\\\/www.bellunopress.it\\\/2020\\\/08\\\/09\\\/piero-lottini-su-osella-pa9-90-vince-la-46ma-alpe-del-nevegal-autostoriche\\\/#primaryimage\",\"url\":\"https:\\\/\\\/www.bellunopress.it\\\/wp-content\\\/uploads\\\/2020\\\/08\\\/Alpe-del-Nevegal-Lottini-su-Osella-\u00a9SamueleGuida.jpg\",\"contentUrl\":\"https:\\\/\\\/www.bellunopress.it\\\/wp-content\\\/uploads\\\/2020\\\/08\\\/Alpe-del-Nevegal-Lottini-su-Osella-\u00a9SamueleGuida.jpg\",\"width\":800,\"height\":544,\"caption\":\"Piero Lottini su Osella Pa9\\\/90 - Foto Samuele Guida\"},{\"@type\":\"BreadcrumbList\",\"@id\":\"https:\\\/\\\/www.bellunopress.it\\\/2020\\\/08\\\/09\\\/piero-lottini-su-osella-pa9-90-vince-la-46ma-alpe-del-nevegal-autostoriche\\\/#breadcrumb\",\"itemListElement\":[{\"@type\":\"ListItem\",\"position\":1,\"name\":\"Home\",\"item\":\"https:\\\/\\\/www.bellunopress.it\\\/\"},{\"@type\":\"ListItem\",\"position\":2,\"name\":\"Piero Lottini su Osella Pa9\\\/90 vince la 46ma Alpe del Nevegal autostoriche\"}]},{\"@type\":\"WebSite\",\"@id\":\"https:\\\/\\\/www.bellunopress.it\\\/#website\",\"url\":\"https:\\\/\\\/www.bellunopress.it\\\/\",\"name\":\"Bellunopress - Dolomiti\",\"description\":\"e-mail: redazione@bellunopress.it\",\"publisher\":{\"@id\":\"https:\\\/\\\/www.bellunopress.it\\\/#organization\"},\"potentialAction\":[{\"@type\":\"SearchAction\",\"target\":{\"@type\":\"EntryPoint\",\"urlTemplate\":\"https:\\\/\\\/www.bellunopress.it\\\/?s={search_term_string}\"},\"query-input\":{\"@type\":\"PropertyValueSpecification\",\"valueRequired\":true,\"valueName\":\"search_term_string\"}}],\"inLanguage\":\"fr-FR\"},{\"@type\":\"Organization\",\"@id\":\"https:\\\/\\\/www.bellunopress.it\\\/#organization\",\"name\":\"Bellunopress\",\"url\":\"https:\\\/\\\/www.bellunopress.it\\\/\",\"logo\":{\"@type\":\"ImageObject\",\"inLanguage\":\"fr-FR\",\"@id\":\"https:\\\/\\\/www.bellunopress.it\\\/#\\\/schema\\\/logo\\\/image\\\/\",\"url\":\"https:\\\/\\\/www.bellunopress.it\\\/wp-content\\\/uploads\\\/2011\\\/05\\\/cropped-logo-bellunopress-.jpg\",\"contentUrl\":\"https:\\\/\\\/www.bellunopress.it\\\/wp-content\\\/uploads\\\/2011\\\/05\\\/cropped-logo-bellunopress-.jpg\",\"width\":512,\"height\":512,\"caption\":\"Bellunopress\"},\"image\":{\"@id\":\"https:\\\/\\\/www.bellunopress.it\\\/#\\\/schema\\\/logo\\\/image\\\/\"},\"sameAs\":[\"https:\\\/\\\/www.facebook.com\\\/profile.php?id=100008943462799\",\"https:\\\/\\\/x.com\\\/bellunopress\",\"https:\\\/\\\/www.linkedin.com\\\/hp\\\/?dnr=JBzUWaJfMUw8vbXJJ2tVW5-I3jZKvC4wsoxE&amp;amp;amp;amp;amp;amp;trk=nav_responsive_tab_home\",\"https:\\\/\\\/www.youtube.com\\\/channel\\\/UCxL0wu1uN0_3_7hGG0306cw\"]},{\"@type\":\"Person\",\"@id\":\"https:\\\/\\\/www.bellunopress.it\\\/#\\\/schema\\\/person\\\/79bb06722b37ece1c03d3e94beb30d73\",\"name\":\"redazione\",\"image\":{\"@type\":\"ImageObject\",\"inLanguage\":\"fr-FR\",\"@id\":\"https:\\\/\\\/secure.gravatar.com\\\/avatar\\\/37d968a2e67a6fd04c169c4bdef102d0bc5d31b2546345219e348575eb80e9a0?s=96&d=mm&r=g\",\"url\":\"https:\\\/\\\/secure.gravatar.com\\\/avatar\\\/37d968a2e67a6fd04c169c4bdef102d0bc5d31b2546345219e348575eb80e9a0?s=96&d=mm&r=g\",\"contentUrl\":\"https:\\\/\\\/secure.gravatar.com\\\/avatar\\\/37d968a2e67a6fd04c169c4bdef102d0bc5d31b2546345219e348575eb80e9a0?s=96&d=mm&r=g\",\"caption\":\"redazione\"},\"sameAs\":[\"http:\\\/\\\/www.bellunopress.it\",\"https:\\\/\\\/x.com\\\/bellunopress\"],\"url\":\"https:\\\/\\\/www.bellunopress.it\\\/fr\\\/author\\\/redazione\\\/\"}]}<\/script>\n<!-- \/ Yoast SEO plugin. -->","yoast_head_json":{"title":"Piero Lottini su Osella Pa9\/90 vince la 46ma Alpe del Nevegal autostoriche - Bellunopress - Dolomiti","robots":{"index":"index","follow":"follow","max-snippet":"max-snippet:-1","max-image-preview":"max-image-preview:large","max-video-preview":"max-video-preview:-1"},"canonical":"https:\/\/www.bellunopress.it\/fr\/2020\/08\/09\/piero-lottini-su-osella-pa9-90-vince-la-46ma-alpe-del-nevegal-autostoriche\/","og_locale":"fr_FR","og_type":"article","og_title":"Piero Lottini su Osella Pa9\/90 vince la 46ma Alpe del Nevegal autostoriche - Bellunopress - Dolomiti","og_description":"Piero Lottini, portacolori della scuderia Bologna Corse, ha realizzato il miglior tempo assoluto nella categoria autostoriche impegnate nella 46ma Alpe del Nevegal. Lottini, con la sua Osella Pa9\/90, ha fatto registrare la miglior prestazione assoluta sia in Gara 1 che in Gara 2 e si \u00e8 cos\u00ec aggiudicato il 13mo Memorial \u201cMario Facca\u201d, dedicato all\u2019indimenticato [&hellip;]","og_url":"https:\/\/www.bellunopress.it\/fr\/2020\/08\/09\/piero-lottini-su-osella-pa9-90-vince-la-46ma-alpe-del-nevegal-autostoriche\/","og_site_name":"Bellunopress - Dolomiti","article_publisher":"https:\/\/www.facebook.com\/profile.php?id=100008943462799","article_published_time":"2020-08-09T15:18:19+00:00","article_modified_time":"2020-08-09T15:18:20+00:00","og_image":[{"width":800,"height":544,"url":"https:\/\/www.bellunopress.it\/wp-content\/uploads\/2020\/08\/Alpe-del-Nevegal-Lottini-su-Osella-\u00a9SamueleGuida.jpg","type":"image\/jpeg"}],"author":"redazione","twitter_card":"summary_large_image","twitter_creator":"@bellunopress","twitter_site":"@bellunopress","twitter_misc":{"\u00c9crit par":"redazione","Dur\u00e9e de lecture estim\u00e9e":"1 minute"},"schema":{"@context":"https:\/\/schema.org","@graph":[{"@type":"Article","@id":"https:\/\/www.bellunopress.it\/2020\/08\/09\/piero-lottini-su-osella-pa9-90-vince-la-46ma-alpe-del-nevegal-autostoriche\/#article","isPartOf":{"@id":"https:\/\/www.bellunopress.it\/2020\/08\/09\/piero-lottini-su-osella-pa9-90-vince-la-46ma-alpe-del-nevegal-autostoriche\/"},"author":{"name":"redazione","@id":"https:\/\/www.bellunopress.it\/#\/schema\/person\/79bb06722b37ece1c03d3e94beb30d73"},"headline":"Piero Lottini su Osella Pa9\/90 vince la 46ma Alpe del Nevegal autostoriche","datePublished":"2020-08-09T15:18:19+00:00","dateModified":"2020-08-09T15:18:20+00:00","mainEntityOfPage":{"@id":"https:\/\/www.bellunopress.it\/2020\/08\/09\/piero-lottini-su-osella-pa9-90-vince-la-46ma-alpe-del-nevegal-autostoriche\/"},"wordCount":167,"publisher":{"@id":"https:\/\/www.bellunopress.it\/#organization"},"image":{"@id":"https:\/\/www.bellunopress.it\/2020\/08\/09\/piero-lottini-su-osella-pa9-90-vince-la-46ma-alpe-del-nevegal-autostoriche\/#primaryimage"},"thumbnailUrl":"https:\/\/www.bellunopress.it\/wp-content\/uploads\/2020\/08\/Alpe-del-Nevegal-Lottini-su-Osella-\u00a9SamueleGuida.jpg","articleSection":["Prima Pagina","Sport, tempo libero"],"inLanguage":"fr-FR"},{"@type":"WebPage","@id":"https:\/\/www.bellunopress.it\/2020\/08\/09\/piero-lottini-su-osella-pa9-90-vince-la-46ma-alpe-del-nevegal-autostoriche\/","url":"https:\/\/www.bellunopress.it\/2020\/08\/09\/piero-lottini-su-osella-pa9-90-vince-la-46ma-alpe-del-nevegal-autostoriche\/","name":"Piero Lottini su Osella Pa9\/90 vince la 46ma Alpe del Nevegal autostoriche - Bellunopress - Dolomiti","isPartOf":{"@id":"https:\/\/www.bellunopress.it\/#website"},"primaryImageOfPage":{"@id":"https:\/\/www.bellunopress.it\/2020\/08\/09\/piero-lottini-su-osella-pa9-90-vince-la-46ma-alpe-del-nevegal-autostoriche\/#primaryimage"},"image":{"@id":"https:\/\/www.bellunopress.it\/2020\/08\/09\/piero-lottini-su-osella-pa9-90-vince-la-46ma-alpe-del-nevegal-autostoriche\/#primaryimage"},"thumbnailUrl":"https:\/\/www.bellunopress.it\/wp-content\/uploads\/2020\/08\/Alpe-del-Nevegal-Lottini-su-Osella-\u00a9SamueleGuida.jpg","datePublished":"2020-08-09T15:18:19+00:00","dateModified":"2020-08-09T15:18:20+00:00","breadcrumb":{"@id":"https:\/\/www.bellunopress.it\/2020\/08\/09\/piero-lottini-su-osella-pa9-90-vince-la-46ma-alpe-del-nevegal-autostoriche\/#breadcrumb"},"inLanguage":"fr-FR","potentialAction":[{"@type":"ReadAction","target":["https:\/\/www.bellunopress.it\/2020\/08\/09\/piero-lottini-su-osella-pa9-90-vince-la-46ma-alpe-del-nevegal-autostoriche\/"]}]},{"@type":"ImageObject","inLanguage":"fr-FR","@id":"https:\/\/www.bellunopress.it\/2020\/08\/09\/piero-lottini-su-osella-pa9-90-vince-la-46ma-alpe-del-nevegal-autostoriche\/#primaryimage","url":"https:\/\/www.bellunopress.it\/wp-content\/uploads\/2020\/08\/Alpe-del-Nevegal-Lottini-su-Osella-\u00a9SamueleGuida.jpg","contentUrl":"https:\/\/www.bellunopress.it\/wp-content\/uploads\/2020\/08\/Alpe-del-Nevegal-Lottini-su-Osella-\u00a9SamueleGuida.jpg","width":800,"height":544,"caption":"Piero Lottini su Osella Pa9\/90 - Foto Samuele Guida"},{"@type":"BreadcrumbList","@id":"https:\/\/www.bellunopress.it\/2020\/08\/09\/piero-lottini-su-osella-pa9-90-vince-la-46ma-alpe-del-nevegal-autostoriche\/#breadcrumb","itemListElement":[{"@type":"ListItem","position":1,"name":"Home","item":"https:\/\/www.bellunopress.it\/"},{"@type":"ListItem","position":2,"name":"Piero Lottini su Osella Pa9\/90 vince la 46ma Alpe del Nevegal autostoriche"}]},{"@type":"WebSite","@id":"https:\/\/www.bellunopress.it\/#website","url":"https:\/\/www.bellunopress.it\/","name":"Bellunopress - Dolomiti","description":"e-mail: redazione@bellunopress.it","publisher":{"@id":"https:\/\/www.bellunopress.it\/#organization"},"potentialAction":[{"@type":"SearchAction","target":{"@type":"EntryPoint","urlTemplate":"https:\/\/www.bellunopress.it\/?s={search_term_string}"},"query-input":{"@type":"PropertyValueSpecification","valueRequired":true,"valueName":"search_term_string"}}],"inLanguage":"fr-FR"},{"@type":"Organization","@id":"https:\/\/www.bellunopress.it\/#organization","name":"Bellunopress","url":"https:\/\/www.bellunopress.it\/","logo":{"@type":"ImageObject","inLanguage":"fr-FR","@id":"https:\/\/www.bellunopress.it\/#\/schema\/logo\/image\/","url":"https:\/\/www.bellunopress.it\/wp-content\/uploads\/2011\/05\/cropped-logo-bellunopress-.jpg","contentUrl":"https:\/\/www.bellunopress.it\/wp-content\/uploads\/2011\/05\/cropped-logo-bellunopress-.jpg","width":512,"height":512,"caption":"Bellunopress"},"image":{"@id":"https:\/\/www.bellunopress.it\/#\/schema\/logo\/image\/"},"sameAs":["https:\/\/www.facebook.com\/profile.php?id=100008943462799","https:\/\/x.com\/bellunopress","https:\/\/www.linkedin.com\/hp\/?dnr=JBzUWaJfMUw8vbXJJ2tVW5-I3jZKvC4wsoxE&amp;amp;amp;amp;amp;amp;trk=nav_responsive_tab_home","https:\/\/www.youtube.com\/channel\/UCxL0wu1uN0_3_7hGG0306cw"]},{"@type":"Person","@id":"https:\/\/www.bellunopress.it\/#\/schema\/person\/79bb06722b37ece1c03d3e94beb30d73","name":"r\u00e9daction","image":{"@type":"ImageObject","inLanguage":"fr-FR","@id":"https:\/\/secure.gravatar.com\/avatar\/37d968a2e67a6fd04c169c4bdef102d0bc5d31b2546345219e348575eb80e9a0?s=96&d=mm&r=g","url":"https:\/\/secure.gravatar.com\/avatar\/37d968a2e67a6fd04c169c4bdef102d0bc5d31b2546345219e348575eb80e9a0?s=96&d=mm&r=g","contentUrl":"https:\/\/secure.gravatar.com\/avatar\/37d968a2e67a6fd04c169c4bdef102d0bc5d31b2546345219e348575eb80e9a0?s=96&d=mm&r=g","caption":"redazione"},"sameAs":["http:\/\/www.bellunopress.it","https:\/\/x.com\/bellunopress"],"url":"https:\/\/www.bellunopress.it\/fr\/author\/redazione\/"}]}},"_links":{"self":[{"href":"https:\/\/www.bellunopress.it\/fr\/wp-json\/wp\/v2\/posts\/116560","targetHints":{"allow":["GET"]}}],"collection":[{"href":"https:\/\/www.bellunopress.it\/fr\/wp-json\/wp\/v2\/posts"}],"about":[{"href":"https:\/\/www.bellunopress.it\/fr\/wp-json\/wp\/v2\/types\/post"}],"author":[{"embeddable":true,"href":"https:\/\/www.bellunopress.it\/fr\/wp-json\/wp\/v2\/users\/2"}],"replies":[{"embeddable":true,"href":"https:\/\/www.bellunopress.it\/fr\/wp-json\/wp\/v2\/comments?post=116560"}],"version-history":[{"count":2,"href":"https:\/\/www.bellunopress.it\/fr\/wp-json\/wp\/v2\/posts\/116560\/revisions"}],"predecessor-version":[{"id":116563,"href":"https:\/\/www.bellunopress.it\/fr\/wp-json\/wp\/v2\/posts\/116560\/revisions\/116563"}],"wp:featuredmedia":[{"embeddable":true,"href":"https:\/\/www.bellunopress.it\/fr\/wp-json\/wp\/v2\/media\/116561"}],"wp:attachment":[{"href":"https:\/\/www.bellunopress.it\/fr\/wp-json\/wp\/v2\/media?parent=116560"}],"wp:term":[{"taxonomy":"category","embeddable":true,"href":"https:\/\/www.bellunopress.it\/fr\/wp-json\/wp\/v2\/categories?post=116560"},{"taxonomy":"post_tag","embeddable":true,"href":"https:\/\/www.bellunopress.it\/fr\/wp-json\/wp\/v2\/tags?post=116560"}],"curies":[{"name":"wp","href":"https:\/\/api.w.org\/{rel}","templated":true}]}}