{"id":116504,"date":"2020-08-07T23:02:04","date_gmt":"2020-08-07T21:02:04","guid":{"rendered":"http:\/\/www.bellunopress.it\/?p=116504"},"modified":"2020-08-07T23:02:04","modified_gmt":"2020-08-07T21:02:04","slug":"sono-197-i-verificati-alla-46ma-alpe-del-nevegal-2020","status":"publish","type":"post","link":"https:\/\/www.bellunopress.it\/fr\/2020\/08\/07\/sono-197-i-verificati-alla-46ma-alpe-del-nevegal-2020\/","title":{"rendered":"Sono 197 i verificati alla 46ma Alpe del Nevegal 2020"},"content":{"rendered":"<p><a href=\"http:\/\/www.bellunopress.it\/fr\/2020\/08\/06\/diretta-facebook-per-la-46ma-alpe-del-nevegal\/alpe-del-nevegal_edited\/\" rel=\"attachment wp-att-116429\"><img loading=\"lazy\" decoding=\"async\" class=\"alignleft size-full wp-image-116429\" src=\"http:\/\/www.bellunopress.it\/wp-content\/uploads\/2020\/08\/Alpe-del-Nevegal_edited.jpg\" alt=\"\" width=\"800\" height=\"621\" srcset=\"https:\/\/www.bellunopress.it\/wp-content\/uploads\/2020\/08\/Alpe-del-Nevegal_edited.jpg 800w, https:\/\/www.bellunopress.it\/wp-content\/uploads\/2020\/08\/Alpe-del-Nevegal_edited-500x388.jpg 500w, https:\/\/www.bellunopress.it\/wp-content\/uploads\/2020\/08\/Alpe-del-Nevegal_edited-696x540.jpg 696w, https:\/\/www.bellunopress.it\/wp-content\/uploads\/2020\/08\/Alpe-del-Nevegal_edited-541x420.jpg 541w\" sizes=\"auto, (max-width: 800px) 100vw, 800px\" \/><\/a>La 46ma Alpe del Nevegal \u00e8 entrata nel vivo con il completamento, \u201csul campo\u201d, delle verifiche dei 203 piloti iscritti alla gara inaugurale della stagione delle salite in Italia. Sono 197 i concorrenti che le hanno superate positivamente e domani, sabato 8 agosto, con partenza alle 9.30, daranno vita alle due manche di prove della prima tappa del Campionato Italiano Velocit\u00e0 Montagna 2020. Tutte le operazioni, rese pi\u00f9 laboriose dalle stringenti disposizioni volte a combattere la diffusione del Covid-19, si sono svolte in un clima sereno che ha visto gli uomini di Tre Cime Promotor asd e gli Ufficiali di gara portare avanti un certosino lavoro con la proficua collaborazione dei concorrenti.<\/p>\n<p>Tutti hanno riconosciuto al gruppo capeggiato da Achille \u201cBrik\u201d Selvestrel grandi meriti per<br \/>\nessere riusciti a fare partire la stagione dopo l\u2019emergenza. Lo sforzo \u00e8 stato grande, ma questa edizione della classica cronoscalata bellunese ha tutte le carte in regola per essere, non solo l\u2019evento simbolo della ripartenza dello sport bellunese, ma l\u2019appuntamento che ha ridato visibilit\u00e0 e speranza a tutta una specialit\u00e0, quella delle velocit\u00e0 in salita, che mantiene intatto il grande fascino delle corse automobilistiche su strada.<br \/>\nDomani la parola passer\u00e0 ai piloti, che saranno impegnati, dalle 9.30, nelle due salite di prove, utili per la messa a punto del mezzo meccanico e per studiare il tracciato di gara, i 5500 metri che dal rettifilo di Caleipo salgono all\u2019Alpe in Fiore, superando un dislivello di 526 metri, con una pendenza media del 9,56 per cento.<\/p>\n<p>Il record da battere \u00e8 quello stabilito nel 2018 da Christian Merli in 2.26.86. Il principale avversario del campione trentino, gi\u00e0 quattro volte vincitore in Nevegal, sar\u00e0 l\u2019avversario di sempre: quel Simone Faggioli che debutter\u00e0 nella salita bellunese, in passato frequentata solamente come team manager. Il plurititolato toscano, 24 titoli fra italiani e continentali in bacheca, ha gi\u00e0 indicato in Merli in favorito per l\u2019assoluta. Forse si \u00e8 trattato di pretattica, di sicuro lo spettacolo sar\u00e0 gustosissimo. Uno spettacolo che potr\u00e0 essere seguito in diretta sulla pagina Facebook: @salitanevegal (domani, come prova tecnica di trasmissione; domenica in gara 1 e gara 2).<\/p>","protected":false},"excerpt":{"rendered":"<p>La 46ma Alpe del Nevegal \u00e8 entrata nel vivo con il completamento, \u201csul campo\u201d, delle verifiche dei 203 piloti iscritti alla gara inaugurale della stagione delle salite in Italia. Sono 197 i concorrenti che le hanno superate positivamente e domani, sabato 8 agosto, con partenza alle 9.30, daranno vita alle due manche di prove della [&hellip;]<\/p>\n","protected":false},"author":2,"featured_media":116429,"comment_status":"closed","ping_status":"open","sticky":false,"template":"","format":"standard","meta":{"footnotes":""},"categories":[26,4],"tags":[],"class_list":["post-116504","post","type-post","status-publish","format-standard","has-post-thumbnail","category-prima-pagina","category-sport"],"yoast_head":"<!-- This site is optimized with the Yoast SEO plugin v28.4 - https:\/\/yoast.com\/product\/yoast-seo-wordpress\/ -->\n<title>Sono 197 i verificati alla 46ma Alpe del Nevegal 2020 - Bellunopress - Dolomiti<\/title>\n<meta name=\"robots\" content=\"index, follow, max-snippet:-1, max-image-preview:large, max-video-preview:-1\" \/>\n<link rel=\"canonical\" href=\"https:\/\/www.bellunopress.it\/fr\/2020\/08\/07\/sono-197-i-verificati-alla-46ma-alpe-del-nevegal-2020\/\" \/>\n<meta property=\"og:locale\" content=\"fr_FR\" \/>\n<meta property=\"og:type\" content=\"article\" \/>\n<meta property=\"og:title\" content=\"Sono 197 i verificati alla 46ma Alpe del Nevegal 2020 - Bellunopress - Dolomiti\" \/>\n<meta property=\"og:description\" content=\"La 46ma Alpe del Nevegal \u00e8 entrata nel vivo con il completamento, \u201csul campo\u201d, delle verifiche dei 203 piloti iscritti alla gara inaugurale della stagione delle salite in Italia. Sono 197 i concorrenti che le hanno superate positivamente e domani, sabato 8 agosto, con partenza alle 9.30, daranno vita alle due manche di prove della [&hellip;]\" \/>\n<meta property=\"og:url\" content=\"https:\/\/www.bellunopress.it\/fr\/2020\/08\/07\/sono-197-i-verificati-alla-46ma-alpe-del-nevegal-2020\/\" \/>\n<meta property=\"og:site_name\" content=\"Bellunopress - Dolomiti\" \/>\n<meta property=\"article:publisher\" content=\"https:\/\/www.facebook.com\/profile.php?id=100008943462799\" \/>\n<meta property=\"article:published_time\" content=\"2020-08-07T21:02:04+00:00\" \/>\n<meta property=\"og:image\" content=\"https:\/\/www.bellunopress.it\/wp-content\/uploads\/2020\/08\/Alpe-del-Nevegal_edited.jpg\" \/>\n\t<meta property=\"og:image:width\" content=\"800\" \/>\n\t<meta property=\"og:image:height\" content=\"621\" \/>\n\t<meta property=\"og:image:type\" content=\"image\/jpeg\" \/>\n<meta name=\"author\" content=\"redazione\" \/>\n<meta name=\"twitter:card\" content=\"summary_large_image\" \/>\n<meta name=\"twitter:creator\" content=\"@bellunopress\" \/>\n<meta name=\"twitter:site\" content=\"@bellunopress\" \/>\n<meta name=\"twitter:label1\" content=\"\u00c9crit par\" \/>\n\t<meta name=\"twitter:data1\" content=\"redazione\" \/>\n\t<meta name=\"twitter:label2\" content=\"Dur\u00e9e de lecture estim\u00e9e\" \/>\n\t<meta name=\"twitter:data2\" content=\"2 minutes\" \/>\n<script type=\"application\/ld+json\" class=\"yoast-schema-graph\">{\"@context\":\"https:\\\/\\\/schema.org\",\"@graph\":[{\"@type\":\"Article\",\"@id\":\"https:\\\/\\\/www.bellunopress.it\\\/2020\\\/08\\\/07\\\/sono-197-i-verificati-alla-46ma-alpe-del-nevegal-2020\\\/#article\",\"isPartOf\":{\"@id\":\"https:\\\/\\\/www.bellunopress.it\\\/2020\\\/08\\\/07\\\/sono-197-i-verificati-alla-46ma-alpe-del-nevegal-2020\\\/\"},\"author\":{\"name\":\"redazione\",\"@id\":\"https:\\\/\\\/www.bellunopress.it\\\/#\\\/schema\\\/person\\\/79bb06722b37ece1c03d3e94beb30d73\"},\"headline\":\"Sono 197 i verificati alla 46ma Alpe del Nevegal 2020\",\"datePublished\":\"2020-08-07T21:02:04+00:00\",\"mainEntityOfPage\":{\"@id\":\"https:\\\/\\\/www.bellunopress.it\\\/2020\\\/08\\\/07\\\/sono-197-i-verificati-alla-46ma-alpe-del-nevegal-2020\\\/\"},\"wordCount\":347,\"publisher\":{\"@id\":\"https:\\\/\\\/www.bellunopress.it\\\/#organization\"},\"image\":{\"@id\":\"https:\\\/\\\/www.bellunopress.it\\\/2020\\\/08\\\/07\\\/sono-197-i-verificati-alla-46ma-alpe-del-nevegal-2020\\\/#primaryimage\"},\"thumbnailUrl\":\"https:\\\/\\\/www.bellunopress.it\\\/wp-content\\\/uploads\\\/2020\\\/08\\\/Alpe-del-Nevegal_edited.jpg\",\"articleSection\":[\"Prima Pagina\",\"Sport, tempo libero\"],\"inLanguage\":\"fr-FR\"},{\"@type\":\"WebPage\",\"@id\":\"https:\\\/\\\/www.bellunopress.it\\\/2020\\\/08\\\/07\\\/sono-197-i-verificati-alla-46ma-alpe-del-nevegal-2020\\\/\",\"url\":\"https:\\\/\\\/www.bellunopress.it\\\/2020\\\/08\\\/07\\\/sono-197-i-verificati-alla-46ma-alpe-del-nevegal-2020\\\/\",\"name\":\"Sono 197 i verificati alla 46ma Alpe del Nevegal 2020 - Bellunopress - Dolomiti\",\"isPartOf\":{\"@id\":\"https:\\\/\\\/www.bellunopress.it\\\/#website\"},\"primaryImageOfPage\":{\"@id\":\"https:\\\/\\\/www.bellunopress.it\\\/2020\\\/08\\\/07\\\/sono-197-i-verificati-alla-46ma-alpe-del-nevegal-2020\\\/#primaryimage\"},\"image\":{\"@id\":\"https:\\\/\\\/www.bellunopress.it\\\/2020\\\/08\\\/07\\\/sono-197-i-verificati-alla-46ma-alpe-del-nevegal-2020\\\/#primaryimage\"},\"thumbnailUrl\":\"https:\\\/\\\/www.bellunopress.it\\\/wp-content\\\/uploads\\\/2020\\\/08\\\/Alpe-del-Nevegal_edited.jpg\",\"datePublished\":\"2020-08-07T21:02:04+00:00\",\"breadcrumb\":{\"@id\":\"https:\\\/\\\/www.bellunopress.it\\\/2020\\\/08\\\/07\\\/sono-197-i-verificati-alla-46ma-alpe-del-nevegal-2020\\\/#breadcrumb\"},\"inLanguage\":\"fr-FR\",\"potentialAction\":[{\"@type\":\"ReadAction\",\"target\":[\"https:\\\/\\\/www.bellunopress.it\\\/2020\\\/08\\\/07\\\/sono-197-i-verificati-alla-46ma-alpe-del-nevegal-2020\\\/\"]}]},{\"@type\":\"ImageObject\",\"inLanguage\":\"fr-FR\",\"@id\":\"https:\\\/\\\/www.bellunopress.it\\\/2020\\\/08\\\/07\\\/sono-197-i-verificati-alla-46ma-alpe-del-nevegal-2020\\\/#primaryimage\",\"url\":\"https:\\\/\\\/www.bellunopress.it\\\/wp-content\\\/uploads\\\/2020\\\/08\\\/Alpe-del-Nevegal_edited.jpg\",\"contentUrl\":\"https:\\\/\\\/www.bellunopress.it\\\/wp-content\\\/uploads\\\/2020\\\/08\\\/Alpe-del-Nevegal_edited.jpg\",\"width\":800,\"height\":621},{\"@type\":\"BreadcrumbList\",\"@id\":\"https:\\\/\\\/www.bellunopress.it\\\/2020\\\/08\\\/07\\\/sono-197-i-verificati-alla-46ma-alpe-del-nevegal-2020\\\/#breadcrumb\",\"itemListElement\":[{\"@type\":\"ListItem\",\"position\":1,\"name\":\"Home\",\"item\":\"https:\\\/\\\/www.bellunopress.it\\\/\"},{\"@type\":\"ListItem\",\"position\":2,\"name\":\"Sono 197 i verificati alla 46ma Alpe del Nevegal 2020\"}]},{\"@type\":\"WebSite\",\"@id\":\"https:\\\/\\\/www.bellunopress.it\\\/#website\",\"url\":\"https:\\\/\\\/www.bellunopress.it\\\/\",\"name\":\"Bellunopress - Dolomiti\",\"description\":\"e-mail: redazione@bellunopress.it\",\"publisher\":{\"@id\":\"https:\\\/\\\/www.bellunopress.it\\\/#organization\"},\"potentialAction\":[{\"@type\":\"SearchAction\",\"target\":{\"@type\":\"EntryPoint\",\"urlTemplate\":\"https:\\\/\\\/www.bellunopress.it\\\/?s={search_term_string}\"},\"query-input\":{\"@type\":\"PropertyValueSpecification\",\"valueRequired\":true,\"valueName\":\"search_term_string\"}}],\"inLanguage\":\"fr-FR\"},{\"@type\":\"Organization\",\"@id\":\"https:\\\/\\\/www.bellunopress.it\\\/#organization\",\"name\":\"Bellunopress\",\"url\":\"https:\\\/\\\/www.bellunopress.it\\\/\",\"logo\":{\"@type\":\"ImageObject\",\"inLanguage\":\"fr-FR\",\"@id\":\"https:\\\/\\\/www.bellunopress.it\\\/#\\\/schema\\\/logo\\\/image\\\/\",\"url\":\"https:\\\/\\\/www.bellunopress.it\\\/wp-content\\\/uploads\\\/2011\\\/05\\\/cropped-logo-bellunopress-.jpg\",\"contentUrl\":\"https:\\\/\\\/www.bellunopress.it\\\/wp-content\\\/uploads\\\/2011\\\/05\\\/cropped-logo-bellunopress-.jpg\",\"width\":512,\"height\":512,\"caption\":\"Bellunopress\"},\"image\":{\"@id\":\"https:\\\/\\\/www.bellunopress.it\\\/#\\\/schema\\\/logo\\\/image\\\/\"},\"sameAs\":[\"https:\\\/\\\/www.facebook.com\\\/profile.php?id=100008943462799\",\"https:\\\/\\\/x.com\\\/bellunopress\",\"https:\\\/\\\/www.linkedin.com\\\/hp\\\/?dnr=JBzUWaJfMUw8vbXJJ2tVW5-I3jZKvC4wsoxE&amp;amp;amp;amp;amp;amp;trk=nav_responsive_tab_home\",\"https:\\\/\\\/www.youtube.com\\\/channel\\\/UCxL0wu1uN0_3_7hGG0306cw\"]},{\"@type\":\"Person\",\"@id\":\"https:\\\/\\\/www.bellunopress.it\\\/#\\\/schema\\\/person\\\/79bb06722b37ece1c03d3e94beb30d73\",\"name\":\"redazione\",\"image\":{\"@type\":\"ImageObject\",\"inLanguage\":\"fr-FR\",\"@id\":\"https:\\\/\\\/secure.gravatar.com\\\/avatar\\\/37d968a2e67a6fd04c169c4bdef102d0bc5d31b2546345219e348575eb80e9a0?s=96&d=mm&r=g\",\"url\":\"https:\\\/\\\/secure.gravatar.com\\\/avatar\\\/37d968a2e67a6fd04c169c4bdef102d0bc5d31b2546345219e348575eb80e9a0?s=96&d=mm&r=g\",\"contentUrl\":\"https:\\\/\\\/secure.gravatar.com\\\/avatar\\\/37d968a2e67a6fd04c169c4bdef102d0bc5d31b2546345219e348575eb80e9a0?s=96&d=mm&r=g\",\"caption\":\"redazione\"},\"sameAs\":[\"http:\\\/\\\/www.bellunopress.it\",\"https:\\\/\\\/x.com\\\/bellunopress\"],\"url\":\"https:\\\/\\\/www.bellunopress.it\\\/fr\\\/author\\\/redazione\\\/\"}]}<\/script>\n<!-- \/ Yoast SEO plugin. -->","yoast_head_json":{"title":"Sono 197 i verificati alla 46ma Alpe del Nevegal 2020 - Bellunopress - Dolomiti","robots":{"index":"index","follow":"follow","max-snippet":"max-snippet:-1","max-image-preview":"max-image-preview:large","max-video-preview":"max-video-preview:-1"},"canonical":"https:\/\/www.bellunopress.it\/fr\/2020\/08\/07\/sono-197-i-verificati-alla-46ma-alpe-del-nevegal-2020\/","og_locale":"fr_FR","og_type":"article","og_title":"Sono 197 i verificati alla 46ma Alpe del Nevegal 2020 - Bellunopress - Dolomiti","og_description":"La 46ma Alpe del Nevegal \u00e8 entrata nel vivo con il completamento, \u201csul campo\u201d, delle verifiche dei 203 piloti iscritti alla gara inaugurale della stagione delle salite in Italia. Sono 197 i concorrenti che le hanno superate positivamente e domani, sabato 8 agosto, con partenza alle 9.30, daranno vita alle due manche di prove della [&hellip;]","og_url":"https:\/\/www.bellunopress.it\/fr\/2020\/08\/07\/sono-197-i-verificati-alla-46ma-alpe-del-nevegal-2020\/","og_site_name":"Bellunopress - Dolomiti","article_publisher":"https:\/\/www.facebook.com\/profile.php?id=100008943462799","article_published_time":"2020-08-07T21:02:04+00:00","og_image":[{"width":800,"height":621,"url":"https:\/\/www.bellunopress.it\/wp-content\/uploads\/2020\/08\/Alpe-del-Nevegal_edited.jpg","type":"image\/jpeg"}],"author":"redazione","twitter_card":"summary_large_image","twitter_creator":"@bellunopress","twitter_site":"@bellunopress","twitter_misc":{"\u00c9crit par":"redazione","Dur\u00e9e de lecture estim\u00e9e":"2 minutes"},"schema":{"@context":"https:\/\/schema.org","@graph":[{"@type":"Article","@id":"https:\/\/www.bellunopress.it\/2020\/08\/07\/sono-197-i-verificati-alla-46ma-alpe-del-nevegal-2020\/#article","isPartOf":{"@id":"https:\/\/www.bellunopress.it\/2020\/08\/07\/sono-197-i-verificati-alla-46ma-alpe-del-nevegal-2020\/"},"author":{"name":"redazione","@id":"https:\/\/www.bellunopress.it\/#\/schema\/person\/79bb06722b37ece1c03d3e94beb30d73"},"headline":"Sono 197 i verificati alla 46ma Alpe del Nevegal 2020","datePublished":"2020-08-07T21:02:04+00:00","mainEntityOfPage":{"@id":"https:\/\/www.bellunopress.it\/2020\/08\/07\/sono-197-i-verificati-alla-46ma-alpe-del-nevegal-2020\/"},"wordCount":347,"publisher":{"@id":"https:\/\/www.bellunopress.it\/#organization"},"image":{"@id":"https:\/\/www.bellunopress.it\/2020\/08\/07\/sono-197-i-verificati-alla-46ma-alpe-del-nevegal-2020\/#primaryimage"},"thumbnailUrl":"https:\/\/www.bellunopress.it\/wp-content\/uploads\/2020\/08\/Alpe-del-Nevegal_edited.jpg","articleSection":["Prima Pagina","Sport, tempo libero"],"inLanguage":"fr-FR"},{"@type":"WebPage","@id":"https:\/\/www.bellunopress.it\/2020\/08\/07\/sono-197-i-verificati-alla-46ma-alpe-del-nevegal-2020\/","url":"https:\/\/www.bellunopress.it\/2020\/08\/07\/sono-197-i-verificati-alla-46ma-alpe-del-nevegal-2020\/","name":"Sono 197 i verificati alla 46ma Alpe del Nevegal 2020 - Bellunopress - Dolomiti","isPartOf":{"@id":"https:\/\/www.bellunopress.it\/#website"},"primaryImageOfPage":{"@id":"https:\/\/www.bellunopress.it\/2020\/08\/07\/sono-197-i-verificati-alla-46ma-alpe-del-nevegal-2020\/#primaryimage"},"image":{"@id":"https:\/\/www.bellunopress.it\/2020\/08\/07\/sono-197-i-verificati-alla-46ma-alpe-del-nevegal-2020\/#primaryimage"},"thumbnailUrl":"https:\/\/www.bellunopress.it\/wp-content\/uploads\/2020\/08\/Alpe-del-Nevegal_edited.jpg","datePublished":"2020-08-07T21:02:04+00:00","breadcrumb":{"@id":"https:\/\/www.bellunopress.it\/2020\/08\/07\/sono-197-i-verificati-alla-46ma-alpe-del-nevegal-2020\/#breadcrumb"},"inLanguage":"fr-FR","potentialAction":[{"@type":"ReadAction","target":["https:\/\/www.bellunopress.it\/2020\/08\/07\/sono-197-i-verificati-alla-46ma-alpe-del-nevegal-2020\/"]}]},{"@type":"ImageObject","inLanguage":"fr-FR","@id":"https:\/\/www.bellunopress.it\/2020\/08\/07\/sono-197-i-verificati-alla-46ma-alpe-del-nevegal-2020\/#primaryimage","url":"https:\/\/www.bellunopress.it\/wp-content\/uploads\/2020\/08\/Alpe-del-Nevegal_edited.jpg","contentUrl":"https:\/\/www.bellunopress.it\/wp-content\/uploads\/2020\/08\/Alpe-del-Nevegal_edited.jpg","width":800,"height":621},{"@type":"BreadcrumbList","@id":"https:\/\/www.bellunopress.it\/2020\/08\/07\/sono-197-i-verificati-alla-46ma-alpe-del-nevegal-2020\/#breadcrumb","itemListElement":[{"@type":"ListItem","position":1,"name":"Home","item":"https:\/\/www.bellunopress.it\/"},{"@type":"ListItem","position":2,"name":"Sono 197 i verificati alla 46ma Alpe del Nevegal 2020"}]},{"@type":"WebSite","@id":"https:\/\/www.bellunopress.it\/#website","url":"https:\/\/www.bellunopress.it\/","name":"Bellunopress - Dolomiti","description":"e-mail: redazione@bellunopress.it","publisher":{"@id":"https:\/\/www.bellunopress.it\/#organization"},"potentialAction":[{"@type":"SearchAction","target":{"@type":"EntryPoint","urlTemplate":"https:\/\/www.bellunopress.it\/?s={search_term_string}"},"query-input":{"@type":"PropertyValueSpecification","valueRequired":true,"valueName":"search_term_string"}}],"inLanguage":"fr-FR"},{"@type":"Organization","@id":"https:\/\/www.bellunopress.it\/#organization","name":"Bellunopress","url":"https:\/\/www.bellunopress.it\/","logo":{"@type":"ImageObject","inLanguage":"fr-FR","@id":"https:\/\/www.bellunopress.it\/#\/schema\/logo\/image\/","url":"https:\/\/www.bellunopress.it\/wp-content\/uploads\/2011\/05\/cropped-logo-bellunopress-.jpg","contentUrl":"https:\/\/www.bellunopress.it\/wp-content\/uploads\/2011\/05\/cropped-logo-bellunopress-.jpg","width":512,"height":512,"caption":"Bellunopress"},"image":{"@id":"https:\/\/www.bellunopress.it\/#\/schema\/logo\/image\/"},"sameAs":["https:\/\/www.facebook.com\/profile.php?id=100008943462799","https:\/\/x.com\/bellunopress","https:\/\/www.linkedin.com\/hp\/?dnr=JBzUWaJfMUw8vbXJJ2tVW5-I3jZKvC4wsoxE&amp;amp;amp;amp;amp;amp;trk=nav_responsive_tab_home","https:\/\/www.youtube.com\/channel\/UCxL0wu1uN0_3_7hGG0306cw"]},{"@type":"Person","@id":"https:\/\/www.bellunopress.it\/#\/schema\/person\/79bb06722b37ece1c03d3e94beb30d73","name":"r\u00e9daction","image":{"@type":"ImageObject","inLanguage":"fr-FR","@id":"https:\/\/secure.gravatar.com\/avatar\/37d968a2e67a6fd04c169c4bdef102d0bc5d31b2546345219e348575eb80e9a0?s=96&d=mm&r=g","url":"https:\/\/secure.gravatar.com\/avatar\/37d968a2e67a6fd04c169c4bdef102d0bc5d31b2546345219e348575eb80e9a0?s=96&d=mm&r=g","contentUrl":"https:\/\/secure.gravatar.com\/avatar\/37d968a2e67a6fd04c169c4bdef102d0bc5d31b2546345219e348575eb80e9a0?s=96&d=mm&r=g","caption":"redazione"},"sameAs":["http:\/\/www.bellunopress.it","https:\/\/x.com\/bellunopress"],"url":"https:\/\/www.bellunopress.it\/fr\/author\/redazione\/"}]}},"_links":{"self":[{"href":"https:\/\/www.bellunopress.it\/fr\/wp-json\/wp\/v2\/posts\/116504","targetHints":{"allow":["GET"]}}],"collection":[{"href":"https:\/\/www.bellunopress.it\/fr\/wp-json\/wp\/v2\/posts"}],"about":[{"href":"https:\/\/www.bellunopress.it\/fr\/wp-json\/wp\/v2\/types\/post"}],"author":[{"embeddable":true,"href":"https:\/\/www.bellunopress.it\/fr\/wp-json\/wp\/v2\/users\/2"}],"replies":[{"embeddable":true,"href":"https:\/\/www.bellunopress.it\/fr\/wp-json\/wp\/v2\/comments?post=116504"}],"version-history":[{"count":1,"href":"https:\/\/www.bellunopress.it\/fr\/wp-json\/wp\/v2\/posts\/116504\/revisions"}],"predecessor-version":[{"id":116505,"href":"https:\/\/www.bellunopress.it\/fr\/wp-json\/wp\/v2\/posts\/116504\/revisions\/116505"}],"wp:featuredmedia":[{"embeddable":true,"href":"https:\/\/www.bellunopress.it\/fr\/wp-json\/wp\/v2\/media\/116429"}],"wp:attachment":[{"href":"https:\/\/www.bellunopress.it\/fr\/wp-json\/wp\/v2\/media?parent=116504"}],"wp:term":[{"taxonomy":"category","embeddable":true,"href":"https:\/\/www.bellunopress.it\/fr\/wp-json\/wp\/v2\/categories?post=116504"},{"taxonomy":"post_tag","embeddable":true,"href":"https:\/\/www.bellunopress.it\/fr\/wp-json\/wp\/v2\/tags?post=116504"}],"curies":[{"name":"wp","href":"https:\/\/api.w.org\/{rel}","templated":true}]}}