{"id":116436,"date":"2020-08-06T13:27:01","date_gmt":"2020-08-06T11:27:01","guid":{"rendered":"http:\/\/www.bellunopress.it\/?p=116436"},"modified":"2020-08-06T13:27:02","modified_gmt":"2020-08-06T11:27:02","slug":"ulss-1-dolomiti-prorogato-fino-a-dicembre-il-contratto-elisoccorso-con-babcock","status":"publish","type":"post","link":"https:\/\/www.bellunopress.it\/fr\/2020\/08\/06\/ulss-1-dolomiti-prorogato-fino-a-dicembre-il-contratto-elisoccorso-con-babcock\/","title":{"rendered":"Ulss 1 Dolomiti: prorogato fino a dicembre il contratto elisoccorso con Babcock\u00a0"},"content":{"rendered":"<p><a href=\"http:\/\/www.bellunopress.it\/fr\/2020\/08\/06\/ulss-1-dolomiti-prorogato-fino-a-dicembre-il-contratto-elisoccorso-con-babcock\/elisoccorso\/\" rel=\"attachment wp-att-116437\"><img loading=\"lazy\" decoding=\"async\" class=\"alignleft size-full wp-image-116437\" src=\"http:\/\/www.bellunopress.it\/wp-content\/uploads\/2020\/08\/elisoccorso-.jpg\" alt=\"\" width=\"800\" height=\"459\" srcset=\"https:\/\/www.bellunopress.it\/wp-content\/uploads\/2020\/08\/elisoccorso-.jpg 800w, https:\/\/www.bellunopress.it\/wp-content\/uploads\/2020\/08\/elisoccorso--500x287.jpg 500w, https:\/\/www.bellunopress.it\/wp-content\/uploads\/2020\/08\/elisoccorso--696x399.jpg 696w, https:\/\/www.bellunopress.it\/wp-content\/uploads\/2020\/08\/elisoccorso--732x420.jpg 732w\" sizes=\"auto, (max-width: 800px) 100vw, 800px\" \/><\/a>Il contratto con Babcock Mission Critical Services Italia S.p.A per il servizio di elisoccorso sanitario \u00e8 stato prorogato fino al 31 dicembre 2020, nelle more della definizione del ricorso al TAR presentato da una ditta in seguito all\u2019aggiudicazione della nuova gara regionale.<\/p>\n<p>Il servizio di elisoccorso sanitario per la Regione Veneto, era stato aggiudicato nel 2009 alla ditta Inaer Helicopter Italia S.p.A., ora Babcock, sulle quattro basi del territorio regionale, per il periodo di anni 9, per l&#8217;importo complessivo, relativo all&#8217;ex Azienda ULSS n. 1, pari ad \u20ac 29.516.400, Iva compresa.<br \/>\nIl servizio ha regolarmente preso avvio l&#8217;1.1.2010, con scadenza 31.12.2018, prorogato fino al 30.06.2020 per la conclusione della gara regionale per il nuovo affidamento.<br \/>\nLa gara regionale, istruita da Azienda Zero, per il nuovo affidamento si \u00e8 chiusa a dicembre 2019 con l\u2019aggiudicazione del servizio di per il periodo di anni 6. Tuttavia, una delle ditte partecipanti ha presentato ricorso dinanzi al TAR del Veneto. L\u2019udienza pubblica \u00e8 stata fissata per il 23.09.2020.<\/p>\n<p>L\u2019Ulss Dolomiti ha quindi preso atto della deliberazione di proroga del servizio regionale alle attuali condizioni economiche adottata dall\u2019 ULSS 2 Marca Trevigiana, in qualit\u00e0 di azienda capofila della procedura di affidamento del contratto in essere, e ha disposto la prosecuzione del contratto per il suddetto servizio con la ditta BABCOCK MISSION CRITICAL SERVICES ITALIA S.p.A fino al 31\/12\/2020 per l&#8217;importo presunto complessivo di 2 milioni di euro per l&#8217;ULSS Dolomiti, fatto salvo l&#8217;adeguamento ISTAT.<\/p>","protected":false},"excerpt":{"rendered":"<p>Il contratto con Babcock Mission Critical Services Italia S.p.A per il servizio di elisoccorso sanitario \u00e8 stato prorogato fino al 31 dicembre 2020, nelle more della definizione del ricorso al TAR presentato da una ditta in seguito all\u2019aggiudicazione della nuova gara regionale. Il servizio di elisoccorso sanitario per la Regione Veneto, era stato aggiudicato nel [&hellip;]<\/p>\n","protected":false},"author":2,"featured_media":116437,"comment_status":"closed","ping_status":"open","sticky":false,"template":"","format":"standard","meta":{"footnotes":""},"categories":[26,17],"tags":[],"class_list":["post-116436","post","type-post","status-publish","format-standard","has-post-thumbnail","category-prima-pagina","category-sanita"],"yoast_head":"<!-- This site is optimized with the Yoast SEO plugin v28.4 - https:\/\/yoast.com\/product\/yoast-seo-wordpress\/ -->\n<title>Ulss 1 Dolomiti: prorogato fino a dicembre il contratto elisoccorso con Babcock\u00a0 - Bellunopress - Dolomiti<\/title>\n<meta name=\"robots\" content=\"index, follow, max-snippet:-1, max-image-preview:large, max-video-preview:-1\" \/>\n<link rel=\"canonical\" href=\"https:\/\/www.bellunopress.it\/fr\/2020\/08\/06\/ulss-1-dolomiti-prorogato-fino-a-dicembre-il-contratto-elisoccorso-con-babcock\/\" \/>\n<meta property=\"og:locale\" content=\"fr_FR\" \/>\n<meta property=\"og:type\" content=\"article\" \/>\n<meta property=\"og:title\" content=\"Ulss 1 Dolomiti: prorogato fino a dicembre il contratto elisoccorso con Babcock\u00a0 - Bellunopress - Dolomiti\" \/>\n<meta property=\"og:description\" content=\"Il contratto con Babcock Mission Critical Services Italia S.p.A per il servizio di elisoccorso sanitario \u00e8 stato prorogato fino al 31 dicembre 2020, nelle more della definizione del ricorso al TAR presentato da una ditta in seguito all\u2019aggiudicazione della nuova gara regionale. Il servizio di elisoccorso sanitario per la Regione Veneto, era stato aggiudicato nel [&hellip;]\" \/>\n<meta property=\"og:url\" content=\"https:\/\/www.bellunopress.it\/fr\/2020\/08\/06\/ulss-1-dolomiti-prorogato-fino-a-dicembre-il-contratto-elisoccorso-con-babcock\/\" \/>\n<meta property=\"og:site_name\" content=\"Bellunopress - Dolomiti\" \/>\n<meta property=\"article:publisher\" content=\"https:\/\/www.facebook.com\/profile.php?id=100008943462799\" \/>\n<meta property=\"article:published_time\" content=\"2020-08-06T11:27:01+00:00\" \/>\n<meta property=\"article:modified_time\" content=\"2020-08-06T11:27:02+00:00\" \/>\n<meta property=\"og:image\" content=\"https:\/\/www.bellunopress.it\/wp-content\/uploads\/2020\/08\/elisoccorso-.jpg\" \/>\n\t<meta property=\"og:image:width\" content=\"800\" \/>\n\t<meta property=\"og:image:height\" content=\"459\" \/>\n\t<meta property=\"og:image:type\" content=\"image\/jpeg\" \/>\n<meta name=\"author\" content=\"redazione\" \/>\n<meta name=\"twitter:card\" content=\"summary_large_image\" \/>\n<meta name=\"twitter:creator\" content=\"@bellunopress\" \/>\n<meta name=\"twitter:site\" content=\"@bellunopress\" \/>\n<meta name=\"twitter:label1\" content=\"\u00c9crit par\" \/>\n\t<meta name=\"twitter:data1\" content=\"redazione\" \/>\n\t<meta name=\"twitter:label2\" content=\"Dur\u00e9e de lecture estim\u00e9e\" \/>\n\t<meta name=\"twitter:data2\" content=\"1 minute\" \/>\n<script type=\"application\/ld+json\" class=\"yoast-schema-graph\">{\"@context\":\"https:\\\/\\\/schema.org\",\"@graph\":[{\"@type\":\"Article\",\"@id\":\"https:\\\/\\\/www.bellunopress.it\\\/2020\\\/08\\\/06\\\/ulss-1-dolomiti-prorogato-fino-a-dicembre-il-contratto-elisoccorso-con-babcock\\\/#article\",\"isPartOf\":{\"@id\":\"https:\\\/\\\/www.bellunopress.it\\\/2020\\\/08\\\/06\\\/ulss-1-dolomiti-prorogato-fino-a-dicembre-il-contratto-elisoccorso-con-babcock\\\/\"},\"author\":{\"name\":\"redazione\",\"@id\":\"https:\\\/\\\/www.bellunopress.it\\\/#\\\/schema\\\/person\\\/79bb06722b37ece1c03d3e94beb30d73\"},\"headline\":\"Ulss 1 Dolomiti: prorogato fino a dicembre il contratto elisoccorso con Babcock\u00a0\",\"datePublished\":\"2020-08-06T11:27:01+00:00\",\"dateModified\":\"2020-08-06T11:27:02+00:00\",\"mainEntityOfPage\":{\"@id\":\"https:\\\/\\\/www.bellunopress.it\\\/2020\\\/08\\\/06\\\/ulss-1-dolomiti-prorogato-fino-a-dicembre-il-contratto-elisoccorso-con-babcock\\\/\"},\"wordCount\":247,\"publisher\":{\"@id\":\"https:\\\/\\\/www.bellunopress.it\\\/#organization\"},\"image\":{\"@id\":\"https:\\\/\\\/www.bellunopress.it\\\/2020\\\/08\\\/06\\\/ulss-1-dolomiti-prorogato-fino-a-dicembre-il-contratto-elisoccorso-con-babcock\\\/#primaryimage\"},\"thumbnailUrl\":\"https:\\\/\\\/www.bellunopress.it\\\/wp-content\\\/uploads\\\/2020\\\/08\\\/elisoccorso-.jpg\",\"articleSection\":[\"Prima Pagina\",\"Sanit\u00e0 Medicina\"],\"inLanguage\":\"fr-FR\"},{\"@type\":\"WebPage\",\"@id\":\"https:\\\/\\\/www.bellunopress.it\\\/2020\\\/08\\\/06\\\/ulss-1-dolomiti-prorogato-fino-a-dicembre-il-contratto-elisoccorso-con-babcock\\\/\",\"url\":\"https:\\\/\\\/www.bellunopress.it\\\/2020\\\/08\\\/06\\\/ulss-1-dolomiti-prorogato-fino-a-dicembre-il-contratto-elisoccorso-con-babcock\\\/\",\"name\":\"Ulss 1 Dolomiti: prorogato fino a dicembre il contratto elisoccorso con Babcock\u00a0 - Bellunopress - Dolomiti\",\"isPartOf\":{\"@id\":\"https:\\\/\\\/www.bellunopress.it\\\/#website\"},\"primaryImageOfPage\":{\"@id\":\"https:\\\/\\\/www.bellunopress.it\\\/2020\\\/08\\\/06\\\/ulss-1-dolomiti-prorogato-fino-a-dicembre-il-contratto-elisoccorso-con-babcock\\\/#primaryimage\"},\"image\":{\"@id\":\"https:\\\/\\\/www.bellunopress.it\\\/2020\\\/08\\\/06\\\/ulss-1-dolomiti-prorogato-fino-a-dicembre-il-contratto-elisoccorso-con-babcock\\\/#primaryimage\"},\"thumbnailUrl\":\"https:\\\/\\\/www.bellunopress.it\\\/wp-content\\\/uploads\\\/2020\\\/08\\\/elisoccorso-.jpg\",\"datePublished\":\"2020-08-06T11:27:01+00:00\",\"dateModified\":\"2020-08-06T11:27:02+00:00\",\"breadcrumb\":{\"@id\":\"https:\\\/\\\/www.bellunopress.it\\\/2020\\\/08\\\/06\\\/ulss-1-dolomiti-prorogato-fino-a-dicembre-il-contratto-elisoccorso-con-babcock\\\/#breadcrumb\"},\"inLanguage\":\"fr-FR\",\"potentialAction\":[{\"@type\":\"ReadAction\",\"target\":[\"https:\\\/\\\/www.bellunopress.it\\\/2020\\\/08\\\/06\\\/ulss-1-dolomiti-prorogato-fino-a-dicembre-il-contratto-elisoccorso-con-babcock\\\/\"]}]},{\"@type\":\"ImageObject\",\"inLanguage\":\"fr-FR\",\"@id\":\"https:\\\/\\\/www.bellunopress.it\\\/2020\\\/08\\\/06\\\/ulss-1-dolomiti-prorogato-fino-a-dicembre-il-contratto-elisoccorso-con-babcock\\\/#primaryimage\",\"url\":\"https:\\\/\\\/www.bellunopress.it\\\/wp-content\\\/uploads\\\/2020\\\/08\\\/elisoccorso-.jpg\",\"contentUrl\":\"https:\\\/\\\/www.bellunopress.it\\\/wp-content\\\/uploads\\\/2020\\\/08\\\/elisoccorso-.jpg\",\"width\":800,\"height\":459},{\"@type\":\"BreadcrumbList\",\"@id\":\"https:\\\/\\\/www.bellunopress.it\\\/2020\\\/08\\\/06\\\/ulss-1-dolomiti-prorogato-fino-a-dicembre-il-contratto-elisoccorso-con-babcock\\\/#breadcrumb\",\"itemListElement\":[{\"@type\":\"ListItem\",\"position\":1,\"name\":\"Home\",\"item\":\"https:\\\/\\\/www.bellunopress.it\\\/\"},{\"@type\":\"ListItem\",\"position\":2,\"name\":\"Ulss 1 Dolomiti: prorogato fino a dicembre il contratto elisoccorso con Babcock\u00a0\"}]},{\"@type\":\"WebSite\",\"@id\":\"https:\\\/\\\/www.bellunopress.it\\\/#website\",\"url\":\"https:\\\/\\\/www.bellunopress.it\\\/\",\"name\":\"Bellunopress - Dolomiti\",\"description\":\"e-mail: redazione@bellunopress.it\",\"publisher\":{\"@id\":\"https:\\\/\\\/www.bellunopress.it\\\/#organization\"},\"potentialAction\":[{\"@type\":\"SearchAction\",\"target\":{\"@type\":\"EntryPoint\",\"urlTemplate\":\"https:\\\/\\\/www.bellunopress.it\\\/?s={search_term_string}\"},\"query-input\":{\"@type\":\"PropertyValueSpecification\",\"valueRequired\":true,\"valueName\":\"search_term_string\"}}],\"inLanguage\":\"fr-FR\"},{\"@type\":\"Organization\",\"@id\":\"https:\\\/\\\/www.bellunopress.it\\\/#organization\",\"name\":\"Bellunopress\",\"url\":\"https:\\\/\\\/www.bellunopress.it\\\/\",\"logo\":{\"@type\":\"ImageObject\",\"inLanguage\":\"fr-FR\",\"@id\":\"https:\\\/\\\/www.bellunopress.it\\\/#\\\/schema\\\/logo\\\/image\\\/\",\"url\":\"https:\\\/\\\/www.bellunopress.it\\\/wp-content\\\/uploads\\\/2011\\\/05\\\/cropped-logo-bellunopress-.jpg\",\"contentUrl\":\"https:\\\/\\\/www.bellunopress.it\\\/wp-content\\\/uploads\\\/2011\\\/05\\\/cropped-logo-bellunopress-.jpg\",\"width\":512,\"height\":512,\"caption\":\"Bellunopress\"},\"image\":{\"@id\":\"https:\\\/\\\/www.bellunopress.it\\\/#\\\/schema\\\/logo\\\/image\\\/\"},\"sameAs\":[\"https:\\\/\\\/www.facebook.com\\\/profile.php?id=100008943462799\",\"https:\\\/\\\/x.com\\\/bellunopress\",\"https:\\\/\\\/www.linkedin.com\\\/hp\\\/?dnr=JBzUWaJfMUw8vbXJJ2tVW5-I3jZKvC4wsoxE&amp;amp;amp;amp;amp;amp;trk=nav_responsive_tab_home\",\"https:\\\/\\\/www.youtube.com\\\/channel\\\/UCxL0wu1uN0_3_7hGG0306cw\"]},{\"@type\":\"Person\",\"@id\":\"https:\\\/\\\/www.bellunopress.it\\\/#\\\/schema\\\/person\\\/79bb06722b37ece1c03d3e94beb30d73\",\"name\":\"redazione\",\"image\":{\"@type\":\"ImageObject\",\"inLanguage\":\"fr-FR\",\"@id\":\"https:\\\/\\\/secure.gravatar.com\\\/avatar\\\/37d968a2e67a6fd04c169c4bdef102d0bc5d31b2546345219e348575eb80e9a0?s=96&d=mm&r=g\",\"url\":\"https:\\\/\\\/secure.gravatar.com\\\/avatar\\\/37d968a2e67a6fd04c169c4bdef102d0bc5d31b2546345219e348575eb80e9a0?s=96&d=mm&r=g\",\"contentUrl\":\"https:\\\/\\\/secure.gravatar.com\\\/avatar\\\/37d968a2e67a6fd04c169c4bdef102d0bc5d31b2546345219e348575eb80e9a0?s=96&d=mm&r=g\",\"caption\":\"redazione\"},\"sameAs\":[\"http:\\\/\\\/www.bellunopress.it\",\"https:\\\/\\\/x.com\\\/bellunopress\"],\"url\":\"https:\\\/\\\/www.bellunopress.it\\\/fr\\\/author\\\/redazione\\\/\"}]}<\/script>\n<!-- \/ Yoast SEO plugin. -->","yoast_head_json":{"title":"Ulss 1 Dolomiti: prorogato fino a dicembre il contratto elisoccorso con Babcock\u00a0 - Bellunopress - Dolomiti","robots":{"index":"index","follow":"follow","max-snippet":"max-snippet:-1","max-image-preview":"max-image-preview:large","max-video-preview":"max-video-preview:-1"},"canonical":"https:\/\/www.bellunopress.it\/fr\/2020\/08\/06\/ulss-1-dolomiti-prorogato-fino-a-dicembre-il-contratto-elisoccorso-con-babcock\/","og_locale":"fr_FR","og_type":"article","og_title":"Ulss 1 Dolomiti: prorogato fino a dicembre il contratto elisoccorso con Babcock\u00a0 - Bellunopress - Dolomiti","og_description":"Il contratto con Babcock Mission Critical Services Italia S.p.A per il servizio di elisoccorso sanitario \u00e8 stato prorogato fino al 31 dicembre 2020, nelle more della definizione del ricorso al TAR presentato da una ditta in seguito all\u2019aggiudicazione della nuova gara regionale. Il servizio di elisoccorso sanitario per la Regione Veneto, era stato aggiudicato nel [&hellip;]","og_url":"https:\/\/www.bellunopress.it\/fr\/2020\/08\/06\/ulss-1-dolomiti-prorogato-fino-a-dicembre-il-contratto-elisoccorso-con-babcock\/","og_site_name":"Bellunopress - Dolomiti","article_publisher":"https:\/\/www.facebook.com\/profile.php?id=100008943462799","article_published_time":"2020-08-06T11:27:01+00:00","article_modified_time":"2020-08-06T11:27:02+00:00","og_image":[{"width":800,"height":459,"url":"https:\/\/www.bellunopress.it\/wp-content\/uploads\/2020\/08\/elisoccorso-.jpg","type":"image\/jpeg"}],"author":"redazione","twitter_card":"summary_large_image","twitter_creator":"@bellunopress","twitter_site":"@bellunopress","twitter_misc":{"\u00c9crit par":"redazione","Dur\u00e9e de lecture estim\u00e9e":"1 minute"},"schema":{"@context":"https:\/\/schema.org","@graph":[{"@type":"Article","@id":"https:\/\/www.bellunopress.it\/2020\/08\/06\/ulss-1-dolomiti-prorogato-fino-a-dicembre-il-contratto-elisoccorso-con-babcock\/#article","isPartOf":{"@id":"https:\/\/www.bellunopress.it\/2020\/08\/06\/ulss-1-dolomiti-prorogato-fino-a-dicembre-il-contratto-elisoccorso-con-babcock\/"},"author":{"name":"redazione","@id":"https:\/\/www.bellunopress.it\/#\/schema\/person\/79bb06722b37ece1c03d3e94beb30d73"},"headline":"Ulss 1 Dolomiti: prorogato fino a dicembre il contratto elisoccorso con Babcock\u00a0","datePublished":"2020-08-06T11:27:01+00:00","dateModified":"2020-08-06T11:27:02+00:00","mainEntityOfPage":{"@id":"https:\/\/www.bellunopress.it\/2020\/08\/06\/ulss-1-dolomiti-prorogato-fino-a-dicembre-il-contratto-elisoccorso-con-babcock\/"},"wordCount":247,"publisher":{"@id":"https:\/\/www.bellunopress.it\/#organization"},"image":{"@id":"https:\/\/www.bellunopress.it\/2020\/08\/06\/ulss-1-dolomiti-prorogato-fino-a-dicembre-il-contratto-elisoccorso-con-babcock\/#primaryimage"},"thumbnailUrl":"https:\/\/www.bellunopress.it\/wp-content\/uploads\/2020\/08\/elisoccorso-.jpg","articleSection":["Prima Pagina","Sanit\u00e0 Medicina"],"inLanguage":"fr-FR"},{"@type":"WebPage","@id":"https:\/\/www.bellunopress.it\/2020\/08\/06\/ulss-1-dolomiti-prorogato-fino-a-dicembre-il-contratto-elisoccorso-con-babcock\/","url":"https:\/\/www.bellunopress.it\/2020\/08\/06\/ulss-1-dolomiti-prorogato-fino-a-dicembre-il-contratto-elisoccorso-con-babcock\/","name":"Ulss 1 Dolomiti: prorogato fino a dicembre il contratto elisoccorso con Babcock\u00a0 - Bellunopress - Dolomiti","isPartOf":{"@id":"https:\/\/www.bellunopress.it\/#website"},"primaryImageOfPage":{"@id":"https:\/\/www.bellunopress.it\/2020\/08\/06\/ulss-1-dolomiti-prorogato-fino-a-dicembre-il-contratto-elisoccorso-con-babcock\/#primaryimage"},"image":{"@id":"https:\/\/www.bellunopress.it\/2020\/08\/06\/ulss-1-dolomiti-prorogato-fino-a-dicembre-il-contratto-elisoccorso-con-babcock\/#primaryimage"},"thumbnailUrl":"https:\/\/www.bellunopress.it\/wp-content\/uploads\/2020\/08\/elisoccorso-.jpg","datePublished":"2020-08-06T11:27:01+00:00","dateModified":"2020-08-06T11:27:02+00:00","breadcrumb":{"@id":"https:\/\/www.bellunopress.it\/2020\/08\/06\/ulss-1-dolomiti-prorogato-fino-a-dicembre-il-contratto-elisoccorso-con-babcock\/#breadcrumb"},"inLanguage":"fr-FR","potentialAction":[{"@type":"ReadAction","target":["https:\/\/www.bellunopress.it\/2020\/08\/06\/ulss-1-dolomiti-prorogato-fino-a-dicembre-il-contratto-elisoccorso-con-babcock\/"]}]},{"@type":"ImageObject","inLanguage":"fr-FR","@id":"https:\/\/www.bellunopress.it\/2020\/08\/06\/ulss-1-dolomiti-prorogato-fino-a-dicembre-il-contratto-elisoccorso-con-babcock\/#primaryimage","url":"https:\/\/www.bellunopress.it\/wp-content\/uploads\/2020\/08\/elisoccorso-.jpg","contentUrl":"https:\/\/www.bellunopress.it\/wp-content\/uploads\/2020\/08\/elisoccorso-.jpg","width":800,"height":459},{"@type":"BreadcrumbList","@id":"https:\/\/www.bellunopress.it\/2020\/08\/06\/ulss-1-dolomiti-prorogato-fino-a-dicembre-il-contratto-elisoccorso-con-babcock\/#breadcrumb","itemListElement":[{"@type":"ListItem","position":1,"name":"Home","item":"https:\/\/www.bellunopress.it\/"},{"@type":"ListItem","position":2,"name":"Ulss 1 Dolomiti: prorogato fino a dicembre il contratto elisoccorso con Babcock\u00a0"}]},{"@type":"WebSite","@id":"https:\/\/www.bellunopress.it\/#website","url":"https:\/\/www.bellunopress.it\/","name":"Bellunopress - Dolomiti","description":"e-mail: redazione@bellunopress.it","publisher":{"@id":"https:\/\/www.bellunopress.it\/#organization"},"potentialAction":[{"@type":"SearchAction","target":{"@type":"EntryPoint","urlTemplate":"https:\/\/www.bellunopress.it\/?s={search_term_string}"},"query-input":{"@type":"PropertyValueSpecification","valueRequired":true,"valueName":"search_term_string"}}],"inLanguage":"fr-FR"},{"@type":"Organization","@id":"https:\/\/www.bellunopress.it\/#organization","name":"Bellunopress","url":"https:\/\/www.bellunopress.it\/","logo":{"@type":"ImageObject","inLanguage":"fr-FR","@id":"https:\/\/www.bellunopress.it\/#\/schema\/logo\/image\/","url":"https:\/\/www.bellunopress.it\/wp-content\/uploads\/2011\/05\/cropped-logo-bellunopress-.jpg","contentUrl":"https:\/\/www.bellunopress.it\/wp-content\/uploads\/2011\/05\/cropped-logo-bellunopress-.jpg","width":512,"height":512,"caption":"Bellunopress"},"image":{"@id":"https:\/\/www.bellunopress.it\/#\/schema\/logo\/image\/"},"sameAs":["https:\/\/www.facebook.com\/profile.php?id=100008943462799","https:\/\/x.com\/bellunopress","https:\/\/www.linkedin.com\/hp\/?dnr=JBzUWaJfMUw8vbXJJ2tVW5-I3jZKvC4wsoxE&amp;amp;amp;amp;amp;amp;trk=nav_responsive_tab_home","https:\/\/www.youtube.com\/channel\/UCxL0wu1uN0_3_7hGG0306cw"]},{"@type":"Person","@id":"https:\/\/www.bellunopress.it\/#\/schema\/person\/79bb06722b37ece1c03d3e94beb30d73","name":"r\u00e9daction","image":{"@type":"ImageObject","inLanguage":"fr-FR","@id":"https:\/\/secure.gravatar.com\/avatar\/37d968a2e67a6fd04c169c4bdef102d0bc5d31b2546345219e348575eb80e9a0?s=96&d=mm&r=g","url":"https:\/\/secure.gravatar.com\/avatar\/37d968a2e67a6fd04c169c4bdef102d0bc5d31b2546345219e348575eb80e9a0?s=96&d=mm&r=g","contentUrl":"https:\/\/secure.gravatar.com\/avatar\/37d968a2e67a6fd04c169c4bdef102d0bc5d31b2546345219e348575eb80e9a0?s=96&d=mm&r=g","caption":"redazione"},"sameAs":["http:\/\/www.bellunopress.it","https:\/\/x.com\/bellunopress"],"url":"https:\/\/www.bellunopress.it\/fr\/author\/redazione\/"}]}},"_links":{"self":[{"href":"https:\/\/www.bellunopress.it\/fr\/wp-json\/wp\/v2\/posts\/116436","targetHints":{"allow":["GET"]}}],"collection":[{"href":"https:\/\/www.bellunopress.it\/fr\/wp-json\/wp\/v2\/posts"}],"about":[{"href":"https:\/\/www.bellunopress.it\/fr\/wp-json\/wp\/v2\/types\/post"}],"author":[{"embeddable":true,"href":"https:\/\/www.bellunopress.it\/fr\/wp-json\/wp\/v2\/users\/2"}],"replies":[{"embeddable":true,"href":"https:\/\/www.bellunopress.it\/fr\/wp-json\/wp\/v2\/comments?post=116436"}],"version-history":[{"count":2,"href":"https:\/\/www.bellunopress.it\/fr\/wp-json\/wp\/v2\/posts\/116436\/revisions"}],"predecessor-version":[{"id":116439,"href":"https:\/\/www.bellunopress.it\/fr\/wp-json\/wp\/v2\/posts\/116436\/revisions\/116439"}],"wp:featuredmedia":[{"embeddable":true,"href":"https:\/\/www.bellunopress.it\/fr\/wp-json\/wp\/v2\/media\/116437"}],"wp:attachment":[{"href":"https:\/\/www.bellunopress.it\/fr\/wp-json\/wp\/v2\/media?parent=116436"}],"wp:term":[{"taxonomy":"category","embeddable":true,"href":"https:\/\/www.bellunopress.it\/fr\/wp-json\/wp\/v2\/categories?post=116436"},{"taxonomy":"post_tag","embeddable":true,"href":"https:\/\/www.bellunopress.it\/fr\/wp-json\/wp\/v2\/tags?post=116436"}],"curies":[{"name":"wp","href":"https:\/\/api.w.org\/{rel}","templated":true}]}}