{"id":116432,"date":"2020-08-06T12:44:31","date_gmt":"2020-08-06T10:44:31","guid":{"rendered":"http:\/\/www.bellunopress.it\/?p=116432"},"modified":"2020-08-06T12:44:32","modified_gmt":"2020-08-06T10:44:32","slug":"nessuno-tocchi-la-liberta-dinformazione-solidarieta-al-giornalista-antonio-della-rocca-per-le-minacce-subite-per-il-servizio-sulla-movida-salentina","status":"publish","type":"post","link":"https:\/\/www.bellunopress.it\/fr\/2020\/08\/06\/nessuno-tocchi-la-liberta-dinformazione-solidarieta-al-giornalista-antonio-della-rocca-per-le-minacce-subite-per-il-servizio-sulla-movida-salentina\/","title":{"rendered":"Nessuno tocchi la libert\u00e0 d\u2019informazione. Solidariet\u00e0 al giornalista Antonio Della Rocca per le minacce subite per il servizio sulla movida salentina"},"content":{"rendered":"<p><a href=\"http:\/\/www.bellunopress.it\/fr\/2020\/08\/06\/nessuno-tocchi-la-liberta-dinformazione-solidarieta-al-giornalista-antonio-della-rocca-per-le-minacce-subite-per-il-servizio-sulla-movida-salentina\/bavaglio-alla-stampa_edited\/\" rel=\"attachment wp-att-116433\"><img loading=\"lazy\" decoding=\"async\" class=\"alignleft size-full wp-image-116433\" src=\"http:\/\/www.bellunopress.it\/wp-content\/uploads\/2020\/08\/bavaglio-alla-stampa_edited.jpg\" alt=\"\" width=\"479\" height=\"800\" srcset=\"https:\/\/www.bellunopress.it\/wp-content\/uploads\/2020\/08\/bavaglio-alla-stampa_edited.jpg 479w, https:\/\/www.bellunopress.it\/wp-content\/uploads\/2020\/08\/bavaglio-alla-stampa_edited-299x500.jpg 299w, https:\/\/www.bellunopress.it\/wp-content\/uploads\/2020\/08\/bavaglio-alla-stampa_edited-251x420.jpg 251w\" sizes=\"auto, (max-width: 479px) 100vw, 479px\" \/><\/a>Fare informazione e svolgere \u201cserenamente\u201d il lavoro di cronista sta diventando sempre pi\u00f9 un eufemismo. Ne sa qualcosa Antonio Della Rocca, giornalista del Corriere del Mezzogiorno, \u201creo\u201d di aver provato a raccontare la movida salentina ed il degrado urbano e solo per questo minacciato e pedinato per aver svolto il proprio lavoro e, dunque, costretto a rivolgersi ai carabinieri.<\/p>\n<p>Alla solidariet\u00e0 espressa da Giovanni D&#8217;Agata, presidente dello \u201cSportello dei Diritti\u201d, che sottolinea la professionalit\u00e0 di Antonio Della Rocca nell&#8217;espletamento del suo quotidiano lavoro di racconto del territorio, si aggiunge quella di Bellunopress, che sia pur in un contesto tranquillo qual \u00e8 quello bellunese, in questo decennio di attivit\u00e0, ha dovuto contrastare le querele temerarie e le minacce dai contorni estorsivi di politici locali insofferenti alla libert\u00e0 di espressione e al diritto di critica.\u00a0 Ma questa \u00e8 un&#8217;altra storia.<\/p>\n<p>&nbsp;<\/p>","protected":false},"excerpt":{"rendered":"<p>Fare informazione e svolgere \u201cserenamente\u201d il lavoro di cronista sta diventando sempre pi\u00f9 un eufemismo. Ne sa qualcosa Antonio Della Rocca, giornalista del Corriere del Mezzogiorno, \u201creo\u201d di aver provato a raccontare la movida salentina ed il degrado urbano e solo per questo minacciato e pedinato per aver svolto il proprio lavoro e, dunque, costretto [&hellip;]<\/p>\n","protected":false},"author":2,"featured_media":116433,"comment_status":"closed","ping_status":"open","sticky":false,"template":"","format":"standard","meta":{"footnotes":""},"categories":[5,26],"tags":[],"class_list":["post-116432","post","type-post","status-publish","format-standard","has-post-thumbnail","category-cronaca","category-prima-pagina"],"yoast_head":"<!-- This site is optimized with the Yoast SEO plugin v28.4 - https:\/\/yoast.com\/product\/yoast-seo-wordpress\/ -->\n<title>Nessuno tocchi la libert\u00e0 d\u2019informazione. Solidariet\u00e0 al giornalista Antonio Della Rocca per le minacce subite per il servizio sulla movida salentina - Bellunopress - Dolomiti<\/title>\n<meta name=\"robots\" content=\"index, follow, max-snippet:-1, max-image-preview:large, max-video-preview:-1\" \/>\n<link rel=\"canonical\" href=\"https:\/\/www.bellunopress.it\/fr\/2020\/08\/06\/nessuno-tocchi-la-liberta-dinformazione-solidarieta-al-giornalista-antonio-della-rocca-per-le-minacce-subite-per-il-servizio-sulla-movida-salentina\/\" \/>\n<meta property=\"og:locale\" content=\"fr_FR\" \/>\n<meta property=\"og:type\" content=\"article\" \/>\n<meta property=\"og:title\" content=\"Nessuno tocchi la libert\u00e0 d\u2019informazione. Solidariet\u00e0 al giornalista Antonio Della Rocca per le minacce subite per il servizio sulla movida salentina - Bellunopress - Dolomiti\" \/>\n<meta property=\"og:description\" content=\"Fare informazione e svolgere \u201cserenamente\u201d il lavoro di cronista sta diventando sempre pi\u00f9 un eufemismo. Ne sa qualcosa Antonio Della Rocca, giornalista del Corriere del Mezzogiorno, \u201creo\u201d di aver provato a raccontare la movida salentina ed il degrado urbano e solo per questo minacciato e pedinato per aver svolto il proprio lavoro e, dunque, costretto [&hellip;]\" \/>\n<meta property=\"og:url\" content=\"https:\/\/www.bellunopress.it\/fr\/2020\/08\/06\/nessuno-tocchi-la-liberta-dinformazione-solidarieta-al-giornalista-antonio-della-rocca-per-le-minacce-subite-per-il-servizio-sulla-movida-salentina\/\" \/>\n<meta property=\"og:site_name\" content=\"Bellunopress - Dolomiti\" \/>\n<meta property=\"article:publisher\" content=\"https:\/\/www.facebook.com\/profile.php?id=100008943462799\" \/>\n<meta property=\"article:published_time\" content=\"2020-08-06T10:44:31+00:00\" \/>\n<meta property=\"article:modified_time\" content=\"2020-08-06T10:44:32+00:00\" \/>\n<meta property=\"og:image\" content=\"https:\/\/www.bellunopress.it\/wp-content\/uploads\/2020\/08\/bavaglio-alla-stampa_edited.jpg\" \/>\n\t<meta property=\"og:image:width\" content=\"479\" \/>\n\t<meta property=\"og:image:height\" content=\"800\" \/>\n\t<meta property=\"og:image:type\" content=\"image\/jpeg\" \/>\n<meta name=\"author\" content=\"redazione\" \/>\n<meta name=\"twitter:card\" content=\"summary_large_image\" \/>\n<meta name=\"twitter:creator\" content=\"@bellunopress\" \/>\n<meta name=\"twitter:site\" content=\"@bellunopress\" \/>\n<meta name=\"twitter:label1\" content=\"\u00c9crit par\" \/>\n\t<meta name=\"twitter:data1\" content=\"redazione\" \/>\n\t<meta name=\"twitter:label2\" content=\"Dur\u00e9e de lecture estim\u00e9e\" \/>\n\t<meta name=\"twitter:data2\" content=\"1 minute\" \/>\n<script type=\"application\/ld+json\" class=\"yoast-schema-graph\">{\"@context\":\"https:\\\/\\\/schema.org\",\"@graph\":[{\"@type\":\"Article\",\"@id\":\"https:\\\/\\\/www.bellunopress.it\\\/2020\\\/08\\\/06\\\/nessuno-tocchi-la-liberta-dinformazione-solidarieta-al-giornalista-antonio-della-rocca-per-le-minacce-subite-per-il-servizio-sulla-movida-salentina\\\/#article\",\"isPartOf\":{\"@id\":\"https:\\\/\\\/www.bellunopress.it\\\/2020\\\/08\\\/06\\\/nessuno-tocchi-la-liberta-dinformazione-solidarieta-al-giornalista-antonio-della-rocca-per-le-minacce-subite-per-il-servizio-sulla-movida-salentina\\\/\"},\"author\":{\"name\":\"redazione\",\"@id\":\"https:\\\/\\\/www.bellunopress.it\\\/#\\\/schema\\\/person\\\/79bb06722b37ece1c03d3e94beb30d73\"},\"headline\":\"Nessuno tocchi la libert\u00e0 d\u2019informazione. Solidariet\u00e0 al giornalista Antonio Della Rocca per le minacce subite per il servizio sulla movida salentina\",\"datePublished\":\"2020-08-06T10:44:31+00:00\",\"dateModified\":\"2020-08-06T10:44:32+00:00\",\"mainEntityOfPage\":{\"@id\":\"https:\\\/\\\/www.bellunopress.it\\\/2020\\\/08\\\/06\\\/nessuno-tocchi-la-liberta-dinformazione-solidarieta-al-giornalista-antonio-della-rocca-per-le-minacce-subite-per-il-servizio-sulla-movida-salentina\\\/\"},\"wordCount\":162,\"publisher\":{\"@id\":\"https:\\\/\\\/www.bellunopress.it\\\/#organization\"},\"image\":{\"@id\":\"https:\\\/\\\/www.bellunopress.it\\\/2020\\\/08\\\/06\\\/nessuno-tocchi-la-liberta-dinformazione-solidarieta-al-giornalista-antonio-della-rocca-per-le-minacce-subite-per-il-servizio-sulla-movida-salentina\\\/#primaryimage\"},\"thumbnailUrl\":\"https:\\\/\\\/www.bellunopress.it\\\/wp-content\\\/uploads\\\/2020\\\/08\\\/bavaglio-alla-stampa_edited.jpg\",\"articleSection\":[\"Cronaca\\\/Politica\",\"Prima Pagina\"],\"inLanguage\":\"fr-FR\"},{\"@type\":\"WebPage\",\"@id\":\"https:\\\/\\\/www.bellunopress.it\\\/2020\\\/08\\\/06\\\/nessuno-tocchi-la-liberta-dinformazione-solidarieta-al-giornalista-antonio-della-rocca-per-le-minacce-subite-per-il-servizio-sulla-movida-salentina\\\/\",\"url\":\"https:\\\/\\\/www.bellunopress.it\\\/2020\\\/08\\\/06\\\/nessuno-tocchi-la-liberta-dinformazione-solidarieta-al-giornalista-antonio-della-rocca-per-le-minacce-subite-per-il-servizio-sulla-movida-salentina\\\/\",\"name\":\"Nessuno tocchi la libert\u00e0 d\u2019informazione. Solidariet\u00e0 al giornalista Antonio Della Rocca per le minacce subite per il servizio sulla movida salentina - Bellunopress - Dolomiti\",\"isPartOf\":{\"@id\":\"https:\\\/\\\/www.bellunopress.it\\\/#website\"},\"primaryImageOfPage\":{\"@id\":\"https:\\\/\\\/www.bellunopress.it\\\/2020\\\/08\\\/06\\\/nessuno-tocchi-la-liberta-dinformazione-solidarieta-al-giornalista-antonio-della-rocca-per-le-minacce-subite-per-il-servizio-sulla-movida-salentina\\\/#primaryimage\"},\"image\":{\"@id\":\"https:\\\/\\\/www.bellunopress.it\\\/2020\\\/08\\\/06\\\/nessuno-tocchi-la-liberta-dinformazione-solidarieta-al-giornalista-antonio-della-rocca-per-le-minacce-subite-per-il-servizio-sulla-movida-salentina\\\/#primaryimage\"},\"thumbnailUrl\":\"https:\\\/\\\/www.bellunopress.it\\\/wp-content\\\/uploads\\\/2020\\\/08\\\/bavaglio-alla-stampa_edited.jpg\",\"datePublished\":\"2020-08-06T10:44:31+00:00\",\"dateModified\":\"2020-08-06T10:44:32+00:00\",\"breadcrumb\":{\"@id\":\"https:\\\/\\\/www.bellunopress.it\\\/2020\\\/08\\\/06\\\/nessuno-tocchi-la-liberta-dinformazione-solidarieta-al-giornalista-antonio-della-rocca-per-le-minacce-subite-per-il-servizio-sulla-movida-salentina\\\/#breadcrumb\"},\"inLanguage\":\"fr-FR\",\"potentialAction\":[{\"@type\":\"ReadAction\",\"target\":[\"https:\\\/\\\/www.bellunopress.it\\\/2020\\\/08\\\/06\\\/nessuno-tocchi-la-liberta-dinformazione-solidarieta-al-giornalista-antonio-della-rocca-per-le-minacce-subite-per-il-servizio-sulla-movida-salentina\\\/\"]}]},{\"@type\":\"ImageObject\",\"inLanguage\":\"fr-FR\",\"@id\":\"https:\\\/\\\/www.bellunopress.it\\\/2020\\\/08\\\/06\\\/nessuno-tocchi-la-liberta-dinformazione-solidarieta-al-giornalista-antonio-della-rocca-per-le-minacce-subite-per-il-servizio-sulla-movida-salentina\\\/#primaryimage\",\"url\":\"https:\\\/\\\/www.bellunopress.it\\\/wp-content\\\/uploads\\\/2020\\\/08\\\/bavaglio-alla-stampa_edited.jpg\",\"contentUrl\":\"https:\\\/\\\/www.bellunopress.it\\\/wp-content\\\/uploads\\\/2020\\\/08\\\/bavaglio-alla-stampa_edited.jpg\",\"width\":479,\"height\":800},{\"@type\":\"BreadcrumbList\",\"@id\":\"https:\\\/\\\/www.bellunopress.it\\\/2020\\\/08\\\/06\\\/nessuno-tocchi-la-liberta-dinformazione-solidarieta-al-giornalista-antonio-della-rocca-per-le-minacce-subite-per-il-servizio-sulla-movida-salentina\\\/#breadcrumb\",\"itemListElement\":[{\"@type\":\"ListItem\",\"position\":1,\"name\":\"Home\",\"item\":\"https:\\\/\\\/www.bellunopress.it\\\/\"},{\"@type\":\"ListItem\",\"position\":2,\"name\":\"Nessuno tocchi la libert\u00e0 d\u2019informazione. Solidariet\u00e0 al giornalista Antonio Della Rocca per le minacce subite per il servizio sulla movida salentina\"}]},{\"@type\":\"WebSite\",\"@id\":\"https:\\\/\\\/www.bellunopress.it\\\/#website\",\"url\":\"https:\\\/\\\/www.bellunopress.it\\\/\",\"name\":\"Bellunopress - Dolomiti\",\"description\":\"e-mail: redazione@bellunopress.it\",\"publisher\":{\"@id\":\"https:\\\/\\\/www.bellunopress.it\\\/#organization\"},\"potentialAction\":[{\"@type\":\"SearchAction\",\"target\":{\"@type\":\"EntryPoint\",\"urlTemplate\":\"https:\\\/\\\/www.bellunopress.it\\\/?s={search_term_string}\"},\"query-input\":{\"@type\":\"PropertyValueSpecification\",\"valueRequired\":true,\"valueName\":\"search_term_string\"}}],\"inLanguage\":\"fr-FR\"},{\"@type\":\"Organization\",\"@id\":\"https:\\\/\\\/www.bellunopress.it\\\/#organization\",\"name\":\"Bellunopress\",\"url\":\"https:\\\/\\\/www.bellunopress.it\\\/\",\"logo\":{\"@type\":\"ImageObject\",\"inLanguage\":\"fr-FR\",\"@id\":\"https:\\\/\\\/www.bellunopress.it\\\/#\\\/schema\\\/logo\\\/image\\\/\",\"url\":\"https:\\\/\\\/www.bellunopress.it\\\/wp-content\\\/uploads\\\/2011\\\/05\\\/cropped-logo-bellunopress-.jpg\",\"contentUrl\":\"https:\\\/\\\/www.bellunopress.it\\\/wp-content\\\/uploads\\\/2011\\\/05\\\/cropped-logo-bellunopress-.jpg\",\"width\":512,\"height\":512,\"caption\":\"Bellunopress\"},\"image\":{\"@id\":\"https:\\\/\\\/www.bellunopress.it\\\/#\\\/schema\\\/logo\\\/image\\\/\"},\"sameAs\":[\"https:\\\/\\\/www.facebook.com\\\/profile.php?id=100008943462799\",\"https:\\\/\\\/x.com\\\/bellunopress\",\"https:\\\/\\\/www.linkedin.com\\\/hp\\\/?dnr=JBzUWaJfMUw8vbXJJ2tVW5-I3jZKvC4wsoxE&amp;amp;amp;amp;amp;amp;trk=nav_responsive_tab_home\",\"https:\\\/\\\/www.youtube.com\\\/channel\\\/UCxL0wu1uN0_3_7hGG0306cw\"]},{\"@type\":\"Person\",\"@id\":\"https:\\\/\\\/www.bellunopress.it\\\/#\\\/schema\\\/person\\\/79bb06722b37ece1c03d3e94beb30d73\",\"name\":\"redazione\",\"image\":{\"@type\":\"ImageObject\",\"inLanguage\":\"fr-FR\",\"@id\":\"https:\\\/\\\/secure.gravatar.com\\\/avatar\\\/37d968a2e67a6fd04c169c4bdef102d0bc5d31b2546345219e348575eb80e9a0?s=96&d=mm&r=g\",\"url\":\"https:\\\/\\\/secure.gravatar.com\\\/avatar\\\/37d968a2e67a6fd04c169c4bdef102d0bc5d31b2546345219e348575eb80e9a0?s=96&d=mm&r=g\",\"contentUrl\":\"https:\\\/\\\/secure.gravatar.com\\\/avatar\\\/37d968a2e67a6fd04c169c4bdef102d0bc5d31b2546345219e348575eb80e9a0?s=96&d=mm&r=g\",\"caption\":\"redazione\"},\"sameAs\":[\"http:\\\/\\\/www.bellunopress.it\",\"https:\\\/\\\/x.com\\\/bellunopress\"],\"url\":\"https:\\\/\\\/www.bellunopress.it\\\/fr\\\/author\\\/redazione\\\/\"}]}<\/script>\n<!-- \/ Yoast SEO plugin. -->","yoast_head_json":{"title":"Nessuno tocchi la libert\u00e0 d\u2019informazione. Solidariet\u00e0 al giornalista Antonio Della Rocca per le minacce subite per il servizio sulla movida salentina - Bellunopress - Dolomiti","robots":{"index":"index","follow":"follow","max-snippet":"max-snippet:-1","max-image-preview":"max-image-preview:large","max-video-preview":"max-video-preview:-1"},"canonical":"https:\/\/www.bellunopress.it\/fr\/2020\/08\/06\/nessuno-tocchi-la-liberta-dinformazione-solidarieta-al-giornalista-antonio-della-rocca-per-le-minacce-subite-per-il-servizio-sulla-movida-salentina\/","og_locale":"fr_FR","og_type":"article","og_title":"Nessuno tocchi la libert\u00e0 d\u2019informazione. Solidariet\u00e0 al giornalista Antonio Della Rocca per le minacce subite per il servizio sulla movida salentina - Bellunopress - Dolomiti","og_description":"Fare informazione e svolgere \u201cserenamente\u201d il lavoro di cronista sta diventando sempre pi\u00f9 un eufemismo. Ne sa qualcosa Antonio Della Rocca, giornalista del Corriere del Mezzogiorno, \u201creo\u201d di aver provato a raccontare la movida salentina ed il degrado urbano e solo per questo minacciato e pedinato per aver svolto il proprio lavoro e, dunque, costretto [&hellip;]","og_url":"https:\/\/www.bellunopress.it\/fr\/2020\/08\/06\/nessuno-tocchi-la-liberta-dinformazione-solidarieta-al-giornalista-antonio-della-rocca-per-le-minacce-subite-per-il-servizio-sulla-movida-salentina\/","og_site_name":"Bellunopress - Dolomiti","article_publisher":"https:\/\/www.facebook.com\/profile.php?id=100008943462799","article_published_time":"2020-08-06T10:44:31+00:00","article_modified_time":"2020-08-06T10:44:32+00:00","og_image":[{"width":479,"height":800,"url":"https:\/\/www.bellunopress.it\/wp-content\/uploads\/2020\/08\/bavaglio-alla-stampa_edited.jpg","type":"image\/jpeg"}],"author":"redazione","twitter_card":"summary_large_image","twitter_creator":"@bellunopress","twitter_site":"@bellunopress","twitter_misc":{"\u00c9crit par":"redazione","Dur\u00e9e de lecture estim\u00e9e":"1 minute"},"schema":{"@context":"https:\/\/schema.org","@graph":[{"@type":"Article","@id":"https:\/\/www.bellunopress.it\/2020\/08\/06\/nessuno-tocchi-la-liberta-dinformazione-solidarieta-al-giornalista-antonio-della-rocca-per-le-minacce-subite-per-il-servizio-sulla-movida-salentina\/#article","isPartOf":{"@id":"https:\/\/www.bellunopress.it\/2020\/08\/06\/nessuno-tocchi-la-liberta-dinformazione-solidarieta-al-giornalista-antonio-della-rocca-per-le-minacce-subite-per-il-servizio-sulla-movida-salentina\/"},"author":{"name":"redazione","@id":"https:\/\/www.bellunopress.it\/#\/schema\/person\/79bb06722b37ece1c03d3e94beb30d73"},"headline":"Nessuno tocchi la libert\u00e0 d\u2019informazione. Solidariet\u00e0 al giornalista Antonio Della Rocca per le minacce subite per il servizio sulla movida salentina","datePublished":"2020-08-06T10:44:31+00:00","dateModified":"2020-08-06T10:44:32+00:00","mainEntityOfPage":{"@id":"https:\/\/www.bellunopress.it\/2020\/08\/06\/nessuno-tocchi-la-liberta-dinformazione-solidarieta-al-giornalista-antonio-della-rocca-per-le-minacce-subite-per-il-servizio-sulla-movida-salentina\/"},"wordCount":162,"publisher":{"@id":"https:\/\/www.bellunopress.it\/#organization"},"image":{"@id":"https:\/\/www.bellunopress.it\/2020\/08\/06\/nessuno-tocchi-la-liberta-dinformazione-solidarieta-al-giornalista-antonio-della-rocca-per-le-minacce-subite-per-il-servizio-sulla-movida-salentina\/#primaryimage"},"thumbnailUrl":"https:\/\/www.bellunopress.it\/wp-content\/uploads\/2020\/08\/bavaglio-alla-stampa_edited.jpg","articleSection":["Cronaca\/Politica","Prima Pagina"],"inLanguage":"fr-FR"},{"@type":"WebPage","@id":"https:\/\/www.bellunopress.it\/2020\/08\/06\/nessuno-tocchi-la-liberta-dinformazione-solidarieta-al-giornalista-antonio-della-rocca-per-le-minacce-subite-per-il-servizio-sulla-movida-salentina\/","url":"https:\/\/www.bellunopress.it\/2020\/08\/06\/nessuno-tocchi-la-liberta-dinformazione-solidarieta-al-giornalista-antonio-della-rocca-per-le-minacce-subite-per-il-servizio-sulla-movida-salentina\/","name":"Nessuno tocchi la libert\u00e0 d\u2019informazione. Solidariet\u00e0 al giornalista Antonio Della Rocca per le minacce subite per il servizio sulla movida salentina - Bellunopress - Dolomiti","isPartOf":{"@id":"https:\/\/www.bellunopress.it\/#website"},"primaryImageOfPage":{"@id":"https:\/\/www.bellunopress.it\/2020\/08\/06\/nessuno-tocchi-la-liberta-dinformazione-solidarieta-al-giornalista-antonio-della-rocca-per-le-minacce-subite-per-il-servizio-sulla-movida-salentina\/#primaryimage"},"image":{"@id":"https:\/\/www.bellunopress.it\/2020\/08\/06\/nessuno-tocchi-la-liberta-dinformazione-solidarieta-al-giornalista-antonio-della-rocca-per-le-minacce-subite-per-il-servizio-sulla-movida-salentina\/#primaryimage"},"thumbnailUrl":"https:\/\/www.bellunopress.it\/wp-content\/uploads\/2020\/08\/bavaglio-alla-stampa_edited.jpg","datePublished":"2020-08-06T10:44:31+00:00","dateModified":"2020-08-06T10:44:32+00:00","breadcrumb":{"@id":"https:\/\/www.bellunopress.it\/2020\/08\/06\/nessuno-tocchi-la-liberta-dinformazione-solidarieta-al-giornalista-antonio-della-rocca-per-le-minacce-subite-per-il-servizio-sulla-movida-salentina\/#breadcrumb"},"inLanguage":"fr-FR","potentialAction":[{"@type":"ReadAction","target":["https:\/\/www.bellunopress.it\/2020\/08\/06\/nessuno-tocchi-la-liberta-dinformazione-solidarieta-al-giornalista-antonio-della-rocca-per-le-minacce-subite-per-il-servizio-sulla-movida-salentina\/"]}]},{"@type":"ImageObject","inLanguage":"fr-FR","@id":"https:\/\/www.bellunopress.it\/2020\/08\/06\/nessuno-tocchi-la-liberta-dinformazione-solidarieta-al-giornalista-antonio-della-rocca-per-le-minacce-subite-per-il-servizio-sulla-movida-salentina\/#primaryimage","url":"https:\/\/www.bellunopress.it\/wp-content\/uploads\/2020\/08\/bavaglio-alla-stampa_edited.jpg","contentUrl":"https:\/\/www.bellunopress.it\/wp-content\/uploads\/2020\/08\/bavaglio-alla-stampa_edited.jpg","width":479,"height":800},{"@type":"BreadcrumbList","@id":"https:\/\/www.bellunopress.it\/2020\/08\/06\/nessuno-tocchi-la-liberta-dinformazione-solidarieta-al-giornalista-antonio-della-rocca-per-le-minacce-subite-per-il-servizio-sulla-movida-salentina\/#breadcrumb","itemListElement":[{"@type":"ListItem","position":1,"name":"Home","item":"https:\/\/www.bellunopress.it\/"},{"@type":"ListItem","position":2,"name":"Nessuno tocchi la libert\u00e0 d\u2019informazione. Solidariet\u00e0 al giornalista Antonio Della Rocca per le minacce subite per il servizio sulla movida salentina"}]},{"@type":"WebSite","@id":"https:\/\/www.bellunopress.it\/#website","url":"https:\/\/www.bellunopress.it\/","name":"Bellunopress - Dolomiti","description":"e-mail: redazione@bellunopress.it","publisher":{"@id":"https:\/\/www.bellunopress.it\/#organization"},"potentialAction":[{"@type":"SearchAction","target":{"@type":"EntryPoint","urlTemplate":"https:\/\/www.bellunopress.it\/?s={search_term_string}"},"query-input":{"@type":"PropertyValueSpecification","valueRequired":true,"valueName":"search_term_string"}}],"inLanguage":"fr-FR"},{"@type":"Organization","@id":"https:\/\/www.bellunopress.it\/#organization","name":"Bellunopress","url":"https:\/\/www.bellunopress.it\/","logo":{"@type":"ImageObject","inLanguage":"fr-FR","@id":"https:\/\/www.bellunopress.it\/#\/schema\/logo\/image\/","url":"https:\/\/www.bellunopress.it\/wp-content\/uploads\/2011\/05\/cropped-logo-bellunopress-.jpg","contentUrl":"https:\/\/www.bellunopress.it\/wp-content\/uploads\/2011\/05\/cropped-logo-bellunopress-.jpg","width":512,"height":512,"caption":"Bellunopress"},"image":{"@id":"https:\/\/www.bellunopress.it\/#\/schema\/logo\/image\/"},"sameAs":["https:\/\/www.facebook.com\/profile.php?id=100008943462799","https:\/\/x.com\/bellunopress","https:\/\/www.linkedin.com\/hp\/?dnr=JBzUWaJfMUw8vbXJJ2tVW5-I3jZKvC4wsoxE&amp;amp;amp;amp;amp;amp;trk=nav_responsive_tab_home","https:\/\/www.youtube.com\/channel\/UCxL0wu1uN0_3_7hGG0306cw"]},{"@type":"Person","@id":"https:\/\/www.bellunopress.it\/#\/schema\/person\/79bb06722b37ece1c03d3e94beb30d73","name":"r\u00e9daction","image":{"@type":"ImageObject","inLanguage":"fr-FR","@id":"https:\/\/secure.gravatar.com\/avatar\/37d968a2e67a6fd04c169c4bdef102d0bc5d31b2546345219e348575eb80e9a0?s=96&d=mm&r=g","url":"https:\/\/secure.gravatar.com\/avatar\/37d968a2e67a6fd04c169c4bdef102d0bc5d31b2546345219e348575eb80e9a0?s=96&d=mm&r=g","contentUrl":"https:\/\/secure.gravatar.com\/avatar\/37d968a2e67a6fd04c169c4bdef102d0bc5d31b2546345219e348575eb80e9a0?s=96&d=mm&r=g","caption":"redazione"},"sameAs":["http:\/\/www.bellunopress.it","https:\/\/x.com\/bellunopress"],"url":"https:\/\/www.bellunopress.it\/fr\/author\/redazione\/"}]}},"_links":{"self":[{"href":"https:\/\/www.bellunopress.it\/fr\/wp-json\/wp\/v2\/posts\/116432","targetHints":{"allow":["GET"]}}],"collection":[{"href":"https:\/\/www.bellunopress.it\/fr\/wp-json\/wp\/v2\/posts"}],"about":[{"href":"https:\/\/www.bellunopress.it\/fr\/wp-json\/wp\/v2\/types\/post"}],"author":[{"embeddable":true,"href":"https:\/\/www.bellunopress.it\/fr\/wp-json\/wp\/v2\/users\/2"}],"replies":[{"embeddable":true,"href":"https:\/\/www.bellunopress.it\/fr\/wp-json\/wp\/v2\/comments?post=116432"}],"version-history":[{"count":2,"href":"https:\/\/www.bellunopress.it\/fr\/wp-json\/wp\/v2\/posts\/116432\/revisions"}],"predecessor-version":[{"id":116435,"href":"https:\/\/www.bellunopress.it\/fr\/wp-json\/wp\/v2\/posts\/116432\/revisions\/116435"}],"wp:featuredmedia":[{"embeddable":true,"href":"https:\/\/www.bellunopress.it\/fr\/wp-json\/wp\/v2\/media\/116433"}],"wp:attachment":[{"href":"https:\/\/www.bellunopress.it\/fr\/wp-json\/wp\/v2\/media?parent=116432"}],"wp:term":[{"taxonomy":"category","embeddable":true,"href":"https:\/\/www.bellunopress.it\/fr\/wp-json\/wp\/v2\/categories?post=116432"},{"taxonomy":"post_tag","embeddable":true,"href":"https:\/\/www.bellunopress.it\/fr\/wp-json\/wp\/v2\/tags?post=116432"}],"curies":[{"name":"wp","href":"https:\/\/api.w.org\/{rel}","templated":true}]}}