{"id":116373,"date":"2020-08-04T14:19:45","date_gmt":"2020-08-04T12:19:45","guid":{"rendered":"http:\/\/www.bellunopress.it\/?p=116373"},"modified":"2020-08-04T14:19:47","modified_gmt":"2020-08-04T12:19:47","slug":"belluno-messa-in-sicurezza-di-via-tiziano-vecellio-aggiudicato-il-contributo-regionale","status":"publish","type":"post","link":"https:\/\/www.bellunopress.it\/fr\/2020\/08\/04\/belluno-messa-in-sicurezza-di-via-tiziano-vecellio-aggiudicato-il-contributo-regionale\/","title":{"rendered":"Belluno, messa in sicurezza di Via Tiziano Vecellio: aggiudicato il contributo regionale"},"content":{"rendered":"<figure id=\"attachment_116374\" aria-describedby=\"caption-attachment-116374\" style=\"width: 800px\" class=\"wp-caption alignleft\"><a href=\"http:\/\/www.bellunopress.it\/fr\/2020\/08\/04\/belluno-messa-in-sicurezza-di-via-tiziano-vecellio-aggiudicato-il-contributo-regionale\/via-tiziano-vecellio_edited\/\" rel=\"attachment wp-att-116374\"><img loading=\"lazy\" decoding=\"async\" class=\"size-full wp-image-116374\" src=\"http:\/\/www.bellunopress.it\/wp-content\/uploads\/2020\/08\/via-Tiziano-Vecellio_edited.jpg\" alt=\"\" width=\"800\" height=\"600\" srcset=\"https:\/\/www.bellunopress.it\/wp-content\/uploads\/2020\/08\/via-Tiziano-Vecellio_edited.jpg 800w, https:\/\/www.bellunopress.it\/wp-content\/uploads\/2020\/08\/via-Tiziano-Vecellio_edited-500x375.jpg 500w, https:\/\/www.bellunopress.it\/wp-content\/uploads\/2020\/08\/via-Tiziano-Vecellio_edited-696x522.jpg 696w, https:\/\/www.bellunopress.it\/wp-content\/uploads\/2020\/08\/via-Tiziano-Vecellio_edited-560x420.jpg 560w, https:\/\/www.bellunopress.it\/wp-content\/uploads\/2020\/08\/via-Tiziano-Vecellio_edited-80x60.jpg 80w, https:\/\/www.bellunopress.it\/wp-content\/uploads\/2020\/08\/via-Tiziano-Vecellio_edited-265x198.jpg 265w\" sizes=\"auto, (max-width: 800px) 100vw, 800px\" \/><\/a><figcaption id=\"caption-attachment-116374\" class=\"wp-caption-text\">Belluno, via Tiziano Vecellio<\/figcaption><\/figure>\n<p>Il progetto di messa in sicurezza di Via Tiziano Vecellio presentato dal Comune di Belluno lo scorso marzo ha ottenuto il contributo dalla Regione Veneto grazie al nono posto \u2013 sui 300 progetti presentati &#8211; ottenuto nella graduatoria del bando 2020 dedicato alle \u201ciniziative a favore della mobilit\u00e0 e della sicurezza stradale\u201d.<\/p>\n<p>La notizia, inizialmente attesa per met\u00e0 giugno e poi inevitabilmente slittata di qualche settimana a causa dell&#8217;emergenza Covid-19, \u00e8 arrivata in questi giorni a Palazzo Rosso.<br \/>\n600mila euro il costo dell&#8217;intero intervento: 270mila euro il contributo in arrivo da Venezia, 330mila gli euro che saranno messi a disposizione dal Comune di Belluno.<br \/>\nIl progetto, dal nome \u201cAmmodernamento della viabilit\u00e0 e realizzazione di una pista pedonale lungo Via Tiziano Vecellio\u201d, prevede la realizzazione di opere di sicurezza e di un marciapiede che sorger\u00e0 sul lato sinistro della strada procedendo in direzione Ponte nelle Alpi tra la rotatoria di Nogar\u00e8 e la prima laterale dopo Via Masi Simonetti.<\/p>\n<p>Per quanto riguarda le tempistiche, ora dovr\u00e0 essere siglato un accordo di programma con la Regione; da quel momento scatteranno i 18 mesi richiesti dal bando per l&#8217;avvio della procedura pubblica per l\u2019affidamento dei lavori.<br \/>\nSoddisfazione da parte dell&#8217;amministrazione comunale e in particolare dell&#8217;assessore ai lavori pubblici per l&#8217;esito del bando che porter\u00e0 alla realizzazione di un intervento, richiesto dagli stessi cittadini e residenti, che andr\u00e0 a migliorare sensibilmente la sicurezza di una strada caratterizzata purtroppo anche da un&#8217;alta incidentalit\u00e0.<\/p>","protected":false},"excerpt":{"rendered":"<p>Il progetto di messa in sicurezza di Via Tiziano Vecellio presentato dal Comune di Belluno lo scorso marzo ha ottenuto il contributo dalla Regione Veneto grazie al nono posto \u2013 sui 300 progetti presentati &#8211; ottenuto nella graduatoria del bando 2020 dedicato alle \u201ciniziative a favore della mobilit\u00e0 e della sicurezza stradale\u201d. La notizia, inizialmente [&hellip;]<\/p>\n","protected":false},"author":2,"featured_media":116374,"comment_status":"closed","ping_status":"open","sticky":false,"template":"","format":"standard","meta":{"footnotes":""},"categories":[26,8],"tags":[],"class_list":["post-116373","post","type-post","status-publish","format-standard","has-post-thumbnail","category-prima-pagina","category-societa-istituzioni"],"yoast_head":"<!-- This site is optimized with the Yoast SEO plugin v28.4 - https:\/\/yoast.com\/product\/yoast-seo-wordpress\/ -->\n<title>Belluno, messa in sicurezza di Via Tiziano Vecellio: aggiudicato il contributo regionale - Bellunopress - Dolomiti<\/title>\n<meta name=\"robots\" content=\"index, follow, max-snippet:-1, max-image-preview:large, max-video-preview:-1\" \/>\n<link rel=\"canonical\" href=\"https:\/\/www.bellunopress.it\/fr\/2020\/08\/04\/belluno-messa-in-sicurezza-di-via-tiziano-vecellio-aggiudicato-il-contributo-regionale\/\" \/>\n<meta property=\"og:locale\" content=\"fr_FR\" \/>\n<meta property=\"og:type\" content=\"article\" \/>\n<meta property=\"og:title\" content=\"Belluno, messa in sicurezza di Via Tiziano Vecellio: aggiudicato il contributo regionale - Bellunopress - Dolomiti\" \/>\n<meta property=\"og:description\" content=\"Il progetto di messa in sicurezza di Via Tiziano Vecellio presentato dal Comune di Belluno lo scorso marzo ha ottenuto il contributo dalla Regione Veneto grazie al nono posto \u2013 sui 300 progetti presentati &#8211; ottenuto nella graduatoria del bando 2020 dedicato alle \u201ciniziative a favore della mobilit\u00e0 e della sicurezza stradale\u201d. La notizia, inizialmente [&hellip;]\" \/>\n<meta property=\"og:url\" content=\"https:\/\/www.bellunopress.it\/fr\/2020\/08\/04\/belluno-messa-in-sicurezza-di-via-tiziano-vecellio-aggiudicato-il-contributo-regionale\/\" \/>\n<meta property=\"og:site_name\" content=\"Bellunopress - Dolomiti\" \/>\n<meta property=\"article:publisher\" content=\"https:\/\/www.facebook.com\/profile.php?id=100008943462799\" \/>\n<meta property=\"article:published_time\" content=\"2020-08-04T12:19:45+00:00\" \/>\n<meta property=\"article:modified_time\" content=\"2020-08-04T12:19:47+00:00\" \/>\n<meta property=\"og:image\" content=\"https:\/\/www.bellunopress.it\/wp-content\/uploads\/2020\/08\/via-Tiziano-Vecellio_edited.jpg\" \/>\n\t<meta property=\"og:image:width\" content=\"800\" \/>\n\t<meta property=\"og:image:height\" content=\"600\" \/>\n\t<meta property=\"og:image:type\" content=\"image\/jpeg\" \/>\n<meta name=\"author\" content=\"redazione\" \/>\n<meta name=\"twitter:card\" content=\"summary_large_image\" \/>\n<meta name=\"twitter:creator\" content=\"@bellunopress\" \/>\n<meta name=\"twitter:site\" content=\"@bellunopress\" \/>\n<meta name=\"twitter:label1\" content=\"\u00c9crit par\" \/>\n\t<meta name=\"twitter:data1\" content=\"redazione\" \/>\n\t<meta name=\"twitter:label2\" content=\"Dur\u00e9e de lecture estim\u00e9e\" \/>\n\t<meta name=\"twitter:data2\" content=\"1 minute\" \/>\n<script type=\"application\/ld+json\" class=\"yoast-schema-graph\">{\"@context\":\"https:\\\/\\\/schema.org\",\"@graph\":[{\"@type\":\"Article\",\"@id\":\"https:\\\/\\\/www.bellunopress.it\\\/2020\\\/08\\\/04\\\/belluno-messa-in-sicurezza-di-via-tiziano-vecellio-aggiudicato-il-contributo-regionale\\\/#article\",\"isPartOf\":{\"@id\":\"https:\\\/\\\/www.bellunopress.it\\\/2020\\\/08\\\/04\\\/belluno-messa-in-sicurezza-di-via-tiziano-vecellio-aggiudicato-il-contributo-regionale\\\/\"},\"author\":{\"name\":\"redazione\",\"@id\":\"https:\\\/\\\/www.bellunopress.it\\\/#\\\/schema\\\/person\\\/79bb06722b37ece1c03d3e94beb30d73\"},\"headline\":\"Belluno, messa in sicurezza di Via Tiziano Vecellio: aggiudicato il contributo regionale\",\"datePublished\":\"2020-08-04T12:19:45+00:00\",\"dateModified\":\"2020-08-04T12:19:47+00:00\",\"mainEntityOfPage\":{\"@id\":\"https:\\\/\\\/www.bellunopress.it\\\/2020\\\/08\\\/04\\\/belluno-messa-in-sicurezza-di-via-tiziano-vecellio-aggiudicato-il-contributo-regionale\\\/\"},\"wordCount\":264,\"publisher\":{\"@id\":\"https:\\\/\\\/www.bellunopress.it\\\/#organization\"},\"image\":{\"@id\":\"https:\\\/\\\/www.bellunopress.it\\\/2020\\\/08\\\/04\\\/belluno-messa-in-sicurezza-di-via-tiziano-vecellio-aggiudicato-il-contributo-regionale\\\/#primaryimage\"},\"thumbnailUrl\":\"https:\\\/\\\/www.bellunopress.it\\\/wp-content\\\/uploads\\\/2020\\\/08\\\/via-Tiziano-Vecellio_edited.jpg\",\"articleSection\":[\"Prima Pagina\",\"Societ\u00e0, Associazioni, Istituzioni\"],\"inLanguage\":\"fr-FR\"},{\"@type\":\"WebPage\",\"@id\":\"https:\\\/\\\/www.bellunopress.it\\\/2020\\\/08\\\/04\\\/belluno-messa-in-sicurezza-di-via-tiziano-vecellio-aggiudicato-il-contributo-regionale\\\/\",\"url\":\"https:\\\/\\\/www.bellunopress.it\\\/2020\\\/08\\\/04\\\/belluno-messa-in-sicurezza-di-via-tiziano-vecellio-aggiudicato-il-contributo-regionale\\\/\",\"name\":\"Belluno, messa in sicurezza di Via Tiziano Vecellio: aggiudicato il contributo regionale - Bellunopress - Dolomiti\",\"isPartOf\":{\"@id\":\"https:\\\/\\\/www.bellunopress.it\\\/#website\"},\"primaryImageOfPage\":{\"@id\":\"https:\\\/\\\/www.bellunopress.it\\\/2020\\\/08\\\/04\\\/belluno-messa-in-sicurezza-di-via-tiziano-vecellio-aggiudicato-il-contributo-regionale\\\/#primaryimage\"},\"image\":{\"@id\":\"https:\\\/\\\/www.bellunopress.it\\\/2020\\\/08\\\/04\\\/belluno-messa-in-sicurezza-di-via-tiziano-vecellio-aggiudicato-il-contributo-regionale\\\/#primaryimage\"},\"thumbnailUrl\":\"https:\\\/\\\/www.bellunopress.it\\\/wp-content\\\/uploads\\\/2020\\\/08\\\/via-Tiziano-Vecellio_edited.jpg\",\"datePublished\":\"2020-08-04T12:19:45+00:00\",\"dateModified\":\"2020-08-04T12:19:47+00:00\",\"breadcrumb\":{\"@id\":\"https:\\\/\\\/www.bellunopress.it\\\/2020\\\/08\\\/04\\\/belluno-messa-in-sicurezza-di-via-tiziano-vecellio-aggiudicato-il-contributo-regionale\\\/#breadcrumb\"},\"inLanguage\":\"fr-FR\",\"potentialAction\":[{\"@type\":\"ReadAction\",\"target\":[\"https:\\\/\\\/www.bellunopress.it\\\/2020\\\/08\\\/04\\\/belluno-messa-in-sicurezza-di-via-tiziano-vecellio-aggiudicato-il-contributo-regionale\\\/\"]}]},{\"@type\":\"ImageObject\",\"inLanguage\":\"fr-FR\",\"@id\":\"https:\\\/\\\/www.bellunopress.it\\\/2020\\\/08\\\/04\\\/belluno-messa-in-sicurezza-di-via-tiziano-vecellio-aggiudicato-il-contributo-regionale\\\/#primaryimage\",\"url\":\"https:\\\/\\\/www.bellunopress.it\\\/wp-content\\\/uploads\\\/2020\\\/08\\\/via-Tiziano-Vecellio_edited.jpg\",\"contentUrl\":\"https:\\\/\\\/www.bellunopress.it\\\/wp-content\\\/uploads\\\/2020\\\/08\\\/via-Tiziano-Vecellio_edited.jpg\",\"width\":800,\"height\":600,\"caption\":\"Belluno, via Tiziano Vecellio\"},{\"@type\":\"BreadcrumbList\",\"@id\":\"https:\\\/\\\/www.bellunopress.it\\\/2020\\\/08\\\/04\\\/belluno-messa-in-sicurezza-di-via-tiziano-vecellio-aggiudicato-il-contributo-regionale\\\/#breadcrumb\",\"itemListElement\":[{\"@type\":\"ListItem\",\"position\":1,\"name\":\"Home\",\"item\":\"https:\\\/\\\/www.bellunopress.it\\\/\"},{\"@type\":\"ListItem\",\"position\":2,\"name\":\"Belluno, messa in sicurezza di Via Tiziano Vecellio: aggiudicato il contributo regionale\"}]},{\"@type\":\"WebSite\",\"@id\":\"https:\\\/\\\/www.bellunopress.it\\\/#website\",\"url\":\"https:\\\/\\\/www.bellunopress.it\\\/\",\"name\":\"Bellunopress - Dolomiti\",\"description\":\"e-mail: redazione@bellunopress.it\",\"publisher\":{\"@id\":\"https:\\\/\\\/www.bellunopress.it\\\/#organization\"},\"potentialAction\":[{\"@type\":\"SearchAction\",\"target\":{\"@type\":\"EntryPoint\",\"urlTemplate\":\"https:\\\/\\\/www.bellunopress.it\\\/?s={search_term_string}\"},\"query-input\":{\"@type\":\"PropertyValueSpecification\",\"valueRequired\":true,\"valueName\":\"search_term_string\"}}],\"inLanguage\":\"fr-FR\"},{\"@type\":\"Organization\",\"@id\":\"https:\\\/\\\/www.bellunopress.it\\\/#organization\",\"name\":\"Bellunopress\",\"url\":\"https:\\\/\\\/www.bellunopress.it\\\/\",\"logo\":{\"@type\":\"ImageObject\",\"inLanguage\":\"fr-FR\",\"@id\":\"https:\\\/\\\/www.bellunopress.it\\\/#\\\/schema\\\/logo\\\/image\\\/\",\"url\":\"https:\\\/\\\/www.bellunopress.it\\\/wp-content\\\/uploads\\\/2011\\\/05\\\/cropped-logo-bellunopress-.jpg\",\"contentUrl\":\"https:\\\/\\\/www.bellunopress.it\\\/wp-content\\\/uploads\\\/2011\\\/05\\\/cropped-logo-bellunopress-.jpg\",\"width\":512,\"height\":512,\"caption\":\"Bellunopress\"},\"image\":{\"@id\":\"https:\\\/\\\/www.bellunopress.it\\\/#\\\/schema\\\/logo\\\/image\\\/\"},\"sameAs\":[\"https:\\\/\\\/www.facebook.com\\\/profile.php?id=100008943462799\",\"https:\\\/\\\/x.com\\\/bellunopress\",\"https:\\\/\\\/www.linkedin.com\\\/hp\\\/?dnr=JBzUWaJfMUw8vbXJJ2tVW5-I3jZKvC4wsoxE&amp;amp;amp;amp;amp;amp;trk=nav_responsive_tab_home\",\"https:\\\/\\\/www.youtube.com\\\/channel\\\/UCxL0wu1uN0_3_7hGG0306cw\"]},{\"@type\":\"Person\",\"@id\":\"https:\\\/\\\/www.bellunopress.it\\\/#\\\/schema\\\/person\\\/79bb06722b37ece1c03d3e94beb30d73\",\"name\":\"redazione\",\"image\":{\"@type\":\"ImageObject\",\"inLanguage\":\"fr-FR\",\"@id\":\"https:\\\/\\\/secure.gravatar.com\\\/avatar\\\/37d968a2e67a6fd04c169c4bdef102d0bc5d31b2546345219e348575eb80e9a0?s=96&d=mm&r=g\",\"url\":\"https:\\\/\\\/secure.gravatar.com\\\/avatar\\\/37d968a2e67a6fd04c169c4bdef102d0bc5d31b2546345219e348575eb80e9a0?s=96&d=mm&r=g\",\"contentUrl\":\"https:\\\/\\\/secure.gravatar.com\\\/avatar\\\/37d968a2e67a6fd04c169c4bdef102d0bc5d31b2546345219e348575eb80e9a0?s=96&d=mm&r=g\",\"caption\":\"redazione\"},\"sameAs\":[\"http:\\\/\\\/www.bellunopress.it\",\"https:\\\/\\\/x.com\\\/bellunopress\"],\"url\":\"https:\\\/\\\/www.bellunopress.it\\\/fr\\\/author\\\/redazione\\\/\"}]}<\/script>\n<!-- \/ Yoast SEO plugin. -->","yoast_head_json":{"title":"Belluno, messa in sicurezza di Via Tiziano Vecellio: aggiudicato il contributo regionale - Bellunopress - Dolomiti","robots":{"index":"index","follow":"follow","max-snippet":"max-snippet:-1","max-image-preview":"max-image-preview:large","max-video-preview":"max-video-preview:-1"},"canonical":"https:\/\/www.bellunopress.it\/fr\/2020\/08\/04\/belluno-messa-in-sicurezza-di-via-tiziano-vecellio-aggiudicato-il-contributo-regionale\/","og_locale":"fr_FR","og_type":"article","og_title":"Belluno, messa in sicurezza di Via Tiziano Vecellio: aggiudicato il contributo regionale - Bellunopress - Dolomiti","og_description":"Il progetto di messa in sicurezza di Via Tiziano Vecellio presentato dal Comune di Belluno lo scorso marzo ha ottenuto il contributo dalla Regione Veneto grazie al nono posto \u2013 sui 300 progetti presentati &#8211; ottenuto nella graduatoria del bando 2020 dedicato alle \u201ciniziative a favore della mobilit\u00e0 e della sicurezza stradale\u201d. La notizia, inizialmente [&hellip;]","og_url":"https:\/\/www.bellunopress.it\/fr\/2020\/08\/04\/belluno-messa-in-sicurezza-di-via-tiziano-vecellio-aggiudicato-il-contributo-regionale\/","og_site_name":"Bellunopress - Dolomiti","article_publisher":"https:\/\/www.facebook.com\/profile.php?id=100008943462799","article_published_time":"2020-08-04T12:19:45+00:00","article_modified_time":"2020-08-04T12:19:47+00:00","og_image":[{"width":800,"height":600,"url":"https:\/\/www.bellunopress.it\/wp-content\/uploads\/2020\/08\/via-Tiziano-Vecellio_edited.jpg","type":"image\/jpeg"}],"author":"redazione","twitter_card":"summary_large_image","twitter_creator":"@bellunopress","twitter_site":"@bellunopress","twitter_misc":{"\u00c9crit par":"redazione","Dur\u00e9e de lecture estim\u00e9e":"1 minute"},"schema":{"@context":"https:\/\/schema.org","@graph":[{"@type":"Article","@id":"https:\/\/www.bellunopress.it\/2020\/08\/04\/belluno-messa-in-sicurezza-di-via-tiziano-vecellio-aggiudicato-il-contributo-regionale\/#article","isPartOf":{"@id":"https:\/\/www.bellunopress.it\/2020\/08\/04\/belluno-messa-in-sicurezza-di-via-tiziano-vecellio-aggiudicato-il-contributo-regionale\/"},"author":{"name":"redazione","@id":"https:\/\/www.bellunopress.it\/#\/schema\/person\/79bb06722b37ece1c03d3e94beb30d73"},"headline":"Belluno, messa in sicurezza di Via Tiziano Vecellio: aggiudicato il contributo regionale","datePublished":"2020-08-04T12:19:45+00:00","dateModified":"2020-08-04T12:19:47+00:00","mainEntityOfPage":{"@id":"https:\/\/www.bellunopress.it\/2020\/08\/04\/belluno-messa-in-sicurezza-di-via-tiziano-vecellio-aggiudicato-il-contributo-regionale\/"},"wordCount":264,"publisher":{"@id":"https:\/\/www.bellunopress.it\/#organization"},"image":{"@id":"https:\/\/www.bellunopress.it\/2020\/08\/04\/belluno-messa-in-sicurezza-di-via-tiziano-vecellio-aggiudicato-il-contributo-regionale\/#primaryimage"},"thumbnailUrl":"https:\/\/www.bellunopress.it\/wp-content\/uploads\/2020\/08\/via-Tiziano-Vecellio_edited.jpg","articleSection":["Prima Pagina","Societ\u00e0, Associazioni, Istituzioni"],"inLanguage":"fr-FR"},{"@type":"WebPage","@id":"https:\/\/www.bellunopress.it\/2020\/08\/04\/belluno-messa-in-sicurezza-di-via-tiziano-vecellio-aggiudicato-il-contributo-regionale\/","url":"https:\/\/www.bellunopress.it\/2020\/08\/04\/belluno-messa-in-sicurezza-di-via-tiziano-vecellio-aggiudicato-il-contributo-regionale\/","name":"Belluno, messa in sicurezza di Via Tiziano Vecellio: aggiudicato il contributo regionale - Bellunopress - Dolomiti","isPartOf":{"@id":"https:\/\/www.bellunopress.it\/#website"},"primaryImageOfPage":{"@id":"https:\/\/www.bellunopress.it\/2020\/08\/04\/belluno-messa-in-sicurezza-di-via-tiziano-vecellio-aggiudicato-il-contributo-regionale\/#primaryimage"},"image":{"@id":"https:\/\/www.bellunopress.it\/2020\/08\/04\/belluno-messa-in-sicurezza-di-via-tiziano-vecellio-aggiudicato-il-contributo-regionale\/#primaryimage"},"thumbnailUrl":"https:\/\/www.bellunopress.it\/wp-content\/uploads\/2020\/08\/via-Tiziano-Vecellio_edited.jpg","datePublished":"2020-08-04T12:19:45+00:00","dateModified":"2020-08-04T12:19:47+00:00","breadcrumb":{"@id":"https:\/\/www.bellunopress.it\/2020\/08\/04\/belluno-messa-in-sicurezza-di-via-tiziano-vecellio-aggiudicato-il-contributo-regionale\/#breadcrumb"},"inLanguage":"fr-FR","potentialAction":[{"@type":"ReadAction","target":["https:\/\/www.bellunopress.it\/2020\/08\/04\/belluno-messa-in-sicurezza-di-via-tiziano-vecellio-aggiudicato-il-contributo-regionale\/"]}]},{"@type":"ImageObject","inLanguage":"fr-FR","@id":"https:\/\/www.bellunopress.it\/2020\/08\/04\/belluno-messa-in-sicurezza-di-via-tiziano-vecellio-aggiudicato-il-contributo-regionale\/#primaryimage","url":"https:\/\/www.bellunopress.it\/wp-content\/uploads\/2020\/08\/via-Tiziano-Vecellio_edited.jpg","contentUrl":"https:\/\/www.bellunopress.it\/wp-content\/uploads\/2020\/08\/via-Tiziano-Vecellio_edited.jpg","width":800,"height":600,"caption":"Belluno, via Tiziano Vecellio"},{"@type":"BreadcrumbList","@id":"https:\/\/www.bellunopress.it\/2020\/08\/04\/belluno-messa-in-sicurezza-di-via-tiziano-vecellio-aggiudicato-il-contributo-regionale\/#breadcrumb","itemListElement":[{"@type":"ListItem","position":1,"name":"Home","item":"https:\/\/www.bellunopress.it\/"},{"@type":"ListItem","position":2,"name":"Belluno, messa in sicurezza di Via Tiziano Vecellio: aggiudicato il contributo regionale"}]},{"@type":"WebSite","@id":"https:\/\/www.bellunopress.it\/#website","url":"https:\/\/www.bellunopress.it\/","name":"Bellunopress - Dolomiti","description":"e-mail: redazione@bellunopress.it","publisher":{"@id":"https:\/\/www.bellunopress.it\/#organization"},"potentialAction":[{"@type":"SearchAction","target":{"@type":"EntryPoint","urlTemplate":"https:\/\/www.bellunopress.it\/?s={search_term_string}"},"query-input":{"@type":"PropertyValueSpecification","valueRequired":true,"valueName":"search_term_string"}}],"inLanguage":"fr-FR"},{"@type":"Organization","@id":"https:\/\/www.bellunopress.it\/#organization","name":"Bellunopress","url":"https:\/\/www.bellunopress.it\/","logo":{"@type":"ImageObject","inLanguage":"fr-FR","@id":"https:\/\/www.bellunopress.it\/#\/schema\/logo\/image\/","url":"https:\/\/www.bellunopress.it\/wp-content\/uploads\/2011\/05\/cropped-logo-bellunopress-.jpg","contentUrl":"https:\/\/www.bellunopress.it\/wp-content\/uploads\/2011\/05\/cropped-logo-bellunopress-.jpg","width":512,"height":512,"caption":"Bellunopress"},"image":{"@id":"https:\/\/www.bellunopress.it\/#\/schema\/logo\/image\/"},"sameAs":["https:\/\/www.facebook.com\/profile.php?id=100008943462799","https:\/\/x.com\/bellunopress","https:\/\/www.linkedin.com\/hp\/?dnr=JBzUWaJfMUw8vbXJJ2tVW5-I3jZKvC4wsoxE&amp;amp;amp;amp;amp;amp;trk=nav_responsive_tab_home","https:\/\/www.youtube.com\/channel\/UCxL0wu1uN0_3_7hGG0306cw"]},{"@type":"Person","@id":"https:\/\/www.bellunopress.it\/#\/schema\/person\/79bb06722b37ece1c03d3e94beb30d73","name":"r\u00e9daction","image":{"@type":"ImageObject","inLanguage":"fr-FR","@id":"https:\/\/secure.gravatar.com\/avatar\/37d968a2e67a6fd04c169c4bdef102d0bc5d31b2546345219e348575eb80e9a0?s=96&d=mm&r=g","url":"https:\/\/secure.gravatar.com\/avatar\/37d968a2e67a6fd04c169c4bdef102d0bc5d31b2546345219e348575eb80e9a0?s=96&d=mm&r=g","contentUrl":"https:\/\/secure.gravatar.com\/avatar\/37d968a2e67a6fd04c169c4bdef102d0bc5d31b2546345219e348575eb80e9a0?s=96&d=mm&r=g","caption":"redazione"},"sameAs":["http:\/\/www.bellunopress.it","https:\/\/x.com\/bellunopress"],"url":"https:\/\/www.bellunopress.it\/fr\/author\/redazione\/"}]}},"_links":{"self":[{"href":"https:\/\/www.bellunopress.it\/fr\/wp-json\/wp\/v2\/posts\/116373","targetHints":{"allow":["GET"]}}],"collection":[{"href":"https:\/\/www.bellunopress.it\/fr\/wp-json\/wp\/v2\/posts"}],"about":[{"href":"https:\/\/www.bellunopress.it\/fr\/wp-json\/wp\/v2\/types\/post"}],"author":[{"embeddable":true,"href":"https:\/\/www.bellunopress.it\/fr\/wp-json\/wp\/v2\/users\/2"}],"replies":[{"embeddable":true,"href":"https:\/\/www.bellunopress.it\/fr\/wp-json\/wp\/v2\/comments?post=116373"}],"version-history":[{"count":2,"href":"https:\/\/www.bellunopress.it\/fr\/wp-json\/wp\/v2\/posts\/116373\/revisions"}],"predecessor-version":[{"id":116376,"href":"https:\/\/www.bellunopress.it\/fr\/wp-json\/wp\/v2\/posts\/116373\/revisions\/116376"}],"wp:featuredmedia":[{"embeddable":true,"href":"https:\/\/www.bellunopress.it\/fr\/wp-json\/wp\/v2\/media\/116374"}],"wp:attachment":[{"href":"https:\/\/www.bellunopress.it\/fr\/wp-json\/wp\/v2\/media?parent=116373"}],"wp:term":[{"taxonomy":"category","embeddable":true,"href":"https:\/\/www.bellunopress.it\/fr\/wp-json\/wp\/v2\/categories?post=116373"},{"taxonomy":"post_tag","embeddable":true,"href":"https:\/\/www.bellunopress.it\/fr\/wp-json\/wp\/v2\/tags?post=116373"}],"curies":[{"name":"wp","href":"https:\/\/api.w.org\/{rel}","templated":true}]}}