{"id":116366,"date":"2020-08-04T08:51:17","date_gmt":"2020-08-04T06:51:17","guid":{"rendered":"http:\/\/www.bellunopress.it\/?p=116366"},"modified":"2020-08-04T11:04:32","modified_gmt":"2020-08-04T09:04:32","slug":"i-ricordi-dellartista-gino-silvestri-protagonista-del-salvataggio-de-les-frigos-di-parigi-luogo-simbolo-dellarte","status":"publish","type":"post","link":"https:\/\/www.bellunopress.it\/fr\/2020\/08\/04\/i-ricordi-dellartista-gino-silvestri-protagonista-del-salvataggio-de-les-frigos-di-parigi-luogo-simbolo-dellarte\/","title":{"rendered":"I ricordi dell\u2019artista Gino Silvestri, &#8220;Gino da Belun&#8221; protagonista del salvataggio de Les Frigos di Parigi luogo simbolo dell\u2019arte"},"content":{"rendered":"<p><a href=\"http:\/\/www.bellunopress.it\/fr\/2020\/08\/04\/i-ricordi-dellartista-gino-silvestri-protagonista-del-salvataggio-de-les-frigos-di-parigi-luogo-simbolo-dellarte\/rpt-3\/\" rel=\"attachment wp-att-116367\"><img loading=\"lazy\" decoding=\"async\" class=\"alignleft size-full wp-image-116367\" src=\"http:\/\/www.bellunopress.it\/wp-content\/uploads\/2020\/08\/gino-silvestri_edited.jpg\" alt=\"\" width=\"800\" height=\"600\" srcset=\"https:\/\/www.bellunopress.it\/wp-content\/uploads\/2020\/08\/gino-silvestri_edited.jpg 800w, https:\/\/www.bellunopress.it\/wp-content\/uploads\/2020\/08\/gino-silvestri_edited-500x375.jpg 500w, https:\/\/www.bellunopress.it\/wp-content\/uploads\/2020\/08\/gino-silvestri_edited-696x522.jpg 696w, https:\/\/www.bellunopress.it\/wp-content\/uploads\/2020\/08\/gino-silvestri_edited-560x420.jpg 560w, https:\/\/www.bellunopress.it\/wp-content\/uploads\/2020\/08\/gino-silvestri_edited-80x60.jpg 80w, https:\/\/www.bellunopress.it\/wp-content\/uploads\/2020\/08\/gino-silvestri_edited-265x198.jpg 265w\" sizes=\"auto, (max-width: 800px) 100vw, 800px\" \/><\/a>\u201cSe fa freddo tengo le mani in tasca. Non ho mai indossato un cappotto, tranne il giorno del mio matrimonio a Lentiai, nell\u2019inverno del 1958. Lo regalai quello stesso giorno a chi ne aveva pi\u00f9 bisogno di me, e sono felice d\u2019averlo fatto\u201d.<br \/>\nE\u2019 un fiume in piena Gino Silvestri quando racconta gli infiniti aneddoti della sua vita. Bellunese, artista poliedrico nel vero senso della parola, pittore, scultore, poeta, mosaicista, ma anche docente e giornalista, critico d\u2019arte. Con i suoi 92 anni ottimamente portati, la maggior parte dei quali vissuti a Parigi.<\/p>\n<p><em>Maestro, perch\u00e9 Parigi?<\/em><br \/>\n\u201cAccadde tutto per una serie di coincidenze fortuite. A met\u00e0 degli anni \u201950 supero l\u2019esame di Stato all\u2019Accademia di Venezia che mi abilita all\u2019insegnamento, ricordo che superammo la prova solo in 4 su 126 partecipanti. Cos\u00ec inizio il percorso di insegnante alle scuole medie in via Mezzaterra a Belluno. Successivamente insegno a Trichiana, che raggiungevo con la Topolino ereditata da mio padre. Nella classe dove insegnavo c\u2019era uno studente che tutti i giorni, con qualsiasi tempo estate e inverno, arrivava in bicicletta da una frazione di Lentiai. Era un ragazzo molto bravo e cos\u00ec molte volte, finite la giornata di lezione, succedeva che gli davo un passaggio fino a Lentiai con la Topolino scoperchiata per farci stare la bicicletta. Qui mi fermavo con amici all\u2019osteria Faccini. Un giorno che stavo per andarmene il titolare, Rico Faccini, mi ferma e dice \u2018Dove vai? Oggi arrivano le ragazze francesi\u2019. Poco dopo, infatti, scese da una Bentley con targa francese, Scilla, che diventer\u00e0 mia moglie, con due sue amiche. Faccini fece le presentazioni e iniziammo a frequentarci. Dopo qualche tempo Scilla mi invit\u00f2 a Marsiglia per conoscere i suoi genitori. Ci sposammo a Lentiai nel 1958 con la Bentley targata Parigi. Testimone di nozze era Arturo Buleghin (1), che lavorava a Parigi nell\u2019impresa di mio suocero Augusto Mione. Entrambi antifascisti, vennero internati nell\u2019isola di Ventotene, dove conoscono Pietro Nenni, leader storico del Partito socialista. Buleghin e Mione riuscirono a fuggire in Sicilia quando cadde il fascismo. Negli anni \u201860 fu proprio Nenni a chiedere a mio suocero: \u2018cosa posso fare per il tuo paese\u2019? Le assicuro che la strada della Sinistra Piave fino a Quero venne realizzata grazie all\u2019interessamento di Nenni, che fece ottenere l\u2019intero finanziamento dell\u2019opera. Dopo il matrimonio mi trasferii a Parigi dove ho vissuto con mia moglie Scilla per una sessantina d\u2019anni\u201d.<\/p>\n<p><em>Ha qualche altro ricordo legato alla II^ Guerra mondiale?<\/em><br \/>\n\u201cCertamente. Il primo fa parte della mia giovent\u00f9 in via San Francesco a Belluno, dove abitavo con la mia famiglia. L\u2019altro \u00e8 un aneddoto riportato, successo a Bordeaux in Francia, dove inizialmente mio suocero Augusto Mione, originario di Mel, grande imprenditore del \u2018900 che nel 1922 aveva costituito la sua impresa edile, la Enterprise A. Mione e C. che nel 1933 diventa la Construction Moderne Francaise e costruir\u00e0 la citt\u00e0 di Marsiglia su progetto dell\u2019architetto Le Corbusier e nel \u201959 ottiene il Gran Premio dell\u2019Urbanistica dal governo francese per la realizzazione della cittadella di Bagnols sur C\u00e8ze. Ebbene, siamo alle ultime battute della guerra, con il mio carissimo amico Armando Ferigo avevamo avuto notizia che un aereo americano aveva sganciato un serbatoio che era caduto sul Terraglio. Andammo subito a vedere perch\u00e9 Armando era molto interessato a quel pezzo. Riuscimmo ad averlo in cambio di una tovaglia. Il progetto era quello di costruire un motoscafo. Ricordo che battemmo l\u2019alluminio per una settimana per separare senza danneggiare i due semiovali, uno dei quali sarebbe diventato lo scafo. Era un guscio lungo alcuni metri sul quale Armando fiss\u00f2 una panca e un motore a scoppio che attraverso un albero di trasmissione faceva girare l\u2019elica. Quando il nostro motoscafo era pronto andammo al Lago di Santa Croce a provarlo. Ma dopo un po\u2019 inizi\u00f2 ad entrare l\u2019acqua e riuscimmo a malapena a ritornare a riva. L\u2019altro episodio succede a Bordeaux. E\u2019 qui che il comandante di un sommergibile italiano, un nobile, si veste in abiti borghesi e al porto chiede se ci sono degli italiani. Qui \u00e8 pieno di italiani gli fu risposto. Gli venne presentato mio suocero Mione che decise di assumere nella sua impresa l\u2019intero equipaggio, una trentina di uomini con varie specializzazioni, molti dei quali si stabilirono in Francia\u201d.<\/p>\n<p><em>Maestro, lei \u00e8 stato anche uno dei protagonisti del \u201csalvataggio\u201d de Les Frigos di Parigi. Ce lo pu\u00f2 ricordare?<\/em><br \/>\n\u201cLes Frigos \u00e8 un fabbricato di 5 piani senza finestre che si trova vicino alla Biblioth\u00e8que Nationale Francois Mitterand nel XIII arrondissement, circondato da palazzi moderni in vetro e cemento che riflettono l\u2019antica sua struttura. Era il frigorifero di Parigi dove dal 1920 al 1975 vennero conservate le merci deperibili. Nel seminterrato arrivavano i vagoni ferroviari e oggi c\u2019\u00e8 ancora conservata una motrice, che durante la guerra portava i vagoni di prigionieri dalla Francia nei campi di concentramento in Polonia. Lo stabile era di propriet\u00e0 della compagnia ferroviaria francese SNCF che nel 1980 affitt\u00f2 i locali a un centinaio di artisti e professionisti che utilizzarono quegli spazi e aprirono i loro atelier. Nel 1990 per\u00f2, a scadenza dei contratti di locazione, si prospettava la decisione della propriet\u00e0 di demolire il vecchio fabbricato che si trovava in un\u2019area appetibile, per far spazio a nuovi palazzi. Inizi\u00f2 cos\u00ec l\u2019occupazione de Les Frigos da parte degli artisti. Tale protesta venne supportata dai cittadini parigini che si schierarono con gli artisti. Cos\u00ec avvenne il salvataggio de Les Frigos che anche oggi \u00e8 sede di varie discipline artistiche. Vi sono laboratori e atelier con creativi di vario genere, musicisti, pittori, fotografi, studi di progettazione e tutto ci\u00f2 che ha a che fare con l\u2019arte in generale\u201d. Oggi la signora Scilla non c\u2019\u00e8 pi\u00f9, \u00e8 mancata nell\u2019ottobre del 2018 e Gino Silvestri ha fatto ritorno in Italia. Ora vive a Lentiai, e recentemente ha donato una sua collezione di una quindicina di quadri di diversi artisti, che in futuro vedremo esposta in una sezione dedicata al \u2018900 al Museo Fulcis di Belluno.<\/p>\n<p>Roberto De Nart<\/p>\n<p><strong>Gino Silvestri, &#8220;Gino da Belun&#8221;<\/strong><br \/>\nNasce a Belluno nel 1928, in giovent\u00f9 frequenta l\u2019ambiente artistico a Venezia dove \u00e8 iscritto ad Economia e commercio, Facolt\u00e0 che lascia per frequentare la Scuola libera di nudo all\u2019Accademia delle Belle arti diplomandosi nel 1952. Nel \u201950 espone ad una collettiva alla Bevilacqua La Masa, firmando le sue opere come &#8220;Gino da Belun&#8221;. Nel \u201951 una sua opera viene accettata alla Quadriennale di Roma, la principale esposizione nazionale con la Biennale di Venezia. Sempre nel \u201952, il suo \u201cZuccherificio alluvionato\u201d, ispirato dalla tragedia del Polesine del \u201951 ottiene il primo premio-acquisto del presidente della Repubblica al Premio Nazionale di Pittura di Terni.<br \/>\nNel 1958 sposa Scilla Fatima Mione e si trasferisce a Parigi, dove il suocero e imprenditore di successo Augusto Mione ha fondato una importante impresa di costruzioni. Nella capitale francese frequenta il mondo artistico e nel 1960 espone le sue opere alla mostra collettiva \u201cCinq artistes italiens de Paris\u201d. Silvestri a Parigi diventa un protagonista nel campo della promozione dell\u2019arte. Coordina 2 importanti collettive di giovani italiani e scrive come corrispondente del periodico d\u2019avanguardia \u201cAvanti Europa\u201d. L\u2019aveva gi\u00e0 fatto giovanissimo a Belluno per Il Gazzettino. Nel 1964 pubblica la raccolta di versi \u201cPrimule d\u2019Autunno\u201d. Nel \u201870 con il pittore Orazi, fonda il nuovo Salon \u201cPr\u00e9sence Europ\u00e9enne\u201d. Nel \u201971 frequenta i corsi della Manifacture Nazionale des Gobelins et de Beauvais. Nel \u201973 vince la cattedra di Storia dell\u2019Arazzo all\u2019Ecole Nationale Sup\u00e9rieure des Beaux-Arts\u201d che terr\u00e0 fino al \u201893. Negli anni \u201970 partecipa ad importanti esposizioni, dentro e fuori la Francia. Pittore, scultore e mosaicista, Silvestri \u00e8 stato presidente dell\u2019Associazione pittori, scultori e incisori italiani di Francia dal \u201967 al \u201990. Nel 1989 gli verr\u00e0 conferito il Premio \u201cSan Martino\u201d dalla Citt\u00e0 di Belluno. Seguir\u00e0 nel \u201890 sempre a Belluno una grande antologica e nel \u201991 a Parigi, una sua importante mostra \u00e8 ospitata alla Maison de l\u2019Unesco.<\/p>\n<p>(1) <strong>Buleghin Arturo<\/strong><br \/>\nImpiegato. Treviso 2.12.1905 &#8211; Si ignorano luogo e data di morte.<br \/>\nRepubblicano. Residente in Svizzera, parte per la Spagna nel settembre 1936, come miliziano nella Sezione italiana della Colonna Ascaso, poi nella Garibaldi fino a settembre 1937. Ferito in combattimento. Stabilitosi poi in Francia verr\u00e0 poi consegnato dal Governo francese di P\u00e9tain alla Germania. Dopo 18 mesi di lager, consegnato all&#8217;Italia e confinato a Ventotene per 5 anni. Nel 1943 \u00e8 cofondatore del Movimento federalista europeo.<\/p>","protected":false},"excerpt":{"rendered":"<p>\u201cSe fa freddo tengo le mani in tasca. Non ho mai indossato un cappotto, tranne il giorno del mio matrimonio a Lentiai, nell\u2019inverno del 1958. Lo regalai quello stesso giorno a chi ne aveva pi\u00f9 bisogno di me, e sono felice d\u2019averlo fatto\u201d. E\u2019 un fiume in piena Gino Silvestri quando racconta gli infiniti aneddoti [&hellip;]<\/p>\n","protected":false},"author":2,"featured_media":116367,"comment_status":"closed","ping_status":"open","sticky":false,"template":"","format":"standard","meta":{"footnotes":""},"categories":[3,49,25],"tags":[3460,3458,3457,3456,3461,3459],"class_list":["post-116366","post","type-post","status-publish","format-standard","has-post-thumbnail","category-arte-cultura-spettacoli-scienza-archivi","category-speciali","category-pausa-caffe","tag-augusto-mione","tag-buleghin-arturo","tag-gino-da-belun","tag-gino-silvestri","tag-pietro-nenni","tag-scilla-mione"],"yoast_head":"<!-- This site is optimized with the Yoast SEO plugin v28.4 - https:\/\/yoast.com\/product\/yoast-seo-wordpress\/ -->\n<title>I ricordi dell\u2019artista Gino Silvestri, &quot;Gino da Belun&quot; protagonista del salvataggio de Les Frigos di Parigi luogo simbolo dell\u2019arte - Bellunopress - Dolomiti<\/title>\n<meta name=\"robots\" content=\"index, follow, max-snippet:-1, max-image-preview:large, max-video-preview:-1\" \/>\n<link rel=\"canonical\" href=\"https:\/\/www.bellunopress.it\/fr\/2020\/08\/04\/i-ricordi-dellartista-gino-silvestri-protagonista-del-salvataggio-de-les-frigos-di-parigi-luogo-simbolo-dellarte\/\" \/>\n<meta property=\"og:locale\" content=\"fr_FR\" \/>\n<meta property=\"og:type\" content=\"article\" \/>\n<meta property=\"og:title\" content=\"I ricordi dell\u2019artista Gino Silvestri, &quot;Gino da Belun&quot; protagonista del salvataggio de Les Frigos di Parigi luogo simbolo dell\u2019arte - Bellunopress - Dolomiti\" \/>\n<meta property=\"og:description\" content=\"\u201cSe fa freddo tengo le mani in tasca. Non ho mai indossato un cappotto, tranne il giorno del mio matrimonio a Lentiai, nell\u2019inverno del 1958. Lo regalai quello stesso giorno a chi ne aveva pi\u00f9 bisogno di me, e sono felice d\u2019averlo fatto\u201d. E\u2019 un fiume in piena Gino Silvestri quando racconta gli infiniti aneddoti [&hellip;]\" \/>\n<meta property=\"og:url\" content=\"https:\/\/www.bellunopress.it\/fr\/2020\/08\/04\/i-ricordi-dellartista-gino-silvestri-protagonista-del-salvataggio-de-les-frigos-di-parigi-luogo-simbolo-dellarte\/\" \/>\n<meta property=\"og:site_name\" content=\"Bellunopress - Dolomiti\" \/>\n<meta property=\"article:publisher\" content=\"https:\/\/www.facebook.com\/profile.php?id=100008943462799\" \/>\n<meta property=\"article:published_time\" content=\"2020-08-04T06:51:17+00:00\" \/>\n<meta property=\"article:modified_time\" content=\"2020-08-04T09:04:32+00:00\" \/>\n<meta property=\"og:image\" content=\"https:\/\/www.bellunopress.it\/wp-content\/uploads\/2020\/08\/gino-silvestri_edited.jpg\" \/>\n\t<meta property=\"og:image:width\" content=\"800\" \/>\n\t<meta property=\"og:image:height\" content=\"600\" \/>\n\t<meta property=\"og:image:type\" content=\"image\/jpeg\" \/>\n<meta name=\"author\" content=\"redazione\" \/>\n<meta name=\"twitter:card\" content=\"summary_large_image\" \/>\n<meta name=\"twitter:creator\" content=\"@bellunopress\" \/>\n<meta name=\"twitter:site\" content=\"@bellunopress\" \/>\n<meta name=\"twitter:label1\" content=\"\u00c9crit par\" \/>\n\t<meta name=\"twitter:data1\" content=\"redazione\" \/>\n\t<meta name=\"twitter:label2\" content=\"Dur\u00e9e de lecture estim\u00e9e\" \/>\n\t<meta name=\"twitter:data2\" content=\"7 minutes\" \/>\n<script type=\"application\/ld+json\" class=\"yoast-schema-graph\">{\"@context\":\"https:\\\/\\\/schema.org\",\"@graph\":[{\"@type\":\"Article\",\"@id\":\"https:\\\/\\\/www.bellunopress.it\\\/2020\\\/08\\\/04\\\/i-ricordi-dellartista-gino-silvestri-protagonista-del-salvataggio-de-les-frigos-di-parigi-luogo-simbolo-dellarte\\\/#article\",\"isPartOf\":{\"@id\":\"https:\\\/\\\/www.bellunopress.it\\\/2020\\\/08\\\/04\\\/i-ricordi-dellartista-gino-silvestri-protagonista-del-salvataggio-de-les-frigos-di-parigi-luogo-simbolo-dellarte\\\/\"},\"author\":{\"name\":\"redazione\",\"@id\":\"https:\\\/\\\/www.bellunopress.it\\\/#\\\/schema\\\/person\\\/79bb06722b37ece1c03d3e94beb30d73\"},\"headline\":\"I ricordi dell\u2019artista Gino Silvestri, &#8220;Gino da Belun&#8221; protagonista del salvataggio de Les Frigos di Parigi luogo simbolo dell\u2019arte\",\"datePublished\":\"2020-08-04T06:51:17+00:00\",\"dateModified\":\"2020-08-04T09:04:32+00:00\",\"mainEntityOfPage\":{\"@id\":\"https:\\\/\\\/www.bellunopress.it\\\/2020\\\/08\\\/04\\\/i-ricordi-dellartista-gino-silvestri-protagonista-del-salvataggio-de-les-frigos-di-parigi-luogo-simbolo-dellarte\\\/\"},\"wordCount\":1395,\"publisher\":{\"@id\":\"https:\\\/\\\/www.bellunopress.it\\\/#organization\"},\"image\":{\"@id\":\"https:\\\/\\\/www.bellunopress.it\\\/2020\\\/08\\\/04\\\/i-ricordi-dellartista-gino-silvestri-protagonista-del-salvataggio-de-les-frigos-di-parigi-luogo-simbolo-dellarte\\\/#primaryimage\"},\"thumbnailUrl\":\"https:\\\/\\\/www.bellunopress.it\\\/wp-content\\\/uploads\\\/2020\\\/08\\\/gino-silvestri_edited.jpg\",\"keywords\":[\"Augusto Mione\",\"Buleghin Arturo\",\"Gino da Belun\",\"Gino Silvestri\",\"Pietro Nenni\",\"Scilla Mione\"],\"articleSection\":[\"Arte, Cultura, Spettacoli, Scienza\",\"Gli speciali di Bellunopress\",\"Pausa Caff\u00e8\"],\"inLanguage\":\"fr-FR\"},{\"@type\":\"WebPage\",\"@id\":\"https:\\\/\\\/www.bellunopress.it\\\/2020\\\/08\\\/04\\\/i-ricordi-dellartista-gino-silvestri-protagonista-del-salvataggio-de-les-frigos-di-parigi-luogo-simbolo-dellarte\\\/\",\"url\":\"https:\\\/\\\/www.bellunopress.it\\\/2020\\\/08\\\/04\\\/i-ricordi-dellartista-gino-silvestri-protagonista-del-salvataggio-de-les-frigos-di-parigi-luogo-simbolo-dellarte\\\/\",\"name\":\"I ricordi dell\u2019artista Gino Silvestri, \\\"Gino da Belun\\\" protagonista del salvataggio de Les Frigos di Parigi luogo simbolo dell\u2019arte - Bellunopress - Dolomiti\",\"isPartOf\":{\"@id\":\"https:\\\/\\\/www.bellunopress.it\\\/#website\"},\"primaryImageOfPage\":{\"@id\":\"https:\\\/\\\/www.bellunopress.it\\\/2020\\\/08\\\/04\\\/i-ricordi-dellartista-gino-silvestri-protagonista-del-salvataggio-de-les-frigos-di-parigi-luogo-simbolo-dellarte\\\/#primaryimage\"},\"image\":{\"@id\":\"https:\\\/\\\/www.bellunopress.it\\\/2020\\\/08\\\/04\\\/i-ricordi-dellartista-gino-silvestri-protagonista-del-salvataggio-de-les-frigos-di-parigi-luogo-simbolo-dellarte\\\/#primaryimage\"},\"thumbnailUrl\":\"https:\\\/\\\/www.bellunopress.it\\\/wp-content\\\/uploads\\\/2020\\\/08\\\/gino-silvestri_edited.jpg\",\"datePublished\":\"2020-08-04T06:51:17+00:00\",\"dateModified\":\"2020-08-04T09:04:32+00:00\",\"breadcrumb\":{\"@id\":\"https:\\\/\\\/www.bellunopress.it\\\/2020\\\/08\\\/04\\\/i-ricordi-dellartista-gino-silvestri-protagonista-del-salvataggio-de-les-frigos-di-parigi-luogo-simbolo-dellarte\\\/#breadcrumb\"},\"inLanguage\":\"fr-FR\",\"potentialAction\":[{\"@type\":\"ReadAction\",\"target\":[\"https:\\\/\\\/www.bellunopress.it\\\/2020\\\/08\\\/04\\\/i-ricordi-dellartista-gino-silvestri-protagonista-del-salvataggio-de-les-frigos-di-parigi-luogo-simbolo-dellarte\\\/\"]}]},{\"@type\":\"ImageObject\",\"inLanguage\":\"fr-FR\",\"@id\":\"https:\\\/\\\/www.bellunopress.it\\\/2020\\\/08\\\/04\\\/i-ricordi-dellartista-gino-silvestri-protagonista-del-salvataggio-de-les-frigos-di-parigi-luogo-simbolo-dellarte\\\/#primaryimage\",\"url\":\"https:\\\/\\\/www.bellunopress.it\\\/wp-content\\\/uploads\\\/2020\\\/08\\\/gino-silvestri_edited.jpg\",\"contentUrl\":\"https:\\\/\\\/www.bellunopress.it\\\/wp-content\\\/uploads\\\/2020\\\/08\\\/gino-silvestri_edited.jpg\",\"width\":800,\"height\":600},{\"@type\":\"BreadcrumbList\",\"@id\":\"https:\\\/\\\/www.bellunopress.it\\\/2020\\\/08\\\/04\\\/i-ricordi-dellartista-gino-silvestri-protagonista-del-salvataggio-de-les-frigos-di-parigi-luogo-simbolo-dellarte\\\/#breadcrumb\",\"itemListElement\":[{\"@type\":\"ListItem\",\"position\":1,\"name\":\"Home\",\"item\":\"https:\\\/\\\/www.bellunopress.it\\\/\"},{\"@type\":\"ListItem\",\"position\":2,\"name\":\"I ricordi dell\u2019artista Gino Silvestri, &#8220;Gino da Belun&#8221; protagonista del salvataggio de Les Frigos di Parigi luogo simbolo dell\u2019arte\"}]},{\"@type\":\"WebSite\",\"@id\":\"https:\\\/\\\/www.bellunopress.it\\\/#website\",\"url\":\"https:\\\/\\\/www.bellunopress.it\\\/\",\"name\":\"Bellunopress - Dolomiti\",\"description\":\"e-mail: redazione@bellunopress.it\",\"publisher\":{\"@id\":\"https:\\\/\\\/www.bellunopress.it\\\/#organization\"},\"potentialAction\":[{\"@type\":\"SearchAction\",\"target\":{\"@type\":\"EntryPoint\",\"urlTemplate\":\"https:\\\/\\\/www.bellunopress.it\\\/?s={search_term_string}\"},\"query-input\":{\"@type\":\"PropertyValueSpecification\",\"valueRequired\":true,\"valueName\":\"search_term_string\"}}],\"inLanguage\":\"fr-FR\"},{\"@type\":\"Organization\",\"@id\":\"https:\\\/\\\/www.bellunopress.it\\\/#organization\",\"name\":\"Bellunopress\",\"url\":\"https:\\\/\\\/www.bellunopress.it\\\/\",\"logo\":{\"@type\":\"ImageObject\",\"inLanguage\":\"fr-FR\",\"@id\":\"https:\\\/\\\/www.bellunopress.it\\\/#\\\/schema\\\/logo\\\/image\\\/\",\"url\":\"https:\\\/\\\/www.bellunopress.it\\\/wp-content\\\/uploads\\\/2011\\\/05\\\/cropped-logo-bellunopress-.jpg\",\"contentUrl\":\"https:\\\/\\\/www.bellunopress.it\\\/wp-content\\\/uploads\\\/2011\\\/05\\\/cropped-logo-bellunopress-.jpg\",\"width\":512,\"height\":512,\"caption\":\"Bellunopress\"},\"image\":{\"@id\":\"https:\\\/\\\/www.bellunopress.it\\\/#\\\/schema\\\/logo\\\/image\\\/\"},\"sameAs\":[\"https:\\\/\\\/www.facebook.com\\\/profile.php?id=100008943462799\",\"https:\\\/\\\/x.com\\\/bellunopress\",\"https:\\\/\\\/www.linkedin.com\\\/hp\\\/?dnr=JBzUWaJfMUw8vbXJJ2tVW5-I3jZKvC4wsoxE&amp;amp;amp;amp;amp;amp;trk=nav_responsive_tab_home\",\"https:\\\/\\\/www.youtube.com\\\/channel\\\/UCxL0wu1uN0_3_7hGG0306cw\"]},{\"@type\":\"Person\",\"@id\":\"https:\\\/\\\/www.bellunopress.it\\\/#\\\/schema\\\/person\\\/79bb06722b37ece1c03d3e94beb30d73\",\"name\":\"redazione\",\"image\":{\"@type\":\"ImageObject\",\"inLanguage\":\"fr-FR\",\"@id\":\"https:\\\/\\\/secure.gravatar.com\\\/avatar\\\/37d968a2e67a6fd04c169c4bdef102d0bc5d31b2546345219e348575eb80e9a0?s=96&d=mm&r=g\",\"url\":\"https:\\\/\\\/secure.gravatar.com\\\/avatar\\\/37d968a2e67a6fd04c169c4bdef102d0bc5d31b2546345219e348575eb80e9a0?s=96&d=mm&r=g\",\"contentUrl\":\"https:\\\/\\\/secure.gravatar.com\\\/avatar\\\/37d968a2e67a6fd04c169c4bdef102d0bc5d31b2546345219e348575eb80e9a0?s=96&d=mm&r=g\",\"caption\":\"redazione\"},\"sameAs\":[\"http:\\\/\\\/www.bellunopress.it\",\"https:\\\/\\\/x.com\\\/bellunopress\"],\"url\":\"https:\\\/\\\/www.bellunopress.it\\\/fr\\\/author\\\/redazione\\\/\"}]}<\/script>\n<!-- \/ Yoast SEO plugin. -->","yoast_head_json":{"title":"I ricordi dell\u2019artista Gino Silvestri, \"Gino da Belun\" protagonista del salvataggio de Les Frigos di Parigi luogo simbolo dell\u2019arte - Bellunopress - Dolomiti","robots":{"index":"index","follow":"follow","max-snippet":"max-snippet:-1","max-image-preview":"max-image-preview:large","max-video-preview":"max-video-preview:-1"},"canonical":"https:\/\/www.bellunopress.it\/fr\/2020\/08\/04\/i-ricordi-dellartista-gino-silvestri-protagonista-del-salvataggio-de-les-frigos-di-parigi-luogo-simbolo-dellarte\/","og_locale":"fr_FR","og_type":"article","og_title":"I ricordi dell\u2019artista Gino Silvestri, \"Gino da Belun\" protagonista del salvataggio de Les Frigos di Parigi luogo simbolo dell\u2019arte - Bellunopress - Dolomiti","og_description":"\u201cSe fa freddo tengo le mani in tasca. Non ho mai indossato un cappotto, tranne il giorno del mio matrimonio a Lentiai, nell\u2019inverno del 1958. Lo regalai quello stesso giorno a chi ne aveva pi\u00f9 bisogno di me, e sono felice d\u2019averlo fatto\u201d. E\u2019 un fiume in piena Gino Silvestri quando racconta gli infiniti aneddoti [&hellip;]","og_url":"https:\/\/www.bellunopress.it\/fr\/2020\/08\/04\/i-ricordi-dellartista-gino-silvestri-protagonista-del-salvataggio-de-les-frigos-di-parigi-luogo-simbolo-dellarte\/","og_site_name":"Bellunopress - Dolomiti","article_publisher":"https:\/\/www.facebook.com\/profile.php?id=100008943462799","article_published_time":"2020-08-04T06:51:17+00:00","article_modified_time":"2020-08-04T09:04:32+00:00","og_image":[{"width":800,"height":600,"url":"https:\/\/www.bellunopress.it\/wp-content\/uploads\/2020\/08\/gino-silvestri_edited.jpg","type":"image\/jpeg"}],"author":"redazione","twitter_card":"summary_large_image","twitter_creator":"@bellunopress","twitter_site":"@bellunopress","twitter_misc":{"\u00c9crit par":"redazione","Dur\u00e9e de lecture estim\u00e9e":"7 minutes"},"schema":{"@context":"https:\/\/schema.org","@graph":[{"@type":"Article","@id":"https:\/\/www.bellunopress.it\/2020\/08\/04\/i-ricordi-dellartista-gino-silvestri-protagonista-del-salvataggio-de-les-frigos-di-parigi-luogo-simbolo-dellarte\/#article","isPartOf":{"@id":"https:\/\/www.bellunopress.it\/2020\/08\/04\/i-ricordi-dellartista-gino-silvestri-protagonista-del-salvataggio-de-les-frigos-di-parigi-luogo-simbolo-dellarte\/"},"author":{"name":"redazione","@id":"https:\/\/www.bellunopress.it\/#\/schema\/person\/79bb06722b37ece1c03d3e94beb30d73"},"headline":"I ricordi dell\u2019artista Gino Silvestri, &#8220;Gino da Belun&#8221; protagonista del salvataggio de Les Frigos di Parigi luogo simbolo dell\u2019arte","datePublished":"2020-08-04T06:51:17+00:00","dateModified":"2020-08-04T09:04:32+00:00","mainEntityOfPage":{"@id":"https:\/\/www.bellunopress.it\/2020\/08\/04\/i-ricordi-dellartista-gino-silvestri-protagonista-del-salvataggio-de-les-frigos-di-parigi-luogo-simbolo-dellarte\/"},"wordCount":1395,"publisher":{"@id":"https:\/\/www.bellunopress.it\/#organization"},"image":{"@id":"https:\/\/www.bellunopress.it\/2020\/08\/04\/i-ricordi-dellartista-gino-silvestri-protagonista-del-salvataggio-de-les-frigos-di-parigi-luogo-simbolo-dellarte\/#primaryimage"},"thumbnailUrl":"https:\/\/www.bellunopress.it\/wp-content\/uploads\/2020\/08\/gino-silvestri_edited.jpg","keywords":["Augusto Mione","Buleghin Arturo","Gino da Belun","Gino Silvestri","Pietro Nenni","Scilla Mione"],"articleSection":["Arte, Cultura, Spettacoli, Scienza","Gli speciali di Bellunopress","Pausa Caff\u00e8"],"inLanguage":"fr-FR"},{"@type":"WebPage","@id":"https:\/\/www.bellunopress.it\/2020\/08\/04\/i-ricordi-dellartista-gino-silvestri-protagonista-del-salvataggio-de-les-frigos-di-parigi-luogo-simbolo-dellarte\/","url":"https:\/\/www.bellunopress.it\/2020\/08\/04\/i-ricordi-dellartista-gino-silvestri-protagonista-del-salvataggio-de-les-frigos-di-parigi-luogo-simbolo-dellarte\/","name":"I ricordi dell\u2019artista Gino Silvestri, \"Gino da Belun\" protagonista del salvataggio de Les Frigos di Parigi luogo simbolo dell\u2019arte - Bellunopress - Dolomiti","isPartOf":{"@id":"https:\/\/www.bellunopress.it\/#website"},"primaryImageOfPage":{"@id":"https:\/\/www.bellunopress.it\/2020\/08\/04\/i-ricordi-dellartista-gino-silvestri-protagonista-del-salvataggio-de-les-frigos-di-parigi-luogo-simbolo-dellarte\/#primaryimage"},"image":{"@id":"https:\/\/www.bellunopress.it\/2020\/08\/04\/i-ricordi-dellartista-gino-silvestri-protagonista-del-salvataggio-de-les-frigos-di-parigi-luogo-simbolo-dellarte\/#primaryimage"},"thumbnailUrl":"https:\/\/www.bellunopress.it\/wp-content\/uploads\/2020\/08\/gino-silvestri_edited.jpg","datePublished":"2020-08-04T06:51:17+00:00","dateModified":"2020-08-04T09:04:32+00:00","breadcrumb":{"@id":"https:\/\/www.bellunopress.it\/2020\/08\/04\/i-ricordi-dellartista-gino-silvestri-protagonista-del-salvataggio-de-les-frigos-di-parigi-luogo-simbolo-dellarte\/#breadcrumb"},"inLanguage":"fr-FR","potentialAction":[{"@type":"ReadAction","target":["https:\/\/www.bellunopress.it\/2020\/08\/04\/i-ricordi-dellartista-gino-silvestri-protagonista-del-salvataggio-de-les-frigos-di-parigi-luogo-simbolo-dellarte\/"]}]},{"@type":"ImageObject","inLanguage":"fr-FR","@id":"https:\/\/www.bellunopress.it\/2020\/08\/04\/i-ricordi-dellartista-gino-silvestri-protagonista-del-salvataggio-de-les-frigos-di-parigi-luogo-simbolo-dellarte\/#primaryimage","url":"https:\/\/www.bellunopress.it\/wp-content\/uploads\/2020\/08\/gino-silvestri_edited.jpg","contentUrl":"https:\/\/www.bellunopress.it\/wp-content\/uploads\/2020\/08\/gino-silvestri_edited.jpg","width":800,"height":600},{"@type":"BreadcrumbList","@id":"https:\/\/www.bellunopress.it\/2020\/08\/04\/i-ricordi-dellartista-gino-silvestri-protagonista-del-salvataggio-de-les-frigos-di-parigi-luogo-simbolo-dellarte\/#breadcrumb","itemListElement":[{"@type":"ListItem","position":1,"name":"Home","item":"https:\/\/www.bellunopress.it\/"},{"@type":"ListItem","position":2,"name":"I ricordi dell\u2019artista Gino Silvestri, &#8220;Gino da Belun&#8221; protagonista del salvataggio de Les Frigos di Parigi luogo simbolo dell\u2019arte"}]},{"@type":"WebSite","@id":"https:\/\/www.bellunopress.it\/#website","url":"https:\/\/www.bellunopress.it\/","name":"Bellunopress - Dolomiti","description":"e-mail: redazione@bellunopress.it","publisher":{"@id":"https:\/\/www.bellunopress.it\/#organization"},"potentialAction":[{"@type":"SearchAction","target":{"@type":"EntryPoint","urlTemplate":"https:\/\/www.bellunopress.it\/?s={search_term_string}"},"query-input":{"@type":"PropertyValueSpecification","valueRequired":true,"valueName":"search_term_string"}}],"inLanguage":"fr-FR"},{"@type":"Organization","@id":"https:\/\/www.bellunopress.it\/#organization","name":"Bellunopress","url":"https:\/\/www.bellunopress.it\/","logo":{"@type":"ImageObject","inLanguage":"fr-FR","@id":"https:\/\/www.bellunopress.it\/#\/schema\/logo\/image\/","url":"https:\/\/www.bellunopress.it\/wp-content\/uploads\/2011\/05\/cropped-logo-bellunopress-.jpg","contentUrl":"https:\/\/www.bellunopress.it\/wp-content\/uploads\/2011\/05\/cropped-logo-bellunopress-.jpg","width":512,"height":512,"caption":"Bellunopress"},"image":{"@id":"https:\/\/www.bellunopress.it\/#\/schema\/logo\/image\/"},"sameAs":["https:\/\/www.facebook.com\/profile.php?id=100008943462799","https:\/\/x.com\/bellunopress","https:\/\/www.linkedin.com\/hp\/?dnr=JBzUWaJfMUw8vbXJJ2tVW5-I3jZKvC4wsoxE&amp;amp;amp;amp;amp;amp;trk=nav_responsive_tab_home","https:\/\/www.youtube.com\/channel\/UCxL0wu1uN0_3_7hGG0306cw"]},{"@type":"Person","@id":"https:\/\/www.bellunopress.it\/#\/schema\/person\/79bb06722b37ece1c03d3e94beb30d73","name":"r\u00e9daction","image":{"@type":"ImageObject","inLanguage":"fr-FR","@id":"https:\/\/secure.gravatar.com\/avatar\/37d968a2e67a6fd04c169c4bdef102d0bc5d31b2546345219e348575eb80e9a0?s=96&d=mm&r=g","url":"https:\/\/secure.gravatar.com\/avatar\/37d968a2e67a6fd04c169c4bdef102d0bc5d31b2546345219e348575eb80e9a0?s=96&d=mm&r=g","contentUrl":"https:\/\/secure.gravatar.com\/avatar\/37d968a2e67a6fd04c169c4bdef102d0bc5d31b2546345219e348575eb80e9a0?s=96&d=mm&r=g","caption":"redazione"},"sameAs":["http:\/\/www.bellunopress.it","https:\/\/x.com\/bellunopress"],"url":"https:\/\/www.bellunopress.it\/fr\/author\/redazione\/"}]}},"_links":{"self":[{"href":"https:\/\/www.bellunopress.it\/fr\/wp-json\/wp\/v2\/posts\/116366","targetHints":{"allow":["GET"]}}],"collection":[{"href":"https:\/\/www.bellunopress.it\/fr\/wp-json\/wp\/v2\/posts"}],"about":[{"href":"https:\/\/www.bellunopress.it\/fr\/wp-json\/wp\/v2\/types\/post"}],"author":[{"embeddable":true,"href":"https:\/\/www.bellunopress.it\/fr\/wp-json\/wp\/v2\/users\/2"}],"replies":[{"embeddable":true,"href":"https:\/\/www.bellunopress.it\/fr\/wp-json\/wp\/v2\/comments?post=116366"}],"version-history":[{"count":5,"href":"https:\/\/www.bellunopress.it\/fr\/wp-json\/wp\/v2\/posts\/116366\/revisions"}],"predecessor-version":[{"id":116372,"href":"https:\/\/www.bellunopress.it\/fr\/wp-json\/wp\/v2\/posts\/116366\/revisions\/116372"}],"wp:featuredmedia":[{"embeddable":true,"href":"https:\/\/www.bellunopress.it\/fr\/wp-json\/wp\/v2\/media\/116367"}],"wp:attachment":[{"href":"https:\/\/www.bellunopress.it\/fr\/wp-json\/wp\/v2\/media?parent=116366"}],"wp:term":[{"taxonomy":"category","embeddable":true,"href":"https:\/\/www.bellunopress.it\/fr\/wp-json\/wp\/v2\/categories?post=116366"},{"taxonomy":"post_tag","embeddable":true,"href":"https:\/\/www.bellunopress.it\/fr\/wp-json\/wp\/v2\/tags?post=116366"}],"curies":[{"name":"wp","href":"https:\/\/api.w.org\/{rel}","templated":true}]}}