{"id":116362,"date":"2020-08-03T21:57:31","date_gmt":"2020-08-03T19:57:31","guid":{"rendered":"http:\/\/www.bellunopress.it\/?p=116362"},"modified":"2020-08-03T21:57:32","modified_gmt":"2020-08-03T19:57:32","slug":"lavori-in-corso-listituto-comprensivo-di-mel-e-lentiai-spiega-a-genitori-e-alunni-come-ripartire-tra-covid-e-trasloco","status":"publish","type":"post","link":"https:\/\/www.bellunopress.it\/fr\/2020\/08\/03\/lavori-in-corso-listituto-comprensivo-di-mel-e-lentiai-spiega-a-genitori-e-alunni-come-ripartire-tra-covid-e-trasloco\/","title":{"rendered":"Lavori in corso. L&#8217;Istituto comprensivo di Mel e Lentiai spiega a genitori e alunni come ripartire tra Covid e trasloco"},"content":{"rendered":"<figure id=\"attachment_116363\" aria-describedby=\"caption-attachment-116363\" style=\"width: 800px\" class=\"wp-caption alignleft\"><a href=\"http:\/\/www.bellunopress.it\/fr\/2020\/08\/03\/lavori-in-corso-listituto-comprensivo-di-mel-e-lentiai-spiega-a-genitori-e-alunni-come-ripartire-tra-covid-e-trasloco\/adeguamenti-parcheggi-secondaria-mel_edited\/\" rel=\"attachment wp-att-116363\"><img loading=\"lazy\" decoding=\"async\" class=\"size-full wp-image-116363\" src=\"http:\/\/www.bellunopress.it\/wp-content\/uploads\/2020\/08\/adeguamenti-parcheggi-secondaria-mel_edited.jpg\" alt=\"\" width=\"800\" height=\"601\" srcset=\"https:\/\/www.bellunopress.it\/wp-content\/uploads\/2020\/08\/adeguamenti-parcheggi-secondaria-mel_edited.jpg 800w, https:\/\/www.bellunopress.it\/wp-content\/uploads\/2020\/08\/adeguamenti-parcheggi-secondaria-mel_edited-500x376.jpg 500w, https:\/\/www.bellunopress.it\/wp-content\/uploads\/2020\/08\/adeguamenti-parcheggi-secondaria-mel_edited-696x523.jpg 696w, https:\/\/www.bellunopress.it\/wp-content\/uploads\/2020\/08\/adeguamenti-parcheggi-secondaria-mel_edited-559x420.jpg 559w, https:\/\/www.bellunopress.it\/wp-content\/uploads\/2020\/08\/adeguamenti-parcheggi-secondaria-mel_edited-80x60.jpg 80w, https:\/\/www.bellunopress.it\/wp-content\/uploads\/2020\/08\/adeguamenti-parcheggi-secondaria-mel_edited-265x198.jpg 265w\" sizes=\"auto, (max-width: 800px) 100vw, 800px\" \/><\/a><figcaption id=\"caption-attachment-116363\" class=\"wp-caption-text\">Adeguamento parcheggi Secondaria di Mel<\/figcaption><\/figure>\n<p>Borgo Valbelluna 3 agosto 2020 &#8211; Lavori in corso \u00e8 la sezione presente nel sito dell\u2019Istituto Comprensivo di Mel e Lentiai dove genitori e alunni potranno trovare tutti gli interventi che la scuola, in stretta collaborazione con l\u2019amministrazione comunale, sta mettendo in campo per garantire il rientro in sicurezza a settembre.<\/p>\n<p>Due i filoni principali d\u2019intervento nei quali Istituzione scolastica ed ente locale sono impegnati: la riorganizzazione degli spazi scuola in base al distanziamento dettato dall\u2019emergenza Covid e la gestione del trasloco in seguito alla demolizione del plesso della scuola secondaria di primo grado di Mel. L\u2019intervento edilizio di demolizione del vecchio fabbricato consentir\u00e0 la costruzione del nuovo plesso che ospiter\u00e0 materne e primarie di Mel. Si tratta di un intervento complesso che oggi determina la riorganizzazione degli spazi per circa 200 alunni, ma che poi permetter\u00e0 di avere spazi didattici innovativi per pi\u00f9 di 300 bambini.<\/p>\n<p>Innumerevoli sono i settori e gli ambiti messi a dura prova dal Covid-19, ma in particolare la scuola si \u00e8 vista impegnata su pi\u00f9 fronti: non solo l\u2019impegnativo fare lezione a distanza, ma in alcuni casi il dover rintracciare ragazzi e famiglie, il fornire loro mezzi nel tentativo di tenere le classi unite almeno in modo virtuale; il tutto in un contesto digitale inadeguato e con la netta sensazione che la chiusura della scuola sia stata vissuta dalla politica come un effetto collaterale trascurabile a confronto dell\u2019emergenza sanitaria ed economica.<\/p>\n<p>L\u2019Istituto Comprensivo di Mel e Lentiai di Borgo Valbelluna ha fatto fronte a questa emergenza rintracciando anche le famiglie pi\u00f9 isolate e fornendo, grazie anche all\u2019intervento dell\u2019amministrazione comunale, 12 computer ad alunni della scuola secondaria, 17 computer ad alunni della scuola primaria e 4 computer agli alunni dell\u2019infanzia. Gli strumenti sono stati forniti in comodato d\u2019uso e, dove proprio non \u00e8 stato possibile fare diversamente, si \u00e8 intervenuti portando a casa il materiale cartaceo; servizio quest\u2019ultimo che ha coinvolto i volontari dell\u2019Amministrazione comunale e che ha consentito a 30 famiglie di ricevere i compiti a casa e di restituirli ai loro docenti per la correzione.<\/p>\n<p>Ora si pensa alla riapertura e numerosi sono i lavori in corso come spiega il dirigente Umberto De Col: \u201cl\u2019impegno dell\u2019istituto e dell\u2019amministrazione ha permesso di accedere per la prima volta a due PON (progetto di innovazione e miglioramento del sistema dell\u2019istruzione, attraverso dei fondi aggiuntivi europei). Quello ottenuto dal Comune di Borgo Valbelluna riguarda gli interventi strutturali e logistici e permetter\u00e0 di realizzare una serie di adeguamenti dei plessi e delle aree esterne di pertinenza, per favorire una didattica che fruisca di ambienti di apprendimento in tutti gli spazi degli edifici e all\u2019aperto. Il periodo di lockdown \u00e8 stato particolarmente discriminante, avendo messo in crisi tutte le famiglie, ma avendo particolarmente isolato gli alunni pi\u00f9 in difficolt\u00e0. I servizi individualizzati di comodato d\u2019uso e di assistenza con i compiti cartacei hanno coinvolto circa il 10% dei nostri studenti ma adesso hanno bisogno di tornare a scuola e noi stiamo facendo tutti gli sforzi possibili\u201d.<\/p>\n<p>\u201cL\u2019Istituto comprensivo \u2013 spiega il dirigente &#8211; ha ottenuto invece il finanziamento PON Smart Class\u00a0che ha consentito l\u2019acquisto di strumenti digitali, nello specifico chromebook, per l\u2019introduzione di progetti volti a digitalizzare gli ambienti di apprendimento, mirando a superare la logica del laboratorio di informatica. Su questo tema sono stati impegnati anche i\u00a0fondi ministeriali che fanno riferimento alla nota MI 562 del 28 marzo 2020; relativi ai devices da fornire in comodato d\u2019uso, all\u2019organizzazione di piattaforme didattiche ed alla formazione dei docenti. La scuola inoltre ha predisposto la sua\u00a0candidatura per il Bando PON &#8211; supporti didattici. \u00c8 nostra volont\u00e0 cominciare da subito, pur nel rispetto dei limiti imposti dall\u2019emergenza sanitaria, ad organizzare atelier digitali e nuovi spazi di apprendimento. Per questo abbiamo aderito al Movimento Piccole scuole, promosso da INDIRE, e stiamo lavorando per aderire al Movimento Avanguardie educative. Il nostro territorio ha delle grandi potenzialit\u00e0 per la costituzione di comunit\u00e0 di memoria e per perseguire la qualit\u00e0 dell\u2019apprendimento, per questo le tecnologie devono andare nella direzione dell\u2019inclusione sociale\u201d.<\/p>\n<p>Tutti i dettagli riguardo gli interventi attuali sono disponibili nel sito dell\u2019istituto alla pagina <a href=\"https:\/\/www.comprensivomel.it\/lavori-in-corso\">https:\/\/www.comprensivomel.it\/lavori-in-corso<\/a>, mentre tutti gli interventi effettuati durante la fase di lockdown sono descritti alla pagina <a href=\"https:\/\/www.comprensivomel.it\/offerta-formativa\/didattica-a-distanza\">https:\/\/www.comprensivomel.it\/offerta-formativa\/didattica-a-distanza<\/a><\/p>","protected":false},"excerpt":{"rendered":"<p>Borgo Valbelluna 3 agosto 2020 &#8211; Lavori in corso \u00e8 la sezione presente nel sito dell\u2019Istituto Comprensivo di Mel e Lentiai dove genitori e alunni potranno trovare tutti gli interventi che la scuola, in stretta collaborazione con l\u2019amministrazione comunale, sta mettendo in campo per garantire il rientro in sicurezza a settembre. Due i filoni principali [&hellip;]<\/p>\n","protected":false},"author":2,"featured_media":116363,"comment_status":"closed","ping_status":"open","sticky":false,"template":"","format":"standard","meta":{"footnotes":""},"categories":[26,15],"tags":[],"class_list":["post-116362","post","type-post","status-publish","format-standard","has-post-thumbnail","category-prima-pagina","category-scuola"],"yoast_head":"<!-- This site is optimized with the Yoast SEO plugin v28.4 - https:\/\/yoast.com\/product\/yoast-seo-wordpress\/ -->\n<title>Lavori in corso. L&#039;Istituto comprensivo di Mel e Lentiai spiega a genitori e alunni come ripartire tra Covid e trasloco - Bellunopress - Dolomiti<\/title>\n<meta name=\"robots\" content=\"index, follow, max-snippet:-1, max-image-preview:large, max-video-preview:-1\" \/>\n<link rel=\"canonical\" href=\"https:\/\/www.bellunopress.it\/fr\/2020\/08\/03\/lavori-in-corso-listituto-comprensivo-di-mel-e-lentiai-spiega-a-genitori-e-alunni-come-ripartire-tra-covid-e-trasloco\/\" \/>\n<meta property=\"og:locale\" content=\"fr_FR\" \/>\n<meta property=\"og:type\" content=\"article\" \/>\n<meta property=\"og:title\" content=\"Lavori in corso. L&#039;Istituto comprensivo di Mel e Lentiai spiega a genitori e alunni come ripartire tra Covid e trasloco - Bellunopress - Dolomiti\" \/>\n<meta property=\"og:description\" content=\"Borgo Valbelluna 3 agosto 2020 &#8211; Lavori in corso \u00e8 la sezione presente nel sito dell\u2019Istituto Comprensivo di Mel e Lentiai dove genitori e alunni potranno trovare tutti gli interventi che la scuola, in stretta collaborazione con l\u2019amministrazione comunale, sta mettendo in campo per garantire il rientro in sicurezza a settembre. Due i filoni principali [&hellip;]\" \/>\n<meta property=\"og:url\" content=\"https:\/\/www.bellunopress.it\/fr\/2020\/08\/03\/lavori-in-corso-listituto-comprensivo-di-mel-e-lentiai-spiega-a-genitori-e-alunni-come-ripartire-tra-covid-e-trasloco\/\" \/>\n<meta property=\"og:site_name\" content=\"Bellunopress - Dolomiti\" \/>\n<meta property=\"article:publisher\" content=\"https:\/\/www.facebook.com\/profile.php?id=100008943462799\" \/>\n<meta property=\"article:published_time\" content=\"2020-08-03T19:57:31+00:00\" \/>\n<meta property=\"article:modified_time\" content=\"2020-08-03T19:57:32+00:00\" \/>\n<meta property=\"og:image\" content=\"https:\/\/www.bellunopress.it\/wp-content\/uploads\/2020\/08\/adeguamenti-parcheggi-secondaria-mel_edited.jpg\" \/>\n\t<meta property=\"og:image:width\" content=\"800\" \/>\n\t<meta property=\"og:image:height\" content=\"601\" \/>\n\t<meta property=\"og:image:type\" content=\"image\/jpeg\" \/>\n<meta name=\"author\" content=\"redazione\" \/>\n<meta name=\"twitter:card\" content=\"summary_large_image\" \/>\n<meta name=\"twitter:creator\" content=\"@bellunopress\" \/>\n<meta name=\"twitter:site\" content=\"@bellunopress\" \/>\n<meta name=\"twitter:label1\" content=\"\u00c9crit par\" \/>\n\t<meta name=\"twitter:data1\" content=\"redazione\" \/>\n\t<meta name=\"twitter:label2\" content=\"Dur\u00e9e de lecture estim\u00e9e\" \/>\n\t<meta name=\"twitter:data2\" content=\"4 minutes\" \/>\n<script type=\"application\/ld+json\" class=\"yoast-schema-graph\">{\"@context\":\"https:\\\/\\\/schema.org\",\"@graph\":[{\"@type\":\"Article\",\"@id\":\"https:\\\/\\\/www.bellunopress.it\\\/2020\\\/08\\\/03\\\/lavori-in-corso-listituto-comprensivo-di-mel-e-lentiai-spiega-a-genitori-e-alunni-come-ripartire-tra-covid-e-trasloco\\\/#article\",\"isPartOf\":{\"@id\":\"https:\\\/\\\/www.bellunopress.it\\\/2020\\\/08\\\/03\\\/lavori-in-corso-listituto-comprensivo-di-mel-e-lentiai-spiega-a-genitori-e-alunni-come-ripartire-tra-covid-e-trasloco\\\/\"},\"author\":{\"name\":\"redazione\",\"@id\":\"https:\\\/\\\/www.bellunopress.it\\\/#\\\/schema\\\/person\\\/79bb06722b37ece1c03d3e94beb30d73\"},\"headline\":\"Lavori in corso. L&#8217;Istituto comprensivo di Mel e Lentiai spiega a genitori e alunni come ripartire tra Covid e trasloco\",\"datePublished\":\"2020-08-03T19:57:31+00:00\",\"dateModified\":\"2020-08-03T19:57:32+00:00\",\"mainEntityOfPage\":{\"@id\":\"https:\\\/\\\/www.bellunopress.it\\\/2020\\\/08\\\/03\\\/lavori-in-corso-listituto-comprensivo-di-mel-e-lentiai-spiega-a-genitori-e-alunni-come-ripartire-tra-covid-e-trasloco\\\/\"},\"wordCount\":750,\"publisher\":{\"@id\":\"https:\\\/\\\/www.bellunopress.it\\\/#organization\"},\"image\":{\"@id\":\"https:\\\/\\\/www.bellunopress.it\\\/2020\\\/08\\\/03\\\/lavori-in-corso-listituto-comprensivo-di-mel-e-lentiai-spiega-a-genitori-e-alunni-come-ripartire-tra-covid-e-trasloco\\\/#primaryimage\"},\"thumbnailUrl\":\"https:\\\/\\\/www.bellunopress.it\\\/wp-content\\\/uploads\\\/2020\\\/08\\\/adeguamenti-parcheggi-secondaria-mel_edited.jpg\",\"articleSection\":[\"Prima Pagina\",\"Scuola\"],\"inLanguage\":\"fr-FR\"},{\"@type\":\"WebPage\",\"@id\":\"https:\\\/\\\/www.bellunopress.it\\\/2020\\\/08\\\/03\\\/lavori-in-corso-listituto-comprensivo-di-mel-e-lentiai-spiega-a-genitori-e-alunni-come-ripartire-tra-covid-e-trasloco\\\/\",\"url\":\"https:\\\/\\\/www.bellunopress.it\\\/2020\\\/08\\\/03\\\/lavori-in-corso-listituto-comprensivo-di-mel-e-lentiai-spiega-a-genitori-e-alunni-come-ripartire-tra-covid-e-trasloco\\\/\",\"name\":\"Lavori in corso. L'Istituto comprensivo di Mel e Lentiai spiega a genitori e alunni come ripartire tra Covid e trasloco - Bellunopress - Dolomiti\",\"isPartOf\":{\"@id\":\"https:\\\/\\\/www.bellunopress.it\\\/#website\"},\"primaryImageOfPage\":{\"@id\":\"https:\\\/\\\/www.bellunopress.it\\\/2020\\\/08\\\/03\\\/lavori-in-corso-listituto-comprensivo-di-mel-e-lentiai-spiega-a-genitori-e-alunni-come-ripartire-tra-covid-e-trasloco\\\/#primaryimage\"},\"image\":{\"@id\":\"https:\\\/\\\/www.bellunopress.it\\\/2020\\\/08\\\/03\\\/lavori-in-corso-listituto-comprensivo-di-mel-e-lentiai-spiega-a-genitori-e-alunni-come-ripartire-tra-covid-e-trasloco\\\/#primaryimage\"},\"thumbnailUrl\":\"https:\\\/\\\/www.bellunopress.it\\\/wp-content\\\/uploads\\\/2020\\\/08\\\/adeguamenti-parcheggi-secondaria-mel_edited.jpg\",\"datePublished\":\"2020-08-03T19:57:31+00:00\",\"dateModified\":\"2020-08-03T19:57:32+00:00\",\"breadcrumb\":{\"@id\":\"https:\\\/\\\/www.bellunopress.it\\\/2020\\\/08\\\/03\\\/lavori-in-corso-listituto-comprensivo-di-mel-e-lentiai-spiega-a-genitori-e-alunni-come-ripartire-tra-covid-e-trasloco\\\/#breadcrumb\"},\"inLanguage\":\"fr-FR\",\"potentialAction\":[{\"@type\":\"ReadAction\",\"target\":[\"https:\\\/\\\/www.bellunopress.it\\\/2020\\\/08\\\/03\\\/lavori-in-corso-listituto-comprensivo-di-mel-e-lentiai-spiega-a-genitori-e-alunni-come-ripartire-tra-covid-e-trasloco\\\/\"]}]},{\"@type\":\"ImageObject\",\"inLanguage\":\"fr-FR\",\"@id\":\"https:\\\/\\\/www.bellunopress.it\\\/2020\\\/08\\\/03\\\/lavori-in-corso-listituto-comprensivo-di-mel-e-lentiai-spiega-a-genitori-e-alunni-come-ripartire-tra-covid-e-trasloco\\\/#primaryimage\",\"url\":\"https:\\\/\\\/www.bellunopress.it\\\/wp-content\\\/uploads\\\/2020\\\/08\\\/adeguamenti-parcheggi-secondaria-mel_edited.jpg\",\"contentUrl\":\"https:\\\/\\\/www.bellunopress.it\\\/wp-content\\\/uploads\\\/2020\\\/08\\\/adeguamenti-parcheggi-secondaria-mel_edited.jpg\",\"width\":800,\"height\":601,\"caption\":\"Adeguamento parcheggi Secondaria di Mel\"},{\"@type\":\"BreadcrumbList\",\"@id\":\"https:\\\/\\\/www.bellunopress.it\\\/2020\\\/08\\\/03\\\/lavori-in-corso-listituto-comprensivo-di-mel-e-lentiai-spiega-a-genitori-e-alunni-come-ripartire-tra-covid-e-trasloco\\\/#breadcrumb\",\"itemListElement\":[{\"@type\":\"ListItem\",\"position\":1,\"name\":\"Home\",\"item\":\"https:\\\/\\\/www.bellunopress.it\\\/\"},{\"@type\":\"ListItem\",\"position\":2,\"name\":\"Lavori in corso. L&#8217;Istituto comprensivo di Mel e Lentiai spiega a genitori e alunni come ripartire tra Covid e trasloco\"}]},{\"@type\":\"WebSite\",\"@id\":\"https:\\\/\\\/www.bellunopress.it\\\/#website\",\"url\":\"https:\\\/\\\/www.bellunopress.it\\\/\",\"name\":\"Bellunopress - Dolomiti\",\"description\":\"e-mail: redazione@bellunopress.it\",\"publisher\":{\"@id\":\"https:\\\/\\\/www.bellunopress.it\\\/#organization\"},\"potentialAction\":[{\"@type\":\"SearchAction\",\"target\":{\"@type\":\"EntryPoint\",\"urlTemplate\":\"https:\\\/\\\/www.bellunopress.it\\\/?s={search_term_string}\"},\"query-input\":{\"@type\":\"PropertyValueSpecification\",\"valueRequired\":true,\"valueName\":\"search_term_string\"}}],\"inLanguage\":\"fr-FR\"},{\"@type\":\"Organization\",\"@id\":\"https:\\\/\\\/www.bellunopress.it\\\/#organization\",\"name\":\"Bellunopress\",\"url\":\"https:\\\/\\\/www.bellunopress.it\\\/\",\"logo\":{\"@type\":\"ImageObject\",\"inLanguage\":\"fr-FR\",\"@id\":\"https:\\\/\\\/www.bellunopress.it\\\/#\\\/schema\\\/logo\\\/image\\\/\",\"url\":\"https:\\\/\\\/www.bellunopress.it\\\/wp-content\\\/uploads\\\/2011\\\/05\\\/cropped-logo-bellunopress-.jpg\",\"contentUrl\":\"https:\\\/\\\/www.bellunopress.it\\\/wp-content\\\/uploads\\\/2011\\\/05\\\/cropped-logo-bellunopress-.jpg\",\"width\":512,\"height\":512,\"caption\":\"Bellunopress\"},\"image\":{\"@id\":\"https:\\\/\\\/www.bellunopress.it\\\/#\\\/schema\\\/logo\\\/image\\\/\"},\"sameAs\":[\"https:\\\/\\\/www.facebook.com\\\/profile.php?id=100008943462799\",\"https:\\\/\\\/x.com\\\/bellunopress\",\"https:\\\/\\\/www.linkedin.com\\\/hp\\\/?dnr=JBzUWaJfMUw8vbXJJ2tVW5-I3jZKvC4wsoxE&amp;amp;amp;amp;amp;amp;trk=nav_responsive_tab_home\",\"https:\\\/\\\/www.youtube.com\\\/channel\\\/UCxL0wu1uN0_3_7hGG0306cw\"]},{\"@type\":\"Person\",\"@id\":\"https:\\\/\\\/www.bellunopress.it\\\/#\\\/schema\\\/person\\\/79bb06722b37ece1c03d3e94beb30d73\",\"name\":\"redazione\",\"image\":{\"@type\":\"ImageObject\",\"inLanguage\":\"fr-FR\",\"@id\":\"https:\\\/\\\/secure.gravatar.com\\\/avatar\\\/37d968a2e67a6fd04c169c4bdef102d0bc5d31b2546345219e348575eb80e9a0?s=96&d=mm&r=g\",\"url\":\"https:\\\/\\\/secure.gravatar.com\\\/avatar\\\/37d968a2e67a6fd04c169c4bdef102d0bc5d31b2546345219e348575eb80e9a0?s=96&d=mm&r=g\",\"contentUrl\":\"https:\\\/\\\/secure.gravatar.com\\\/avatar\\\/37d968a2e67a6fd04c169c4bdef102d0bc5d31b2546345219e348575eb80e9a0?s=96&d=mm&r=g\",\"caption\":\"redazione\"},\"sameAs\":[\"http:\\\/\\\/www.bellunopress.it\",\"https:\\\/\\\/x.com\\\/bellunopress\"],\"url\":\"https:\\\/\\\/www.bellunopress.it\\\/fr\\\/author\\\/redazione\\\/\"}]}<\/script>\n<!-- \/ Yoast SEO plugin. -->","yoast_head_json":{"title":"Lavori in corso. L'Istituto comprensivo di Mel e Lentiai spiega a genitori e alunni come ripartire tra Covid e trasloco - Bellunopress - Dolomiti","robots":{"index":"index","follow":"follow","max-snippet":"max-snippet:-1","max-image-preview":"max-image-preview:large","max-video-preview":"max-video-preview:-1"},"canonical":"https:\/\/www.bellunopress.it\/fr\/2020\/08\/03\/lavori-in-corso-listituto-comprensivo-di-mel-e-lentiai-spiega-a-genitori-e-alunni-come-ripartire-tra-covid-e-trasloco\/","og_locale":"fr_FR","og_type":"article","og_title":"Lavori in corso. L'Istituto comprensivo di Mel e Lentiai spiega a genitori e alunni come ripartire tra Covid e trasloco - Bellunopress - Dolomiti","og_description":"Borgo Valbelluna 3 agosto 2020 &#8211; Lavori in corso \u00e8 la sezione presente nel sito dell\u2019Istituto Comprensivo di Mel e Lentiai dove genitori e alunni potranno trovare tutti gli interventi che la scuola, in stretta collaborazione con l\u2019amministrazione comunale, sta mettendo in campo per garantire il rientro in sicurezza a settembre. Due i filoni principali [&hellip;]","og_url":"https:\/\/www.bellunopress.it\/fr\/2020\/08\/03\/lavori-in-corso-listituto-comprensivo-di-mel-e-lentiai-spiega-a-genitori-e-alunni-come-ripartire-tra-covid-e-trasloco\/","og_site_name":"Bellunopress - Dolomiti","article_publisher":"https:\/\/www.facebook.com\/profile.php?id=100008943462799","article_published_time":"2020-08-03T19:57:31+00:00","article_modified_time":"2020-08-03T19:57:32+00:00","og_image":[{"width":800,"height":601,"url":"https:\/\/www.bellunopress.it\/wp-content\/uploads\/2020\/08\/adeguamenti-parcheggi-secondaria-mel_edited.jpg","type":"image\/jpeg"}],"author":"redazione","twitter_card":"summary_large_image","twitter_creator":"@bellunopress","twitter_site":"@bellunopress","twitter_misc":{"\u00c9crit par":"redazione","Dur\u00e9e de lecture estim\u00e9e":"4 minutes"},"schema":{"@context":"https:\/\/schema.org","@graph":[{"@type":"Article","@id":"https:\/\/www.bellunopress.it\/2020\/08\/03\/lavori-in-corso-listituto-comprensivo-di-mel-e-lentiai-spiega-a-genitori-e-alunni-come-ripartire-tra-covid-e-trasloco\/#article","isPartOf":{"@id":"https:\/\/www.bellunopress.it\/2020\/08\/03\/lavori-in-corso-listituto-comprensivo-di-mel-e-lentiai-spiega-a-genitori-e-alunni-come-ripartire-tra-covid-e-trasloco\/"},"author":{"name":"redazione","@id":"https:\/\/www.bellunopress.it\/#\/schema\/person\/79bb06722b37ece1c03d3e94beb30d73"},"headline":"Lavori in corso. L&#8217;Istituto comprensivo di Mel e Lentiai spiega a genitori e alunni come ripartire tra Covid e trasloco","datePublished":"2020-08-03T19:57:31+00:00","dateModified":"2020-08-03T19:57:32+00:00","mainEntityOfPage":{"@id":"https:\/\/www.bellunopress.it\/2020\/08\/03\/lavori-in-corso-listituto-comprensivo-di-mel-e-lentiai-spiega-a-genitori-e-alunni-come-ripartire-tra-covid-e-trasloco\/"},"wordCount":750,"publisher":{"@id":"https:\/\/www.bellunopress.it\/#organization"},"image":{"@id":"https:\/\/www.bellunopress.it\/2020\/08\/03\/lavori-in-corso-listituto-comprensivo-di-mel-e-lentiai-spiega-a-genitori-e-alunni-come-ripartire-tra-covid-e-trasloco\/#primaryimage"},"thumbnailUrl":"https:\/\/www.bellunopress.it\/wp-content\/uploads\/2020\/08\/adeguamenti-parcheggi-secondaria-mel_edited.jpg","articleSection":["Prima Pagina","Scuola"],"inLanguage":"fr-FR"},{"@type":"WebPage","@id":"https:\/\/www.bellunopress.it\/2020\/08\/03\/lavori-in-corso-listituto-comprensivo-di-mel-e-lentiai-spiega-a-genitori-e-alunni-come-ripartire-tra-covid-e-trasloco\/","url":"https:\/\/www.bellunopress.it\/2020\/08\/03\/lavori-in-corso-listituto-comprensivo-di-mel-e-lentiai-spiega-a-genitori-e-alunni-come-ripartire-tra-covid-e-trasloco\/","name":"Lavori in corso. L'Istituto comprensivo di Mel e Lentiai spiega a genitori e alunni come ripartire tra Covid e trasloco - Bellunopress - Dolomiti","isPartOf":{"@id":"https:\/\/www.bellunopress.it\/#website"},"primaryImageOfPage":{"@id":"https:\/\/www.bellunopress.it\/2020\/08\/03\/lavori-in-corso-listituto-comprensivo-di-mel-e-lentiai-spiega-a-genitori-e-alunni-come-ripartire-tra-covid-e-trasloco\/#primaryimage"},"image":{"@id":"https:\/\/www.bellunopress.it\/2020\/08\/03\/lavori-in-corso-listituto-comprensivo-di-mel-e-lentiai-spiega-a-genitori-e-alunni-come-ripartire-tra-covid-e-trasloco\/#primaryimage"},"thumbnailUrl":"https:\/\/www.bellunopress.it\/wp-content\/uploads\/2020\/08\/adeguamenti-parcheggi-secondaria-mel_edited.jpg","datePublished":"2020-08-03T19:57:31+00:00","dateModified":"2020-08-03T19:57:32+00:00","breadcrumb":{"@id":"https:\/\/www.bellunopress.it\/2020\/08\/03\/lavori-in-corso-listituto-comprensivo-di-mel-e-lentiai-spiega-a-genitori-e-alunni-come-ripartire-tra-covid-e-trasloco\/#breadcrumb"},"inLanguage":"fr-FR","potentialAction":[{"@type":"ReadAction","target":["https:\/\/www.bellunopress.it\/2020\/08\/03\/lavori-in-corso-listituto-comprensivo-di-mel-e-lentiai-spiega-a-genitori-e-alunni-come-ripartire-tra-covid-e-trasloco\/"]}]},{"@type":"ImageObject","inLanguage":"fr-FR","@id":"https:\/\/www.bellunopress.it\/2020\/08\/03\/lavori-in-corso-listituto-comprensivo-di-mel-e-lentiai-spiega-a-genitori-e-alunni-come-ripartire-tra-covid-e-trasloco\/#primaryimage","url":"https:\/\/www.bellunopress.it\/wp-content\/uploads\/2020\/08\/adeguamenti-parcheggi-secondaria-mel_edited.jpg","contentUrl":"https:\/\/www.bellunopress.it\/wp-content\/uploads\/2020\/08\/adeguamenti-parcheggi-secondaria-mel_edited.jpg","width":800,"height":601,"caption":"Adeguamento parcheggi Secondaria di Mel"},{"@type":"BreadcrumbList","@id":"https:\/\/www.bellunopress.it\/2020\/08\/03\/lavori-in-corso-listituto-comprensivo-di-mel-e-lentiai-spiega-a-genitori-e-alunni-come-ripartire-tra-covid-e-trasloco\/#breadcrumb","itemListElement":[{"@type":"ListItem","position":1,"name":"Home","item":"https:\/\/www.bellunopress.it\/"},{"@type":"ListItem","position":2,"name":"Lavori in corso. L&#8217;Istituto comprensivo di Mel e Lentiai spiega a genitori e alunni come ripartire tra Covid e trasloco"}]},{"@type":"WebSite","@id":"https:\/\/www.bellunopress.it\/#website","url":"https:\/\/www.bellunopress.it\/","name":"Bellunopress - Dolomiti","description":"e-mail: redazione@bellunopress.it","publisher":{"@id":"https:\/\/www.bellunopress.it\/#organization"},"potentialAction":[{"@type":"SearchAction","target":{"@type":"EntryPoint","urlTemplate":"https:\/\/www.bellunopress.it\/?s={search_term_string}"},"query-input":{"@type":"PropertyValueSpecification","valueRequired":true,"valueName":"search_term_string"}}],"inLanguage":"fr-FR"},{"@type":"Organization","@id":"https:\/\/www.bellunopress.it\/#organization","name":"Bellunopress","url":"https:\/\/www.bellunopress.it\/","logo":{"@type":"ImageObject","inLanguage":"fr-FR","@id":"https:\/\/www.bellunopress.it\/#\/schema\/logo\/image\/","url":"https:\/\/www.bellunopress.it\/wp-content\/uploads\/2011\/05\/cropped-logo-bellunopress-.jpg","contentUrl":"https:\/\/www.bellunopress.it\/wp-content\/uploads\/2011\/05\/cropped-logo-bellunopress-.jpg","width":512,"height":512,"caption":"Bellunopress"},"image":{"@id":"https:\/\/www.bellunopress.it\/#\/schema\/logo\/image\/"},"sameAs":["https:\/\/www.facebook.com\/profile.php?id=100008943462799","https:\/\/x.com\/bellunopress","https:\/\/www.linkedin.com\/hp\/?dnr=JBzUWaJfMUw8vbXJJ2tVW5-I3jZKvC4wsoxE&amp;amp;amp;amp;amp;amp;trk=nav_responsive_tab_home","https:\/\/www.youtube.com\/channel\/UCxL0wu1uN0_3_7hGG0306cw"]},{"@type":"Person","@id":"https:\/\/www.bellunopress.it\/#\/schema\/person\/79bb06722b37ece1c03d3e94beb30d73","name":"r\u00e9daction","image":{"@type":"ImageObject","inLanguage":"fr-FR","@id":"https:\/\/secure.gravatar.com\/avatar\/37d968a2e67a6fd04c169c4bdef102d0bc5d31b2546345219e348575eb80e9a0?s=96&d=mm&r=g","url":"https:\/\/secure.gravatar.com\/avatar\/37d968a2e67a6fd04c169c4bdef102d0bc5d31b2546345219e348575eb80e9a0?s=96&d=mm&r=g","contentUrl":"https:\/\/secure.gravatar.com\/avatar\/37d968a2e67a6fd04c169c4bdef102d0bc5d31b2546345219e348575eb80e9a0?s=96&d=mm&r=g","caption":"redazione"},"sameAs":["http:\/\/www.bellunopress.it","https:\/\/x.com\/bellunopress"],"url":"https:\/\/www.bellunopress.it\/fr\/author\/redazione\/"}]}},"_links":{"self":[{"href":"https:\/\/www.bellunopress.it\/fr\/wp-json\/wp\/v2\/posts\/116362","targetHints":{"allow":["GET"]}}],"collection":[{"href":"https:\/\/www.bellunopress.it\/fr\/wp-json\/wp\/v2\/posts"}],"about":[{"href":"https:\/\/www.bellunopress.it\/fr\/wp-json\/wp\/v2\/types\/post"}],"author":[{"embeddable":true,"href":"https:\/\/www.bellunopress.it\/fr\/wp-json\/wp\/v2\/users\/2"}],"replies":[{"embeddable":true,"href":"https:\/\/www.bellunopress.it\/fr\/wp-json\/wp\/v2\/comments?post=116362"}],"version-history":[{"count":2,"href":"https:\/\/www.bellunopress.it\/fr\/wp-json\/wp\/v2\/posts\/116362\/revisions"}],"predecessor-version":[{"id":116365,"href":"https:\/\/www.bellunopress.it\/fr\/wp-json\/wp\/v2\/posts\/116362\/revisions\/116365"}],"wp:featuredmedia":[{"embeddable":true,"href":"https:\/\/www.bellunopress.it\/fr\/wp-json\/wp\/v2\/media\/116363"}],"wp:attachment":[{"href":"https:\/\/www.bellunopress.it\/fr\/wp-json\/wp\/v2\/media?parent=116362"}],"wp:term":[{"taxonomy":"category","embeddable":true,"href":"https:\/\/www.bellunopress.it\/fr\/wp-json\/wp\/v2\/categories?post=116362"},{"taxonomy":"post_tag","embeddable":true,"href":"https:\/\/www.bellunopress.it\/fr\/wp-json\/wp\/v2\/tags?post=116362"}],"curies":[{"name":"wp","href":"https:\/\/api.w.org\/{rel}","templated":true}]}}