{"id":11600,"date":"2010-01-21T08:25:17","date_gmt":"2010-01-21T07:25:17","guid":{"rendered":"http:\/\/www.bellunopress.it\/?p=11600"},"modified":"2010-01-18T08:27:03","modified_gmt":"2010-01-18T07:27:03","slug":"domenica-a-mel-le-apecar-in-gara-per-il-7%c2%b0-frende-trophy","status":"publish","type":"post","link":"https:\/\/www.bellunopress.it\/fr\/2010\/01\/21\/domenica-a-mel-le-apecar-in-gara-per-il-7%c2%b0-frende-trophy\/","title":{"rendered":"Domenica a Mel le apecar in gara per il &#8220;7\u00b0 Frende Trophy&#8221;"},"content":{"rendered":"<p>Inizia il 24 gennaio, con la settima edizione del Frende Trophy, il campionato mondiale delle apecar elaborate.\u00a0\u00a0La bucolica quiete del tranquillo paesino Zummellese sar\u00e0 disturbata dal rombo dei motori gi\u00e0 dal pomeriggio di sabato 23 quando inizieranno le prove libere di percorso e motori mentre piloti, meccanici e spettatori potranno trovare ristoro sotto il capiente e riscaldato capannone allestito a bordo pista per l\u2019occasione.\u00a0 Domenica mattina gi\u00e0 dalle ore 10, dopo le verifiche di idoneit\u00e0 dei mezzi, si partir\u00e0 con la prima delle tre manche previste. La fine delle ostilit\u00e0 agonistiche dovrebbe avvenire attorno alle ore 17 quando avranno seguite anche le premiazioni delle 4 categorie in gara.\u00a0 Oltre ai piloti Bellunesi ci saranno nutrite rappresentanze da Padova, Pordenone e Trentino; hanno garantito una massiccia presenza i piloti marchigiani e di San Marino.\u00a0 La manifestazione e\u2019 organizzata dalla scuderia Green Furious con il supporto logistico e tecnico della associazione Principato de Roe Basse.<\/p>","protected":false},"excerpt":{"rendered":"<p>Inizia il 24 gennaio, con la settima edizione del Frende Trophy, il campionato mondiale delle apecar elaborate.\u00a0\u00a0La bucolica quiete del tranquillo paesino Zummellese sar\u00e0 disturbata dal rombo dei motori gi\u00e0 dal pomeriggio di sabato 23 quando inizieranno le prove libere di percorso e motori mentre piloti, meccanici e spettatori potranno trovare ristoro sotto il capiente [&hellip;]<\/p>\n","protected":false},"author":2,"featured_media":0,"comment_status":"closed","ping_status":"open","sticky":false,"template":"","format":"standard","meta":{"footnotes":""},"categories":[25,4],"tags":[],"class_list":["post-11600","post","type-post","status-publish","format-standard","category-pausa-caffe","category-sport"],"yoast_head":"<!-- This site is optimized with the Yoast SEO plugin v28.4 - https:\/\/yoast.com\/product\/yoast-seo-wordpress\/ -->\n<title>Domenica a Mel le apecar in gara per il &quot;7\u00b0 Frende Trophy&quot; - Bellunopress - Dolomiti<\/title>\n<meta name=\"robots\" content=\"index, follow, max-snippet:-1, max-image-preview:large, max-video-preview:-1\" \/>\n<link rel=\"canonical\" href=\"https:\/\/www.bellunopress.it\/fr\/2010\/01\/21\/domenica-a-mel-le-apecar-in-gara-per-il-7\u00b0-frende-trophy\/\" \/>\n<meta property=\"og:locale\" content=\"fr_FR\" \/>\n<meta property=\"og:type\" content=\"article\" \/>\n<meta property=\"og:title\" content=\"Domenica a Mel le apecar in gara per il &quot;7\u00b0 Frende Trophy&quot; - Bellunopress - Dolomiti\" \/>\n<meta property=\"og:description\" content=\"Inizia il 24 gennaio, con la settima edizione del Frende Trophy, il campionato mondiale delle apecar elaborate.\u00a0\u00a0La bucolica quiete del tranquillo paesino Zummellese sar\u00e0 disturbata dal rombo dei motori gi\u00e0 dal pomeriggio di sabato 23 quando inizieranno le prove libere di percorso e motori mentre piloti, meccanici e spettatori potranno trovare ristoro sotto il capiente [&hellip;]\" \/>\n<meta property=\"og:url\" content=\"https:\/\/www.bellunopress.it\/fr\/2010\/01\/21\/domenica-a-mel-le-apecar-in-gara-per-il-7\u00b0-frende-trophy\/\" \/>\n<meta property=\"og:site_name\" content=\"Bellunopress - Dolomiti\" \/>\n<meta property=\"article:publisher\" content=\"https:\/\/www.facebook.com\/profile.php?id=100008943462799\" \/>\n<meta property=\"article:published_time\" content=\"2010-01-21T07:25:17+00:00\" \/>\n<meta property=\"og:image\" content=\"http:\/\/www.bellunopress.it\/wp-content\/uploads\/2012\/07\/logo-bellunopress-250x250-2012.jpg\" \/>\n<meta name=\"author\" content=\"redazione\" \/>\n<meta name=\"twitter:card\" content=\"summary_large_image\" \/>\n<meta name=\"twitter:creator\" content=\"@bellunopress\" \/>\n<meta name=\"twitter:site\" content=\"@bellunopress\" \/>\n<meta name=\"twitter:label1\" content=\"\u00c9crit par\" \/>\n\t<meta name=\"twitter:data1\" content=\"redazione\" \/>\n\t<meta name=\"twitter:label2\" content=\"Dur\u00e9e de lecture estim\u00e9e\" \/>\n\t<meta name=\"twitter:data2\" content=\"1 minute\" \/>\n<script type=\"application\/ld+json\" class=\"yoast-schema-graph\">{\"@context\":\"https:\\\/\\\/schema.org\",\"@graph\":[{\"@type\":\"Article\",\"@id\":\"https:\\\/\\\/www.bellunopress.it\\\/2010\\\/01\\\/21\\\/domenica-a-mel-le-apecar-in-gara-per-il-7%c2%b0-frende-trophy\\\/#article\",\"isPartOf\":{\"@id\":\"https:\\\/\\\/www.bellunopress.it\\\/2010\\\/01\\\/21\\\/domenica-a-mel-le-apecar-in-gara-per-il-7%c2%b0-frende-trophy\\\/\"},\"author\":{\"name\":\"redazione\",\"@id\":\"https:\\\/\\\/www.bellunopress.it\\\/#\\\/schema\\\/person\\\/79bb06722b37ece1c03d3e94beb30d73\"},\"headline\":\"Domenica a Mel le apecar in gara per il &#8220;7\u00b0 Frende Trophy&#8221;\",\"datePublished\":\"2010-01-21T07:25:17+00:00\",\"mainEntityOfPage\":{\"@id\":\"https:\\\/\\\/www.bellunopress.it\\\/2010\\\/01\\\/21\\\/domenica-a-mel-le-apecar-in-gara-per-il-7%c2%b0-frende-trophy\\\/\"},\"wordCount\":161,\"publisher\":{\"@id\":\"https:\\\/\\\/www.bellunopress.it\\\/#organization\"},\"articleSection\":[\"Pausa Caff\u00e8\",\"Sport, tempo libero\"],\"inLanguage\":\"fr-FR\"},{\"@type\":\"WebPage\",\"@id\":\"https:\\\/\\\/www.bellunopress.it\\\/2010\\\/01\\\/21\\\/domenica-a-mel-le-apecar-in-gara-per-il-7%c2%b0-frende-trophy\\\/\",\"url\":\"https:\\\/\\\/www.bellunopress.it\\\/2010\\\/01\\\/21\\\/domenica-a-mel-le-apecar-in-gara-per-il-7%c2%b0-frende-trophy\\\/\",\"name\":\"Domenica a Mel le apecar in gara per il \\\"7\u00b0 Frende Trophy\\\" - Bellunopress - Dolomiti\",\"isPartOf\":{\"@id\":\"https:\\\/\\\/www.bellunopress.it\\\/#website\"},\"datePublished\":\"2010-01-21T07:25:17+00:00\",\"breadcrumb\":{\"@id\":\"https:\\\/\\\/www.bellunopress.it\\\/2010\\\/01\\\/21\\\/domenica-a-mel-le-apecar-in-gara-per-il-7%c2%b0-frende-trophy\\\/#breadcrumb\"},\"inLanguage\":\"fr-FR\",\"potentialAction\":[{\"@type\":\"ReadAction\",\"target\":[\"https:\\\/\\\/www.bellunopress.it\\\/2010\\\/01\\\/21\\\/domenica-a-mel-le-apecar-in-gara-per-il-7%c2%b0-frende-trophy\\\/\"]}]},{\"@type\":\"BreadcrumbList\",\"@id\":\"https:\\\/\\\/www.bellunopress.it\\\/2010\\\/01\\\/21\\\/domenica-a-mel-le-apecar-in-gara-per-il-7%c2%b0-frende-trophy\\\/#breadcrumb\",\"itemListElement\":[{\"@type\":\"ListItem\",\"position\":1,\"name\":\"Home\",\"item\":\"https:\\\/\\\/www.bellunopress.it\\\/\"},{\"@type\":\"ListItem\",\"position\":2,\"name\":\"Domenica a Mel le apecar in gara per il &#8220;7\u00b0 Frende Trophy&#8221;\"}]},{\"@type\":\"WebSite\",\"@id\":\"https:\\\/\\\/www.bellunopress.it\\\/#website\",\"url\":\"https:\\\/\\\/www.bellunopress.it\\\/\",\"name\":\"Bellunopress - Dolomiti\",\"description\":\"e-mail: redazione@bellunopress.it\",\"publisher\":{\"@id\":\"https:\\\/\\\/www.bellunopress.it\\\/#organization\"},\"potentialAction\":[{\"@type\":\"SearchAction\",\"target\":{\"@type\":\"EntryPoint\",\"urlTemplate\":\"https:\\\/\\\/www.bellunopress.it\\\/?s={search_term_string}\"},\"query-input\":{\"@type\":\"PropertyValueSpecification\",\"valueRequired\":true,\"valueName\":\"search_term_string\"}}],\"inLanguage\":\"fr-FR\"},{\"@type\":\"Organization\",\"@id\":\"https:\\\/\\\/www.bellunopress.it\\\/#organization\",\"name\":\"Bellunopress\",\"url\":\"https:\\\/\\\/www.bellunopress.it\\\/\",\"logo\":{\"@type\":\"ImageObject\",\"inLanguage\":\"fr-FR\",\"@id\":\"https:\\\/\\\/www.bellunopress.it\\\/#\\\/schema\\\/logo\\\/image\\\/\",\"url\":\"https:\\\/\\\/www.bellunopress.it\\\/wp-content\\\/uploads\\\/2011\\\/05\\\/cropped-logo-bellunopress-.jpg\",\"contentUrl\":\"https:\\\/\\\/www.bellunopress.it\\\/wp-content\\\/uploads\\\/2011\\\/05\\\/cropped-logo-bellunopress-.jpg\",\"width\":512,\"height\":512,\"caption\":\"Bellunopress\"},\"image\":{\"@id\":\"https:\\\/\\\/www.bellunopress.it\\\/#\\\/schema\\\/logo\\\/image\\\/\"},\"sameAs\":[\"https:\\\/\\\/www.facebook.com\\\/profile.php?id=100008943462799\",\"https:\\\/\\\/x.com\\\/bellunopress\",\"https:\\\/\\\/www.linkedin.com\\\/hp\\\/?dnr=JBzUWaJfMUw8vbXJJ2tVW5-I3jZKvC4wsoxE&amp;amp;amp;amp;amp;amp;trk=nav_responsive_tab_home\",\"https:\\\/\\\/www.youtube.com\\\/channel\\\/UCxL0wu1uN0_3_7hGG0306cw\"]},{\"@type\":\"Person\",\"@id\":\"https:\\\/\\\/www.bellunopress.it\\\/#\\\/schema\\\/person\\\/79bb06722b37ece1c03d3e94beb30d73\",\"name\":\"redazione\",\"image\":{\"@type\":\"ImageObject\",\"inLanguage\":\"fr-FR\",\"@id\":\"https:\\\/\\\/secure.gravatar.com\\\/avatar\\\/37d968a2e67a6fd04c169c4bdef102d0bc5d31b2546345219e348575eb80e9a0?s=96&d=mm&r=g\",\"url\":\"https:\\\/\\\/secure.gravatar.com\\\/avatar\\\/37d968a2e67a6fd04c169c4bdef102d0bc5d31b2546345219e348575eb80e9a0?s=96&d=mm&r=g\",\"contentUrl\":\"https:\\\/\\\/secure.gravatar.com\\\/avatar\\\/37d968a2e67a6fd04c169c4bdef102d0bc5d31b2546345219e348575eb80e9a0?s=96&d=mm&r=g\",\"caption\":\"redazione\"},\"sameAs\":[\"http:\\\/\\\/www.bellunopress.it\",\"https:\\\/\\\/x.com\\\/bellunopress\"],\"url\":\"https:\\\/\\\/www.bellunopress.it\\\/fr\\\/author\\\/redazione\\\/\"}]}<\/script>\n<!-- \/ Yoast SEO plugin. -->","yoast_head_json":{"title":"Domenica a Mel le apecar in gara per il \"7\u00b0 Frende Trophy\" - Bellunopress - Dolomiti","robots":{"index":"index","follow":"follow","max-snippet":"max-snippet:-1","max-image-preview":"max-image-preview:large","max-video-preview":"max-video-preview:-1"},"canonical":"https:\/\/www.bellunopress.it\/fr\/2010\/01\/21\/domenica-a-mel-le-apecar-in-gara-per-il-7\u00b0-frende-trophy\/","og_locale":"fr_FR","og_type":"article","og_title":"Domenica a Mel le apecar in gara per il \"7\u00b0 Frende Trophy\" - Bellunopress - Dolomiti","og_description":"Inizia il 24 gennaio, con la settima edizione del Frende Trophy, il campionato mondiale delle apecar elaborate.\u00a0\u00a0La bucolica quiete del tranquillo paesino Zummellese sar\u00e0 disturbata dal rombo dei motori gi\u00e0 dal pomeriggio di sabato 23 quando inizieranno le prove libere di percorso e motori mentre piloti, meccanici e spettatori potranno trovare ristoro sotto il capiente [&hellip;]","og_url":"https:\/\/www.bellunopress.it\/fr\/2010\/01\/21\/domenica-a-mel-le-apecar-in-gara-per-il-7\u00b0-frende-trophy\/","og_site_name":"Bellunopress - Dolomiti","article_publisher":"https:\/\/www.facebook.com\/profile.php?id=100008943462799","article_published_time":"2010-01-21T07:25:17+00:00","og_image":[{"url":"http:\/\/www.bellunopress.it\/wp-content\/uploads\/2012\/07\/logo-bellunopress-250x250-2012.jpg","type":"","width":"","height":""}],"author":"redazione","twitter_card":"summary_large_image","twitter_creator":"@bellunopress","twitter_site":"@bellunopress","twitter_misc":{"\u00c9crit par":"redazione","Dur\u00e9e de lecture estim\u00e9e":"1 minute"},"schema":{"@context":"https:\/\/schema.org","@graph":[{"@type":"Article","@id":"https:\/\/www.bellunopress.it\/2010\/01\/21\/domenica-a-mel-le-apecar-in-gara-per-il-7%c2%b0-frende-trophy\/#article","isPartOf":{"@id":"https:\/\/www.bellunopress.it\/2010\/01\/21\/domenica-a-mel-le-apecar-in-gara-per-il-7%c2%b0-frende-trophy\/"},"author":{"name":"redazione","@id":"https:\/\/www.bellunopress.it\/#\/schema\/person\/79bb06722b37ece1c03d3e94beb30d73"},"headline":"Domenica a Mel le apecar in gara per il &#8220;7\u00b0 Frende Trophy&#8221;","datePublished":"2010-01-21T07:25:17+00:00","mainEntityOfPage":{"@id":"https:\/\/www.bellunopress.it\/2010\/01\/21\/domenica-a-mel-le-apecar-in-gara-per-il-7%c2%b0-frende-trophy\/"},"wordCount":161,"publisher":{"@id":"https:\/\/www.bellunopress.it\/#organization"},"articleSection":["Pausa Caff\u00e8","Sport, tempo libero"],"inLanguage":"fr-FR"},{"@type":"WebPage","@id":"https:\/\/www.bellunopress.it\/2010\/01\/21\/domenica-a-mel-le-apecar-in-gara-per-il-7%c2%b0-frende-trophy\/","url":"https:\/\/www.bellunopress.it\/2010\/01\/21\/domenica-a-mel-le-apecar-in-gara-per-il-7%c2%b0-frende-trophy\/","name":"Domenica a Mel le apecar in gara per il \"7\u00b0 Frende Trophy\" - Bellunopress - Dolomiti","isPartOf":{"@id":"https:\/\/www.bellunopress.it\/#website"},"datePublished":"2010-01-21T07:25:17+00:00","breadcrumb":{"@id":"https:\/\/www.bellunopress.it\/2010\/01\/21\/domenica-a-mel-le-apecar-in-gara-per-il-7%c2%b0-frende-trophy\/#breadcrumb"},"inLanguage":"fr-FR","potentialAction":[{"@type":"ReadAction","target":["https:\/\/www.bellunopress.it\/2010\/01\/21\/domenica-a-mel-le-apecar-in-gara-per-il-7%c2%b0-frende-trophy\/"]}]},{"@type":"BreadcrumbList","@id":"https:\/\/www.bellunopress.it\/2010\/01\/21\/domenica-a-mel-le-apecar-in-gara-per-il-7%c2%b0-frende-trophy\/#breadcrumb","itemListElement":[{"@type":"ListItem","position":1,"name":"Home","item":"https:\/\/www.bellunopress.it\/"},{"@type":"ListItem","position":2,"name":"Domenica a Mel le apecar in gara per il &#8220;7\u00b0 Frende Trophy&#8221;"}]},{"@type":"WebSite","@id":"https:\/\/www.bellunopress.it\/#website","url":"https:\/\/www.bellunopress.it\/","name":"Bellunopress - Dolomiti","description":"e-mail: redazione@bellunopress.it","publisher":{"@id":"https:\/\/www.bellunopress.it\/#organization"},"potentialAction":[{"@type":"SearchAction","target":{"@type":"EntryPoint","urlTemplate":"https:\/\/www.bellunopress.it\/?s={search_term_string}"},"query-input":{"@type":"PropertyValueSpecification","valueRequired":true,"valueName":"search_term_string"}}],"inLanguage":"fr-FR"},{"@type":"Organization","@id":"https:\/\/www.bellunopress.it\/#organization","name":"Bellunopress","url":"https:\/\/www.bellunopress.it\/","logo":{"@type":"ImageObject","inLanguage":"fr-FR","@id":"https:\/\/www.bellunopress.it\/#\/schema\/logo\/image\/","url":"https:\/\/www.bellunopress.it\/wp-content\/uploads\/2011\/05\/cropped-logo-bellunopress-.jpg","contentUrl":"https:\/\/www.bellunopress.it\/wp-content\/uploads\/2011\/05\/cropped-logo-bellunopress-.jpg","width":512,"height":512,"caption":"Bellunopress"},"image":{"@id":"https:\/\/www.bellunopress.it\/#\/schema\/logo\/image\/"},"sameAs":["https:\/\/www.facebook.com\/profile.php?id=100008943462799","https:\/\/x.com\/bellunopress","https:\/\/www.linkedin.com\/hp\/?dnr=JBzUWaJfMUw8vbXJJ2tVW5-I3jZKvC4wsoxE&amp;amp;amp;amp;amp;amp;trk=nav_responsive_tab_home","https:\/\/www.youtube.com\/channel\/UCxL0wu1uN0_3_7hGG0306cw"]},{"@type":"Person","@id":"https:\/\/www.bellunopress.it\/#\/schema\/person\/79bb06722b37ece1c03d3e94beb30d73","name":"r\u00e9daction","image":{"@type":"ImageObject","inLanguage":"fr-FR","@id":"https:\/\/secure.gravatar.com\/avatar\/37d968a2e67a6fd04c169c4bdef102d0bc5d31b2546345219e348575eb80e9a0?s=96&d=mm&r=g","url":"https:\/\/secure.gravatar.com\/avatar\/37d968a2e67a6fd04c169c4bdef102d0bc5d31b2546345219e348575eb80e9a0?s=96&d=mm&r=g","contentUrl":"https:\/\/secure.gravatar.com\/avatar\/37d968a2e67a6fd04c169c4bdef102d0bc5d31b2546345219e348575eb80e9a0?s=96&d=mm&r=g","caption":"redazione"},"sameAs":["http:\/\/www.bellunopress.it","https:\/\/x.com\/bellunopress"],"url":"https:\/\/www.bellunopress.it\/fr\/author\/redazione\/"}]}},"_links":{"self":[{"href":"https:\/\/www.bellunopress.it\/fr\/wp-json\/wp\/v2\/posts\/11600","targetHints":{"allow":["GET"]}}],"collection":[{"href":"https:\/\/www.bellunopress.it\/fr\/wp-json\/wp\/v2\/posts"}],"about":[{"href":"https:\/\/www.bellunopress.it\/fr\/wp-json\/wp\/v2\/types\/post"}],"author":[{"embeddable":true,"href":"https:\/\/www.bellunopress.it\/fr\/wp-json\/wp\/v2\/users\/2"}],"replies":[{"embeddable":true,"href":"https:\/\/www.bellunopress.it\/fr\/wp-json\/wp\/v2\/comments?post=11600"}],"version-history":[{"count":2,"href":"https:\/\/www.bellunopress.it\/fr\/wp-json\/wp\/v2\/posts\/11600\/revisions"}],"predecessor-version":[{"id":11602,"href":"https:\/\/www.bellunopress.it\/fr\/wp-json\/wp\/v2\/posts\/11600\/revisions\/11602"}],"wp:attachment":[{"href":"https:\/\/www.bellunopress.it\/fr\/wp-json\/wp\/v2\/media?parent=11600"}],"wp:term":[{"taxonomy":"category","embeddable":true,"href":"https:\/\/www.bellunopress.it\/fr\/wp-json\/wp\/v2\/categories?post=11600"},{"taxonomy":"post_tag","embeddable":true,"href":"https:\/\/www.bellunopress.it\/fr\/wp-json\/wp\/v2\/tags?post=11600"}],"curies":[{"name":"wp","href":"https:\/\/api.w.org\/{rel}","templated":true}]}}