{"id":115362,"date":"2020-06-27T11:25:13","date_gmt":"2020-06-27T09:25:13","guid":{"rendered":"http:\/\/www.bellunopress.it\/?p=115362"},"modified":"2020-06-27T11:25:13","modified_gmt":"2020-06-27T09:25:13","slug":"farmaci-e-soldi-di-giorgio-bianchi","status":"publish","type":"post","link":"https:\/\/www.bellunopress.it\/fr\/2020\/06\/27\/farmaci-e-soldi-di-giorgio-bianchi\/","title":{"rendered":"Farmaci e soldi    * di Giorgio Bianchi"},"content":{"rendered":"<p align=\"LEFT\">L\u201911 marzo 2020 l\u2019Organizzazione Mondiale della Sanit\u00e0 (OMS) ha dichiarato che il focolaio internazionale di infezione da nuovo coronavirus SARS-CoV-2 pu\u00f2 essere considerato una pandemia.<br \/>\nProbabilmente il compito pi\u00f9 importante dell\u2019OMS \u00e8 quello di intervenire nelle epidemie e coordinare gli sforzi globali per contenerle. Le epidemie influenzali\u00a0sono le pi\u00f9 comuni. Tra queste, l\u2019influenza aviaria del 2005 e l\u2019influenza suina del 2009.<\/p>\n<p>Durante l\u2019epidemia di influenza aviaria, il direttore dell\u2019OMS, il tedesco Klaus St\u00f6hr, ha avvertito con urgenza di un\u2019ondata mondiale di infezioni con &#8220;fino a sette milioni di morti\u201c (si disse che in Italia c\u2019era il rischio di raggiungere le 150mila vittime). In risposta, i governi hanno acquistato i farmaci antinfluenzali Tamiflu e Relenza per milioni.<br \/>\nNel 1996, il colosso farmaceutico svizzero Roche ha acquisito la licenza per la produzione di Tamiflu dalla societ\u00e0 biotecnologica statunitense Gilead, il cui ex presidente e azionista di maggioranza era l\u2019ex Segretario della Difesa statunitense Donald Rumsfeld. Roche ha guadagnato oltre un miliardo di franchi svizzeri dalla vendita di Tamiflu.<br \/>\nL\u2019influenza aviaria non ha rivendicato i 7 milioni di vite annunciati, ma poche centinaia di vite in tutto il mondo (all\u2019epoca si ipotizzava che avrebbe avuto un esito devastante come la Spagnola del \u201918). Klaus Stoehr, che ha avuto un ruolo decisivo nella strategia dell\u2019OMS, ha lasciato l\u2019OMS dopo che l\u2019epidemia si era placata per assumere la direzione dell\u2019azienda farmaceutica svizzera Novartis.<\/p>\n<p>Il Virus H1N1 (suina), per l&#8217;Oms doveva scatenare la prima pandemia del ventunesimo secolo.<br \/>\n\u00c8 scoppiato nel 2009 con i primi focolai in Messico e ha causato circa 20mila morti accertate e ha contagiato 482mila persone. Ma non c&#8217;\u00e8 stato nulla di drammatico se non i 229 milioni di dosi di vaccini negli Usa mandati al macero.<br \/>\nL&#8217;8 giugno 2010 Margaret Chan, Direttore generale dell&#8217;OMS, dovette rispondere alle accuse di Fiona Godlee del BMJ (British Medical Journal), una delle quattro riviste mediche pi\u00f9 prestigiose al mondo, relative al sospetto di influenze ricevute dalle case farmaceutiche sulla dichiarazione dello stato di pandemia da parte dell&#8217;OMS.<\/p>\n<p>Pochi giorni fa tutti i media hanno rilanciato la notizia che l&#8217;OMS aveva dichiarato che il coronavirus \u00e8 dieci volte pi\u00f9 letale dell&#8217;influenza del 2009, ovvero la suina, che \u00e8 una variante dell&#8217;influenza A.<br \/>\nIl che \u00e8 assolutamente vero: 20mila decessi contro 230mila su scala globale.<br \/>\nL&#8217;allarme choc dell&#8217;Oms sul virus: &#8220;10 volte pi\u00f9 mortale della suina&#8221;<br \/>\nA parlare \u00e8 il direttore generale dell\u2019Oms, Tedros Adhanom Ghebreyesus: &#8220;Per interrompere l\u2019epidemia da coronavirus \u00e8 necessario che si trovi un vaccino&#8221;.<br \/>\nLe persone, che in genere leggono solo il titolo, in qualche caso leggono il corpo, ma difficilmente fanno un ragionamento e una verifica, hanno interpretato la notizia riguardo al paragone tra suina e coronavirus come se il quest&#8217;ultimo facesse in generale dieci volte i morti dell&#8217;influenza.<br \/>\nPeccato che i dati del CDC (Centers for Disease Control and Prevention) e di The Lancet ci dicano altro, ovvero che i decessi per influenza variano tra i 291mila e i 646mila, mentre per ora il coronavirus \u00e8 ancora a 230mila morti.<\/p>\n<p><a href=\"https:\/\/www.cdc.gov\/media\/releases\/2017\/p1213-flu-death-estimate.html?fbclid=IwAR3Bfle2lbPK-sqh1vNPWbxdBXA6aG3xl3IKvcUA0JhIgFtE5nO4Yvi1YlI\" target=\"_blank\" rel=\"noopener noreferrer\">https:\/\/www.cdc.gov\/&#8230;\/2017\/p1213-flu-death-estimate.html<\/a><\/p>\n<p>Solo tre anni fa, negli Stati Uniti si era sviluppato uno dei pi\u00f9 gravi focolai di influenza della storia recente. Sto parlando dell\u2019influenza del 2017-18 che, secondo l\u2019American Centers of Disease Control and Prevention (CDC), aveva causato \u201c45 milioni di eventi patologici, 21 milioni di visite mediche, 810mila ricoveri.\u201d Nel settembre 2018 la CNN aveva parlato addirittura di 80mila decessi causati dall\u2019epidemia (ad oggi i decessi per COVID negli USA sono a quota 61.500).<\/p>\n<p>Secondo il New England Journal of Medicine le conseguenze cliniche generali di Covid-19 potrebbero in definitiva essere pi\u00f9 simili a quelle di una grave influenza stagionale (che ha un tasso di letalit\u00e0 di circa lo 0,1%) o di un&#8217;influenza pandemica (simile a quelle del 1957 e del 1968) anzich\u00e9 una malattia simile alla SARS o alla MERS, che hanno avuto tassi di letalit\u00e0 tra il 9 e il 10% e il 36%, rispettivamente.<\/p>\n<p><a href=\"https:\/\/l.facebook.com\/l.php?u=https%3A%2F%2Fwww.nejm.org%2Fdoi%2Ffull%2F10.1056%2FNEJMe2002387%3Ffbclid%3DIwAR25ilHmZstDWkpvoJbi9hnWahg_ZPeUSjPQY4i2ZtgsCZ9hdFXP3IOzGPg&amp;h=AT2F1GCaox8zpaFCD7O9Yrhts1wCMrAExZLbMbRgr_4TkWPvHqLuSVgEzl2FqIEm2K8KD5TZRfgzrzU53FNTbDKv3n20FH3vHeUYdj6SMWIposg_68b4oRMPrghT2gcdwQFX\" target=\"_blank\" rel=\"noopener noreferrer\">https:\/\/www.nejm.org\/doi\/full\/10.1056\/NEJMe2002387&#8230;<\/a><\/p>\n<p>L\u2019OMS per il biennio 2016-2017, ha utilizzato un budget da quasi 4,5 miliardi di dollari per l\u201980% (fonte BJM) finanziato da contributi di aziende private che hanno coperto la graduale ritirata dei finanziamenti degli Stati; questi fondi sono stati in larga misura vincolati alla realizzazione di progetti commissionati dagli stessi donatori.<br \/>\nTra i finanziatori dell\u2019Oms, a fare la parte del leone \u00e8 la creatura di Bill Gates: la Bill &amp; Melinda Gates Foundation (che vanta un patrimonio da 40 miliardi di dollari) ha destinato all\u2019Oms quasi 444 milioni nel 2016, di cui circa 221 vincolati e quasi 457 milioni nel 2017, di cui 213 vincolati a programmi specifici. Risultando il secondo donatore singolo dopo il governo degli Stati Uniti e davanti al Regno Unito.<br \/>\nJean-Marie Kindermans, presidente dell\u2019Agenzia Europea per lo Sviluppo e la Sanit\u00e0, ha affermato che \u201cse c\u2019\u00e8 un vero problema, all\u2019Oms, riguarda il modo in cui vengono destinate le risorse\u201d e la scelta delle priorit\u00e0.<\/p>\n<p>Il 18 ottobre, la Gates Foundation insieme al World Economic Forum e in collaborazione con la Johns Hopkins School of Public Health organizzano una simulazione di una pandemia da coronavirus, intitolata Event 201.<br \/>\nQuella simulazione ha visto la partecipazione di persone provenienti principalmente da istituzioni finanziarie private, dirigenti aziendali, fondazioni, Big Pharma, CIA; c&#8217;era anche un rappresentante del CDC, ma non c&#8217;erano funzionari sanitari per conto dei governi nazionali o l&#8217;OMS.<br \/>\nLe organizzazioni coinvolte nella simulazione (che era una simulazione dettagliata che prevedeva cosa sarebbe successo ai mercati finanziari, cosa sarebbe successo ai media, ai media indipendenti e cos\u00ec via) sono state anche coinvolte nella gestione effettiva della pandemia, una volta che \u00e8 stata messa in atto.<br \/>\nQuindi le persone che stavano simulando [teoricamente] in realt\u00e0 sono andate in diretta [praticamente] il 30 gennaio 2020, il giorno in cui \u00e8 stata lanciata [l&#8217;emergenza sanitaria globale] [Ufficialmente la pandemia \u00e8 stata lanciata l&#8217;11 marzo].<br \/>\nIl Comitato di emergenza dell&#8217;OMS \u00e8 un comitato composto da specialisti. Quando si sono incontrati il 30, l&#8217;incontro ha avuto luogo poco dopo il Forum Economico Mondiale di Davos, che si \u00e8 tenuto dal 21 al 24 gennaio. E a quell&#8217;incontro ci furono importanti discussioni tra i diversi partner tra cui il World Economic Forum, la Bill and Melinda Gates Foundation e varie entit\u00e0 collegate a Big Pharma.<br \/>\nTali consultazioni al World Economic Forum sono state fondamentali per la decisione presa il 30. \u00c8 successo circa una settimana dopo.<br \/>\nSi sospetta che le decisioni siano state prese in quei giorni, perch\u00e9 quando si sono incontrati il 30 gennaio a Ginevra non si \u00e8 praticamente discusso. Il direttore generale dell&#8217;OMS, che era stato a Davos pochi giorni prima, ha stabilito che il cosiddetto focolaio costituiva un&#8217;emergenza sanitaria pubblica di interesse internazionale e che la decisione era stata presa sulla base di 150 casi confermati fuori dalla Cina.<br \/>\nNon sto suggerendo alcun tipo di relazione cospiratoria, ma sto solo dicendo che c&#8217;\u00e8 stata una simulazione e un paio di mesi dopo l&#8217;intera cosa va in diretta con gli stessi attori coinvolti nella simulazione che ora sono coinvolti nel salvare il mondo dal coronavirus.<br \/>\nQuesta simulazione non \u00e8 stata svolta da un organo indipendente di scienziati, ricercatori ed economisti. No, non lo era.<br \/>\n\u00c8 stata condotta da Big Money e Big Pharma.<\/p>\n<p align=\"LEFT\"><a href=\"http:\/\/www.bellunopress.it\/2019\/03\/10\/la-siria-e-la-parte-giusta-della-storia-di-giorgio-bianchi\/giorgio-bianchi\/\" rel=\"attachment wp-att-102741\"><img loading=\"lazy\" decoding=\"async\" class=\"alignleft size-full wp-image-102741\" src=\"http:\/\/www.bellunopress.it\/wp-content\/uploads\/2019\/03\/Giorgio-Bianchi.jpg\" alt=\"\" width=\"233\" height=\"300\" \/><\/a>Giorgio Bianchi *<\/p>\n<p align=\"LEFT\">*\u00a0giornalista, fotoreporter, fotografo documentarista e regista<\/p>\n","protected":false},"excerpt":{"rendered":"<p>L\u201911 marzo 2020 l\u2019Organizzazione Mondiale della Sanit\u00e0 (OMS) ha dichiarato che il focolaio internazionale di infezione da nuovo coronavirus SARS-CoV-2 pu\u00f2 essere considerato una pandemia. Probabilmente il compito pi\u00f9 importante dell\u2019OMS \u00e8 quello di intervenire nelle epidemie e coordinare gli sforzi globali per contenerle. Le epidemie influenzali\u00a0sono le pi\u00f9 comuni. Tra queste, l\u2019influenza aviaria del [&hellip;]<\/p>\n","protected":false},"author":2,"featured_media":102741,"comment_status":"closed","ping_status":"open","sticky":false,"template":"","format":"standard","meta":{"footnotes":""},"categories":[49,26],"tags":[],"class_list":["post-115362","post","type-post","status-publish","format-standard","has-post-thumbnail","category-speciali","category-prima-pagina"],"yoast_head":"<!-- This site is optimized with the Yoast SEO plugin v28.4 - https:\/\/yoast.com\/product\/yoast-seo-wordpress\/ -->\n<title>Farmaci e soldi  * di Giorgio Bianchi - Bellunopress - Dolomiti<\/title>\n<meta name=\"robots\" content=\"index, follow, max-snippet:-1, max-image-preview:large, max-video-preview:-1\" \/>\n<link rel=\"canonical\" href=\"https:\/\/www.bellunopress.it\/fr\/2020\/06\/27\/farmaci-e-soldi-di-giorgio-bianchi\/\" \/>\n<meta property=\"og:locale\" content=\"fr_FR\" \/>\n<meta property=\"og:type\" content=\"article\" \/>\n<meta property=\"og:title\" content=\"Farmaci e soldi  * di Giorgio Bianchi - Bellunopress - Dolomiti\" \/>\n<meta property=\"og:description\" content=\"L\u201911 marzo 2020 l\u2019Organizzazione Mondiale della Sanit\u00e0 (OMS) ha dichiarato che il focolaio internazionale di infezione da nuovo coronavirus SARS-CoV-2 pu\u00f2 essere considerato una pandemia. Probabilmente il compito pi\u00f9 importante dell\u2019OMS \u00e8 quello di intervenire nelle epidemie e coordinare gli sforzi globali per contenerle. Le epidemie influenzali\u00a0sono le pi\u00f9 comuni. Tra queste, l\u2019influenza aviaria del [&hellip;]\" \/>\n<meta property=\"og:url\" content=\"https:\/\/www.bellunopress.it\/fr\/2020\/06\/27\/farmaci-e-soldi-di-giorgio-bianchi\/\" \/>\n<meta property=\"og:site_name\" content=\"Bellunopress - Dolomiti\" \/>\n<meta property=\"article:publisher\" content=\"https:\/\/www.facebook.com\/profile.php?id=100008943462799\" \/>\n<meta property=\"article:published_time\" content=\"2020-06-27T09:25:13+00:00\" \/>\n<meta property=\"og:image\" content=\"https:\/\/www.bellunopress.it\/wp-content\/uploads\/2019\/03\/Giorgio-Bianchi.jpg\" \/>\n\t<meta property=\"og:image:width\" content=\"233\" \/>\n\t<meta property=\"og:image:height\" content=\"300\" \/>\n\t<meta property=\"og:image:type\" content=\"image\/jpeg\" \/>\n<meta name=\"author\" content=\"redazione\" \/>\n<meta name=\"twitter:card\" content=\"summary_large_image\" \/>\n<meta name=\"twitter:creator\" content=\"@bellunopress\" \/>\n<meta name=\"twitter:site\" content=\"@bellunopress\" \/>\n<meta name=\"twitter:label1\" content=\"\u00c9crit par\" \/>\n\t<meta name=\"twitter:data1\" content=\"redazione\" \/>\n\t<meta name=\"twitter:label2\" content=\"Dur\u00e9e de lecture estim\u00e9e\" \/>\n\t<meta name=\"twitter:data2\" content=\"6 minutes\" \/>\n<script type=\"application\/ld+json\" class=\"yoast-schema-graph\">{\"@context\":\"https:\\\/\\\/schema.org\",\"@graph\":[{\"@type\":\"Article\",\"@id\":\"https:\\\/\\\/www.bellunopress.it\\\/2020\\\/06\\\/27\\\/farmaci-e-soldi-di-giorgio-bianchi\\\/#article\",\"isPartOf\":{\"@id\":\"https:\\\/\\\/www.bellunopress.it\\\/2020\\\/06\\\/27\\\/farmaci-e-soldi-di-giorgio-bianchi\\\/\"},\"author\":{\"name\":\"redazione\",\"@id\":\"https:\\\/\\\/www.bellunopress.it\\\/#\\\/schema\\\/person\\\/79bb06722b37ece1c03d3e94beb30d73\"},\"headline\":\"Farmaci e soldi * di Giorgio Bianchi\",\"datePublished\":\"2020-06-27T09:25:13+00:00\",\"mainEntityOfPage\":{\"@id\":\"https:\\\/\\\/www.bellunopress.it\\\/2020\\\/06\\\/27\\\/farmaci-e-soldi-di-giorgio-bianchi\\\/\"},\"wordCount\":1206,\"publisher\":{\"@id\":\"https:\\\/\\\/www.bellunopress.it\\\/#organization\"},\"image\":{\"@id\":\"https:\\\/\\\/www.bellunopress.it\\\/2020\\\/06\\\/27\\\/farmaci-e-soldi-di-giorgio-bianchi\\\/#primaryimage\"},\"thumbnailUrl\":\"https:\\\/\\\/www.bellunopress.it\\\/wp-content\\\/uploads\\\/2019\\\/03\\\/Giorgio-Bianchi.jpg\",\"articleSection\":[\"Gli speciali di Bellunopress\",\"Prima Pagina\"],\"inLanguage\":\"fr-FR\"},{\"@type\":\"WebPage\",\"@id\":\"https:\\\/\\\/www.bellunopress.it\\\/2020\\\/06\\\/27\\\/farmaci-e-soldi-di-giorgio-bianchi\\\/\",\"url\":\"https:\\\/\\\/www.bellunopress.it\\\/2020\\\/06\\\/27\\\/farmaci-e-soldi-di-giorgio-bianchi\\\/\",\"name\":\"Farmaci e soldi * di Giorgio Bianchi - Bellunopress - Dolomiti\",\"isPartOf\":{\"@id\":\"https:\\\/\\\/www.bellunopress.it\\\/#website\"},\"primaryImageOfPage\":{\"@id\":\"https:\\\/\\\/www.bellunopress.it\\\/2020\\\/06\\\/27\\\/farmaci-e-soldi-di-giorgio-bianchi\\\/#primaryimage\"},\"image\":{\"@id\":\"https:\\\/\\\/www.bellunopress.it\\\/2020\\\/06\\\/27\\\/farmaci-e-soldi-di-giorgio-bianchi\\\/#primaryimage\"},\"thumbnailUrl\":\"https:\\\/\\\/www.bellunopress.it\\\/wp-content\\\/uploads\\\/2019\\\/03\\\/Giorgio-Bianchi.jpg\",\"datePublished\":\"2020-06-27T09:25:13+00:00\",\"breadcrumb\":{\"@id\":\"https:\\\/\\\/www.bellunopress.it\\\/2020\\\/06\\\/27\\\/farmaci-e-soldi-di-giorgio-bianchi\\\/#breadcrumb\"},\"inLanguage\":\"fr-FR\",\"potentialAction\":[{\"@type\":\"ReadAction\",\"target\":[\"https:\\\/\\\/www.bellunopress.it\\\/2020\\\/06\\\/27\\\/farmaci-e-soldi-di-giorgio-bianchi\\\/\"]}]},{\"@type\":\"ImageObject\",\"inLanguage\":\"fr-FR\",\"@id\":\"https:\\\/\\\/www.bellunopress.it\\\/2020\\\/06\\\/27\\\/farmaci-e-soldi-di-giorgio-bianchi\\\/#primaryimage\",\"url\":\"https:\\\/\\\/www.bellunopress.it\\\/wp-content\\\/uploads\\\/2019\\\/03\\\/Giorgio-Bianchi.jpg\",\"contentUrl\":\"https:\\\/\\\/www.bellunopress.it\\\/wp-content\\\/uploads\\\/2019\\\/03\\\/Giorgio-Bianchi.jpg\",\"width\":233,\"height\":300},{\"@type\":\"BreadcrumbList\",\"@id\":\"https:\\\/\\\/www.bellunopress.it\\\/2020\\\/06\\\/27\\\/farmaci-e-soldi-di-giorgio-bianchi\\\/#breadcrumb\",\"itemListElement\":[{\"@type\":\"ListItem\",\"position\":1,\"name\":\"Home\",\"item\":\"https:\\\/\\\/www.bellunopress.it\\\/\"},{\"@type\":\"ListItem\",\"position\":2,\"name\":\"Farmaci e soldi * di Giorgio Bianchi\"}]},{\"@type\":\"WebSite\",\"@id\":\"https:\\\/\\\/www.bellunopress.it\\\/#website\",\"url\":\"https:\\\/\\\/www.bellunopress.it\\\/\",\"name\":\"Bellunopress - Dolomiti\",\"description\":\"e-mail: redazione@bellunopress.it\",\"publisher\":{\"@id\":\"https:\\\/\\\/www.bellunopress.it\\\/#organization\"},\"potentialAction\":[{\"@type\":\"SearchAction\",\"target\":{\"@type\":\"EntryPoint\",\"urlTemplate\":\"https:\\\/\\\/www.bellunopress.it\\\/?s={search_term_string}\"},\"query-input\":{\"@type\":\"PropertyValueSpecification\",\"valueRequired\":true,\"valueName\":\"search_term_string\"}}],\"inLanguage\":\"fr-FR\"},{\"@type\":\"Organization\",\"@id\":\"https:\\\/\\\/www.bellunopress.it\\\/#organization\",\"name\":\"Bellunopress\",\"url\":\"https:\\\/\\\/www.bellunopress.it\\\/\",\"logo\":{\"@type\":\"ImageObject\",\"inLanguage\":\"fr-FR\",\"@id\":\"https:\\\/\\\/www.bellunopress.it\\\/#\\\/schema\\\/logo\\\/image\\\/\",\"url\":\"https:\\\/\\\/www.bellunopress.it\\\/wp-content\\\/uploads\\\/2011\\\/05\\\/cropped-logo-bellunopress-.jpg\",\"contentUrl\":\"https:\\\/\\\/www.bellunopress.it\\\/wp-content\\\/uploads\\\/2011\\\/05\\\/cropped-logo-bellunopress-.jpg\",\"width\":512,\"height\":512,\"caption\":\"Bellunopress\"},\"image\":{\"@id\":\"https:\\\/\\\/www.bellunopress.it\\\/#\\\/schema\\\/logo\\\/image\\\/\"},\"sameAs\":[\"https:\\\/\\\/www.facebook.com\\\/profile.php?id=100008943462799\",\"https:\\\/\\\/x.com\\\/bellunopress\",\"https:\\\/\\\/www.linkedin.com\\\/hp\\\/?dnr=JBzUWaJfMUw8vbXJJ2tVW5-I3jZKvC4wsoxE&amp;amp;amp;amp;amp;amp;trk=nav_responsive_tab_home\",\"https:\\\/\\\/www.youtube.com\\\/channel\\\/UCxL0wu1uN0_3_7hGG0306cw\"]},{\"@type\":\"Person\",\"@id\":\"https:\\\/\\\/www.bellunopress.it\\\/#\\\/schema\\\/person\\\/79bb06722b37ece1c03d3e94beb30d73\",\"name\":\"redazione\",\"image\":{\"@type\":\"ImageObject\",\"inLanguage\":\"fr-FR\",\"@id\":\"https:\\\/\\\/secure.gravatar.com\\\/avatar\\\/37d968a2e67a6fd04c169c4bdef102d0bc5d31b2546345219e348575eb80e9a0?s=96&d=mm&r=g\",\"url\":\"https:\\\/\\\/secure.gravatar.com\\\/avatar\\\/37d968a2e67a6fd04c169c4bdef102d0bc5d31b2546345219e348575eb80e9a0?s=96&d=mm&r=g\",\"contentUrl\":\"https:\\\/\\\/secure.gravatar.com\\\/avatar\\\/37d968a2e67a6fd04c169c4bdef102d0bc5d31b2546345219e348575eb80e9a0?s=96&d=mm&r=g\",\"caption\":\"redazione\"},\"sameAs\":[\"http:\\\/\\\/www.bellunopress.it\",\"https:\\\/\\\/x.com\\\/bellunopress\"],\"url\":\"https:\\\/\\\/www.bellunopress.it\\\/fr\\\/author\\\/redazione\\\/\"}]}<\/script>\n<!-- \/ Yoast SEO plugin. -->","yoast_head_json":{"title":"Farmaci e soldi  * di Giorgio Bianchi - Bellunopress - Dolomiti","robots":{"index":"index","follow":"follow","max-snippet":"max-snippet:-1","max-image-preview":"max-image-preview:large","max-video-preview":"max-video-preview:-1"},"canonical":"https:\/\/www.bellunopress.it\/fr\/2020\/06\/27\/farmaci-e-soldi-di-giorgio-bianchi\/","og_locale":"fr_FR","og_type":"article","og_title":"Farmaci e soldi  * di Giorgio Bianchi - Bellunopress - Dolomiti","og_description":"L\u201911 marzo 2020 l\u2019Organizzazione Mondiale della Sanit\u00e0 (OMS) ha dichiarato che il focolaio internazionale di infezione da nuovo coronavirus SARS-CoV-2 pu\u00f2 essere considerato una pandemia. Probabilmente il compito pi\u00f9 importante dell\u2019OMS \u00e8 quello di intervenire nelle epidemie e coordinare gli sforzi globali per contenerle. Le epidemie influenzali\u00a0sono le pi\u00f9 comuni. Tra queste, l\u2019influenza aviaria del [&hellip;]","og_url":"https:\/\/www.bellunopress.it\/fr\/2020\/06\/27\/farmaci-e-soldi-di-giorgio-bianchi\/","og_site_name":"Bellunopress - Dolomiti","article_publisher":"https:\/\/www.facebook.com\/profile.php?id=100008943462799","article_published_time":"2020-06-27T09:25:13+00:00","og_image":[{"width":233,"height":300,"url":"https:\/\/www.bellunopress.it\/wp-content\/uploads\/2019\/03\/Giorgio-Bianchi.jpg","type":"image\/jpeg"}],"author":"redazione","twitter_card":"summary_large_image","twitter_creator":"@bellunopress","twitter_site":"@bellunopress","twitter_misc":{"\u00c9crit par":"redazione","Dur\u00e9e de lecture estim\u00e9e":"6 minutes"},"schema":{"@context":"https:\/\/schema.org","@graph":[{"@type":"Article","@id":"https:\/\/www.bellunopress.it\/2020\/06\/27\/farmaci-e-soldi-di-giorgio-bianchi\/#article","isPartOf":{"@id":"https:\/\/www.bellunopress.it\/2020\/06\/27\/farmaci-e-soldi-di-giorgio-bianchi\/"},"author":{"name":"redazione","@id":"https:\/\/www.bellunopress.it\/#\/schema\/person\/79bb06722b37ece1c03d3e94beb30d73"},"headline":"Farmaci e soldi * di Giorgio Bianchi","datePublished":"2020-06-27T09:25:13+00:00","mainEntityOfPage":{"@id":"https:\/\/www.bellunopress.it\/2020\/06\/27\/farmaci-e-soldi-di-giorgio-bianchi\/"},"wordCount":1206,"publisher":{"@id":"https:\/\/www.bellunopress.it\/#organization"},"image":{"@id":"https:\/\/www.bellunopress.it\/2020\/06\/27\/farmaci-e-soldi-di-giorgio-bianchi\/#primaryimage"},"thumbnailUrl":"https:\/\/www.bellunopress.it\/wp-content\/uploads\/2019\/03\/Giorgio-Bianchi.jpg","articleSection":["Gli speciali di Bellunopress","Prima Pagina"],"inLanguage":"fr-FR"},{"@type":"WebPage","@id":"https:\/\/www.bellunopress.it\/2020\/06\/27\/farmaci-e-soldi-di-giorgio-bianchi\/","url":"https:\/\/www.bellunopress.it\/2020\/06\/27\/farmaci-e-soldi-di-giorgio-bianchi\/","name":"Farmaci e soldi * di Giorgio Bianchi - Bellunopress - Dolomiti","isPartOf":{"@id":"https:\/\/www.bellunopress.it\/#website"},"primaryImageOfPage":{"@id":"https:\/\/www.bellunopress.it\/2020\/06\/27\/farmaci-e-soldi-di-giorgio-bianchi\/#primaryimage"},"image":{"@id":"https:\/\/www.bellunopress.it\/2020\/06\/27\/farmaci-e-soldi-di-giorgio-bianchi\/#primaryimage"},"thumbnailUrl":"https:\/\/www.bellunopress.it\/wp-content\/uploads\/2019\/03\/Giorgio-Bianchi.jpg","datePublished":"2020-06-27T09:25:13+00:00","breadcrumb":{"@id":"https:\/\/www.bellunopress.it\/2020\/06\/27\/farmaci-e-soldi-di-giorgio-bianchi\/#breadcrumb"},"inLanguage":"fr-FR","potentialAction":[{"@type":"ReadAction","target":["https:\/\/www.bellunopress.it\/2020\/06\/27\/farmaci-e-soldi-di-giorgio-bianchi\/"]}]},{"@type":"ImageObject","inLanguage":"fr-FR","@id":"https:\/\/www.bellunopress.it\/2020\/06\/27\/farmaci-e-soldi-di-giorgio-bianchi\/#primaryimage","url":"https:\/\/www.bellunopress.it\/wp-content\/uploads\/2019\/03\/Giorgio-Bianchi.jpg","contentUrl":"https:\/\/www.bellunopress.it\/wp-content\/uploads\/2019\/03\/Giorgio-Bianchi.jpg","width":233,"height":300},{"@type":"BreadcrumbList","@id":"https:\/\/www.bellunopress.it\/2020\/06\/27\/farmaci-e-soldi-di-giorgio-bianchi\/#breadcrumb","itemListElement":[{"@type":"ListItem","position":1,"name":"Home","item":"https:\/\/www.bellunopress.it\/"},{"@type":"ListItem","position":2,"name":"Farmaci e soldi * di Giorgio Bianchi"}]},{"@type":"WebSite","@id":"https:\/\/www.bellunopress.it\/#website","url":"https:\/\/www.bellunopress.it\/","name":"Bellunopress - Dolomiti","description":"e-mail: redazione@bellunopress.it","publisher":{"@id":"https:\/\/www.bellunopress.it\/#organization"},"potentialAction":[{"@type":"SearchAction","target":{"@type":"EntryPoint","urlTemplate":"https:\/\/www.bellunopress.it\/?s={search_term_string}"},"query-input":{"@type":"PropertyValueSpecification","valueRequired":true,"valueName":"search_term_string"}}],"inLanguage":"fr-FR"},{"@type":"Organization","@id":"https:\/\/www.bellunopress.it\/#organization","name":"Bellunopress","url":"https:\/\/www.bellunopress.it\/","logo":{"@type":"ImageObject","inLanguage":"fr-FR","@id":"https:\/\/www.bellunopress.it\/#\/schema\/logo\/image\/","url":"https:\/\/www.bellunopress.it\/wp-content\/uploads\/2011\/05\/cropped-logo-bellunopress-.jpg","contentUrl":"https:\/\/www.bellunopress.it\/wp-content\/uploads\/2011\/05\/cropped-logo-bellunopress-.jpg","width":512,"height":512,"caption":"Bellunopress"},"image":{"@id":"https:\/\/www.bellunopress.it\/#\/schema\/logo\/image\/"},"sameAs":["https:\/\/www.facebook.com\/profile.php?id=100008943462799","https:\/\/x.com\/bellunopress","https:\/\/www.linkedin.com\/hp\/?dnr=JBzUWaJfMUw8vbXJJ2tVW5-I3jZKvC4wsoxE&amp;amp;amp;amp;amp;amp;trk=nav_responsive_tab_home","https:\/\/www.youtube.com\/channel\/UCxL0wu1uN0_3_7hGG0306cw"]},{"@type":"Person","@id":"https:\/\/www.bellunopress.it\/#\/schema\/person\/79bb06722b37ece1c03d3e94beb30d73","name":"r\u00e9daction","image":{"@type":"ImageObject","inLanguage":"fr-FR","@id":"https:\/\/secure.gravatar.com\/avatar\/37d968a2e67a6fd04c169c4bdef102d0bc5d31b2546345219e348575eb80e9a0?s=96&d=mm&r=g","url":"https:\/\/secure.gravatar.com\/avatar\/37d968a2e67a6fd04c169c4bdef102d0bc5d31b2546345219e348575eb80e9a0?s=96&d=mm&r=g","contentUrl":"https:\/\/secure.gravatar.com\/avatar\/37d968a2e67a6fd04c169c4bdef102d0bc5d31b2546345219e348575eb80e9a0?s=96&d=mm&r=g","caption":"redazione"},"sameAs":["http:\/\/www.bellunopress.it","https:\/\/x.com\/bellunopress"],"url":"https:\/\/www.bellunopress.it\/fr\/author\/redazione\/"}]}},"_links":{"self":[{"href":"https:\/\/www.bellunopress.it\/fr\/wp-json\/wp\/v2\/posts\/115362","targetHints":{"allow":["GET"]}}],"collection":[{"href":"https:\/\/www.bellunopress.it\/fr\/wp-json\/wp\/v2\/posts"}],"about":[{"href":"https:\/\/www.bellunopress.it\/fr\/wp-json\/wp\/v2\/types\/post"}],"author":[{"embeddable":true,"href":"https:\/\/www.bellunopress.it\/fr\/wp-json\/wp\/v2\/users\/2"}],"replies":[{"embeddable":true,"href":"https:\/\/www.bellunopress.it\/fr\/wp-json\/wp\/v2\/comments?post=115362"}],"version-history":[{"count":1,"href":"https:\/\/www.bellunopress.it\/fr\/wp-json\/wp\/v2\/posts\/115362\/revisions"}],"predecessor-version":[{"id":115363,"href":"https:\/\/www.bellunopress.it\/fr\/wp-json\/wp\/v2\/posts\/115362\/revisions\/115363"}],"wp:featuredmedia":[{"embeddable":true,"href":"https:\/\/www.bellunopress.it\/fr\/wp-json\/wp\/v2\/media\/102741"}],"wp:attachment":[{"href":"https:\/\/www.bellunopress.it\/fr\/wp-json\/wp\/v2\/media?parent=115362"}],"wp:term":[{"taxonomy":"category","embeddable":true,"href":"https:\/\/www.bellunopress.it\/fr\/wp-json\/wp\/v2\/categories?post=115362"},{"taxonomy":"post_tag","embeddable":true,"href":"https:\/\/www.bellunopress.it\/fr\/wp-json\/wp\/v2\/tags?post=115362"}],"curies":[{"name":"wp","href":"https:\/\/api.w.org\/{rel}","templated":true}]}}