{"id":11534,"date":"2010-01-15T21:12:14","date_gmt":"2010-01-15T20:12:14","guid":{"rendered":"http:\/\/www.bellunopress.it\/?p=11534"},"modified":"2010-01-15T21:12:14","modified_gmt":"2010-01-15T20:12:14","slug":"%c2%93la-questione-della-fondazione-unesco-lintervento-dellassessore-provinciale-al-turismo-matteo-toscani","status":"publish","type":"post","link":"https:\/\/www.bellunopress.it\/fr\/2010\/01\/15\/%c2%93la-questione-della-fondazione-unesco-lintervento-dellassessore-provinciale-al-turismo-matteo-toscani\/","title":{"rendered":"\u0093La questione della Fondazione Unesco: l&#8217;intervento dell&#8217;assessore provinciale al Turismo Matteo Toscani"},"content":{"rendered":"<p><a href=\"http:\/\/www.bellunopress.it\/wp-content\/uploads\/2010\/01\/matteo-toscani.jpg\"><img loading=\"lazy\" decoding=\"async\" class=\"alignleft size-medium wp-image-11535\" title=\"matteo-toscani\" src=\"http:\/\/www.bellunopress.it\/wp-content\/uploads\/2010\/01\/matteo-toscani.jpg\" alt=\"\" width=\"270\" height=\"270\" srcset=\"https:\/\/www.bellunopress.it\/wp-content\/uploads\/2010\/01\/matteo-toscani.jpg 270w, https:\/\/www.bellunopress.it\/wp-content\/uploads\/2010\/01\/matteo-toscani-150x150.jpg 150w\" sizes=\"auto, (max-width: 270px) 100vw, 270px\" \/><\/a>&#8220;Senza alcun intento polemico &#8211; scrive l&#8217;assessore Toscani in una nota che ahim\u00e8 sembra fatta apposta per attizzare la polemica- , ma con spirito costruttivo e collaborativo, alla luce dei numerosi articoli apparsi nei giorni scorsi in merito alla questione Unesco, credo sia opportuno fornire alcune precisazioni. Il seguito del riconoscimento delle Dolomiti quali Patrimonio Mondiale dell&#8217;Umanit\u00e0 sar\u00e0 utile e proficuo solamente se verranno coinvolti Enti, Associazioni e la stessa popolazione bellunese. Come Amministrazione provinciale, \u00e8 nostra precisa volont\u00e0 avviare il confronto e la partecipazione affinch\u00e9 i processi di tutela, sviluppo e promozione del sito diventino percorsi condivisi in cui tutti si possano riconoscere. Per questi motivi, nel prossimo futuro cominceranno i confronti i dibattiti e le discussioni con una variegata categoria di soggetti. Tutto ci\u00f2, ad ogni modo, sar\u00e0 possibile solamente una volta costituita ed avviata la prevista Fondazione Dolomiti-Unesco, il cui punto di partenza coincider\u00e0 con l&#8217;atto notarile previsto entro il mese di febbraio (con qualche settimana di ritardo rispetto alle previsioni, a causa degli intoppi burocratico-aministrativi dei vari Enti interessati). Avviare procedure di confronto in questa delicata fase transitoria, che sta volgendo al termine, procurerebbe sicuri problemi di relazioni con le altre Regioni e Province, rischiando di ingenerare spiacevoli equivoci e confusione. Altra rilevante questione, quella relativa ai soggetti che faranno parte della Fondazione. Fondatori potranno essere esclusivamente le stesse Regioni e Province, mentre fra i soci sostenitori si potranno contare molteplici soggetti. Il momento in cui coinvolgere tutte le realt\u00e0 associative in qualsiasi modo interessate al processo Unesco non potr\u00e0 che essere successivo all&#8217;avvio della stessa Fondazione. In questi mesi il presidente Gianpaolo Bottacin ed io abbiamo lavorato molto ed in silenzio, senza soffermarci sulle ingiustificate provocazioni e preoccupazioni della passata amministrazione, cercando anche di rimediare a quelle che erano state scelte poco opportune. In particolare, sono molto confortanti i risultati dell&#8217;individuazione della sede legale della Fondazione proprio a Belluno, decisione auspicabile ma non certa in passato, e l&#8217;entrata delle Regioni Veneto e Friuli Venezia Giulia, che ha colmato una grave lacuna. Non meriterebbe nemmeno replica chi ritiene che la Provincia di Belluno diventi subalterna alla Regione con l&#8217;ingresso della stessa nella Costituenda, ma per chiarezza ai non addetti ai lavori \u00e8 giusto ribadire che si tratta di un grande risultato che porter\u00e0 sicuri benefici al territorio e alla popolazione tutta. La Provincia di Belluno, infatti, senza Regione Veneto, avrebbe potuto proseguire sulla passata politica dei proclami, ma di fatto non avrebbe ottenuto alcunch\u00e9&#8221;.<\/p>","protected":false},"excerpt":{"rendered":"<p>&#8220;Senza alcun intento polemico &#8211; scrive l&#8217;assessore Toscani in una nota che ahim\u00e8 sembra fatta apposta per attizzare la polemica- , ma con spirito costruttivo e collaborativo, alla luce dei numerosi articoli apparsi nei giorni scorsi in merito alla questione Unesco, credo sia opportuno fornire alcune precisazioni. Il seguito del riconoscimento delle Dolomiti quali Patrimonio [&hellip;]<\/p>\n","protected":false},"author":2,"featured_media":0,"comment_status":"closed","ping_status":"open","sticky":false,"template":"","format":"standard","meta":{"footnotes":""},"categories":[5],"tags":[139,63],"class_list":["post-11534","post","type-post","status-publish","format-standard","category-cronaca","tag-belluno","tag-dolomiti"],"yoast_head":"<!-- This site is optimized with the Yoast SEO plugin v28.4 - https:\/\/yoast.com\/product\/yoast-seo-wordpress\/ -->\n<title>\u0093La questione della Fondazione Unesco: l&#039;intervento dell&#039;assessore provinciale al Turismo Matteo Toscani - Bellunopress - Dolomiti<\/title>\n<meta name=\"robots\" content=\"index, follow, max-snippet:-1, max-image-preview:large, max-video-preview:-1\" \/>\n<link rel=\"canonical\" href=\"https:\/\/www.bellunopress.it\/fr\/2010\/01\/15\/\u0093la-questione-della-fondazione-unesco-lintervento-dellassessore-provinciale-al-turismo-matteo-toscani\/\" \/>\n<meta property=\"og:locale\" content=\"fr_FR\" \/>\n<meta property=\"og:type\" content=\"article\" \/>\n<meta property=\"og:title\" content=\"\u0093La questione della Fondazione Unesco: l&#039;intervento dell&#039;assessore provinciale al Turismo Matteo Toscani - Bellunopress - Dolomiti\" \/>\n<meta property=\"og:description\" content=\"&#8220;Senza alcun intento polemico &#8211; scrive l&#8217;assessore Toscani in una nota che ahim\u00e8 sembra fatta apposta per attizzare la polemica- , ma con spirito costruttivo e collaborativo, alla luce dei numerosi articoli apparsi nei giorni scorsi in merito alla questione Unesco, credo sia opportuno fornire alcune precisazioni. Il seguito del riconoscimento delle Dolomiti quali Patrimonio [&hellip;]\" \/>\n<meta property=\"og:url\" content=\"https:\/\/www.bellunopress.it\/fr\/2010\/01\/15\/\u0093la-questione-della-fondazione-unesco-lintervento-dellassessore-provinciale-al-turismo-matteo-toscani\/\" \/>\n<meta property=\"og:site_name\" content=\"Bellunopress - Dolomiti\" \/>\n<meta property=\"article:publisher\" content=\"https:\/\/www.facebook.com\/profile.php?id=100008943462799\" \/>\n<meta property=\"article:published_time\" content=\"2010-01-15T20:12:14+00:00\" \/>\n<meta property=\"og:image\" content=\"http:\/\/www.bellunopress.it\/wp-content\/uploads\/2010\/01\/matteo-toscani.jpg\" \/>\n<meta name=\"author\" content=\"redazione\" \/>\n<meta name=\"twitter:card\" content=\"summary_large_image\" \/>\n<meta name=\"twitter:creator\" content=\"@bellunopress\" \/>\n<meta name=\"twitter:site\" content=\"@bellunopress\" \/>\n<meta name=\"twitter:label1\" content=\"\u00c9crit par\" \/>\n\t<meta name=\"twitter:data1\" content=\"redazione\" \/>\n\t<meta name=\"twitter:label2\" content=\"Dur\u00e9e de lecture estim\u00e9e\" \/>\n\t<meta name=\"twitter:data2\" content=\"2 minutes\" \/>\n<script type=\"application\/ld+json\" class=\"yoast-schema-graph\">{\"@context\":\"https:\\\/\\\/schema.org\",\"@graph\":[{\"@type\":\"Article\",\"@id\":\"https:\\\/\\\/www.bellunopress.it\\\/2010\\\/01\\\/15\\\/%c2%93la-questione-della-fondazione-unesco-lintervento-dellassessore-provinciale-al-turismo-matteo-toscani\\\/#article\",\"isPartOf\":{\"@id\":\"https:\\\/\\\/www.bellunopress.it\\\/2010\\\/01\\\/15\\\/%c2%93la-questione-della-fondazione-unesco-lintervento-dellassessore-provinciale-al-turismo-matteo-toscani\\\/\"},\"author\":{\"name\":\"redazione\",\"@id\":\"https:\\\/\\\/www.bellunopress.it\\\/#\\\/schema\\\/person\\\/79bb06722b37ece1c03d3e94beb30d73\"},\"headline\":\"\u0093La questione della Fondazione Unesco: l&#8217;intervento dell&#8217;assessore provinciale al Turismo Matteo Toscani\",\"datePublished\":\"2010-01-15T20:12:14+00:00\",\"mainEntityOfPage\":{\"@id\":\"https:\\\/\\\/www.bellunopress.it\\\/2010\\\/01\\\/15\\\/%c2%93la-questione-della-fondazione-unesco-lintervento-dellassessore-provinciale-al-turismo-matteo-toscani\\\/\"},\"wordCount\":426,\"publisher\":{\"@id\":\"https:\\\/\\\/www.bellunopress.it\\\/#organization\"},\"image\":{\"@id\":\"https:\\\/\\\/www.bellunopress.it\\\/2010\\\/01\\\/15\\\/%c2%93la-questione-della-fondazione-unesco-lintervento-dellassessore-provinciale-al-turismo-matteo-toscani\\\/#primaryimage\"},\"thumbnailUrl\":\"http:\\\/\\\/www.bellunopress.it\\\/wp-content\\\/uploads\\\/2010\\\/01\\\/matteo-toscani.jpg\",\"keywords\":[\"Belluno\",\"Dolomiti\"],\"articleSection\":[\"Cronaca\\\/Politica\"],\"inLanguage\":\"fr-FR\"},{\"@type\":\"WebPage\",\"@id\":\"https:\\\/\\\/www.bellunopress.it\\\/2010\\\/01\\\/15\\\/%c2%93la-questione-della-fondazione-unesco-lintervento-dellassessore-provinciale-al-turismo-matteo-toscani\\\/\",\"url\":\"https:\\\/\\\/www.bellunopress.it\\\/2010\\\/01\\\/15\\\/%c2%93la-questione-della-fondazione-unesco-lintervento-dellassessore-provinciale-al-turismo-matteo-toscani\\\/\",\"name\":\"\u0093La questione della Fondazione Unesco: l'intervento dell'assessore provinciale al Turismo Matteo Toscani - Bellunopress - Dolomiti\",\"isPartOf\":{\"@id\":\"https:\\\/\\\/www.bellunopress.it\\\/#website\"},\"primaryImageOfPage\":{\"@id\":\"https:\\\/\\\/www.bellunopress.it\\\/2010\\\/01\\\/15\\\/%c2%93la-questione-della-fondazione-unesco-lintervento-dellassessore-provinciale-al-turismo-matteo-toscani\\\/#primaryimage\"},\"image\":{\"@id\":\"https:\\\/\\\/www.bellunopress.it\\\/2010\\\/01\\\/15\\\/%c2%93la-questione-della-fondazione-unesco-lintervento-dellassessore-provinciale-al-turismo-matteo-toscani\\\/#primaryimage\"},\"thumbnailUrl\":\"http:\\\/\\\/www.bellunopress.it\\\/wp-content\\\/uploads\\\/2010\\\/01\\\/matteo-toscani.jpg\",\"datePublished\":\"2010-01-15T20:12:14+00:00\",\"breadcrumb\":{\"@id\":\"https:\\\/\\\/www.bellunopress.it\\\/2010\\\/01\\\/15\\\/%c2%93la-questione-della-fondazione-unesco-lintervento-dellassessore-provinciale-al-turismo-matteo-toscani\\\/#breadcrumb\"},\"inLanguage\":\"fr-FR\",\"potentialAction\":[{\"@type\":\"ReadAction\",\"target\":[\"https:\\\/\\\/www.bellunopress.it\\\/2010\\\/01\\\/15\\\/%c2%93la-questione-della-fondazione-unesco-lintervento-dellassessore-provinciale-al-turismo-matteo-toscani\\\/\"]}]},{\"@type\":\"ImageObject\",\"inLanguage\":\"fr-FR\",\"@id\":\"https:\\\/\\\/www.bellunopress.it\\\/2010\\\/01\\\/15\\\/%c2%93la-questione-della-fondazione-unesco-lintervento-dellassessore-provinciale-al-turismo-matteo-toscani\\\/#primaryimage\",\"url\":\"http:\\\/\\\/www.bellunopress.it\\\/wp-content\\\/uploads\\\/2010\\\/01\\\/matteo-toscani.jpg\",\"contentUrl\":\"http:\\\/\\\/www.bellunopress.it\\\/wp-content\\\/uploads\\\/2010\\\/01\\\/matteo-toscani.jpg\"},{\"@type\":\"BreadcrumbList\",\"@id\":\"https:\\\/\\\/www.bellunopress.it\\\/2010\\\/01\\\/15\\\/%c2%93la-questione-della-fondazione-unesco-lintervento-dellassessore-provinciale-al-turismo-matteo-toscani\\\/#breadcrumb\",\"itemListElement\":[{\"@type\":\"ListItem\",\"position\":1,\"name\":\"Home\",\"item\":\"https:\\\/\\\/www.bellunopress.it\\\/\"},{\"@type\":\"ListItem\",\"position\":2,\"name\":\"\u0093La questione della Fondazione Unesco: l&#8217;intervento dell&#8217;assessore provinciale al Turismo Matteo Toscani\"}]},{\"@type\":\"WebSite\",\"@id\":\"https:\\\/\\\/www.bellunopress.it\\\/#website\",\"url\":\"https:\\\/\\\/www.bellunopress.it\\\/\",\"name\":\"Bellunopress - Dolomiti\",\"description\":\"e-mail: redazione@bellunopress.it\",\"publisher\":{\"@id\":\"https:\\\/\\\/www.bellunopress.it\\\/#organization\"},\"potentialAction\":[{\"@type\":\"SearchAction\",\"target\":{\"@type\":\"EntryPoint\",\"urlTemplate\":\"https:\\\/\\\/www.bellunopress.it\\\/?s={search_term_string}\"},\"query-input\":{\"@type\":\"PropertyValueSpecification\",\"valueRequired\":true,\"valueName\":\"search_term_string\"}}],\"inLanguage\":\"fr-FR\"},{\"@type\":\"Organization\",\"@id\":\"https:\\\/\\\/www.bellunopress.it\\\/#organization\",\"name\":\"Bellunopress\",\"url\":\"https:\\\/\\\/www.bellunopress.it\\\/\",\"logo\":{\"@type\":\"ImageObject\",\"inLanguage\":\"fr-FR\",\"@id\":\"https:\\\/\\\/www.bellunopress.it\\\/#\\\/schema\\\/logo\\\/image\\\/\",\"url\":\"https:\\\/\\\/www.bellunopress.it\\\/wp-content\\\/uploads\\\/2011\\\/05\\\/cropped-logo-bellunopress-.jpg\",\"contentUrl\":\"https:\\\/\\\/www.bellunopress.it\\\/wp-content\\\/uploads\\\/2011\\\/05\\\/cropped-logo-bellunopress-.jpg\",\"width\":512,\"height\":512,\"caption\":\"Bellunopress\"},\"image\":{\"@id\":\"https:\\\/\\\/www.bellunopress.it\\\/#\\\/schema\\\/logo\\\/image\\\/\"},\"sameAs\":[\"https:\\\/\\\/www.facebook.com\\\/profile.php?id=100008943462799\",\"https:\\\/\\\/x.com\\\/bellunopress\",\"https:\\\/\\\/www.linkedin.com\\\/hp\\\/?dnr=JBzUWaJfMUw8vbXJJ2tVW5-I3jZKvC4wsoxE&amp;amp;amp;amp;amp;amp;trk=nav_responsive_tab_home\",\"https:\\\/\\\/www.youtube.com\\\/channel\\\/UCxL0wu1uN0_3_7hGG0306cw\"]},{\"@type\":\"Person\",\"@id\":\"https:\\\/\\\/www.bellunopress.it\\\/#\\\/schema\\\/person\\\/79bb06722b37ece1c03d3e94beb30d73\",\"name\":\"redazione\",\"image\":{\"@type\":\"ImageObject\",\"inLanguage\":\"fr-FR\",\"@id\":\"https:\\\/\\\/secure.gravatar.com\\\/avatar\\\/37d968a2e67a6fd04c169c4bdef102d0bc5d31b2546345219e348575eb80e9a0?s=96&d=mm&r=g\",\"url\":\"https:\\\/\\\/secure.gravatar.com\\\/avatar\\\/37d968a2e67a6fd04c169c4bdef102d0bc5d31b2546345219e348575eb80e9a0?s=96&d=mm&r=g\",\"contentUrl\":\"https:\\\/\\\/secure.gravatar.com\\\/avatar\\\/37d968a2e67a6fd04c169c4bdef102d0bc5d31b2546345219e348575eb80e9a0?s=96&d=mm&r=g\",\"caption\":\"redazione\"},\"sameAs\":[\"http:\\\/\\\/www.bellunopress.it\",\"https:\\\/\\\/x.com\\\/bellunopress\"],\"url\":\"https:\\\/\\\/www.bellunopress.it\\\/fr\\\/author\\\/redazione\\\/\"}]}<\/script>\n<!-- \/ Yoast SEO plugin. -->","yoast_head_json":{"title":"\u0093La questione della Fondazione Unesco: l'intervento dell'assessore provinciale al Turismo Matteo Toscani - Bellunopress - Dolomiti","robots":{"index":"index","follow":"follow","max-snippet":"max-snippet:-1","max-image-preview":"max-image-preview:large","max-video-preview":"max-video-preview:-1"},"canonical":"https:\/\/www.bellunopress.it\/fr\/2010\/01\/15\/\u0093la-questione-della-fondazione-unesco-lintervento-dellassessore-provinciale-al-turismo-matteo-toscani\/","og_locale":"fr_FR","og_type":"article","og_title":"\u0093La questione della Fondazione Unesco: l'intervento dell'assessore provinciale al Turismo Matteo Toscani - Bellunopress - Dolomiti","og_description":"&#8220;Senza alcun intento polemico &#8211; scrive l&#8217;assessore Toscani in una nota che ahim\u00e8 sembra fatta apposta per attizzare la polemica- , ma con spirito costruttivo e collaborativo, alla luce dei numerosi articoli apparsi nei giorni scorsi in merito alla questione Unesco, credo sia opportuno fornire alcune precisazioni. Il seguito del riconoscimento delle Dolomiti quali Patrimonio [&hellip;]","og_url":"https:\/\/www.bellunopress.it\/fr\/2010\/01\/15\/\u0093la-questione-della-fondazione-unesco-lintervento-dellassessore-provinciale-al-turismo-matteo-toscani\/","og_site_name":"Bellunopress - Dolomiti","article_publisher":"https:\/\/www.facebook.com\/profile.php?id=100008943462799","article_published_time":"2010-01-15T20:12:14+00:00","og_image":[{"url":"http:\/\/www.bellunopress.it\/wp-content\/uploads\/2010\/01\/matteo-toscani.jpg","type":"","width":"","height":""}],"author":"redazione","twitter_card":"summary_large_image","twitter_creator":"@bellunopress","twitter_site":"@bellunopress","twitter_misc":{"\u00c9crit par":"redazione","Dur\u00e9e de lecture estim\u00e9e":"2 minutes"},"schema":{"@context":"https:\/\/schema.org","@graph":[{"@type":"Article","@id":"https:\/\/www.bellunopress.it\/2010\/01\/15\/%c2%93la-questione-della-fondazione-unesco-lintervento-dellassessore-provinciale-al-turismo-matteo-toscani\/#article","isPartOf":{"@id":"https:\/\/www.bellunopress.it\/2010\/01\/15\/%c2%93la-questione-della-fondazione-unesco-lintervento-dellassessore-provinciale-al-turismo-matteo-toscani\/"},"author":{"name":"redazione","@id":"https:\/\/www.bellunopress.it\/#\/schema\/person\/79bb06722b37ece1c03d3e94beb30d73"},"headline":"\u0093La questione della Fondazione Unesco: l&#8217;intervento dell&#8217;assessore provinciale al Turismo Matteo Toscani","datePublished":"2010-01-15T20:12:14+00:00","mainEntityOfPage":{"@id":"https:\/\/www.bellunopress.it\/2010\/01\/15\/%c2%93la-questione-della-fondazione-unesco-lintervento-dellassessore-provinciale-al-turismo-matteo-toscani\/"},"wordCount":426,"publisher":{"@id":"https:\/\/www.bellunopress.it\/#organization"},"image":{"@id":"https:\/\/www.bellunopress.it\/2010\/01\/15\/%c2%93la-questione-della-fondazione-unesco-lintervento-dellassessore-provinciale-al-turismo-matteo-toscani\/#primaryimage"},"thumbnailUrl":"http:\/\/www.bellunopress.it\/wp-content\/uploads\/2010\/01\/matteo-toscani.jpg","keywords":["Belluno","Dolomiti"],"articleSection":["Cronaca\/Politica"],"inLanguage":"fr-FR"},{"@type":"WebPage","@id":"https:\/\/www.bellunopress.it\/2010\/01\/15\/%c2%93la-questione-della-fondazione-unesco-lintervento-dellassessore-provinciale-al-turismo-matteo-toscani\/","url":"https:\/\/www.bellunopress.it\/2010\/01\/15\/%c2%93la-questione-della-fondazione-unesco-lintervento-dellassessore-provinciale-al-turismo-matteo-toscani\/","name":"\u0093La questione della Fondazione Unesco: l'intervento dell'assessore provinciale al Turismo Matteo Toscani - Bellunopress - Dolomiti","isPartOf":{"@id":"https:\/\/www.bellunopress.it\/#website"},"primaryImageOfPage":{"@id":"https:\/\/www.bellunopress.it\/2010\/01\/15\/%c2%93la-questione-della-fondazione-unesco-lintervento-dellassessore-provinciale-al-turismo-matteo-toscani\/#primaryimage"},"image":{"@id":"https:\/\/www.bellunopress.it\/2010\/01\/15\/%c2%93la-questione-della-fondazione-unesco-lintervento-dellassessore-provinciale-al-turismo-matteo-toscani\/#primaryimage"},"thumbnailUrl":"http:\/\/www.bellunopress.it\/wp-content\/uploads\/2010\/01\/matteo-toscani.jpg","datePublished":"2010-01-15T20:12:14+00:00","breadcrumb":{"@id":"https:\/\/www.bellunopress.it\/2010\/01\/15\/%c2%93la-questione-della-fondazione-unesco-lintervento-dellassessore-provinciale-al-turismo-matteo-toscani\/#breadcrumb"},"inLanguage":"fr-FR","potentialAction":[{"@type":"ReadAction","target":["https:\/\/www.bellunopress.it\/2010\/01\/15\/%c2%93la-questione-della-fondazione-unesco-lintervento-dellassessore-provinciale-al-turismo-matteo-toscani\/"]}]},{"@type":"ImageObject","inLanguage":"fr-FR","@id":"https:\/\/www.bellunopress.it\/2010\/01\/15\/%c2%93la-questione-della-fondazione-unesco-lintervento-dellassessore-provinciale-al-turismo-matteo-toscani\/#primaryimage","url":"http:\/\/www.bellunopress.it\/wp-content\/uploads\/2010\/01\/matteo-toscani.jpg","contentUrl":"http:\/\/www.bellunopress.it\/wp-content\/uploads\/2010\/01\/matteo-toscani.jpg"},{"@type":"BreadcrumbList","@id":"https:\/\/www.bellunopress.it\/2010\/01\/15\/%c2%93la-questione-della-fondazione-unesco-lintervento-dellassessore-provinciale-al-turismo-matteo-toscani\/#breadcrumb","itemListElement":[{"@type":"ListItem","position":1,"name":"Home","item":"https:\/\/www.bellunopress.it\/"},{"@type":"ListItem","position":2,"name":"\u0093La questione della Fondazione Unesco: l&#8217;intervento dell&#8217;assessore provinciale al Turismo Matteo Toscani"}]},{"@type":"WebSite","@id":"https:\/\/www.bellunopress.it\/#website","url":"https:\/\/www.bellunopress.it\/","name":"Bellunopress - Dolomiti","description":"e-mail: redazione@bellunopress.it","publisher":{"@id":"https:\/\/www.bellunopress.it\/#organization"},"potentialAction":[{"@type":"SearchAction","target":{"@type":"EntryPoint","urlTemplate":"https:\/\/www.bellunopress.it\/?s={search_term_string}"},"query-input":{"@type":"PropertyValueSpecification","valueRequired":true,"valueName":"search_term_string"}}],"inLanguage":"fr-FR"},{"@type":"Organization","@id":"https:\/\/www.bellunopress.it\/#organization","name":"Bellunopress","url":"https:\/\/www.bellunopress.it\/","logo":{"@type":"ImageObject","inLanguage":"fr-FR","@id":"https:\/\/www.bellunopress.it\/#\/schema\/logo\/image\/","url":"https:\/\/www.bellunopress.it\/wp-content\/uploads\/2011\/05\/cropped-logo-bellunopress-.jpg","contentUrl":"https:\/\/www.bellunopress.it\/wp-content\/uploads\/2011\/05\/cropped-logo-bellunopress-.jpg","width":512,"height":512,"caption":"Bellunopress"},"image":{"@id":"https:\/\/www.bellunopress.it\/#\/schema\/logo\/image\/"},"sameAs":["https:\/\/www.facebook.com\/profile.php?id=100008943462799","https:\/\/x.com\/bellunopress","https:\/\/www.linkedin.com\/hp\/?dnr=JBzUWaJfMUw8vbXJJ2tVW5-I3jZKvC4wsoxE&amp;amp;amp;amp;amp;amp;trk=nav_responsive_tab_home","https:\/\/www.youtube.com\/channel\/UCxL0wu1uN0_3_7hGG0306cw"]},{"@type":"Person","@id":"https:\/\/www.bellunopress.it\/#\/schema\/person\/79bb06722b37ece1c03d3e94beb30d73","name":"r\u00e9daction","image":{"@type":"ImageObject","inLanguage":"fr-FR","@id":"https:\/\/secure.gravatar.com\/avatar\/37d968a2e67a6fd04c169c4bdef102d0bc5d31b2546345219e348575eb80e9a0?s=96&d=mm&r=g","url":"https:\/\/secure.gravatar.com\/avatar\/37d968a2e67a6fd04c169c4bdef102d0bc5d31b2546345219e348575eb80e9a0?s=96&d=mm&r=g","contentUrl":"https:\/\/secure.gravatar.com\/avatar\/37d968a2e67a6fd04c169c4bdef102d0bc5d31b2546345219e348575eb80e9a0?s=96&d=mm&r=g","caption":"redazione"},"sameAs":["http:\/\/www.bellunopress.it","https:\/\/x.com\/bellunopress"],"url":"https:\/\/www.bellunopress.it\/fr\/author\/redazione\/"}]}},"_links":{"self":[{"href":"https:\/\/www.bellunopress.it\/fr\/wp-json\/wp\/v2\/posts\/11534","targetHints":{"allow":["GET"]}}],"collection":[{"href":"https:\/\/www.bellunopress.it\/fr\/wp-json\/wp\/v2\/posts"}],"about":[{"href":"https:\/\/www.bellunopress.it\/fr\/wp-json\/wp\/v2\/types\/post"}],"author":[{"embeddable":true,"href":"https:\/\/www.bellunopress.it\/fr\/wp-json\/wp\/v2\/users\/2"}],"replies":[{"embeddable":true,"href":"https:\/\/www.bellunopress.it\/fr\/wp-json\/wp\/v2\/comments?post=11534"}],"version-history":[{"count":1,"href":"https:\/\/www.bellunopress.it\/fr\/wp-json\/wp\/v2\/posts\/11534\/revisions"}],"predecessor-version":[{"id":11536,"href":"https:\/\/www.bellunopress.it\/fr\/wp-json\/wp\/v2\/posts\/11534\/revisions\/11536"}],"wp:attachment":[{"href":"https:\/\/www.bellunopress.it\/fr\/wp-json\/wp\/v2\/media?parent=11534"}],"wp:term":[{"taxonomy":"category","embeddable":true,"href":"https:\/\/www.bellunopress.it\/fr\/wp-json\/wp\/v2\/categories?post=11534"},{"taxonomy":"post_tag","embeddable":true,"href":"https:\/\/www.bellunopress.it\/fr\/wp-json\/wp\/v2\/tags?post=11534"}],"curies":[{"name":"wp","href":"https:\/\/api.w.org\/{rel}","templated":true}]}}