{"id":11529,"date":"2010-01-15T13:25:28","date_gmt":"2010-01-15T12:25:28","guid":{"rendered":"http:\/\/www.bellunopress.it\/?p=11529"},"modified":"2010-01-15T13:26:31","modified_gmt":"2010-01-15T12:26:31","slug":"prosegue-la-campagna-di-vaccinazione-antirabbica-nei-comuni-delluls-1","status":"publish","type":"post","link":"https:\/\/www.bellunopress.it\/fr\/2010\/01\/15\/prosegue-la-campagna-di-vaccinazione-antirabbica-nei-comuni-delluls-1\/","title":{"rendered":"Prosegue la campagna di vaccinazione antirabbica nei Comuni dell&#8217;Uls 1"},"content":{"rendered":"<p>Prosegue la campagna di vaccinazione antirabbica dell\u2019ULSS n.1 di Belluno, cos\u00ec come stabilito dalla Regione Veneto. Le vaccinazioni saranno effettuate dal Servizio Veterinario dell\u2019ULSS. Il costo \u00e8 di cinque euro. I cani dovranno avere la museruola e dovranno essere portati al guinzaglio da una persona adulta. La vaccinazione sar\u00e0 effettuata solo agli animali gi\u00e0 identificati con tatuaggio o microchip. Viene comunque lasciata liber\u00e0 al proprietario di rivolgersi ad ambulatori privati. La vaccinazione dovr\u00e0 essere ultimata entro il 31 gennaio, cos\u00ec come deciso dalla Regione Veneto, ed \u00e8 obbligatoria per tutti i cani della provincia.<br \/>\nIl calendario prevede i seguenti appuntamenti:<br \/>\nCOMUNE DI PIEVE D\u2019ALPAGO: luned\u00ec 18 gennaio &#8211; Orario: dalle 09.00 alle 12.00 e dalle 14.00 alle 16.00. Sede: presso magazzini comunali via Catisana.<br \/>\nCOMUNE DI PUOS D\u2019ALPAGO: marted\u00ec 19 &#8211; Orario dalle 09.30 alle 12.30. Sede: presso magazzini comunali p.za Papa Luciani.<br \/>\nCOMUNE DI CHIES D\u2019ALPAGO: mercoled\u00ec 20 &#8211; Orario: dalle 09.00 alle 12.00. Sede: presso piazzale sottostante l\u2019Ufficio Postale in Lamosano.<br \/>\nCOMUNE DI TAMBRE: gioved\u00ec 21 &#8211; Orario: dalle 09.30 alle 12.30 e dalle 14.30 alle 16.30. Sede: presso magazzini comunali via Brolio.<br \/>\nCOMUNE DI FARRA D\u2019ALPAGO: venerd\u00ec 22 e sabato 23 &#8211; Orario dalle 09.00 alle 12.00. Sede: presso magazzini impianti sportivi comunali viale al Lago.<br \/>\nCOMUNE DI SELVA DI CADORE: sabato 23 &#8211; Orario dalle 09.30 alle 13.30. Sede: presso la sede museale in via IV novembre<\/p>","protected":false},"excerpt":{"rendered":"<p>Prosegue la campagna di vaccinazione antirabbica dell\u2019ULSS n.1 di Belluno, cos\u00ec come stabilito dalla Regione Veneto. Le vaccinazioni saranno effettuate dal Servizio Veterinario dell\u2019ULSS. Il costo \u00e8 di cinque euro. I cani dovranno avere la museruola e dovranno essere portati al guinzaglio da una persona adulta. La vaccinazione sar\u00e0 effettuata solo agli animali gi\u00e0 identificati [&hellip;]<\/p>\n","protected":false},"author":2,"featured_media":0,"comment_status":"closed","ping_status":"open","sticky":false,"template":"","format":"standard","meta":{"footnotes":""},"categories":[5,26,17],"tags":[3050],"class_list":["post-11529","post","type-post","status-publish","format-standard","category-cronaca","category-prima-pagina","category-sanita","tag-sanita"],"yoast_head":"<!-- This site is optimized with the Yoast SEO plugin v28.4 - https:\/\/yoast.com\/product\/yoast-seo-wordpress\/ -->\n<title>Prosegue la campagna di vaccinazione antirabbica nei Comuni dell&#039;Uls 1 - Bellunopress - Dolomiti<\/title>\n<meta name=\"robots\" content=\"index, follow, max-snippet:-1, max-image-preview:large, max-video-preview:-1\" \/>\n<link rel=\"canonical\" href=\"https:\/\/www.bellunopress.it\/fr\/2010\/01\/15\/prosegue-la-campagna-di-vaccinazione-antirabbica-nei-comuni-delluls-1\/\" \/>\n<meta property=\"og:locale\" content=\"fr_FR\" \/>\n<meta property=\"og:type\" content=\"article\" \/>\n<meta property=\"og:title\" content=\"Prosegue la campagna di vaccinazione antirabbica nei Comuni dell&#039;Uls 1 - Bellunopress - Dolomiti\" \/>\n<meta property=\"og:description\" content=\"Prosegue la campagna di vaccinazione antirabbica dell\u2019ULSS n.1 di Belluno, cos\u00ec come stabilito dalla Regione Veneto. Le vaccinazioni saranno effettuate dal Servizio Veterinario dell\u2019ULSS. Il costo \u00e8 di cinque euro. I cani dovranno avere la museruola e dovranno essere portati al guinzaglio da una persona adulta. La vaccinazione sar\u00e0 effettuata solo agli animali gi\u00e0 identificati [&hellip;]\" \/>\n<meta property=\"og:url\" content=\"https:\/\/www.bellunopress.it\/fr\/2010\/01\/15\/prosegue-la-campagna-di-vaccinazione-antirabbica-nei-comuni-delluls-1\/\" \/>\n<meta property=\"og:site_name\" content=\"Bellunopress - Dolomiti\" \/>\n<meta property=\"article:publisher\" content=\"https:\/\/www.facebook.com\/profile.php?id=100008943462799\" \/>\n<meta property=\"article:published_time\" content=\"2010-01-15T12:25:28+00:00\" \/>\n<meta property=\"article:modified_time\" content=\"2010-01-15T12:26:31+00:00\" \/>\n<meta property=\"og:image\" content=\"http:\/\/www.bellunopress.it\/wp-content\/uploads\/2012\/07\/logo-bellunopress-250x250-2012.jpg\" \/>\n<meta name=\"author\" content=\"redazione\" \/>\n<meta name=\"twitter:card\" content=\"summary_large_image\" \/>\n<meta name=\"twitter:creator\" content=\"@bellunopress\" \/>\n<meta name=\"twitter:site\" content=\"@bellunopress\" \/>\n<meta name=\"twitter:label1\" content=\"\u00c9crit par\" \/>\n\t<meta name=\"twitter:data1\" content=\"redazione\" \/>\n\t<meta name=\"twitter:label2\" content=\"Dur\u00e9e de lecture estim\u00e9e\" \/>\n\t<meta name=\"twitter:data2\" content=\"1 minute\" \/>\n<script type=\"application\/ld+json\" class=\"yoast-schema-graph\">{\"@context\":\"https:\\\/\\\/schema.org\",\"@graph\":[{\"@type\":\"Article\",\"@id\":\"https:\\\/\\\/www.bellunopress.it\\\/2010\\\/01\\\/15\\\/prosegue-la-campagna-di-vaccinazione-antirabbica-nei-comuni-delluls-1\\\/#article\",\"isPartOf\":{\"@id\":\"https:\\\/\\\/www.bellunopress.it\\\/2010\\\/01\\\/15\\\/prosegue-la-campagna-di-vaccinazione-antirabbica-nei-comuni-delluls-1\\\/\"},\"author\":{\"name\":\"redazione\",\"@id\":\"https:\\\/\\\/www.bellunopress.it\\\/#\\\/schema\\\/person\\\/79bb06722b37ece1c03d3e94beb30d73\"},\"headline\":\"Prosegue la campagna di vaccinazione antirabbica nei Comuni dell&#8217;Uls 1\",\"datePublished\":\"2010-01-15T12:25:28+00:00\",\"dateModified\":\"2010-01-15T12:26:31+00:00\",\"mainEntityOfPage\":{\"@id\":\"https:\\\/\\\/www.bellunopress.it\\\/2010\\\/01\\\/15\\\/prosegue-la-campagna-di-vaccinazione-antirabbica-nei-comuni-delluls-1\\\/\"},\"wordCount\":223,\"publisher\":{\"@id\":\"https:\\\/\\\/www.bellunopress.it\\\/#organization\"},\"keywords\":[\"Sanit\u00e0\"],\"articleSection\":[\"Cronaca\\\/Politica\",\"Prima Pagina\",\"Sanit\u00e0 Medicina\"],\"inLanguage\":\"fr-FR\"},{\"@type\":\"WebPage\",\"@id\":\"https:\\\/\\\/www.bellunopress.it\\\/2010\\\/01\\\/15\\\/prosegue-la-campagna-di-vaccinazione-antirabbica-nei-comuni-delluls-1\\\/\",\"url\":\"https:\\\/\\\/www.bellunopress.it\\\/2010\\\/01\\\/15\\\/prosegue-la-campagna-di-vaccinazione-antirabbica-nei-comuni-delluls-1\\\/\",\"name\":\"Prosegue la campagna di vaccinazione antirabbica nei Comuni dell'Uls 1 - Bellunopress - Dolomiti\",\"isPartOf\":{\"@id\":\"https:\\\/\\\/www.bellunopress.it\\\/#website\"},\"datePublished\":\"2010-01-15T12:25:28+00:00\",\"dateModified\":\"2010-01-15T12:26:31+00:00\",\"breadcrumb\":{\"@id\":\"https:\\\/\\\/www.bellunopress.it\\\/2010\\\/01\\\/15\\\/prosegue-la-campagna-di-vaccinazione-antirabbica-nei-comuni-delluls-1\\\/#breadcrumb\"},\"inLanguage\":\"fr-FR\",\"potentialAction\":[{\"@type\":\"ReadAction\",\"target\":[\"https:\\\/\\\/www.bellunopress.it\\\/2010\\\/01\\\/15\\\/prosegue-la-campagna-di-vaccinazione-antirabbica-nei-comuni-delluls-1\\\/\"]}]},{\"@type\":\"BreadcrumbList\",\"@id\":\"https:\\\/\\\/www.bellunopress.it\\\/2010\\\/01\\\/15\\\/prosegue-la-campagna-di-vaccinazione-antirabbica-nei-comuni-delluls-1\\\/#breadcrumb\",\"itemListElement\":[{\"@type\":\"ListItem\",\"position\":1,\"name\":\"Home\",\"item\":\"https:\\\/\\\/www.bellunopress.it\\\/\"},{\"@type\":\"ListItem\",\"position\":2,\"name\":\"Prosegue la campagna di vaccinazione antirabbica nei Comuni dell&#8217;Uls 1\"}]},{\"@type\":\"WebSite\",\"@id\":\"https:\\\/\\\/www.bellunopress.it\\\/#website\",\"url\":\"https:\\\/\\\/www.bellunopress.it\\\/\",\"name\":\"Bellunopress - Dolomiti\",\"description\":\"e-mail: redazione@bellunopress.it\",\"publisher\":{\"@id\":\"https:\\\/\\\/www.bellunopress.it\\\/#organization\"},\"potentialAction\":[{\"@type\":\"SearchAction\",\"target\":{\"@type\":\"EntryPoint\",\"urlTemplate\":\"https:\\\/\\\/www.bellunopress.it\\\/?s={search_term_string}\"},\"query-input\":{\"@type\":\"PropertyValueSpecification\",\"valueRequired\":true,\"valueName\":\"search_term_string\"}}],\"inLanguage\":\"fr-FR\"},{\"@type\":\"Organization\",\"@id\":\"https:\\\/\\\/www.bellunopress.it\\\/#organization\",\"name\":\"Bellunopress\",\"url\":\"https:\\\/\\\/www.bellunopress.it\\\/\",\"logo\":{\"@type\":\"ImageObject\",\"inLanguage\":\"fr-FR\",\"@id\":\"https:\\\/\\\/www.bellunopress.it\\\/#\\\/schema\\\/logo\\\/image\\\/\",\"url\":\"https:\\\/\\\/www.bellunopress.it\\\/wp-content\\\/uploads\\\/2011\\\/05\\\/cropped-logo-bellunopress-.jpg\",\"contentUrl\":\"https:\\\/\\\/www.bellunopress.it\\\/wp-content\\\/uploads\\\/2011\\\/05\\\/cropped-logo-bellunopress-.jpg\",\"width\":512,\"height\":512,\"caption\":\"Bellunopress\"},\"image\":{\"@id\":\"https:\\\/\\\/www.bellunopress.it\\\/#\\\/schema\\\/logo\\\/image\\\/\"},\"sameAs\":[\"https:\\\/\\\/www.facebook.com\\\/profile.php?id=100008943462799\",\"https:\\\/\\\/x.com\\\/bellunopress\",\"https:\\\/\\\/www.linkedin.com\\\/hp\\\/?dnr=JBzUWaJfMUw8vbXJJ2tVW5-I3jZKvC4wsoxE&amp;amp;amp;amp;amp;amp;trk=nav_responsive_tab_home\",\"https:\\\/\\\/www.youtube.com\\\/channel\\\/UCxL0wu1uN0_3_7hGG0306cw\"]},{\"@type\":\"Person\",\"@id\":\"https:\\\/\\\/www.bellunopress.it\\\/#\\\/schema\\\/person\\\/79bb06722b37ece1c03d3e94beb30d73\",\"name\":\"redazione\",\"image\":{\"@type\":\"ImageObject\",\"inLanguage\":\"fr-FR\",\"@id\":\"https:\\\/\\\/secure.gravatar.com\\\/avatar\\\/37d968a2e67a6fd04c169c4bdef102d0bc5d31b2546345219e348575eb80e9a0?s=96&d=mm&r=g\",\"url\":\"https:\\\/\\\/secure.gravatar.com\\\/avatar\\\/37d968a2e67a6fd04c169c4bdef102d0bc5d31b2546345219e348575eb80e9a0?s=96&d=mm&r=g\",\"contentUrl\":\"https:\\\/\\\/secure.gravatar.com\\\/avatar\\\/37d968a2e67a6fd04c169c4bdef102d0bc5d31b2546345219e348575eb80e9a0?s=96&d=mm&r=g\",\"caption\":\"redazione\"},\"sameAs\":[\"http:\\\/\\\/www.bellunopress.it\",\"https:\\\/\\\/x.com\\\/bellunopress\"],\"url\":\"https:\\\/\\\/www.bellunopress.it\\\/fr\\\/author\\\/redazione\\\/\"}]}<\/script>\n<!-- \/ Yoast SEO plugin. -->","yoast_head_json":{"title":"Prosegue la campagna di vaccinazione antirabbica nei Comuni dell'Uls 1 - Bellunopress - Dolomiti","robots":{"index":"index","follow":"follow","max-snippet":"max-snippet:-1","max-image-preview":"max-image-preview:large","max-video-preview":"max-video-preview:-1"},"canonical":"https:\/\/www.bellunopress.it\/fr\/2010\/01\/15\/prosegue-la-campagna-di-vaccinazione-antirabbica-nei-comuni-delluls-1\/","og_locale":"fr_FR","og_type":"article","og_title":"Prosegue la campagna di vaccinazione antirabbica nei Comuni dell'Uls 1 - Bellunopress - Dolomiti","og_description":"Prosegue la campagna di vaccinazione antirabbica dell\u2019ULSS n.1 di Belluno, cos\u00ec come stabilito dalla Regione Veneto. Le vaccinazioni saranno effettuate dal Servizio Veterinario dell\u2019ULSS. Il costo \u00e8 di cinque euro. I cani dovranno avere la museruola e dovranno essere portati al guinzaglio da una persona adulta. La vaccinazione sar\u00e0 effettuata solo agli animali gi\u00e0 identificati [&hellip;]","og_url":"https:\/\/www.bellunopress.it\/fr\/2010\/01\/15\/prosegue-la-campagna-di-vaccinazione-antirabbica-nei-comuni-delluls-1\/","og_site_name":"Bellunopress - Dolomiti","article_publisher":"https:\/\/www.facebook.com\/profile.php?id=100008943462799","article_published_time":"2010-01-15T12:25:28+00:00","article_modified_time":"2010-01-15T12:26:31+00:00","og_image":[{"url":"http:\/\/www.bellunopress.it\/wp-content\/uploads\/2012\/07\/logo-bellunopress-250x250-2012.jpg","type":"","width":"","height":""}],"author":"redazione","twitter_card":"summary_large_image","twitter_creator":"@bellunopress","twitter_site":"@bellunopress","twitter_misc":{"\u00c9crit par":"redazione","Dur\u00e9e de lecture estim\u00e9e":"1 minute"},"schema":{"@context":"https:\/\/schema.org","@graph":[{"@type":"Article","@id":"https:\/\/www.bellunopress.it\/2010\/01\/15\/prosegue-la-campagna-di-vaccinazione-antirabbica-nei-comuni-delluls-1\/#article","isPartOf":{"@id":"https:\/\/www.bellunopress.it\/2010\/01\/15\/prosegue-la-campagna-di-vaccinazione-antirabbica-nei-comuni-delluls-1\/"},"author":{"name":"redazione","@id":"https:\/\/www.bellunopress.it\/#\/schema\/person\/79bb06722b37ece1c03d3e94beb30d73"},"headline":"Prosegue la campagna di vaccinazione antirabbica nei Comuni dell&#8217;Uls 1","datePublished":"2010-01-15T12:25:28+00:00","dateModified":"2010-01-15T12:26:31+00:00","mainEntityOfPage":{"@id":"https:\/\/www.bellunopress.it\/2010\/01\/15\/prosegue-la-campagna-di-vaccinazione-antirabbica-nei-comuni-delluls-1\/"},"wordCount":223,"publisher":{"@id":"https:\/\/www.bellunopress.it\/#organization"},"keywords":["Sanit\u00e0"],"articleSection":["Cronaca\/Politica","Prima Pagina","Sanit\u00e0 Medicina"],"inLanguage":"fr-FR"},{"@type":"WebPage","@id":"https:\/\/www.bellunopress.it\/2010\/01\/15\/prosegue-la-campagna-di-vaccinazione-antirabbica-nei-comuni-delluls-1\/","url":"https:\/\/www.bellunopress.it\/2010\/01\/15\/prosegue-la-campagna-di-vaccinazione-antirabbica-nei-comuni-delluls-1\/","name":"Prosegue la campagna di vaccinazione antirabbica nei Comuni dell'Uls 1 - Bellunopress - Dolomiti","isPartOf":{"@id":"https:\/\/www.bellunopress.it\/#website"},"datePublished":"2010-01-15T12:25:28+00:00","dateModified":"2010-01-15T12:26:31+00:00","breadcrumb":{"@id":"https:\/\/www.bellunopress.it\/2010\/01\/15\/prosegue-la-campagna-di-vaccinazione-antirabbica-nei-comuni-delluls-1\/#breadcrumb"},"inLanguage":"fr-FR","potentialAction":[{"@type":"ReadAction","target":["https:\/\/www.bellunopress.it\/2010\/01\/15\/prosegue-la-campagna-di-vaccinazione-antirabbica-nei-comuni-delluls-1\/"]}]},{"@type":"BreadcrumbList","@id":"https:\/\/www.bellunopress.it\/2010\/01\/15\/prosegue-la-campagna-di-vaccinazione-antirabbica-nei-comuni-delluls-1\/#breadcrumb","itemListElement":[{"@type":"ListItem","position":1,"name":"Home","item":"https:\/\/www.bellunopress.it\/"},{"@type":"ListItem","position":2,"name":"Prosegue la campagna di vaccinazione antirabbica nei Comuni dell&#8217;Uls 1"}]},{"@type":"WebSite","@id":"https:\/\/www.bellunopress.it\/#website","url":"https:\/\/www.bellunopress.it\/","name":"Bellunopress - Dolomiti","description":"e-mail: redazione@bellunopress.it","publisher":{"@id":"https:\/\/www.bellunopress.it\/#organization"},"potentialAction":[{"@type":"SearchAction","target":{"@type":"EntryPoint","urlTemplate":"https:\/\/www.bellunopress.it\/?s={search_term_string}"},"query-input":{"@type":"PropertyValueSpecification","valueRequired":true,"valueName":"search_term_string"}}],"inLanguage":"fr-FR"},{"@type":"Organization","@id":"https:\/\/www.bellunopress.it\/#organization","name":"Bellunopress","url":"https:\/\/www.bellunopress.it\/","logo":{"@type":"ImageObject","inLanguage":"fr-FR","@id":"https:\/\/www.bellunopress.it\/#\/schema\/logo\/image\/","url":"https:\/\/www.bellunopress.it\/wp-content\/uploads\/2011\/05\/cropped-logo-bellunopress-.jpg","contentUrl":"https:\/\/www.bellunopress.it\/wp-content\/uploads\/2011\/05\/cropped-logo-bellunopress-.jpg","width":512,"height":512,"caption":"Bellunopress"},"image":{"@id":"https:\/\/www.bellunopress.it\/#\/schema\/logo\/image\/"},"sameAs":["https:\/\/www.facebook.com\/profile.php?id=100008943462799","https:\/\/x.com\/bellunopress","https:\/\/www.linkedin.com\/hp\/?dnr=JBzUWaJfMUw8vbXJJ2tVW5-I3jZKvC4wsoxE&amp;amp;amp;amp;amp;amp;trk=nav_responsive_tab_home","https:\/\/www.youtube.com\/channel\/UCxL0wu1uN0_3_7hGG0306cw"]},{"@type":"Person","@id":"https:\/\/www.bellunopress.it\/#\/schema\/person\/79bb06722b37ece1c03d3e94beb30d73","name":"r\u00e9daction","image":{"@type":"ImageObject","inLanguage":"fr-FR","@id":"https:\/\/secure.gravatar.com\/avatar\/37d968a2e67a6fd04c169c4bdef102d0bc5d31b2546345219e348575eb80e9a0?s=96&d=mm&r=g","url":"https:\/\/secure.gravatar.com\/avatar\/37d968a2e67a6fd04c169c4bdef102d0bc5d31b2546345219e348575eb80e9a0?s=96&d=mm&r=g","contentUrl":"https:\/\/secure.gravatar.com\/avatar\/37d968a2e67a6fd04c169c4bdef102d0bc5d31b2546345219e348575eb80e9a0?s=96&d=mm&r=g","caption":"redazione"},"sameAs":["http:\/\/www.bellunopress.it","https:\/\/x.com\/bellunopress"],"url":"https:\/\/www.bellunopress.it\/fr\/author\/redazione\/"}]}},"_links":{"self":[{"href":"https:\/\/www.bellunopress.it\/fr\/wp-json\/wp\/v2\/posts\/11529","targetHints":{"allow":["GET"]}}],"collection":[{"href":"https:\/\/www.bellunopress.it\/fr\/wp-json\/wp\/v2\/posts"}],"about":[{"href":"https:\/\/www.bellunopress.it\/fr\/wp-json\/wp\/v2\/types\/post"}],"author":[{"embeddable":true,"href":"https:\/\/www.bellunopress.it\/fr\/wp-json\/wp\/v2\/users\/2"}],"replies":[{"embeddable":true,"href":"https:\/\/www.bellunopress.it\/fr\/wp-json\/wp\/v2\/comments?post=11529"}],"version-history":[{"count":2,"href":"https:\/\/www.bellunopress.it\/fr\/wp-json\/wp\/v2\/posts\/11529\/revisions"}],"predecessor-version":[{"id":11531,"href":"https:\/\/www.bellunopress.it\/fr\/wp-json\/wp\/v2\/posts\/11529\/revisions\/11531"}],"wp:attachment":[{"href":"https:\/\/www.bellunopress.it\/fr\/wp-json\/wp\/v2\/media?parent=11529"}],"wp:term":[{"taxonomy":"category","embeddable":true,"href":"https:\/\/www.bellunopress.it\/fr\/wp-json\/wp\/v2\/categories?post=11529"},{"taxonomy":"post_tag","embeddable":true,"href":"https:\/\/www.bellunopress.it\/fr\/wp-json\/wp\/v2\/tags?post=11529"}],"curies":[{"name":"wp","href":"https:\/\/api.w.org\/{rel}","templated":true}]}}