{"id":11525,"date":"2010-01-15T08:39:06","date_gmt":"2010-01-15T07:39:06","guid":{"rendered":"http:\/\/www.bellunopress.it\/?p=11525"},"modified":"2010-01-15T08:39:06","modified_gmt":"2010-01-15T07:39:06","slug":"torrente-frassenei-tambre-dalla-provincia-800mila-euro-per-la-difesa-idraulico-forestale","status":"publish","type":"post","link":"https:\/\/www.bellunopress.it\/fr\/2010\/01\/15\/torrente-frassenei-tambre-dalla-provincia-800mila-euro-per-la-difesa-idraulico-forestale\/","title":{"rendered":"Torrente Frassenei (Tambre). Dalla Provincia 800mila euro per la difesa idraulico-forestale"},"content":{"rendered":"<p><a href=\"http:\/\/www.bellunopress.it\/wp-content\/uploads\/2009\/12\/palazzo-piloni.jpg\"><img loading=\"lazy\" decoding=\"async\" class=\"alignleft size-medium wp-image-10867\" title=\"palazzo-piloni\" src=\"http:\/\/www.bellunopress.it\/wp-content\/uploads\/2009\/12\/palazzo-piloni.jpg\" alt=\"\" width=\"290\" height=\"193\" \/><\/a>La Giunta provinciale ha approvato ieri il progetto preliminare per i lavori al bacino del torrente Frassenei, in Comune di Tambre, che prevede lo stanziamento da parte di Palazzo Piloni di ottocentomila euro. L\u2019intervento si inserisce nell\u2019ambito di un progetto che approda ora alla sua seconda fase. \u00abAbbiamo dato il via all\u2019iter che prevede ulteriori lavori di drenaggio del versante, sia a monte che a valle, e alla conseguente sistemazione del piano stradale. Ci saranno poi altre opere di regimazione idraulica, compreso il consolidamento delle sponde del torrente stesso &#8211; ha spiegato il presidente della Provincia di Belluno, Gianpaolo Bottacin &#8211; . Il monitoraggio che sta conducendo la Provincia ha rilevato che vi sono delle criticit\u00e0 a cui bisogna dare delle risposte importanti. Con quest\u2019opera andremo ad intervenire sulla ex-statale 422 del Cansiglio, un\u2019arteria fondamentale per il collegamento fra il Comune di Tambre ed il fondovalle. Da anni, poi, quella strada \u00e8 dissestata e questo intervento si prefigge una risistemazione strutturale dell\u2019asse viario\u00bb.<\/p>","protected":false},"excerpt":{"rendered":"<p>La Giunta provinciale ha approvato ieri il progetto preliminare per i lavori al bacino del torrente Frassenei, in Comune di Tambre, che prevede lo stanziamento da parte di Palazzo Piloni di ottocentomila euro. L\u2019intervento si inserisce nell\u2019ambito di un progetto che approda ora alla sua seconda fase. \u00abAbbiamo dato il via all\u2019iter che prevede ulteriori [&hellip;]<\/p>\n","protected":false},"author":2,"featured_media":0,"comment_status":"closed","ping_status":"open","sticky":false,"template":"","format":"standard","meta":{"footnotes":""},"categories":[5,26],"tags":[139],"class_list":["post-11525","post","type-post","status-publish","format-standard","category-cronaca","category-prima-pagina","tag-belluno"],"yoast_head":"<!-- This site is optimized with the Yoast SEO plugin v28.4 - https:\/\/yoast.com\/product\/yoast-seo-wordpress\/ -->\n<title>Torrente Frassenei (Tambre). Dalla Provincia 800mila euro per la difesa idraulico-forestale - Bellunopress - Dolomiti<\/title>\n<meta name=\"robots\" content=\"index, follow, max-snippet:-1, max-image-preview:large, max-video-preview:-1\" \/>\n<link rel=\"canonical\" href=\"https:\/\/www.bellunopress.it\/fr\/2010\/01\/15\/torrente-frassenei-tambre-dalla-provincia-800mila-euro-per-la-difesa-idraulico-forestale\/\" \/>\n<meta property=\"og:locale\" content=\"fr_FR\" \/>\n<meta property=\"og:type\" content=\"article\" \/>\n<meta property=\"og:title\" content=\"Torrente Frassenei (Tambre). Dalla Provincia 800mila euro per la difesa idraulico-forestale - Bellunopress - Dolomiti\" \/>\n<meta property=\"og:description\" content=\"La Giunta provinciale ha approvato ieri il progetto preliminare per i lavori al bacino del torrente Frassenei, in Comune di Tambre, che prevede lo stanziamento da parte di Palazzo Piloni di ottocentomila euro. L\u2019intervento si inserisce nell\u2019ambito di un progetto che approda ora alla sua seconda fase. \u00abAbbiamo dato il via all\u2019iter che prevede ulteriori [&hellip;]\" \/>\n<meta property=\"og:url\" content=\"https:\/\/www.bellunopress.it\/fr\/2010\/01\/15\/torrente-frassenei-tambre-dalla-provincia-800mila-euro-per-la-difesa-idraulico-forestale\/\" \/>\n<meta property=\"og:site_name\" content=\"Bellunopress - Dolomiti\" \/>\n<meta property=\"article:publisher\" content=\"https:\/\/www.facebook.com\/profile.php?id=100008943462799\" \/>\n<meta property=\"article:published_time\" content=\"2010-01-15T07:39:06+00:00\" \/>\n<meta property=\"og:image\" content=\"http:\/\/www.bellunopress.it\/wp-content\/uploads\/2009\/12\/palazzo-piloni.jpg\" \/>\n<meta name=\"author\" content=\"redazione\" \/>\n<meta name=\"twitter:card\" content=\"summary_large_image\" \/>\n<meta name=\"twitter:creator\" content=\"@bellunopress\" \/>\n<meta name=\"twitter:site\" content=\"@bellunopress\" \/>\n<meta name=\"twitter:label1\" content=\"\u00c9crit par\" \/>\n\t<meta name=\"twitter:data1\" content=\"redazione\" \/>\n\t<meta name=\"twitter:label2\" content=\"Dur\u00e9e de lecture estim\u00e9e\" \/>\n\t<meta name=\"twitter:data2\" content=\"1 minute\" \/>\n<script type=\"application\/ld+json\" class=\"yoast-schema-graph\">{\"@context\":\"https:\\\/\\\/schema.org\",\"@graph\":[{\"@type\":\"Article\",\"@id\":\"https:\\\/\\\/www.bellunopress.it\\\/2010\\\/01\\\/15\\\/torrente-frassenei-tambre-dalla-provincia-800mila-euro-per-la-difesa-idraulico-forestale\\\/#article\",\"isPartOf\":{\"@id\":\"https:\\\/\\\/www.bellunopress.it\\\/2010\\\/01\\\/15\\\/torrente-frassenei-tambre-dalla-provincia-800mila-euro-per-la-difesa-idraulico-forestale\\\/\"},\"author\":{\"name\":\"redazione\",\"@id\":\"https:\\\/\\\/www.bellunopress.it\\\/#\\\/schema\\\/person\\\/79bb06722b37ece1c03d3e94beb30d73\"},\"headline\":\"Torrente Frassenei (Tambre). Dalla Provincia 800mila euro per la difesa idraulico-forestale\",\"datePublished\":\"2010-01-15T07:39:06+00:00\",\"mainEntityOfPage\":{\"@id\":\"https:\\\/\\\/www.bellunopress.it\\\/2010\\\/01\\\/15\\\/torrente-frassenei-tambre-dalla-provincia-800mila-euro-per-la-difesa-idraulico-forestale\\\/\"},\"wordCount\":177,\"publisher\":{\"@id\":\"https:\\\/\\\/www.bellunopress.it\\\/#organization\"},\"image\":{\"@id\":\"https:\\\/\\\/www.bellunopress.it\\\/2010\\\/01\\\/15\\\/torrente-frassenei-tambre-dalla-provincia-800mila-euro-per-la-difesa-idraulico-forestale\\\/#primaryimage\"},\"thumbnailUrl\":\"http:\\\/\\\/www.bellunopress.it\\\/wp-content\\\/uploads\\\/2009\\\/12\\\/palazzo-piloni.jpg\",\"keywords\":[\"Belluno\"],\"articleSection\":[\"Cronaca\\\/Politica\",\"Prima Pagina\"],\"inLanguage\":\"fr-FR\"},{\"@type\":\"WebPage\",\"@id\":\"https:\\\/\\\/www.bellunopress.it\\\/2010\\\/01\\\/15\\\/torrente-frassenei-tambre-dalla-provincia-800mila-euro-per-la-difesa-idraulico-forestale\\\/\",\"url\":\"https:\\\/\\\/www.bellunopress.it\\\/2010\\\/01\\\/15\\\/torrente-frassenei-tambre-dalla-provincia-800mila-euro-per-la-difesa-idraulico-forestale\\\/\",\"name\":\"Torrente Frassenei (Tambre). Dalla Provincia 800mila euro per la difesa idraulico-forestale - Bellunopress - Dolomiti\",\"isPartOf\":{\"@id\":\"https:\\\/\\\/www.bellunopress.it\\\/#website\"},\"primaryImageOfPage\":{\"@id\":\"https:\\\/\\\/www.bellunopress.it\\\/2010\\\/01\\\/15\\\/torrente-frassenei-tambre-dalla-provincia-800mila-euro-per-la-difesa-idraulico-forestale\\\/#primaryimage\"},\"image\":{\"@id\":\"https:\\\/\\\/www.bellunopress.it\\\/2010\\\/01\\\/15\\\/torrente-frassenei-tambre-dalla-provincia-800mila-euro-per-la-difesa-idraulico-forestale\\\/#primaryimage\"},\"thumbnailUrl\":\"http:\\\/\\\/www.bellunopress.it\\\/wp-content\\\/uploads\\\/2009\\\/12\\\/palazzo-piloni.jpg\",\"datePublished\":\"2010-01-15T07:39:06+00:00\",\"breadcrumb\":{\"@id\":\"https:\\\/\\\/www.bellunopress.it\\\/2010\\\/01\\\/15\\\/torrente-frassenei-tambre-dalla-provincia-800mila-euro-per-la-difesa-idraulico-forestale\\\/#breadcrumb\"},\"inLanguage\":\"fr-FR\",\"potentialAction\":[{\"@type\":\"ReadAction\",\"target\":[\"https:\\\/\\\/www.bellunopress.it\\\/2010\\\/01\\\/15\\\/torrente-frassenei-tambre-dalla-provincia-800mila-euro-per-la-difesa-idraulico-forestale\\\/\"]}]},{\"@type\":\"ImageObject\",\"inLanguage\":\"fr-FR\",\"@id\":\"https:\\\/\\\/www.bellunopress.it\\\/2010\\\/01\\\/15\\\/torrente-frassenei-tambre-dalla-provincia-800mila-euro-per-la-difesa-idraulico-forestale\\\/#primaryimage\",\"url\":\"http:\\\/\\\/www.bellunopress.it\\\/wp-content\\\/uploads\\\/2009\\\/12\\\/palazzo-piloni.jpg\",\"contentUrl\":\"http:\\\/\\\/www.bellunopress.it\\\/wp-content\\\/uploads\\\/2009\\\/12\\\/palazzo-piloni.jpg\"},{\"@type\":\"BreadcrumbList\",\"@id\":\"https:\\\/\\\/www.bellunopress.it\\\/2010\\\/01\\\/15\\\/torrente-frassenei-tambre-dalla-provincia-800mila-euro-per-la-difesa-idraulico-forestale\\\/#breadcrumb\",\"itemListElement\":[{\"@type\":\"ListItem\",\"position\":1,\"name\":\"Home\",\"item\":\"https:\\\/\\\/www.bellunopress.it\\\/\"},{\"@type\":\"ListItem\",\"position\":2,\"name\":\"Torrente Frassenei (Tambre). Dalla Provincia 800mila euro per la difesa idraulico-forestale\"}]},{\"@type\":\"WebSite\",\"@id\":\"https:\\\/\\\/www.bellunopress.it\\\/#website\",\"url\":\"https:\\\/\\\/www.bellunopress.it\\\/\",\"name\":\"Bellunopress - Dolomiti\",\"description\":\"e-mail: redazione@bellunopress.it\",\"publisher\":{\"@id\":\"https:\\\/\\\/www.bellunopress.it\\\/#organization\"},\"potentialAction\":[{\"@type\":\"SearchAction\",\"target\":{\"@type\":\"EntryPoint\",\"urlTemplate\":\"https:\\\/\\\/www.bellunopress.it\\\/?s={search_term_string}\"},\"query-input\":{\"@type\":\"PropertyValueSpecification\",\"valueRequired\":true,\"valueName\":\"search_term_string\"}}],\"inLanguage\":\"fr-FR\"},{\"@type\":\"Organization\",\"@id\":\"https:\\\/\\\/www.bellunopress.it\\\/#organization\",\"name\":\"Bellunopress\",\"url\":\"https:\\\/\\\/www.bellunopress.it\\\/\",\"logo\":{\"@type\":\"ImageObject\",\"inLanguage\":\"fr-FR\",\"@id\":\"https:\\\/\\\/www.bellunopress.it\\\/#\\\/schema\\\/logo\\\/image\\\/\",\"url\":\"https:\\\/\\\/www.bellunopress.it\\\/wp-content\\\/uploads\\\/2011\\\/05\\\/cropped-logo-bellunopress-.jpg\",\"contentUrl\":\"https:\\\/\\\/www.bellunopress.it\\\/wp-content\\\/uploads\\\/2011\\\/05\\\/cropped-logo-bellunopress-.jpg\",\"width\":512,\"height\":512,\"caption\":\"Bellunopress\"},\"image\":{\"@id\":\"https:\\\/\\\/www.bellunopress.it\\\/#\\\/schema\\\/logo\\\/image\\\/\"},\"sameAs\":[\"https:\\\/\\\/www.facebook.com\\\/profile.php?id=100008943462799\",\"https:\\\/\\\/x.com\\\/bellunopress\",\"https:\\\/\\\/www.linkedin.com\\\/hp\\\/?dnr=JBzUWaJfMUw8vbXJJ2tVW5-I3jZKvC4wsoxE&amp;amp;amp;amp;amp;amp;trk=nav_responsive_tab_home\",\"https:\\\/\\\/www.youtube.com\\\/channel\\\/UCxL0wu1uN0_3_7hGG0306cw\"]},{\"@type\":\"Person\",\"@id\":\"https:\\\/\\\/www.bellunopress.it\\\/#\\\/schema\\\/person\\\/79bb06722b37ece1c03d3e94beb30d73\",\"name\":\"redazione\",\"image\":{\"@type\":\"ImageObject\",\"inLanguage\":\"fr-FR\",\"@id\":\"https:\\\/\\\/secure.gravatar.com\\\/avatar\\\/37d968a2e67a6fd04c169c4bdef102d0bc5d31b2546345219e348575eb80e9a0?s=96&d=mm&r=g\",\"url\":\"https:\\\/\\\/secure.gravatar.com\\\/avatar\\\/37d968a2e67a6fd04c169c4bdef102d0bc5d31b2546345219e348575eb80e9a0?s=96&d=mm&r=g\",\"contentUrl\":\"https:\\\/\\\/secure.gravatar.com\\\/avatar\\\/37d968a2e67a6fd04c169c4bdef102d0bc5d31b2546345219e348575eb80e9a0?s=96&d=mm&r=g\",\"caption\":\"redazione\"},\"sameAs\":[\"http:\\\/\\\/www.bellunopress.it\",\"https:\\\/\\\/x.com\\\/bellunopress\"],\"url\":\"https:\\\/\\\/www.bellunopress.it\\\/fr\\\/author\\\/redazione\\\/\"}]}<\/script>\n<!-- \/ Yoast SEO plugin. -->","yoast_head_json":{"title":"Torrente Frassenei (Tambre). Dalla Provincia 800mila euro per la difesa idraulico-forestale - Bellunopress - Dolomiti","robots":{"index":"index","follow":"follow","max-snippet":"max-snippet:-1","max-image-preview":"max-image-preview:large","max-video-preview":"max-video-preview:-1"},"canonical":"https:\/\/www.bellunopress.it\/fr\/2010\/01\/15\/torrente-frassenei-tambre-dalla-provincia-800mila-euro-per-la-difesa-idraulico-forestale\/","og_locale":"fr_FR","og_type":"article","og_title":"Torrente Frassenei (Tambre). Dalla Provincia 800mila euro per la difesa idraulico-forestale - Bellunopress - Dolomiti","og_description":"La Giunta provinciale ha approvato ieri il progetto preliminare per i lavori al bacino del torrente Frassenei, in Comune di Tambre, che prevede lo stanziamento da parte di Palazzo Piloni di ottocentomila euro. L\u2019intervento si inserisce nell\u2019ambito di un progetto che approda ora alla sua seconda fase. \u00abAbbiamo dato il via all\u2019iter che prevede ulteriori [&hellip;]","og_url":"https:\/\/www.bellunopress.it\/fr\/2010\/01\/15\/torrente-frassenei-tambre-dalla-provincia-800mila-euro-per-la-difesa-idraulico-forestale\/","og_site_name":"Bellunopress - Dolomiti","article_publisher":"https:\/\/www.facebook.com\/profile.php?id=100008943462799","article_published_time":"2010-01-15T07:39:06+00:00","og_image":[{"url":"http:\/\/www.bellunopress.it\/wp-content\/uploads\/2009\/12\/palazzo-piloni.jpg","type":"","width":"","height":""}],"author":"redazione","twitter_card":"summary_large_image","twitter_creator":"@bellunopress","twitter_site":"@bellunopress","twitter_misc":{"\u00c9crit par":"redazione","Dur\u00e9e de lecture estim\u00e9e":"1 minute"},"schema":{"@context":"https:\/\/schema.org","@graph":[{"@type":"Article","@id":"https:\/\/www.bellunopress.it\/2010\/01\/15\/torrente-frassenei-tambre-dalla-provincia-800mila-euro-per-la-difesa-idraulico-forestale\/#article","isPartOf":{"@id":"https:\/\/www.bellunopress.it\/2010\/01\/15\/torrente-frassenei-tambre-dalla-provincia-800mila-euro-per-la-difesa-idraulico-forestale\/"},"author":{"name":"redazione","@id":"https:\/\/www.bellunopress.it\/#\/schema\/person\/79bb06722b37ece1c03d3e94beb30d73"},"headline":"Torrente Frassenei (Tambre). Dalla Provincia 800mila euro per la difesa idraulico-forestale","datePublished":"2010-01-15T07:39:06+00:00","mainEntityOfPage":{"@id":"https:\/\/www.bellunopress.it\/2010\/01\/15\/torrente-frassenei-tambre-dalla-provincia-800mila-euro-per-la-difesa-idraulico-forestale\/"},"wordCount":177,"publisher":{"@id":"https:\/\/www.bellunopress.it\/#organization"},"image":{"@id":"https:\/\/www.bellunopress.it\/2010\/01\/15\/torrente-frassenei-tambre-dalla-provincia-800mila-euro-per-la-difesa-idraulico-forestale\/#primaryimage"},"thumbnailUrl":"http:\/\/www.bellunopress.it\/wp-content\/uploads\/2009\/12\/palazzo-piloni.jpg","keywords":["Belluno"],"articleSection":["Cronaca\/Politica","Prima Pagina"],"inLanguage":"fr-FR"},{"@type":"WebPage","@id":"https:\/\/www.bellunopress.it\/2010\/01\/15\/torrente-frassenei-tambre-dalla-provincia-800mila-euro-per-la-difesa-idraulico-forestale\/","url":"https:\/\/www.bellunopress.it\/2010\/01\/15\/torrente-frassenei-tambre-dalla-provincia-800mila-euro-per-la-difesa-idraulico-forestale\/","name":"Torrente Frassenei (Tambre). Dalla Provincia 800mila euro per la difesa idraulico-forestale - Bellunopress - Dolomiti","isPartOf":{"@id":"https:\/\/www.bellunopress.it\/#website"},"primaryImageOfPage":{"@id":"https:\/\/www.bellunopress.it\/2010\/01\/15\/torrente-frassenei-tambre-dalla-provincia-800mila-euro-per-la-difesa-idraulico-forestale\/#primaryimage"},"image":{"@id":"https:\/\/www.bellunopress.it\/2010\/01\/15\/torrente-frassenei-tambre-dalla-provincia-800mila-euro-per-la-difesa-idraulico-forestale\/#primaryimage"},"thumbnailUrl":"http:\/\/www.bellunopress.it\/wp-content\/uploads\/2009\/12\/palazzo-piloni.jpg","datePublished":"2010-01-15T07:39:06+00:00","breadcrumb":{"@id":"https:\/\/www.bellunopress.it\/2010\/01\/15\/torrente-frassenei-tambre-dalla-provincia-800mila-euro-per-la-difesa-idraulico-forestale\/#breadcrumb"},"inLanguage":"fr-FR","potentialAction":[{"@type":"ReadAction","target":["https:\/\/www.bellunopress.it\/2010\/01\/15\/torrente-frassenei-tambre-dalla-provincia-800mila-euro-per-la-difesa-idraulico-forestale\/"]}]},{"@type":"ImageObject","inLanguage":"fr-FR","@id":"https:\/\/www.bellunopress.it\/2010\/01\/15\/torrente-frassenei-tambre-dalla-provincia-800mila-euro-per-la-difesa-idraulico-forestale\/#primaryimage","url":"http:\/\/www.bellunopress.it\/wp-content\/uploads\/2009\/12\/palazzo-piloni.jpg","contentUrl":"http:\/\/www.bellunopress.it\/wp-content\/uploads\/2009\/12\/palazzo-piloni.jpg"},{"@type":"BreadcrumbList","@id":"https:\/\/www.bellunopress.it\/2010\/01\/15\/torrente-frassenei-tambre-dalla-provincia-800mila-euro-per-la-difesa-idraulico-forestale\/#breadcrumb","itemListElement":[{"@type":"ListItem","position":1,"name":"Home","item":"https:\/\/www.bellunopress.it\/"},{"@type":"ListItem","position":2,"name":"Torrente Frassenei (Tambre). Dalla Provincia 800mila euro per la difesa idraulico-forestale"}]},{"@type":"WebSite","@id":"https:\/\/www.bellunopress.it\/#website","url":"https:\/\/www.bellunopress.it\/","name":"Bellunopress - Dolomiti","description":"e-mail: redazione@bellunopress.it","publisher":{"@id":"https:\/\/www.bellunopress.it\/#organization"},"potentialAction":[{"@type":"SearchAction","target":{"@type":"EntryPoint","urlTemplate":"https:\/\/www.bellunopress.it\/?s={search_term_string}"},"query-input":{"@type":"PropertyValueSpecification","valueRequired":true,"valueName":"search_term_string"}}],"inLanguage":"fr-FR"},{"@type":"Organization","@id":"https:\/\/www.bellunopress.it\/#organization","name":"Bellunopress","url":"https:\/\/www.bellunopress.it\/","logo":{"@type":"ImageObject","inLanguage":"fr-FR","@id":"https:\/\/www.bellunopress.it\/#\/schema\/logo\/image\/","url":"https:\/\/www.bellunopress.it\/wp-content\/uploads\/2011\/05\/cropped-logo-bellunopress-.jpg","contentUrl":"https:\/\/www.bellunopress.it\/wp-content\/uploads\/2011\/05\/cropped-logo-bellunopress-.jpg","width":512,"height":512,"caption":"Bellunopress"},"image":{"@id":"https:\/\/www.bellunopress.it\/#\/schema\/logo\/image\/"},"sameAs":["https:\/\/www.facebook.com\/profile.php?id=100008943462799","https:\/\/x.com\/bellunopress","https:\/\/www.linkedin.com\/hp\/?dnr=JBzUWaJfMUw8vbXJJ2tVW5-I3jZKvC4wsoxE&amp;amp;amp;amp;amp;amp;trk=nav_responsive_tab_home","https:\/\/www.youtube.com\/channel\/UCxL0wu1uN0_3_7hGG0306cw"]},{"@type":"Person","@id":"https:\/\/www.bellunopress.it\/#\/schema\/person\/79bb06722b37ece1c03d3e94beb30d73","name":"r\u00e9daction","image":{"@type":"ImageObject","inLanguage":"fr-FR","@id":"https:\/\/secure.gravatar.com\/avatar\/37d968a2e67a6fd04c169c4bdef102d0bc5d31b2546345219e348575eb80e9a0?s=96&d=mm&r=g","url":"https:\/\/secure.gravatar.com\/avatar\/37d968a2e67a6fd04c169c4bdef102d0bc5d31b2546345219e348575eb80e9a0?s=96&d=mm&r=g","contentUrl":"https:\/\/secure.gravatar.com\/avatar\/37d968a2e67a6fd04c169c4bdef102d0bc5d31b2546345219e348575eb80e9a0?s=96&d=mm&r=g","caption":"redazione"},"sameAs":["http:\/\/www.bellunopress.it","https:\/\/x.com\/bellunopress"],"url":"https:\/\/www.bellunopress.it\/fr\/author\/redazione\/"}]}},"_links":{"self":[{"href":"https:\/\/www.bellunopress.it\/fr\/wp-json\/wp\/v2\/posts\/11525","targetHints":{"allow":["GET"]}}],"collection":[{"href":"https:\/\/www.bellunopress.it\/fr\/wp-json\/wp\/v2\/posts"}],"about":[{"href":"https:\/\/www.bellunopress.it\/fr\/wp-json\/wp\/v2\/types\/post"}],"author":[{"embeddable":true,"href":"https:\/\/www.bellunopress.it\/fr\/wp-json\/wp\/v2\/users\/2"}],"replies":[{"embeddable":true,"href":"https:\/\/www.bellunopress.it\/fr\/wp-json\/wp\/v2\/comments?post=11525"}],"version-history":[{"count":1,"href":"https:\/\/www.bellunopress.it\/fr\/wp-json\/wp\/v2\/posts\/11525\/revisions"}],"predecessor-version":[{"id":11526,"href":"https:\/\/www.bellunopress.it\/fr\/wp-json\/wp\/v2\/posts\/11525\/revisions\/11526"}],"wp:attachment":[{"href":"https:\/\/www.bellunopress.it\/fr\/wp-json\/wp\/v2\/media?parent=11525"}],"wp:term":[{"taxonomy":"category","embeddable":true,"href":"https:\/\/www.bellunopress.it\/fr\/wp-json\/wp\/v2\/categories?post=11525"},{"taxonomy":"post_tag","embeddable":true,"href":"https:\/\/www.bellunopress.it\/fr\/wp-json\/wp\/v2\/tags?post=11525"}],"curies":[{"name":"wp","href":"https:\/\/api.w.org\/{rel}","templated":true}]}}