{"id":115135,"date":"2020-06-18T12:21:02","date_gmt":"2020-06-18T10:21:02","guid":{"rendered":"http:\/\/www.bellunopress.it\/?p=115135"},"modified":"2020-06-18T12:22:19","modified_gmt":"2020-06-18T10:22:19","slug":"la-notte-romantica-a-mel-nella-cornice-di-uno-dei-borghi-piu-belli-ditalia-il-primo-evento-post-covid","status":"publish","type":"post","link":"https:\/\/www.bellunopress.it\/fr\/2020\/06\/18\/la-notte-romantica-a-mel-nella-cornice-di-uno-dei-borghi-piu-belli-ditalia-il-primo-evento-post-covid\/","title":{"rendered":"La Notte Romantica a Mel. Nella cornice di uno dei Borghi pi\u00f9 belli d\u2019Italia il primo evento post Covid"},"content":{"rendered":"<figure id=\"attachment_89577\" aria-describedby=\"caption-attachment-89577\" style=\"width: 238px\" class=\"wp-caption alignleft\"><a href=\"http:\/\/www.bellunopress.it\/fr\/2017\/09\/29\/mercato-della-carta-libri-giornali-e-artigianato-domenica-a-mel\/mel-2\/\" rel=\"attachment wp-att-89577\"><img loading=\"lazy\" decoding=\"async\" class=\"size-full wp-image-89577\" src=\"http:\/\/www.bellunopress.it\/wp-content\/uploads\/2017\/09\/mel.jpg\" alt=\"\" width=\"238\" height=\"300\" \/><\/a><figcaption id=\"caption-attachment-89577\" class=\"wp-caption-text\">Mel<\/figcaption><\/figure>\n<p>Sabato 27 giugno le vie di Mel, Borgo pi\u00f9 bello d\u2019Italia dal 2016 e Bandiera arancione del Touring Club torneranno ad animarsi dopo i lunghi mesi del lockdown. Mel infatti<br \/>\naderisce per il primo anno alla manifestazione italiana de \u201cLa Notte Romantica nei Borghi pi\u00f9 belli d\u2019Italia\u201d promossa dall\u2019associazione dei Borghi. Primo di una serie di eventi che coinvolgeranno l\u2019intero territorio di Borgo Valbelluna, vuole essere un nuovo inizio nel segno dell\u2019amore.<br \/>\nMomento clou dell\u2019evento sar\u00e0 la cena sotto le stelle nella barchessa del Palazzo delle Contesse con prodotti e vini tipici del territorio, frutto di una meravigliosa collaborazione tra Amministrazione comunale, Pro Loco Zumellese, i ristoranti e i bar del centro storico e le aziende agricole locali. La cena per motivi organizzativi legati alle normative sanitarie attuali potr\u00e0 ospitare solamente 25 coppie e dovr\u00e0 essere prenotata entro e non oltre gioved\u00ec 25 giugno 2020 telefonando al numero 389 2669696 oppure scrivendo a turismo.mel@borgovalbelluna.bl.it.<br \/>\nDurante la serata Racconti Amorosi a cura di Alberto Fornasati e Note al Tramonto<br \/>\ncon il violino di Nathan Deutsch e il pianoforte di Sabina Canova. Imperdibili poi la romantica passeggiata sul belvedere di Corso XXXI ottobre e il selfie tra i vicoli e sotto gli archi della karera, senza dimenticarsi l\u2019hashtag #BorgoRomantico2020. L\u2019evento in caso di pioggia si sposter\u00e0 all\u2019interno del Ristorante Al Moro.<br \/>\nL&#8217;evento \u00e8 organizzato da: Amministrazione Comunale, Ristorante Al Moro, Hosteria<br \/>\nAlpino, Pasticceria Chocolat, Bar Stretta e Pro Loco Zumellese https:\/\/borghipiubelliditalia.it\/2020\/06\/16\/la-notte-romantica-nei-borghi-piu-belli-ditalia-27-giugno-2020\/<\/p>","protected":false},"excerpt":{"rendered":"<p>Sabato 27 giugno le vie di Mel, Borgo pi\u00f9 bello d\u2019Italia dal 2016 e Bandiera arancione del Touring Club torneranno ad animarsi dopo i lunghi mesi del lockdown. Mel infatti aderisce per il primo anno alla manifestazione italiana de \u201cLa Notte Romantica nei Borghi pi\u00f9 belli d\u2019Italia\u201d promossa dall\u2019associazione dei Borghi. Primo di una serie [&hellip;]<\/p>\n","protected":false},"author":2,"featured_media":89577,"comment_status":"closed","ping_status":"open","sticky":false,"template":"","format":"standard","meta":{"footnotes":""},"categories":[27,3,25],"tags":[],"class_list":["post-115135","post","type-post","status-publish","format-standard","has-post-thumbnail","category-appuntamenti","category-arte-cultura-spettacoli-scienza-archivi","category-pausa-caffe"],"yoast_head":"<!-- This site is optimized with the Yoast SEO plugin v28.4 - https:\/\/yoast.com\/product\/yoast-seo-wordpress\/ -->\n<title>La Notte Romantica a Mel. Nella cornice di uno dei Borghi pi\u00f9 belli d\u2019Italia il primo evento post Covid - Bellunopress - Dolomiti<\/title>\n<meta name=\"robots\" content=\"index, follow, max-snippet:-1, max-image-preview:large, max-video-preview:-1\" \/>\n<link rel=\"canonical\" href=\"https:\/\/www.bellunopress.it\/fr\/2020\/06\/18\/la-notte-romantica-a-mel-nella-cornice-di-uno-dei-borghi-piu-belli-ditalia-il-primo-evento-post-covid\/\" \/>\n<meta property=\"og:locale\" content=\"fr_FR\" \/>\n<meta property=\"og:type\" content=\"article\" \/>\n<meta property=\"og:title\" content=\"La Notte Romantica a Mel. Nella cornice di uno dei Borghi pi\u00f9 belli d\u2019Italia il primo evento post Covid - Bellunopress - Dolomiti\" \/>\n<meta property=\"og:description\" content=\"Sabato 27 giugno le vie di Mel, Borgo pi\u00f9 bello d\u2019Italia dal 2016 e Bandiera arancione del Touring Club torneranno ad animarsi dopo i lunghi mesi del lockdown. Mel infatti aderisce per il primo anno alla manifestazione italiana de \u201cLa Notte Romantica nei Borghi pi\u00f9 belli d\u2019Italia\u201d promossa dall\u2019associazione dei Borghi. Primo di una serie [&hellip;]\" \/>\n<meta property=\"og:url\" content=\"https:\/\/www.bellunopress.it\/fr\/2020\/06\/18\/la-notte-romantica-a-mel-nella-cornice-di-uno-dei-borghi-piu-belli-ditalia-il-primo-evento-post-covid\/\" \/>\n<meta property=\"og:site_name\" content=\"Bellunopress - Dolomiti\" \/>\n<meta property=\"article:publisher\" content=\"https:\/\/www.facebook.com\/profile.php?id=100008943462799\" \/>\n<meta property=\"article:published_time\" content=\"2020-06-18T10:21:02+00:00\" \/>\n<meta property=\"article:modified_time\" content=\"2020-06-18T10:22:19+00:00\" \/>\n<meta property=\"og:image\" content=\"https:\/\/www.bellunopress.it\/wp-content\/uploads\/2017\/09\/mel.jpg\" \/>\n\t<meta property=\"og:image:width\" content=\"238\" \/>\n\t<meta property=\"og:image:height\" content=\"300\" \/>\n\t<meta property=\"og:image:type\" content=\"image\/jpeg\" \/>\n<meta name=\"author\" content=\"redazione\" \/>\n<meta name=\"twitter:card\" content=\"summary_large_image\" \/>\n<meta name=\"twitter:creator\" content=\"@bellunopress\" \/>\n<meta name=\"twitter:site\" content=\"@bellunopress\" \/>\n<meta name=\"twitter:label1\" content=\"\u00c9crit par\" \/>\n\t<meta name=\"twitter:data1\" content=\"redazione\" \/>\n\t<meta name=\"twitter:label2\" content=\"Dur\u00e9e de lecture estim\u00e9e\" \/>\n\t<meta name=\"twitter:data2\" content=\"1 minute\" \/>\n<script type=\"application\/ld+json\" class=\"yoast-schema-graph\">{\"@context\":\"https:\\\/\\\/schema.org\",\"@graph\":[{\"@type\":\"Article\",\"@id\":\"https:\\\/\\\/www.bellunopress.it\\\/2020\\\/06\\\/18\\\/la-notte-romantica-a-mel-nella-cornice-di-uno-dei-borghi-piu-belli-ditalia-il-primo-evento-post-covid\\\/#article\",\"isPartOf\":{\"@id\":\"https:\\\/\\\/www.bellunopress.it\\\/2020\\\/06\\\/18\\\/la-notte-romantica-a-mel-nella-cornice-di-uno-dei-borghi-piu-belli-ditalia-il-primo-evento-post-covid\\\/\"},\"author\":{\"name\":\"redazione\",\"@id\":\"https:\\\/\\\/www.bellunopress.it\\\/#\\\/schema\\\/person\\\/79bb06722b37ece1c03d3e94beb30d73\"},\"headline\":\"La Notte Romantica a Mel. Nella cornice di uno dei Borghi pi\u00f9 belli d\u2019Italia il primo evento post Covid\",\"datePublished\":\"2020-06-18T10:21:02+00:00\",\"dateModified\":\"2020-06-18T10:22:19+00:00\",\"mainEntityOfPage\":{\"@id\":\"https:\\\/\\\/www.bellunopress.it\\\/2020\\\/06\\\/18\\\/la-notte-romantica-a-mel-nella-cornice-di-uno-dei-borghi-piu-belli-ditalia-il-primo-evento-post-covid\\\/\"},\"wordCount\":277,\"publisher\":{\"@id\":\"https:\\\/\\\/www.bellunopress.it\\\/#organization\"},\"image\":{\"@id\":\"https:\\\/\\\/www.bellunopress.it\\\/2020\\\/06\\\/18\\\/la-notte-romantica-a-mel-nella-cornice-di-uno-dei-borghi-piu-belli-ditalia-il-primo-evento-post-covid\\\/#primaryimage\"},\"thumbnailUrl\":\"https:\\\/\\\/www.bellunopress.it\\\/wp-content\\\/uploads\\\/2017\\\/09\\\/mel.jpg\",\"articleSection\":[\"Appuntamenti, Eventi\",\"Arte, Cultura, Spettacoli, Scienza\",\"Pausa Caff\u00e8\"],\"inLanguage\":\"fr-FR\"},{\"@type\":\"WebPage\",\"@id\":\"https:\\\/\\\/www.bellunopress.it\\\/2020\\\/06\\\/18\\\/la-notte-romantica-a-mel-nella-cornice-di-uno-dei-borghi-piu-belli-ditalia-il-primo-evento-post-covid\\\/\",\"url\":\"https:\\\/\\\/www.bellunopress.it\\\/2020\\\/06\\\/18\\\/la-notte-romantica-a-mel-nella-cornice-di-uno-dei-borghi-piu-belli-ditalia-il-primo-evento-post-covid\\\/\",\"name\":\"La Notte Romantica a Mel. Nella cornice di uno dei Borghi pi\u00f9 belli d\u2019Italia il primo evento post Covid - Bellunopress - Dolomiti\",\"isPartOf\":{\"@id\":\"https:\\\/\\\/www.bellunopress.it\\\/#website\"},\"primaryImageOfPage\":{\"@id\":\"https:\\\/\\\/www.bellunopress.it\\\/2020\\\/06\\\/18\\\/la-notte-romantica-a-mel-nella-cornice-di-uno-dei-borghi-piu-belli-ditalia-il-primo-evento-post-covid\\\/#primaryimage\"},\"image\":{\"@id\":\"https:\\\/\\\/www.bellunopress.it\\\/2020\\\/06\\\/18\\\/la-notte-romantica-a-mel-nella-cornice-di-uno-dei-borghi-piu-belli-ditalia-il-primo-evento-post-covid\\\/#primaryimage\"},\"thumbnailUrl\":\"https:\\\/\\\/www.bellunopress.it\\\/wp-content\\\/uploads\\\/2017\\\/09\\\/mel.jpg\",\"datePublished\":\"2020-06-18T10:21:02+00:00\",\"dateModified\":\"2020-06-18T10:22:19+00:00\",\"breadcrumb\":{\"@id\":\"https:\\\/\\\/www.bellunopress.it\\\/2020\\\/06\\\/18\\\/la-notte-romantica-a-mel-nella-cornice-di-uno-dei-borghi-piu-belli-ditalia-il-primo-evento-post-covid\\\/#breadcrumb\"},\"inLanguage\":\"fr-FR\",\"potentialAction\":[{\"@type\":\"ReadAction\",\"target\":[\"https:\\\/\\\/www.bellunopress.it\\\/2020\\\/06\\\/18\\\/la-notte-romantica-a-mel-nella-cornice-di-uno-dei-borghi-piu-belli-ditalia-il-primo-evento-post-covid\\\/\"]}]},{\"@type\":\"ImageObject\",\"inLanguage\":\"fr-FR\",\"@id\":\"https:\\\/\\\/www.bellunopress.it\\\/2020\\\/06\\\/18\\\/la-notte-romantica-a-mel-nella-cornice-di-uno-dei-borghi-piu-belli-ditalia-il-primo-evento-post-covid\\\/#primaryimage\",\"url\":\"https:\\\/\\\/www.bellunopress.it\\\/wp-content\\\/uploads\\\/2017\\\/09\\\/mel.jpg\",\"contentUrl\":\"https:\\\/\\\/www.bellunopress.it\\\/wp-content\\\/uploads\\\/2017\\\/09\\\/mel.jpg\",\"width\":238,\"height\":300,\"caption\":\"Mel\"},{\"@type\":\"BreadcrumbList\",\"@id\":\"https:\\\/\\\/www.bellunopress.it\\\/2020\\\/06\\\/18\\\/la-notte-romantica-a-mel-nella-cornice-di-uno-dei-borghi-piu-belli-ditalia-il-primo-evento-post-covid\\\/#breadcrumb\",\"itemListElement\":[{\"@type\":\"ListItem\",\"position\":1,\"name\":\"Home\",\"item\":\"https:\\\/\\\/www.bellunopress.it\\\/\"},{\"@type\":\"ListItem\",\"position\":2,\"name\":\"La Notte Romantica a Mel. Nella cornice di uno dei Borghi pi\u00f9 belli d\u2019Italia il primo evento post Covid\"}]},{\"@type\":\"WebSite\",\"@id\":\"https:\\\/\\\/www.bellunopress.it\\\/#website\",\"url\":\"https:\\\/\\\/www.bellunopress.it\\\/\",\"name\":\"Bellunopress - Dolomiti\",\"description\":\"e-mail: redazione@bellunopress.it\",\"publisher\":{\"@id\":\"https:\\\/\\\/www.bellunopress.it\\\/#organization\"},\"potentialAction\":[{\"@type\":\"SearchAction\",\"target\":{\"@type\":\"EntryPoint\",\"urlTemplate\":\"https:\\\/\\\/www.bellunopress.it\\\/?s={search_term_string}\"},\"query-input\":{\"@type\":\"PropertyValueSpecification\",\"valueRequired\":true,\"valueName\":\"search_term_string\"}}],\"inLanguage\":\"fr-FR\"},{\"@type\":\"Organization\",\"@id\":\"https:\\\/\\\/www.bellunopress.it\\\/#organization\",\"name\":\"Bellunopress\",\"url\":\"https:\\\/\\\/www.bellunopress.it\\\/\",\"logo\":{\"@type\":\"ImageObject\",\"inLanguage\":\"fr-FR\",\"@id\":\"https:\\\/\\\/www.bellunopress.it\\\/#\\\/schema\\\/logo\\\/image\\\/\",\"url\":\"https:\\\/\\\/www.bellunopress.it\\\/wp-content\\\/uploads\\\/2011\\\/05\\\/cropped-logo-bellunopress-.jpg\",\"contentUrl\":\"https:\\\/\\\/www.bellunopress.it\\\/wp-content\\\/uploads\\\/2011\\\/05\\\/cropped-logo-bellunopress-.jpg\",\"width\":512,\"height\":512,\"caption\":\"Bellunopress\"},\"image\":{\"@id\":\"https:\\\/\\\/www.bellunopress.it\\\/#\\\/schema\\\/logo\\\/image\\\/\"},\"sameAs\":[\"https:\\\/\\\/www.facebook.com\\\/profile.php?id=100008943462799\",\"https:\\\/\\\/x.com\\\/bellunopress\",\"https:\\\/\\\/www.linkedin.com\\\/hp\\\/?dnr=JBzUWaJfMUw8vbXJJ2tVW5-I3jZKvC4wsoxE&amp;amp;amp;amp;amp;amp;trk=nav_responsive_tab_home\",\"https:\\\/\\\/www.youtube.com\\\/channel\\\/UCxL0wu1uN0_3_7hGG0306cw\"]},{\"@type\":\"Person\",\"@id\":\"https:\\\/\\\/www.bellunopress.it\\\/#\\\/schema\\\/person\\\/79bb06722b37ece1c03d3e94beb30d73\",\"name\":\"redazione\",\"image\":{\"@type\":\"ImageObject\",\"inLanguage\":\"fr-FR\",\"@id\":\"https:\\\/\\\/secure.gravatar.com\\\/avatar\\\/37d968a2e67a6fd04c169c4bdef102d0bc5d31b2546345219e348575eb80e9a0?s=96&d=mm&r=g\",\"url\":\"https:\\\/\\\/secure.gravatar.com\\\/avatar\\\/37d968a2e67a6fd04c169c4bdef102d0bc5d31b2546345219e348575eb80e9a0?s=96&d=mm&r=g\",\"contentUrl\":\"https:\\\/\\\/secure.gravatar.com\\\/avatar\\\/37d968a2e67a6fd04c169c4bdef102d0bc5d31b2546345219e348575eb80e9a0?s=96&d=mm&r=g\",\"caption\":\"redazione\"},\"sameAs\":[\"http:\\\/\\\/www.bellunopress.it\",\"https:\\\/\\\/x.com\\\/bellunopress\"],\"url\":\"https:\\\/\\\/www.bellunopress.it\\\/fr\\\/author\\\/redazione\\\/\"}]}<\/script>\n<!-- \/ Yoast SEO plugin. -->","yoast_head_json":{"title":"La Notte Romantica a Mel. Nella cornice di uno dei Borghi pi\u00f9 belli d\u2019Italia il primo evento post Covid - Bellunopress - Dolomiti","robots":{"index":"index","follow":"follow","max-snippet":"max-snippet:-1","max-image-preview":"max-image-preview:large","max-video-preview":"max-video-preview:-1"},"canonical":"https:\/\/www.bellunopress.it\/fr\/2020\/06\/18\/la-notte-romantica-a-mel-nella-cornice-di-uno-dei-borghi-piu-belli-ditalia-il-primo-evento-post-covid\/","og_locale":"fr_FR","og_type":"article","og_title":"La Notte Romantica a Mel. Nella cornice di uno dei Borghi pi\u00f9 belli d\u2019Italia il primo evento post Covid - Bellunopress - Dolomiti","og_description":"Sabato 27 giugno le vie di Mel, Borgo pi\u00f9 bello d\u2019Italia dal 2016 e Bandiera arancione del Touring Club torneranno ad animarsi dopo i lunghi mesi del lockdown. Mel infatti aderisce per il primo anno alla manifestazione italiana de \u201cLa Notte Romantica nei Borghi pi\u00f9 belli d\u2019Italia\u201d promossa dall\u2019associazione dei Borghi. Primo di una serie [&hellip;]","og_url":"https:\/\/www.bellunopress.it\/fr\/2020\/06\/18\/la-notte-romantica-a-mel-nella-cornice-di-uno-dei-borghi-piu-belli-ditalia-il-primo-evento-post-covid\/","og_site_name":"Bellunopress - Dolomiti","article_publisher":"https:\/\/www.facebook.com\/profile.php?id=100008943462799","article_published_time":"2020-06-18T10:21:02+00:00","article_modified_time":"2020-06-18T10:22:19+00:00","og_image":[{"width":238,"height":300,"url":"https:\/\/www.bellunopress.it\/wp-content\/uploads\/2017\/09\/mel.jpg","type":"image\/jpeg"}],"author":"redazione","twitter_card":"summary_large_image","twitter_creator":"@bellunopress","twitter_site":"@bellunopress","twitter_misc":{"\u00c9crit par":"redazione","Dur\u00e9e de lecture estim\u00e9e":"1 minute"},"schema":{"@context":"https:\/\/schema.org","@graph":[{"@type":"Article","@id":"https:\/\/www.bellunopress.it\/2020\/06\/18\/la-notte-romantica-a-mel-nella-cornice-di-uno-dei-borghi-piu-belli-ditalia-il-primo-evento-post-covid\/#article","isPartOf":{"@id":"https:\/\/www.bellunopress.it\/2020\/06\/18\/la-notte-romantica-a-mel-nella-cornice-di-uno-dei-borghi-piu-belli-ditalia-il-primo-evento-post-covid\/"},"author":{"name":"redazione","@id":"https:\/\/www.bellunopress.it\/#\/schema\/person\/79bb06722b37ece1c03d3e94beb30d73"},"headline":"La Notte Romantica a Mel. Nella cornice di uno dei Borghi pi\u00f9 belli d\u2019Italia il primo evento post Covid","datePublished":"2020-06-18T10:21:02+00:00","dateModified":"2020-06-18T10:22:19+00:00","mainEntityOfPage":{"@id":"https:\/\/www.bellunopress.it\/2020\/06\/18\/la-notte-romantica-a-mel-nella-cornice-di-uno-dei-borghi-piu-belli-ditalia-il-primo-evento-post-covid\/"},"wordCount":277,"publisher":{"@id":"https:\/\/www.bellunopress.it\/#organization"},"image":{"@id":"https:\/\/www.bellunopress.it\/2020\/06\/18\/la-notte-romantica-a-mel-nella-cornice-di-uno-dei-borghi-piu-belli-ditalia-il-primo-evento-post-covid\/#primaryimage"},"thumbnailUrl":"https:\/\/www.bellunopress.it\/wp-content\/uploads\/2017\/09\/mel.jpg","articleSection":["Appuntamenti, Eventi","Arte, Cultura, Spettacoli, Scienza","Pausa Caff\u00e8"],"inLanguage":"fr-FR"},{"@type":"WebPage","@id":"https:\/\/www.bellunopress.it\/2020\/06\/18\/la-notte-romantica-a-mel-nella-cornice-di-uno-dei-borghi-piu-belli-ditalia-il-primo-evento-post-covid\/","url":"https:\/\/www.bellunopress.it\/2020\/06\/18\/la-notte-romantica-a-mel-nella-cornice-di-uno-dei-borghi-piu-belli-ditalia-il-primo-evento-post-covid\/","name":"La Notte Romantica a Mel. Nella cornice di uno dei Borghi pi\u00f9 belli d\u2019Italia il primo evento post Covid - Bellunopress - Dolomiti","isPartOf":{"@id":"https:\/\/www.bellunopress.it\/#website"},"primaryImageOfPage":{"@id":"https:\/\/www.bellunopress.it\/2020\/06\/18\/la-notte-romantica-a-mel-nella-cornice-di-uno-dei-borghi-piu-belli-ditalia-il-primo-evento-post-covid\/#primaryimage"},"image":{"@id":"https:\/\/www.bellunopress.it\/2020\/06\/18\/la-notte-romantica-a-mel-nella-cornice-di-uno-dei-borghi-piu-belli-ditalia-il-primo-evento-post-covid\/#primaryimage"},"thumbnailUrl":"https:\/\/www.bellunopress.it\/wp-content\/uploads\/2017\/09\/mel.jpg","datePublished":"2020-06-18T10:21:02+00:00","dateModified":"2020-06-18T10:22:19+00:00","breadcrumb":{"@id":"https:\/\/www.bellunopress.it\/2020\/06\/18\/la-notte-romantica-a-mel-nella-cornice-di-uno-dei-borghi-piu-belli-ditalia-il-primo-evento-post-covid\/#breadcrumb"},"inLanguage":"fr-FR","potentialAction":[{"@type":"ReadAction","target":["https:\/\/www.bellunopress.it\/2020\/06\/18\/la-notte-romantica-a-mel-nella-cornice-di-uno-dei-borghi-piu-belli-ditalia-il-primo-evento-post-covid\/"]}]},{"@type":"ImageObject","inLanguage":"fr-FR","@id":"https:\/\/www.bellunopress.it\/2020\/06\/18\/la-notte-romantica-a-mel-nella-cornice-di-uno-dei-borghi-piu-belli-ditalia-il-primo-evento-post-covid\/#primaryimage","url":"https:\/\/www.bellunopress.it\/wp-content\/uploads\/2017\/09\/mel.jpg","contentUrl":"https:\/\/www.bellunopress.it\/wp-content\/uploads\/2017\/09\/mel.jpg","width":238,"height":300,"caption":"Mel"},{"@type":"BreadcrumbList","@id":"https:\/\/www.bellunopress.it\/2020\/06\/18\/la-notte-romantica-a-mel-nella-cornice-di-uno-dei-borghi-piu-belli-ditalia-il-primo-evento-post-covid\/#breadcrumb","itemListElement":[{"@type":"ListItem","position":1,"name":"Home","item":"https:\/\/www.bellunopress.it\/"},{"@type":"ListItem","position":2,"name":"La Notte Romantica a Mel. Nella cornice di uno dei Borghi pi\u00f9 belli d\u2019Italia il primo evento post Covid"}]},{"@type":"WebSite","@id":"https:\/\/www.bellunopress.it\/#website","url":"https:\/\/www.bellunopress.it\/","name":"Bellunopress - Dolomiti","description":"e-mail: redazione@bellunopress.it","publisher":{"@id":"https:\/\/www.bellunopress.it\/#organization"},"potentialAction":[{"@type":"SearchAction","target":{"@type":"EntryPoint","urlTemplate":"https:\/\/www.bellunopress.it\/?s={search_term_string}"},"query-input":{"@type":"PropertyValueSpecification","valueRequired":true,"valueName":"search_term_string"}}],"inLanguage":"fr-FR"},{"@type":"Organization","@id":"https:\/\/www.bellunopress.it\/#organization","name":"Bellunopress","url":"https:\/\/www.bellunopress.it\/","logo":{"@type":"ImageObject","inLanguage":"fr-FR","@id":"https:\/\/www.bellunopress.it\/#\/schema\/logo\/image\/","url":"https:\/\/www.bellunopress.it\/wp-content\/uploads\/2011\/05\/cropped-logo-bellunopress-.jpg","contentUrl":"https:\/\/www.bellunopress.it\/wp-content\/uploads\/2011\/05\/cropped-logo-bellunopress-.jpg","width":512,"height":512,"caption":"Bellunopress"},"image":{"@id":"https:\/\/www.bellunopress.it\/#\/schema\/logo\/image\/"},"sameAs":["https:\/\/www.facebook.com\/profile.php?id=100008943462799","https:\/\/x.com\/bellunopress","https:\/\/www.linkedin.com\/hp\/?dnr=JBzUWaJfMUw8vbXJJ2tVW5-I3jZKvC4wsoxE&amp;amp;amp;amp;amp;amp;trk=nav_responsive_tab_home","https:\/\/www.youtube.com\/channel\/UCxL0wu1uN0_3_7hGG0306cw"]},{"@type":"Person","@id":"https:\/\/www.bellunopress.it\/#\/schema\/person\/79bb06722b37ece1c03d3e94beb30d73","name":"r\u00e9daction","image":{"@type":"ImageObject","inLanguage":"fr-FR","@id":"https:\/\/secure.gravatar.com\/avatar\/37d968a2e67a6fd04c169c4bdef102d0bc5d31b2546345219e348575eb80e9a0?s=96&d=mm&r=g","url":"https:\/\/secure.gravatar.com\/avatar\/37d968a2e67a6fd04c169c4bdef102d0bc5d31b2546345219e348575eb80e9a0?s=96&d=mm&r=g","contentUrl":"https:\/\/secure.gravatar.com\/avatar\/37d968a2e67a6fd04c169c4bdef102d0bc5d31b2546345219e348575eb80e9a0?s=96&d=mm&r=g","caption":"redazione"},"sameAs":["http:\/\/www.bellunopress.it","https:\/\/x.com\/bellunopress"],"url":"https:\/\/www.bellunopress.it\/fr\/author\/redazione\/"}]}},"_links":{"self":[{"href":"https:\/\/www.bellunopress.it\/fr\/wp-json\/wp\/v2\/posts\/115135","targetHints":{"allow":["GET"]}}],"collection":[{"href":"https:\/\/www.bellunopress.it\/fr\/wp-json\/wp\/v2\/posts"}],"about":[{"href":"https:\/\/www.bellunopress.it\/fr\/wp-json\/wp\/v2\/types\/post"}],"author":[{"embeddable":true,"href":"https:\/\/www.bellunopress.it\/fr\/wp-json\/wp\/v2\/users\/2"}],"replies":[{"embeddable":true,"href":"https:\/\/www.bellunopress.it\/fr\/wp-json\/wp\/v2\/comments?post=115135"}],"version-history":[{"count":2,"href":"https:\/\/www.bellunopress.it\/fr\/wp-json\/wp\/v2\/posts\/115135\/revisions"}],"predecessor-version":[{"id":115137,"href":"https:\/\/www.bellunopress.it\/fr\/wp-json\/wp\/v2\/posts\/115135\/revisions\/115137"}],"wp:featuredmedia":[{"embeddable":true,"href":"https:\/\/www.bellunopress.it\/fr\/wp-json\/wp\/v2\/media\/89577"}],"wp:attachment":[{"href":"https:\/\/www.bellunopress.it\/fr\/wp-json\/wp\/v2\/media?parent=115135"}],"wp:term":[{"taxonomy":"category","embeddable":true,"href":"https:\/\/www.bellunopress.it\/fr\/wp-json\/wp\/v2\/categories?post=115135"},{"taxonomy":"post_tag","embeddable":true,"href":"https:\/\/www.bellunopress.it\/fr\/wp-json\/wp\/v2\/tags?post=115135"}],"curies":[{"name":"wp","href":"https:\/\/api.w.org\/{rel}","templated":true}]}}