{"id":115133,"date":"2020-06-18T12:16:03","date_gmt":"2020-06-18T10:16:03","guid":{"rendered":"http:\/\/www.bellunopress.it\/?p=115133"},"modified":"2020-06-18T12:16:03","modified_gmt":"2020-06-18T10:16:03","slug":"il-regionalismo-al-tempo-del-covid-19-ed-il-ruolo-della-seconda-camera-sabato-un-convegno-online-organizzato-da-fiamma-tricolore-con-accademici-ed-imprenditori","status":"publish","type":"post","link":"https:\/\/www.bellunopress.it\/fr\/2020\/06\/18\/il-regionalismo-al-tempo-del-covid-19-ed-il-ruolo-della-seconda-camera-sabato-un-convegno-online-organizzato-da-fiamma-tricolore-con-accademici-ed-imprenditori\/","title":{"rendered":"Il regionalismo al tempo del COVID-19 ed il ruolo della seconda Camera. Sabato un convegno online organizzato da Fiamma Tricolore con accademici ed imprenditori"},"content":{"rendered":"<p><a href=\"http:\/\/www.bellunopress.it\/fr\/2012\/10\/25\/insieme-ad-alcune-provincie-si-cancella-la-possibilita-di-riordinare-in-un-progetto-armonico-tutti-gli-enti-locali-di-lamberto-jacobelli\/fiamma-tricolore\/\" rel=\"attachment wp-att-43354\"><img loading=\"lazy\" decoding=\"async\" class=\"alignleft size-full wp-image-43354\" src=\"http:\/\/www.bellunopress.it\/wp-content\/uploads\/2012\/10\/fiamma-tricolore.jpg\" alt=\"\" width=\"140\" height=\"138\" \/><\/a>Si svolger\u00e0 sabato 20 giugno 2020, organizzato dalla Federazione Provinciale di Belluno del Movimento Sociale Fiamma Tricolore, il convegno dal tema \u201cIl regionalismo al tempo del COVID-19 ed il ruolo della seconda Camera\u201d che vedr\u00e0 la partecipazione di importanti esponenti del mondo accademico ed imprenditoriale.<\/p>\n<p>Lo scopo dell\u2019incontro sar\u00e0 quello di valutare, a cinquant\u2019anni dall\u2019entrata in vigore, il funzionamento e le prospettive di riforma del sistema di decentramento amministrativo regionale anche alla luce degli ultimi accadimenti nel periodo della pandemia. Si esamineranno poi le possibilit\u00e0 di riforma dell\u2019ordinamento costituzionale, nell\u2019ottica di una differenziazione di funzionamento della seconda Camera del Parlamento che potrebbe assumere il carattere rappresentativo delle autonomie locali e delle realt\u00e0 economiche e professionali.<\/p>\n<p>Grazie al prezioso aiuto in fase organizzativa dato dal professor Daniele Trabucco, docente presso la Libera Accademia degli Studi di Bellinzona\/UNIB &#8211; Centro Studi Superiore Indef che sar\u00e0 anche uno dei relatori, hanno confermato la loro presenza il professor Orlando Del Don, Rettore della Libera Accademia degli Studi di Bellinzona, il professor Carlo Vivaldi Forti, della medesima istituzione accademica, il dottor Fabio Marino dell\u2019Universit\u00e0 di Padova, la dottoressa Fabiola Salvalaggio, consulente aziendale, e Roberto Severoni, imprenditore veneto; le conclusioni del convegno saranno affidate al segretario nazionale del Movimento Sociale Fiamma Tricolore Attilio Carelli.<\/p>\n<p>In ossequio alle normative ancora attualmente vigenti, l\u2019evento si svolger\u00e0 per via telematica attraverso la piattaforma \u201cGoogle Meet\u201d e sar\u00e0 moderato dal commissario provinciale della Fiamma Tricolore di Belluno Roberto Dal Pan; l\u2019accesso \u00e8 libero e quanti fossero interessati a partecipare potranno ricevere i dettagli per la connessione registrandosi, da subito e fino alle ore 09.00 di sabato 20 giugno, attraverso il modulo presente sul sito www.fiammabelluno.it.<\/p>\n<p>&nbsp;<\/p>","protected":false},"excerpt":{"rendered":"<p>Si svolger\u00e0 sabato 20 giugno 2020, organizzato dalla Federazione Provinciale di Belluno del Movimento Sociale Fiamma Tricolore, il convegno dal tema \u201cIl regionalismo al tempo del COVID-19 ed il ruolo della seconda Camera\u201d che vedr\u00e0 la partecipazione di importanti esponenti del mondo accademico ed imprenditoriale. Lo scopo dell\u2019incontro sar\u00e0 quello di valutare, a cinquant\u2019anni dall\u2019entrata [&hellip;]<\/p>\n","protected":false},"author":2,"featured_media":114336,"comment_status":"closed","ping_status":"open","sticky":false,"template":"","format":"standard","meta":{"footnotes":""},"categories":[27,3,49,25],"tags":[],"class_list":["post-115133","post","type-post","status-publish","format-standard","has-post-thumbnail","category-appuntamenti","category-arte-cultura-spettacoli-scienza-archivi","category-speciali","category-pausa-caffe"],"yoast_head":"<!-- This site is optimized with the Yoast SEO plugin v28.4 - https:\/\/yoast.com\/product\/yoast-seo-wordpress\/ -->\n<title>Il regionalismo al tempo del COVID-19 ed il ruolo della seconda Camera. Sabato un convegno online organizzato da Fiamma Tricolore con accademici ed imprenditori - Bellunopress - Dolomiti<\/title>\n<meta name=\"robots\" content=\"index, follow, max-snippet:-1, max-image-preview:large, max-video-preview:-1\" \/>\n<link rel=\"canonical\" href=\"https:\/\/www.bellunopress.it\/fr\/2020\/06\/18\/il-regionalismo-al-tempo-del-covid-19-ed-il-ruolo-della-seconda-camera-sabato-un-convegno-online-organizzato-da-fiamma-tricolore-con-accademici-ed-imprenditori\/\" \/>\n<meta property=\"og:locale\" content=\"fr_FR\" \/>\n<meta property=\"og:type\" content=\"article\" \/>\n<meta property=\"og:title\" content=\"Il regionalismo al tempo del COVID-19 ed il ruolo della seconda Camera. Sabato un convegno online organizzato da Fiamma Tricolore con accademici ed imprenditori - Bellunopress - Dolomiti\" \/>\n<meta property=\"og:description\" content=\"Si svolger\u00e0 sabato 20 giugno 2020, organizzato dalla Federazione Provinciale di Belluno del Movimento Sociale Fiamma Tricolore, il convegno dal tema \u201cIl regionalismo al tempo del COVID-19 ed il ruolo della seconda Camera\u201d che vedr\u00e0 la partecipazione di importanti esponenti del mondo accademico ed imprenditoriale. Lo scopo dell\u2019incontro sar\u00e0 quello di valutare, a cinquant\u2019anni dall\u2019entrata [&hellip;]\" \/>\n<meta property=\"og:url\" content=\"https:\/\/www.bellunopress.it\/fr\/2020\/06\/18\/il-regionalismo-al-tempo-del-covid-19-ed-il-ruolo-della-seconda-camera-sabato-un-convegno-online-organizzato-da-fiamma-tricolore-con-accademici-ed-imprenditori\/\" \/>\n<meta property=\"og:site_name\" content=\"Bellunopress - Dolomiti\" \/>\n<meta property=\"article:publisher\" content=\"https:\/\/www.facebook.com\/profile.php?id=100008943462799\" \/>\n<meta property=\"article:published_time\" content=\"2020-06-18T10:16:03+00:00\" \/>\n<meta property=\"og:image\" content=\"https:\/\/www.bellunopress.it\/wp-content\/uploads\/2020\/05\/Roberto-Dal-Pan-Fiamma-Tricolore.jpg\" \/>\n\t<meta property=\"og:image:width\" content=\"331\" \/>\n\t<meta property=\"og:image:height\" content=\"398\" \/>\n\t<meta property=\"og:image:type\" content=\"image\/jpeg\" \/>\n<meta name=\"author\" content=\"redazione\" \/>\n<meta name=\"twitter:card\" content=\"summary_large_image\" \/>\n<meta name=\"twitter:creator\" content=\"@bellunopress\" \/>\n<meta name=\"twitter:site\" content=\"@bellunopress\" \/>\n<meta name=\"twitter:label1\" content=\"\u00c9crit par\" \/>\n\t<meta name=\"twitter:data1\" content=\"redazione\" \/>\n\t<meta name=\"twitter:label2\" content=\"Dur\u00e9e de lecture estim\u00e9e\" \/>\n\t<meta name=\"twitter:data2\" content=\"1 minute\" \/>\n<script type=\"application\/ld+json\" class=\"yoast-schema-graph\">{\"@context\":\"https:\\\/\\\/schema.org\",\"@graph\":[{\"@type\":\"Article\",\"@id\":\"https:\\\/\\\/www.bellunopress.it\\\/2020\\\/06\\\/18\\\/il-regionalismo-al-tempo-del-covid-19-ed-il-ruolo-della-seconda-camera-sabato-un-convegno-online-organizzato-da-fiamma-tricolore-con-accademici-ed-imprenditori\\\/#article\",\"isPartOf\":{\"@id\":\"https:\\\/\\\/www.bellunopress.it\\\/2020\\\/06\\\/18\\\/il-regionalismo-al-tempo-del-covid-19-ed-il-ruolo-della-seconda-camera-sabato-un-convegno-online-organizzato-da-fiamma-tricolore-con-accademici-ed-imprenditori\\\/\"},\"author\":{\"name\":\"redazione\",\"@id\":\"https:\\\/\\\/www.bellunopress.it\\\/#\\\/schema\\\/person\\\/79bb06722b37ece1c03d3e94beb30d73\"},\"headline\":\"Il regionalismo al tempo del COVID-19 ed il ruolo della seconda Camera. Sabato un convegno online organizzato da Fiamma Tricolore con accademici ed imprenditori\",\"datePublished\":\"2020-06-18T10:16:03+00:00\",\"mainEntityOfPage\":{\"@id\":\"https:\\\/\\\/www.bellunopress.it\\\/2020\\\/06\\\/18\\\/il-regionalismo-al-tempo-del-covid-19-ed-il-ruolo-della-seconda-camera-sabato-un-convegno-online-organizzato-da-fiamma-tricolore-con-accademici-ed-imprenditori\\\/\"},\"wordCount\":306,\"publisher\":{\"@id\":\"https:\\\/\\\/www.bellunopress.it\\\/#organization\"},\"image\":{\"@id\":\"https:\\\/\\\/www.bellunopress.it\\\/2020\\\/06\\\/18\\\/il-regionalismo-al-tempo-del-covid-19-ed-il-ruolo-della-seconda-camera-sabato-un-convegno-online-organizzato-da-fiamma-tricolore-con-accademici-ed-imprenditori\\\/#primaryimage\"},\"thumbnailUrl\":\"https:\\\/\\\/www.bellunopress.it\\\/wp-content\\\/uploads\\\/2020\\\/05\\\/Roberto-Dal-Pan-Fiamma-Tricolore.jpg\",\"articleSection\":[\"Appuntamenti, Eventi\",\"Arte, Cultura, Spettacoli, Scienza\",\"Gli speciali di Bellunopress\",\"Pausa Caff\u00e8\"],\"inLanguage\":\"fr-FR\"},{\"@type\":\"WebPage\",\"@id\":\"https:\\\/\\\/www.bellunopress.it\\\/2020\\\/06\\\/18\\\/il-regionalismo-al-tempo-del-covid-19-ed-il-ruolo-della-seconda-camera-sabato-un-convegno-online-organizzato-da-fiamma-tricolore-con-accademici-ed-imprenditori\\\/\",\"url\":\"https:\\\/\\\/www.bellunopress.it\\\/2020\\\/06\\\/18\\\/il-regionalismo-al-tempo-del-covid-19-ed-il-ruolo-della-seconda-camera-sabato-un-convegno-online-organizzato-da-fiamma-tricolore-con-accademici-ed-imprenditori\\\/\",\"name\":\"Il regionalismo al tempo del COVID-19 ed il ruolo della seconda Camera. Sabato un convegno online organizzato da Fiamma Tricolore con accademici ed imprenditori - Bellunopress - Dolomiti\",\"isPartOf\":{\"@id\":\"https:\\\/\\\/www.bellunopress.it\\\/#website\"},\"primaryImageOfPage\":{\"@id\":\"https:\\\/\\\/www.bellunopress.it\\\/2020\\\/06\\\/18\\\/il-regionalismo-al-tempo-del-covid-19-ed-il-ruolo-della-seconda-camera-sabato-un-convegno-online-organizzato-da-fiamma-tricolore-con-accademici-ed-imprenditori\\\/#primaryimage\"},\"image\":{\"@id\":\"https:\\\/\\\/www.bellunopress.it\\\/2020\\\/06\\\/18\\\/il-regionalismo-al-tempo-del-covid-19-ed-il-ruolo-della-seconda-camera-sabato-un-convegno-online-organizzato-da-fiamma-tricolore-con-accademici-ed-imprenditori\\\/#primaryimage\"},\"thumbnailUrl\":\"https:\\\/\\\/www.bellunopress.it\\\/wp-content\\\/uploads\\\/2020\\\/05\\\/Roberto-Dal-Pan-Fiamma-Tricolore.jpg\",\"datePublished\":\"2020-06-18T10:16:03+00:00\",\"breadcrumb\":{\"@id\":\"https:\\\/\\\/www.bellunopress.it\\\/2020\\\/06\\\/18\\\/il-regionalismo-al-tempo-del-covid-19-ed-il-ruolo-della-seconda-camera-sabato-un-convegno-online-organizzato-da-fiamma-tricolore-con-accademici-ed-imprenditori\\\/#breadcrumb\"},\"inLanguage\":\"fr-FR\",\"potentialAction\":[{\"@type\":\"ReadAction\",\"target\":[\"https:\\\/\\\/www.bellunopress.it\\\/2020\\\/06\\\/18\\\/il-regionalismo-al-tempo-del-covid-19-ed-il-ruolo-della-seconda-camera-sabato-un-convegno-online-organizzato-da-fiamma-tricolore-con-accademici-ed-imprenditori\\\/\"]}]},{\"@type\":\"ImageObject\",\"inLanguage\":\"fr-FR\",\"@id\":\"https:\\\/\\\/www.bellunopress.it\\\/2020\\\/06\\\/18\\\/il-regionalismo-al-tempo-del-covid-19-ed-il-ruolo-della-seconda-camera-sabato-un-convegno-online-organizzato-da-fiamma-tricolore-con-accademici-ed-imprenditori\\\/#primaryimage\",\"url\":\"https:\\\/\\\/www.bellunopress.it\\\/wp-content\\\/uploads\\\/2020\\\/05\\\/Roberto-Dal-Pan-Fiamma-Tricolore.jpg\",\"contentUrl\":\"https:\\\/\\\/www.bellunopress.it\\\/wp-content\\\/uploads\\\/2020\\\/05\\\/Roberto-Dal-Pan-Fiamma-Tricolore.jpg\",\"width\":331,\"height\":398},{\"@type\":\"BreadcrumbList\",\"@id\":\"https:\\\/\\\/www.bellunopress.it\\\/2020\\\/06\\\/18\\\/il-regionalismo-al-tempo-del-covid-19-ed-il-ruolo-della-seconda-camera-sabato-un-convegno-online-organizzato-da-fiamma-tricolore-con-accademici-ed-imprenditori\\\/#breadcrumb\",\"itemListElement\":[{\"@type\":\"ListItem\",\"position\":1,\"name\":\"Home\",\"item\":\"https:\\\/\\\/www.bellunopress.it\\\/\"},{\"@type\":\"ListItem\",\"position\":2,\"name\":\"Il regionalismo al tempo del COVID-19 ed il ruolo della seconda Camera. Sabato un convegno online organizzato da Fiamma Tricolore con accademici ed imprenditori\"}]},{\"@type\":\"WebSite\",\"@id\":\"https:\\\/\\\/www.bellunopress.it\\\/#website\",\"url\":\"https:\\\/\\\/www.bellunopress.it\\\/\",\"name\":\"Bellunopress - Dolomiti\",\"description\":\"e-mail: redazione@bellunopress.it\",\"publisher\":{\"@id\":\"https:\\\/\\\/www.bellunopress.it\\\/#organization\"},\"potentialAction\":[{\"@type\":\"SearchAction\",\"target\":{\"@type\":\"EntryPoint\",\"urlTemplate\":\"https:\\\/\\\/www.bellunopress.it\\\/?s={search_term_string}\"},\"query-input\":{\"@type\":\"PropertyValueSpecification\",\"valueRequired\":true,\"valueName\":\"search_term_string\"}}],\"inLanguage\":\"fr-FR\"},{\"@type\":\"Organization\",\"@id\":\"https:\\\/\\\/www.bellunopress.it\\\/#organization\",\"name\":\"Bellunopress\",\"url\":\"https:\\\/\\\/www.bellunopress.it\\\/\",\"logo\":{\"@type\":\"ImageObject\",\"inLanguage\":\"fr-FR\",\"@id\":\"https:\\\/\\\/www.bellunopress.it\\\/#\\\/schema\\\/logo\\\/image\\\/\",\"url\":\"https:\\\/\\\/www.bellunopress.it\\\/wp-content\\\/uploads\\\/2011\\\/05\\\/cropped-logo-bellunopress-.jpg\",\"contentUrl\":\"https:\\\/\\\/www.bellunopress.it\\\/wp-content\\\/uploads\\\/2011\\\/05\\\/cropped-logo-bellunopress-.jpg\",\"width\":512,\"height\":512,\"caption\":\"Bellunopress\"},\"image\":{\"@id\":\"https:\\\/\\\/www.bellunopress.it\\\/#\\\/schema\\\/logo\\\/image\\\/\"},\"sameAs\":[\"https:\\\/\\\/www.facebook.com\\\/profile.php?id=100008943462799\",\"https:\\\/\\\/x.com\\\/bellunopress\",\"https:\\\/\\\/www.linkedin.com\\\/hp\\\/?dnr=JBzUWaJfMUw8vbXJJ2tVW5-I3jZKvC4wsoxE&amp;amp;amp;amp;amp;amp;trk=nav_responsive_tab_home\",\"https:\\\/\\\/www.youtube.com\\\/channel\\\/UCxL0wu1uN0_3_7hGG0306cw\"]},{\"@type\":\"Person\",\"@id\":\"https:\\\/\\\/www.bellunopress.it\\\/#\\\/schema\\\/person\\\/79bb06722b37ece1c03d3e94beb30d73\",\"name\":\"redazione\",\"image\":{\"@type\":\"ImageObject\",\"inLanguage\":\"fr-FR\",\"@id\":\"https:\\\/\\\/secure.gravatar.com\\\/avatar\\\/37d968a2e67a6fd04c169c4bdef102d0bc5d31b2546345219e348575eb80e9a0?s=96&d=mm&r=g\",\"url\":\"https:\\\/\\\/secure.gravatar.com\\\/avatar\\\/37d968a2e67a6fd04c169c4bdef102d0bc5d31b2546345219e348575eb80e9a0?s=96&d=mm&r=g\",\"contentUrl\":\"https:\\\/\\\/secure.gravatar.com\\\/avatar\\\/37d968a2e67a6fd04c169c4bdef102d0bc5d31b2546345219e348575eb80e9a0?s=96&d=mm&r=g\",\"caption\":\"redazione\"},\"sameAs\":[\"http:\\\/\\\/www.bellunopress.it\",\"https:\\\/\\\/x.com\\\/bellunopress\"],\"url\":\"https:\\\/\\\/www.bellunopress.it\\\/fr\\\/author\\\/redazione\\\/\"}]}<\/script>\n<!-- \/ Yoast SEO plugin. -->","yoast_head_json":{"title":"Il regionalismo al tempo del COVID-19 ed il ruolo della seconda Camera. Sabato un convegno online organizzato da Fiamma Tricolore con accademici ed imprenditori - Bellunopress - Dolomiti","robots":{"index":"index","follow":"follow","max-snippet":"max-snippet:-1","max-image-preview":"max-image-preview:large","max-video-preview":"max-video-preview:-1"},"canonical":"https:\/\/www.bellunopress.it\/fr\/2020\/06\/18\/il-regionalismo-al-tempo-del-covid-19-ed-il-ruolo-della-seconda-camera-sabato-un-convegno-online-organizzato-da-fiamma-tricolore-con-accademici-ed-imprenditori\/","og_locale":"fr_FR","og_type":"article","og_title":"Il regionalismo al tempo del COVID-19 ed il ruolo della seconda Camera. Sabato un convegno online organizzato da Fiamma Tricolore con accademici ed imprenditori - Bellunopress - Dolomiti","og_description":"Si svolger\u00e0 sabato 20 giugno 2020, organizzato dalla Federazione Provinciale di Belluno del Movimento Sociale Fiamma Tricolore, il convegno dal tema \u201cIl regionalismo al tempo del COVID-19 ed il ruolo della seconda Camera\u201d che vedr\u00e0 la partecipazione di importanti esponenti del mondo accademico ed imprenditoriale. Lo scopo dell\u2019incontro sar\u00e0 quello di valutare, a cinquant\u2019anni dall\u2019entrata [&hellip;]","og_url":"https:\/\/www.bellunopress.it\/fr\/2020\/06\/18\/il-regionalismo-al-tempo-del-covid-19-ed-il-ruolo-della-seconda-camera-sabato-un-convegno-online-organizzato-da-fiamma-tricolore-con-accademici-ed-imprenditori\/","og_site_name":"Bellunopress - Dolomiti","article_publisher":"https:\/\/www.facebook.com\/profile.php?id=100008943462799","article_published_time":"2020-06-18T10:16:03+00:00","og_image":[{"width":331,"height":398,"url":"https:\/\/www.bellunopress.it\/wp-content\/uploads\/2020\/05\/Roberto-Dal-Pan-Fiamma-Tricolore.jpg","type":"image\/jpeg"}],"author":"redazione","twitter_card":"summary_large_image","twitter_creator":"@bellunopress","twitter_site":"@bellunopress","twitter_misc":{"\u00c9crit par":"redazione","Dur\u00e9e de lecture estim\u00e9e":"1 minute"},"schema":{"@context":"https:\/\/schema.org","@graph":[{"@type":"Article","@id":"https:\/\/www.bellunopress.it\/2020\/06\/18\/il-regionalismo-al-tempo-del-covid-19-ed-il-ruolo-della-seconda-camera-sabato-un-convegno-online-organizzato-da-fiamma-tricolore-con-accademici-ed-imprenditori\/#article","isPartOf":{"@id":"https:\/\/www.bellunopress.it\/2020\/06\/18\/il-regionalismo-al-tempo-del-covid-19-ed-il-ruolo-della-seconda-camera-sabato-un-convegno-online-organizzato-da-fiamma-tricolore-con-accademici-ed-imprenditori\/"},"author":{"name":"redazione","@id":"https:\/\/www.bellunopress.it\/#\/schema\/person\/79bb06722b37ece1c03d3e94beb30d73"},"headline":"Il regionalismo al tempo del COVID-19 ed il ruolo della seconda Camera. Sabato un convegno online organizzato da Fiamma Tricolore con accademici ed imprenditori","datePublished":"2020-06-18T10:16:03+00:00","mainEntityOfPage":{"@id":"https:\/\/www.bellunopress.it\/2020\/06\/18\/il-regionalismo-al-tempo-del-covid-19-ed-il-ruolo-della-seconda-camera-sabato-un-convegno-online-organizzato-da-fiamma-tricolore-con-accademici-ed-imprenditori\/"},"wordCount":306,"publisher":{"@id":"https:\/\/www.bellunopress.it\/#organization"},"image":{"@id":"https:\/\/www.bellunopress.it\/2020\/06\/18\/il-regionalismo-al-tempo-del-covid-19-ed-il-ruolo-della-seconda-camera-sabato-un-convegno-online-organizzato-da-fiamma-tricolore-con-accademici-ed-imprenditori\/#primaryimage"},"thumbnailUrl":"https:\/\/www.bellunopress.it\/wp-content\/uploads\/2020\/05\/Roberto-Dal-Pan-Fiamma-Tricolore.jpg","articleSection":["Appuntamenti, Eventi","Arte, Cultura, Spettacoli, Scienza","Gli speciali di Bellunopress","Pausa Caff\u00e8"],"inLanguage":"fr-FR"},{"@type":"WebPage","@id":"https:\/\/www.bellunopress.it\/2020\/06\/18\/il-regionalismo-al-tempo-del-covid-19-ed-il-ruolo-della-seconda-camera-sabato-un-convegno-online-organizzato-da-fiamma-tricolore-con-accademici-ed-imprenditori\/","url":"https:\/\/www.bellunopress.it\/2020\/06\/18\/il-regionalismo-al-tempo-del-covid-19-ed-il-ruolo-della-seconda-camera-sabato-un-convegno-online-organizzato-da-fiamma-tricolore-con-accademici-ed-imprenditori\/","name":"Il regionalismo al tempo del COVID-19 ed il ruolo della seconda Camera. Sabato un convegno online organizzato da Fiamma Tricolore con accademici ed imprenditori - Bellunopress - Dolomiti","isPartOf":{"@id":"https:\/\/www.bellunopress.it\/#website"},"primaryImageOfPage":{"@id":"https:\/\/www.bellunopress.it\/2020\/06\/18\/il-regionalismo-al-tempo-del-covid-19-ed-il-ruolo-della-seconda-camera-sabato-un-convegno-online-organizzato-da-fiamma-tricolore-con-accademici-ed-imprenditori\/#primaryimage"},"image":{"@id":"https:\/\/www.bellunopress.it\/2020\/06\/18\/il-regionalismo-al-tempo-del-covid-19-ed-il-ruolo-della-seconda-camera-sabato-un-convegno-online-organizzato-da-fiamma-tricolore-con-accademici-ed-imprenditori\/#primaryimage"},"thumbnailUrl":"https:\/\/www.bellunopress.it\/wp-content\/uploads\/2020\/05\/Roberto-Dal-Pan-Fiamma-Tricolore.jpg","datePublished":"2020-06-18T10:16:03+00:00","breadcrumb":{"@id":"https:\/\/www.bellunopress.it\/2020\/06\/18\/il-regionalismo-al-tempo-del-covid-19-ed-il-ruolo-della-seconda-camera-sabato-un-convegno-online-organizzato-da-fiamma-tricolore-con-accademici-ed-imprenditori\/#breadcrumb"},"inLanguage":"fr-FR","potentialAction":[{"@type":"ReadAction","target":["https:\/\/www.bellunopress.it\/2020\/06\/18\/il-regionalismo-al-tempo-del-covid-19-ed-il-ruolo-della-seconda-camera-sabato-un-convegno-online-organizzato-da-fiamma-tricolore-con-accademici-ed-imprenditori\/"]}]},{"@type":"ImageObject","inLanguage":"fr-FR","@id":"https:\/\/www.bellunopress.it\/2020\/06\/18\/il-regionalismo-al-tempo-del-covid-19-ed-il-ruolo-della-seconda-camera-sabato-un-convegno-online-organizzato-da-fiamma-tricolore-con-accademici-ed-imprenditori\/#primaryimage","url":"https:\/\/www.bellunopress.it\/wp-content\/uploads\/2020\/05\/Roberto-Dal-Pan-Fiamma-Tricolore.jpg","contentUrl":"https:\/\/www.bellunopress.it\/wp-content\/uploads\/2020\/05\/Roberto-Dal-Pan-Fiamma-Tricolore.jpg","width":331,"height":398},{"@type":"BreadcrumbList","@id":"https:\/\/www.bellunopress.it\/2020\/06\/18\/il-regionalismo-al-tempo-del-covid-19-ed-il-ruolo-della-seconda-camera-sabato-un-convegno-online-organizzato-da-fiamma-tricolore-con-accademici-ed-imprenditori\/#breadcrumb","itemListElement":[{"@type":"ListItem","position":1,"name":"Home","item":"https:\/\/www.bellunopress.it\/"},{"@type":"ListItem","position":2,"name":"Il regionalismo al tempo del COVID-19 ed il ruolo della seconda Camera. Sabato un convegno online organizzato da Fiamma Tricolore con accademici ed imprenditori"}]},{"@type":"WebSite","@id":"https:\/\/www.bellunopress.it\/#website","url":"https:\/\/www.bellunopress.it\/","name":"Bellunopress - Dolomiti","description":"e-mail: redazione@bellunopress.it","publisher":{"@id":"https:\/\/www.bellunopress.it\/#organization"},"potentialAction":[{"@type":"SearchAction","target":{"@type":"EntryPoint","urlTemplate":"https:\/\/www.bellunopress.it\/?s={search_term_string}"},"query-input":{"@type":"PropertyValueSpecification","valueRequired":true,"valueName":"search_term_string"}}],"inLanguage":"fr-FR"},{"@type":"Organization","@id":"https:\/\/www.bellunopress.it\/#organization","name":"Bellunopress","url":"https:\/\/www.bellunopress.it\/","logo":{"@type":"ImageObject","inLanguage":"fr-FR","@id":"https:\/\/www.bellunopress.it\/#\/schema\/logo\/image\/","url":"https:\/\/www.bellunopress.it\/wp-content\/uploads\/2011\/05\/cropped-logo-bellunopress-.jpg","contentUrl":"https:\/\/www.bellunopress.it\/wp-content\/uploads\/2011\/05\/cropped-logo-bellunopress-.jpg","width":512,"height":512,"caption":"Bellunopress"},"image":{"@id":"https:\/\/www.bellunopress.it\/#\/schema\/logo\/image\/"},"sameAs":["https:\/\/www.facebook.com\/profile.php?id=100008943462799","https:\/\/x.com\/bellunopress","https:\/\/www.linkedin.com\/hp\/?dnr=JBzUWaJfMUw8vbXJJ2tVW5-I3jZKvC4wsoxE&amp;amp;amp;amp;amp;amp;trk=nav_responsive_tab_home","https:\/\/www.youtube.com\/channel\/UCxL0wu1uN0_3_7hGG0306cw"]},{"@type":"Person","@id":"https:\/\/www.bellunopress.it\/#\/schema\/person\/79bb06722b37ece1c03d3e94beb30d73","name":"r\u00e9daction","image":{"@type":"ImageObject","inLanguage":"fr-FR","@id":"https:\/\/secure.gravatar.com\/avatar\/37d968a2e67a6fd04c169c4bdef102d0bc5d31b2546345219e348575eb80e9a0?s=96&d=mm&r=g","url":"https:\/\/secure.gravatar.com\/avatar\/37d968a2e67a6fd04c169c4bdef102d0bc5d31b2546345219e348575eb80e9a0?s=96&d=mm&r=g","contentUrl":"https:\/\/secure.gravatar.com\/avatar\/37d968a2e67a6fd04c169c4bdef102d0bc5d31b2546345219e348575eb80e9a0?s=96&d=mm&r=g","caption":"redazione"},"sameAs":["http:\/\/www.bellunopress.it","https:\/\/x.com\/bellunopress"],"url":"https:\/\/www.bellunopress.it\/fr\/author\/redazione\/"}]}},"_links":{"self":[{"href":"https:\/\/www.bellunopress.it\/fr\/wp-json\/wp\/v2\/posts\/115133","targetHints":{"allow":["GET"]}}],"collection":[{"href":"https:\/\/www.bellunopress.it\/fr\/wp-json\/wp\/v2\/posts"}],"about":[{"href":"https:\/\/www.bellunopress.it\/fr\/wp-json\/wp\/v2\/types\/post"}],"author":[{"embeddable":true,"href":"https:\/\/www.bellunopress.it\/fr\/wp-json\/wp\/v2\/users\/2"}],"replies":[{"embeddable":true,"href":"https:\/\/www.bellunopress.it\/fr\/wp-json\/wp\/v2\/comments?post=115133"}],"version-history":[{"count":1,"href":"https:\/\/www.bellunopress.it\/fr\/wp-json\/wp\/v2\/posts\/115133\/revisions"}],"predecessor-version":[{"id":115134,"href":"https:\/\/www.bellunopress.it\/fr\/wp-json\/wp\/v2\/posts\/115133\/revisions\/115134"}],"wp:featuredmedia":[{"embeddable":true,"href":"https:\/\/www.bellunopress.it\/fr\/wp-json\/wp\/v2\/media\/114336"}],"wp:attachment":[{"href":"https:\/\/www.bellunopress.it\/fr\/wp-json\/wp\/v2\/media?parent=115133"}],"wp:term":[{"taxonomy":"category","embeddable":true,"href":"https:\/\/www.bellunopress.it\/fr\/wp-json\/wp\/v2\/categories?post=115133"},{"taxonomy":"post_tag","embeddable":true,"href":"https:\/\/www.bellunopress.it\/fr\/wp-json\/wp\/v2\/tags?post=115133"}],"curies":[{"name":"wp","href":"https:\/\/api.w.org\/{rel}","templated":true}]}}