{"id":115129,"date":"2020-06-17T22:07:05","date_gmt":"2020-06-17T20:07:05","guid":{"rendered":"http:\/\/www.bellunopress.it\/?p=115129"},"modified":"2020-06-17T22:07:05","modified_gmt":"2020-06-17T20:07:05","slug":"scuola-dinca-al-veneto-28-milioni-per-la-messa-in-sicurezza-degli-istituti-i-miei-auguri-a-studenti-e-insegnanti","status":"publish","type":"post","link":"https:\/\/www.bellunopress.it\/fr\/2020\/06\/17\/scuola-dinca-al-veneto-28-milioni-per-la-messa-in-sicurezza-degli-istituti-i-miei-auguri-a-studenti-e-insegnanti\/","title":{"rendered":"Scuola. D&#8217;Inc\u00e0: &#8220;Al Veneto 28 milioni per la messa in sicurezza degli istituti. I miei auguri a studenti e insegnanti&#8221;"},"content":{"rendered":"<figure id=\"attachment_89030\" aria-describedby=\"caption-attachment-89030\" style=\"width: 208px\" class=\"wp-caption alignleft\"><a href=\"http:\/\/www.bellunopress.it\/fr\/2017\/09\/07\/variante-di-tai-dinca-m5s-incontra-commissario-e-comitato-indispensabile-lavoro-condiviso\/federico-dinca-6\/\" rel=\"attachment wp-att-89030\"><img loading=\"lazy\" decoding=\"async\" class=\"size-full wp-image-89030\" src=\"http:\/\/www.bellunopress.it\/wp-content\/uploads\/2017\/09\/Federico-DInc\u00e0.jpg\" alt=\"\" width=\"208\" height=\"270\" \/><\/a><figcaption id=\"caption-attachment-89030\" class=\"wp-caption-text\">Federico D&#8217;Inc\u00e0, ministro per i Rapporti con il Parlamento<\/figcaption><\/figure>\n<p>&#8220;Quasi 28 milioni di euro messi a disposizione dal Governo alle scuole del Veneto per la sicurezza e la protezione degli ambienti scolastici e per lo svolgimento in condizioni di sicurezza dell&#8217;anno scolastico 2020\/2021. \u00c8 la dimostrazione dell&#8217;attenzione nei confronti degli studenti, degli insegnanti e di tutto il personale che opera all&#8217;interno degli istituti, vista la situazione di emergenza legata al Coronavirus&#8221;.<\/p>\n<p>Lo dichiara Federico D&#8217;Inc\u00e0, ministro per i Rapporti con il Parlamento, in riferimento ai fondi stanziati dal Governo e previsti dal Decreto Rilancio utili alla ripresa dell&#8217;attivit\u00e0 scolastica in condizioni di sicurezza e al corretto svolgimento degli esami di maturit\u00e0.<\/p>\n<p>&#8220;Per quanto riguarda gli esami di maturit\u00e0, iniziati oggi \u2013 precisa D&#8217;Inc\u00e0 \u2013 sono stati messi a disposizione 2.170.956,24 euro. A livello provinciale, 160.167,12 euro sono stati destinati a Belluno per 12 scuole; a Padova 415.576,68 euro per 38 scuole; a Rovigo 130.564,20 euro per 10 scuole; a Treviso 391.555,08 euro per 37 scuole; a Venezia 368.264,40 euro per 34 scuole; a Vicenza 361.191,36 euro per 38 scuole e a Verona 343.637,40 euro per 31 scuole. Si tratta di fondi necessari allo svolgimento in sicurezza degli esami di Stato utili per la pulizia degli ambienti scolastici&#8221;.<\/p>\n<p>Il ministro D&#8217;Inc\u00e0 riporta anche i dati relativi al fondo per il funzionamento delle istituzioni scolastiche che, a livello nazionale \u00e8 stato incrementato di 331 milioni di euro: &#8220;Al Veneto sono state assegnate risorse per 25.764.625,16 euro che serviranno a garantire lo svolgimento del prossimo anno scolastico in maniera adeguata alla situazione epidemiologica. Fondi per l&#8217;acquisto di servizi professionali, per i dispositivi di protezione individuale e per l&#8217;igiene degli ambienti, interventi a favore della didattica di studenti con disabilit\u00e0 oltre a interventi di sanificazione e manutenzione di spazi interni ed esterni. Sotto questo aspetto, per quanto riguarda la ripartizione provinciale: Belluno avr\u00e0 1.118.677,82 euro per 37 scuole; Padova 4.630.384,94 euro per 111 scuole; Rovigo 1.166.535,37 euro per 32 scuole; Treviso 4.961.219,09 euro per 104 scuole; Venezia 4.206.153,84 euro per 101 scuole; Verona 4.737.603,67 per 108 scuole e Vicenza 4.944.050,43 euro per 113 scuole&#8221;.<\/p>\n<p>&#8220;In questo difficile periodo provocato dall&#8217;emergenza Covid-19, il Governo ha continuato ad investire in una delle risorse pi\u00f9 importanti: la formazione dei nostri ragazzi. A loro va il mio in bocca al lupo per gli esami di Stato che sono iniziati oggi, ma \u00e8 importante sottolineare il lavoro dei docenti e delle famiglie che in questi mesi hanno supportato i giovani nello studio e nel proprio percorso formativo. Ringrazio anche la Ministra dell&#8217;Istruzione Azzolina per il prezioso lavoro svolto. Ci sono risorse importanti per la messa in sicurezza di edifici e per il futuro di studenti e docenti nel nostro Paese&#8221;.<\/p>","protected":false},"excerpt":{"rendered":"<p>&#8220;Quasi 28 milioni di euro messi a disposizione dal Governo alle scuole del Veneto per la sicurezza e la protezione degli ambienti scolastici e per lo svolgimento in condizioni di sicurezza dell&#8217;anno scolastico 2020\/2021. \u00c8 la dimostrazione dell&#8217;attenzione nei confronti degli studenti, degli insegnanti e di tutto il personale che opera all&#8217;interno degli istituti, vista [&hellip;]<\/p>\n","protected":false},"author":2,"featured_media":89030,"comment_status":"closed","ping_status":"open","sticky":false,"template":"","format":"standard","meta":{"footnotes":""},"categories":[26,15],"tags":[],"class_list":["post-115129","post","type-post","status-publish","format-standard","has-post-thumbnail","category-prima-pagina","category-scuola"],"yoast_head":"<!-- This site is optimized with the Yoast SEO plugin v28.4 - https:\/\/yoast.com\/product\/yoast-seo-wordpress\/ -->\n<title>Scuola. D&#039;Inc\u00e0: &quot;Al Veneto 28 milioni per la messa in sicurezza degli istituti. I miei auguri a studenti e insegnanti&quot; - Bellunopress - Dolomiti<\/title>\n<meta name=\"robots\" content=\"index, follow, max-snippet:-1, max-image-preview:large, max-video-preview:-1\" \/>\n<link rel=\"canonical\" href=\"https:\/\/www.bellunopress.it\/fr\/2020\/06\/17\/scuola-dinca-al-veneto-28-milioni-per-la-messa-in-sicurezza-degli-istituti-i-miei-auguri-a-studenti-e-insegnanti\/\" \/>\n<meta property=\"og:locale\" content=\"fr_FR\" \/>\n<meta property=\"og:type\" content=\"article\" \/>\n<meta property=\"og:title\" content=\"Scuola. D&#039;Inc\u00e0: &quot;Al Veneto 28 milioni per la messa in sicurezza degli istituti. I miei auguri a studenti e insegnanti&quot; - Bellunopress - Dolomiti\" \/>\n<meta property=\"og:description\" content=\"&#8220;Quasi 28 milioni di euro messi a disposizione dal Governo alle scuole del Veneto per la sicurezza e la protezione degli ambienti scolastici e per lo svolgimento in condizioni di sicurezza dell&#8217;anno scolastico 2020\/2021. \u00c8 la dimostrazione dell&#8217;attenzione nei confronti degli studenti, degli insegnanti e di tutto il personale che opera all&#8217;interno degli istituti, vista [&hellip;]\" \/>\n<meta property=\"og:url\" content=\"https:\/\/www.bellunopress.it\/fr\/2020\/06\/17\/scuola-dinca-al-veneto-28-milioni-per-la-messa-in-sicurezza-degli-istituti-i-miei-auguri-a-studenti-e-insegnanti\/\" \/>\n<meta property=\"og:site_name\" content=\"Bellunopress - Dolomiti\" \/>\n<meta property=\"article:publisher\" content=\"https:\/\/www.facebook.com\/profile.php?id=100008943462799\" \/>\n<meta property=\"article:published_time\" content=\"2020-06-17T20:07:05+00:00\" \/>\n<meta property=\"og:image\" content=\"https:\/\/www.bellunopress.it\/wp-content\/uploads\/2017\/09\/Federico-DInc\u00e0.jpg\" \/>\n\t<meta property=\"og:image:width\" content=\"208\" \/>\n\t<meta property=\"og:image:height\" content=\"270\" \/>\n\t<meta property=\"og:image:type\" content=\"image\/jpeg\" \/>\n<meta name=\"author\" content=\"redazione\" \/>\n<meta name=\"twitter:card\" content=\"summary_large_image\" \/>\n<meta name=\"twitter:creator\" content=\"@bellunopress\" \/>\n<meta name=\"twitter:site\" content=\"@bellunopress\" \/>\n<meta name=\"twitter:label1\" content=\"\u00c9crit par\" \/>\n\t<meta name=\"twitter:data1\" content=\"redazione\" \/>\n\t<meta name=\"twitter:label2\" content=\"Dur\u00e9e de lecture estim\u00e9e\" \/>\n\t<meta name=\"twitter:data2\" content=\"2 minutes\" \/>\n<script type=\"application\/ld+json\" class=\"yoast-schema-graph\">{\"@context\":\"https:\\\/\\\/schema.org\",\"@graph\":[{\"@type\":\"Article\",\"@id\":\"https:\\\/\\\/www.bellunopress.it\\\/2020\\\/06\\\/17\\\/scuola-dinca-al-veneto-28-milioni-per-la-messa-in-sicurezza-degli-istituti-i-miei-auguri-a-studenti-e-insegnanti\\\/#article\",\"isPartOf\":{\"@id\":\"https:\\\/\\\/www.bellunopress.it\\\/2020\\\/06\\\/17\\\/scuola-dinca-al-veneto-28-milioni-per-la-messa-in-sicurezza-degli-istituti-i-miei-auguri-a-studenti-e-insegnanti\\\/\"},\"author\":{\"name\":\"redazione\",\"@id\":\"https:\\\/\\\/www.bellunopress.it\\\/#\\\/schema\\\/person\\\/79bb06722b37ece1c03d3e94beb30d73\"},\"headline\":\"Scuola. D&#8217;Inc\u00e0: &#8220;Al Veneto 28 milioni per la messa in sicurezza degli istituti. I miei auguri a studenti e insegnanti&#8221;\",\"datePublished\":\"2020-06-17T20:07:05+00:00\",\"mainEntityOfPage\":{\"@id\":\"https:\\\/\\\/www.bellunopress.it\\\/2020\\\/06\\\/17\\\/scuola-dinca-al-veneto-28-milioni-per-la-messa-in-sicurezza-degli-istituti-i-miei-auguri-a-studenti-e-insegnanti\\\/\"},\"wordCount\":452,\"publisher\":{\"@id\":\"https:\\\/\\\/www.bellunopress.it\\\/#organization\"},\"image\":{\"@id\":\"https:\\\/\\\/www.bellunopress.it\\\/2020\\\/06\\\/17\\\/scuola-dinca-al-veneto-28-milioni-per-la-messa-in-sicurezza-degli-istituti-i-miei-auguri-a-studenti-e-insegnanti\\\/#primaryimage\"},\"thumbnailUrl\":\"https:\\\/\\\/www.bellunopress.it\\\/wp-content\\\/uploads\\\/2017\\\/09\\\/Federico-DInc\u00e0.jpg\",\"articleSection\":[\"Prima Pagina\",\"Scuola\"],\"inLanguage\":\"fr-FR\"},{\"@type\":\"WebPage\",\"@id\":\"https:\\\/\\\/www.bellunopress.it\\\/2020\\\/06\\\/17\\\/scuola-dinca-al-veneto-28-milioni-per-la-messa-in-sicurezza-degli-istituti-i-miei-auguri-a-studenti-e-insegnanti\\\/\",\"url\":\"https:\\\/\\\/www.bellunopress.it\\\/2020\\\/06\\\/17\\\/scuola-dinca-al-veneto-28-milioni-per-la-messa-in-sicurezza-degli-istituti-i-miei-auguri-a-studenti-e-insegnanti\\\/\",\"name\":\"Scuola. D'Inc\u00e0: \\\"Al Veneto 28 milioni per la messa in sicurezza degli istituti. I miei auguri a studenti e insegnanti\\\" - Bellunopress - Dolomiti\",\"isPartOf\":{\"@id\":\"https:\\\/\\\/www.bellunopress.it\\\/#website\"},\"primaryImageOfPage\":{\"@id\":\"https:\\\/\\\/www.bellunopress.it\\\/2020\\\/06\\\/17\\\/scuola-dinca-al-veneto-28-milioni-per-la-messa-in-sicurezza-degli-istituti-i-miei-auguri-a-studenti-e-insegnanti\\\/#primaryimage\"},\"image\":{\"@id\":\"https:\\\/\\\/www.bellunopress.it\\\/2020\\\/06\\\/17\\\/scuola-dinca-al-veneto-28-milioni-per-la-messa-in-sicurezza-degli-istituti-i-miei-auguri-a-studenti-e-insegnanti\\\/#primaryimage\"},\"thumbnailUrl\":\"https:\\\/\\\/www.bellunopress.it\\\/wp-content\\\/uploads\\\/2017\\\/09\\\/Federico-DInc\u00e0.jpg\",\"datePublished\":\"2020-06-17T20:07:05+00:00\",\"breadcrumb\":{\"@id\":\"https:\\\/\\\/www.bellunopress.it\\\/2020\\\/06\\\/17\\\/scuola-dinca-al-veneto-28-milioni-per-la-messa-in-sicurezza-degli-istituti-i-miei-auguri-a-studenti-e-insegnanti\\\/#breadcrumb\"},\"inLanguage\":\"fr-FR\",\"potentialAction\":[{\"@type\":\"ReadAction\",\"target\":[\"https:\\\/\\\/www.bellunopress.it\\\/2020\\\/06\\\/17\\\/scuola-dinca-al-veneto-28-milioni-per-la-messa-in-sicurezza-degli-istituti-i-miei-auguri-a-studenti-e-insegnanti\\\/\"]}]},{\"@type\":\"ImageObject\",\"inLanguage\":\"fr-FR\",\"@id\":\"https:\\\/\\\/www.bellunopress.it\\\/2020\\\/06\\\/17\\\/scuola-dinca-al-veneto-28-milioni-per-la-messa-in-sicurezza-degli-istituti-i-miei-auguri-a-studenti-e-insegnanti\\\/#primaryimage\",\"url\":\"https:\\\/\\\/www.bellunopress.it\\\/wp-content\\\/uploads\\\/2017\\\/09\\\/Federico-DInc\u00e0.jpg\",\"contentUrl\":\"https:\\\/\\\/www.bellunopress.it\\\/wp-content\\\/uploads\\\/2017\\\/09\\\/Federico-DInc\u00e0.jpg\",\"width\":208,\"height\":270,\"caption\":\"Federico D'Inc\u00e0, ministro per i Rapporti con il Parlamento\"},{\"@type\":\"BreadcrumbList\",\"@id\":\"https:\\\/\\\/www.bellunopress.it\\\/2020\\\/06\\\/17\\\/scuola-dinca-al-veneto-28-milioni-per-la-messa-in-sicurezza-degli-istituti-i-miei-auguri-a-studenti-e-insegnanti\\\/#breadcrumb\",\"itemListElement\":[{\"@type\":\"ListItem\",\"position\":1,\"name\":\"Home\",\"item\":\"https:\\\/\\\/www.bellunopress.it\\\/\"},{\"@type\":\"ListItem\",\"position\":2,\"name\":\"Scuola. D&#8217;Inc\u00e0: &#8220;Al Veneto 28 milioni per la messa in sicurezza degli istituti. I miei auguri a studenti e insegnanti&#8221;\"}]},{\"@type\":\"WebSite\",\"@id\":\"https:\\\/\\\/www.bellunopress.it\\\/#website\",\"url\":\"https:\\\/\\\/www.bellunopress.it\\\/\",\"name\":\"Bellunopress - Dolomiti\",\"description\":\"e-mail: redazione@bellunopress.it\",\"publisher\":{\"@id\":\"https:\\\/\\\/www.bellunopress.it\\\/#organization\"},\"potentialAction\":[{\"@type\":\"SearchAction\",\"target\":{\"@type\":\"EntryPoint\",\"urlTemplate\":\"https:\\\/\\\/www.bellunopress.it\\\/?s={search_term_string}\"},\"query-input\":{\"@type\":\"PropertyValueSpecification\",\"valueRequired\":true,\"valueName\":\"search_term_string\"}}],\"inLanguage\":\"fr-FR\"},{\"@type\":\"Organization\",\"@id\":\"https:\\\/\\\/www.bellunopress.it\\\/#organization\",\"name\":\"Bellunopress\",\"url\":\"https:\\\/\\\/www.bellunopress.it\\\/\",\"logo\":{\"@type\":\"ImageObject\",\"inLanguage\":\"fr-FR\",\"@id\":\"https:\\\/\\\/www.bellunopress.it\\\/#\\\/schema\\\/logo\\\/image\\\/\",\"url\":\"https:\\\/\\\/www.bellunopress.it\\\/wp-content\\\/uploads\\\/2011\\\/05\\\/cropped-logo-bellunopress-.jpg\",\"contentUrl\":\"https:\\\/\\\/www.bellunopress.it\\\/wp-content\\\/uploads\\\/2011\\\/05\\\/cropped-logo-bellunopress-.jpg\",\"width\":512,\"height\":512,\"caption\":\"Bellunopress\"},\"image\":{\"@id\":\"https:\\\/\\\/www.bellunopress.it\\\/#\\\/schema\\\/logo\\\/image\\\/\"},\"sameAs\":[\"https:\\\/\\\/www.facebook.com\\\/profile.php?id=100008943462799\",\"https:\\\/\\\/x.com\\\/bellunopress\",\"https:\\\/\\\/www.linkedin.com\\\/hp\\\/?dnr=JBzUWaJfMUw8vbXJJ2tVW5-I3jZKvC4wsoxE&amp;amp;amp;amp;amp;amp;trk=nav_responsive_tab_home\",\"https:\\\/\\\/www.youtube.com\\\/channel\\\/UCxL0wu1uN0_3_7hGG0306cw\"]},{\"@type\":\"Person\",\"@id\":\"https:\\\/\\\/www.bellunopress.it\\\/#\\\/schema\\\/person\\\/79bb06722b37ece1c03d3e94beb30d73\",\"name\":\"redazione\",\"image\":{\"@type\":\"ImageObject\",\"inLanguage\":\"fr-FR\",\"@id\":\"https:\\\/\\\/secure.gravatar.com\\\/avatar\\\/37d968a2e67a6fd04c169c4bdef102d0bc5d31b2546345219e348575eb80e9a0?s=96&d=mm&r=g\",\"url\":\"https:\\\/\\\/secure.gravatar.com\\\/avatar\\\/37d968a2e67a6fd04c169c4bdef102d0bc5d31b2546345219e348575eb80e9a0?s=96&d=mm&r=g\",\"contentUrl\":\"https:\\\/\\\/secure.gravatar.com\\\/avatar\\\/37d968a2e67a6fd04c169c4bdef102d0bc5d31b2546345219e348575eb80e9a0?s=96&d=mm&r=g\",\"caption\":\"redazione\"},\"sameAs\":[\"http:\\\/\\\/www.bellunopress.it\",\"https:\\\/\\\/x.com\\\/bellunopress\"],\"url\":\"https:\\\/\\\/www.bellunopress.it\\\/fr\\\/author\\\/redazione\\\/\"}]}<\/script>\n<!-- \/ Yoast SEO plugin. -->","yoast_head_json":{"title":"Scuola. D'Inc\u00e0: \"Al Veneto 28 milioni per la messa in sicurezza degli istituti. I miei auguri a studenti e insegnanti\" - Bellunopress - Dolomiti","robots":{"index":"index","follow":"follow","max-snippet":"max-snippet:-1","max-image-preview":"max-image-preview:large","max-video-preview":"max-video-preview:-1"},"canonical":"https:\/\/www.bellunopress.it\/fr\/2020\/06\/17\/scuola-dinca-al-veneto-28-milioni-per-la-messa-in-sicurezza-degli-istituti-i-miei-auguri-a-studenti-e-insegnanti\/","og_locale":"fr_FR","og_type":"article","og_title":"Scuola. D'Inc\u00e0: \"Al Veneto 28 milioni per la messa in sicurezza degli istituti. I miei auguri a studenti e insegnanti\" - Bellunopress - Dolomiti","og_description":"&#8220;Quasi 28 milioni di euro messi a disposizione dal Governo alle scuole del Veneto per la sicurezza e la protezione degli ambienti scolastici e per lo svolgimento in condizioni di sicurezza dell&#8217;anno scolastico 2020\/2021. \u00c8 la dimostrazione dell&#8217;attenzione nei confronti degli studenti, degli insegnanti e di tutto il personale che opera all&#8217;interno degli istituti, vista [&hellip;]","og_url":"https:\/\/www.bellunopress.it\/fr\/2020\/06\/17\/scuola-dinca-al-veneto-28-milioni-per-la-messa-in-sicurezza-degli-istituti-i-miei-auguri-a-studenti-e-insegnanti\/","og_site_name":"Bellunopress - Dolomiti","article_publisher":"https:\/\/www.facebook.com\/profile.php?id=100008943462799","article_published_time":"2020-06-17T20:07:05+00:00","og_image":[{"width":208,"height":270,"url":"https:\/\/www.bellunopress.it\/wp-content\/uploads\/2017\/09\/Federico-DInc\u00e0.jpg","type":"image\/jpeg"}],"author":"redazione","twitter_card":"summary_large_image","twitter_creator":"@bellunopress","twitter_site":"@bellunopress","twitter_misc":{"\u00c9crit par":"redazione","Dur\u00e9e de lecture estim\u00e9e":"2 minutes"},"schema":{"@context":"https:\/\/schema.org","@graph":[{"@type":"Article","@id":"https:\/\/www.bellunopress.it\/2020\/06\/17\/scuola-dinca-al-veneto-28-milioni-per-la-messa-in-sicurezza-degli-istituti-i-miei-auguri-a-studenti-e-insegnanti\/#article","isPartOf":{"@id":"https:\/\/www.bellunopress.it\/2020\/06\/17\/scuola-dinca-al-veneto-28-milioni-per-la-messa-in-sicurezza-degli-istituti-i-miei-auguri-a-studenti-e-insegnanti\/"},"author":{"name":"redazione","@id":"https:\/\/www.bellunopress.it\/#\/schema\/person\/79bb06722b37ece1c03d3e94beb30d73"},"headline":"Scuola. D&#8217;Inc\u00e0: &#8220;Al Veneto 28 milioni per la messa in sicurezza degli istituti. I miei auguri a studenti e insegnanti&#8221;","datePublished":"2020-06-17T20:07:05+00:00","mainEntityOfPage":{"@id":"https:\/\/www.bellunopress.it\/2020\/06\/17\/scuola-dinca-al-veneto-28-milioni-per-la-messa-in-sicurezza-degli-istituti-i-miei-auguri-a-studenti-e-insegnanti\/"},"wordCount":452,"publisher":{"@id":"https:\/\/www.bellunopress.it\/#organization"},"image":{"@id":"https:\/\/www.bellunopress.it\/2020\/06\/17\/scuola-dinca-al-veneto-28-milioni-per-la-messa-in-sicurezza-degli-istituti-i-miei-auguri-a-studenti-e-insegnanti\/#primaryimage"},"thumbnailUrl":"https:\/\/www.bellunopress.it\/wp-content\/uploads\/2017\/09\/Federico-DInc\u00e0.jpg","articleSection":["Prima Pagina","Scuola"],"inLanguage":"fr-FR"},{"@type":"WebPage","@id":"https:\/\/www.bellunopress.it\/2020\/06\/17\/scuola-dinca-al-veneto-28-milioni-per-la-messa-in-sicurezza-degli-istituti-i-miei-auguri-a-studenti-e-insegnanti\/","url":"https:\/\/www.bellunopress.it\/2020\/06\/17\/scuola-dinca-al-veneto-28-milioni-per-la-messa-in-sicurezza-degli-istituti-i-miei-auguri-a-studenti-e-insegnanti\/","name":"Scuola. D'Inc\u00e0: \"Al Veneto 28 milioni per la messa in sicurezza degli istituti. I miei auguri a studenti e insegnanti\" - Bellunopress - Dolomiti","isPartOf":{"@id":"https:\/\/www.bellunopress.it\/#website"},"primaryImageOfPage":{"@id":"https:\/\/www.bellunopress.it\/2020\/06\/17\/scuola-dinca-al-veneto-28-milioni-per-la-messa-in-sicurezza-degli-istituti-i-miei-auguri-a-studenti-e-insegnanti\/#primaryimage"},"image":{"@id":"https:\/\/www.bellunopress.it\/2020\/06\/17\/scuola-dinca-al-veneto-28-milioni-per-la-messa-in-sicurezza-degli-istituti-i-miei-auguri-a-studenti-e-insegnanti\/#primaryimage"},"thumbnailUrl":"https:\/\/www.bellunopress.it\/wp-content\/uploads\/2017\/09\/Federico-DInc\u00e0.jpg","datePublished":"2020-06-17T20:07:05+00:00","breadcrumb":{"@id":"https:\/\/www.bellunopress.it\/2020\/06\/17\/scuola-dinca-al-veneto-28-milioni-per-la-messa-in-sicurezza-degli-istituti-i-miei-auguri-a-studenti-e-insegnanti\/#breadcrumb"},"inLanguage":"fr-FR","potentialAction":[{"@type":"ReadAction","target":["https:\/\/www.bellunopress.it\/2020\/06\/17\/scuola-dinca-al-veneto-28-milioni-per-la-messa-in-sicurezza-degli-istituti-i-miei-auguri-a-studenti-e-insegnanti\/"]}]},{"@type":"ImageObject","inLanguage":"fr-FR","@id":"https:\/\/www.bellunopress.it\/2020\/06\/17\/scuola-dinca-al-veneto-28-milioni-per-la-messa-in-sicurezza-degli-istituti-i-miei-auguri-a-studenti-e-insegnanti\/#primaryimage","url":"https:\/\/www.bellunopress.it\/wp-content\/uploads\/2017\/09\/Federico-DInc\u00e0.jpg","contentUrl":"https:\/\/www.bellunopress.it\/wp-content\/uploads\/2017\/09\/Federico-DInc\u00e0.jpg","width":208,"height":270,"caption":"Federico D'Inc\u00e0, ministro per i Rapporti con il Parlamento"},{"@type":"BreadcrumbList","@id":"https:\/\/www.bellunopress.it\/2020\/06\/17\/scuola-dinca-al-veneto-28-milioni-per-la-messa-in-sicurezza-degli-istituti-i-miei-auguri-a-studenti-e-insegnanti\/#breadcrumb","itemListElement":[{"@type":"ListItem","position":1,"name":"Home","item":"https:\/\/www.bellunopress.it\/"},{"@type":"ListItem","position":2,"name":"Scuola. D&#8217;Inc\u00e0: &#8220;Al Veneto 28 milioni per la messa in sicurezza degli istituti. I miei auguri a studenti e insegnanti&#8221;"}]},{"@type":"WebSite","@id":"https:\/\/www.bellunopress.it\/#website","url":"https:\/\/www.bellunopress.it\/","name":"Bellunopress - Dolomiti","description":"e-mail: redazione@bellunopress.it","publisher":{"@id":"https:\/\/www.bellunopress.it\/#organization"},"potentialAction":[{"@type":"SearchAction","target":{"@type":"EntryPoint","urlTemplate":"https:\/\/www.bellunopress.it\/?s={search_term_string}"},"query-input":{"@type":"PropertyValueSpecification","valueRequired":true,"valueName":"search_term_string"}}],"inLanguage":"fr-FR"},{"@type":"Organization","@id":"https:\/\/www.bellunopress.it\/#organization","name":"Bellunopress","url":"https:\/\/www.bellunopress.it\/","logo":{"@type":"ImageObject","inLanguage":"fr-FR","@id":"https:\/\/www.bellunopress.it\/#\/schema\/logo\/image\/","url":"https:\/\/www.bellunopress.it\/wp-content\/uploads\/2011\/05\/cropped-logo-bellunopress-.jpg","contentUrl":"https:\/\/www.bellunopress.it\/wp-content\/uploads\/2011\/05\/cropped-logo-bellunopress-.jpg","width":512,"height":512,"caption":"Bellunopress"},"image":{"@id":"https:\/\/www.bellunopress.it\/#\/schema\/logo\/image\/"},"sameAs":["https:\/\/www.facebook.com\/profile.php?id=100008943462799","https:\/\/x.com\/bellunopress","https:\/\/www.linkedin.com\/hp\/?dnr=JBzUWaJfMUw8vbXJJ2tVW5-I3jZKvC4wsoxE&amp;amp;amp;amp;amp;amp;trk=nav_responsive_tab_home","https:\/\/www.youtube.com\/channel\/UCxL0wu1uN0_3_7hGG0306cw"]},{"@type":"Person","@id":"https:\/\/www.bellunopress.it\/#\/schema\/person\/79bb06722b37ece1c03d3e94beb30d73","name":"r\u00e9daction","image":{"@type":"ImageObject","inLanguage":"fr-FR","@id":"https:\/\/secure.gravatar.com\/avatar\/37d968a2e67a6fd04c169c4bdef102d0bc5d31b2546345219e348575eb80e9a0?s=96&d=mm&r=g","url":"https:\/\/secure.gravatar.com\/avatar\/37d968a2e67a6fd04c169c4bdef102d0bc5d31b2546345219e348575eb80e9a0?s=96&d=mm&r=g","contentUrl":"https:\/\/secure.gravatar.com\/avatar\/37d968a2e67a6fd04c169c4bdef102d0bc5d31b2546345219e348575eb80e9a0?s=96&d=mm&r=g","caption":"redazione"},"sameAs":["http:\/\/www.bellunopress.it","https:\/\/x.com\/bellunopress"],"url":"https:\/\/www.bellunopress.it\/fr\/author\/redazione\/"}]}},"_links":{"self":[{"href":"https:\/\/www.bellunopress.it\/fr\/wp-json\/wp\/v2\/posts\/115129","targetHints":{"allow":["GET"]}}],"collection":[{"href":"https:\/\/www.bellunopress.it\/fr\/wp-json\/wp\/v2\/posts"}],"about":[{"href":"https:\/\/www.bellunopress.it\/fr\/wp-json\/wp\/v2\/types\/post"}],"author":[{"embeddable":true,"href":"https:\/\/www.bellunopress.it\/fr\/wp-json\/wp\/v2\/users\/2"}],"replies":[{"embeddable":true,"href":"https:\/\/www.bellunopress.it\/fr\/wp-json\/wp\/v2\/comments?post=115129"}],"version-history":[{"count":1,"href":"https:\/\/www.bellunopress.it\/fr\/wp-json\/wp\/v2\/posts\/115129\/revisions"}],"predecessor-version":[{"id":115130,"href":"https:\/\/www.bellunopress.it\/fr\/wp-json\/wp\/v2\/posts\/115129\/revisions\/115130"}],"wp:featuredmedia":[{"embeddable":true,"href":"https:\/\/www.bellunopress.it\/fr\/wp-json\/wp\/v2\/media\/89030"}],"wp:attachment":[{"href":"https:\/\/www.bellunopress.it\/fr\/wp-json\/wp\/v2\/media?parent=115129"}],"wp:term":[{"taxonomy":"category","embeddable":true,"href":"https:\/\/www.bellunopress.it\/fr\/wp-json\/wp\/v2\/categories?post=115129"},{"taxonomy":"post_tag","embeddable":true,"href":"https:\/\/www.bellunopress.it\/fr\/wp-json\/wp\/v2\/tags?post=115129"}],"curies":[{"name":"wp","href":"https:\/\/api.w.org\/{rel}","templated":true}]}}