{"id":11491,"date":"2010-01-14T13:44:21","date_gmt":"2010-01-14T12:44:21","guid":{"rendered":"http:\/\/www.bellunopress.it\/?p=11491"},"modified":"2010-01-14T13:44:21","modified_gmt":"2010-01-14T12:44:21","slug":"passeggiate-sotto-le-stelle-al-rifugio-col-druscie-di-cortina","status":"publish","type":"post","link":"https:\/\/www.bellunopress.it\/fr\/2010\/01\/14\/passeggiate-sotto-le-stelle-al-rifugio-col-druscie-di-cortina\/","title":{"rendered":"Passeggiate sotto le stelle al rifugio Col Drusci\u00e8 di Cortina"},"content":{"rendered":"<p>Salita con le pelli o con le ciaspe o tranquille passeggiate sotto il cielo stellato. E poi ancora specialit\u00e0 tipiche e festa fino a notte inoltrata. Questa la proposta organizzata per tutti i venerd\u00ec sera dal rifugio Col Drusci\u00e9 di Cortina d\u2019Ampezzo in collaborazione con\u00a0 la Freccia nel cielo. Sportive. Esclusive Divertenti. In questo modo si presentano le speciali serate organizzate ogni venerd\u00ec dal rifugio Col Drusci\u00e8 (1.778 metri) di Cortina d\u2019Ampezzo. Sci, slittino, ciaspe o pelli, ognuno pu\u00f2 scegliere il proprio mezzo per raggiungere il rifugio, dopo il tramonto, e avere la possibilit\u00e0, fino alle ore 22.00 di gustare le specialit\u00e0 tipiche della casa e, a seguire, festa no stop. La pista \u201cB\u201d \u00e8 disponibile per la salita con le pelli o con le ciaspe , oppure \u00e8 possibile organizzare una magica passeggiata di un chilometro e mezzo in notturna, sotto il cielo stellato, godendo di una vista spettacolare sulla valle ampezzana.<br \/>\n\u00a0Ogni venerd\u00ec sera<br \/>\nInfo: 0436\/862372 \u2013 338\/8694531.<\/p>","protected":false},"excerpt":{"rendered":"<p>Salita con le pelli o con le ciaspe o tranquille passeggiate sotto il cielo stellato. E poi ancora specialit\u00e0 tipiche e festa fino a notte inoltrata. Questa la proposta organizzata per tutti i venerd\u00ec sera dal rifugio Col Drusci\u00e9 di Cortina d\u2019Ampezzo in collaborazione con\u00a0 la Freccia nel cielo. Sportive. Esclusive Divertenti. In questo modo [&hellip;]<\/p>\n","protected":false},"author":2,"featured_media":0,"comment_status":"closed","ping_status":"open","sticky":false,"template":"","format":"standard","meta":{"footnotes":""},"categories":[25,8,4],"tags":[],"class_list":["post-11491","post","type-post","status-publish","format-standard","category-pausa-caffe","category-societa-istituzioni","category-sport"],"yoast_head":"<!-- This site is optimized with the Yoast SEO plugin v28.4 - https:\/\/yoast.com\/product\/yoast-seo-wordpress\/ -->\n<title>Passeggiate sotto le stelle al rifugio Col Drusci\u00e8 di Cortina - Bellunopress - Dolomiti<\/title>\n<meta name=\"robots\" content=\"index, follow, max-snippet:-1, max-image-preview:large, max-video-preview:-1\" \/>\n<link rel=\"canonical\" href=\"https:\/\/www.bellunopress.it\/fr\/2010\/01\/14\/passeggiate-sotto-le-stelle-al-rifugio-col-druscie-di-cortina\/\" \/>\n<meta property=\"og:locale\" content=\"fr_FR\" \/>\n<meta property=\"og:type\" content=\"article\" \/>\n<meta property=\"og:title\" content=\"Passeggiate sotto le stelle al rifugio Col Drusci\u00e8 di Cortina - Bellunopress - Dolomiti\" \/>\n<meta property=\"og:description\" content=\"Salita con le pelli o con le ciaspe o tranquille passeggiate sotto il cielo stellato. E poi ancora specialit\u00e0 tipiche e festa fino a notte inoltrata. Questa la proposta organizzata per tutti i venerd\u00ec sera dal rifugio Col Drusci\u00e9 di Cortina d\u2019Ampezzo in collaborazione con\u00a0 la Freccia nel cielo. Sportive. Esclusive Divertenti. In questo modo [&hellip;]\" \/>\n<meta property=\"og:url\" content=\"https:\/\/www.bellunopress.it\/fr\/2010\/01\/14\/passeggiate-sotto-le-stelle-al-rifugio-col-druscie-di-cortina\/\" \/>\n<meta property=\"og:site_name\" content=\"Bellunopress - Dolomiti\" \/>\n<meta property=\"article:publisher\" content=\"https:\/\/www.facebook.com\/profile.php?id=100008943462799\" \/>\n<meta property=\"article:published_time\" content=\"2010-01-14T12:44:21+00:00\" \/>\n<meta property=\"og:image\" content=\"http:\/\/www.bellunopress.it\/wp-content\/uploads\/2012\/07\/logo-bellunopress-250x250-2012.jpg\" \/>\n<meta name=\"author\" content=\"redazione\" \/>\n<meta name=\"twitter:card\" content=\"summary_large_image\" \/>\n<meta name=\"twitter:creator\" content=\"@bellunopress\" \/>\n<meta name=\"twitter:site\" content=\"@bellunopress\" \/>\n<meta name=\"twitter:label1\" content=\"\u00c9crit par\" \/>\n\t<meta name=\"twitter:data1\" content=\"redazione\" \/>\n\t<meta name=\"twitter:label2\" content=\"Dur\u00e9e de lecture estim\u00e9e\" \/>\n\t<meta name=\"twitter:data2\" content=\"1 minute\" \/>\n<script type=\"application\/ld+json\" class=\"yoast-schema-graph\">{\"@context\":\"https:\\\/\\\/schema.org\",\"@graph\":[{\"@type\":\"Article\",\"@id\":\"https:\\\/\\\/www.bellunopress.it\\\/2010\\\/01\\\/14\\\/passeggiate-sotto-le-stelle-al-rifugio-col-druscie-di-cortina\\\/#article\",\"isPartOf\":{\"@id\":\"https:\\\/\\\/www.bellunopress.it\\\/2010\\\/01\\\/14\\\/passeggiate-sotto-le-stelle-al-rifugio-col-druscie-di-cortina\\\/\"},\"author\":{\"name\":\"redazione\",\"@id\":\"https:\\\/\\\/www.bellunopress.it\\\/#\\\/schema\\\/person\\\/79bb06722b37ece1c03d3e94beb30d73\"},\"headline\":\"Passeggiate sotto le stelle al rifugio Col Drusci\u00e8 di Cortina\",\"datePublished\":\"2010-01-14T12:44:21+00:00\",\"mainEntityOfPage\":{\"@id\":\"https:\\\/\\\/www.bellunopress.it\\\/2010\\\/01\\\/14\\\/passeggiate-sotto-le-stelle-al-rifugio-col-druscie-di-cortina\\\/\"},\"wordCount\":164,\"publisher\":{\"@id\":\"https:\\\/\\\/www.bellunopress.it\\\/#organization\"},\"articleSection\":[\"Pausa Caff\u00e8\",\"Societ\u00e0, Associazioni, Istituzioni\",\"Sport, tempo libero\"],\"inLanguage\":\"fr-FR\"},{\"@type\":\"WebPage\",\"@id\":\"https:\\\/\\\/www.bellunopress.it\\\/2010\\\/01\\\/14\\\/passeggiate-sotto-le-stelle-al-rifugio-col-druscie-di-cortina\\\/\",\"url\":\"https:\\\/\\\/www.bellunopress.it\\\/2010\\\/01\\\/14\\\/passeggiate-sotto-le-stelle-al-rifugio-col-druscie-di-cortina\\\/\",\"name\":\"Passeggiate sotto le stelle al rifugio Col Drusci\u00e8 di Cortina - Bellunopress - Dolomiti\",\"isPartOf\":{\"@id\":\"https:\\\/\\\/www.bellunopress.it\\\/#website\"},\"datePublished\":\"2010-01-14T12:44:21+00:00\",\"breadcrumb\":{\"@id\":\"https:\\\/\\\/www.bellunopress.it\\\/2010\\\/01\\\/14\\\/passeggiate-sotto-le-stelle-al-rifugio-col-druscie-di-cortina\\\/#breadcrumb\"},\"inLanguage\":\"fr-FR\",\"potentialAction\":[{\"@type\":\"ReadAction\",\"target\":[\"https:\\\/\\\/www.bellunopress.it\\\/2010\\\/01\\\/14\\\/passeggiate-sotto-le-stelle-al-rifugio-col-druscie-di-cortina\\\/\"]}]},{\"@type\":\"BreadcrumbList\",\"@id\":\"https:\\\/\\\/www.bellunopress.it\\\/2010\\\/01\\\/14\\\/passeggiate-sotto-le-stelle-al-rifugio-col-druscie-di-cortina\\\/#breadcrumb\",\"itemListElement\":[{\"@type\":\"ListItem\",\"position\":1,\"name\":\"Home\",\"item\":\"https:\\\/\\\/www.bellunopress.it\\\/\"},{\"@type\":\"ListItem\",\"position\":2,\"name\":\"Passeggiate sotto le stelle al rifugio Col Drusci\u00e8 di Cortina\"}]},{\"@type\":\"WebSite\",\"@id\":\"https:\\\/\\\/www.bellunopress.it\\\/#website\",\"url\":\"https:\\\/\\\/www.bellunopress.it\\\/\",\"name\":\"Bellunopress - Dolomiti\",\"description\":\"e-mail: redazione@bellunopress.it\",\"publisher\":{\"@id\":\"https:\\\/\\\/www.bellunopress.it\\\/#organization\"},\"potentialAction\":[{\"@type\":\"SearchAction\",\"target\":{\"@type\":\"EntryPoint\",\"urlTemplate\":\"https:\\\/\\\/www.bellunopress.it\\\/?s={search_term_string}\"},\"query-input\":{\"@type\":\"PropertyValueSpecification\",\"valueRequired\":true,\"valueName\":\"search_term_string\"}}],\"inLanguage\":\"fr-FR\"},{\"@type\":\"Organization\",\"@id\":\"https:\\\/\\\/www.bellunopress.it\\\/#organization\",\"name\":\"Bellunopress\",\"url\":\"https:\\\/\\\/www.bellunopress.it\\\/\",\"logo\":{\"@type\":\"ImageObject\",\"inLanguage\":\"fr-FR\",\"@id\":\"https:\\\/\\\/www.bellunopress.it\\\/#\\\/schema\\\/logo\\\/image\\\/\",\"url\":\"https:\\\/\\\/www.bellunopress.it\\\/wp-content\\\/uploads\\\/2011\\\/05\\\/cropped-logo-bellunopress-.jpg\",\"contentUrl\":\"https:\\\/\\\/www.bellunopress.it\\\/wp-content\\\/uploads\\\/2011\\\/05\\\/cropped-logo-bellunopress-.jpg\",\"width\":512,\"height\":512,\"caption\":\"Bellunopress\"},\"image\":{\"@id\":\"https:\\\/\\\/www.bellunopress.it\\\/#\\\/schema\\\/logo\\\/image\\\/\"},\"sameAs\":[\"https:\\\/\\\/www.facebook.com\\\/profile.php?id=100008943462799\",\"https:\\\/\\\/x.com\\\/bellunopress\",\"https:\\\/\\\/www.linkedin.com\\\/hp\\\/?dnr=JBzUWaJfMUw8vbXJJ2tVW5-I3jZKvC4wsoxE&amp;amp;amp;amp;amp;amp;trk=nav_responsive_tab_home\",\"https:\\\/\\\/www.youtube.com\\\/channel\\\/UCxL0wu1uN0_3_7hGG0306cw\"]},{\"@type\":\"Person\",\"@id\":\"https:\\\/\\\/www.bellunopress.it\\\/#\\\/schema\\\/person\\\/79bb06722b37ece1c03d3e94beb30d73\",\"name\":\"redazione\",\"image\":{\"@type\":\"ImageObject\",\"inLanguage\":\"fr-FR\",\"@id\":\"https:\\\/\\\/secure.gravatar.com\\\/avatar\\\/37d968a2e67a6fd04c169c4bdef102d0bc5d31b2546345219e348575eb80e9a0?s=96&d=mm&r=g\",\"url\":\"https:\\\/\\\/secure.gravatar.com\\\/avatar\\\/37d968a2e67a6fd04c169c4bdef102d0bc5d31b2546345219e348575eb80e9a0?s=96&d=mm&r=g\",\"contentUrl\":\"https:\\\/\\\/secure.gravatar.com\\\/avatar\\\/37d968a2e67a6fd04c169c4bdef102d0bc5d31b2546345219e348575eb80e9a0?s=96&d=mm&r=g\",\"caption\":\"redazione\"},\"sameAs\":[\"http:\\\/\\\/www.bellunopress.it\",\"https:\\\/\\\/x.com\\\/bellunopress\"],\"url\":\"https:\\\/\\\/www.bellunopress.it\\\/fr\\\/author\\\/redazione\\\/\"}]}<\/script>\n<!-- \/ Yoast SEO plugin. -->","yoast_head_json":{"title":"Passeggiate sotto le stelle al rifugio Col Drusci\u00e8 di Cortina - Bellunopress - Dolomiti","robots":{"index":"index","follow":"follow","max-snippet":"max-snippet:-1","max-image-preview":"max-image-preview:large","max-video-preview":"max-video-preview:-1"},"canonical":"https:\/\/www.bellunopress.it\/fr\/2010\/01\/14\/passeggiate-sotto-le-stelle-al-rifugio-col-druscie-di-cortina\/","og_locale":"fr_FR","og_type":"article","og_title":"Passeggiate sotto le stelle al rifugio Col Drusci\u00e8 di Cortina - Bellunopress - Dolomiti","og_description":"Salita con le pelli o con le ciaspe o tranquille passeggiate sotto il cielo stellato. E poi ancora specialit\u00e0 tipiche e festa fino a notte inoltrata. Questa la proposta organizzata per tutti i venerd\u00ec sera dal rifugio Col Drusci\u00e9 di Cortina d\u2019Ampezzo in collaborazione con\u00a0 la Freccia nel cielo. Sportive. Esclusive Divertenti. In questo modo [&hellip;]","og_url":"https:\/\/www.bellunopress.it\/fr\/2010\/01\/14\/passeggiate-sotto-le-stelle-al-rifugio-col-druscie-di-cortina\/","og_site_name":"Bellunopress - Dolomiti","article_publisher":"https:\/\/www.facebook.com\/profile.php?id=100008943462799","article_published_time":"2010-01-14T12:44:21+00:00","og_image":[{"url":"http:\/\/www.bellunopress.it\/wp-content\/uploads\/2012\/07\/logo-bellunopress-250x250-2012.jpg","type":"","width":"","height":""}],"author":"redazione","twitter_card":"summary_large_image","twitter_creator":"@bellunopress","twitter_site":"@bellunopress","twitter_misc":{"\u00c9crit par":"redazione","Dur\u00e9e de lecture estim\u00e9e":"1 minute"},"schema":{"@context":"https:\/\/schema.org","@graph":[{"@type":"Article","@id":"https:\/\/www.bellunopress.it\/2010\/01\/14\/passeggiate-sotto-le-stelle-al-rifugio-col-druscie-di-cortina\/#article","isPartOf":{"@id":"https:\/\/www.bellunopress.it\/2010\/01\/14\/passeggiate-sotto-le-stelle-al-rifugio-col-druscie-di-cortina\/"},"author":{"name":"redazione","@id":"https:\/\/www.bellunopress.it\/#\/schema\/person\/79bb06722b37ece1c03d3e94beb30d73"},"headline":"Passeggiate sotto le stelle al rifugio Col Drusci\u00e8 di Cortina","datePublished":"2010-01-14T12:44:21+00:00","mainEntityOfPage":{"@id":"https:\/\/www.bellunopress.it\/2010\/01\/14\/passeggiate-sotto-le-stelle-al-rifugio-col-druscie-di-cortina\/"},"wordCount":164,"publisher":{"@id":"https:\/\/www.bellunopress.it\/#organization"},"articleSection":["Pausa Caff\u00e8","Societ\u00e0, Associazioni, Istituzioni","Sport, tempo libero"],"inLanguage":"fr-FR"},{"@type":"WebPage","@id":"https:\/\/www.bellunopress.it\/2010\/01\/14\/passeggiate-sotto-le-stelle-al-rifugio-col-druscie-di-cortina\/","url":"https:\/\/www.bellunopress.it\/2010\/01\/14\/passeggiate-sotto-le-stelle-al-rifugio-col-druscie-di-cortina\/","name":"Passeggiate sotto le stelle al rifugio Col Drusci\u00e8 di Cortina - Bellunopress - Dolomiti","isPartOf":{"@id":"https:\/\/www.bellunopress.it\/#website"},"datePublished":"2010-01-14T12:44:21+00:00","breadcrumb":{"@id":"https:\/\/www.bellunopress.it\/2010\/01\/14\/passeggiate-sotto-le-stelle-al-rifugio-col-druscie-di-cortina\/#breadcrumb"},"inLanguage":"fr-FR","potentialAction":[{"@type":"ReadAction","target":["https:\/\/www.bellunopress.it\/2010\/01\/14\/passeggiate-sotto-le-stelle-al-rifugio-col-druscie-di-cortina\/"]}]},{"@type":"BreadcrumbList","@id":"https:\/\/www.bellunopress.it\/2010\/01\/14\/passeggiate-sotto-le-stelle-al-rifugio-col-druscie-di-cortina\/#breadcrumb","itemListElement":[{"@type":"ListItem","position":1,"name":"Home","item":"https:\/\/www.bellunopress.it\/"},{"@type":"ListItem","position":2,"name":"Passeggiate sotto le stelle al rifugio Col Drusci\u00e8 di Cortina"}]},{"@type":"WebSite","@id":"https:\/\/www.bellunopress.it\/#website","url":"https:\/\/www.bellunopress.it\/","name":"Bellunopress - Dolomiti","description":"e-mail: redazione@bellunopress.it","publisher":{"@id":"https:\/\/www.bellunopress.it\/#organization"},"potentialAction":[{"@type":"SearchAction","target":{"@type":"EntryPoint","urlTemplate":"https:\/\/www.bellunopress.it\/?s={search_term_string}"},"query-input":{"@type":"PropertyValueSpecification","valueRequired":true,"valueName":"search_term_string"}}],"inLanguage":"fr-FR"},{"@type":"Organization","@id":"https:\/\/www.bellunopress.it\/#organization","name":"Bellunopress","url":"https:\/\/www.bellunopress.it\/","logo":{"@type":"ImageObject","inLanguage":"fr-FR","@id":"https:\/\/www.bellunopress.it\/#\/schema\/logo\/image\/","url":"https:\/\/www.bellunopress.it\/wp-content\/uploads\/2011\/05\/cropped-logo-bellunopress-.jpg","contentUrl":"https:\/\/www.bellunopress.it\/wp-content\/uploads\/2011\/05\/cropped-logo-bellunopress-.jpg","width":512,"height":512,"caption":"Bellunopress"},"image":{"@id":"https:\/\/www.bellunopress.it\/#\/schema\/logo\/image\/"},"sameAs":["https:\/\/www.facebook.com\/profile.php?id=100008943462799","https:\/\/x.com\/bellunopress","https:\/\/www.linkedin.com\/hp\/?dnr=JBzUWaJfMUw8vbXJJ2tVW5-I3jZKvC4wsoxE&amp;amp;amp;amp;amp;amp;trk=nav_responsive_tab_home","https:\/\/www.youtube.com\/channel\/UCxL0wu1uN0_3_7hGG0306cw"]},{"@type":"Person","@id":"https:\/\/www.bellunopress.it\/#\/schema\/person\/79bb06722b37ece1c03d3e94beb30d73","name":"r\u00e9daction","image":{"@type":"ImageObject","inLanguage":"fr-FR","@id":"https:\/\/secure.gravatar.com\/avatar\/37d968a2e67a6fd04c169c4bdef102d0bc5d31b2546345219e348575eb80e9a0?s=96&d=mm&r=g","url":"https:\/\/secure.gravatar.com\/avatar\/37d968a2e67a6fd04c169c4bdef102d0bc5d31b2546345219e348575eb80e9a0?s=96&d=mm&r=g","contentUrl":"https:\/\/secure.gravatar.com\/avatar\/37d968a2e67a6fd04c169c4bdef102d0bc5d31b2546345219e348575eb80e9a0?s=96&d=mm&r=g","caption":"redazione"},"sameAs":["http:\/\/www.bellunopress.it","https:\/\/x.com\/bellunopress"],"url":"https:\/\/www.bellunopress.it\/fr\/author\/redazione\/"}]}},"_links":{"self":[{"href":"https:\/\/www.bellunopress.it\/fr\/wp-json\/wp\/v2\/posts\/11491","targetHints":{"allow":["GET"]}}],"collection":[{"href":"https:\/\/www.bellunopress.it\/fr\/wp-json\/wp\/v2\/posts"}],"about":[{"href":"https:\/\/www.bellunopress.it\/fr\/wp-json\/wp\/v2\/types\/post"}],"author":[{"embeddable":true,"href":"https:\/\/www.bellunopress.it\/fr\/wp-json\/wp\/v2\/users\/2"}],"replies":[{"embeddable":true,"href":"https:\/\/www.bellunopress.it\/fr\/wp-json\/wp\/v2\/comments?post=11491"}],"version-history":[{"count":1,"href":"https:\/\/www.bellunopress.it\/fr\/wp-json\/wp\/v2\/posts\/11491\/revisions"}],"predecessor-version":[{"id":11492,"href":"https:\/\/www.bellunopress.it\/fr\/wp-json\/wp\/v2\/posts\/11491\/revisions\/11492"}],"wp:attachment":[{"href":"https:\/\/www.bellunopress.it\/fr\/wp-json\/wp\/v2\/media?parent=11491"}],"wp:term":[{"taxonomy":"category","embeddable":true,"href":"https:\/\/www.bellunopress.it\/fr\/wp-json\/wp\/v2\/categories?post=11491"},{"taxonomy":"post_tag","embeddable":true,"href":"https:\/\/www.bellunopress.it\/fr\/wp-json\/wp\/v2\/tags?post=11491"}],"curies":[{"name":"wp","href":"https:\/\/api.w.org\/{rel}","templated":true}]}}