{"id":114806,"date":"2020-06-02T10:59:17","date_gmt":"2020-06-02T08:59:17","guid":{"rendered":"http:\/\/www.bellunopress.it\/?p=114806"},"modified":"2020-06-02T10:59:17","modified_gmt":"2020-06-02T08:59:17","slug":"giardino-di-rose-del-museo-etnografico-di-cesiomaggiore-sabato-e-domenica-le-audio-visite-guidate","status":"publish","type":"post","link":"https:\/\/www.bellunopress.it\/fr\/2020\/06\/02\/giardino-di-rose-del-museo-etnografico-di-cesiomaggiore-sabato-e-domenica-le-audio-visite-guidate\/","title":{"rendered":"Giardino di rose del Museo etnografico di Cesiomaggiore. Sabato e domenica le audio-visite guidate"},"content":{"rendered":"<p align=\"LEFT\"><a href=\"http:\/\/www.bellunopress.it\/fr\/2020\/05\/19\/riapre-il-museo-etnografico-di-seravella\/museo-seravella-rose_edited\/\" rel=\"attachment wp-att-114497\"><img loading=\"lazy\" decoding=\"async\" class=\"alignleft size-full wp-image-114497\" src=\"http:\/\/www.bellunopress.it\/wp-content\/uploads\/2020\/05\/museo-seravella-rose_edited.jpg\" alt=\"\" width=\"800\" height=\"600\" srcset=\"https:\/\/www.bellunopress.it\/wp-content\/uploads\/2020\/05\/museo-seravella-rose_edited.jpg 800w, https:\/\/www.bellunopress.it\/wp-content\/uploads\/2020\/05\/museo-seravella-rose_edited-500x375.jpg 500w, https:\/\/www.bellunopress.it\/wp-content\/uploads\/2020\/05\/museo-seravella-rose_edited-696x522.jpg 696w, https:\/\/www.bellunopress.it\/wp-content\/uploads\/2020\/05\/museo-seravella-rose_edited-560x420.jpg 560w, https:\/\/www.bellunopress.it\/wp-content\/uploads\/2020\/05\/museo-seravella-rose_edited-80x60.jpg 80w, https:\/\/www.bellunopress.it\/wp-content\/uploads\/2020\/05\/museo-seravella-rose_edited-265x198.jpg 265w\" sizes=\"auto, (max-width: 800px) 100vw, 800px\" \/><\/a>Per apprezzare l\u2019immensa variet\u00e0 di rose, la storia della loro complessa evoluzione e le tante storie che legano intrinsecamente i rosai alle sale del Museo, l\u2019Associazione ISOIPSE \u2013 Impresa Sociale congiuntamente con il Museo Etnografico di Seravella organizzano delle audio-visite guidate al roseto nelle mattine di sabato 6 e domenica 7 giugno, alle ore 11:00.<\/p>\n<p align=\"LEFT\">In caso di numerose richieste verr\u00e0 attivato anche il turno di visita guidata alle ore 9:30 del mattino.<\/p>\n<p align=\"LEFT\">L\u2019utilizzo di cuffie wireless insonorizzate (sanificate dopo ogni utilizzo) permette ai visitatori di godersi l\u2019incanto del giardino con tutti i cinque sensi, mantenendo tranquillamente la distanza di sicurezza, senza mai perdere il filo del discorso della guida. Un\u2019esperienza divertente e innovativa, oltre che un\u2019occasione per appassionarsi e avvicinarsi al meraviglioso mondo delle rose.<\/p>\n<p align=\"LEFT\">Sar\u00e0 quest\u2019anno l\u2019unica occasione di visita guidata al roseto, per scoprire qualche cosa in pi\u00f9 sul Giardino del Museo Etnografico di Seravella e sui suoi 400 rosai, tra cui molte variet\u00e0 antiche non rifiorenti, che in questi giorni stanno esplodendo nella fioritura stagionale, copiosa e multicolore.<\/p>\n<p align=\"LEFT\">\u00abVisto il periodo di emergenza e le tante incertezze di questa fase di ripartenza, ci siamo visti costretti a cancellare l\u2019attesissima \u201cRassegna del Giardino delle rose\u201d, che vede la collaborazione ormai consolidata dell\u2019Ass. Isoipse e del Museo Etnografico con l\u2019Azienda UNIFARCO e Dolomia\u00bb. &#8211; dichiara Valentina De Marchi dell\u2019Associazione ISOIPSE &#8211; \u201c\u00c8 stato un vero peccato perch\u00e9 quest\u2019anno, grazie anche al contributo della Fondazione Cariverona per la cultura, avevamo messo in piedi un programma davvero ricco e sfizioso, interessante per tutti i palati, anche i pi\u00f9 ricercati. Per non lasciare a bocca asciutta i tanti appassionati di rose ed estimatori del Giardino, abbiamo dunque deciso di lanciare queste due mattinate di visite guidate, approfittando della tecnologia che abbiamo a disposizione: le nuovissime cuffie wireless adatte a mantenere il distanziamento fisico tra le persone\u00bb.<\/p>\n<p align=\"LEFT\">Si dice soddisfatta la direttrice del Museo Etnografico &#8211; Cristina Busatta &#8211; per l\u2019ottimo flusso di visitatori che sta circolano in questi giorni al Museo, attratti in particolare dalla bellezza del Giardino in fiore: \u00abAbbiamo deciso di tenere aperto anche il 2 giugno, data in cui normalmente il Museo \u00e8 chiuso, per dare alle persone la possibilit\u00e0 di visitare il Museo e il Giardino in questo periodo ideale\u00bb.<\/p>\n<p align=\"LEFT\"><strong>Per iscriversi alla visita guidata \u00e8 obbligatorio prenotarsi telefonando al 351.9927115, tassativamente entro le ore 12 del giorno precedente alla visita.<\/strong><\/p>\n<p align=\"LEFT\">Il gruppo conter\u00e0 un massimo di n. 10 persone, mentre sotto n. 6 prenotazioni la visita verr\u00e0 cancellata e gli eventuali iscritti saranno avvisati entro il primo pomeriggio del giorno precedente alla visita. Il costo della visita \u00e8 10 euro a persona, da pagare sul luogo. \u00c8 obbligatorio l\u2019uso della mascherina durante il percorso di visita, seppure si svolger\u00e0 tutto all\u2019aperto.<\/p>\n<p align=\"LEFT\">Nel frattempo va avanti fino al 30 giugno il Contest fotografico e narrativo #Storiedirose, lanciato dall\u2019Ass. ISOIPSE, in cui si chiede alle persone di condividere sul proprio profilo Facebook immagini e racconti delle proprie rose inserendo i due hashtag #storiedirose e #rosedelledolomiti oppure inviando i materiali ai contatti dell\u2019Associazione (351.9927115, isoipse@seravella.it).<\/p>\n<p align=\"LEFT\">Il Contest nasce dall\u2019idea che dietro ad un rosaio spesso ci sono storie di persone, che rimandano a stili di vita, mestieri, eventi e vicende storiche e che coinvolgono intere comunit\u00e0: attraverso i rosai e la loro vita che dura spesso molto di pi\u00f9 di quella degli uomini ricostruiamo storie ed emozioni che ci uniscono nello spazio e nel tempo.<\/p>\n<h6 align=\"LEFT\">Per informazioni telefonare al 351.9927115 o scrivere a isoipse@seravella.it<\/h6>\n<p align=\"LEFT\">www.museoetnograficodolomiti.it\u00a0FB: @amicimuseoseravella<\/p>\n<p align=\"LEFT\"><strong><span lang=\"it-IT\">Il Museo Etnografico della provincia di Belluno e del Parco Nazionale Dolomiti Bellunesi<\/span><\/strong><\/p>\n<p align=\"LEFT\"><span lang=\"it-IT\">Il Museo etnografico della provincia di Belluno e del Parco Nazionale Dolomiti Bellunesi ha lo scopo di raccogliere, conservare e valorizzare il patrimonio di oggetti, documenti, immagini, scritture che hanno accompagnato la vita quotidiana della popolazione rurale bellunese dalla fine del secolo XIX ai giorni nostri. Il Museo \u00e8 un luogo di ricerca e di rielaborazione dei dati raccolti; pubblica una collana di studi monografici; si occupa dell\u2019inventariazione e della catalogazione dei beni culturali materiali e immateriali demoetnoantropologici; organizza eventi e attivit\u00e0 finalizzati a valorizzare le collezioni (conferenze, seminari, convegni, attivit\u00e0 didattiche, spettacoli). \u00c8 dotato di una biblioteca specializzata (oltre 7000 volumi) e di un archivio sonoro e fotografico (pi\u00f9 di 20.000 fotografie). Collabora con gli altri musei presenti nel territorio provinciale e con la Regione del Veneto.<\/span><\/p>\n<p align=\"LEFT\"><strong>L&#8217;associazione ISOIPSE \u2013 Impresa Sociale<\/strong><\/p>\n<p align=\"LEFT\">L\u2019associazione bellunese ISOIPSE si propone di contribuire allo sviluppo e alla valorizzazione del territorio montano. Con numerosi progetti, anche molto diversi tra loro, promuove modelli di sviluppo sostenibile e partecipato, fa ricerca attorno a fenomeni sociali e ambientali contemporanei, incentiva l\u2019incontro intergenerazionale e la creazione di reti sul territorio, sviluppa conoscenza e consapevolezza sulla montagna.<\/p>\n<p align=\"LEFT\">L\u2019associazione ISOIPSE opera ormai da anni nel campo dei servizi educativi museali e si occupa di formazione, con l\u2019obiettivo di creare continuit\u00e0 tra il patrimonio dei musei, la comunit\u00e0, le aziende e gli enti locali che compongono il tessuto economico e sociale del territorio.<\/p>","protected":false},"excerpt":{"rendered":"<p>Per apprezzare l\u2019immensa variet\u00e0 di rose, la storia della loro complessa evoluzione e le tante storie che legano intrinsecamente i rosai alle sale del Museo, l\u2019Associazione ISOIPSE \u2013 Impresa Sociale congiuntamente con il Museo Etnografico di Seravella organizzano delle audio-visite guidate al roseto nelle mattine di sabato 6 e domenica 7 giugno, alle ore 11:00. [&hellip;]<\/p>\n","protected":false},"author":2,"featured_media":114497,"comment_status":"closed","ping_status":"open","sticky":false,"template":"","format":"standard","meta":{"footnotes":""},"categories":[27,3,38,25,4],"tags":[],"class_list":["post-114806","post","type-post","status-publish","format-standard","has-post-thumbnail","category-appuntamenti","category-arte-cultura-spettacoli-scienza-archivi","category-natura-ambiente","category-pausa-caffe","category-sport"],"yoast_head":"<!-- This site is optimized with the Yoast SEO plugin v28.4 - https:\/\/yoast.com\/product\/yoast-seo-wordpress\/ -->\n<title>Giardino di rose del Museo etnografico di Cesiomaggiore. Sabato e domenica le audio-visite guidate - Bellunopress - Dolomiti<\/title>\n<meta name=\"robots\" content=\"index, follow, max-snippet:-1, max-image-preview:large, max-video-preview:-1\" \/>\n<link rel=\"canonical\" href=\"https:\/\/www.bellunopress.it\/fr\/2020\/06\/02\/giardino-di-rose-del-museo-etnografico-di-cesiomaggiore-sabato-e-domenica-le-audio-visite-guidate\/\" \/>\n<meta property=\"og:locale\" content=\"fr_FR\" \/>\n<meta property=\"og:type\" content=\"article\" \/>\n<meta property=\"og:title\" content=\"Giardino di rose del Museo etnografico di Cesiomaggiore. Sabato e domenica le audio-visite guidate - Bellunopress - Dolomiti\" \/>\n<meta property=\"og:description\" content=\"Per apprezzare l\u2019immensa variet\u00e0 di rose, la storia della loro complessa evoluzione e le tante storie che legano intrinsecamente i rosai alle sale del Museo, l\u2019Associazione ISOIPSE \u2013 Impresa Sociale congiuntamente con il Museo Etnografico di Seravella organizzano delle audio-visite guidate al roseto nelle mattine di sabato 6 e domenica 7 giugno, alle ore 11:00. [&hellip;]\" \/>\n<meta property=\"og:url\" content=\"https:\/\/www.bellunopress.it\/fr\/2020\/06\/02\/giardino-di-rose-del-museo-etnografico-di-cesiomaggiore-sabato-e-domenica-le-audio-visite-guidate\/\" \/>\n<meta property=\"og:site_name\" content=\"Bellunopress - Dolomiti\" \/>\n<meta property=\"article:publisher\" content=\"https:\/\/www.facebook.com\/profile.php?id=100008943462799\" \/>\n<meta property=\"article:published_time\" content=\"2020-06-02T08:59:17+00:00\" \/>\n<meta property=\"og:image\" content=\"https:\/\/www.bellunopress.it\/wp-content\/uploads\/2020\/05\/museo-seravella-rose_edited.jpg\" \/>\n\t<meta property=\"og:image:width\" content=\"800\" \/>\n\t<meta property=\"og:image:height\" content=\"600\" \/>\n\t<meta property=\"og:image:type\" content=\"image\/jpeg\" \/>\n<meta name=\"author\" content=\"redazione\" \/>\n<meta name=\"twitter:card\" content=\"summary_large_image\" \/>\n<meta name=\"twitter:creator\" content=\"@bellunopress\" \/>\n<meta name=\"twitter:site\" content=\"@bellunopress\" \/>\n<meta name=\"twitter:label1\" content=\"\u00c9crit par\" \/>\n\t<meta name=\"twitter:data1\" content=\"redazione\" \/>\n\t<meta name=\"twitter:label2\" content=\"Dur\u00e9e de lecture estim\u00e9e\" \/>\n\t<meta name=\"twitter:data2\" content=\"4 minutes\" \/>\n<script type=\"application\/ld+json\" class=\"yoast-schema-graph\">{\"@context\":\"https:\\\/\\\/schema.org\",\"@graph\":[{\"@type\":\"Article\",\"@id\":\"https:\\\/\\\/www.bellunopress.it\\\/2020\\\/06\\\/02\\\/giardino-di-rose-del-museo-etnografico-di-cesiomaggiore-sabato-e-domenica-le-audio-visite-guidate\\\/#article\",\"isPartOf\":{\"@id\":\"https:\\\/\\\/www.bellunopress.it\\\/2020\\\/06\\\/02\\\/giardino-di-rose-del-museo-etnografico-di-cesiomaggiore-sabato-e-domenica-le-audio-visite-guidate\\\/\"},\"author\":{\"name\":\"redazione\",\"@id\":\"https:\\\/\\\/www.bellunopress.it\\\/#\\\/schema\\\/person\\\/79bb06722b37ece1c03d3e94beb30d73\"},\"headline\":\"Giardino di rose del Museo etnografico di Cesiomaggiore. Sabato e domenica le audio-visite guidate\",\"datePublished\":\"2020-06-02T08:59:17+00:00\",\"mainEntityOfPage\":{\"@id\":\"https:\\\/\\\/www.bellunopress.it\\\/2020\\\/06\\\/02\\\/giardino-di-rose-del-museo-etnografico-di-cesiomaggiore-sabato-e-domenica-le-audio-visite-guidate\\\/\"},\"wordCount\":843,\"publisher\":{\"@id\":\"https:\\\/\\\/www.bellunopress.it\\\/#organization\"},\"image\":{\"@id\":\"https:\\\/\\\/www.bellunopress.it\\\/2020\\\/06\\\/02\\\/giardino-di-rose-del-museo-etnografico-di-cesiomaggiore-sabato-e-domenica-le-audio-visite-guidate\\\/#primaryimage\"},\"thumbnailUrl\":\"https:\\\/\\\/www.bellunopress.it\\\/wp-content\\\/uploads\\\/2020\\\/05\\\/museo-seravella-rose_edited.jpg\",\"articleSection\":[\"Appuntamenti, Eventi\",\"Arte, Cultura, Spettacoli, Scienza\",\"Meteo, natura, ambiente, animali\",\"Pausa Caff\u00e8\",\"Sport, tempo libero\"],\"inLanguage\":\"fr-FR\"},{\"@type\":\"WebPage\",\"@id\":\"https:\\\/\\\/www.bellunopress.it\\\/2020\\\/06\\\/02\\\/giardino-di-rose-del-museo-etnografico-di-cesiomaggiore-sabato-e-domenica-le-audio-visite-guidate\\\/\",\"url\":\"https:\\\/\\\/www.bellunopress.it\\\/2020\\\/06\\\/02\\\/giardino-di-rose-del-museo-etnografico-di-cesiomaggiore-sabato-e-domenica-le-audio-visite-guidate\\\/\",\"name\":\"Giardino di rose del Museo etnografico di Cesiomaggiore. Sabato e domenica le audio-visite guidate - Bellunopress - Dolomiti\",\"isPartOf\":{\"@id\":\"https:\\\/\\\/www.bellunopress.it\\\/#website\"},\"primaryImageOfPage\":{\"@id\":\"https:\\\/\\\/www.bellunopress.it\\\/2020\\\/06\\\/02\\\/giardino-di-rose-del-museo-etnografico-di-cesiomaggiore-sabato-e-domenica-le-audio-visite-guidate\\\/#primaryimage\"},\"image\":{\"@id\":\"https:\\\/\\\/www.bellunopress.it\\\/2020\\\/06\\\/02\\\/giardino-di-rose-del-museo-etnografico-di-cesiomaggiore-sabato-e-domenica-le-audio-visite-guidate\\\/#primaryimage\"},\"thumbnailUrl\":\"https:\\\/\\\/www.bellunopress.it\\\/wp-content\\\/uploads\\\/2020\\\/05\\\/museo-seravella-rose_edited.jpg\",\"datePublished\":\"2020-06-02T08:59:17+00:00\",\"breadcrumb\":{\"@id\":\"https:\\\/\\\/www.bellunopress.it\\\/2020\\\/06\\\/02\\\/giardino-di-rose-del-museo-etnografico-di-cesiomaggiore-sabato-e-domenica-le-audio-visite-guidate\\\/#breadcrumb\"},\"inLanguage\":\"fr-FR\",\"potentialAction\":[{\"@type\":\"ReadAction\",\"target\":[\"https:\\\/\\\/www.bellunopress.it\\\/2020\\\/06\\\/02\\\/giardino-di-rose-del-museo-etnografico-di-cesiomaggiore-sabato-e-domenica-le-audio-visite-guidate\\\/\"]}]},{\"@type\":\"ImageObject\",\"inLanguage\":\"fr-FR\",\"@id\":\"https:\\\/\\\/www.bellunopress.it\\\/2020\\\/06\\\/02\\\/giardino-di-rose-del-museo-etnografico-di-cesiomaggiore-sabato-e-domenica-le-audio-visite-guidate\\\/#primaryimage\",\"url\":\"https:\\\/\\\/www.bellunopress.it\\\/wp-content\\\/uploads\\\/2020\\\/05\\\/museo-seravella-rose_edited.jpg\",\"contentUrl\":\"https:\\\/\\\/www.bellunopress.it\\\/wp-content\\\/uploads\\\/2020\\\/05\\\/museo-seravella-rose_edited.jpg\",\"width\":800,\"height\":600,\"caption\":\"Museo etnografico di Seravella: roseto (Cesiomaggiore - BL)\"},{\"@type\":\"BreadcrumbList\",\"@id\":\"https:\\\/\\\/www.bellunopress.it\\\/2020\\\/06\\\/02\\\/giardino-di-rose-del-museo-etnografico-di-cesiomaggiore-sabato-e-domenica-le-audio-visite-guidate\\\/#breadcrumb\",\"itemListElement\":[{\"@type\":\"ListItem\",\"position\":1,\"name\":\"Home\",\"item\":\"https:\\\/\\\/www.bellunopress.it\\\/\"},{\"@type\":\"ListItem\",\"position\":2,\"name\":\"Giardino di rose del Museo etnografico di Cesiomaggiore. Sabato e domenica le audio-visite guidate\"}]},{\"@type\":\"WebSite\",\"@id\":\"https:\\\/\\\/www.bellunopress.it\\\/#website\",\"url\":\"https:\\\/\\\/www.bellunopress.it\\\/\",\"name\":\"Bellunopress - Dolomiti\",\"description\":\"e-mail: redazione@bellunopress.it\",\"publisher\":{\"@id\":\"https:\\\/\\\/www.bellunopress.it\\\/#organization\"},\"potentialAction\":[{\"@type\":\"SearchAction\",\"target\":{\"@type\":\"EntryPoint\",\"urlTemplate\":\"https:\\\/\\\/www.bellunopress.it\\\/?s={search_term_string}\"},\"query-input\":{\"@type\":\"PropertyValueSpecification\",\"valueRequired\":true,\"valueName\":\"search_term_string\"}}],\"inLanguage\":\"fr-FR\"},{\"@type\":\"Organization\",\"@id\":\"https:\\\/\\\/www.bellunopress.it\\\/#organization\",\"name\":\"Bellunopress\",\"url\":\"https:\\\/\\\/www.bellunopress.it\\\/\",\"logo\":{\"@type\":\"ImageObject\",\"inLanguage\":\"fr-FR\",\"@id\":\"https:\\\/\\\/www.bellunopress.it\\\/#\\\/schema\\\/logo\\\/image\\\/\",\"url\":\"https:\\\/\\\/www.bellunopress.it\\\/wp-content\\\/uploads\\\/2011\\\/05\\\/cropped-logo-bellunopress-.jpg\",\"contentUrl\":\"https:\\\/\\\/www.bellunopress.it\\\/wp-content\\\/uploads\\\/2011\\\/05\\\/cropped-logo-bellunopress-.jpg\",\"width\":512,\"height\":512,\"caption\":\"Bellunopress\"},\"image\":{\"@id\":\"https:\\\/\\\/www.bellunopress.it\\\/#\\\/schema\\\/logo\\\/image\\\/\"},\"sameAs\":[\"https:\\\/\\\/www.facebook.com\\\/profile.php?id=100008943462799\",\"https:\\\/\\\/x.com\\\/bellunopress\",\"https:\\\/\\\/www.linkedin.com\\\/hp\\\/?dnr=JBzUWaJfMUw8vbXJJ2tVW5-I3jZKvC4wsoxE&amp;amp;amp;amp;amp;amp;trk=nav_responsive_tab_home\",\"https:\\\/\\\/www.youtube.com\\\/channel\\\/UCxL0wu1uN0_3_7hGG0306cw\"]},{\"@type\":\"Person\",\"@id\":\"https:\\\/\\\/www.bellunopress.it\\\/#\\\/schema\\\/person\\\/79bb06722b37ece1c03d3e94beb30d73\",\"name\":\"redazione\",\"image\":{\"@type\":\"ImageObject\",\"inLanguage\":\"fr-FR\",\"@id\":\"https:\\\/\\\/secure.gravatar.com\\\/avatar\\\/37d968a2e67a6fd04c169c4bdef102d0bc5d31b2546345219e348575eb80e9a0?s=96&d=mm&r=g\",\"url\":\"https:\\\/\\\/secure.gravatar.com\\\/avatar\\\/37d968a2e67a6fd04c169c4bdef102d0bc5d31b2546345219e348575eb80e9a0?s=96&d=mm&r=g\",\"contentUrl\":\"https:\\\/\\\/secure.gravatar.com\\\/avatar\\\/37d968a2e67a6fd04c169c4bdef102d0bc5d31b2546345219e348575eb80e9a0?s=96&d=mm&r=g\",\"caption\":\"redazione\"},\"sameAs\":[\"http:\\\/\\\/www.bellunopress.it\",\"https:\\\/\\\/x.com\\\/bellunopress\"],\"url\":\"https:\\\/\\\/www.bellunopress.it\\\/fr\\\/author\\\/redazione\\\/\"}]}<\/script>\n<!-- \/ Yoast SEO plugin. -->","yoast_head_json":{"title":"Giardino di rose del Museo etnografico di Cesiomaggiore. Sabato e domenica le audio-visite guidate - Bellunopress - Dolomiti","robots":{"index":"index","follow":"follow","max-snippet":"max-snippet:-1","max-image-preview":"max-image-preview:large","max-video-preview":"max-video-preview:-1"},"canonical":"https:\/\/www.bellunopress.it\/fr\/2020\/06\/02\/giardino-di-rose-del-museo-etnografico-di-cesiomaggiore-sabato-e-domenica-le-audio-visite-guidate\/","og_locale":"fr_FR","og_type":"article","og_title":"Giardino di rose del Museo etnografico di Cesiomaggiore. Sabato e domenica le audio-visite guidate - Bellunopress - Dolomiti","og_description":"Per apprezzare l\u2019immensa variet\u00e0 di rose, la storia della loro complessa evoluzione e le tante storie che legano intrinsecamente i rosai alle sale del Museo, l\u2019Associazione ISOIPSE \u2013 Impresa Sociale congiuntamente con il Museo Etnografico di Seravella organizzano delle audio-visite guidate al roseto nelle mattine di sabato 6 e domenica 7 giugno, alle ore 11:00. [&hellip;]","og_url":"https:\/\/www.bellunopress.it\/fr\/2020\/06\/02\/giardino-di-rose-del-museo-etnografico-di-cesiomaggiore-sabato-e-domenica-le-audio-visite-guidate\/","og_site_name":"Bellunopress - Dolomiti","article_publisher":"https:\/\/www.facebook.com\/profile.php?id=100008943462799","article_published_time":"2020-06-02T08:59:17+00:00","og_image":[{"width":800,"height":600,"url":"https:\/\/www.bellunopress.it\/wp-content\/uploads\/2020\/05\/museo-seravella-rose_edited.jpg","type":"image\/jpeg"}],"author":"redazione","twitter_card":"summary_large_image","twitter_creator":"@bellunopress","twitter_site":"@bellunopress","twitter_misc":{"\u00c9crit par":"redazione","Dur\u00e9e de lecture estim\u00e9e":"4 minutes"},"schema":{"@context":"https:\/\/schema.org","@graph":[{"@type":"Article","@id":"https:\/\/www.bellunopress.it\/2020\/06\/02\/giardino-di-rose-del-museo-etnografico-di-cesiomaggiore-sabato-e-domenica-le-audio-visite-guidate\/#article","isPartOf":{"@id":"https:\/\/www.bellunopress.it\/2020\/06\/02\/giardino-di-rose-del-museo-etnografico-di-cesiomaggiore-sabato-e-domenica-le-audio-visite-guidate\/"},"author":{"name":"redazione","@id":"https:\/\/www.bellunopress.it\/#\/schema\/person\/79bb06722b37ece1c03d3e94beb30d73"},"headline":"Giardino di rose del Museo etnografico di Cesiomaggiore. Sabato e domenica le audio-visite guidate","datePublished":"2020-06-02T08:59:17+00:00","mainEntityOfPage":{"@id":"https:\/\/www.bellunopress.it\/2020\/06\/02\/giardino-di-rose-del-museo-etnografico-di-cesiomaggiore-sabato-e-domenica-le-audio-visite-guidate\/"},"wordCount":843,"publisher":{"@id":"https:\/\/www.bellunopress.it\/#organization"},"image":{"@id":"https:\/\/www.bellunopress.it\/2020\/06\/02\/giardino-di-rose-del-museo-etnografico-di-cesiomaggiore-sabato-e-domenica-le-audio-visite-guidate\/#primaryimage"},"thumbnailUrl":"https:\/\/www.bellunopress.it\/wp-content\/uploads\/2020\/05\/museo-seravella-rose_edited.jpg","articleSection":["Appuntamenti, Eventi","Arte, Cultura, Spettacoli, Scienza","Meteo, natura, ambiente, animali","Pausa Caff\u00e8","Sport, tempo libero"],"inLanguage":"fr-FR"},{"@type":"WebPage","@id":"https:\/\/www.bellunopress.it\/2020\/06\/02\/giardino-di-rose-del-museo-etnografico-di-cesiomaggiore-sabato-e-domenica-le-audio-visite-guidate\/","url":"https:\/\/www.bellunopress.it\/2020\/06\/02\/giardino-di-rose-del-museo-etnografico-di-cesiomaggiore-sabato-e-domenica-le-audio-visite-guidate\/","name":"Giardino di rose del Museo etnografico di Cesiomaggiore. Sabato e domenica le audio-visite guidate - Bellunopress - Dolomiti","isPartOf":{"@id":"https:\/\/www.bellunopress.it\/#website"},"primaryImageOfPage":{"@id":"https:\/\/www.bellunopress.it\/2020\/06\/02\/giardino-di-rose-del-museo-etnografico-di-cesiomaggiore-sabato-e-domenica-le-audio-visite-guidate\/#primaryimage"},"image":{"@id":"https:\/\/www.bellunopress.it\/2020\/06\/02\/giardino-di-rose-del-museo-etnografico-di-cesiomaggiore-sabato-e-domenica-le-audio-visite-guidate\/#primaryimage"},"thumbnailUrl":"https:\/\/www.bellunopress.it\/wp-content\/uploads\/2020\/05\/museo-seravella-rose_edited.jpg","datePublished":"2020-06-02T08:59:17+00:00","breadcrumb":{"@id":"https:\/\/www.bellunopress.it\/2020\/06\/02\/giardino-di-rose-del-museo-etnografico-di-cesiomaggiore-sabato-e-domenica-le-audio-visite-guidate\/#breadcrumb"},"inLanguage":"fr-FR","potentialAction":[{"@type":"ReadAction","target":["https:\/\/www.bellunopress.it\/2020\/06\/02\/giardino-di-rose-del-museo-etnografico-di-cesiomaggiore-sabato-e-domenica-le-audio-visite-guidate\/"]}]},{"@type":"ImageObject","inLanguage":"fr-FR","@id":"https:\/\/www.bellunopress.it\/2020\/06\/02\/giardino-di-rose-del-museo-etnografico-di-cesiomaggiore-sabato-e-domenica-le-audio-visite-guidate\/#primaryimage","url":"https:\/\/www.bellunopress.it\/wp-content\/uploads\/2020\/05\/museo-seravella-rose_edited.jpg","contentUrl":"https:\/\/www.bellunopress.it\/wp-content\/uploads\/2020\/05\/museo-seravella-rose_edited.jpg","width":800,"height":600,"caption":"Museo etnografico di Seravella: roseto (Cesiomaggiore - BL)"},{"@type":"BreadcrumbList","@id":"https:\/\/www.bellunopress.it\/2020\/06\/02\/giardino-di-rose-del-museo-etnografico-di-cesiomaggiore-sabato-e-domenica-le-audio-visite-guidate\/#breadcrumb","itemListElement":[{"@type":"ListItem","position":1,"name":"Home","item":"https:\/\/www.bellunopress.it\/"},{"@type":"ListItem","position":2,"name":"Giardino di rose del Museo etnografico di Cesiomaggiore. Sabato e domenica le audio-visite guidate"}]},{"@type":"WebSite","@id":"https:\/\/www.bellunopress.it\/#website","url":"https:\/\/www.bellunopress.it\/","name":"Bellunopress - Dolomiti","description":"e-mail: redazione@bellunopress.it","publisher":{"@id":"https:\/\/www.bellunopress.it\/#organization"},"potentialAction":[{"@type":"SearchAction","target":{"@type":"EntryPoint","urlTemplate":"https:\/\/www.bellunopress.it\/?s={search_term_string}"},"query-input":{"@type":"PropertyValueSpecification","valueRequired":true,"valueName":"search_term_string"}}],"inLanguage":"fr-FR"},{"@type":"Organization","@id":"https:\/\/www.bellunopress.it\/#organization","name":"Bellunopress","url":"https:\/\/www.bellunopress.it\/","logo":{"@type":"ImageObject","inLanguage":"fr-FR","@id":"https:\/\/www.bellunopress.it\/#\/schema\/logo\/image\/","url":"https:\/\/www.bellunopress.it\/wp-content\/uploads\/2011\/05\/cropped-logo-bellunopress-.jpg","contentUrl":"https:\/\/www.bellunopress.it\/wp-content\/uploads\/2011\/05\/cropped-logo-bellunopress-.jpg","width":512,"height":512,"caption":"Bellunopress"},"image":{"@id":"https:\/\/www.bellunopress.it\/#\/schema\/logo\/image\/"},"sameAs":["https:\/\/www.facebook.com\/profile.php?id=100008943462799","https:\/\/x.com\/bellunopress","https:\/\/www.linkedin.com\/hp\/?dnr=JBzUWaJfMUw8vbXJJ2tVW5-I3jZKvC4wsoxE&amp;amp;amp;amp;amp;amp;trk=nav_responsive_tab_home","https:\/\/www.youtube.com\/channel\/UCxL0wu1uN0_3_7hGG0306cw"]},{"@type":"Person","@id":"https:\/\/www.bellunopress.it\/#\/schema\/person\/79bb06722b37ece1c03d3e94beb30d73","name":"r\u00e9daction","image":{"@type":"ImageObject","inLanguage":"fr-FR","@id":"https:\/\/secure.gravatar.com\/avatar\/37d968a2e67a6fd04c169c4bdef102d0bc5d31b2546345219e348575eb80e9a0?s=96&d=mm&r=g","url":"https:\/\/secure.gravatar.com\/avatar\/37d968a2e67a6fd04c169c4bdef102d0bc5d31b2546345219e348575eb80e9a0?s=96&d=mm&r=g","contentUrl":"https:\/\/secure.gravatar.com\/avatar\/37d968a2e67a6fd04c169c4bdef102d0bc5d31b2546345219e348575eb80e9a0?s=96&d=mm&r=g","caption":"redazione"},"sameAs":["http:\/\/www.bellunopress.it","https:\/\/x.com\/bellunopress"],"url":"https:\/\/www.bellunopress.it\/fr\/author\/redazione\/"}]}},"_links":{"self":[{"href":"https:\/\/www.bellunopress.it\/fr\/wp-json\/wp\/v2\/posts\/114806","targetHints":{"allow":["GET"]}}],"collection":[{"href":"https:\/\/www.bellunopress.it\/fr\/wp-json\/wp\/v2\/posts"}],"about":[{"href":"https:\/\/www.bellunopress.it\/fr\/wp-json\/wp\/v2\/types\/post"}],"author":[{"embeddable":true,"href":"https:\/\/www.bellunopress.it\/fr\/wp-json\/wp\/v2\/users\/2"}],"replies":[{"embeddable":true,"href":"https:\/\/www.bellunopress.it\/fr\/wp-json\/wp\/v2\/comments?post=114806"}],"version-history":[{"count":1,"href":"https:\/\/www.bellunopress.it\/fr\/wp-json\/wp\/v2\/posts\/114806\/revisions"}],"predecessor-version":[{"id":114807,"href":"https:\/\/www.bellunopress.it\/fr\/wp-json\/wp\/v2\/posts\/114806\/revisions\/114807"}],"wp:featuredmedia":[{"embeddable":true,"href":"https:\/\/www.bellunopress.it\/fr\/wp-json\/wp\/v2\/media\/114497"}],"wp:attachment":[{"href":"https:\/\/www.bellunopress.it\/fr\/wp-json\/wp\/v2\/media?parent=114806"}],"wp:term":[{"taxonomy":"category","embeddable":true,"href":"https:\/\/www.bellunopress.it\/fr\/wp-json\/wp\/v2\/categories?post=114806"},{"taxonomy":"post_tag","embeddable":true,"href":"https:\/\/www.bellunopress.it\/fr\/wp-json\/wp\/v2\/tags?post=114806"}],"curies":[{"name":"wp","href":"https:\/\/api.w.org\/{rel}","templated":true}]}}