{"id":114572,"date":"2020-05-21T11:56:47","date_gmt":"2020-05-21T09:56:47","guid":{"rendered":"http:\/\/www.bellunopress.it\/?p=114572"},"modified":"2020-05-21T22:18:32","modified_gmt":"2020-05-21T20:18:32","slug":"lettere-dalla-mitteleuropa-il-nuovo-lavoro-poetico-di-claudio-michelazzi","status":"publish","type":"post","link":"https:\/\/www.bellunopress.it\/fr\/2020\/05\/21\/lettere-dalla-mitteleuropa-il-nuovo-lavoro-poetico-di-claudio-michelazzi\/","title":{"rendered":"Lettere dalla Mitteleuropa. Il nuovo lavoro poetico di Claudio Michelazzi"},"content":{"rendered":"<p><a href=\"http:\/\/www.bellunopress.it\/fr\/2020\/05\/21\/lettere-dalla-mitteleuropa-il-nuovo-lavoro-poetico-di-claudio-michelazzi\/lettere-dalla-mitteleuropa\/\" rel=\"attachment wp-att-114573\"><img loading=\"lazy\" decoding=\"async\" class=\"alignleft size-full wp-image-114573\" src=\"http:\/\/www.bellunopress.it\/wp-content\/uploads\/2020\/05\/Lettere-dalla-Mitteleuropa.jpg\" alt=\"\" width=\"549\" height=\"779\" srcset=\"https:\/\/www.bellunopress.it\/wp-content\/uploads\/2020\/05\/Lettere-dalla-Mitteleuropa.jpg 549w, https:\/\/www.bellunopress.it\/wp-content\/uploads\/2020\/05\/Lettere-dalla-Mitteleuropa-352x500.jpg 352w, https:\/\/www.bellunopress.it\/wp-content\/uploads\/2020\/05\/Lettere-dalla-Mitteleuropa-296x420.jpg 296w\" sizes=\"auto, (max-width: 549px) 100vw, 549px\" \/><\/a>La Mitteleuropa di Claudio Michelazzi \u00e8 uno spazio sospeso tra la fisicit\u00e0 di un luogo, nella Ladinia dolomitica dove l&#8217;autore \u00e8 nato, e gli archetipi culturali che hanno segnato e segnano la sua attivit\u00e0 intellettuale e professionale.<br \/>\nClaudio Michelazzi \u00e8 operatore culturale ad ampio raggio d&#8217;azione, dall&#8217;educazione scolastica a contatto con gli adolescenti, alla professione di psicologo clinico di orientamento junghiano, alla creativit\u00e0 teatrale sia come attore che come regista, al &#8220;divertissement&#8221; letterario tra prosa e poesia. Dopo alcuni testi pubblicati nel primo decennio del Duemila, egli ha riaccostato la sorgente della poesia in questi ultimi anni, assaporandone la freschezza e la chiarit\u00e0, e proponendone la sapidit\u00e0 ai lettori con alcune pubblicazioni sia in ladino che in italiano.<br \/>\nLe poesie di questa raccolta di Lettere dalla Mitteleuropa sono di una liricit\u00e0 coinvolgente; i versi scorrono brevi come riflessi sull&#8217;acqua di un ruscello; le immagini affascinano perch\u00e9 narrano emozioni degli occhi e del cuore.<br \/>\n&#8220;Pratico poesia&#8221; dice Claudio in uno dei suoi brani &#8220;con la speranza segreta di cogliere il Mistero del Mistero che ci \u00e8 dato, immerso nell&#8217;Eurasia degli autunni, dove chiuder\u00f2 i miei giorni.&#8221;<br \/>\nEd \u00e8 questa poesia &#8220;praticata&#8221;per se stesso e per chi ha la possibilit\u00e0 di leggerla e intuirne la valenza, che fa di Claudio Michelazzi un autore comunicativo e stimolante.<br \/>\nLe poesie di questo libro sono divise in due parti: le lettere inviate ad un immaginario interlocutore sono come messaggi dal tempo intrecciato nei ricordi e nella profondit\u00e0 delle rivisitazioni di un vissuto personale e collettivo.<br \/>\nIn questi spazi della fantasia poetica tutto il mondo mitico della Mitteleuropa, \u00e8<br \/>\ndistante ma dentro al magma dell&#8217;inconscio collettivo. E se un luogo pu\u00f2 identificare, come centro del mito. In questi spazi della fantasia poetica tutto il mondo mitico della Mitteleuropa, \u00e8 distante ma dentro al magma dell&#8217;inconscio collettivo. E se un luogo pu\u00f2 identificare, come centro di un grande cerchio dell&#8217;anima, la dimora del poeta esso \u00e8 Costalta.<\/p>\n<p>&#8211; Ai confini, alla frontiera.<br \/>\nMigliaia gli anni appesi<br \/>\nad una Costa Alta,<br \/>\npendio di una montagna incantata.<br \/>\nSiete quasi un Walt Whitman,<br \/>\nin tono minore.<br \/>\nPoeta di un&#8217;epopea<br \/>\nda vecchio, selvaggio,<br \/>\nNord del Nord Est.<br \/>\nGramarz\u00f6i ch \u00f6d dit c\u00f6st-mo! &#8211;<\/p>\n<p>Tutto in questa raccolta di poesie \u00e8 epicit\u00e0 che emoziona e coinvolge. Un percorso artistico maturo e foriero di ulteriori sviluppi.<br \/>\nLucio Eicher Clere<\/p>\n<p>&nbsp;<\/p>\n<p><strong>Claudio Michelazzi <\/strong><\/p>\n<p>\u00e8 nato e vive a Costalta di Comelico, paese ladino sulle Dolomiti. Ha frequentato il Conservatorio di musica e Accademia di teatro, laureandosi, poi, in Psicologia Clinica. \u00c8 psicologo clinico di orientamento junghiano. Questa \u00e8 la seconda silloge che pubblica con 96, Rue de-La-Fontaine Edizioni.<\/p>","protected":false},"excerpt":{"rendered":"<p>La Mitteleuropa di Claudio Michelazzi \u00e8 uno spazio sospeso tra la fisicit\u00e0 di un luogo, nella Ladinia dolomitica dove l&#8217;autore \u00e8 nato, e gli archetipi culturali che hanno segnato e segnano la sua attivit\u00e0 intellettuale e professionale. Claudio Michelazzi \u00e8 operatore culturale ad ampio raggio d&#8217;azione, dall&#8217;educazione scolastica a contatto con gli adolescenti, alla professione [&hellip;]<\/p>\n","protected":false},"author":2,"featured_media":114573,"comment_status":"closed","ping_status":"open","sticky":false,"template":"","format":"standard","meta":{"footnotes":""},"categories":[3],"tags":[],"class_list":["post-114572","post","type-post","status-publish","format-standard","has-post-thumbnail","category-arte-cultura-spettacoli-scienza-archivi"],"yoast_head":"<!-- This site is optimized with the Yoast SEO plugin v28.4 - https:\/\/yoast.com\/product\/yoast-seo-wordpress\/ -->\n<title>Lettere dalla Mitteleuropa. Il nuovo lavoro poetico di Claudio Michelazzi - Bellunopress - Dolomiti<\/title>\n<meta name=\"robots\" content=\"index, follow, max-snippet:-1, max-image-preview:large, max-video-preview:-1\" \/>\n<link rel=\"canonical\" href=\"https:\/\/www.bellunopress.it\/fr\/2020\/05\/21\/lettere-dalla-mitteleuropa-il-nuovo-lavoro-poetico-di-claudio-michelazzi\/\" \/>\n<meta property=\"og:locale\" content=\"fr_FR\" \/>\n<meta property=\"og:type\" content=\"article\" \/>\n<meta property=\"og:title\" content=\"Lettere dalla Mitteleuropa. Il nuovo lavoro poetico di Claudio Michelazzi - Bellunopress - Dolomiti\" \/>\n<meta property=\"og:description\" content=\"La Mitteleuropa di Claudio Michelazzi \u00e8 uno spazio sospeso tra la fisicit\u00e0 di un luogo, nella Ladinia dolomitica dove l&#8217;autore \u00e8 nato, e gli archetipi culturali che hanno segnato e segnano la sua attivit\u00e0 intellettuale e professionale. Claudio Michelazzi \u00e8 operatore culturale ad ampio raggio d&#8217;azione, dall&#8217;educazione scolastica a contatto con gli adolescenti, alla professione [&hellip;]\" \/>\n<meta property=\"og:url\" content=\"https:\/\/www.bellunopress.it\/fr\/2020\/05\/21\/lettere-dalla-mitteleuropa-il-nuovo-lavoro-poetico-di-claudio-michelazzi\/\" \/>\n<meta property=\"og:site_name\" content=\"Bellunopress - Dolomiti\" \/>\n<meta property=\"article:publisher\" content=\"https:\/\/www.facebook.com\/profile.php?id=100008943462799\" \/>\n<meta property=\"article:published_time\" content=\"2020-05-21T09:56:47+00:00\" \/>\n<meta property=\"article:modified_time\" content=\"2020-05-21T20:18:32+00:00\" \/>\n<meta property=\"og:image\" content=\"https:\/\/www.bellunopress.it\/wp-content\/uploads\/2020\/05\/Lettere-dalla-Mitteleuropa.jpg\" \/>\n\t<meta property=\"og:image:width\" content=\"549\" \/>\n\t<meta property=\"og:image:height\" content=\"779\" \/>\n\t<meta property=\"og:image:type\" content=\"image\/jpeg\" \/>\n<meta name=\"author\" content=\"redazione\" \/>\n<meta name=\"twitter:card\" content=\"summary_large_image\" \/>\n<meta name=\"twitter:creator\" content=\"@bellunopress\" \/>\n<meta name=\"twitter:site\" content=\"@bellunopress\" \/>\n<meta name=\"twitter:label1\" content=\"\u00c9crit par\" \/>\n\t<meta name=\"twitter:data1\" content=\"redazione\" \/>\n\t<meta name=\"twitter:label2\" content=\"Dur\u00e9e de lecture estim\u00e9e\" \/>\n\t<meta name=\"twitter:data2\" content=\"2 minutes\" \/>\n<script type=\"application\/ld+json\" class=\"yoast-schema-graph\">{\"@context\":\"https:\\\/\\\/schema.org\",\"@graph\":[{\"@type\":\"Article\",\"@id\":\"https:\\\/\\\/www.bellunopress.it\\\/2020\\\/05\\\/21\\\/lettere-dalla-mitteleuropa-il-nuovo-lavoro-poetico-di-claudio-michelazzi\\\/#article\",\"isPartOf\":{\"@id\":\"https:\\\/\\\/www.bellunopress.it\\\/2020\\\/05\\\/21\\\/lettere-dalla-mitteleuropa-il-nuovo-lavoro-poetico-di-claudio-michelazzi\\\/\"},\"author\":{\"name\":\"redazione\",\"@id\":\"https:\\\/\\\/www.bellunopress.it\\\/#\\\/schema\\\/person\\\/79bb06722b37ece1c03d3e94beb30d73\"},\"headline\":\"Lettere dalla Mitteleuropa. Il nuovo lavoro poetico di Claudio Michelazzi\",\"datePublished\":\"2020-05-21T09:56:47+00:00\",\"dateModified\":\"2020-05-21T20:18:32+00:00\",\"mainEntityOfPage\":{\"@id\":\"https:\\\/\\\/www.bellunopress.it\\\/2020\\\/05\\\/21\\\/lettere-dalla-mitteleuropa-il-nuovo-lavoro-poetico-di-claudio-michelazzi\\\/\"},\"wordCount\":443,\"publisher\":{\"@id\":\"https:\\\/\\\/www.bellunopress.it\\\/#organization\"},\"image\":{\"@id\":\"https:\\\/\\\/www.bellunopress.it\\\/2020\\\/05\\\/21\\\/lettere-dalla-mitteleuropa-il-nuovo-lavoro-poetico-di-claudio-michelazzi\\\/#primaryimage\"},\"thumbnailUrl\":\"https:\\\/\\\/www.bellunopress.it\\\/wp-content\\\/uploads\\\/2020\\\/05\\\/Lettere-dalla-Mitteleuropa.jpg\",\"articleSection\":[\"Arte, Cultura, Spettacoli, Scienza\"],\"inLanguage\":\"fr-FR\"},{\"@type\":\"WebPage\",\"@id\":\"https:\\\/\\\/www.bellunopress.it\\\/2020\\\/05\\\/21\\\/lettere-dalla-mitteleuropa-il-nuovo-lavoro-poetico-di-claudio-michelazzi\\\/\",\"url\":\"https:\\\/\\\/www.bellunopress.it\\\/2020\\\/05\\\/21\\\/lettere-dalla-mitteleuropa-il-nuovo-lavoro-poetico-di-claudio-michelazzi\\\/\",\"name\":\"Lettere dalla Mitteleuropa. Il nuovo lavoro poetico di Claudio Michelazzi - Bellunopress - Dolomiti\",\"isPartOf\":{\"@id\":\"https:\\\/\\\/www.bellunopress.it\\\/#website\"},\"primaryImageOfPage\":{\"@id\":\"https:\\\/\\\/www.bellunopress.it\\\/2020\\\/05\\\/21\\\/lettere-dalla-mitteleuropa-il-nuovo-lavoro-poetico-di-claudio-michelazzi\\\/#primaryimage\"},\"image\":{\"@id\":\"https:\\\/\\\/www.bellunopress.it\\\/2020\\\/05\\\/21\\\/lettere-dalla-mitteleuropa-il-nuovo-lavoro-poetico-di-claudio-michelazzi\\\/#primaryimage\"},\"thumbnailUrl\":\"https:\\\/\\\/www.bellunopress.it\\\/wp-content\\\/uploads\\\/2020\\\/05\\\/Lettere-dalla-Mitteleuropa.jpg\",\"datePublished\":\"2020-05-21T09:56:47+00:00\",\"dateModified\":\"2020-05-21T20:18:32+00:00\",\"breadcrumb\":{\"@id\":\"https:\\\/\\\/www.bellunopress.it\\\/2020\\\/05\\\/21\\\/lettere-dalla-mitteleuropa-il-nuovo-lavoro-poetico-di-claudio-michelazzi\\\/#breadcrumb\"},\"inLanguage\":\"fr-FR\",\"potentialAction\":[{\"@type\":\"ReadAction\",\"target\":[\"https:\\\/\\\/www.bellunopress.it\\\/2020\\\/05\\\/21\\\/lettere-dalla-mitteleuropa-il-nuovo-lavoro-poetico-di-claudio-michelazzi\\\/\"]}]},{\"@type\":\"ImageObject\",\"inLanguage\":\"fr-FR\",\"@id\":\"https:\\\/\\\/www.bellunopress.it\\\/2020\\\/05\\\/21\\\/lettere-dalla-mitteleuropa-il-nuovo-lavoro-poetico-di-claudio-michelazzi\\\/#primaryimage\",\"url\":\"https:\\\/\\\/www.bellunopress.it\\\/wp-content\\\/uploads\\\/2020\\\/05\\\/Lettere-dalla-Mitteleuropa.jpg\",\"contentUrl\":\"https:\\\/\\\/www.bellunopress.it\\\/wp-content\\\/uploads\\\/2020\\\/05\\\/Lettere-dalla-Mitteleuropa.jpg\",\"width\":549,\"height\":779},{\"@type\":\"BreadcrumbList\",\"@id\":\"https:\\\/\\\/www.bellunopress.it\\\/2020\\\/05\\\/21\\\/lettere-dalla-mitteleuropa-il-nuovo-lavoro-poetico-di-claudio-michelazzi\\\/#breadcrumb\",\"itemListElement\":[{\"@type\":\"ListItem\",\"position\":1,\"name\":\"Home\",\"item\":\"https:\\\/\\\/www.bellunopress.it\\\/\"},{\"@type\":\"ListItem\",\"position\":2,\"name\":\"Lettere dalla Mitteleuropa. Il nuovo lavoro poetico di Claudio Michelazzi\"}]},{\"@type\":\"WebSite\",\"@id\":\"https:\\\/\\\/www.bellunopress.it\\\/#website\",\"url\":\"https:\\\/\\\/www.bellunopress.it\\\/\",\"name\":\"Bellunopress - Dolomiti\",\"description\":\"e-mail: redazione@bellunopress.it\",\"publisher\":{\"@id\":\"https:\\\/\\\/www.bellunopress.it\\\/#organization\"},\"potentialAction\":[{\"@type\":\"SearchAction\",\"target\":{\"@type\":\"EntryPoint\",\"urlTemplate\":\"https:\\\/\\\/www.bellunopress.it\\\/?s={search_term_string}\"},\"query-input\":{\"@type\":\"PropertyValueSpecification\",\"valueRequired\":true,\"valueName\":\"search_term_string\"}}],\"inLanguage\":\"fr-FR\"},{\"@type\":\"Organization\",\"@id\":\"https:\\\/\\\/www.bellunopress.it\\\/#organization\",\"name\":\"Bellunopress\",\"url\":\"https:\\\/\\\/www.bellunopress.it\\\/\",\"logo\":{\"@type\":\"ImageObject\",\"inLanguage\":\"fr-FR\",\"@id\":\"https:\\\/\\\/www.bellunopress.it\\\/#\\\/schema\\\/logo\\\/image\\\/\",\"url\":\"https:\\\/\\\/www.bellunopress.it\\\/wp-content\\\/uploads\\\/2011\\\/05\\\/cropped-logo-bellunopress-.jpg\",\"contentUrl\":\"https:\\\/\\\/www.bellunopress.it\\\/wp-content\\\/uploads\\\/2011\\\/05\\\/cropped-logo-bellunopress-.jpg\",\"width\":512,\"height\":512,\"caption\":\"Bellunopress\"},\"image\":{\"@id\":\"https:\\\/\\\/www.bellunopress.it\\\/#\\\/schema\\\/logo\\\/image\\\/\"},\"sameAs\":[\"https:\\\/\\\/www.facebook.com\\\/profile.php?id=100008943462799\",\"https:\\\/\\\/x.com\\\/bellunopress\",\"https:\\\/\\\/www.linkedin.com\\\/hp\\\/?dnr=JBzUWaJfMUw8vbXJJ2tVW5-I3jZKvC4wsoxE&amp;amp;amp;amp;amp;amp;trk=nav_responsive_tab_home\",\"https:\\\/\\\/www.youtube.com\\\/channel\\\/UCxL0wu1uN0_3_7hGG0306cw\"]},{\"@type\":\"Person\",\"@id\":\"https:\\\/\\\/www.bellunopress.it\\\/#\\\/schema\\\/person\\\/79bb06722b37ece1c03d3e94beb30d73\",\"name\":\"redazione\",\"image\":{\"@type\":\"ImageObject\",\"inLanguage\":\"fr-FR\",\"@id\":\"https:\\\/\\\/secure.gravatar.com\\\/avatar\\\/37d968a2e67a6fd04c169c4bdef102d0bc5d31b2546345219e348575eb80e9a0?s=96&d=mm&r=g\",\"url\":\"https:\\\/\\\/secure.gravatar.com\\\/avatar\\\/37d968a2e67a6fd04c169c4bdef102d0bc5d31b2546345219e348575eb80e9a0?s=96&d=mm&r=g\",\"contentUrl\":\"https:\\\/\\\/secure.gravatar.com\\\/avatar\\\/37d968a2e67a6fd04c169c4bdef102d0bc5d31b2546345219e348575eb80e9a0?s=96&d=mm&r=g\",\"caption\":\"redazione\"},\"sameAs\":[\"http:\\\/\\\/www.bellunopress.it\",\"https:\\\/\\\/x.com\\\/bellunopress\"],\"url\":\"https:\\\/\\\/www.bellunopress.it\\\/fr\\\/author\\\/redazione\\\/\"}]}<\/script>\n<!-- \/ Yoast SEO plugin. -->","yoast_head_json":{"title":"Lettere dalla Mitteleuropa. Il nuovo lavoro poetico di Claudio Michelazzi - Bellunopress - Dolomiti","robots":{"index":"index","follow":"follow","max-snippet":"max-snippet:-1","max-image-preview":"max-image-preview:large","max-video-preview":"max-video-preview:-1"},"canonical":"https:\/\/www.bellunopress.it\/fr\/2020\/05\/21\/lettere-dalla-mitteleuropa-il-nuovo-lavoro-poetico-di-claudio-michelazzi\/","og_locale":"fr_FR","og_type":"article","og_title":"Lettere dalla Mitteleuropa. Il nuovo lavoro poetico di Claudio Michelazzi - Bellunopress - Dolomiti","og_description":"La Mitteleuropa di Claudio Michelazzi \u00e8 uno spazio sospeso tra la fisicit\u00e0 di un luogo, nella Ladinia dolomitica dove l&#8217;autore \u00e8 nato, e gli archetipi culturali che hanno segnato e segnano la sua attivit\u00e0 intellettuale e professionale. Claudio Michelazzi \u00e8 operatore culturale ad ampio raggio d&#8217;azione, dall&#8217;educazione scolastica a contatto con gli adolescenti, alla professione [&hellip;]","og_url":"https:\/\/www.bellunopress.it\/fr\/2020\/05\/21\/lettere-dalla-mitteleuropa-il-nuovo-lavoro-poetico-di-claudio-michelazzi\/","og_site_name":"Bellunopress - Dolomiti","article_publisher":"https:\/\/www.facebook.com\/profile.php?id=100008943462799","article_published_time":"2020-05-21T09:56:47+00:00","article_modified_time":"2020-05-21T20:18:32+00:00","og_image":[{"width":549,"height":779,"url":"https:\/\/www.bellunopress.it\/wp-content\/uploads\/2020\/05\/Lettere-dalla-Mitteleuropa.jpg","type":"image\/jpeg"}],"author":"redazione","twitter_card":"summary_large_image","twitter_creator":"@bellunopress","twitter_site":"@bellunopress","twitter_misc":{"\u00c9crit par":"redazione","Dur\u00e9e de lecture estim\u00e9e":"2 minutes"},"schema":{"@context":"https:\/\/schema.org","@graph":[{"@type":"Article","@id":"https:\/\/www.bellunopress.it\/2020\/05\/21\/lettere-dalla-mitteleuropa-il-nuovo-lavoro-poetico-di-claudio-michelazzi\/#article","isPartOf":{"@id":"https:\/\/www.bellunopress.it\/2020\/05\/21\/lettere-dalla-mitteleuropa-il-nuovo-lavoro-poetico-di-claudio-michelazzi\/"},"author":{"name":"redazione","@id":"https:\/\/www.bellunopress.it\/#\/schema\/person\/79bb06722b37ece1c03d3e94beb30d73"},"headline":"Lettere dalla Mitteleuropa. Il nuovo lavoro poetico di Claudio Michelazzi","datePublished":"2020-05-21T09:56:47+00:00","dateModified":"2020-05-21T20:18:32+00:00","mainEntityOfPage":{"@id":"https:\/\/www.bellunopress.it\/2020\/05\/21\/lettere-dalla-mitteleuropa-il-nuovo-lavoro-poetico-di-claudio-michelazzi\/"},"wordCount":443,"publisher":{"@id":"https:\/\/www.bellunopress.it\/#organization"},"image":{"@id":"https:\/\/www.bellunopress.it\/2020\/05\/21\/lettere-dalla-mitteleuropa-il-nuovo-lavoro-poetico-di-claudio-michelazzi\/#primaryimage"},"thumbnailUrl":"https:\/\/www.bellunopress.it\/wp-content\/uploads\/2020\/05\/Lettere-dalla-Mitteleuropa.jpg","articleSection":["Arte, Cultura, Spettacoli, Scienza"],"inLanguage":"fr-FR"},{"@type":"WebPage","@id":"https:\/\/www.bellunopress.it\/2020\/05\/21\/lettere-dalla-mitteleuropa-il-nuovo-lavoro-poetico-di-claudio-michelazzi\/","url":"https:\/\/www.bellunopress.it\/2020\/05\/21\/lettere-dalla-mitteleuropa-il-nuovo-lavoro-poetico-di-claudio-michelazzi\/","name":"Lettere dalla Mitteleuropa. Il nuovo lavoro poetico di Claudio Michelazzi - Bellunopress - Dolomiti","isPartOf":{"@id":"https:\/\/www.bellunopress.it\/#website"},"primaryImageOfPage":{"@id":"https:\/\/www.bellunopress.it\/2020\/05\/21\/lettere-dalla-mitteleuropa-il-nuovo-lavoro-poetico-di-claudio-michelazzi\/#primaryimage"},"image":{"@id":"https:\/\/www.bellunopress.it\/2020\/05\/21\/lettere-dalla-mitteleuropa-il-nuovo-lavoro-poetico-di-claudio-michelazzi\/#primaryimage"},"thumbnailUrl":"https:\/\/www.bellunopress.it\/wp-content\/uploads\/2020\/05\/Lettere-dalla-Mitteleuropa.jpg","datePublished":"2020-05-21T09:56:47+00:00","dateModified":"2020-05-21T20:18:32+00:00","breadcrumb":{"@id":"https:\/\/www.bellunopress.it\/2020\/05\/21\/lettere-dalla-mitteleuropa-il-nuovo-lavoro-poetico-di-claudio-michelazzi\/#breadcrumb"},"inLanguage":"fr-FR","potentialAction":[{"@type":"ReadAction","target":["https:\/\/www.bellunopress.it\/2020\/05\/21\/lettere-dalla-mitteleuropa-il-nuovo-lavoro-poetico-di-claudio-michelazzi\/"]}]},{"@type":"ImageObject","inLanguage":"fr-FR","@id":"https:\/\/www.bellunopress.it\/2020\/05\/21\/lettere-dalla-mitteleuropa-il-nuovo-lavoro-poetico-di-claudio-michelazzi\/#primaryimage","url":"https:\/\/www.bellunopress.it\/wp-content\/uploads\/2020\/05\/Lettere-dalla-Mitteleuropa.jpg","contentUrl":"https:\/\/www.bellunopress.it\/wp-content\/uploads\/2020\/05\/Lettere-dalla-Mitteleuropa.jpg","width":549,"height":779},{"@type":"BreadcrumbList","@id":"https:\/\/www.bellunopress.it\/2020\/05\/21\/lettere-dalla-mitteleuropa-il-nuovo-lavoro-poetico-di-claudio-michelazzi\/#breadcrumb","itemListElement":[{"@type":"ListItem","position":1,"name":"Home","item":"https:\/\/www.bellunopress.it\/"},{"@type":"ListItem","position":2,"name":"Lettere dalla Mitteleuropa. Il nuovo lavoro poetico di Claudio Michelazzi"}]},{"@type":"WebSite","@id":"https:\/\/www.bellunopress.it\/#website","url":"https:\/\/www.bellunopress.it\/","name":"Bellunopress - Dolomiti","description":"e-mail: redazione@bellunopress.it","publisher":{"@id":"https:\/\/www.bellunopress.it\/#organization"},"potentialAction":[{"@type":"SearchAction","target":{"@type":"EntryPoint","urlTemplate":"https:\/\/www.bellunopress.it\/?s={search_term_string}"},"query-input":{"@type":"PropertyValueSpecification","valueRequired":true,"valueName":"search_term_string"}}],"inLanguage":"fr-FR"},{"@type":"Organization","@id":"https:\/\/www.bellunopress.it\/#organization","name":"Bellunopress","url":"https:\/\/www.bellunopress.it\/","logo":{"@type":"ImageObject","inLanguage":"fr-FR","@id":"https:\/\/www.bellunopress.it\/#\/schema\/logo\/image\/","url":"https:\/\/www.bellunopress.it\/wp-content\/uploads\/2011\/05\/cropped-logo-bellunopress-.jpg","contentUrl":"https:\/\/www.bellunopress.it\/wp-content\/uploads\/2011\/05\/cropped-logo-bellunopress-.jpg","width":512,"height":512,"caption":"Bellunopress"},"image":{"@id":"https:\/\/www.bellunopress.it\/#\/schema\/logo\/image\/"},"sameAs":["https:\/\/www.facebook.com\/profile.php?id=100008943462799","https:\/\/x.com\/bellunopress","https:\/\/www.linkedin.com\/hp\/?dnr=JBzUWaJfMUw8vbXJJ2tVW5-I3jZKvC4wsoxE&amp;amp;amp;amp;amp;amp;trk=nav_responsive_tab_home","https:\/\/www.youtube.com\/channel\/UCxL0wu1uN0_3_7hGG0306cw"]},{"@type":"Person","@id":"https:\/\/www.bellunopress.it\/#\/schema\/person\/79bb06722b37ece1c03d3e94beb30d73","name":"r\u00e9daction","image":{"@type":"ImageObject","inLanguage":"fr-FR","@id":"https:\/\/secure.gravatar.com\/avatar\/37d968a2e67a6fd04c169c4bdef102d0bc5d31b2546345219e348575eb80e9a0?s=96&d=mm&r=g","url":"https:\/\/secure.gravatar.com\/avatar\/37d968a2e67a6fd04c169c4bdef102d0bc5d31b2546345219e348575eb80e9a0?s=96&d=mm&r=g","contentUrl":"https:\/\/secure.gravatar.com\/avatar\/37d968a2e67a6fd04c169c4bdef102d0bc5d31b2546345219e348575eb80e9a0?s=96&d=mm&r=g","caption":"redazione"},"sameAs":["http:\/\/www.bellunopress.it","https:\/\/x.com\/bellunopress"],"url":"https:\/\/www.bellunopress.it\/fr\/author\/redazione\/"}]}},"_links":{"self":[{"href":"https:\/\/www.bellunopress.it\/fr\/wp-json\/wp\/v2\/posts\/114572","targetHints":{"allow":["GET"]}}],"collection":[{"href":"https:\/\/www.bellunopress.it\/fr\/wp-json\/wp\/v2\/posts"}],"about":[{"href":"https:\/\/www.bellunopress.it\/fr\/wp-json\/wp\/v2\/types\/post"}],"author":[{"embeddable":true,"href":"https:\/\/www.bellunopress.it\/fr\/wp-json\/wp\/v2\/users\/2"}],"replies":[{"embeddable":true,"href":"https:\/\/www.bellunopress.it\/fr\/wp-json\/wp\/v2\/comments?post=114572"}],"version-history":[{"count":2,"href":"https:\/\/www.bellunopress.it\/fr\/wp-json\/wp\/v2\/posts\/114572\/revisions"}],"predecessor-version":[{"id":114575,"href":"https:\/\/www.bellunopress.it\/fr\/wp-json\/wp\/v2\/posts\/114572\/revisions\/114575"}],"wp:featuredmedia":[{"embeddable":true,"href":"https:\/\/www.bellunopress.it\/fr\/wp-json\/wp\/v2\/media\/114573"}],"wp:attachment":[{"href":"https:\/\/www.bellunopress.it\/fr\/wp-json\/wp\/v2\/media?parent=114572"}],"wp:term":[{"taxonomy":"category","embeddable":true,"href":"https:\/\/www.bellunopress.it\/fr\/wp-json\/wp\/v2\/categories?post=114572"},{"taxonomy":"post_tag","embeddable":true,"href":"https:\/\/www.bellunopress.it\/fr\/wp-json\/wp\/v2\/tags?post=114572"}],"curies":[{"name":"wp","href":"https:\/\/api.w.org\/{rel}","templated":true}]}}