{"id":114546,"date":"2020-05-21T13:07:25","date_gmt":"2020-05-21T11:07:25","guid":{"rendered":"http:\/\/www.bellunopress.it\/?p=114546"},"modified":"2020-05-21T13:07:25","modified_gmt":"2020-05-21T11:07:25","slug":"il-grande-bluff-del-nevegal-gidoni-risponde-a-piol-su-facebook","status":"publish","type":"post","link":"https:\/\/www.bellunopress.it\/fr\/2020\/05\/21\/il-grande-bluff-del-nevegal-gidoni-risponde-a-piol-su-facebook\/","title":{"rendered":"Il grande bluff del Nevegal. Gidoni risponde a Piol su Facebook"},"content":{"rendered":"<figure id=\"attachment_87029\" aria-describedby=\"caption-attachment-87029\" style=\"width: 163px\" class=\"wp-caption alignleft\"><a href=\"http:\/\/www.bellunopress.it\/fr\/2017\/06\/15\/gidoni-smentisce-gamba-fantasioso-affermare-che-la-regione-chiudera-il-reparto-di-neurochirurgia-di-belluno\/gidoni\/\" rel=\"attachment wp-att-87029\"><img loading=\"lazy\" decoding=\"async\" class=\"size-full wp-image-87029\" src=\"http:\/\/www.bellunopress.it\/wp-content\/uploads\/2017\/06\/gidoni.jpg\" alt=\"\" width=\"163\" height=\"200\" \/><\/a><figcaption id=\"caption-attachment-87029\" class=\"wp-caption-text\">Franco Gidoni, consigliere regionale Lega<\/figcaption><\/figure>\n<figure id=\"attachment_1078\" aria-describedby=\"caption-attachment-1078\" style=\"width: 181px\" class=\"wp-caption alignleft\"><a href=\"http:\/\/www.bellunopress.it\/fr\/2009\/02\/27\/orari-dei-treni-piol-scrive-a-trenitalia-e-chisso\/quinto-piol\/\" rel=\"attachment wp-att-1078\"><img loading=\"lazy\" decoding=\"async\" class=\"size-full wp-image-1078\" src=\"http:\/\/www.bellunopress.it\/wp-content\/uploads\/2009\/02\/quinto-piol.jpg\" alt=\"\" width=\"181\" height=\"244\" \/><\/a><figcaption id=\"caption-attachment-1078\" class=\"wp-caption-text\">Quinto Piol, ex assessore provinciale Pd\u00a0<\/figcaption><\/figure>\n<p>Franco Gidoni, consigliere regionale del gruppo Lega, ha annunciato ieri alla stampa l\u2019Ordine del giorno da lui presentato relativo al sostegno del comprensorio sciistico del Nevegal. \u201cCon il mio Odg \u2013 ha detto Gidoni &#8211; il Comune di Belluno avr\u00e0 al suo fianco la Regione che sosterr\u00e0 l\u2019amministrazione negli interventi destinati alla manutenzione degli impianti di risalita, al loro ammodernamento e a quello dell\u2019impianto di innevamento invernale. In questo modo permetteremo agli albergatori, e agli operatori turistici di poter recuperare quanto perso fino ad ora con la prossima stagione invernale. Speriamo, a questo punto, che anche il Comune di Belluno faccia la propria parte per rientrare in possesso degli impianti e garantire cos\u00ec un futuro pi\u00f9 luminoso all\u2019Alpe del Nevegal\u201d.<\/p>\n<p>Delle lusinghiere dichiarazioni sul rilancio del Colle bellunese che hanno suscitato subito l\u2019attenzione dell\u2019ex assessore provinciale del Pd Quinto Piol che gli chiede: \u201cPositivo, un ordine del giorno per\u00f2 \u00e8 solo la manifestazione di una volont\u00e0 politica. Ma il disegno di legge regionale a che punto \u00e8? Dove si trova? Dove \u00e8 fermo\u201d?<\/p>\n<p>Gidoni risponde: \u201cLicenziato in Seconda commissione, ora tornato in Prima per il parere sulla copertura finanziaria. Piuttosto, i 500mila euro del Comune\u201d?<\/p>\n<p>Piol rilancia sul disegno di legge regionale: \u201cCi sono i tempi per l\u2019approvazione prima della chiusura della legislatura\u201d?<\/p>\n<p>Gidoni: \u201cChe fretta c\u2019\u00e8? Aspettiamo che Massaro individui l\u2019esperto, che questo effettui l\u2019analisi, che venga esaminata dagli uffici, sottoposta al vaglio della commissione comunale competente previa una riunione di maggioranza con un serrato dibattito, poi una bella discussione in consiglio comunale e saremo arrivati a novembre e della stagione sciistica del Nevegal ne parleremo nel 2021\u201d.<\/p>\n<p>Non c\u2019\u00e8 fretta dunque, in Regione. Come dire \u2018va avanti tu che a me vien da ridere\u2019 il Nevegal insomma pu\u00f2 attendere\u2026<\/p>","protected":false},"excerpt":{"rendered":"<p>Franco Gidoni, consigliere regionale del gruppo Lega, ha annunciato ieri alla stampa l\u2019Ordine del giorno da lui presentato relativo al sostegno del comprensorio sciistico del Nevegal. \u201cCon il mio Odg \u2013 ha detto Gidoni &#8211; il Comune di Belluno avr\u00e0 al suo fianco la Regione che sosterr\u00e0 l\u2019amministrazione negli interventi destinati alla manutenzione degli impianti [&hellip;]<\/p>\n","protected":false},"author":2,"featured_media":44441,"comment_status":"closed","ping_status":"open","sticky":false,"template":"","format":"standard","meta":{"footnotes":""},"categories":[5,26],"tags":[],"class_list":["post-114546","post","type-post","status-publish","format-standard","has-post-thumbnail","category-cronaca","category-prima-pagina"],"yoast_head":"<!-- This site is optimized with the Yoast SEO plugin v28.4 - https:\/\/yoast.com\/product\/yoast-seo-wordpress\/ -->\n<title>Il grande bluff del Nevegal. Gidoni risponde a Piol su Facebook - Bellunopress - Dolomiti<\/title>\n<meta name=\"robots\" content=\"index, follow, max-snippet:-1, max-image-preview:large, max-video-preview:-1\" \/>\n<link rel=\"canonical\" href=\"https:\/\/www.bellunopress.it\/fr\/2020\/05\/21\/il-grande-bluff-del-nevegal-gidoni-risponde-a-piol-su-facebook\/\" \/>\n<meta property=\"og:locale\" content=\"fr_FR\" \/>\n<meta property=\"og:type\" content=\"article\" \/>\n<meta property=\"og:title\" content=\"Il grande bluff del Nevegal. Gidoni risponde a Piol su Facebook - Bellunopress - Dolomiti\" \/>\n<meta property=\"og:description\" content=\"Franco Gidoni, consigliere regionale del gruppo Lega, ha annunciato ieri alla stampa l\u2019Ordine del giorno da lui presentato relativo al sostegno del comprensorio sciistico del Nevegal. \u201cCon il mio Odg \u2013 ha detto Gidoni &#8211; il Comune di Belluno avr\u00e0 al suo fianco la Regione che sosterr\u00e0 l\u2019amministrazione negli interventi destinati alla manutenzione degli impianti [&hellip;]\" \/>\n<meta property=\"og:url\" content=\"https:\/\/www.bellunopress.it\/fr\/2020\/05\/21\/il-grande-bluff-del-nevegal-gidoni-risponde-a-piol-su-facebook\/\" \/>\n<meta property=\"og:site_name\" content=\"Bellunopress - Dolomiti\" \/>\n<meta property=\"article:publisher\" content=\"https:\/\/www.facebook.com\/profile.php?id=100008943462799\" \/>\n<meta property=\"article:published_time\" content=\"2020-05-21T11:07:25+00:00\" \/>\n<meta property=\"og:image\" content=\"https:\/\/www.bellunopress.it\/wp-content\/uploads\/2012\/12\/cannoni-nevegal.jpeg\" \/>\n\t<meta property=\"og:image:width\" content=\"272\" \/>\n\t<meta property=\"og:image:height\" content=\"169\" \/>\n\t<meta property=\"og:image:type\" content=\"image\/jpeg\" \/>\n<meta name=\"author\" content=\"redazione\" \/>\n<meta name=\"twitter:card\" content=\"summary_large_image\" \/>\n<meta name=\"twitter:creator\" content=\"@bellunopress\" \/>\n<meta name=\"twitter:site\" content=\"@bellunopress\" \/>\n<meta name=\"twitter:label1\" content=\"\u00c9crit par\" \/>\n\t<meta name=\"twitter:data1\" content=\"redazione\" \/>\n\t<meta name=\"twitter:label2\" content=\"Dur\u00e9e de lecture estim\u00e9e\" \/>\n\t<meta name=\"twitter:data2\" content=\"2 minutes\" \/>\n<script type=\"application\/ld+json\" class=\"yoast-schema-graph\">{\"@context\":\"https:\\\/\\\/schema.org\",\"@graph\":[{\"@type\":\"Article\",\"@id\":\"https:\\\/\\\/www.bellunopress.it\\\/2020\\\/05\\\/21\\\/il-grande-bluff-del-nevegal-gidoni-risponde-a-piol-su-facebook\\\/#article\",\"isPartOf\":{\"@id\":\"https:\\\/\\\/www.bellunopress.it\\\/2020\\\/05\\\/21\\\/il-grande-bluff-del-nevegal-gidoni-risponde-a-piol-su-facebook\\\/\"},\"author\":{\"name\":\"redazione\",\"@id\":\"https:\\\/\\\/www.bellunopress.it\\\/#\\\/schema\\\/person\\\/79bb06722b37ece1c03d3e94beb30d73\"},\"headline\":\"Il grande bluff del Nevegal. Gidoni risponde a Piol su Facebook\",\"datePublished\":\"2020-05-21T11:07:25+00:00\",\"mainEntityOfPage\":{\"@id\":\"https:\\\/\\\/www.bellunopress.it\\\/2020\\\/05\\\/21\\\/il-grande-bluff-del-nevegal-gidoni-risponde-a-piol-su-facebook\\\/\"},\"wordCount\":331,\"publisher\":{\"@id\":\"https:\\\/\\\/www.bellunopress.it\\\/#organization\"},\"image\":{\"@id\":\"https:\\\/\\\/www.bellunopress.it\\\/2020\\\/05\\\/21\\\/il-grande-bluff-del-nevegal-gidoni-risponde-a-piol-su-facebook\\\/#primaryimage\"},\"thumbnailUrl\":\"https:\\\/\\\/www.bellunopress.it\\\/wp-content\\\/uploads\\\/2012\\\/12\\\/cannoni-nevegal.jpeg\",\"articleSection\":[\"Cronaca\\\/Politica\",\"Prima Pagina\"],\"inLanguage\":\"fr-FR\"},{\"@type\":\"WebPage\",\"@id\":\"https:\\\/\\\/www.bellunopress.it\\\/2020\\\/05\\\/21\\\/il-grande-bluff-del-nevegal-gidoni-risponde-a-piol-su-facebook\\\/\",\"url\":\"https:\\\/\\\/www.bellunopress.it\\\/2020\\\/05\\\/21\\\/il-grande-bluff-del-nevegal-gidoni-risponde-a-piol-su-facebook\\\/\",\"name\":\"Il grande bluff del Nevegal. Gidoni risponde a Piol su Facebook - Bellunopress - Dolomiti\",\"isPartOf\":{\"@id\":\"https:\\\/\\\/www.bellunopress.it\\\/#website\"},\"primaryImageOfPage\":{\"@id\":\"https:\\\/\\\/www.bellunopress.it\\\/2020\\\/05\\\/21\\\/il-grande-bluff-del-nevegal-gidoni-risponde-a-piol-su-facebook\\\/#primaryimage\"},\"image\":{\"@id\":\"https:\\\/\\\/www.bellunopress.it\\\/2020\\\/05\\\/21\\\/il-grande-bluff-del-nevegal-gidoni-risponde-a-piol-su-facebook\\\/#primaryimage\"},\"thumbnailUrl\":\"https:\\\/\\\/www.bellunopress.it\\\/wp-content\\\/uploads\\\/2012\\\/12\\\/cannoni-nevegal.jpeg\",\"datePublished\":\"2020-05-21T11:07:25+00:00\",\"breadcrumb\":{\"@id\":\"https:\\\/\\\/www.bellunopress.it\\\/2020\\\/05\\\/21\\\/il-grande-bluff-del-nevegal-gidoni-risponde-a-piol-su-facebook\\\/#breadcrumb\"},\"inLanguage\":\"fr-FR\",\"potentialAction\":[{\"@type\":\"ReadAction\",\"target\":[\"https:\\\/\\\/www.bellunopress.it\\\/2020\\\/05\\\/21\\\/il-grande-bluff-del-nevegal-gidoni-risponde-a-piol-su-facebook\\\/\"]}]},{\"@type\":\"ImageObject\",\"inLanguage\":\"fr-FR\",\"@id\":\"https:\\\/\\\/www.bellunopress.it\\\/2020\\\/05\\\/21\\\/il-grande-bluff-del-nevegal-gidoni-risponde-a-piol-su-facebook\\\/#primaryimage\",\"url\":\"https:\\\/\\\/www.bellunopress.it\\\/wp-content\\\/uploads\\\/2012\\\/12\\\/cannoni-nevegal.jpeg\",\"contentUrl\":\"https:\\\/\\\/www.bellunopress.it\\\/wp-content\\\/uploads\\\/2012\\\/12\\\/cannoni-nevegal.jpeg\",\"width\":\"272\",\"height\":\"169\"},{\"@type\":\"BreadcrumbList\",\"@id\":\"https:\\\/\\\/www.bellunopress.it\\\/2020\\\/05\\\/21\\\/il-grande-bluff-del-nevegal-gidoni-risponde-a-piol-su-facebook\\\/#breadcrumb\",\"itemListElement\":[{\"@type\":\"ListItem\",\"position\":1,\"name\":\"Home\",\"item\":\"https:\\\/\\\/www.bellunopress.it\\\/\"},{\"@type\":\"ListItem\",\"position\":2,\"name\":\"Il grande bluff del Nevegal. Gidoni risponde a Piol su Facebook\"}]},{\"@type\":\"WebSite\",\"@id\":\"https:\\\/\\\/www.bellunopress.it\\\/#website\",\"url\":\"https:\\\/\\\/www.bellunopress.it\\\/\",\"name\":\"Bellunopress - Dolomiti\",\"description\":\"e-mail: redazione@bellunopress.it\",\"publisher\":{\"@id\":\"https:\\\/\\\/www.bellunopress.it\\\/#organization\"},\"potentialAction\":[{\"@type\":\"SearchAction\",\"target\":{\"@type\":\"EntryPoint\",\"urlTemplate\":\"https:\\\/\\\/www.bellunopress.it\\\/?s={search_term_string}\"},\"query-input\":{\"@type\":\"PropertyValueSpecification\",\"valueRequired\":true,\"valueName\":\"search_term_string\"}}],\"inLanguage\":\"fr-FR\"},{\"@type\":\"Organization\",\"@id\":\"https:\\\/\\\/www.bellunopress.it\\\/#organization\",\"name\":\"Bellunopress\",\"url\":\"https:\\\/\\\/www.bellunopress.it\\\/\",\"logo\":{\"@type\":\"ImageObject\",\"inLanguage\":\"fr-FR\",\"@id\":\"https:\\\/\\\/www.bellunopress.it\\\/#\\\/schema\\\/logo\\\/image\\\/\",\"url\":\"https:\\\/\\\/www.bellunopress.it\\\/wp-content\\\/uploads\\\/2011\\\/05\\\/cropped-logo-bellunopress-.jpg\",\"contentUrl\":\"https:\\\/\\\/www.bellunopress.it\\\/wp-content\\\/uploads\\\/2011\\\/05\\\/cropped-logo-bellunopress-.jpg\",\"width\":512,\"height\":512,\"caption\":\"Bellunopress\"},\"image\":{\"@id\":\"https:\\\/\\\/www.bellunopress.it\\\/#\\\/schema\\\/logo\\\/image\\\/\"},\"sameAs\":[\"https:\\\/\\\/www.facebook.com\\\/profile.php?id=100008943462799\",\"https:\\\/\\\/x.com\\\/bellunopress\",\"https:\\\/\\\/www.linkedin.com\\\/hp\\\/?dnr=JBzUWaJfMUw8vbXJJ2tVW5-I3jZKvC4wsoxE&amp;amp;amp;amp;amp;amp;trk=nav_responsive_tab_home\",\"https:\\\/\\\/www.youtube.com\\\/channel\\\/UCxL0wu1uN0_3_7hGG0306cw\"]},{\"@type\":\"Person\",\"@id\":\"https:\\\/\\\/www.bellunopress.it\\\/#\\\/schema\\\/person\\\/79bb06722b37ece1c03d3e94beb30d73\",\"name\":\"redazione\",\"image\":{\"@type\":\"ImageObject\",\"inLanguage\":\"fr-FR\",\"@id\":\"https:\\\/\\\/secure.gravatar.com\\\/avatar\\\/37d968a2e67a6fd04c169c4bdef102d0bc5d31b2546345219e348575eb80e9a0?s=96&d=mm&r=g\",\"url\":\"https:\\\/\\\/secure.gravatar.com\\\/avatar\\\/37d968a2e67a6fd04c169c4bdef102d0bc5d31b2546345219e348575eb80e9a0?s=96&d=mm&r=g\",\"contentUrl\":\"https:\\\/\\\/secure.gravatar.com\\\/avatar\\\/37d968a2e67a6fd04c169c4bdef102d0bc5d31b2546345219e348575eb80e9a0?s=96&d=mm&r=g\",\"caption\":\"redazione\"},\"sameAs\":[\"http:\\\/\\\/www.bellunopress.it\",\"https:\\\/\\\/x.com\\\/bellunopress\"],\"url\":\"https:\\\/\\\/www.bellunopress.it\\\/fr\\\/author\\\/redazione\\\/\"}]}<\/script>\n<!-- \/ Yoast SEO plugin. -->","yoast_head_json":{"title":"Il grande bluff del Nevegal. Gidoni risponde a Piol su Facebook - Bellunopress - Dolomiti","robots":{"index":"index","follow":"follow","max-snippet":"max-snippet:-1","max-image-preview":"max-image-preview:large","max-video-preview":"max-video-preview:-1"},"canonical":"https:\/\/www.bellunopress.it\/fr\/2020\/05\/21\/il-grande-bluff-del-nevegal-gidoni-risponde-a-piol-su-facebook\/","og_locale":"fr_FR","og_type":"article","og_title":"Il grande bluff del Nevegal. Gidoni risponde a Piol su Facebook - Bellunopress - Dolomiti","og_description":"Franco Gidoni, consigliere regionale del gruppo Lega, ha annunciato ieri alla stampa l\u2019Ordine del giorno da lui presentato relativo al sostegno del comprensorio sciistico del Nevegal. \u201cCon il mio Odg \u2013 ha detto Gidoni &#8211; il Comune di Belluno avr\u00e0 al suo fianco la Regione che sosterr\u00e0 l\u2019amministrazione negli interventi destinati alla manutenzione degli impianti [&hellip;]","og_url":"https:\/\/www.bellunopress.it\/fr\/2020\/05\/21\/il-grande-bluff-del-nevegal-gidoni-risponde-a-piol-su-facebook\/","og_site_name":"Bellunopress - Dolomiti","article_publisher":"https:\/\/www.facebook.com\/profile.php?id=100008943462799","article_published_time":"2020-05-21T11:07:25+00:00","og_image":[{"width":272,"height":169,"url":"https:\/\/www.bellunopress.it\/wp-content\/uploads\/2012\/12\/cannoni-nevegal.jpeg","type":"image\/jpeg"}],"author":"redazione","twitter_card":"summary_large_image","twitter_creator":"@bellunopress","twitter_site":"@bellunopress","twitter_misc":{"\u00c9crit par":"redazione","Dur\u00e9e de lecture estim\u00e9e":"2 minutes"},"schema":{"@context":"https:\/\/schema.org","@graph":[{"@type":"Article","@id":"https:\/\/www.bellunopress.it\/2020\/05\/21\/il-grande-bluff-del-nevegal-gidoni-risponde-a-piol-su-facebook\/#article","isPartOf":{"@id":"https:\/\/www.bellunopress.it\/2020\/05\/21\/il-grande-bluff-del-nevegal-gidoni-risponde-a-piol-su-facebook\/"},"author":{"name":"redazione","@id":"https:\/\/www.bellunopress.it\/#\/schema\/person\/79bb06722b37ece1c03d3e94beb30d73"},"headline":"Il grande bluff del Nevegal. Gidoni risponde a Piol su Facebook","datePublished":"2020-05-21T11:07:25+00:00","mainEntityOfPage":{"@id":"https:\/\/www.bellunopress.it\/2020\/05\/21\/il-grande-bluff-del-nevegal-gidoni-risponde-a-piol-su-facebook\/"},"wordCount":331,"publisher":{"@id":"https:\/\/www.bellunopress.it\/#organization"},"image":{"@id":"https:\/\/www.bellunopress.it\/2020\/05\/21\/il-grande-bluff-del-nevegal-gidoni-risponde-a-piol-su-facebook\/#primaryimage"},"thumbnailUrl":"https:\/\/www.bellunopress.it\/wp-content\/uploads\/2012\/12\/cannoni-nevegal.jpeg","articleSection":["Cronaca\/Politica","Prima Pagina"],"inLanguage":"fr-FR"},{"@type":"WebPage","@id":"https:\/\/www.bellunopress.it\/2020\/05\/21\/il-grande-bluff-del-nevegal-gidoni-risponde-a-piol-su-facebook\/","url":"https:\/\/www.bellunopress.it\/2020\/05\/21\/il-grande-bluff-del-nevegal-gidoni-risponde-a-piol-su-facebook\/","name":"Il grande bluff del Nevegal. Gidoni risponde a Piol su Facebook - Bellunopress - Dolomiti","isPartOf":{"@id":"https:\/\/www.bellunopress.it\/#website"},"primaryImageOfPage":{"@id":"https:\/\/www.bellunopress.it\/2020\/05\/21\/il-grande-bluff-del-nevegal-gidoni-risponde-a-piol-su-facebook\/#primaryimage"},"image":{"@id":"https:\/\/www.bellunopress.it\/2020\/05\/21\/il-grande-bluff-del-nevegal-gidoni-risponde-a-piol-su-facebook\/#primaryimage"},"thumbnailUrl":"https:\/\/www.bellunopress.it\/wp-content\/uploads\/2012\/12\/cannoni-nevegal.jpeg","datePublished":"2020-05-21T11:07:25+00:00","breadcrumb":{"@id":"https:\/\/www.bellunopress.it\/2020\/05\/21\/il-grande-bluff-del-nevegal-gidoni-risponde-a-piol-su-facebook\/#breadcrumb"},"inLanguage":"fr-FR","potentialAction":[{"@type":"ReadAction","target":["https:\/\/www.bellunopress.it\/2020\/05\/21\/il-grande-bluff-del-nevegal-gidoni-risponde-a-piol-su-facebook\/"]}]},{"@type":"ImageObject","inLanguage":"fr-FR","@id":"https:\/\/www.bellunopress.it\/2020\/05\/21\/il-grande-bluff-del-nevegal-gidoni-risponde-a-piol-su-facebook\/#primaryimage","url":"https:\/\/www.bellunopress.it\/wp-content\/uploads\/2012\/12\/cannoni-nevegal.jpeg","contentUrl":"https:\/\/www.bellunopress.it\/wp-content\/uploads\/2012\/12\/cannoni-nevegal.jpeg","width":"272","height":"169"},{"@type":"BreadcrumbList","@id":"https:\/\/www.bellunopress.it\/2020\/05\/21\/il-grande-bluff-del-nevegal-gidoni-risponde-a-piol-su-facebook\/#breadcrumb","itemListElement":[{"@type":"ListItem","position":1,"name":"Home","item":"https:\/\/www.bellunopress.it\/"},{"@type":"ListItem","position":2,"name":"Il grande bluff del Nevegal. Gidoni risponde a Piol su Facebook"}]},{"@type":"WebSite","@id":"https:\/\/www.bellunopress.it\/#website","url":"https:\/\/www.bellunopress.it\/","name":"Bellunopress - Dolomiti","description":"e-mail: redazione@bellunopress.it","publisher":{"@id":"https:\/\/www.bellunopress.it\/#organization"},"potentialAction":[{"@type":"SearchAction","target":{"@type":"EntryPoint","urlTemplate":"https:\/\/www.bellunopress.it\/?s={search_term_string}"},"query-input":{"@type":"PropertyValueSpecification","valueRequired":true,"valueName":"search_term_string"}}],"inLanguage":"fr-FR"},{"@type":"Organization","@id":"https:\/\/www.bellunopress.it\/#organization","name":"Bellunopress","url":"https:\/\/www.bellunopress.it\/","logo":{"@type":"ImageObject","inLanguage":"fr-FR","@id":"https:\/\/www.bellunopress.it\/#\/schema\/logo\/image\/","url":"https:\/\/www.bellunopress.it\/wp-content\/uploads\/2011\/05\/cropped-logo-bellunopress-.jpg","contentUrl":"https:\/\/www.bellunopress.it\/wp-content\/uploads\/2011\/05\/cropped-logo-bellunopress-.jpg","width":512,"height":512,"caption":"Bellunopress"},"image":{"@id":"https:\/\/www.bellunopress.it\/#\/schema\/logo\/image\/"},"sameAs":["https:\/\/www.facebook.com\/profile.php?id=100008943462799","https:\/\/x.com\/bellunopress","https:\/\/www.linkedin.com\/hp\/?dnr=JBzUWaJfMUw8vbXJJ2tVW5-I3jZKvC4wsoxE&amp;amp;amp;amp;amp;amp;trk=nav_responsive_tab_home","https:\/\/www.youtube.com\/channel\/UCxL0wu1uN0_3_7hGG0306cw"]},{"@type":"Person","@id":"https:\/\/www.bellunopress.it\/#\/schema\/person\/79bb06722b37ece1c03d3e94beb30d73","name":"r\u00e9daction","image":{"@type":"ImageObject","inLanguage":"fr-FR","@id":"https:\/\/secure.gravatar.com\/avatar\/37d968a2e67a6fd04c169c4bdef102d0bc5d31b2546345219e348575eb80e9a0?s=96&d=mm&r=g","url":"https:\/\/secure.gravatar.com\/avatar\/37d968a2e67a6fd04c169c4bdef102d0bc5d31b2546345219e348575eb80e9a0?s=96&d=mm&r=g","contentUrl":"https:\/\/secure.gravatar.com\/avatar\/37d968a2e67a6fd04c169c4bdef102d0bc5d31b2546345219e348575eb80e9a0?s=96&d=mm&r=g","caption":"redazione"},"sameAs":["http:\/\/www.bellunopress.it","https:\/\/x.com\/bellunopress"],"url":"https:\/\/www.bellunopress.it\/fr\/author\/redazione\/"}]}},"_links":{"self":[{"href":"https:\/\/www.bellunopress.it\/fr\/wp-json\/wp\/v2\/posts\/114546","targetHints":{"allow":["GET"]}}],"collection":[{"href":"https:\/\/www.bellunopress.it\/fr\/wp-json\/wp\/v2\/posts"}],"about":[{"href":"https:\/\/www.bellunopress.it\/fr\/wp-json\/wp\/v2\/types\/post"}],"author":[{"embeddable":true,"href":"https:\/\/www.bellunopress.it\/fr\/wp-json\/wp\/v2\/users\/2"}],"replies":[{"embeddable":true,"href":"https:\/\/www.bellunopress.it\/fr\/wp-json\/wp\/v2\/comments?post=114546"}],"version-history":[{"count":1,"href":"https:\/\/www.bellunopress.it\/fr\/wp-json\/wp\/v2\/posts\/114546\/revisions"}],"predecessor-version":[{"id":114547,"href":"https:\/\/www.bellunopress.it\/fr\/wp-json\/wp\/v2\/posts\/114546\/revisions\/114547"}],"wp:featuredmedia":[{"embeddable":true,"href":"https:\/\/www.bellunopress.it\/fr\/wp-json\/wp\/v2\/media\/44441"}],"wp:attachment":[{"href":"https:\/\/www.bellunopress.it\/fr\/wp-json\/wp\/v2\/media?parent=114546"}],"wp:term":[{"taxonomy":"category","embeddable":true,"href":"https:\/\/www.bellunopress.it\/fr\/wp-json\/wp\/v2\/categories?post=114546"},{"taxonomy":"post_tag","embeddable":true,"href":"https:\/\/www.bellunopress.it\/fr\/wp-json\/wp\/v2\/tags?post=114546"}],"curies":[{"name":"wp","href":"https:\/\/api.w.org\/{rel}","templated":true}]}}