{"id":114540,"date":"2020-05-20T21:58:54","date_gmt":"2020-05-20T19:58:54","guid":{"rendered":"http:\/\/www.bellunopress.it\/?p=114540"},"modified":"2020-05-20T21:58:55","modified_gmt":"2020-05-20T19:58:55","slug":"psicologia-nella-pandemia-intervista-alla-dottoressa-chiara-forlin","status":"publish","type":"post","link":"https:\/\/www.bellunopress.it\/fr\/2020\/05\/20\/psicologia-nella-pandemia-intervista-alla-dottoressa-chiara-forlin\/","title":{"rendered":"Psicologia nella pandemia.  Intervista alla dottoressa Chiara Forlin"},"content":{"rendered":"<figure id=\"attachment_114541\" aria-describedby=\"caption-attachment-114541\" style=\"width: 449px\" class=\"wp-caption alignleft\"><a href=\"http:\/\/www.bellunopress.it\/fr\/2020\/05\/20\/psicologia-nella-pandemia-intervista-alla-dottoressa-chiara-forlin\/chiara-forlin-psicologa_edited\/\" rel=\"attachment wp-att-114541\"><img loading=\"lazy\" decoding=\"async\" class=\"size-full wp-image-114541\" src=\"http:\/\/www.bellunopress.it\/wp-content\/uploads\/2020\/05\/Chiara-Forlin-psicologa_edited.jpg\" alt=\"\" width=\"449\" height=\"800\" srcset=\"https:\/\/www.bellunopress.it\/wp-content\/uploads\/2020\/05\/Chiara-Forlin-psicologa_edited.jpg 449w, https:\/\/www.bellunopress.it\/wp-content\/uploads\/2020\/05\/Chiara-Forlin-psicologa_edited-281x500.jpg 281w, https:\/\/www.bellunopress.it\/wp-content\/uploads\/2020\/05\/Chiara-Forlin-psicologa_edited-236x420.jpg 236w\" sizes=\"auto, (max-width: 449px) 100vw, 449px\" \/><\/a><figcaption id=\"caption-attachment-114541\" class=\"wp-caption-text\">Chiara Forlin, psicologa<\/figcaption><\/figure>\n<p>Psicologa psicoterapeuta, libero professionista. Chiara Forlin collabora con l&#8217;UOSD di Psicologia ospedaliera dell&#8217;ospedale San Martino di Belluno dal 2015. Lavora nel territorio con attivit\u00e0 clinica, di promozione del benessere e formativa.<\/p>\n<p><em>Dottoressa Forlin, come si \u00e8 giunti al coinvolgimento della sua professione di psicologa nell\u2019emergenza covid?<\/em><\/p>\n<p>Collaboro dal 2015 con la Psicologia Ospedaliera dell&#8217;ospedale di Belluno grazie al contributo della AIL e da ottobre del 2019 con il reparto di rianimazione grazie al contributo di \u201cBelluno Rianima\u201d. Questo ha fatto s\u00ec che mi trovassi in prima linea nel momento in cui questa emergenza ha coinvolto il nostro territorio. \u00c8 stato naturale poter contribuire con la mia professione alla gestione dell\u2019emergenza Covid. Voglio sottolineare per\u00f2 come questo sia stato possibile in modo repentino grazie all\u2019organizzazione introdotta dalla responsabile della psicologia ospedaliera la dottoressa De Biasi. Fin dai primi giorni di marzo ha iniziato ad organizzare un servizio di supporto psicologico dedicato all\u2019emergenza Covid dedicato alle persone positive e in isolamento fiduciario nel territorio, alle persone ricoverate in ambito ospedaliero e ai familiari e, non ultimo, al personale sanitario impegnato in prima linea.<\/p>\n<p><em>In questi giorni lei \u00e8 stata in contatto con il personale sanitario della rianimazione di Belluno. Cosa ci pu\u00f2 dire al riguardo?<\/em><\/p>\n<p>Non \u00e8 semplice rispondere a questa domanda. Le cose da dire sarebbero molte. Forse il modo migliore \u00e8 partire da una frase detta da un\u2019infermiera del reparto ad un familiare: \u201cDeve pensare che le nostre mani, quando ci prendiamo cura dei vostri cari, siano le vostre\u201d. Penso che in questa frase cos\u00ec semplice, ma cos\u00ec rassicurante per la persona che \u00e8 stata a casa senza poter vedere, toccare, entrare in relazione sia con il proprio caro che con il reparto di cura, racchiuda molto di ci\u00f2 che io ho avuto modo di osservare e condividere con il personale del reparto di rianimazione. La complessit\u00e0 affrontata da tutte le persone che lavorano l\u00ec ha riguardato vari livelli: la fatica di affrontare la cura in un reparto con malati affetti dalla stessa malattia, praticamente sconosciuta, e la consapevolezza di avere pochi strumenti noti; il doversi assumere molte volte anche il ruolo, pi\u00f9 di ci\u00f2 che accade abitualmente, di cura relazionale e affettiva della persona ricoverata con la consapevolezza di essere l\u2019unica relazione reale per la persona; la comunicazione di cattive notizie attraverso il telefono, senza la possibilit\u00e0 di entrare in relazione in modo completo con il familiare. Queste sono cose che affaticano, che portano le persone a dover reggere lo stress, la tensione, la fatica fisica e mentale in modo costante. Tutto ci\u00f2 \u00e8 stato affrontato e gestito dal gruppo costantemente e le difficolt\u00e0 che si sono presentate sono state affrontate in modo costruttivo. C\u2019\u00e8 stata una capacit\u00e0 di saper cogliere quell\u2019aiuto prezioso che pu\u00f2 venire aprendosi al confronto con l\u2019altro. Scoprendosi, condividendo dubbi, ansie, stanchezza, cercando strategie, innovazioni di cura. L\u2019equipe, le persone della rianimazione hanno insieme prodotto quella forza necessaria all\u2019unico scopo di salvare le persone dal virus.<\/p>\n<p><em>Immagino che ci siano stati figli e nipoti di pazienti che in varia misura sono stati emotivamente coinvolti nella pandemia. Come hanno vissuto questa esperienza soprattutto i pi\u00f9 piccoli?<\/em><\/p>\n<p>I bambini e i ragazzi in questa pandemia si sono trovati a gestire una realt\u00e0 completamente anomala. Per un bambino o un adolescente, dove la routine fatta di scuola, amici, sport, nonni, rete sociale in genere sono parte integrante del loro percorso di sviluppo cognitivo ed emotivo, \u00e8 evidente che l\u2019interruzione di questa routine ha portato a una condizione di stress e di perdita di punti di riferimento. Questa situazione viene ancor pi\u00f9 amplificata nel momento in cui ci troviamo di fronte a un familiare, nonno, genitore affetto da covid o in isolamento fiduciario. \u00c8 chiaro che i bambini comprendono in base a quelle che sono le loro mappe mentali e le loro capacit\u00e0 cognitive. Diventa fondamentale che l\u2019adulto si assuma la responsabilit\u00e0 di spiegare e aiutare a comprendere una situazione cos\u00ec anomala che il bambino ha bisogno di poter capire per poterla poi gestire su un piano emotivo. Essere isolati dagli affetti pi\u00f9 cari porta con s\u00e9 una criticit\u00e0, ma \u00e8 altrettanto vero che questa criticit\u00e0 pu\u00f2 essere affrontata e gestita nel momento in cui si d\u00e0 modo al bambino di comprendere e di esprimere quello che sta sentendo. Dire ad un bambino o ad un ragazzo andr\u00e0 tutto bene sicuramente da coraggio, ma \u00e8 altrettanto vero che rischia di inibire la possibilit\u00e0 di esprimere un proprio disagio. Amo molto una frase che a mio parere spiega bene questo concetto \u201cLe fiabe non raccontano ai bambini che i draghi esistono. I bambini sanno gi\u00e0 che i draghi esistono. Le fiabe raccontano ai bambini che i draghi possono essere uccisi.\u201d (Gilbert Keith Chesterton) Noi adulti dobbiamo accompagnarli in questo processo.<\/p>\n<p><em>Pi\u00f9 in generale, dal suo osservatorio privilegiato, qual \u00e8 stato l&#8217;impatto del lockdown sulla popolazione bellunese? Come hanno reagito le persone costrette a casa con bambini lontani da scuola e limitate occasioni di socializzazione?<\/em><\/p>\n<p>\u00c8 stato evidente un senso civico e un\u2019assunzione di responsabilit\u00e0 da parte della popolazione che dimostra una comprensione reale dell\u2019importanza del sacrificio che \u00e8 stato chiesto con il lockdown. Niente come questa limitazione della libert\u00e0 personale, che molte volte diamo per scontata, porta ad un incremento della condizione di stress con conseguenti possibili disturbi del sonno, vissuti ansiosi, alterazioni sul piano umorale. Tutto ci\u00f2 rischia di essere sottovalutato. Molte volte le persone che abbiamo seguito si sono mostrate spaventate per alcune loro reazioni ansiose, di rabbia oppure di apatia. In realt\u00e0 sono tutte reazioni normali a una situazione anormale come quella che stiamo vivendo. \u00c8 importante sottolinearlo per aiutare le persone in quello che in psicologia viene definito \u2018processo di normalizzazione\u2019, ossia quello che permette di riconoscere le proprie reazioni emotive come normali. Ci\u00f2 non toglie il fatto che sia necessario comprendere come gestirle, per non trovarci travolti da queste. Pensiamo all\u2019immagine di una nave in mezzo ad una tempesta: le persone in questa situazione pensano troppo spesso di non essere pi\u00f9 al timone di se stessi e di non avere altra scelta che subire le proprie reazioni. Invece la situazione di emergenza \u00e8 la tempesta e ognuno come persona deve riappropriarsi della guida della propria nave. Essere al timone vuol dire prenderci del tempo per noi stessi con ci\u00f2 che amiamo fare, pur nelle limitazioni, e ci\u00f2 che ci aiuta a rilassarci. Condividere con qualcuno quanto sentiamo, senza pensare sia tempo sprecato, ma tempo che invece \u00e8 necessario per rendere sostenibile dal punto di vista emotivo quanto sta accadendo.<\/p>\n<p><em>Secondo lei, questa situazione generale prolungata di isolamento sociale potrebbe determinare ricadute o aggravamenti nel quadro delle dipendenze?<\/em><\/p>\n<p>Sicuramente la situazione che stiamo vivendo aumenta tale possibilit\u00e0. L\u2019ambito delle dipendenze \u00e8 un ambito molto delicato e poliedrico e le cause che possono portare una persona a sviluppare una dipendenza sono molteplici. Sicuramente una caratteristica comune \u00e8 la condizione di sofferenza individuale. Se pensiamo, ad esempio, ad alcune dipendenze legate al contenimento dell\u2019ansia, visto quanto ci siamo detti finora, \u00e8 facile pensare che questi soggetti in una condizione di deprivazione e isolamento sociale, possano ricorrere a meccanismi abituali di dipendenza o addirittura aggravarli.<br \/>\nLa relazione umana e di cura \u00e8 un fattore protettivo che in questo periodo sta venendo meno per cui alle persone rischiano di mancare dei punti di riferimento. Questo pu\u00f2 portare a peggiorare o ricorrere a vecchi meccanismi seppur riconosciuti come disfunzionali proprio per cercare di alleviare la sofferenza emotiva.<br \/>\nUn ulteriore fattore di rischio da non dimenticare in questo particolare periodo \u00e8 dato dalle difficolt\u00e0 economiche che alcune persone stanno vivendo. Sappiamo che in momenti come questi, pensiamo alla crisi economica del 2008, le persone coinvolte possono pi\u00f9 facilmente rincorrere soluzioni, come il gioco d\u2019azzardo, nella speranza iniziale di per poter risolvere la situazione e alleviare il senso di fallimento e frustrazione.<\/p>\n<p><em>E sotto il profilo prettamente psicologico lei ha notato disagi sensibili che potrebbero ripercuotersi e protrarsi in futuro?<\/em><\/p>\n<p>Attualmente sono aumentati i disturbi del sonno, sbalzi umorali, disturbi d\u2019ansia, reazioni fobiche. Come detto in precedenza possiamo considerarle delle condizioni reattive alla situazione di emergenza che stiamo vivendo. L\u2019essere umano \u00e8 per natura resiliente, ossia in grado di affrontare e superare un evento traumatico o un periodo di difficolt\u00e0, come questo. \u00c8 chiaro per\u00f2, che per favorire tale processo, ognuno di noi deve essere in grado di riconoscere emotivamente ci\u00f2 che sta accadendo dentro di s\u00e9. Ci aspettiamo naturalmente di tornare ad una normalit\u00e0, ma questo pu\u00f2 essere difficile! L\u2019esperienza traumatica che ciascuno di noi a vario titolo ha vissuto ha bisogno di essere elaborata e lo stress accumulato di essere smaltito! In questo alcune persone avranno sicuramente necessit\u00e0 di essere supportate per elaborare l\u2019esperienza vissuta e riuscire a integrarla nella propria storia, proprio per evitare lo svilupparsi di quadri psicopatologici.<br \/>\nIl mio pensiero va per\u00f2 anche ai sanitari in prima linea che si sono trovati a vivere una situazione al limite dell\u2019immaginabile prima di questo momento e hanno retto emotivamente e fisicamente. Ecco credo che loro, ma non solo, siano le prime persone che ora devono essere curate e sostenute proprio per evitare che nel futuro possano pagare le conseguenze emotive di quello che a tutti gli effetti \u00e8 un evento traumatico e in pi\u00f9 un evento traumatico che si \u00e8 prolungato nel tempo. Il benessere psicologico, la salute mentale sono dei diritti delle persone. Per questo mi auguro che ci siano da parte delle istituzioni delle azioni in questa direzione!<\/p>","protected":false},"excerpt":{"rendered":"<p>Psicologa psicoterapeuta, libero professionista. Chiara Forlin collabora con l&#8217;UOSD di Psicologia ospedaliera dell&#8217;ospedale San Martino di Belluno dal 2015. Lavora nel territorio con attivit\u00e0 clinica, di promozione del benessere e formativa. Dottoressa Forlin, come si \u00e8 giunti al coinvolgimento della sua professione di psicologa nell\u2019emergenza covid? Collaboro dal 2015 con la Psicologia Ospedaliera dell&#8217;ospedale di [&hellip;]<\/p>\n","protected":false},"author":2,"featured_media":114541,"comment_status":"closed","ping_status":"open","sticky":false,"template":"","format":"standard","meta":{"footnotes":""},"categories":[49,17,8],"tags":[],"class_list":["post-114540","post","type-post","status-publish","format-standard","has-post-thumbnail","category-speciali","category-sanita","category-societa-istituzioni"],"yoast_head":"<!-- This site is optimized with the Yoast SEO plugin v28.4 - https:\/\/yoast.com\/product\/yoast-seo-wordpress\/ -->\n<title>Psicologia nella pandemia. Intervista alla dottoressa Chiara Forlin - Bellunopress - Dolomiti<\/title>\n<meta name=\"robots\" content=\"index, follow, max-snippet:-1, max-image-preview:large, max-video-preview:-1\" \/>\n<link rel=\"canonical\" href=\"https:\/\/www.bellunopress.it\/fr\/2020\/05\/20\/psicologia-nella-pandemia-intervista-alla-dottoressa-chiara-forlin\/\" \/>\n<meta property=\"og:locale\" content=\"fr_FR\" \/>\n<meta property=\"og:type\" content=\"article\" \/>\n<meta property=\"og:title\" content=\"Psicologia nella pandemia. Intervista alla dottoressa Chiara Forlin - Bellunopress - Dolomiti\" \/>\n<meta property=\"og:description\" content=\"Psicologa psicoterapeuta, libero professionista. Chiara Forlin collabora con l&#8217;UOSD di Psicologia ospedaliera dell&#8217;ospedale San Martino di Belluno dal 2015. Lavora nel territorio con attivit\u00e0 clinica, di promozione del benessere e formativa. Dottoressa Forlin, come si \u00e8 giunti al coinvolgimento della sua professione di psicologa nell\u2019emergenza covid? Collaboro dal 2015 con la Psicologia Ospedaliera dell&#8217;ospedale di [&hellip;]\" \/>\n<meta property=\"og:url\" content=\"https:\/\/www.bellunopress.it\/fr\/2020\/05\/20\/psicologia-nella-pandemia-intervista-alla-dottoressa-chiara-forlin\/\" \/>\n<meta property=\"og:site_name\" content=\"Bellunopress - Dolomiti\" \/>\n<meta property=\"article:publisher\" content=\"https:\/\/www.facebook.com\/profile.php?id=100008943462799\" \/>\n<meta property=\"article:published_time\" content=\"2020-05-20T19:58:54+00:00\" \/>\n<meta property=\"article:modified_time\" content=\"2020-05-20T19:58:55+00:00\" \/>\n<meta property=\"og:image\" content=\"https:\/\/www.bellunopress.it\/wp-content\/uploads\/2020\/05\/Chiara-Forlin-psicologa_edited.jpg\" \/>\n\t<meta property=\"og:image:width\" content=\"449\" \/>\n\t<meta property=\"og:image:height\" content=\"800\" \/>\n\t<meta property=\"og:image:type\" content=\"image\/jpeg\" \/>\n<meta name=\"author\" content=\"redazione\" \/>\n<meta name=\"twitter:card\" content=\"summary_large_image\" \/>\n<meta name=\"twitter:creator\" content=\"@bellunopress\" \/>\n<meta name=\"twitter:site\" content=\"@bellunopress\" \/>\n<meta name=\"twitter:label1\" content=\"\u00c9crit par\" \/>\n\t<meta name=\"twitter:data1\" content=\"redazione\" \/>\n\t<meta name=\"twitter:label2\" content=\"Dur\u00e9e de lecture estim\u00e9e\" \/>\n\t<meta name=\"twitter:data2\" content=\"8 minutes\" \/>\n<script type=\"application\/ld+json\" class=\"yoast-schema-graph\">{\"@context\":\"https:\\\/\\\/schema.org\",\"@graph\":[{\"@type\":\"Article\",\"@id\":\"https:\\\/\\\/www.bellunopress.it\\\/2020\\\/05\\\/20\\\/psicologia-nella-pandemia-intervista-alla-dottoressa-chiara-forlin\\\/#article\",\"isPartOf\":{\"@id\":\"https:\\\/\\\/www.bellunopress.it\\\/2020\\\/05\\\/20\\\/psicologia-nella-pandemia-intervista-alla-dottoressa-chiara-forlin\\\/\"},\"author\":{\"name\":\"redazione\",\"@id\":\"https:\\\/\\\/www.bellunopress.it\\\/#\\\/schema\\\/person\\\/79bb06722b37ece1c03d3e94beb30d73\"},\"headline\":\"Psicologia nella pandemia. Intervista alla dottoressa Chiara Forlin\",\"datePublished\":\"2020-05-20T19:58:54+00:00\",\"dateModified\":\"2020-05-20T19:58:55+00:00\",\"mainEntityOfPage\":{\"@id\":\"https:\\\/\\\/www.bellunopress.it\\\/2020\\\/05\\\/20\\\/psicologia-nella-pandemia-intervista-alla-dottoressa-chiara-forlin\\\/\"},\"wordCount\":1585,\"publisher\":{\"@id\":\"https:\\\/\\\/www.bellunopress.it\\\/#organization\"},\"image\":{\"@id\":\"https:\\\/\\\/www.bellunopress.it\\\/2020\\\/05\\\/20\\\/psicologia-nella-pandemia-intervista-alla-dottoressa-chiara-forlin\\\/#primaryimage\"},\"thumbnailUrl\":\"https:\\\/\\\/www.bellunopress.it\\\/wp-content\\\/uploads\\\/2020\\\/05\\\/Chiara-Forlin-psicologa_edited.jpg\",\"articleSection\":[\"Gli speciali di Bellunopress\",\"Sanit\u00e0 Medicina\",\"Societ\u00e0, Associazioni, Istituzioni\"],\"inLanguage\":\"fr-FR\"},{\"@type\":\"WebPage\",\"@id\":\"https:\\\/\\\/www.bellunopress.it\\\/2020\\\/05\\\/20\\\/psicologia-nella-pandemia-intervista-alla-dottoressa-chiara-forlin\\\/\",\"url\":\"https:\\\/\\\/www.bellunopress.it\\\/2020\\\/05\\\/20\\\/psicologia-nella-pandemia-intervista-alla-dottoressa-chiara-forlin\\\/\",\"name\":\"Psicologia nella pandemia. Intervista alla dottoressa Chiara Forlin - Bellunopress - Dolomiti\",\"isPartOf\":{\"@id\":\"https:\\\/\\\/www.bellunopress.it\\\/#website\"},\"primaryImageOfPage\":{\"@id\":\"https:\\\/\\\/www.bellunopress.it\\\/2020\\\/05\\\/20\\\/psicologia-nella-pandemia-intervista-alla-dottoressa-chiara-forlin\\\/#primaryimage\"},\"image\":{\"@id\":\"https:\\\/\\\/www.bellunopress.it\\\/2020\\\/05\\\/20\\\/psicologia-nella-pandemia-intervista-alla-dottoressa-chiara-forlin\\\/#primaryimage\"},\"thumbnailUrl\":\"https:\\\/\\\/www.bellunopress.it\\\/wp-content\\\/uploads\\\/2020\\\/05\\\/Chiara-Forlin-psicologa_edited.jpg\",\"datePublished\":\"2020-05-20T19:58:54+00:00\",\"dateModified\":\"2020-05-20T19:58:55+00:00\",\"breadcrumb\":{\"@id\":\"https:\\\/\\\/www.bellunopress.it\\\/2020\\\/05\\\/20\\\/psicologia-nella-pandemia-intervista-alla-dottoressa-chiara-forlin\\\/#breadcrumb\"},\"inLanguage\":\"fr-FR\",\"potentialAction\":[{\"@type\":\"ReadAction\",\"target\":[\"https:\\\/\\\/www.bellunopress.it\\\/2020\\\/05\\\/20\\\/psicologia-nella-pandemia-intervista-alla-dottoressa-chiara-forlin\\\/\"]}]},{\"@type\":\"ImageObject\",\"inLanguage\":\"fr-FR\",\"@id\":\"https:\\\/\\\/www.bellunopress.it\\\/2020\\\/05\\\/20\\\/psicologia-nella-pandemia-intervista-alla-dottoressa-chiara-forlin\\\/#primaryimage\",\"url\":\"https:\\\/\\\/www.bellunopress.it\\\/wp-content\\\/uploads\\\/2020\\\/05\\\/Chiara-Forlin-psicologa_edited.jpg\",\"contentUrl\":\"https:\\\/\\\/www.bellunopress.it\\\/wp-content\\\/uploads\\\/2020\\\/05\\\/Chiara-Forlin-psicologa_edited.jpg\",\"width\":449,\"height\":800,\"caption\":\"Chiara Forlin, psicologa\"},{\"@type\":\"BreadcrumbList\",\"@id\":\"https:\\\/\\\/www.bellunopress.it\\\/2020\\\/05\\\/20\\\/psicologia-nella-pandemia-intervista-alla-dottoressa-chiara-forlin\\\/#breadcrumb\",\"itemListElement\":[{\"@type\":\"ListItem\",\"position\":1,\"name\":\"Home\",\"item\":\"https:\\\/\\\/www.bellunopress.it\\\/\"},{\"@type\":\"ListItem\",\"position\":2,\"name\":\"Psicologia nella pandemia. Intervista alla dottoressa Chiara Forlin\"}]},{\"@type\":\"WebSite\",\"@id\":\"https:\\\/\\\/www.bellunopress.it\\\/#website\",\"url\":\"https:\\\/\\\/www.bellunopress.it\\\/\",\"name\":\"Bellunopress - Dolomiti\",\"description\":\"e-mail: redazione@bellunopress.it\",\"publisher\":{\"@id\":\"https:\\\/\\\/www.bellunopress.it\\\/#organization\"},\"potentialAction\":[{\"@type\":\"SearchAction\",\"target\":{\"@type\":\"EntryPoint\",\"urlTemplate\":\"https:\\\/\\\/www.bellunopress.it\\\/?s={search_term_string}\"},\"query-input\":{\"@type\":\"PropertyValueSpecification\",\"valueRequired\":true,\"valueName\":\"search_term_string\"}}],\"inLanguage\":\"fr-FR\"},{\"@type\":\"Organization\",\"@id\":\"https:\\\/\\\/www.bellunopress.it\\\/#organization\",\"name\":\"Bellunopress\",\"url\":\"https:\\\/\\\/www.bellunopress.it\\\/\",\"logo\":{\"@type\":\"ImageObject\",\"inLanguage\":\"fr-FR\",\"@id\":\"https:\\\/\\\/www.bellunopress.it\\\/#\\\/schema\\\/logo\\\/image\\\/\",\"url\":\"https:\\\/\\\/www.bellunopress.it\\\/wp-content\\\/uploads\\\/2011\\\/05\\\/cropped-logo-bellunopress-.jpg\",\"contentUrl\":\"https:\\\/\\\/www.bellunopress.it\\\/wp-content\\\/uploads\\\/2011\\\/05\\\/cropped-logo-bellunopress-.jpg\",\"width\":512,\"height\":512,\"caption\":\"Bellunopress\"},\"image\":{\"@id\":\"https:\\\/\\\/www.bellunopress.it\\\/#\\\/schema\\\/logo\\\/image\\\/\"},\"sameAs\":[\"https:\\\/\\\/www.facebook.com\\\/profile.php?id=100008943462799\",\"https:\\\/\\\/x.com\\\/bellunopress\",\"https:\\\/\\\/www.linkedin.com\\\/hp\\\/?dnr=JBzUWaJfMUw8vbXJJ2tVW5-I3jZKvC4wsoxE&amp;amp;amp;amp;amp;amp;trk=nav_responsive_tab_home\",\"https:\\\/\\\/www.youtube.com\\\/channel\\\/UCxL0wu1uN0_3_7hGG0306cw\"]},{\"@type\":\"Person\",\"@id\":\"https:\\\/\\\/www.bellunopress.it\\\/#\\\/schema\\\/person\\\/79bb06722b37ece1c03d3e94beb30d73\",\"name\":\"redazione\",\"image\":{\"@type\":\"ImageObject\",\"inLanguage\":\"fr-FR\",\"@id\":\"https:\\\/\\\/secure.gravatar.com\\\/avatar\\\/37d968a2e67a6fd04c169c4bdef102d0bc5d31b2546345219e348575eb80e9a0?s=96&d=mm&r=g\",\"url\":\"https:\\\/\\\/secure.gravatar.com\\\/avatar\\\/37d968a2e67a6fd04c169c4bdef102d0bc5d31b2546345219e348575eb80e9a0?s=96&d=mm&r=g\",\"contentUrl\":\"https:\\\/\\\/secure.gravatar.com\\\/avatar\\\/37d968a2e67a6fd04c169c4bdef102d0bc5d31b2546345219e348575eb80e9a0?s=96&d=mm&r=g\",\"caption\":\"redazione\"},\"sameAs\":[\"http:\\\/\\\/www.bellunopress.it\",\"https:\\\/\\\/x.com\\\/bellunopress\"],\"url\":\"https:\\\/\\\/www.bellunopress.it\\\/fr\\\/author\\\/redazione\\\/\"}]}<\/script>\n<!-- \/ Yoast SEO plugin. -->","yoast_head_json":{"title":"Psicologia nella pandemia. Intervista alla dottoressa Chiara Forlin - Bellunopress - Dolomiti","robots":{"index":"index","follow":"follow","max-snippet":"max-snippet:-1","max-image-preview":"max-image-preview:large","max-video-preview":"max-video-preview:-1"},"canonical":"https:\/\/www.bellunopress.it\/fr\/2020\/05\/20\/psicologia-nella-pandemia-intervista-alla-dottoressa-chiara-forlin\/","og_locale":"fr_FR","og_type":"article","og_title":"Psicologia nella pandemia. Intervista alla dottoressa Chiara Forlin - Bellunopress - Dolomiti","og_description":"Psicologa psicoterapeuta, libero professionista. Chiara Forlin collabora con l&#8217;UOSD di Psicologia ospedaliera dell&#8217;ospedale San Martino di Belluno dal 2015. Lavora nel territorio con attivit\u00e0 clinica, di promozione del benessere e formativa. Dottoressa Forlin, come si \u00e8 giunti al coinvolgimento della sua professione di psicologa nell\u2019emergenza covid? Collaboro dal 2015 con la Psicologia Ospedaliera dell&#8217;ospedale di [&hellip;]","og_url":"https:\/\/www.bellunopress.it\/fr\/2020\/05\/20\/psicologia-nella-pandemia-intervista-alla-dottoressa-chiara-forlin\/","og_site_name":"Bellunopress - Dolomiti","article_publisher":"https:\/\/www.facebook.com\/profile.php?id=100008943462799","article_published_time":"2020-05-20T19:58:54+00:00","article_modified_time":"2020-05-20T19:58:55+00:00","og_image":[{"width":449,"height":800,"url":"https:\/\/www.bellunopress.it\/wp-content\/uploads\/2020\/05\/Chiara-Forlin-psicologa_edited.jpg","type":"image\/jpeg"}],"author":"redazione","twitter_card":"summary_large_image","twitter_creator":"@bellunopress","twitter_site":"@bellunopress","twitter_misc":{"\u00c9crit par":"redazione","Dur\u00e9e de lecture estim\u00e9e":"8 minutes"},"schema":{"@context":"https:\/\/schema.org","@graph":[{"@type":"Article","@id":"https:\/\/www.bellunopress.it\/2020\/05\/20\/psicologia-nella-pandemia-intervista-alla-dottoressa-chiara-forlin\/#article","isPartOf":{"@id":"https:\/\/www.bellunopress.it\/2020\/05\/20\/psicologia-nella-pandemia-intervista-alla-dottoressa-chiara-forlin\/"},"author":{"name":"redazione","@id":"https:\/\/www.bellunopress.it\/#\/schema\/person\/79bb06722b37ece1c03d3e94beb30d73"},"headline":"Psicologia nella pandemia. Intervista alla dottoressa Chiara Forlin","datePublished":"2020-05-20T19:58:54+00:00","dateModified":"2020-05-20T19:58:55+00:00","mainEntityOfPage":{"@id":"https:\/\/www.bellunopress.it\/2020\/05\/20\/psicologia-nella-pandemia-intervista-alla-dottoressa-chiara-forlin\/"},"wordCount":1585,"publisher":{"@id":"https:\/\/www.bellunopress.it\/#organization"},"image":{"@id":"https:\/\/www.bellunopress.it\/2020\/05\/20\/psicologia-nella-pandemia-intervista-alla-dottoressa-chiara-forlin\/#primaryimage"},"thumbnailUrl":"https:\/\/www.bellunopress.it\/wp-content\/uploads\/2020\/05\/Chiara-Forlin-psicologa_edited.jpg","articleSection":["Gli speciali di Bellunopress","Sanit\u00e0 Medicina","Societ\u00e0, Associazioni, Istituzioni"],"inLanguage":"fr-FR"},{"@type":"WebPage","@id":"https:\/\/www.bellunopress.it\/2020\/05\/20\/psicologia-nella-pandemia-intervista-alla-dottoressa-chiara-forlin\/","url":"https:\/\/www.bellunopress.it\/2020\/05\/20\/psicologia-nella-pandemia-intervista-alla-dottoressa-chiara-forlin\/","name":"Psicologia nella pandemia. Intervista alla dottoressa Chiara Forlin - Bellunopress - Dolomiti","isPartOf":{"@id":"https:\/\/www.bellunopress.it\/#website"},"primaryImageOfPage":{"@id":"https:\/\/www.bellunopress.it\/2020\/05\/20\/psicologia-nella-pandemia-intervista-alla-dottoressa-chiara-forlin\/#primaryimage"},"image":{"@id":"https:\/\/www.bellunopress.it\/2020\/05\/20\/psicologia-nella-pandemia-intervista-alla-dottoressa-chiara-forlin\/#primaryimage"},"thumbnailUrl":"https:\/\/www.bellunopress.it\/wp-content\/uploads\/2020\/05\/Chiara-Forlin-psicologa_edited.jpg","datePublished":"2020-05-20T19:58:54+00:00","dateModified":"2020-05-20T19:58:55+00:00","breadcrumb":{"@id":"https:\/\/www.bellunopress.it\/2020\/05\/20\/psicologia-nella-pandemia-intervista-alla-dottoressa-chiara-forlin\/#breadcrumb"},"inLanguage":"fr-FR","potentialAction":[{"@type":"ReadAction","target":["https:\/\/www.bellunopress.it\/2020\/05\/20\/psicologia-nella-pandemia-intervista-alla-dottoressa-chiara-forlin\/"]}]},{"@type":"ImageObject","inLanguage":"fr-FR","@id":"https:\/\/www.bellunopress.it\/2020\/05\/20\/psicologia-nella-pandemia-intervista-alla-dottoressa-chiara-forlin\/#primaryimage","url":"https:\/\/www.bellunopress.it\/wp-content\/uploads\/2020\/05\/Chiara-Forlin-psicologa_edited.jpg","contentUrl":"https:\/\/www.bellunopress.it\/wp-content\/uploads\/2020\/05\/Chiara-Forlin-psicologa_edited.jpg","width":449,"height":800,"caption":"Chiara Forlin, psicologa"},{"@type":"BreadcrumbList","@id":"https:\/\/www.bellunopress.it\/2020\/05\/20\/psicologia-nella-pandemia-intervista-alla-dottoressa-chiara-forlin\/#breadcrumb","itemListElement":[{"@type":"ListItem","position":1,"name":"Home","item":"https:\/\/www.bellunopress.it\/"},{"@type":"ListItem","position":2,"name":"Psicologia nella pandemia. Intervista alla dottoressa Chiara Forlin"}]},{"@type":"WebSite","@id":"https:\/\/www.bellunopress.it\/#website","url":"https:\/\/www.bellunopress.it\/","name":"Bellunopress - Dolomiti","description":"e-mail: redazione@bellunopress.it","publisher":{"@id":"https:\/\/www.bellunopress.it\/#organization"},"potentialAction":[{"@type":"SearchAction","target":{"@type":"EntryPoint","urlTemplate":"https:\/\/www.bellunopress.it\/?s={search_term_string}"},"query-input":{"@type":"PropertyValueSpecification","valueRequired":true,"valueName":"search_term_string"}}],"inLanguage":"fr-FR"},{"@type":"Organization","@id":"https:\/\/www.bellunopress.it\/#organization","name":"Bellunopress","url":"https:\/\/www.bellunopress.it\/","logo":{"@type":"ImageObject","inLanguage":"fr-FR","@id":"https:\/\/www.bellunopress.it\/#\/schema\/logo\/image\/","url":"https:\/\/www.bellunopress.it\/wp-content\/uploads\/2011\/05\/cropped-logo-bellunopress-.jpg","contentUrl":"https:\/\/www.bellunopress.it\/wp-content\/uploads\/2011\/05\/cropped-logo-bellunopress-.jpg","width":512,"height":512,"caption":"Bellunopress"},"image":{"@id":"https:\/\/www.bellunopress.it\/#\/schema\/logo\/image\/"},"sameAs":["https:\/\/www.facebook.com\/profile.php?id=100008943462799","https:\/\/x.com\/bellunopress","https:\/\/www.linkedin.com\/hp\/?dnr=JBzUWaJfMUw8vbXJJ2tVW5-I3jZKvC4wsoxE&amp;amp;amp;amp;amp;amp;trk=nav_responsive_tab_home","https:\/\/www.youtube.com\/channel\/UCxL0wu1uN0_3_7hGG0306cw"]},{"@type":"Person","@id":"https:\/\/www.bellunopress.it\/#\/schema\/person\/79bb06722b37ece1c03d3e94beb30d73","name":"r\u00e9daction","image":{"@type":"ImageObject","inLanguage":"fr-FR","@id":"https:\/\/secure.gravatar.com\/avatar\/37d968a2e67a6fd04c169c4bdef102d0bc5d31b2546345219e348575eb80e9a0?s=96&d=mm&r=g","url":"https:\/\/secure.gravatar.com\/avatar\/37d968a2e67a6fd04c169c4bdef102d0bc5d31b2546345219e348575eb80e9a0?s=96&d=mm&r=g","contentUrl":"https:\/\/secure.gravatar.com\/avatar\/37d968a2e67a6fd04c169c4bdef102d0bc5d31b2546345219e348575eb80e9a0?s=96&d=mm&r=g","caption":"redazione"},"sameAs":["http:\/\/www.bellunopress.it","https:\/\/x.com\/bellunopress"],"url":"https:\/\/www.bellunopress.it\/fr\/author\/redazione\/"}]}},"_links":{"self":[{"href":"https:\/\/www.bellunopress.it\/fr\/wp-json\/wp\/v2\/posts\/114540","targetHints":{"allow":["GET"]}}],"collection":[{"href":"https:\/\/www.bellunopress.it\/fr\/wp-json\/wp\/v2\/posts"}],"about":[{"href":"https:\/\/www.bellunopress.it\/fr\/wp-json\/wp\/v2\/types\/post"}],"author":[{"embeddable":true,"href":"https:\/\/www.bellunopress.it\/fr\/wp-json\/wp\/v2\/users\/2"}],"replies":[{"embeddable":true,"href":"https:\/\/www.bellunopress.it\/fr\/wp-json\/wp\/v2\/comments?post=114540"}],"version-history":[{"count":2,"href":"https:\/\/www.bellunopress.it\/fr\/wp-json\/wp\/v2\/posts\/114540\/revisions"}],"predecessor-version":[{"id":114543,"href":"https:\/\/www.bellunopress.it\/fr\/wp-json\/wp\/v2\/posts\/114540\/revisions\/114543"}],"wp:featuredmedia":[{"embeddable":true,"href":"https:\/\/www.bellunopress.it\/fr\/wp-json\/wp\/v2\/media\/114541"}],"wp:attachment":[{"href":"https:\/\/www.bellunopress.it\/fr\/wp-json\/wp\/v2\/media?parent=114540"}],"wp:term":[{"taxonomy":"category","embeddable":true,"href":"https:\/\/www.bellunopress.it\/fr\/wp-json\/wp\/v2\/categories?post=114540"},{"taxonomy":"post_tag","embeddable":true,"href":"https:\/\/www.bellunopress.it\/fr\/wp-json\/wp\/v2\/tags?post=114540"}],"curies":[{"name":"wp","href":"https:\/\/api.w.org\/{rel}","templated":true}]}}