{"id":114474,"date":"2020-05-17T12:57:09","date_gmt":"2020-05-17T10:57:09","guid":{"rendered":"http:\/\/www.bellunopress.it\/?p=114474"},"modified":"2020-05-17T12:57:09","modified_gmt":"2020-05-17T10:57:09","slug":"crac-banche-un-mese-per-chiedere-il-12-di-quanto-perso-e-tempo-che-banca-intesa-distribuisca-i-100-milioni-promessi-nel-2017","status":"publish","type":"post","link":"https:\/\/www.bellunopress.it\/fr\/2020\/05\/17\/crac-banche-un-mese-per-chiedere-il-12-di-quanto-perso-e-tempo-che-banca-intesa-distribuisca-i-100-milioni-promessi-nel-2017\/","title":{"rendered":"Crac Banche. Un mese per chiedere il 12% di quanto perso. \u00c8 tempo che Banca Intesa distribuisca i 100 milioni promessi nel 2017\u00a0"},"content":{"rendered":"<p><a href=\"http:\/\/www.bellunopress.it\/fr\/2018\/08\/18\/crack-banche-venete-le-associazioni-riunite-a-padova-chiedono-al-governo-limmediata-pubblicazione-del-decreto-lunedi-a-vicenza-la-riunione-a-palazzo-trissino\/banche-venete-popolare-vicenza\/\" rel=\"attachment wp-att-97237\"><img loading=\"lazy\" decoding=\"async\" class=\"alignleft size-full wp-image-97237\" src=\"http:\/\/www.bellunopress.it\/wp-content\/uploads\/2018\/08\/banche-venete-popolare-vicenza.jpg\" alt=\"\" width=\"300\" height=\"178\" \/><\/a>In questo periodo difficile e doloroso per le perdite umane ed economiche causate da Corona virus, il decreto 18\/2020 \u201cCura Italia\u201d, convertito a fine aprile in legge, recepiva s\u00ec la richiesta degli organismi dei truffati di poter anticipare il 40% del 30% , ossia un\u2019elemosina pari al 12% del danno patito , ma non dava loro soddisfazione su altre questioni come la velocizzazione delle procedure di esame delle richieste d\u2019indennizzo oppure le modalit\u00e0 dei controlli delle domande da farsi ex-post anzich\u00e9 ex-ante come, ad esempio, per la parte di competenza dell\u2019agenzia delle entrate.<br \/>\nA tutt\u2019oggi resta immotivata la ragione che ha indotto le rappresentanze dei truffati a domandare poco pi\u00f9 di un terzo di quanto spettante in base ad una disciplina fortissimamente voluta dal precedente governo penta-leghista, tenuto presente che la provvista finanziaria necessaria \u00e8 (era) l\u00ec in bella evidenza nei capitoli del bilancio dello stato. Evidentemente i due anni trascorsi senza poter esibire uno straccio di centesimo arrivato nelle tasche dei propri iscritti e dell\u2019intera platea degli aventi titolo, ha sortito questo forzoso \u201crisparmio\u201d sulla pelle dei rappresentati che-come noto- stanno a domicilio tenendo \u201cduri i banchi\u201d, secondo il motto sovente invocato dal Presidente del Comitato \u201cDon Torta\u201d.<\/p>\n<p>Mandati in soffitta i selfie di settembre 2018 con gli On.li Bitonci (Lega) e Villarosa (5 stelle) dimostratesi disponibili e ad essere fotografati con i vertici delle associazioni\/comitati e a ridurre la promessa fatta nella campagna primaverile dello stesso anno passando dal 100% al 30%, i probi civil servant ovvero i fiduciari dei truffati hanno dato il meglio di s\u00e9 stessi per alleggerire il debito pubblico. Mirare al 12% \u00e8 (sar\u00e0) un risultato perfino peggiore di ben 3 punti rispetto alla percentuale del 15% gi\u00e0 liquidata a ben 121.000 cittadini veneti gabbati da Veneto Banca e Popolare di Vicenza che, ragionando con la loro testa, hanno disatteso le ineccepibili invettive lanciate nell\u2019etere e nella carta stampata dalle numerose e variegate sigle di comitati zonali e\/o di derivazione nazionale contro i bancarottieri nostrani. Adesso che il fondo indennizzi \u00e8 \u201cpartito\u201d, merito rivendicato da ultimo dal Sottosegretario pentastellato sopravvissuto al Conte e saldamente insediato al MEF anche nel Conte 2, \u00e8 giunta l\u2019ora di occuparsi seriamente di questioni procedurali interne alla strana macchina partorita dal trio Di Maio-Arman- Villarosa.<br \/>\nIn effetti due deputati, Nicola Grimaldi eletto in Campania lista 5 stelle ed Alessia Rotta eletta in Toscana del Partito Democratico, generosamente si sono fatti carico delle ansie da mancata prestazione degli organismi no-profit, a partire da quelli di matrice veneta-friulana-ferrarese, presentando ben 5 emendamenti che &#8211; diversamente dalla volta precedente &#8211; sono stati bocciati fin da subito essendo stati ritenuti del tutto incompatibili in quanto estranei alla materia oggetto del provvedimento nr.23\/2020, ovvero il decreto liquidit\u00e0 da convertirsi in legge entro il prossimo 7 giugno.<\/p>\n<p>Interessante scandagliarne il contenuto. Tutti sanno che la data di decorrenza iniziale per la presentazione delle domande al Fir datava 22 agosto 2019 ed ha gi\u00e0 subito due proroghe. Una delle bocciature concerneva, appunto, un ulteriore slittamento in avanti al 30 settembre causa la ritardata consegna da parte delle banche della documentazione necessaria ai truffati. Per fortuna, il termine finale resta fissato al 18 giugno prossimo, almeno per il momento fatti salve altre inversioni di marcia sempre possibili in tempi di Corona Virus. Nel medesimo contesto, altri commi puntuali sottolineavano l\u2019esigenza di dare celerit\u00e0 alla fase di esame e di liquidazione risolvendo -in qualche modo- il nodo scorsoio dell\u2019entrata in campo del fisco sulla dichiarazione dei redditi e patrimonio mobiliare posseduto e connessi alla domanda d\u2019accesso al FIR. L\u2019esito negativo ha contribuito a produrre, due note indirizzate ai decisori governativi, Presidente del Consiglio, Ministro e Sottosegretari del MEF. La prima comunicazione scritta il 22 aprile \u00e8 stata condivisa dai comitati zonali: \u201cDon Torta\u201d, \u201cNoi che credevamo nella BPVi\u201d, \u201cSoci delle Popolari Venete\u201d ed \u201cAmici della Ca.Ri. Fe\u201d; la seconda, a met\u00e0 maggio, risulta partecipata dalle sigle riconosciute a livello nazionale dal Ministero ed esistenti a livello regionale: Adusbef Veneto, Codacons Veneto, Federconsumatori Veneto, Adiconsum Veneto, Adoc Veneto, Lega Consumatori Veneto e UNC Veneto. Anche qui \u00e8 appena il caso di appuntare che la regolazione delle relazioni intercorrenti tra Commissione Tecnica-Consap-Agenzia delle Entrate giaceva e giace in un atto ministeriale adottato giusto in questo mese di un anno fa ed integrato successivamente ad agosto 2019. I due soggetti principali che devono (dovevano) collaborare \u201cconcordando le modalit\u00e0\u201d, sono (erano) da un lato la Commissione Tecnica e dall\u2019altro l\u2019Agenzia delle Entrate, avendo Consap funzioni meramente di segreteria tecnica oppure operando al posto della CT se ed in quanto da questa delegata. In tale direzione, anche se tardivamente in data 14 maggio 2020, il sottosegretario grillino sollecita in proposito sia il Prof. G. Servello che E. Ruffini, rispettivamente Presidente della CT e Direttore dell\u2019Agenzia statale, oltre che il Ministro del MEF del quale egli \u00e8 un collaboratore.<\/p>\n<p>Scorrendo i giornali delle trascorse stagioni estiva, autunnale ed invernale, viene facile rilevare che gli argomenti ora in discussione non erano tra le preoccupazioni di chi ha (aveva) la rappresentanza degli azzerati e solo in quest\u2019ultimo periodo ne ha avvertito tutta l\u2019importanza. A parziale scusante vale sempre la pena di ricordare che lo strumentario farraginoso e defatigante di puro conio pentastellato con avvallo della Lega, per la sua natura e struttura, non poteva che presentare queste criticit\u00e0 pi\u00f9 volte annotate. Fosse stato riconfermato l\u2019Arbitro per le Controversie Finanziarie (A.C.F), i truffati avrebbero gi\u00e0 i soldi in tasca, ma cos\u00ec non volle il Governo Giallo-Verde nel 2018. In ogni modo, che le associazioni perdurino a privilegiare nell\u2019interlocuzione avviata con Roma quasi esclusivamente Consap, \u00e8 come approfondire una pratica unicamente con il responsabile dell\u2019istruttoria, invece che attivarsi presso chi pu\u00f2 e deve decidere.<br \/>\nLa dinamica sociale riferita agli organismi di rappresentanza registra una diminuita spinta dei comitati localistici e della loro affidabilit\u00e0 per decifrare le macerie create e copiosamente rimaste sul tappeto. Allo stesso tempo, \u00e8 apparso all\u2019orizzonte un\u2019aggregazione su base regionale delle sigle nazionali le quali dovrebbero andare in meta su pochi punti. In primis, scrollare pi\u00f9 radicalmente di quanto le stesse abbiano finora fatto Banca Intesa, affinch\u00e9 accorci i tempi di risposta dando i dossier agli azzerati in tempi celeri. Inoltre, battere i pugni con il primo gruppo bancario italiano affinch\u00e9 distribuisca tempestivamente e secondo i criteri gi\u00e0 annunciati ad ottobre 2017 i 100 milioni di \u20ac alle famiglie dei truffati in difficolt\u00e0 economica, graduando l\u2019aiuto in relazione al reddito ed al patrimonio mobiliare evaporato.<br \/>\nIl deputato Grimaldi corregionale del Ministro degli Esteri ha presentato una richiesta, non accolta, \u201cche interviene in materia di Fondo indennizzo risparmiatori (FIR), stabilendo \u2013 in particolare \u2013 che Cassa depositi e prestiti pu\u00f2 anticipare al 2020 la dotazione finanziaria del 2021\u201d. La notizia \u00e8 stimolante, specie se posta in relazione ai quesiti sollevati dai servizi ispettivi di Camera e Senato sulla effettiva disponibilit\u00e0 di cassa a pagare la liquidazione del 40% sul 30% nel caso ci\u00f2 avvenga nell\u2019esercizio corrente. Nessun parlamentare n\u00e9 di opposizione n\u00e9 tantomeno di maggioranza, ha ritenuto di interrogare nel merito il Governo Giallo-Rosso che -ovviamente- \u00e8 stato ed \u00e8 silente. Conoscere se i soldi ci sono oppure no, \u00e8 una faccenda che riguarda pochi intimi, ovvio. I praticanti ed assidui frequentatori dei Palazzi del Potere sanno bene che le risorse sono in realt\u00e0 \u201cun dettaglio insignificante\u201d, ci\u00f2 che conta davvero come affermano gli avvocati pi\u00f9 conosciuti sono \u201c i principi del diritto\u201d, oib\u00f2! Nell\u2019articolo precedente abbiamo esaminato la questione e fatto dei pronostici che confermiamo. Ecco nella partita ristoro ai truffati, la differenza tra esecutivo Giallo-Verde e quello Giallo-Rosso sta in questo. Fermo restando l\u2019azionista di maggioranza pentastellato, il Conte 1 non ha erogato un soldo, mentre il Conte 2 dar\u00e0 una mancia del 12% sollevando le ire e la rabbia dei beneficiati. Chi sar\u00e0 ritenuto maggiormente responsabile dai truffati, bidonati una seconda volta: i 5 Stelle, la Lega, il Pd, le associazioni zonali\/nazionali in salsa locale, loro stessi?<\/p>\n<p><strong>17 maggio 2020 Enzo De Biasi<\/strong><\/p>","protected":false},"excerpt":{"rendered":"<p>In questo periodo difficile e doloroso per le perdite umane ed economiche causate da Corona virus, il decreto 18\/2020 \u201cCura Italia\u201d, convertito a fine aprile in legge, recepiva s\u00ec la richiesta degli organismi dei truffati di poter anticipare il 40% del 30% , ossia un\u2019elemosina pari al 12% del danno patito , ma non dava [&hellip;]<\/p>\n","protected":false},"author":2,"featured_media":97237,"comment_status":"closed","ping_status":"open","sticky":false,"template":"","format":"standard","meta":{"footnotes":""},"categories":[49,26,8],"tags":[],"class_list":["post-114474","post","type-post","status-publish","format-standard","has-post-thumbnail","category-speciali","category-prima-pagina","category-societa-istituzioni"],"yoast_head":"<!-- This site is optimized with the Yoast SEO plugin v28.4 - https:\/\/yoast.com\/product\/yoast-seo-wordpress\/ -->\n<title>Crac Banche. Un mese per chiedere il 12% di quanto perso. \u00c8 tempo che Banca Intesa distribuisca i 100 milioni promessi nel 2017\u00a0 - Bellunopress - Dolomiti<\/title>\n<meta name=\"robots\" content=\"index, follow, max-snippet:-1, max-image-preview:large, max-video-preview:-1\" \/>\n<link rel=\"canonical\" href=\"https:\/\/www.bellunopress.it\/fr\/2020\/05\/17\/crac-banche-un-mese-per-chiedere-il-12-di-quanto-perso-e-tempo-che-banca-intesa-distribuisca-i-100-milioni-promessi-nel-2017\/\" \/>\n<meta property=\"og:locale\" content=\"fr_FR\" \/>\n<meta property=\"og:type\" content=\"article\" \/>\n<meta property=\"og:title\" content=\"Crac Banche. Un mese per chiedere il 12% di quanto perso. \u00c8 tempo che Banca Intesa distribuisca i 100 milioni promessi nel 2017\u00a0 - Bellunopress - Dolomiti\" \/>\n<meta property=\"og:description\" content=\"In questo periodo difficile e doloroso per le perdite umane ed economiche causate da Corona virus, il decreto 18\/2020 \u201cCura Italia\u201d, convertito a fine aprile in legge, recepiva s\u00ec la richiesta degli organismi dei truffati di poter anticipare il 40% del 30% , ossia un\u2019elemosina pari al 12% del danno patito , ma non dava [&hellip;]\" \/>\n<meta property=\"og:url\" content=\"https:\/\/www.bellunopress.it\/fr\/2020\/05\/17\/crac-banche-un-mese-per-chiedere-il-12-di-quanto-perso-e-tempo-che-banca-intesa-distribuisca-i-100-milioni-promessi-nel-2017\/\" \/>\n<meta property=\"og:site_name\" content=\"Bellunopress - Dolomiti\" \/>\n<meta property=\"article:publisher\" content=\"https:\/\/www.facebook.com\/profile.php?id=100008943462799\" \/>\n<meta property=\"article:published_time\" content=\"2020-05-17T10:57:09+00:00\" \/>\n<meta property=\"og:image\" content=\"https:\/\/www.bellunopress.it\/wp-content\/uploads\/2018\/08\/banche-venete-popolare-vicenza.jpg\" \/>\n\t<meta property=\"og:image:width\" content=\"300\" \/>\n\t<meta property=\"og:image:height\" content=\"178\" \/>\n\t<meta property=\"og:image:type\" content=\"image\/jpeg\" \/>\n<meta name=\"author\" content=\"redazione\" \/>\n<meta name=\"twitter:card\" content=\"summary_large_image\" \/>\n<meta name=\"twitter:creator\" content=\"@bellunopress\" \/>\n<meta name=\"twitter:site\" content=\"@bellunopress\" \/>\n<meta name=\"twitter:label1\" content=\"\u00c9crit par\" \/>\n\t<meta name=\"twitter:data1\" content=\"redazione\" \/>\n\t<meta name=\"twitter:label2\" content=\"Dur\u00e9e de lecture estim\u00e9e\" \/>\n\t<meta name=\"twitter:data2\" content=\"6 minutes\" \/>\n<script type=\"application\/ld+json\" class=\"yoast-schema-graph\">{\"@context\":\"https:\\\/\\\/schema.org\",\"@graph\":[{\"@type\":\"Article\",\"@id\":\"https:\\\/\\\/www.bellunopress.it\\\/2020\\\/05\\\/17\\\/crac-banche-un-mese-per-chiedere-il-12-di-quanto-perso-e-tempo-che-banca-intesa-distribuisca-i-100-milioni-promessi-nel-2017\\\/#article\",\"isPartOf\":{\"@id\":\"https:\\\/\\\/www.bellunopress.it\\\/2020\\\/05\\\/17\\\/crac-banche-un-mese-per-chiedere-il-12-di-quanto-perso-e-tempo-che-banca-intesa-distribuisca-i-100-milioni-promessi-nel-2017\\\/\"},\"author\":{\"name\":\"redazione\",\"@id\":\"https:\\\/\\\/www.bellunopress.it\\\/#\\\/schema\\\/person\\\/79bb06722b37ece1c03d3e94beb30d73\"},\"headline\":\"Crac Banche. Un mese per chiedere il 12% di quanto perso. \u00c8 tempo che Banca Intesa distribuisca i 100 milioni promessi nel 2017\u00a0\",\"datePublished\":\"2020-05-17T10:57:09+00:00\",\"mainEntityOfPage\":{\"@id\":\"https:\\\/\\\/www.bellunopress.it\\\/2020\\\/05\\\/17\\\/crac-banche-un-mese-per-chiedere-il-12-di-quanto-perso-e-tempo-che-banca-intesa-distribuisca-i-100-milioni-promessi-nel-2017\\\/\"},\"wordCount\":1315,\"publisher\":{\"@id\":\"https:\\\/\\\/www.bellunopress.it\\\/#organization\"},\"image\":{\"@id\":\"https:\\\/\\\/www.bellunopress.it\\\/2020\\\/05\\\/17\\\/crac-banche-un-mese-per-chiedere-il-12-di-quanto-perso-e-tempo-che-banca-intesa-distribuisca-i-100-milioni-promessi-nel-2017\\\/#primaryimage\"},\"thumbnailUrl\":\"https:\\\/\\\/www.bellunopress.it\\\/wp-content\\\/uploads\\\/2018\\\/08\\\/banche-venete-popolare-vicenza.jpg\",\"articleSection\":[\"Gli speciali di Bellunopress\",\"Prima Pagina\",\"Societ\u00e0, Associazioni, Istituzioni\"],\"inLanguage\":\"fr-FR\"},{\"@type\":\"WebPage\",\"@id\":\"https:\\\/\\\/www.bellunopress.it\\\/2020\\\/05\\\/17\\\/crac-banche-un-mese-per-chiedere-il-12-di-quanto-perso-e-tempo-che-banca-intesa-distribuisca-i-100-milioni-promessi-nel-2017\\\/\",\"url\":\"https:\\\/\\\/www.bellunopress.it\\\/2020\\\/05\\\/17\\\/crac-banche-un-mese-per-chiedere-il-12-di-quanto-perso-e-tempo-che-banca-intesa-distribuisca-i-100-milioni-promessi-nel-2017\\\/\",\"name\":\"Crac Banche. Un mese per chiedere il 12% di quanto perso. \u00c8 tempo che Banca Intesa distribuisca i 100 milioni promessi nel 2017\u00a0 - Bellunopress - Dolomiti\",\"isPartOf\":{\"@id\":\"https:\\\/\\\/www.bellunopress.it\\\/#website\"},\"primaryImageOfPage\":{\"@id\":\"https:\\\/\\\/www.bellunopress.it\\\/2020\\\/05\\\/17\\\/crac-banche-un-mese-per-chiedere-il-12-di-quanto-perso-e-tempo-che-banca-intesa-distribuisca-i-100-milioni-promessi-nel-2017\\\/#primaryimage\"},\"image\":{\"@id\":\"https:\\\/\\\/www.bellunopress.it\\\/2020\\\/05\\\/17\\\/crac-banche-un-mese-per-chiedere-il-12-di-quanto-perso-e-tempo-che-banca-intesa-distribuisca-i-100-milioni-promessi-nel-2017\\\/#primaryimage\"},\"thumbnailUrl\":\"https:\\\/\\\/www.bellunopress.it\\\/wp-content\\\/uploads\\\/2018\\\/08\\\/banche-venete-popolare-vicenza.jpg\",\"datePublished\":\"2020-05-17T10:57:09+00:00\",\"breadcrumb\":{\"@id\":\"https:\\\/\\\/www.bellunopress.it\\\/2020\\\/05\\\/17\\\/crac-banche-un-mese-per-chiedere-il-12-di-quanto-perso-e-tempo-che-banca-intesa-distribuisca-i-100-milioni-promessi-nel-2017\\\/#breadcrumb\"},\"inLanguage\":\"fr-FR\",\"potentialAction\":[{\"@type\":\"ReadAction\",\"target\":[\"https:\\\/\\\/www.bellunopress.it\\\/2020\\\/05\\\/17\\\/crac-banche-un-mese-per-chiedere-il-12-di-quanto-perso-e-tempo-che-banca-intesa-distribuisca-i-100-milioni-promessi-nel-2017\\\/\"]}]},{\"@type\":\"ImageObject\",\"inLanguage\":\"fr-FR\",\"@id\":\"https:\\\/\\\/www.bellunopress.it\\\/2020\\\/05\\\/17\\\/crac-banche-un-mese-per-chiedere-il-12-di-quanto-perso-e-tempo-che-banca-intesa-distribuisca-i-100-milioni-promessi-nel-2017\\\/#primaryimage\",\"url\":\"https:\\\/\\\/www.bellunopress.it\\\/wp-content\\\/uploads\\\/2018\\\/08\\\/banche-venete-popolare-vicenza.jpg\",\"contentUrl\":\"https:\\\/\\\/www.bellunopress.it\\\/wp-content\\\/uploads\\\/2018\\\/08\\\/banche-venete-popolare-vicenza.jpg\",\"width\":300,\"height\":178},{\"@type\":\"BreadcrumbList\",\"@id\":\"https:\\\/\\\/www.bellunopress.it\\\/2020\\\/05\\\/17\\\/crac-banche-un-mese-per-chiedere-il-12-di-quanto-perso-e-tempo-che-banca-intesa-distribuisca-i-100-milioni-promessi-nel-2017\\\/#breadcrumb\",\"itemListElement\":[{\"@type\":\"ListItem\",\"position\":1,\"name\":\"Home\",\"item\":\"https:\\\/\\\/www.bellunopress.it\\\/\"},{\"@type\":\"ListItem\",\"position\":2,\"name\":\"Crac Banche. Un mese per chiedere il 12% di quanto perso. \u00c8 tempo che Banca Intesa distribuisca i 100 milioni promessi nel 2017\u00a0\"}]},{\"@type\":\"WebSite\",\"@id\":\"https:\\\/\\\/www.bellunopress.it\\\/#website\",\"url\":\"https:\\\/\\\/www.bellunopress.it\\\/\",\"name\":\"Bellunopress - Dolomiti\",\"description\":\"e-mail: redazione@bellunopress.it\",\"publisher\":{\"@id\":\"https:\\\/\\\/www.bellunopress.it\\\/#organization\"},\"potentialAction\":[{\"@type\":\"SearchAction\",\"target\":{\"@type\":\"EntryPoint\",\"urlTemplate\":\"https:\\\/\\\/www.bellunopress.it\\\/?s={search_term_string}\"},\"query-input\":{\"@type\":\"PropertyValueSpecification\",\"valueRequired\":true,\"valueName\":\"search_term_string\"}}],\"inLanguage\":\"fr-FR\"},{\"@type\":\"Organization\",\"@id\":\"https:\\\/\\\/www.bellunopress.it\\\/#organization\",\"name\":\"Bellunopress\",\"url\":\"https:\\\/\\\/www.bellunopress.it\\\/\",\"logo\":{\"@type\":\"ImageObject\",\"inLanguage\":\"fr-FR\",\"@id\":\"https:\\\/\\\/www.bellunopress.it\\\/#\\\/schema\\\/logo\\\/image\\\/\",\"url\":\"https:\\\/\\\/www.bellunopress.it\\\/wp-content\\\/uploads\\\/2011\\\/05\\\/cropped-logo-bellunopress-.jpg\",\"contentUrl\":\"https:\\\/\\\/www.bellunopress.it\\\/wp-content\\\/uploads\\\/2011\\\/05\\\/cropped-logo-bellunopress-.jpg\",\"width\":512,\"height\":512,\"caption\":\"Bellunopress\"},\"image\":{\"@id\":\"https:\\\/\\\/www.bellunopress.it\\\/#\\\/schema\\\/logo\\\/image\\\/\"},\"sameAs\":[\"https:\\\/\\\/www.facebook.com\\\/profile.php?id=100008943462799\",\"https:\\\/\\\/x.com\\\/bellunopress\",\"https:\\\/\\\/www.linkedin.com\\\/hp\\\/?dnr=JBzUWaJfMUw8vbXJJ2tVW5-I3jZKvC4wsoxE&amp;amp;amp;amp;amp;amp;trk=nav_responsive_tab_home\",\"https:\\\/\\\/www.youtube.com\\\/channel\\\/UCxL0wu1uN0_3_7hGG0306cw\"]},{\"@type\":\"Person\",\"@id\":\"https:\\\/\\\/www.bellunopress.it\\\/#\\\/schema\\\/person\\\/79bb06722b37ece1c03d3e94beb30d73\",\"name\":\"redazione\",\"image\":{\"@type\":\"ImageObject\",\"inLanguage\":\"fr-FR\",\"@id\":\"https:\\\/\\\/secure.gravatar.com\\\/avatar\\\/37d968a2e67a6fd04c169c4bdef102d0bc5d31b2546345219e348575eb80e9a0?s=96&d=mm&r=g\",\"url\":\"https:\\\/\\\/secure.gravatar.com\\\/avatar\\\/37d968a2e67a6fd04c169c4bdef102d0bc5d31b2546345219e348575eb80e9a0?s=96&d=mm&r=g\",\"contentUrl\":\"https:\\\/\\\/secure.gravatar.com\\\/avatar\\\/37d968a2e67a6fd04c169c4bdef102d0bc5d31b2546345219e348575eb80e9a0?s=96&d=mm&r=g\",\"caption\":\"redazione\"},\"sameAs\":[\"http:\\\/\\\/www.bellunopress.it\",\"https:\\\/\\\/x.com\\\/bellunopress\"],\"url\":\"https:\\\/\\\/www.bellunopress.it\\\/fr\\\/author\\\/redazione\\\/\"}]}<\/script>\n<!-- \/ Yoast SEO plugin. -->","yoast_head_json":{"title":"Crac Banche. Un mese per chiedere il 12% di quanto perso. \u00c8 tempo che Banca Intesa distribuisca i 100 milioni promessi nel 2017\u00a0 - Bellunopress - Dolomiti","robots":{"index":"index","follow":"follow","max-snippet":"max-snippet:-1","max-image-preview":"max-image-preview:large","max-video-preview":"max-video-preview:-1"},"canonical":"https:\/\/www.bellunopress.it\/fr\/2020\/05\/17\/crac-banche-un-mese-per-chiedere-il-12-di-quanto-perso-e-tempo-che-banca-intesa-distribuisca-i-100-milioni-promessi-nel-2017\/","og_locale":"fr_FR","og_type":"article","og_title":"Crac Banche. Un mese per chiedere il 12% di quanto perso. \u00c8 tempo che Banca Intesa distribuisca i 100 milioni promessi nel 2017\u00a0 - Bellunopress - Dolomiti","og_description":"In questo periodo difficile e doloroso per le perdite umane ed economiche causate da Corona virus, il decreto 18\/2020 \u201cCura Italia\u201d, convertito a fine aprile in legge, recepiva s\u00ec la richiesta degli organismi dei truffati di poter anticipare il 40% del 30% , ossia un\u2019elemosina pari al 12% del danno patito , ma non dava [&hellip;]","og_url":"https:\/\/www.bellunopress.it\/fr\/2020\/05\/17\/crac-banche-un-mese-per-chiedere-il-12-di-quanto-perso-e-tempo-che-banca-intesa-distribuisca-i-100-milioni-promessi-nel-2017\/","og_site_name":"Bellunopress - Dolomiti","article_publisher":"https:\/\/www.facebook.com\/profile.php?id=100008943462799","article_published_time":"2020-05-17T10:57:09+00:00","og_image":[{"width":300,"height":178,"url":"https:\/\/www.bellunopress.it\/wp-content\/uploads\/2018\/08\/banche-venete-popolare-vicenza.jpg","type":"image\/jpeg"}],"author":"redazione","twitter_card":"summary_large_image","twitter_creator":"@bellunopress","twitter_site":"@bellunopress","twitter_misc":{"\u00c9crit par":"redazione","Dur\u00e9e de lecture estim\u00e9e":"6 minutes"},"schema":{"@context":"https:\/\/schema.org","@graph":[{"@type":"Article","@id":"https:\/\/www.bellunopress.it\/2020\/05\/17\/crac-banche-un-mese-per-chiedere-il-12-di-quanto-perso-e-tempo-che-banca-intesa-distribuisca-i-100-milioni-promessi-nel-2017\/#article","isPartOf":{"@id":"https:\/\/www.bellunopress.it\/2020\/05\/17\/crac-banche-un-mese-per-chiedere-il-12-di-quanto-perso-e-tempo-che-banca-intesa-distribuisca-i-100-milioni-promessi-nel-2017\/"},"author":{"name":"redazione","@id":"https:\/\/www.bellunopress.it\/#\/schema\/person\/79bb06722b37ece1c03d3e94beb30d73"},"headline":"Crac Banche. Un mese per chiedere il 12% di quanto perso. \u00c8 tempo che Banca Intesa distribuisca i 100 milioni promessi nel 2017\u00a0","datePublished":"2020-05-17T10:57:09+00:00","mainEntityOfPage":{"@id":"https:\/\/www.bellunopress.it\/2020\/05\/17\/crac-banche-un-mese-per-chiedere-il-12-di-quanto-perso-e-tempo-che-banca-intesa-distribuisca-i-100-milioni-promessi-nel-2017\/"},"wordCount":1315,"publisher":{"@id":"https:\/\/www.bellunopress.it\/#organization"},"image":{"@id":"https:\/\/www.bellunopress.it\/2020\/05\/17\/crac-banche-un-mese-per-chiedere-il-12-di-quanto-perso-e-tempo-che-banca-intesa-distribuisca-i-100-milioni-promessi-nel-2017\/#primaryimage"},"thumbnailUrl":"https:\/\/www.bellunopress.it\/wp-content\/uploads\/2018\/08\/banche-venete-popolare-vicenza.jpg","articleSection":["Gli speciali di Bellunopress","Prima Pagina","Societ\u00e0, Associazioni, Istituzioni"],"inLanguage":"fr-FR"},{"@type":"WebPage","@id":"https:\/\/www.bellunopress.it\/2020\/05\/17\/crac-banche-un-mese-per-chiedere-il-12-di-quanto-perso-e-tempo-che-banca-intesa-distribuisca-i-100-milioni-promessi-nel-2017\/","url":"https:\/\/www.bellunopress.it\/2020\/05\/17\/crac-banche-un-mese-per-chiedere-il-12-di-quanto-perso-e-tempo-che-banca-intesa-distribuisca-i-100-milioni-promessi-nel-2017\/","name":"Crac Banche. Un mese per chiedere il 12% di quanto perso. \u00c8 tempo che Banca Intesa distribuisca i 100 milioni promessi nel 2017\u00a0 - Bellunopress - Dolomiti","isPartOf":{"@id":"https:\/\/www.bellunopress.it\/#website"},"primaryImageOfPage":{"@id":"https:\/\/www.bellunopress.it\/2020\/05\/17\/crac-banche-un-mese-per-chiedere-il-12-di-quanto-perso-e-tempo-che-banca-intesa-distribuisca-i-100-milioni-promessi-nel-2017\/#primaryimage"},"image":{"@id":"https:\/\/www.bellunopress.it\/2020\/05\/17\/crac-banche-un-mese-per-chiedere-il-12-di-quanto-perso-e-tempo-che-banca-intesa-distribuisca-i-100-milioni-promessi-nel-2017\/#primaryimage"},"thumbnailUrl":"https:\/\/www.bellunopress.it\/wp-content\/uploads\/2018\/08\/banche-venete-popolare-vicenza.jpg","datePublished":"2020-05-17T10:57:09+00:00","breadcrumb":{"@id":"https:\/\/www.bellunopress.it\/2020\/05\/17\/crac-banche-un-mese-per-chiedere-il-12-di-quanto-perso-e-tempo-che-banca-intesa-distribuisca-i-100-milioni-promessi-nel-2017\/#breadcrumb"},"inLanguage":"fr-FR","potentialAction":[{"@type":"ReadAction","target":["https:\/\/www.bellunopress.it\/2020\/05\/17\/crac-banche-un-mese-per-chiedere-il-12-di-quanto-perso-e-tempo-che-banca-intesa-distribuisca-i-100-milioni-promessi-nel-2017\/"]}]},{"@type":"ImageObject","inLanguage":"fr-FR","@id":"https:\/\/www.bellunopress.it\/2020\/05\/17\/crac-banche-un-mese-per-chiedere-il-12-di-quanto-perso-e-tempo-che-banca-intesa-distribuisca-i-100-milioni-promessi-nel-2017\/#primaryimage","url":"https:\/\/www.bellunopress.it\/wp-content\/uploads\/2018\/08\/banche-venete-popolare-vicenza.jpg","contentUrl":"https:\/\/www.bellunopress.it\/wp-content\/uploads\/2018\/08\/banche-venete-popolare-vicenza.jpg","width":300,"height":178},{"@type":"BreadcrumbList","@id":"https:\/\/www.bellunopress.it\/2020\/05\/17\/crac-banche-un-mese-per-chiedere-il-12-di-quanto-perso-e-tempo-che-banca-intesa-distribuisca-i-100-milioni-promessi-nel-2017\/#breadcrumb","itemListElement":[{"@type":"ListItem","position":1,"name":"Home","item":"https:\/\/www.bellunopress.it\/"},{"@type":"ListItem","position":2,"name":"Crac Banche. Un mese per chiedere il 12% di quanto perso. \u00c8 tempo che Banca Intesa distribuisca i 100 milioni promessi nel 2017\u00a0"}]},{"@type":"WebSite","@id":"https:\/\/www.bellunopress.it\/#website","url":"https:\/\/www.bellunopress.it\/","name":"Bellunopress - Dolomiti","description":"e-mail: redazione@bellunopress.it","publisher":{"@id":"https:\/\/www.bellunopress.it\/#organization"},"potentialAction":[{"@type":"SearchAction","target":{"@type":"EntryPoint","urlTemplate":"https:\/\/www.bellunopress.it\/?s={search_term_string}"},"query-input":{"@type":"PropertyValueSpecification","valueRequired":true,"valueName":"search_term_string"}}],"inLanguage":"fr-FR"},{"@type":"Organization","@id":"https:\/\/www.bellunopress.it\/#organization","name":"Bellunopress","url":"https:\/\/www.bellunopress.it\/","logo":{"@type":"ImageObject","inLanguage":"fr-FR","@id":"https:\/\/www.bellunopress.it\/#\/schema\/logo\/image\/","url":"https:\/\/www.bellunopress.it\/wp-content\/uploads\/2011\/05\/cropped-logo-bellunopress-.jpg","contentUrl":"https:\/\/www.bellunopress.it\/wp-content\/uploads\/2011\/05\/cropped-logo-bellunopress-.jpg","width":512,"height":512,"caption":"Bellunopress"},"image":{"@id":"https:\/\/www.bellunopress.it\/#\/schema\/logo\/image\/"},"sameAs":["https:\/\/www.facebook.com\/profile.php?id=100008943462799","https:\/\/x.com\/bellunopress","https:\/\/www.linkedin.com\/hp\/?dnr=JBzUWaJfMUw8vbXJJ2tVW5-I3jZKvC4wsoxE&amp;amp;amp;amp;amp;amp;trk=nav_responsive_tab_home","https:\/\/www.youtube.com\/channel\/UCxL0wu1uN0_3_7hGG0306cw"]},{"@type":"Person","@id":"https:\/\/www.bellunopress.it\/#\/schema\/person\/79bb06722b37ece1c03d3e94beb30d73","name":"r\u00e9daction","image":{"@type":"ImageObject","inLanguage":"fr-FR","@id":"https:\/\/secure.gravatar.com\/avatar\/37d968a2e67a6fd04c169c4bdef102d0bc5d31b2546345219e348575eb80e9a0?s=96&d=mm&r=g","url":"https:\/\/secure.gravatar.com\/avatar\/37d968a2e67a6fd04c169c4bdef102d0bc5d31b2546345219e348575eb80e9a0?s=96&d=mm&r=g","contentUrl":"https:\/\/secure.gravatar.com\/avatar\/37d968a2e67a6fd04c169c4bdef102d0bc5d31b2546345219e348575eb80e9a0?s=96&d=mm&r=g","caption":"redazione"},"sameAs":["http:\/\/www.bellunopress.it","https:\/\/x.com\/bellunopress"],"url":"https:\/\/www.bellunopress.it\/fr\/author\/redazione\/"}]}},"_links":{"self":[{"href":"https:\/\/www.bellunopress.it\/fr\/wp-json\/wp\/v2\/posts\/114474","targetHints":{"allow":["GET"]}}],"collection":[{"href":"https:\/\/www.bellunopress.it\/fr\/wp-json\/wp\/v2\/posts"}],"about":[{"href":"https:\/\/www.bellunopress.it\/fr\/wp-json\/wp\/v2\/types\/post"}],"author":[{"embeddable":true,"href":"https:\/\/www.bellunopress.it\/fr\/wp-json\/wp\/v2\/users\/2"}],"replies":[{"embeddable":true,"href":"https:\/\/www.bellunopress.it\/fr\/wp-json\/wp\/v2\/comments?post=114474"}],"version-history":[{"count":1,"href":"https:\/\/www.bellunopress.it\/fr\/wp-json\/wp\/v2\/posts\/114474\/revisions"}],"predecessor-version":[{"id":114475,"href":"https:\/\/www.bellunopress.it\/fr\/wp-json\/wp\/v2\/posts\/114474\/revisions\/114475"}],"wp:featuredmedia":[{"embeddable":true,"href":"https:\/\/www.bellunopress.it\/fr\/wp-json\/wp\/v2\/media\/97237"}],"wp:attachment":[{"href":"https:\/\/www.bellunopress.it\/fr\/wp-json\/wp\/v2\/media?parent=114474"}],"wp:term":[{"taxonomy":"category","embeddable":true,"href":"https:\/\/www.bellunopress.it\/fr\/wp-json\/wp\/v2\/categories?post=114474"},{"taxonomy":"post_tag","embeddable":true,"href":"https:\/\/www.bellunopress.it\/fr\/wp-json\/wp\/v2\/tags?post=114474"}],"curies":[{"name":"wp","href":"https:\/\/api.w.org\/{rel}","templated":true}]}}