{"id":11430,"date":"2010-01-12T15:02:01","date_gmt":"2010-01-12T14:02:01","guid":{"rendered":"http:\/\/www.bellunopress.it\/?p=11430"},"modified":"2010-01-12T15:02:01","modified_gmt":"2010-01-12T14:02:01","slug":"turismo-sanitario-sandri-%e2%80%9cin-nessun-modo-questa-nuova-iniziativa-andra-ad-incidere-su-modalita-e-tempi-di-erogazione-del-servizio-sanitario-regionale%e2%80%9d","status":"publish","type":"post","link":"https:\/\/www.bellunopress.it\/fr\/2010\/01\/12\/turismo-sanitario-sandri-%e2%80%9cin-nessun-modo-questa-nuova-iniziativa-andra-ad-incidere-su-modalita-e-tempi-di-erogazione-del-servizio-sanitario-regionale%e2%80%9d\/","title":{"rendered":"Turismo sanitario. Sandri: \u201cin nessun modo questa nuova iniziativa andr\u00e0 ad incidere su modalit\u00e0 e tempi di erogazione del servizio sanitario regionale\u201d"},"content":{"rendered":"<figure id=\"attachment_7768\" aria-describedby=\"caption-attachment-7768\" style=\"width: 88px\" class=\"wp-caption alignleft\"><a href=\"http:\/\/www.bellunopress.it\/wp-content\/uploads\/2009\/09\/sandro-sandri-assessore-regionale-sanita.jpg\"><img loading=\"lazy\" decoding=\"async\" class=\"size-medium wp-image-7768\" title=\"sandro-sandri-assessore-regionale-sanita\" src=\"http:\/\/www.bellunopress.it\/wp-content\/uploads\/2009\/09\/sandro-sandri-assessore-regionale-sanita.jpg\" alt=\"Sandro Sandri assessore regionale \" width=\"88\" height=\"90\" \/><\/a><figcaption id=\"caption-attachment-7768\" class=\"wp-caption-text\">Sandro Sandri assessore regionale <\/figcaption><\/figure>\n<p>L\u2019eccellenza sanitaria e la qualit\u00e0 dell\u2019offerta turistica, due \u201cpezzi forti\u201d del Veneto, possono unire gli sforzi e puntare a sinergie importanti per creare una nicchia, definita \u201cturismo sanitario\u201d, che nel mondo, gi\u00e0 oggi, vale centinaia di milioni di euro di fatturato. Ne sono convinti il Vicepresidente della Regione e Assessore al Turismo Franco Manzato e l\u2019Assessore alla Sanit\u00e0 Sandro Sandri che oggi, a Venezia, hanno presentato un\u2019iniziativa forte del Veneto su questo fronte, con l\u2019istituzione di una Tavolo di Lavoro tra i due assessorati che avr\u00e0 il compito di individuare aree sanitarie e tipologie di offerta turistica da integrare in veri e propri \u201cpacchetti\u201d per far entrare il sistema-veneto nel grande business internazionale del turismo sanitario. \u201cSi parte da basi forti e concrete \u2013 hanno tenuto a sottolineare Manzato e Sandri \u2013 che sono le riconosciute eccellenze mondiali della nostra sanit\u00e0 e della nostra offerta turistica ed alcuni punti fermi, come le convenzioni sanitarie gi\u00e0 in atto tra il Veneto e 7 importanti mutue tedesche (16 milioni di assistiti) e con l\u2019assicurazione sanitaria privata americana Hth Worldwide (con milioni di clienti in tutti gli Usa); la capacit\u00e0 di sintesi tra sanit\u00e0 e turismo del bacino termale; gli accertati flussi di almeno un milione di cittadini della terza et\u00e0 che dal nord Europa ogni anno \u201cemigrano\u201d a sud nei mesi invernali; la realt\u00e0 sanitaria americana, i cui costi per il cittadino (pur se assicurato) arrivano ad essere superiori anche del 70% rispetto ai nostri, e per questo spingono le stesse assicurazioni statunitensi ad indirizzare i loro clienti verso la sanit\u00e0 estera\u201d. L\u2019iniziativa vedr\u00e0 coinvolto il sistema sanitario sia pubblico che privato, l\u2019intero sistema turistico, e la rete di cooperazioni che il Veneto ha in atto con molte Regioni estere. Non a caso, oggi erano presenti in Regione esponenti della sanit\u00e0 privata veneta, i Direttori Generali delle Ullss 9 di Treviso, Claudio Dario, e 10 del Veneto Orientale, Paolo Stocco, esperti della Baviera e della Catalogna. L\u2019occasione per il \u201clancio\u201d di questa nuova offerta veneta arriver\u00e0 poi a maggio quando, a Monastier di Treviso, si terr\u00e0 la terza edizione di \u201cEuropean Medical Travel Conference\u201d (EMTC), la pi\u00f9 grande conferenza europea in materia di turismo sanitario, che approda in Italia dopo aver toccato Germania e Ungheria nelle due precedenti edizioni. \u201cQuesto tipo di offerta \u2013 ha detto il tedesco Uwe Klein, capo dell\u2019organizzazione di EMTC \u2013 \u00e8 poco sviluppato in Italia, ma costituisce una fonte di business molto importante, anche pensando ai mercati dei paesi arabi, la cui presenza di esponenti di spicco sar\u00e0 la grande novit\u00e0 del meeting di Monastier. Pensiamo che per il vostro Paese una stima prudenziale sia attorno ai 207 milioni di euro di fatturato l\u2019anno\u201d. Sandri ha tenuto a precisare che \u201cin nessun modo questa nuova iniziativa andr\u00e0 ad incidere su modalit\u00e0 e tempi di erogazione del servizio sanitario regionale\u201d. Manzato, da parte sua, ha sottolineato che \u201coggi dobbiamo uscire dalle difficolt\u00e0 contingenti sfruttando i nuovi turismi e le possibilit\u00e0 che offrono strade diverse di incoming rispetto a quelle finora adottate, come questa che parte oggi\u201d.<\/p>","protected":false},"excerpt":{"rendered":"<p>L\u2019eccellenza sanitaria e la qualit\u00e0 dell\u2019offerta turistica, due \u201cpezzi forti\u201d del Veneto, possono unire gli sforzi e puntare a sinergie importanti per creare una nicchia, definita \u201cturismo sanitario\u201d, che nel mondo, gi\u00e0 oggi, vale centinaia di milioni di euro di fatturato. Ne sono convinti il Vicepresidente della Regione e Assessore al Turismo Franco Manzato e [&hellip;]<\/p>\n","protected":false},"author":2,"featured_media":0,"comment_status":"closed","ping_status":"open","sticky":false,"template":"","format":"standard","meta":{"footnotes":""},"categories":[26,17],"tags":[3050],"class_list":["post-11430","post","type-post","status-publish","format-standard","category-prima-pagina","category-sanita","tag-sanita"],"yoast_head":"<!-- This site is optimized with the Yoast SEO plugin v28.4 - https:\/\/yoast.com\/product\/yoast-seo-wordpress\/ -->\n<title>Turismo sanitario. Sandri: \u201cin nessun modo questa nuova iniziativa andr\u00e0 ad incidere su modalit\u00e0 e tempi di erogazione del servizio sanitario regionale\u201d - Bellunopress - Dolomiti<\/title>\n<meta name=\"robots\" content=\"index, follow, max-snippet:-1, max-image-preview:large, max-video-preview:-1\" \/>\n<link rel=\"canonical\" href=\"https:\/\/www.bellunopress.it\/fr\/2010\/01\/12\/turismo-sanitario-sandri-\u201cin-nessun-modo-questa-nuova-iniziativa-andra-ad-incidere-su-modalita-e-tempi-di-erogazione-del-servizio-sanitario-regionale\u201d\/\" \/>\n<meta property=\"og:locale\" content=\"fr_FR\" \/>\n<meta property=\"og:type\" content=\"article\" \/>\n<meta property=\"og:title\" content=\"Turismo sanitario. Sandri: \u201cin nessun modo questa nuova iniziativa andr\u00e0 ad incidere su modalit\u00e0 e tempi di erogazione del servizio sanitario regionale\u201d - Bellunopress - Dolomiti\" \/>\n<meta property=\"og:description\" content=\"L\u2019eccellenza sanitaria e la qualit\u00e0 dell\u2019offerta turistica, due \u201cpezzi forti\u201d del Veneto, possono unire gli sforzi e puntare a sinergie importanti per creare una nicchia, definita \u201cturismo sanitario\u201d, che nel mondo, gi\u00e0 oggi, vale centinaia di milioni di euro di fatturato. Ne sono convinti il Vicepresidente della Regione e Assessore al Turismo Franco Manzato e [&hellip;]\" \/>\n<meta property=\"og:url\" content=\"https:\/\/www.bellunopress.it\/fr\/2010\/01\/12\/turismo-sanitario-sandri-\u201cin-nessun-modo-questa-nuova-iniziativa-andra-ad-incidere-su-modalita-e-tempi-di-erogazione-del-servizio-sanitario-regionale\u201d\/\" \/>\n<meta property=\"og:site_name\" content=\"Bellunopress - Dolomiti\" \/>\n<meta property=\"article:publisher\" content=\"https:\/\/www.facebook.com\/profile.php?id=100008943462799\" \/>\n<meta property=\"article:published_time\" content=\"2010-01-12T14:02:01+00:00\" \/>\n<meta property=\"og:image\" content=\"http:\/\/www.bellunopress.it\/wp-content\/uploads\/2009\/09\/sandro-sandri-assessore-regionale-sanita.jpg\" \/>\n<meta name=\"author\" content=\"redazione\" \/>\n<meta name=\"twitter:card\" content=\"summary_large_image\" \/>\n<meta name=\"twitter:creator\" content=\"@bellunopress\" \/>\n<meta name=\"twitter:site\" content=\"@bellunopress\" \/>\n<meta name=\"twitter:label1\" content=\"\u00c9crit par\" \/>\n\t<meta name=\"twitter:data1\" content=\"redazione\" \/>\n\t<meta name=\"twitter:label2\" content=\"Dur\u00e9e de lecture estim\u00e9e\" \/>\n\t<meta name=\"twitter:data2\" content=\"3 minutes\" \/>\n<script type=\"application\/ld+json\" class=\"yoast-schema-graph\">{\"@context\":\"https:\\\/\\\/schema.org\",\"@graph\":[{\"@type\":\"Article\",\"@id\":\"https:\\\/\\\/www.bellunopress.it\\\/2010\\\/01\\\/12\\\/turismo-sanitario-sandri-%e2%80%9cin-nessun-modo-questa-nuova-iniziativa-andra-ad-incidere-su-modalita-e-tempi-di-erogazione-del-servizio-sanitario-regionale%e2%80%9d\\\/#article\",\"isPartOf\":{\"@id\":\"https:\\\/\\\/www.bellunopress.it\\\/2010\\\/01\\\/12\\\/turismo-sanitario-sandri-%e2%80%9cin-nessun-modo-questa-nuova-iniziativa-andra-ad-incidere-su-modalita-e-tempi-di-erogazione-del-servizio-sanitario-regionale%e2%80%9d\\\/\"},\"author\":{\"name\":\"redazione\",\"@id\":\"https:\\\/\\\/www.bellunopress.it\\\/#\\\/schema\\\/person\\\/79bb06722b37ece1c03d3e94beb30d73\"},\"headline\":\"Turismo sanitario. Sandri: \u201cin nessun modo questa nuova iniziativa andr\u00e0 ad incidere su modalit\u00e0 e tempi di erogazione del servizio sanitario regionale\u201d\",\"datePublished\":\"2010-01-12T14:02:01+00:00\",\"mainEntityOfPage\":{\"@id\":\"https:\\\/\\\/www.bellunopress.it\\\/2010\\\/01\\\/12\\\/turismo-sanitario-sandri-%e2%80%9cin-nessun-modo-questa-nuova-iniziativa-andra-ad-incidere-su-modalita-e-tempi-di-erogazione-del-servizio-sanitario-regionale%e2%80%9d\\\/\"},\"wordCount\":542,\"publisher\":{\"@id\":\"https:\\\/\\\/www.bellunopress.it\\\/#organization\"},\"image\":{\"@id\":\"https:\\\/\\\/www.bellunopress.it\\\/2010\\\/01\\\/12\\\/turismo-sanitario-sandri-%e2%80%9cin-nessun-modo-questa-nuova-iniziativa-andra-ad-incidere-su-modalita-e-tempi-di-erogazione-del-servizio-sanitario-regionale%e2%80%9d\\\/#primaryimage\"},\"thumbnailUrl\":\"http:\\\/\\\/www.bellunopress.it\\\/wp-content\\\/uploads\\\/2009\\\/09\\\/sandro-sandri-assessore-regionale-sanita.jpg\",\"keywords\":[\"Sanit\u00e0\"],\"articleSection\":[\"Prima Pagina\",\"Sanit\u00e0 Medicina\"],\"inLanguage\":\"fr-FR\"},{\"@type\":\"WebPage\",\"@id\":\"https:\\\/\\\/www.bellunopress.it\\\/2010\\\/01\\\/12\\\/turismo-sanitario-sandri-%e2%80%9cin-nessun-modo-questa-nuova-iniziativa-andra-ad-incidere-su-modalita-e-tempi-di-erogazione-del-servizio-sanitario-regionale%e2%80%9d\\\/\",\"url\":\"https:\\\/\\\/www.bellunopress.it\\\/2010\\\/01\\\/12\\\/turismo-sanitario-sandri-%e2%80%9cin-nessun-modo-questa-nuova-iniziativa-andra-ad-incidere-su-modalita-e-tempi-di-erogazione-del-servizio-sanitario-regionale%e2%80%9d\\\/\",\"name\":\"Turismo sanitario. Sandri: \u201cin nessun modo questa nuova iniziativa andr\u00e0 ad incidere su modalit\u00e0 e tempi di erogazione del servizio sanitario regionale\u201d - Bellunopress - Dolomiti\",\"isPartOf\":{\"@id\":\"https:\\\/\\\/www.bellunopress.it\\\/#website\"},\"primaryImageOfPage\":{\"@id\":\"https:\\\/\\\/www.bellunopress.it\\\/2010\\\/01\\\/12\\\/turismo-sanitario-sandri-%e2%80%9cin-nessun-modo-questa-nuova-iniziativa-andra-ad-incidere-su-modalita-e-tempi-di-erogazione-del-servizio-sanitario-regionale%e2%80%9d\\\/#primaryimage\"},\"image\":{\"@id\":\"https:\\\/\\\/www.bellunopress.it\\\/2010\\\/01\\\/12\\\/turismo-sanitario-sandri-%e2%80%9cin-nessun-modo-questa-nuova-iniziativa-andra-ad-incidere-su-modalita-e-tempi-di-erogazione-del-servizio-sanitario-regionale%e2%80%9d\\\/#primaryimage\"},\"thumbnailUrl\":\"http:\\\/\\\/www.bellunopress.it\\\/wp-content\\\/uploads\\\/2009\\\/09\\\/sandro-sandri-assessore-regionale-sanita.jpg\",\"datePublished\":\"2010-01-12T14:02:01+00:00\",\"breadcrumb\":{\"@id\":\"https:\\\/\\\/www.bellunopress.it\\\/2010\\\/01\\\/12\\\/turismo-sanitario-sandri-%e2%80%9cin-nessun-modo-questa-nuova-iniziativa-andra-ad-incidere-su-modalita-e-tempi-di-erogazione-del-servizio-sanitario-regionale%e2%80%9d\\\/#breadcrumb\"},\"inLanguage\":\"fr-FR\",\"potentialAction\":[{\"@type\":\"ReadAction\",\"target\":[\"https:\\\/\\\/www.bellunopress.it\\\/2010\\\/01\\\/12\\\/turismo-sanitario-sandri-%e2%80%9cin-nessun-modo-questa-nuova-iniziativa-andra-ad-incidere-su-modalita-e-tempi-di-erogazione-del-servizio-sanitario-regionale%e2%80%9d\\\/\"]}]},{\"@type\":\"ImageObject\",\"inLanguage\":\"fr-FR\",\"@id\":\"https:\\\/\\\/www.bellunopress.it\\\/2010\\\/01\\\/12\\\/turismo-sanitario-sandri-%e2%80%9cin-nessun-modo-questa-nuova-iniziativa-andra-ad-incidere-su-modalita-e-tempi-di-erogazione-del-servizio-sanitario-regionale%e2%80%9d\\\/#primaryimage\",\"url\":\"http:\\\/\\\/www.bellunopress.it\\\/wp-content\\\/uploads\\\/2009\\\/09\\\/sandro-sandri-assessore-regionale-sanita.jpg\",\"contentUrl\":\"http:\\\/\\\/www.bellunopress.it\\\/wp-content\\\/uploads\\\/2009\\\/09\\\/sandro-sandri-assessore-regionale-sanita.jpg\"},{\"@type\":\"BreadcrumbList\",\"@id\":\"https:\\\/\\\/www.bellunopress.it\\\/2010\\\/01\\\/12\\\/turismo-sanitario-sandri-%e2%80%9cin-nessun-modo-questa-nuova-iniziativa-andra-ad-incidere-su-modalita-e-tempi-di-erogazione-del-servizio-sanitario-regionale%e2%80%9d\\\/#breadcrumb\",\"itemListElement\":[{\"@type\":\"ListItem\",\"position\":1,\"name\":\"Home\",\"item\":\"https:\\\/\\\/www.bellunopress.it\\\/\"},{\"@type\":\"ListItem\",\"position\":2,\"name\":\"Turismo sanitario. Sandri: \u201cin nessun modo questa nuova iniziativa andr\u00e0 ad incidere su modalit\u00e0 e tempi di erogazione del servizio sanitario regionale\u201d\"}]},{\"@type\":\"WebSite\",\"@id\":\"https:\\\/\\\/www.bellunopress.it\\\/#website\",\"url\":\"https:\\\/\\\/www.bellunopress.it\\\/\",\"name\":\"Bellunopress - Dolomiti\",\"description\":\"e-mail: redazione@bellunopress.it\",\"publisher\":{\"@id\":\"https:\\\/\\\/www.bellunopress.it\\\/#organization\"},\"potentialAction\":[{\"@type\":\"SearchAction\",\"target\":{\"@type\":\"EntryPoint\",\"urlTemplate\":\"https:\\\/\\\/www.bellunopress.it\\\/?s={search_term_string}\"},\"query-input\":{\"@type\":\"PropertyValueSpecification\",\"valueRequired\":true,\"valueName\":\"search_term_string\"}}],\"inLanguage\":\"fr-FR\"},{\"@type\":\"Organization\",\"@id\":\"https:\\\/\\\/www.bellunopress.it\\\/#organization\",\"name\":\"Bellunopress\",\"url\":\"https:\\\/\\\/www.bellunopress.it\\\/\",\"logo\":{\"@type\":\"ImageObject\",\"inLanguage\":\"fr-FR\",\"@id\":\"https:\\\/\\\/www.bellunopress.it\\\/#\\\/schema\\\/logo\\\/image\\\/\",\"url\":\"https:\\\/\\\/www.bellunopress.it\\\/wp-content\\\/uploads\\\/2011\\\/05\\\/cropped-logo-bellunopress-.jpg\",\"contentUrl\":\"https:\\\/\\\/www.bellunopress.it\\\/wp-content\\\/uploads\\\/2011\\\/05\\\/cropped-logo-bellunopress-.jpg\",\"width\":512,\"height\":512,\"caption\":\"Bellunopress\"},\"image\":{\"@id\":\"https:\\\/\\\/www.bellunopress.it\\\/#\\\/schema\\\/logo\\\/image\\\/\"},\"sameAs\":[\"https:\\\/\\\/www.facebook.com\\\/profile.php?id=100008943462799\",\"https:\\\/\\\/x.com\\\/bellunopress\",\"https:\\\/\\\/www.linkedin.com\\\/hp\\\/?dnr=JBzUWaJfMUw8vbXJJ2tVW5-I3jZKvC4wsoxE&amp;amp;amp;amp;amp;amp;trk=nav_responsive_tab_home\",\"https:\\\/\\\/www.youtube.com\\\/channel\\\/UCxL0wu1uN0_3_7hGG0306cw\"]},{\"@type\":\"Person\",\"@id\":\"https:\\\/\\\/www.bellunopress.it\\\/#\\\/schema\\\/person\\\/79bb06722b37ece1c03d3e94beb30d73\",\"name\":\"redazione\",\"image\":{\"@type\":\"ImageObject\",\"inLanguage\":\"fr-FR\",\"@id\":\"https:\\\/\\\/secure.gravatar.com\\\/avatar\\\/37d968a2e67a6fd04c169c4bdef102d0bc5d31b2546345219e348575eb80e9a0?s=96&d=mm&r=g\",\"url\":\"https:\\\/\\\/secure.gravatar.com\\\/avatar\\\/37d968a2e67a6fd04c169c4bdef102d0bc5d31b2546345219e348575eb80e9a0?s=96&d=mm&r=g\",\"contentUrl\":\"https:\\\/\\\/secure.gravatar.com\\\/avatar\\\/37d968a2e67a6fd04c169c4bdef102d0bc5d31b2546345219e348575eb80e9a0?s=96&d=mm&r=g\",\"caption\":\"redazione\"},\"sameAs\":[\"http:\\\/\\\/www.bellunopress.it\",\"https:\\\/\\\/x.com\\\/bellunopress\"],\"url\":\"https:\\\/\\\/www.bellunopress.it\\\/fr\\\/author\\\/redazione\\\/\"}]}<\/script>\n<!-- \/ Yoast SEO plugin. -->","yoast_head_json":{"title":"Turismo sanitario. Sandri: \u201cin nessun modo questa nuova iniziativa andr\u00e0 ad incidere su modalit\u00e0 e tempi di erogazione del servizio sanitario regionale\u201d - Bellunopress - Dolomiti","robots":{"index":"index","follow":"follow","max-snippet":"max-snippet:-1","max-image-preview":"max-image-preview:large","max-video-preview":"max-video-preview:-1"},"canonical":"https:\/\/www.bellunopress.it\/fr\/2010\/01\/12\/turismo-sanitario-sandri-\u201cin-nessun-modo-questa-nuova-iniziativa-andra-ad-incidere-su-modalita-e-tempi-di-erogazione-del-servizio-sanitario-regionale\u201d\/","og_locale":"fr_FR","og_type":"article","og_title":"Turismo sanitario. Sandri: \u201cin nessun modo questa nuova iniziativa andr\u00e0 ad incidere su modalit\u00e0 e tempi di erogazione del servizio sanitario regionale\u201d - Bellunopress - Dolomiti","og_description":"L\u2019eccellenza sanitaria e la qualit\u00e0 dell\u2019offerta turistica, due \u201cpezzi forti\u201d del Veneto, possono unire gli sforzi e puntare a sinergie importanti per creare una nicchia, definita \u201cturismo sanitario\u201d, che nel mondo, gi\u00e0 oggi, vale centinaia di milioni di euro di fatturato. Ne sono convinti il Vicepresidente della Regione e Assessore al Turismo Franco Manzato e [&hellip;]","og_url":"https:\/\/www.bellunopress.it\/fr\/2010\/01\/12\/turismo-sanitario-sandri-\u201cin-nessun-modo-questa-nuova-iniziativa-andra-ad-incidere-su-modalita-e-tempi-di-erogazione-del-servizio-sanitario-regionale\u201d\/","og_site_name":"Bellunopress - Dolomiti","article_publisher":"https:\/\/www.facebook.com\/profile.php?id=100008943462799","article_published_time":"2010-01-12T14:02:01+00:00","og_image":[{"url":"http:\/\/www.bellunopress.it\/wp-content\/uploads\/2009\/09\/sandro-sandri-assessore-regionale-sanita.jpg","type":"","width":"","height":""}],"author":"redazione","twitter_card":"summary_large_image","twitter_creator":"@bellunopress","twitter_site":"@bellunopress","twitter_misc":{"\u00c9crit par":"redazione","Dur\u00e9e de lecture estim\u00e9e":"3 minutes"},"schema":{"@context":"https:\/\/schema.org","@graph":[{"@type":"Article","@id":"https:\/\/www.bellunopress.it\/2010\/01\/12\/turismo-sanitario-sandri-%e2%80%9cin-nessun-modo-questa-nuova-iniziativa-andra-ad-incidere-su-modalita-e-tempi-di-erogazione-del-servizio-sanitario-regionale%e2%80%9d\/#article","isPartOf":{"@id":"https:\/\/www.bellunopress.it\/2010\/01\/12\/turismo-sanitario-sandri-%e2%80%9cin-nessun-modo-questa-nuova-iniziativa-andra-ad-incidere-su-modalita-e-tempi-di-erogazione-del-servizio-sanitario-regionale%e2%80%9d\/"},"author":{"name":"redazione","@id":"https:\/\/www.bellunopress.it\/#\/schema\/person\/79bb06722b37ece1c03d3e94beb30d73"},"headline":"Turismo sanitario. Sandri: \u201cin nessun modo questa nuova iniziativa andr\u00e0 ad incidere su modalit\u00e0 e tempi di erogazione del servizio sanitario regionale\u201d","datePublished":"2010-01-12T14:02:01+00:00","mainEntityOfPage":{"@id":"https:\/\/www.bellunopress.it\/2010\/01\/12\/turismo-sanitario-sandri-%e2%80%9cin-nessun-modo-questa-nuova-iniziativa-andra-ad-incidere-su-modalita-e-tempi-di-erogazione-del-servizio-sanitario-regionale%e2%80%9d\/"},"wordCount":542,"publisher":{"@id":"https:\/\/www.bellunopress.it\/#organization"},"image":{"@id":"https:\/\/www.bellunopress.it\/2010\/01\/12\/turismo-sanitario-sandri-%e2%80%9cin-nessun-modo-questa-nuova-iniziativa-andra-ad-incidere-su-modalita-e-tempi-di-erogazione-del-servizio-sanitario-regionale%e2%80%9d\/#primaryimage"},"thumbnailUrl":"http:\/\/www.bellunopress.it\/wp-content\/uploads\/2009\/09\/sandro-sandri-assessore-regionale-sanita.jpg","keywords":["Sanit\u00e0"],"articleSection":["Prima Pagina","Sanit\u00e0 Medicina"],"inLanguage":"fr-FR"},{"@type":"WebPage","@id":"https:\/\/www.bellunopress.it\/2010\/01\/12\/turismo-sanitario-sandri-%e2%80%9cin-nessun-modo-questa-nuova-iniziativa-andra-ad-incidere-su-modalita-e-tempi-di-erogazione-del-servizio-sanitario-regionale%e2%80%9d\/","url":"https:\/\/www.bellunopress.it\/2010\/01\/12\/turismo-sanitario-sandri-%e2%80%9cin-nessun-modo-questa-nuova-iniziativa-andra-ad-incidere-su-modalita-e-tempi-di-erogazione-del-servizio-sanitario-regionale%e2%80%9d\/","name":"Turismo sanitario. Sandri: \u201cin nessun modo questa nuova iniziativa andr\u00e0 ad incidere su modalit\u00e0 e tempi di erogazione del servizio sanitario regionale\u201d - Bellunopress - Dolomiti","isPartOf":{"@id":"https:\/\/www.bellunopress.it\/#website"},"primaryImageOfPage":{"@id":"https:\/\/www.bellunopress.it\/2010\/01\/12\/turismo-sanitario-sandri-%e2%80%9cin-nessun-modo-questa-nuova-iniziativa-andra-ad-incidere-su-modalita-e-tempi-di-erogazione-del-servizio-sanitario-regionale%e2%80%9d\/#primaryimage"},"image":{"@id":"https:\/\/www.bellunopress.it\/2010\/01\/12\/turismo-sanitario-sandri-%e2%80%9cin-nessun-modo-questa-nuova-iniziativa-andra-ad-incidere-su-modalita-e-tempi-di-erogazione-del-servizio-sanitario-regionale%e2%80%9d\/#primaryimage"},"thumbnailUrl":"http:\/\/www.bellunopress.it\/wp-content\/uploads\/2009\/09\/sandro-sandri-assessore-regionale-sanita.jpg","datePublished":"2010-01-12T14:02:01+00:00","breadcrumb":{"@id":"https:\/\/www.bellunopress.it\/2010\/01\/12\/turismo-sanitario-sandri-%e2%80%9cin-nessun-modo-questa-nuova-iniziativa-andra-ad-incidere-su-modalita-e-tempi-di-erogazione-del-servizio-sanitario-regionale%e2%80%9d\/#breadcrumb"},"inLanguage":"fr-FR","potentialAction":[{"@type":"ReadAction","target":["https:\/\/www.bellunopress.it\/2010\/01\/12\/turismo-sanitario-sandri-%e2%80%9cin-nessun-modo-questa-nuova-iniziativa-andra-ad-incidere-su-modalita-e-tempi-di-erogazione-del-servizio-sanitario-regionale%e2%80%9d\/"]}]},{"@type":"ImageObject","inLanguage":"fr-FR","@id":"https:\/\/www.bellunopress.it\/2010\/01\/12\/turismo-sanitario-sandri-%e2%80%9cin-nessun-modo-questa-nuova-iniziativa-andra-ad-incidere-su-modalita-e-tempi-di-erogazione-del-servizio-sanitario-regionale%e2%80%9d\/#primaryimage","url":"http:\/\/www.bellunopress.it\/wp-content\/uploads\/2009\/09\/sandro-sandri-assessore-regionale-sanita.jpg","contentUrl":"http:\/\/www.bellunopress.it\/wp-content\/uploads\/2009\/09\/sandro-sandri-assessore-regionale-sanita.jpg"},{"@type":"BreadcrumbList","@id":"https:\/\/www.bellunopress.it\/2010\/01\/12\/turismo-sanitario-sandri-%e2%80%9cin-nessun-modo-questa-nuova-iniziativa-andra-ad-incidere-su-modalita-e-tempi-di-erogazione-del-servizio-sanitario-regionale%e2%80%9d\/#breadcrumb","itemListElement":[{"@type":"ListItem","position":1,"name":"Home","item":"https:\/\/www.bellunopress.it\/"},{"@type":"ListItem","position":2,"name":"Turismo sanitario. Sandri: \u201cin nessun modo questa nuova iniziativa andr\u00e0 ad incidere su modalit\u00e0 e tempi di erogazione del servizio sanitario regionale\u201d"}]},{"@type":"WebSite","@id":"https:\/\/www.bellunopress.it\/#website","url":"https:\/\/www.bellunopress.it\/","name":"Bellunopress - Dolomiti","description":"e-mail: redazione@bellunopress.it","publisher":{"@id":"https:\/\/www.bellunopress.it\/#organization"},"potentialAction":[{"@type":"SearchAction","target":{"@type":"EntryPoint","urlTemplate":"https:\/\/www.bellunopress.it\/?s={search_term_string}"},"query-input":{"@type":"PropertyValueSpecification","valueRequired":true,"valueName":"search_term_string"}}],"inLanguage":"fr-FR"},{"@type":"Organization","@id":"https:\/\/www.bellunopress.it\/#organization","name":"Bellunopress","url":"https:\/\/www.bellunopress.it\/","logo":{"@type":"ImageObject","inLanguage":"fr-FR","@id":"https:\/\/www.bellunopress.it\/#\/schema\/logo\/image\/","url":"https:\/\/www.bellunopress.it\/wp-content\/uploads\/2011\/05\/cropped-logo-bellunopress-.jpg","contentUrl":"https:\/\/www.bellunopress.it\/wp-content\/uploads\/2011\/05\/cropped-logo-bellunopress-.jpg","width":512,"height":512,"caption":"Bellunopress"},"image":{"@id":"https:\/\/www.bellunopress.it\/#\/schema\/logo\/image\/"},"sameAs":["https:\/\/www.facebook.com\/profile.php?id=100008943462799","https:\/\/x.com\/bellunopress","https:\/\/www.linkedin.com\/hp\/?dnr=JBzUWaJfMUw8vbXJJ2tVW5-I3jZKvC4wsoxE&amp;amp;amp;amp;amp;amp;trk=nav_responsive_tab_home","https:\/\/www.youtube.com\/channel\/UCxL0wu1uN0_3_7hGG0306cw"]},{"@type":"Person","@id":"https:\/\/www.bellunopress.it\/#\/schema\/person\/79bb06722b37ece1c03d3e94beb30d73","name":"r\u00e9daction","image":{"@type":"ImageObject","inLanguage":"fr-FR","@id":"https:\/\/secure.gravatar.com\/avatar\/37d968a2e67a6fd04c169c4bdef102d0bc5d31b2546345219e348575eb80e9a0?s=96&d=mm&r=g","url":"https:\/\/secure.gravatar.com\/avatar\/37d968a2e67a6fd04c169c4bdef102d0bc5d31b2546345219e348575eb80e9a0?s=96&d=mm&r=g","contentUrl":"https:\/\/secure.gravatar.com\/avatar\/37d968a2e67a6fd04c169c4bdef102d0bc5d31b2546345219e348575eb80e9a0?s=96&d=mm&r=g","caption":"redazione"},"sameAs":["http:\/\/www.bellunopress.it","https:\/\/x.com\/bellunopress"],"url":"https:\/\/www.bellunopress.it\/fr\/author\/redazione\/"}]}},"_links":{"self":[{"href":"https:\/\/www.bellunopress.it\/fr\/wp-json\/wp\/v2\/posts\/11430","targetHints":{"allow":["GET"]}}],"collection":[{"href":"https:\/\/www.bellunopress.it\/fr\/wp-json\/wp\/v2\/posts"}],"about":[{"href":"https:\/\/www.bellunopress.it\/fr\/wp-json\/wp\/v2\/types\/post"}],"author":[{"embeddable":true,"href":"https:\/\/www.bellunopress.it\/fr\/wp-json\/wp\/v2\/users\/2"}],"replies":[{"embeddable":true,"href":"https:\/\/www.bellunopress.it\/fr\/wp-json\/wp\/v2\/comments?post=11430"}],"version-history":[{"count":1,"href":"https:\/\/www.bellunopress.it\/fr\/wp-json\/wp\/v2\/posts\/11430\/revisions"}],"predecessor-version":[{"id":11431,"href":"https:\/\/www.bellunopress.it\/fr\/wp-json\/wp\/v2\/posts\/11430\/revisions\/11431"}],"wp:attachment":[{"href":"https:\/\/www.bellunopress.it\/fr\/wp-json\/wp\/v2\/media?parent=11430"}],"wp:term":[{"taxonomy":"category","embeddable":true,"href":"https:\/\/www.bellunopress.it\/fr\/wp-json\/wp\/v2\/categories?post=11430"},{"taxonomy":"post_tag","embeddable":true,"href":"https:\/\/www.bellunopress.it\/fr\/wp-json\/wp\/v2\/tags?post=11430"}],"curies":[{"name":"wp","href":"https:\/\/api.w.org\/{rel}","templated":true}]}}