{"id":11428,"date":"2010-01-12T13:31:10","date_gmt":"2010-01-12T12:31:10","guid":{"rendered":"http:\/\/www.bellunopress.it\/?p=11428"},"modified":"2010-01-12T13:31:10","modified_gmt":"2010-01-12T12:31:10","slug":"centralina-in-val-del-mis-il-parco-replica-alle-critiche","status":"publish","type":"post","link":"https:\/\/www.bellunopress.it\/fr\/2010\/01\/12\/centralina-in-val-del-mis-il-parco-replica-alle-critiche\/","title":{"rendered":"Centralina in Val del Mis: il Parco replica alle critiche"},"content":{"rendered":"<p>La procedura seguita \u00e8 stata corretta e la normativa applicata. Le osservazioni del Parco Nazionale delle Dolomiti Bellunesi\u00a0sono state recepite nel progetto.<\/p>\n<figure id=\"attachment_4335\" aria-describedby=\"caption-attachment-4335\" style=\"width: 90px\" class=\"wp-caption alignleft\"><a href=\"http:\/\/www.bellunopress.it\/wp-content\/uploads\/2009\/06\/guido-de-zordo.jpg\"><img loading=\"lazy\" decoding=\"async\" class=\"size-medium wp-image-4335\" title=\"guido-de-zordo\" src=\"http:\/\/www.bellunopress.it\/wp-content\/uploads\/2009\/06\/guido-de-zordo.jpg\" alt=\"il presidente del Parco Nazionale delle Dolomiti Bellunesi Guido De Zordo\" width=\"90\" height=\"90\" \/><\/a><figcaption id=\"caption-attachment-4335\" class=\"wp-caption-text\">il presidente del Parco Nazionale delle Dolomiti Bellunesi Guido De Zordo<\/figcaption><\/figure>\n<p>Nei giorni scorsi sono apparsi sulla stampa locale numerosi articoli relativi all\u2019approvazione, da parte della Regione del Veneto, del progetto per realizzare una centralina idroelettrica in Val del Mis. Negli articoli viene chiamato in causa l\u2019operato dell\u2019Ente Parco Nazionale Dolomiti Bellunesi, ingiustamente accusato di non aver fatto rispettare la normativa vigente di tutela ambientale. Si rendono quindi necessarie alcune precisazioni sulla vicenda. Innanzitutto viene contestato il fatto che l\u2019opera sia realizzata da una societ\u00e0 non legata al territorio. Va chiarito che su questo aspetto l\u2019Ente Parco Nazionale Dolomiti Bellunesi non ha alcuna competenza. Inoltre, in base alle attuali norme regionali, nazionali e comunitarie, non \u00e8 possibile valutare le aziende in funzione della loro localit\u00e0 di residenza. \u201cSe fosse il consorzio BIM a realizzare l\u2019opera \u2013 ha dichiarato il Presidente del Parco, Guido De Zordo \u2013 sarei ben contento. Ma il progetto \u00e8 stato presentato, in accordo con le amministrazioni locali di Gosaldo e Sospirolo, da una societ\u00e0 non bellunese\u201d. Per quanto riguarda l\u2019aspetto pi\u00f9 rilevante, ovvero la presunta mancata applicazione delle norme ambientali all\u2019interno del Parco, va precisato quanto segue. Ai sensi del Piano del Parco (approvato con Legge) le opere di derivazione idrica all\u2019interno del territorio protetto non sono consentite. Per questo motivo il Direttore, che ha la competenza in materia, ha evidenziato l\u2019impossibilit\u00e0 di rilasciare il nulla osta al progetto. Tuttavia l\u2019articolo 16 &#8220;Prescrizioni per la tutela e il recupero ambientale&#8221;, delle norme di attuazione del vigente Piano del Parco, prevede che siano ammesse (&#8220;previa delibera del Consiglio Direttivo dell&#8217;Ente, formulata sulla base di una perizia tecnico-scientifica che attesti le caratteristiche paesaggistiche, floristiche, vegetazionali e faunistiche delle zone di presa e delle aree umide ad esse collegate, che dichiari gli effetti ambientali dell&#8217;intervento&#8221;) \u201cmodeste derivazioni idriche, da riservare esclusivamente agli apprestamenti che l&#8217;Ente Parco intenda favorire, promuovere, realizzare o destinare alle proprie finalit\u00e0 istituzionali\u201d. Sulla base di tale articolo il Consiglio Direttivo del Parco, con Delibera n. 31 del 27.11.2008 ha ritenuto ammissibile la realizzazione dell\u2019impianto idroelettrico e ha autorizzato il Direttore ad esprimere, presso la Commissione Regionale V.I.A. il parere favorevole dell\u2019Ente Parco \u201ca condizione che, per salvaguardare l\u2019integrit\u00e0 ecosistemica del torrente nel tratto sotteso dall\u2019impianto, l\u2019opera di captazione sia dimensionata in modo di garantire il Deflusso Minimo Vitale aumentato del 50%\u201d. L\u2019impresa proponente ha adeguato il progetto alle osservazioni presentate dal Parco il quale, in data 29 giugno 2009, dopo l\u2019approvazione della delibera da parte del Ministero dell\u2019Ambiente, ha rilasciato il proprio nulla osta. \u201cL\u2019Ente Parco ha rispettato la normativa vigente e completato in modo corretto le procedure \u2013 ha dichiarato il Presidente De Zordo \u2013 e quanto riportato da alcuni giornali circa un presunto ritardo del Parco nella presentazione delle proprie osservazioni \u00e8 inesatto. Il Parco ha infatti presentato le proprie osservazioni in tempo utile, queste sono state integralmente recepite e per questo motivo il Parco ha rilasciato il proprio Nulla Osta con parere favorevole\u201d. Il ritardo cui fa riferimento la delibera di Giunta si riferisce esclusivamente alla trasmissione del nulla osta, ultimo atto dovuto di una procedura realizzata correttamente e nei tempi previsti. \u201cSono ben consapevole del fatto che l\u2019acqua \u00e8 una delle poche ricchezze del nostro territorio \u2013 ha dichiarato il Presidente De Zordo &#8211; per questo motivo sono fermamente contrario alla costruzione di dighe e allo sfruttamento indiscriminato dei nostri fiumi e torrenti. Vorrei per\u00f2 precisare che, nel caso dell\u2019impianto previsto in Valle del Mis, viene prelevata dal torrente una ridotta quantit\u00e0 di acqua e, proprio grazie alle prescrizioni imposte dall\u2019Ente Parco, sar\u00e0 sempre garantita la presenza di una quantit\u00e0 di acqua nel Mis in grado di sostenere le comunit\u00e0 vegetali e animali che lo popolano. L\u2019acqua viene restituita dopo un breve tratto in condotta al torrente e da qui finisce in \u2026 un lago artificiale! E\u2019 evidente quindi, e le indagini condotte lo hanno dimostrato, che l\u2019impianto progettato non avr\u00e0 ripercussioni negative sull\u2019ecosistema della Valle del Mis; per questo motivo il Consiglio Direttivo lo ha ritenuto ammissibile. Una precisazione va fatta anche sulla trasparenza dell\u2019intera procedura, che non \u00e8 stata fatta \u201cin silenzio\u201d come qualcuno ha detto, ma dando sempre la possibilit\u00e0 a tutti di conoscere l\u2019iter della procedura e pubblicando sul sito internet del Parco gli atti relativi\u201d. Per quanto riguarda il \u201cpeso\u201d dell\u2019Ente Parco in merito alla decisione regionale di approvare il progetto \u00e8 bene specificare che la commissione V.I.A., che ha espresso parere favorevole sul progetto, era integrata, per questo specifico intervento, dai seguenti componenti: Sindaco di Gosaldo, Sindaco di Sospirolo, Genio Civile di Belluno, Direzione Regionale Difesa del Suolo, Direzione Regionale Urbanistica, Presidente della Provincia di Belluno, Dirigente Regionale Unit\u00e0 di progetto Energia, Dirigente Regionale della Direzione Pianificazione Territoriale e Parchi, Dirigente del Distretto Bacino Idrografico Piave Livenza Sile, Dirigente Regionale della Direzione Foreste ed Economia Montana, Dirigente Regionale dell\u2019Unit\u00e0 periferica Servizio Forestale Regionale di Belluno, Presidente della Comunit\u00e0 Montana Bellunese e Presidente dell\u2019Ente Parco Nazionale Dolomiti Bellunesi.<\/p>","protected":false},"excerpt":{"rendered":"<p>La procedura seguita \u00e8 stata corretta e la normativa applicata. Le osservazioni del Parco Nazionale delle Dolomiti Bellunesi\u00a0sono state recepite nel progetto. Nei giorni scorsi sono apparsi sulla stampa locale numerosi articoli relativi all\u2019approvazione, da parte della Regione del Veneto, del progetto per realizzare una centralina idroelettrica in Val del Mis. Negli articoli viene chiamato [&hellip;]<\/p>\n","protected":false},"author":2,"featured_media":0,"comment_status":"closed","ping_status":"open","sticky":false,"template":"","format":"standard","meta":{"footnotes":""},"categories":[38,26],"tags":[139,63],"class_list":["post-11428","post","type-post","status-publish","format-standard","category-natura-ambiente","category-prima-pagina","tag-belluno","tag-dolomiti"],"yoast_head":"<!-- This site is optimized with the Yoast SEO plugin v28.4 - https:\/\/yoast.com\/product\/yoast-seo-wordpress\/ -->\n<title>Centralina in Val del Mis: il Parco replica alle critiche - Bellunopress - Dolomiti<\/title>\n<meta name=\"robots\" content=\"index, follow, max-snippet:-1, max-image-preview:large, max-video-preview:-1\" \/>\n<link rel=\"canonical\" href=\"https:\/\/www.bellunopress.it\/fr\/2010\/01\/12\/centralina-in-val-del-mis-il-parco-replica-alle-critiche\/\" \/>\n<meta property=\"og:locale\" content=\"fr_FR\" \/>\n<meta property=\"og:type\" content=\"article\" \/>\n<meta property=\"og:title\" content=\"Centralina in Val del Mis: il Parco replica alle critiche - Bellunopress - Dolomiti\" \/>\n<meta property=\"og:description\" content=\"La procedura seguita \u00e8 stata corretta e la normativa applicata. Le osservazioni del Parco Nazionale delle Dolomiti Bellunesi\u00a0sono state recepite nel progetto. Nei giorni scorsi sono apparsi sulla stampa locale numerosi articoli relativi all\u2019approvazione, da parte della Regione del Veneto, del progetto per realizzare una centralina idroelettrica in Val del Mis. Negli articoli viene chiamato [&hellip;]\" \/>\n<meta property=\"og:url\" content=\"https:\/\/www.bellunopress.it\/fr\/2010\/01\/12\/centralina-in-val-del-mis-il-parco-replica-alle-critiche\/\" \/>\n<meta property=\"og:site_name\" content=\"Bellunopress - Dolomiti\" \/>\n<meta property=\"article:publisher\" content=\"https:\/\/www.facebook.com\/profile.php?id=100008943462799\" \/>\n<meta property=\"article:published_time\" content=\"2010-01-12T12:31:10+00:00\" \/>\n<meta property=\"og:image\" content=\"http:\/\/www.bellunopress.it\/wp-content\/uploads\/2009\/06\/guido-de-zordo.jpg\" \/>\n<meta name=\"author\" content=\"redazione\" \/>\n<meta name=\"twitter:card\" content=\"summary_large_image\" \/>\n<meta name=\"twitter:creator\" content=\"@bellunopress\" \/>\n<meta name=\"twitter:site\" content=\"@bellunopress\" \/>\n<meta name=\"twitter:label1\" content=\"\u00c9crit par\" \/>\n\t<meta name=\"twitter:data1\" content=\"redazione\" \/>\n\t<meta name=\"twitter:label2\" content=\"Dur\u00e9e de lecture estim\u00e9e\" \/>\n\t<meta name=\"twitter:data2\" content=\"4 minutes\" \/>\n<script type=\"application\/ld+json\" class=\"yoast-schema-graph\">{\"@context\":\"https:\\\/\\\/schema.org\",\"@graph\":[{\"@type\":\"Article\",\"@id\":\"https:\\\/\\\/www.bellunopress.it\\\/2010\\\/01\\\/12\\\/centralina-in-val-del-mis-il-parco-replica-alle-critiche\\\/#article\",\"isPartOf\":{\"@id\":\"https:\\\/\\\/www.bellunopress.it\\\/2010\\\/01\\\/12\\\/centralina-in-val-del-mis-il-parco-replica-alle-critiche\\\/\"},\"author\":{\"name\":\"redazione\",\"@id\":\"https:\\\/\\\/www.bellunopress.it\\\/#\\\/schema\\\/person\\\/79bb06722b37ece1c03d3e94beb30d73\"},\"headline\":\"Centralina in Val del Mis: il Parco replica alle critiche\",\"datePublished\":\"2010-01-12T12:31:10+00:00\",\"mainEntityOfPage\":{\"@id\":\"https:\\\/\\\/www.bellunopress.it\\\/2010\\\/01\\\/12\\\/centralina-in-val-del-mis-il-parco-replica-alle-critiche\\\/\"},\"wordCount\":882,\"publisher\":{\"@id\":\"https:\\\/\\\/www.bellunopress.it\\\/#organization\"},\"image\":{\"@id\":\"https:\\\/\\\/www.bellunopress.it\\\/2010\\\/01\\\/12\\\/centralina-in-val-del-mis-il-parco-replica-alle-critiche\\\/#primaryimage\"},\"thumbnailUrl\":\"http:\\\/\\\/www.bellunopress.it\\\/wp-content\\\/uploads\\\/2009\\\/06\\\/guido-de-zordo.jpg\",\"keywords\":[\"Belluno\",\"Dolomiti\"],\"articleSection\":[\"Meteo, natura, ambiente, animali\",\"Prima Pagina\"],\"inLanguage\":\"fr-FR\"},{\"@type\":\"WebPage\",\"@id\":\"https:\\\/\\\/www.bellunopress.it\\\/2010\\\/01\\\/12\\\/centralina-in-val-del-mis-il-parco-replica-alle-critiche\\\/\",\"url\":\"https:\\\/\\\/www.bellunopress.it\\\/2010\\\/01\\\/12\\\/centralina-in-val-del-mis-il-parco-replica-alle-critiche\\\/\",\"name\":\"Centralina in Val del Mis: il Parco replica alle critiche - Bellunopress - Dolomiti\",\"isPartOf\":{\"@id\":\"https:\\\/\\\/www.bellunopress.it\\\/#website\"},\"primaryImageOfPage\":{\"@id\":\"https:\\\/\\\/www.bellunopress.it\\\/2010\\\/01\\\/12\\\/centralina-in-val-del-mis-il-parco-replica-alle-critiche\\\/#primaryimage\"},\"image\":{\"@id\":\"https:\\\/\\\/www.bellunopress.it\\\/2010\\\/01\\\/12\\\/centralina-in-val-del-mis-il-parco-replica-alle-critiche\\\/#primaryimage\"},\"thumbnailUrl\":\"http:\\\/\\\/www.bellunopress.it\\\/wp-content\\\/uploads\\\/2009\\\/06\\\/guido-de-zordo.jpg\",\"datePublished\":\"2010-01-12T12:31:10+00:00\",\"breadcrumb\":{\"@id\":\"https:\\\/\\\/www.bellunopress.it\\\/2010\\\/01\\\/12\\\/centralina-in-val-del-mis-il-parco-replica-alle-critiche\\\/#breadcrumb\"},\"inLanguage\":\"fr-FR\",\"potentialAction\":[{\"@type\":\"ReadAction\",\"target\":[\"https:\\\/\\\/www.bellunopress.it\\\/2010\\\/01\\\/12\\\/centralina-in-val-del-mis-il-parco-replica-alle-critiche\\\/\"]}]},{\"@type\":\"ImageObject\",\"inLanguage\":\"fr-FR\",\"@id\":\"https:\\\/\\\/www.bellunopress.it\\\/2010\\\/01\\\/12\\\/centralina-in-val-del-mis-il-parco-replica-alle-critiche\\\/#primaryimage\",\"url\":\"http:\\\/\\\/www.bellunopress.it\\\/wp-content\\\/uploads\\\/2009\\\/06\\\/guido-de-zordo.jpg\",\"contentUrl\":\"http:\\\/\\\/www.bellunopress.it\\\/wp-content\\\/uploads\\\/2009\\\/06\\\/guido-de-zordo.jpg\"},{\"@type\":\"BreadcrumbList\",\"@id\":\"https:\\\/\\\/www.bellunopress.it\\\/2010\\\/01\\\/12\\\/centralina-in-val-del-mis-il-parco-replica-alle-critiche\\\/#breadcrumb\",\"itemListElement\":[{\"@type\":\"ListItem\",\"position\":1,\"name\":\"Home\",\"item\":\"https:\\\/\\\/www.bellunopress.it\\\/\"},{\"@type\":\"ListItem\",\"position\":2,\"name\":\"Centralina in Val del Mis: il Parco replica alle critiche\"}]},{\"@type\":\"WebSite\",\"@id\":\"https:\\\/\\\/www.bellunopress.it\\\/#website\",\"url\":\"https:\\\/\\\/www.bellunopress.it\\\/\",\"name\":\"Bellunopress - Dolomiti\",\"description\":\"e-mail: redazione@bellunopress.it\",\"publisher\":{\"@id\":\"https:\\\/\\\/www.bellunopress.it\\\/#organization\"},\"potentialAction\":[{\"@type\":\"SearchAction\",\"target\":{\"@type\":\"EntryPoint\",\"urlTemplate\":\"https:\\\/\\\/www.bellunopress.it\\\/?s={search_term_string}\"},\"query-input\":{\"@type\":\"PropertyValueSpecification\",\"valueRequired\":true,\"valueName\":\"search_term_string\"}}],\"inLanguage\":\"fr-FR\"},{\"@type\":\"Organization\",\"@id\":\"https:\\\/\\\/www.bellunopress.it\\\/#organization\",\"name\":\"Bellunopress\",\"url\":\"https:\\\/\\\/www.bellunopress.it\\\/\",\"logo\":{\"@type\":\"ImageObject\",\"inLanguage\":\"fr-FR\",\"@id\":\"https:\\\/\\\/www.bellunopress.it\\\/#\\\/schema\\\/logo\\\/image\\\/\",\"url\":\"https:\\\/\\\/www.bellunopress.it\\\/wp-content\\\/uploads\\\/2011\\\/05\\\/cropped-logo-bellunopress-.jpg\",\"contentUrl\":\"https:\\\/\\\/www.bellunopress.it\\\/wp-content\\\/uploads\\\/2011\\\/05\\\/cropped-logo-bellunopress-.jpg\",\"width\":512,\"height\":512,\"caption\":\"Bellunopress\"},\"image\":{\"@id\":\"https:\\\/\\\/www.bellunopress.it\\\/#\\\/schema\\\/logo\\\/image\\\/\"},\"sameAs\":[\"https:\\\/\\\/www.facebook.com\\\/profile.php?id=100008943462799\",\"https:\\\/\\\/x.com\\\/bellunopress\",\"https:\\\/\\\/www.linkedin.com\\\/hp\\\/?dnr=JBzUWaJfMUw8vbXJJ2tVW5-I3jZKvC4wsoxE&amp;amp;amp;amp;amp;amp;trk=nav_responsive_tab_home\",\"https:\\\/\\\/www.youtube.com\\\/channel\\\/UCxL0wu1uN0_3_7hGG0306cw\"]},{\"@type\":\"Person\",\"@id\":\"https:\\\/\\\/www.bellunopress.it\\\/#\\\/schema\\\/person\\\/79bb06722b37ece1c03d3e94beb30d73\",\"name\":\"redazione\",\"image\":{\"@type\":\"ImageObject\",\"inLanguage\":\"fr-FR\",\"@id\":\"https:\\\/\\\/secure.gravatar.com\\\/avatar\\\/37d968a2e67a6fd04c169c4bdef102d0bc5d31b2546345219e348575eb80e9a0?s=96&d=mm&r=g\",\"url\":\"https:\\\/\\\/secure.gravatar.com\\\/avatar\\\/37d968a2e67a6fd04c169c4bdef102d0bc5d31b2546345219e348575eb80e9a0?s=96&d=mm&r=g\",\"contentUrl\":\"https:\\\/\\\/secure.gravatar.com\\\/avatar\\\/37d968a2e67a6fd04c169c4bdef102d0bc5d31b2546345219e348575eb80e9a0?s=96&d=mm&r=g\",\"caption\":\"redazione\"},\"sameAs\":[\"http:\\\/\\\/www.bellunopress.it\",\"https:\\\/\\\/x.com\\\/bellunopress\"],\"url\":\"https:\\\/\\\/www.bellunopress.it\\\/fr\\\/author\\\/redazione\\\/\"}]}<\/script>\n<!-- \/ Yoast SEO plugin. -->","yoast_head_json":{"title":"Centralina in Val del Mis: il Parco replica alle critiche - Bellunopress - Dolomiti","robots":{"index":"index","follow":"follow","max-snippet":"max-snippet:-1","max-image-preview":"max-image-preview:large","max-video-preview":"max-video-preview:-1"},"canonical":"https:\/\/www.bellunopress.it\/fr\/2010\/01\/12\/centralina-in-val-del-mis-il-parco-replica-alle-critiche\/","og_locale":"fr_FR","og_type":"article","og_title":"Centralina in Val del Mis: il Parco replica alle critiche - Bellunopress - Dolomiti","og_description":"La procedura seguita \u00e8 stata corretta e la normativa applicata. Le osservazioni del Parco Nazionale delle Dolomiti Bellunesi\u00a0sono state recepite nel progetto. Nei giorni scorsi sono apparsi sulla stampa locale numerosi articoli relativi all\u2019approvazione, da parte della Regione del Veneto, del progetto per realizzare una centralina idroelettrica in Val del Mis. Negli articoli viene chiamato [&hellip;]","og_url":"https:\/\/www.bellunopress.it\/fr\/2010\/01\/12\/centralina-in-val-del-mis-il-parco-replica-alle-critiche\/","og_site_name":"Bellunopress - Dolomiti","article_publisher":"https:\/\/www.facebook.com\/profile.php?id=100008943462799","article_published_time":"2010-01-12T12:31:10+00:00","og_image":[{"url":"http:\/\/www.bellunopress.it\/wp-content\/uploads\/2009\/06\/guido-de-zordo.jpg","type":"","width":"","height":""}],"author":"redazione","twitter_card":"summary_large_image","twitter_creator":"@bellunopress","twitter_site":"@bellunopress","twitter_misc":{"\u00c9crit par":"redazione","Dur\u00e9e de lecture estim\u00e9e":"4 minutes"},"schema":{"@context":"https:\/\/schema.org","@graph":[{"@type":"Article","@id":"https:\/\/www.bellunopress.it\/2010\/01\/12\/centralina-in-val-del-mis-il-parco-replica-alle-critiche\/#article","isPartOf":{"@id":"https:\/\/www.bellunopress.it\/2010\/01\/12\/centralina-in-val-del-mis-il-parco-replica-alle-critiche\/"},"author":{"name":"redazione","@id":"https:\/\/www.bellunopress.it\/#\/schema\/person\/79bb06722b37ece1c03d3e94beb30d73"},"headline":"Centralina in Val del Mis: il Parco replica alle critiche","datePublished":"2010-01-12T12:31:10+00:00","mainEntityOfPage":{"@id":"https:\/\/www.bellunopress.it\/2010\/01\/12\/centralina-in-val-del-mis-il-parco-replica-alle-critiche\/"},"wordCount":882,"publisher":{"@id":"https:\/\/www.bellunopress.it\/#organization"},"image":{"@id":"https:\/\/www.bellunopress.it\/2010\/01\/12\/centralina-in-val-del-mis-il-parco-replica-alle-critiche\/#primaryimage"},"thumbnailUrl":"http:\/\/www.bellunopress.it\/wp-content\/uploads\/2009\/06\/guido-de-zordo.jpg","keywords":["Belluno","Dolomiti"],"articleSection":["Meteo, natura, ambiente, animali","Prima Pagina"],"inLanguage":"fr-FR"},{"@type":"WebPage","@id":"https:\/\/www.bellunopress.it\/2010\/01\/12\/centralina-in-val-del-mis-il-parco-replica-alle-critiche\/","url":"https:\/\/www.bellunopress.it\/2010\/01\/12\/centralina-in-val-del-mis-il-parco-replica-alle-critiche\/","name":"Centralina in Val del Mis: il Parco replica alle critiche - Bellunopress - Dolomiti","isPartOf":{"@id":"https:\/\/www.bellunopress.it\/#website"},"primaryImageOfPage":{"@id":"https:\/\/www.bellunopress.it\/2010\/01\/12\/centralina-in-val-del-mis-il-parco-replica-alle-critiche\/#primaryimage"},"image":{"@id":"https:\/\/www.bellunopress.it\/2010\/01\/12\/centralina-in-val-del-mis-il-parco-replica-alle-critiche\/#primaryimage"},"thumbnailUrl":"http:\/\/www.bellunopress.it\/wp-content\/uploads\/2009\/06\/guido-de-zordo.jpg","datePublished":"2010-01-12T12:31:10+00:00","breadcrumb":{"@id":"https:\/\/www.bellunopress.it\/2010\/01\/12\/centralina-in-val-del-mis-il-parco-replica-alle-critiche\/#breadcrumb"},"inLanguage":"fr-FR","potentialAction":[{"@type":"ReadAction","target":["https:\/\/www.bellunopress.it\/2010\/01\/12\/centralina-in-val-del-mis-il-parco-replica-alle-critiche\/"]}]},{"@type":"ImageObject","inLanguage":"fr-FR","@id":"https:\/\/www.bellunopress.it\/2010\/01\/12\/centralina-in-val-del-mis-il-parco-replica-alle-critiche\/#primaryimage","url":"http:\/\/www.bellunopress.it\/wp-content\/uploads\/2009\/06\/guido-de-zordo.jpg","contentUrl":"http:\/\/www.bellunopress.it\/wp-content\/uploads\/2009\/06\/guido-de-zordo.jpg"},{"@type":"BreadcrumbList","@id":"https:\/\/www.bellunopress.it\/2010\/01\/12\/centralina-in-val-del-mis-il-parco-replica-alle-critiche\/#breadcrumb","itemListElement":[{"@type":"ListItem","position":1,"name":"Home","item":"https:\/\/www.bellunopress.it\/"},{"@type":"ListItem","position":2,"name":"Centralina in Val del Mis: il Parco replica alle critiche"}]},{"@type":"WebSite","@id":"https:\/\/www.bellunopress.it\/#website","url":"https:\/\/www.bellunopress.it\/","name":"Bellunopress - Dolomiti","description":"e-mail: redazione@bellunopress.it","publisher":{"@id":"https:\/\/www.bellunopress.it\/#organization"},"potentialAction":[{"@type":"SearchAction","target":{"@type":"EntryPoint","urlTemplate":"https:\/\/www.bellunopress.it\/?s={search_term_string}"},"query-input":{"@type":"PropertyValueSpecification","valueRequired":true,"valueName":"search_term_string"}}],"inLanguage":"fr-FR"},{"@type":"Organization","@id":"https:\/\/www.bellunopress.it\/#organization","name":"Bellunopress","url":"https:\/\/www.bellunopress.it\/","logo":{"@type":"ImageObject","inLanguage":"fr-FR","@id":"https:\/\/www.bellunopress.it\/#\/schema\/logo\/image\/","url":"https:\/\/www.bellunopress.it\/wp-content\/uploads\/2011\/05\/cropped-logo-bellunopress-.jpg","contentUrl":"https:\/\/www.bellunopress.it\/wp-content\/uploads\/2011\/05\/cropped-logo-bellunopress-.jpg","width":512,"height":512,"caption":"Bellunopress"},"image":{"@id":"https:\/\/www.bellunopress.it\/#\/schema\/logo\/image\/"},"sameAs":["https:\/\/www.facebook.com\/profile.php?id=100008943462799","https:\/\/x.com\/bellunopress","https:\/\/www.linkedin.com\/hp\/?dnr=JBzUWaJfMUw8vbXJJ2tVW5-I3jZKvC4wsoxE&amp;amp;amp;amp;amp;amp;trk=nav_responsive_tab_home","https:\/\/www.youtube.com\/channel\/UCxL0wu1uN0_3_7hGG0306cw"]},{"@type":"Person","@id":"https:\/\/www.bellunopress.it\/#\/schema\/person\/79bb06722b37ece1c03d3e94beb30d73","name":"r\u00e9daction","image":{"@type":"ImageObject","inLanguage":"fr-FR","@id":"https:\/\/secure.gravatar.com\/avatar\/37d968a2e67a6fd04c169c4bdef102d0bc5d31b2546345219e348575eb80e9a0?s=96&d=mm&r=g","url":"https:\/\/secure.gravatar.com\/avatar\/37d968a2e67a6fd04c169c4bdef102d0bc5d31b2546345219e348575eb80e9a0?s=96&d=mm&r=g","contentUrl":"https:\/\/secure.gravatar.com\/avatar\/37d968a2e67a6fd04c169c4bdef102d0bc5d31b2546345219e348575eb80e9a0?s=96&d=mm&r=g","caption":"redazione"},"sameAs":["http:\/\/www.bellunopress.it","https:\/\/x.com\/bellunopress"],"url":"https:\/\/www.bellunopress.it\/fr\/author\/redazione\/"}]}},"_links":{"self":[{"href":"https:\/\/www.bellunopress.it\/fr\/wp-json\/wp\/v2\/posts\/11428","targetHints":{"allow":["GET"]}}],"collection":[{"href":"https:\/\/www.bellunopress.it\/fr\/wp-json\/wp\/v2\/posts"}],"about":[{"href":"https:\/\/www.bellunopress.it\/fr\/wp-json\/wp\/v2\/types\/post"}],"author":[{"embeddable":true,"href":"https:\/\/www.bellunopress.it\/fr\/wp-json\/wp\/v2\/users\/2"}],"replies":[{"embeddable":true,"href":"https:\/\/www.bellunopress.it\/fr\/wp-json\/wp\/v2\/comments?post=11428"}],"version-history":[{"count":1,"href":"https:\/\/www.bellunopress.it\/fr\/wp-json\/wp\/v2\/posts\/11428\/revisions"}],"predecessor-version":[{"id":11429,"href":"https:\/\/www.bellunopress.it\/fr\/wp-json\/wp\/v2\/posts\/11428\/revisions\/11429"}],"wp:attachment":[{"href":"https:\/\/www.bellunopress.it\/fr\/wp-json\/wp\/v2\/media?parent=11428"}],"wp:term":[{"taxonomy":"category","embeddable":true,"href":"https:\/\/www.bellunopress.it\/fr\/wp-json\/wp\/v2\/categories?post=11428"},{"taxonomy":"post_tag","embeddable":true,"href":"https:\/\/www.bellunopress.it\/fr\/wp-json\/wp\/v2\/tags?post=11428"}],"curies":[{"name":"wp","href":"https:\/\/api.w.org\/{rel}","templated":true}]}}