{"id":114255,"date":"2020-05-08T11:47:01","date_gmt":"2020-05-08T09:47:01","guid":{"rendered":"http:\/\/www.bellunopress.it\/?p=114255"},"modified":"2020-05-08T15:32:21","modified_gmt":"2020-05-08T13:32:21","slug":"buoni-spesa-lucia-pellegrini-e-italiano-single-di-eta-compresa-tra-i-30-e-i-50-anni-il-bellunese-in-maggiore-difficolta","status":"publish","type":"post","link":"https:\/\/www.bellunopress.it\/fr\/2020\/05\/08\/buoni-spesa-lucia-pellegrini-e-italiano-single-di-eta-compresa-tra-i-30-e-i-50-anni-il-bellunese-in-maggiore-difficolta\/","title":{"rendered":"Buoni spesa. Lucia Pellegrini: single, di et\u00e0 compresa tra i 30 e i 50 anni il bellunese in maggiore difficolt\u00e0"},"content":{"rendered":"<figure id=\"attachment_113806\" aria-describedby=\"caption-attachment-113806\" style=\"width: 620px\" class=\"wp-caption alignleft\"><a href=\"http:\/\/www.bellunopress.it\/fr\/2020\/04\/16\/resto-a-casa-e-ci-sentiamo-piu-di-1000-chiamate-in-3-settimane-pellegrini-dati-significativi-per-numero-e-contenuto\/lucia-pellegrini-2\/\" rel=\"attachment wp-att-113806\"><img loading=\"lazy\" decoding=\"async\" class=\"size-full wp-image-113806\" src=\"http:\/\/www.bellunopress.it\/wp-content\/uploads\/2020\/04\/Lucia-Pellegrini.jpg\" alt=\"\" width=\"620\" height=\"800\" srcset=\"https:\/\/www.bellunopress.it\/wp-content\/uploads\/2020\/04\/Lucia-Pellegrini.jpg 620w, https:\/\/www.bellunopress.it\/wp-content\/uploads\/2020\/04\/Lucia-Pellegrini-388x500.jpg 388w, https:\/\/www.bellunopress.it\/wp-content\/uploads\/2020\/04\/Lucia-Pellegrini-326x420.jpg 326w\" sizes=\"auto, (max-width: 620px) 100vw, 620px\" \/><\/a><figcaption id=\"caption-attachment-113806\" class=\"wp-caption-text\">Lucia Pellegrini, assessore<\/figcaption><\/figure>\n<p>Italiano, unico componente del nucleo familiare, e con un&#8217;et\u00e0 compresa tra i 30 e i 50 anni. Ecco l&#8217;identikit del cittadino bellunese che ha ricevuto i buoni spesa erogati dal Comune di Belluno. L&#8217;analisi condotta dai Servizi Sociali di Palazzo Rosso ha permesso di fare un quadro preciso delle criticit\u00e0 sociali ed economiche causate dall&#8217;epidemia di Covid-19.<\/p>\n<p>\u00abSono dati preoccupanti, che rilevano un incremento significativo delle persone in stato di bisogno. &#8211; commenta l&#8217;assessore alle politiche sociali, Lucia Pellegrini \u2013 L&#8217;iniziativa dei buoni spesa ci ha consentito di fare un bilancio delle categorie pi\u00f9 colpite: giovani senza lavoro stabile o con rapporti di lavoro temporanei o precari; famiglie numerose; persone con pi\u00f9 di 50 anni espulse dal mondo del lavoro. Questa pandemia ha messo in evidenza la vulnerabilit\u00e0 di queste fasce di popolazione, che stanno silenziosamente e lentamente scivolando verso condizioni di povert\u00e0: molti di questi non hanno reddito; due richiedenti su tre pagano un affitto, che significa da un lato come sia complesso avere una casa di propriet\u00e0 e dall&#8217;altro come sia meno attrattivo oggi l&#8217;acquisto di un immobile rispetto ad altre esigenze. \u00c8 quindi evidente come il settore sociale debba prepararsi ad affrontare nuovi scenari e nuove sfide di fondamentale importanza per il futuro di tutti\u00bb.<\/p>\n<p><strong>Le richieste<\/strong><br \/>\nLe richieste giunte in municipio sono state 999; di queste, 565 sono state accolte, 419 quelle respinte, mentre 15 sono arrivate oltre i termini previsti.<br \/>\nIl totale delle persone dichiarate \u00e8 stato di 2685; quelle che hanno beneficiato dei buoni spesa sono state 1541.<br \/>\nDelle domande respinte, ben 115 erano doppie o presentate da componenti dello stesso nucleo familiare; 66 sono risultati non residenti o irreperibili, 59 hanno fatto rilevare un&#8217;adeguata situazione economica (ed esempio, le entrate certe di un altro membro della famiglia); in 54 casi non sono stati rilevati motivi di insufficiente sostentamento differenti rispetto al pre-epidemia (come pensioni troppo basse, situazioni quindi che rientrano nel canale sociale ordinario e non sono contemplate dal fondo governativo finalizzato alla perdita di sostentamento per l&#8217;emergenza Covid-19), mentre in 21 casi si \u00e8 riscontrata la presenza di altri sostegni pubblici, come cassa integrazione o reddito di cittadinanza, che hanno ridotto la priorit\u00e0 d&#8217;intervento.<br \/>\nQueste domande non sono per\u00f2 cadute nel vuoto e si stanno trasformando in domanda di aiuto ai Servizi Sociali comunali: una quarantina le richieste giunte solo nelle ultime due settimane a Palazzo Rosso.<br \/>\nIn totale, il Comune di Belluno ha erogato buoni spesa per 184.800 euro sui circa 190mila trasferiti dal Governo; i restanti 4950 euro sono stati impegnati per il servizio della mensa dei frati della Parrocchia di Mussoi.<\/p>\n<p><strong>Et\u00e0, provenienza e composizione delle famiglie<\/strong><br \/>\nIl 54% delle domande accolte (310) \u00e8 stato presentato da persone tra i 30 e i 50 anni, il 32% (179) da over 50, mentre il 14% (76) da ragazzi fino ai 29 anni.<br \/>\nIl 68% delle domande \u00e8 stato presentato da cittadini italiani; tra le restanti richieste, si evidenziano soprattutto quelle presentate da cittadini della Moldavia, Ucraina, Romania e Albania: dato probabilmente legato alla sospensione dei contratti delle badanti.<br \/>\nCome anticipato, quelle pi\u00f9 in difficolt\u00e0 sono risultate le famiglie monopersonali (169 richieste accolte), seguite dai nuclei composti da tre e due persone (rispettivamente 114 e 113 domande accolte).<br \/>\nIncrociando i dati di et\u00e0 e membri del nucleo familiare, emergono le problematiche delle famiglie monopersonali soprattutto nella fascia degli under 29, in difficolt\u00e0 nel reperire un&#8217;occupazione stabile, e degli over 50, con situazioni precarie di lavoro o con problemi nel reinserimento nel mondo occupazionale.<\/p>\n<p>&nbsp;<\/p>","protected":false},"excerpt":{"rendered":"<p>Italiano, unico componente del nucleo familiare, e con un&#8217;et\u00e0 compresa tra i 30 e i 50 anni. Ecco l&#8217;identikit del cittadino bellunese che ha ricevuto i buoni spesa erogati dal Comune di Belluno. L&#8217;analisi condotta dai Servizi Sociali di Palazzo Rosso ha permesso di fare un quadro preciso delle criticit\u00e0 sociali ed economiche causate dall&#8217;epidemia [&hellip;]<\/p>\n","protected":false},"author":2,"featured_media":113806,"comment_status":"closed","ping_status":"open","sticky":false,"template":"","format":"standard","meta":{"footnotes":""},"categories":[5,26,8],"tags":[],"class_list":["post-114255","post","type-post","status-publish","format-standard","has-post-thumbnail","category-cronaca","category-prima-pagina","category-societa-istituzioni"],"yoast_head":"<!-- This site is optimized with the Yoast SEO plugin v28.4 - https:\/\/yoast.com\/product\/yoast-seo-wordpress\/ -->\n<title>Buoni spesa. Lucia Pellegrini: single, di et\u00e0 compresa tra i 30 e i 50 anni il bellunese in maggiore difficolt\u00e0 - Bellunopress - Dolomiti<\/title>\n<meta name=\"robots\" content=\"index, follow, max-snippet:-1, max-image-preview:large, max-video-preview:-1\" \/>\n<link rel=\"canonical\" href=\"https:\/\/www.bellunopress.it\/fr\/2020\/05\/08\/buoni-spesa-lucia-pellegrini-e-italiano-single-di-eta-compresa-tra-i-30-e-i-50-anni-il-bellunese-in-maggiore-difficolta\/\" \/>\n<meta property=\"og:locale\" content=\"fr_FR\" \/>\n<meta property=\"og:type\" content=\"article\" \/>\n<meta property=\"og:title\" content=\"Buoni spesa. Lucia Pellegrini: single, di et\u00e0 compresa tra i 30 e i 50 anni il bellunese in maggiore difficolt\u00e0 - Bellunopress - Dolomiti\" \/>\n<meta property=\"og:description\" content=\"Italiano, unico componente del nucleo familiare, e con un&#8217;et\u00e0 compresa tra i 30 e i 50 anni. Ecco l&#8217;identikit del cittadino bellunese che ha ricevuto i buoni spesa erogati dal Comune di Belluno. L&#8217;analisi condotta dai Servizi Sociali di Palazzo Rosso ha permesso di fare un quadro preciso delle criticit\u00e0 sociali ed economiche causate dall&#8217;epidemia [&hellip;]\" \/>\n<meta property=\"og:url\" content=\"https:\/\/www.bellunopress.it\/fr\/2020\/05\/08\/buoni-spesa-lucia-pellegrini-e-italiano-single-di-eta-compresa-tra-i-30-e-i-50-anni-il-bellunese-in-maggiore-difficolta\/\" \/>\n<meta property=\"og:site_name\" content=\"Bellunopress - Dolomiti\" \/>\n<meta property=\"article:publisher\" content=\"https:\/\/www.facebook.com\/profile.php?id=100008943462799\" \/>\n<meta property=\"article:published_time\" content=\"2020-05-08T09:47:01+00:00\" \/>\n<meta property=\"article:modified_time\" content=\"2020-05-08T13:32:21+00:00\" \/>\n<meta property=\"og:image\" content=\"https:\/\/www.bellunopress.it\/wp-content\/uploads\/2020\/04\/Lucia-Pellegrini.jpg\" \/>\n\t<meta property=\"og:image:width\" content=\"620\" \/>\n\t<meta property=\"og:image:height\" content=\"800\" \/>\n\t<meta property=\"og:image:type\" content=\"image\/jpeg\" \/>\n<meta name=\"author\" content=\"redazione\" \/>\n<meta name=\"twitter:card\" content=\"summary_large_image\" \/>\n<meta name=\"twitter:creator\" content=\"@bellunopress\" \/>\n<meta name=\"twitter:site\" content=\"@bellunopress\" \/>\n<meta name=\"twitter:label1\" content=\"\u00c9crit par\" \/>\n\t<meta name=\"twitter:data1\" content=\"redazione\" \/>\n\t<meta name=\"twitter:label2\" content=\"Dur\u00e9e de lecture estim\u00e9e\" \/>\n\t<meta name=\"twitter:data2\" content=\"3 minutes\" \/>\n<script type=\"application\/ld+json\" class=\"yoast-schema-graph\">{\"@context\":\"https:\\\/\\\/schema.org\",\"@graph\":[{\"@type\":\"Article\",\"@id\":\"https:\\\/\\\/www.bellunopress.it\\\/2020\\\/05\\\/08\\\/buoni-spesa-lucia-pellegrini-e-italiano-single-di-eta-compresa-tra-i-30-e-i-50-anni-il-bellunese-in-maggiore-difficolta\\\/#article\",\"isPartOf\":{\"@id\":\"https:\\\/\\\/www.bellunopress.it\\\/2020\\\/05\\\/08\\\/buoni-spesa-lucia-pellegrini-e-italiano-single-di-eta-compresa-tra-i-30-e-i-50-anni-il-bellunese-in-maggiore-difficolta\\\/\"},\"author\":{\"name\":\"redazione\",\"@id\":\"https:\\\/\\\/www.bellunopress.it\\\/#\\\/schema\\\/person\\\/79bb06722b37ece1c03d3e94beb30d73\"},\"headline\":\"Buoni spesa. Lucia Pellegrini: single, di et\u00e0 compresa tra i 30 e i 50 anni il bellunese in maggiore difficolt\u00e0\",\"datePublished\":\"2020-05-08T09:47:01+00:00\",\"dateModified\":\"2020-05-08T13:32:21+00:00\",\"mainEntityOfPage\":{\"@id\":\"https:\\\/\\\/www.bellunopress.it\\\/2020\\\/05\\\/08\\\/buoni-spesa-lucia-pellegrini-e-italiano-single-di-eta-compresa-tra-i-30-e-i-50-anni-il-bellunese-in-maggiore-difficolta\\\/\"},\"wordCount\":585,\"publisher\":{\"@id\":\"https:\\\/\\\/www.bellunopress.it\\\/#organization\"},\"image\":{\"@id\":\"https:\\\/\\\/www.bellunopress.it\\\/2020\\\/05\\\/08\\\/buoni-spesa-lucia-pellegrini-e-italiano-single-di-eta-compresa-tra-i-30-e-i-50-anni-il-bellunese-in-maggiore-difficolta\\\/#primaryimage\"},\"thumbnailUrl\":\"https:\\\/\\\/www.bellunopress.it\\\/wp-content\\\/uploads\\\/2020\\\/04\\\/Lucia-Pellegrini.jpg\",\"articleSection\":[\"Cronaca\\\/Politica\",\"Prima Pagina\",\"Societ\u00e0, Associazioni, Istituzioni\"],\"inLanguage\":\"fr-FR\"},{\"@type\":\"WebPage\",\"@id\":\"https:\\\/\\\/www.bellunopress.it\\\/2020\\\/05\\\/08\\\/buoni-spesa-lucia-pellegrini-e-italiano-single-di-eta-compresa-tra-i-30-e-i-50-anni-il-bellunese-in-maggiore-difficolta\\\/\",\"url\":\"https:\\\/\\\/www.bellunopress.it\\\/2020\\\/05\\\/08\\\/buoni-spesa-lucia-pellegrini-e-italiano-single-di-eta-compresa-tra-i-30-e-i-50-anni-il-bellunese-in-maggiore-difficolta\\\/\",\"name\":\"Buoni spesa. Lucia Pellegrini: single, di et\u00e0 compresa tra i 30 e i 50 anni il bellunese in maggiore difficolt\u00e0 - Bellunopress - Dolomiti\",\"isPartOf\":{\"@id\":\"https:\\\/\\\/www.bellunopress.it\\\/#website\"},\"primaryImageOfPage\":{\"@id\":\"https:\\\/\\\/www.bellunopress.it\\\/2020\\\/05\\\/08\\\/buoni-spesa-lucia-pellegrini-e-italiano-single-di-eta-compresa-tra-i-30-e-i-50-anni-il-bellunese-in-maggiore-difficolta\\\/#primaryimage\"},\"image\":{\"@id\":\"https:\\\/\\\/www.bellunopress.it\\\/2020\\\/05\\\/08\\\/buoni-spesa-lucia-pellegrini-e-italiano-single-di-eta-compresa-tra-i-30-e-i-50-anni-il-bellunese-in-maggiore-difficolta\\\/#primaryimage\"},\"thumbnailUrl\":\"https:\\\/\\\/www.bellunopress.it\\\/wp-content\\\/uploads\\\/2020\\\/04\\\/Lucia-Pellegrini.jpg\",\"datePublished\":\"2020-05-08T09:47:01+00:00\",\"dateModified\":\"2020-05-08T13:32:21+00:00\",\"breadcrumb\":{\"@id\":\"https:\\\/\\\/www.bellunopress.it\\\/2020\\\/05\\\/08\\\/buoni-spesa-lucia-pellegrini-e-italiano-single-di-eta-compresa-tra-i-30-e-i-50-anni-il-bellunese-in-maggiore-difficolta\\\/#breadcrumb\"},\"inLanguage\":\"fr-FR\",\"potentialAction\":[{\"@type\":\"ReadAction\",\"target\":[\"https:\\\/\\\/www.bellunopress.it\\\/2020\\\/05\\\/08\\\/buoni-spesa-lucia-pellegrini-e-italiano-single-di-eta-compresa-tra-i-30-e-i-50-anni-il-bellunese-in-maggiore-difficolta\\\/\"]}]},{\"@type\":\"ImageObject\",\"inLanguage\":\"fr-FR\",\"@id\":\"https:\\\/\\\/www.bellunopress.it\\\/2020\\\/05\\\/08\\\/buoni-spesa-lucia-pellegrini-e-italiano-single-di-eta-compresa-tra-i-30-e-i-50-anni-il-bellunese-in-maggiore-difficolta\\\/#primaryimage\",\"url\":\"https:\\\/\\\/www.bellunopress.it\\\/wp-content\\\/uploads\\\/2020\\\/04\\\/Lucia-Pellegrini.jpg\",\"contentUrl\":\"https:\\\/\\\/www.bellunopress.it\\\/wp-content\\\/uploads\\\/2020\\\/04\\\/Lucia-Pellegrini.jpg\",\"width\":620,\"height\":800,\"caption\":\"Lucia Pellegrini, assessore alle Politiche sociali del Comune di Belluno\"},{\"@type\":\"BreadcrumbList\",\"@id\":\"https:\\\/\\\/www.bellunopress.it\\\/2020\\\/05\\\/08\\\/buoni-spesa-lucia-pellegrini-e-italiano-single-di-eta-compresa-tra-i-30-e-i-50-anni-il-bellunese-in-maggiore-difficolta\\\/#breadcrumb\",\"itemListElement\":[{\"@type\":\"ListItem\",\"position\":1,\"name\":\"Home\",\"item\":\"https:\\\/\\\/www.bellunopress.it\\\/\"},{\"@type\":\"ListItem\",\"position\":2,\"name\":\"Buoni spesa. Lucia Pellegrini: single, di et\u00e0 compresa tra i 30 e i 50 anni il bellunese in maggiore difficolt\u00e0\"}]},{\"@type\":\"WebSite\",\"@id\":\"https:\\\/\\\/www.bellunopress.it\\\/#website\",\"url\":\"https:\\\/\\\/www.bellunopress.it\\\/\",\"name\":\"Bellunopress - Dolomiti\",\"description\":\"e-mail: redazione@bellunopress.it\",\"publisher\":{\"@id\":\"https:\\\/\\\/www.bellunopress.it\\\/#organization\"},\"potentialAction\":[{\"@type\":\"SearchAction\",\"target\":{\"@type\":\"EntryPoint\",\"urlTemplate\":\"https:\\\/\\\/www.bellunopress.it\\\/?s={search_term_string}\"},\"query-input\":{\"@type\":\"PropertyValueSpecification\",\"valueRequired\":true,\"valueName\":\"search_term_string\"}}],\"inLanguage\":\"fr-FR\"},{\"@type\":\"Organization\",\"@id\":\"https:\\\/\\\/www.bellunopress.it\\\/#organization\",\"name\":\"Bellunopress\",\"url\":\"https:\\\/\\\/www.bellunopress.it\\\/\",\"logo\":{\"@type\":\"ImageObject\",\"inLanguage\":\"fr-FR\",\"@id\":\"https:\\\/\\\/www.bellunopress.it\\\/#\\\/schema\\\/logo\\\/image\\\/\",\"url\":\"https:\\\/\\\/www.bellunopress.it\\\/wp-content\\\/uploads\\\/2011\\\/05\\\/cropped-logo-bellunopress-.jpg\",\"contentUrl\":\"https:\\\/\\\/www.bellunopress.it\\\/wp-content\\\/uploads\\\/2011\\\/05\\\/cropped-logo-bellunopress-.jpg\",\"width\":512,\"height\":512,\"caption\":\"Bellunopress\"},\"image\":{\"@id\":\"https:\\\/\\\/www.bellunopress.it\\\/#\\\/schema\\\/logo\\\/image\\\/\"},\"sameAs\":[\"https:\\\/\\\/www.facebook.com\\\/profile.php?id=100008943462799\",\"https:\\\/\\\/x.com\\\/bellunopress\",\"https:\\\/\\\/www.linkedin.com\\\/hp\\\/?dnr=JBzUWaJfMUw8vbXJJ2tVW5-I3jZKvC4wsoxE&amp;amp;amp;amp;amp;amp;trk=nav_responsive_tab_home\",\"https:\\\/\\\/www.youtube.com\\\/channel\\\/UCxL0wu1uN0_3_7hGG0306cw\"]},{\"@type\":\"Person\",\"@id\":\"https:\\\/\\\/www.bellunopress.it\\\/#\\\/schema\\\/person\\\/79bb06722b37ece1c03d3e94beb30d73\",\"name\":\"redazione\",\"image\":{\"@type\":\"ImageObject\",\"inLanguage\":\"fr-FR\",\"@id\":\"https:\\\/\\\/secure.gravatar.com\\\/avatar\\\/37d968a2e67a6fd04c169c4bdef102d0bc5d31b2546345219e348575eb80e9a0?s=96&d=mm&r=g\",\"url\":\"https:\\\/\\\/secure.gravatar.com\\\/avatar\\\/37d968a2e67a6fd04c169c4bdef102d0bc5d31b2546345219e348575eb80e9a0?s=96&d=mm&r=g\",\"contentUrl\":\"https:\\\/\\\/secure.gravatar.com\\\/avatar\\\/37d968a2e67a6fd04c169c4bdef102d0bc5d31b2546345219e348575eb80e9a0?s=96&d=mm&r=g\",\"caption\":\"redazione\"},\"sameAs\":[\"http:\\\/\\\/www.bellunopress.it\",\"https:\\\/\\\/x.com\\\/bellunopress\"],\"url\":\"https:\\\/\\\/www.bellunopress.it\\\/fr\\\/author\\\/redazione\\\/\"}]}<\/script>\n<!-- \/ Yoast SEO plugin. -->","yoast_head_json":{"title":"Buoni spesa. Lucia Pellegrini: single, di et\u00e0 compresa tra i 30 e i 50 anni il bellunese in maggiore difficolt\u00e0 - Bellunopress - Dolomiti","robots":{"index":"index","follow":"follow","max-snippet":"max-snippet:-1","max-image-preview":"max-image-preview:large","max-video-preview":"max-video-preview:-1"},"canonical":"https:\/\/www.bellunopress.it\/fr\/2020\/05\/08\/buoni-spesa-lucia-pellegrini-e-italiano-single-di-eta-compresa-tra-i-30-e-i-50-anni-il-bellunese-in-maggiore-difficolta\/","og_locale":"fr_FR","og_type":"article","og_title":"Buoni spesa. Lucia Pellegrini: single, di et\u00e0 compresa tra i 30 e i 50 anni il bellunese in maggiore difficolt\u00e0 - Bellunopress - Dolomiti","og_description":"Italiano, unico componente del nucleo familiare, e con un&#8217;et\u00e0 compresa tra i 30 e i 50 anni. Ecco l&#8217;identikit del cittadino bellunese che ha ricevuto i buoni spesa erogati dal Comune di Belluno. L&#8217;analisi condotta dai Servizi Sociali di Palazzo Rosso ha permesso di fare un quadro preciso delle criticit\u00e0 sociali ed economiche causate dall&#8217;epidemia [&hellip;]","og_url":"https:\/\/www.bellunopress.it\/fr\/2020\/05\/08\/buoni-spesa-lucia-pellegrini-e-italiano-single-di-eta-compresa-tra-i-30-e-i-50-anni-il-bellunese-in-maggiore-difficolta\/","og_site_name":"Bellunopress - Dolomiti","article_publisher":"https:\/\/www.facebook.com\/profile.php?id=100008943462799","article_published_time":"2020-05-08T09:47:01+00:00","article_modified_time":"2020-05-08T13:32:21+00:00","og_image":[{"width":620,"height":800,"url":"https:\/\/www.bellunopress.it\/wp-content\/uploads\/2020\/04\/Lucia-Pellegrini.jpg","type":"image\/jpeg"}],"author":"redazione","twitter_card":"summary_large_image","twitter_creator":"@bellunopress","twitter_site":"@bellunopress","twitter_misc":{"\u00c9crit par":"redazione","Dur\u00e9e de lecture estim\u00e9e":"3 minutes"},"schema":{"@context":"https:\/\/schema.org","@graph":[{"@type":"Article","@id":"https:\/\/www.bellunopress.it\/2020\/05\/08\/buoni-spesa-lucia-pellegrini-e-italiano-single-di-eta-compresa-tra-i-30-e-i-50-anni-il-bellunese-in-maggiore-difficolta\/#article","isPartOf":{"@id":"https:\/\/www.bellunopress.it\/2020\/05\/08\/buoni-spesa-lucia-pellegrini-e-italiano-single-di-eta-compresa-tra-i-30-e-i-50-anni-il-bellunese-in-maggiore-difficolta\/"},"author":{"name":"redazione","@id":"https:\/\/www.bellunopress.it\/#\/schema\/person\/79bb06722b37ece1c03d3e94beb30d73"},"headline":"Buoni spesa. Lucia Pellegrini: single, di et\u00e0 compresa tra i 30 e i 50 anni il bellunese in maggiore difficolt\u00e0","datePublished":"2020-05-08T09:47:01+00:00","dateModified":"2020-05-08T13:32:21+00:00","mainEntityOfPage":{"@id":"https:\/\/www.bellunopress.it\/2020\/05\/08\/buoni-spesa-lucia-pellegrini-e-italiano-single-di-eta-compresa-tra-i-30-e-i-50-anni-il-bellunese-in-maggiore-difficolta\/"},"wordCount":585,"publisher":{"@id":"https:\/\/www.bellunopress.it\/#organization"},"image":{"@id":"https:\/\/www.bellunopress.it\/2020\/05\/08\/buoni-spesa-lucia-pellegrini-e-italiano-single-di-eta-compresa-tra-i-30-e-i-50-anni-il-bellunese-in-maggiore-difficolta\/#primaryimage"},"thumbnailUrl":"https:\/\/www.bellunopress.it\/wp-content\/uploads\/2020\/04\/Lucia-Pellegrini.jpg","articleSection":["Cronaca\/Politica","Prima Pagina","Societ\u00e0, Associazioni, Istituzioni"],"inLanguage":"fr-FR"},{"@type":"WebPage","@id":"https:\/\/www.bellunopress.it\/2020\/05\/08\/buoni-spesa-lucia-pellegrini-e-italiano-single-di-eta-compresa-tra-i-30-e-i-50-anni-il-bellunese-in-maggiore-difficolta\/","url":"https:\/\/www.bellunopress.it\/2020\/05\/08\/buoni-spesa-lucia-pellegrini-e-italiano-single-di-eta-compresa-tra-i-30-e-i-50-anni-il-bellunese-in-maggiore-difficolta\/","name":"Buoni spesa. Lucia Pellegrini: single, di et\u00e0 compresa tra i 30 e i 50 anni il bellunese in maggiore difficolt\u00e0 - Bellunopress - Dolomiti","isPartOf":{"@id":"https:\/\/www.bellunopress.it\/#website"},"primaryImageOfPage":{"@id":"https:\/\/www.bellunopress.it\/2020\/05\/08\/buoni-spesa-lucia-pellegrini-e-italiano-single-di-eta-compresa-tra-i-30-e-i-50-anni-il-bellunese-in-maggiore-difficolta\/#primaryimage"},"image":{"@id":"https:\/\/www.bellunopress.it\/2020\/05\/08\/buoni-spesa-lucia-pellegrini-e-italiano-single-di-eta-compresa-tra-i-30-e-i-50-anni-il-bellunese-in-maggiore-difficolta\/#primaryimage"},"thumbnailUrl":"https:\/\/www.bellunopress.it\/wp-content\/uploads\/2020\/04\/Lucia-Pellegrini.jpg","datePublished":"2020-05-08T09:47:01+00:00","dateModified":"2020-05-08T13:32:21+00:00","breadcrumb":{"@id":"https:\/\/www.bellunopress.it\/2020\/05\/08\/buoni-spesa-lucia-pellegrini-e-italiano-single-di-eta-compresa-tra-i-30-e-i-50-anni-il-bellunese-in-maggiore-difficolta\/#breadcrumb"},"inLanguage":"fr-FR","potentialAction":[{"@type":"ReadAction","target":["https:\/\/www.bellunopress.it\/2020\/05\/08\/buoni-spesa-lucia-pellegrini-e-italiano-single-di-eta-compresa-tra-i-30-e-i-50-anni-il-bellunese-in-maggiore-difficolta\/"]}]},{"@type":"ImageObject","inLanguage":"fr-FR","@id":"https:\/\/www.bellunopress.it\/2020\/05\/08\/buoni-spesa-lucia-pellegrini-e-italiano-single-di-eta-compresa-tra-i-30-e-i-50-anni-il-bellunese-in-maggiore-difficolta\/#primaryimage","url":"https:\/\/www.bellunopress.it\/wp-content\/uploads\/2020\/04\/Lucia-Pellegrini.jpg","contentUrl":"https:\/\/www.bellunopress.it\/wp-content\/uploads\/2020\/04\/Lucia-Pellegrini.jpg","width":620,"height":800,"caption":"Lucia Pellegrini, assessore alle Politiche sociali del Comune di Belluno"},{"@type":"BreadcrumbList","@id":"https:\/\/www.bellunopress.it\/2020\/05\/08\/buoni-spesa-lucia-pellegrini-e-italiano-single-di-eta-compresa-tra-i-30-e-i-50-anni-il-bellunese-in-maggiore-difficolta\/#breadcrumb","itemListElement":[{"@type":"ListItem","position":1,"name":"Home","item":"https:\/\/www.bellunopress.it\/"},{"@type":"ListItem","position":2,"name":"Buoni spesa. Lucia Pellegrini: single, di et\u00e0 compresa tra i 30 e i 50 anni il bellunese in maggiore difficolt\u00e0"}]},{"@type":"WebSite","@id":"https:\/\/www.bellunopress.it\/#website","url":"https:\/\/www.bellunopress.it\/","name":"Bellunopress - Dolomiti","description":"e-mail: redazione@bellunopress.it","publisher":{"@id":"https:\/\/www.bellunopress.it\/#organization"},"potentialAction":[{"@type":"SearchAction","target":{"@type":"EntryPoint","urlTemplate":"https:\/\/www.bellunopress.it\/?s={search_term_string}"},"query-input":{"@type":"PropertyValueSpecification","valueRequired":true,"valueName":"search_term_string"}}],"inLanguage":"fr-FR"},{"@type":"Organization","@id":"https:\/\/www.bellunopress.it\/#organization","name":"Bellunopress","url":"https:\/\/www.bellunopress.it\/","logo":{"@type":"ImageObject","inLanguage":"fr-FR","@id":"https:\/\/www.bellunopress.it\/#\/schema\/logo\/image\/","url":"https:\/\/www.bellunopress.it\/wp-content\/uploads\/2011\/05\/cropped-logo-bellunopress-.jpg","contentUrl":"https:\/\/www.bellunopress.it\/wp-content\/uploads\/2011\/05\/cropped-logo-bellunopress-.jpg","width":512,"height":512,"caption":"Bellunopress"},"image":{"@id":"https:\/\/www.bellunopress.it\/#\/schema\/logo\/image\/"},"sameAs":["https:\/\/www.facebook.com\/profile.php?id=100008943462799","https:\/\/x.com\/bellunopress","https:\/\/www.linkedin.com\/hp\/?dnr=JBzUWaJfMUw8vbXJJ2tVW5-I3jZKvC4wsoxE&amp;amp;amp;amp;amp;amp;trk=nav_responsive_tab_home","https:\/\/www.youtube.com\/channel\/UCxL0wu1uN0_3_7hGG0306cw"]},{"@type":"Person","@id":"https:\/\/www.bellunopress.it\/#\/schema\/person\/79bb06722b37ece1c03d3e94beb30d73","name":"r\u00e9daction","image":{"@type":"ImageObject","inLanguage":"fr-FR","@id":"https:\/\/secure.gravatar.com\/avatar\/37d968a2e67a6fd04c169c4bdef102d0bc5d31b2546345219e348575eb80e9a0?s=96&d=mm&r=g","url":"https:\/\/secure.gravatar.com\/avatar\/37d968a2e67a6fd04c169c4bdef102d0bc5d31b2546345219e348575eb80e9a0?s=96&d=mm&r=g","contentUrl":"https:\/\/secure.gravatar.com\/avatar\/37d968a2e67a6fd04c169c4bdef102d0bc5d31b2546345219e348575eb80e9a0?s=96&d=mm&r=g","caption":"redazione"},"sameAs":["http:\/\/www.bellunopress.it","https:\/\/x.com\/bellunopress"],"url":"https:\/\/www.bellunopress.it\/fr\/author\/redazione\/"}]}},"_links":{"self":[{"href":"https:\/\/www.bellunopress.it\/fr\/wp-json\/wp\/v2\/posts\/114255","targetHints":{"allow":["GET"]}}],"collection":[{"href":"https:\/\/www.bellunopress.it\/fr\/wp-json\/wp\/v2\/posts"}],"about":[{"href":"https:\/\/www.bellunopress.it\/fr\/wp-json\/wp\/v2\/types\/post"}],"author":[{"embeddable":true,"href":"https:\/\/www.bellunopress.it\/fr\/wp-json\/wp\/v2\/users\/2"}],"replies":[{"embeddable":true,"href":"https:\/\/www.bellunopress.it\/fr\/wp-json\/wp\/v2\/comments?post=114255"}],"version-history":[{"count":4,"href":"https:\/\/www.bellunopress.it\/fr\/wp-json\/wp\/v2\/posts\/114255\/revisions"}],"predecessor-version":[{"id":114263,"href":"https:\/\/www.bellunopress.it\/fr\/wp-json\/wp\/v2\/posts\/114255\/revisions\/114263"}],"wp:featuredmedia":[{"embeddable":true,"href":"https:\/\/www.bellunopress.it\/fr\/wp-json\/wp\/v2\/media\/113806"}],"wp:attachment":[{"href":"https:\/\/www.bellunopress.it\/fr\/wp-json\/wp\/v2\/media?parent=114255"}],"wp:term":[{"taxonomy":"category","embeddable":true,"href":"https:\/\/www.bellunopress.it\/fr\/wp-json\/wp\/v2\/categories?post=114255"},{"taxonomy":"post_tag","embeddable":true,"href":"https:\/\/www.bellunopress.it\/fr\/wp-json\/wp\/v2\/tags?post=114255"}],"curies":[{"name":"wp","href":"https:\/\/api.w.org\/{rel}","templated":true}]}}