{"id":11406,"date":"2010-01-11T18:24:26","date_gmt":"2010-01-11T17:24:26","guid":{"rendered":"http:\/\/www.bellunopress.it\/?p=11406"},"modified":"2010-01-11T18:24:26","modified_gmt":"2010-01-11T17:24:26","slug":"diventa-regionale-il-progetto-tekne-fondato-da-confindustria-belluno-dolomiti-e-itis-segato-di-belluno","status":"publish","type":"post","link":"https:\/\/www.bellunopress.it\/fr\/2010\/01\/11\/diventa-regionale-il-progetto-tekne-fondato-da-confindustria-belluno-dolomiti-e-itis-segato-di-belluno\/","title":{"rendered":"Diventa regionale il progetto Tekne fondato da Confindustria Belluno Dolomiti e Itis &#8220;Segato&#8221; di Belluno"},"content":{"rendered":"<p><a href=\"http:\/\/www.bellunopress.it\/wp-content\/uploads\/2009\/04\/istituto-tecnico-segato-001.jpg\"><img loading=\"lazy\" decoding=\"async\" class=\"alignleft size-medium wp-image-2645\" title=\"istituto-tecnico-segato-001\" src=\"http:\/\/www.bellunopress.it\/wp-content\/uploads\/2009\/04\/istituto-tecnico-segato-001.jpg\" alt=\"\" width=\"241\" height=\"181\" \/><\/a>Tekne diventa regionale. Il progetto che l\u2019Itis Segato di Belluno e il Gruppo Giovani Imprenditori di Confindustria Belluno Dolomiti, in collaborazione con la sezione metalmeccanici, hanno inaugurato nel lontano 1986 e portato avanti con successo, anno dopo anno fino ad oggi, \u00e8 stata probabilmente la scintilla che ha dato lo spunto alla Regione Veneto per lanciare un bando FSE denominato proprio \u201cTEKNE\u201d, volto a rafforzare il dialogo attivo fra mondo della scuola e mondo del lavoro. Tre i progetti che il bando regionale FSE \u201cTEKNE\u201d ha approvato in provincia di Belluno, realizzati dall\u2019Itis Segato grazie alla collaborazione di altrettante imprese metalmeccaniche associate a Confindustria Belluno Dolomiti, da sempre attive nel locale progetto Tekne: Carlo Gavazzi Controls SpA, EV.CO. SpA e Idrotermica Veneta Zeggio SpA. \u201cAnche questa volta, l\u2019Associazione Industriali bellunese e l\u2019Itis Segato sono fra i primi ad aver aderito all\u2019iniziativa\u201d \u2013 commenta Marco Bortoluzzi presidente del Gruppo Giovani Imprenditori di Belluno \u2013 \u201cLa grande esperienza maturata in questi anni di lavoro continuo con le scuole e con i ragazzi, nell\u2019integrazione delle competenze aziendali fra i banchi di scuola, ci porta a sperimentare nuove forme di collaborazione come il progetto regionale \u201cTEKNE\u201d, a cui abbiamo certamente contribuito nell\u2019ispirare nome, finalit\u00e0 e modalit\u00e0 operative. Da parte nostra, fra i nostri obiettivi c\u2019\u00e8 anche l\u2019estensione dei progetti di integrazione scuola-lavoro a nuove scuole superiori di tutta la provincia bellunese\u201d \u2013\u00a0 conclude il presidente dei Giovani Imprenditori. E Angelo Caneve, Presidente della Sezione Industrie Metalmeccaniche di Confindustria Belluno Dolomiti, aggiunge: \u201cComplimenti alle imprese partecipanti, che si sono aggiudicate il bando e che apriranno la strada ad una evoluzione maggiore nel dialogo fra scuola e lavoro. Le aziende metalmeccaniche sono fra le pi\u00f9 ricettive alla possibilit\u00e0 di collaborare con gli istituti tecnici, e ripongono un\u2019attenzione speciale nei confronti di quei ragazzi che potranno, in futuro, cercare lavoro presso i loro stabilimenti.\u201d<\/p>","protected":false},"excerpt":{"rendered":"<p>Tekne diventa regionale. Il progetto che l\u2019Itis Segato di Belluno e il Gruppo Giovani Imprenditori di Confindustria Belluno Dolomiti, in collaborazione con la sezione metalmeccanici, hanno inaugurato nel lontano 1986 e portato avanti con successo, anno dopo anno fino ad oggi, \u00e8 stata probabilmente la scintilla che ha dato lo spunto alla Regione Veneto per [&hellip;]<\/p>\n","protected":false},"author":2,"featured_media":0,"comment_status":"closed","ping_status":"open","sticky":false,"template":"","format":"standard","meta":{"footnotes":""},"categories":[26,15],"tags":[139,63],"class_list":["post-11406","post","type-post","status-publish","format-standard","category-prima-pagina","category-scuola","tag-belluno","tag-dolomiti"],"yoast_head":"<!-- This site is optimized with the Yoast SEO plugin v28.4 - https:\/\/yoast.com\/product\/yoast-seo-wordpress\/ -->\n<title>Diventa regionale il progetto Tekne fondato da Confindustria Belluno Dolomiti e Itis &quot;Segato&quot; di Belluno  - Bellunopress - Dolomiti<\/title>\n<meta name=\"robots\" content=\"index, follow, max-snippet:-1, max-image-preview:large, max-video-preview:-1\" \/>\n<link rel=\"canonical\" href=\"https:\/\/www.bellunopress.it\/fr\/2010\/01\/11\/diventa-regionale-il-progetto-tekne-fondato-da-confindustria-belluno-dolomiti-e-itis-segato-di-belluno\/\" \/>\n<meta property=\"og:locale\" content=\"fr_FR\" \/>\n<meta property=\"og:type\" content=\"article\" \/>\n<meta property=\"og:title\" content=\"Diventa regionale il progetto Tekne fondato da Confindustria Belluno Dolomiti e Itis &quot;Segato&quot; di Belluno  - Bellunopress - Dolomiti\" \/>\n<meta property=\"og:description\" content=\"Tekne diventa regionale. Il progetto che l\u2019Itis Segato di Belluno e il Gruppo Giovani Imprenditori di Confindustria Belluno Dolomiti, in collaborazione con la sezione metalmeccanici, hanno inaugurato nel lontano 1986 e portato avanti con successo, anno dopo anno fino ad oggi, \u00e8 stata probabilmente la scintilla che ha dato lo spunto alla Regione Veneto per [&hellip;]\" \/>\n<meta property=\"og:url\" content=\"https:\/\/www.bellunopress.it\/fr\/2010\/01\/11\/diventa-regionale-il-progetto-tekne-fondato-da-confindustria-belluno-dolomiti-e-itis-segato-di-belluno\/\" \/>\n<meta property=\"og:site_name\" content=\"Bellunopress - Dolomiti\" \/>\n<meta property=\"article:publisher\" content=\"https:\/\/www.facebook.com\/profile.php?id=100008943462799\" \/>\n<meta property=\"article:published_time\" content=\"2010-01-11T17:24:26+00:00\" \/>\n<meta property=\"og:image\" content=\"http:\/\/www.bellunopress.it\/wp-content\/uploads\/2009\/04\/istituto-tecnico-segato-001.jpg\" \/>\n<meta name=\"author\" content=\"redazione\" \/>\n<meta name=\"twitter:card\" content=\"summary_large_image\" \/>\n<meta name=\"twitter:creator\" content=\"@bellunopress\" \/>\n<meta name=\"twitter:site\" content=\"@bellunopress\" \/>\n<meta name=\"twitter:label1\" content=\"\u00c9crit par\" \/>\n\t<meta name=\"twitter:data1\" content=\"redazione\" \/>\n\t<meta name=\"twitter:label2\" content=\"Dur\u00e9e de lecture estim\u00e9e\" \/>\n\t<meta name=\"twitter:data2\" content=\"2 minutes\" \/>\n<script type=\"application\/ld+json\" class=\"yoast-schema-graph\">{\"@context\":\"https:\\\/\\\/schema.org\",\"@graph\":[{\"@type\":\"Article\",\"@id\":\"https:\\\/\\\/www.bellunopress.it\\\/2010\\\/01\\\/11\\\/diventa-regionale-il-progetto-tekne-fondato-da-confindustria-belluno-dolomiti-e-itis-segato-di-belluno\\\/#article\",\"isPartOf\":{\"@id\":\"https:\\\/\\\/www.bellunopress.it\\\/2010\\\/01\\\/11\\\/diventa-regionale-il-progetto-tekne-fondato-da-confindustria-belluno-dolomiti-e-itis-segato-di-belluno\\\/\"},\"author\":{\"name\":\"redazione\",\"@id\":\"https:\\\/\\\/www.bellunopress.it\\\/#\\\/schema\\\/person\\\/79bb06722b37ece1c03d3e94beb30d73\"},\"headline\":\"Diventa regionale il progetto Tekne fondato da Confindustria Belluno Dolomiti e Itis &#8220;Segato&#8221; di Belluno\",\"datePublished\":\"2010-01-11T17:24:26+00:00\",\"mainEntityOfPage\":{\"@id\":\"https:\\\/\\\/www.bellunopress.it\\\/2010\\\/01\\\/11\\\/diventa-regionale-il-progetto-tekne-fondato-da-confindustria-belluno-dolomiti-e-itis-segato-di-belluno\\\/\"},\"wordCount\":327,\"publisher\":{\"@id\":\"https:\\\/\\\/www.bellunopress.it\\\/#organization\"},\"image\":{\"@id\":\"https:\\\/\\\/www.bellunopress.it\\\/2010\\\/01\\\/11\\\/diventa-regionale-il-progetto-tekne-fondato-da-confindustria-belluno-dolomiti-e-itis-segato-di-belluno\\\/#primaryimage\"},\"thumbnailUrl\":\"http:\\\/\\\/www.bellunopress.it\\\/wp-content\\\/uploads\\\/2009\\\/04\\\/istituto-tecnico-segato-001.jpg\",\"keywords\":[\"Belluno\",\"Dolomiti\"],\"articleSection\":[\"Prima Pagina\",\"Scuola\"],\"inLanguage\":\"fr-FR\"},{\"@type\":\"WebPage\",\"@id\":\"https:\\\/\\\/www.bellunopress.it\\\/2010\\\/01\\\/11\\\/diventa-regionale-il-progetto-tekne-fondato-da-confindustria-belluno-dolomiti-e-itis-segato-di-belluno\\\/\",\"url\":\"https:\\\/\\\/www.bellunopress.it\\\/2010\\\/01\\\/11\\\/diventa-regionale-il-progetto-tekne-fondato-da-confindustria-belluno-dolomiti-e-itis-segato-di-belluno\\\/\",\"name\":\"Diventa regionale il progetto Tekne fondato da Confindustria Belluno Dolomiti e Itis \\\"Segato\\\" di Belluno - Bellunopress - Dolomiti\",\"isPartOf\":{\"@id\":\"https:\\\/\\\/www.bellunopress.it\\\/#website\"},\"primaryImageOfPage\":{\"@id\":\"https:\\\/\\\/www.bellunopress.it\\\/2010\\\/01\\\/11\\\/diventa-regionale-il-progetto-tekne-fondato-da-confindustria-belluno-dolomiti-e-itis-segato-di-belluno\\\/#primaryimage\"},\"image\":{\"@id\":\"https:\\\/\\\/www.bellunopress.it\\\/2010\\\/01\\\/11\\\/diventa-regionale-il-progetto-tekne-fondato-da-confindustria-belluno-dolomiti-e-itis-segato-di-belluno\\\/#primaryimage\"},\"thumbnailUrl\":\"http:\\\/\\\/www.bellunopress.it\\\/wp-content\\\/uploads\\\/2009\\\/04\\\/istituto-tecnico-segato-001.jpg\",\"datePublished\":\"2010-01-11T17:24:26+00:00\",\"breadcrumb\":{\"@id\":\"https:\\\/\\\/www.bellunopress.it\\\/2010\\\/01\\\/11\\\/diventa-regionale-il-progetto-tekne-fondato-da-confindustria-belluno-dolomiti-e-itis-segato-di-belluno\\\/#breadcrumb\"},\"inLanguage\":\"fr-FR\",\"potentialAction\":[{\"@type\":\"ReadAction\",\"target\":[\"https:\\\/\\\/www.bellunopress.it\\\/2010\\\/01\\\/11\\\/diventa-regionale-il-progetto-tekne-fondato-da-confindustria-belluno-dolomiti-e-itis-segato-di-belluno\\\/\"]}]},{\"@type\":\"ImageObject\",\"inLanguage\":\"fr-FR\",\"@id\":\"https:\\\/\\\/www.bellunopress.it\\\/2010\\\/01\\\/11\\\/diventa-regionale-il-progetto-tekne-fondato-da-confindustria-belluno-dolomiti-e-itis-segato-di-belluno\\\/#primaryimage\",\"url\":\"http:\\\/\\\/www.bellunopress.it\\\/wp-content\\\/uploads\\\/2009\\\/04\\\/istituto-tecnico-segato-001.jpg\",\"contentUrl\":\"http:\\\/\\\/www.bellunopress.it\\\/wp-content\\\/uploads\\\/2009\\\/04\\\/istituto-tecnico-segato-001.jpg\"},{\"@type\":\"BreadcrumbList\",\"@id\":\"https:\\\/\\\/www.bellunopress.it\\\/2010\\\/01\\\/11\\\/diventa-regionale-il-progetto-tekne-fondato-da-confindustria-belluno-dolomiti-e-itis-segato-di-belluno\\\/#breadcrumb\",\"itemListElement\":[{\"@type\":\"ListItem\",\"position\":1,\"name\":\"Home\",\"item\":\"https:\\\/\\\/www.bellunopress.it\\\/\"},{\"@type\":\"ListItem\",\"position\":2,\"name\":\"Diventa regionale il progetto Tekne fondato da Confindustria Belluno Dolomiti e Itis &#8220;Segato&#8221; di Belluno\"}]},{\"@type\":\"WebSite\",\"@id\":\"https:\\\/\\\/www.bellunopress.it\\\/#website\",\"url\":\"https:\\\/\\\/www.bellunopress.it\\\/\",\"name\":\"Bellunopress - Dolomiti\",\"description\":\"e-mail: redazione@bellunopress.it\",\"publisher\":{\"@id\":\"https:\\\/\\\/www.bellunopress.it\\\/#organization\"},\"potentialAction\":[{\"@type\":\"SearchAction\",\"target\":{\"@type\":\"EntryPoint\",\"urlTemplate\":\"https:\\\/\\\/www.bellunopress.it\\\/?s={search_term_string}\"},\"query-input\":{\"@type\":\"PropertyValueSpecification\",\"valueRequired\":true,\"valueName\":\"search_term_string\"}}],\"inLanguage\":\"fr-FR\"},{\"@type\":\"Organization\",\"@id\":\"https:\\\/\\\/www.bellunopress.it\\\/#organization\",\"name\":\"Bellunopress\",\"url\":\"https:\\\/\\\/www.bellunopress.it\\\/\",\"logo\":{\"@type\":\"ImageObject\",\"inLanguage\":\"fr-FR\",\"@id\":\"https:\\\/\\\/www.bellunopress.it\\\/#\\\/schema\\\/logo\\\/image\\\/\",\"url\":\"https:\\\/\\\/www.bellunopress.it\\\/wp-content\\\/uploads\\\/2011\\\/05\\\/cropped-logo-bellunopress-.jpg\",\"contentUrl\":\"https:\\\/\\\/www.bellunopress.it\\\/wp-content\\\/uploads\\\/2011\\\/05\\\/cropped-logo-bellunopress-.jpg\",\"width\":512,\"height\":512,\"caption\":\"Bellunopress\"},\"image\":{\"@id\":\"https:\\\/\\\/www.bellunopress.it\\\/#\\\/schema\\\/logo\\\/image\\\/\"},\"sameAs\":[\"https:\\\/\\\/www.facebook.com\\\/profile.php?id=100008943462799\",\"https:\\\/\\\/x.com\\\/bellunopress\",\"https:\\\/\\\/www.linkedin.com\\\/hp\\\/?dnr=JBzUWaJfMUw8vbXJJ2tVW5-I3jZKvC4wsoxE&amp;amp;amp;amp;amp;amp;trk=nav_responsive_tab_home\",\"https:\\\/\\\/www.youtube.com\\\/channel\\\/UCxL0wu1uN0_3_7hGG0306cw\"]},{\"@type\":\"Person\",\"@id\":\"https:\\\/\\\/www.bellunopress.it\\\/#\\\/schema\\\/person\\\/79bb06722b37ece1c03d3e94beb30d73\",\"name\":\"redazione\",\"image\":{\"@type\":\"ImageObject\",\"inLanguage\":\"fr-FR\",\"@id\":\"https:\\\/\\\/secure.gravatar.com\\\/avatar\\\/37d968a2e67a6fd04c169c4bdef102d0bc5d31b2546345219e348575eb80e9a0?s=96&d=mm&r=g\",\"url\":\"https:\\\/\\\/secure.gravatar.com\\\/avatar\\\/37d968a2e67a6fd04c169c4bdef102d0bc5d31b2546345219e348575eb80e9a0?s=96&d=mm&r=g\",\"contentUrl\":\"https:\\\/\\\/secure.gravatar.com\\\/avatar\\\/37d968a2e67a6fd04c169c4bdef102d0bc5d31b2546345219e348575eb80e9a0?s=96&d=mm&r=g\",\"caption\":\"redazione\"},\"sameAs\":[\"http:\\\/\\\/www.bellunopress.it\",\"https:\\\/\\\/x.com\\\/bellunopress\"],\"url\":\"https:\\\/\\\/www.bellunopress.it\\\/fr\\\/author\\\/redazione\\\/\"}]}<\/script>\n<!-- \/ Yoast SEO plugin. -->","yoast_head_json":{"title":"Diventa regionale il progetto Tekne fondato da Confindustria Belluno Dolomiti e Itis \"Segato\" di Belluno  - Bellunopress - Dolomiti","robots":{"index":"index","follow":"follow","max-snippet":"max-snippet:-1","max-image-preview":"max-image-preview:large","max-video-preview":"max-video-preview:-1"},"canonical":"https:\/\/www.bellunopress.it\/fr\/2010\/01\/11\/diventa-regionale-il-progetto-tekne-fondato-da-confindustria-belluno-dolomiti-e-itis-segato-di-belluno\/","og_locale":"fr_FR","og_type":"article","og_title":"Diventa regionale il progetto Tekne fondato da Confindustria Belluno Dolomiti e Itis \"Segato\" di Belluno  - Bellunopress - Dolomiti","og_description":"Tekne diventa regionale. Il progetto che l\u2019Itis Segato di Belluno e il Gruppo Giovani Imprenditori di Confindustria Belluno Dolomiti, in collaborazione con la sezione metalmeccanici, hanno inaugurato nel lontano 1986 e portato avanti con successo, anno dopo anno fino ad oggi, \u00e8 stata probabilmente la scintilla che ha dato lo spunto alla Regione Veneto per [&hellip;]","og_url":"https:\/\/www.bellunopress.it\/fr\/2010\/01\/11\/diventa-regionale-il-progetto-tekne-fondato-da-confindustria-belluno-dolomiti-e-itis-segato-di-belluno\/","og_site_name":"Bellunopress - Dolomiti","article_publisher":"https:\/\/www.facebook.com\/profile.php?id=100008943462799","article_published_time":"2010-01-11T17:24:26+00:00","og_image":[{"url":"http:\/\/www.bellunopress.it\/wp-content\/uploads\/2009\/04\/istituto-tecnico-segato-001.jpg","type":"","width":"","height":""}],"author":"redazione","twitter_card":"summary_large_image","twitter_creator":"@bellunopress","twitter_site":"@bellunopress","twitter_misc":{"\u00c9crit par":"redazione","Dur\u00e9e de lecture estim\u00e9e":"2 minutes"},"schema":{"@context":"https:\/\/schema.org","@graph":[{"@type":"Article","@id":"https:\/\/www.bellunopress.it\/2010\/01\/11\/diventa-regionale-il-progetto-tekne-fondato-da-confindustria-belluno-dolomiti-e-itis-segato-di-belluno\/#article","isPartOf":{"@id":"https:\/\/www.bellunopress.it\/2010\/01\/11\/diventa-regionale-il-progetto-tekne-fondato-da-confindustria-belluno-dolomiti-e-itis-segato-di-belluno\/"},"author":{"name":"redazione","@id":"https:\/\/www.bellunopress.it\/#\/schema\/person\/79bb06722b37ece1c03d3e94beb30d73"},"headline":"Diventa regionale il progetto Tekne fondato da Confindustria Belluno Dolomiti e Itis &#8220;Segato&#8221; di Belluno","datePublished":"2010-01-11T17:24:26+00:00","mainEntityOfPage":{"@id":"https:\/\/www.bellunopress.it\/2010\/01\/11\/diventa-regionale-il-progetto-tekne-fondato-da-confindustria-belluno-dolomiti-e-itis-segato-di-belluno\/"},"wordCount":327,"publisher":{"@id":"https:\/\/www.bellunopress.it\/#organization"},"image":{"@id":"https:\/\/www.bellunopress.it\/2010\/01\/11\/diventa-regionale-il-progetto-tekne-fondato-da-confindustria-belluno-dolomiti-e-itis-segato-di-belluno\/#primaryimage"},"thumbnailUrl":"http:\/\/www.bellunopress.it\/wp-content\/uploads\/2009\/04\/istituto-tecnico-segato-001.jpg","keywords":["Belluno","Dolomiti"],"articleSection":["Prima Pagina","Scuola"],"inLanguage":"fr-FR"},{"@type":"WebPage","@id":"https:\/\/www.bellunopress.it\/2010\/01\/11\/diventa-regionale-il-progetto-tekne-fondato-da-confindustria-belluno-dolomiti-e-itis-segato-di-belluno\/","url":"https:\/\/www.bellunopress.it\/2010\/01\/11\/diventa-regionale-il-progetto-tekne-fondato-da-confindustria-belluno-dolomiti-e-itis-segato-di-belluno\/","name":"Diventa regionale il progetto Tekne fondato da Confindustria Belluno Dolomiti e Itis \"Segato\" di Belluno - Bellunopress - Dolomiti","isPartOf":{"@id":"https:\/\/www.bellunopress.it\/#website"},"primaryImageOfPage":{"@id":"https:\/\/www.bellunopress.it\/2010\/01\/11\/diventa-regionale-il-progetto-tekne-fondato-da-confindustria-belluno-dolomiti-e-itis-segato-di-belluno\/#primaryimage"},"image":{"@id":"https:\/\/www.bellunopress.it\/2010\/01\/11\/diventa-regionale-il-progetto-tekne-fondato-da-confindustria-belluno-dolomiti-e-itis-segato-di-belluno\/#primaryimage"},"thumbnailUrl":"http:\/\/www.bellunopress.it\/wp-content\/uploads\/2009\/04\/istituto-tecnico-segato-001.jpg","datePublished":"2010-01-11T17:24:26+00:00","breadcrumb":{"@id":"https:\/\/www.bellunopress.it\/2010\/01\/11\/diventa-regionale-il-progetto-tekne-fondato-da-confindustria-belluno-dolomiti-e-itis-segato-di-belluno\/#breadcrumb"},"inLanguage":"fr-FR","potentialAction":[{"@type":"ReadAction","target":["https:\/\/www.bellunopress.it\/2010\/01\/11\/diventa-regionale-il-progetto-tekne-fondato-da-confindustria-belluno-dolomiti-e-itis-segato-di-belluno\/"]}]},{"@type":"ImageObject","inLanguage":"fr-FR","@id":"https:\/\/www.bellunopress.it\/2010\/01\/11\/diventa-regionale-il-progetto-tekne-fondato-da-confindustria-belluno-dolomiti-e-itis-segato-di-belluno\/#primaryimage","url":"http:\/\/www.bellunopress.it\/wp-content\/uploads\/2009\/04\/istituto-tecnico-segato-001.jpg","contentUrl":"http:\/\/www.bellunopress.it\/wp-content\/uploads\/2009\/04\/istituto-tecnico-segato-001.jpg"},{"@type":"BreadcrumbList","@id":"https:\/\/www.bellunopress.it\/2010\/01\/11\/diventa-regionale-il-progetto-tekne-fondato-da-confindustria-belluno-dolomiti-e-itis-segato-di-belluno\/#breadcrumb","itemListElement":[{"@type":"ListItem","position":1,"name":"Home","item":"https:\/\/www.bellunopress.it\/"},{"@type":"ListItem","position":2,"name":"Diventa regionale il progetto Tekne fondato da Confindustria Belluno Dolomiti e Itis &#8220;Segato&#8221; di Belluno"}]},{"@type":"WebSite","@id":"https:\/\/www.bellunopress.it\/#website","url":"https:\/\/www.bellunopress.it\/","name":"Bellunopress - Dolomiti","description":"e-mail: redazione@bellunopress.it","publisher":{"@id":"https:\/\/www.bellunopress.it\/#organization"},"potentialAction":[{"@type":"SearchAction","target":{"@type":"EntryPoint","urlTemplate":"https:\/\/www.bellunopress.it\/?s={search_term_string}"},"query-input":{"@type":"PropertyValueSpecification","valueRequired":true,"valueName":"search_term_string"}}],"inLanguage":"fr-FR"},{"@type":"Organization","@id":"https:\/\/www.bellunopress.it\/#organization","name":"Bellunopress","url":"https:\/\/www.bellunopress.it\/","logo":{"@type":"ImageObject","inLanguage":"fr-FR","@id":"https:\/\/www.bellunopress.it\/#\/schema\/logo\/image\/","url":"https:\/\/www.bellunopress.it\/wp-content\/uploads\/2011\/05\/cropped-logo-bellunopress-.jpg","contentUrl":"https:\/\/www.bellunopress.it\/wp-content\/uploads\/2011\/05\/cropped-logo-bellunopress-.jpg","width":512,"height":512,"caption":"Bellunopress"},"image":{"@id":"https:\/\/www.bellunopress.it\/#\/schema\/logo\/image\/"},"sameAs":["https:\/\/www.facebook.com\/profile.php?id=100008943462799","https:\/\/x.com\/bellunopress","https:\/\/www.linkedin.com\/hp\/?dnr=JBzUWaJfMUw8vbXJJ2tVW5-I3jZKvC4wsoxE&amp;amp;amp;amp;amp;amp;trk=nav_responsive_tab_home","https:\/\/www.youtube.com\/channel\/UCxL0wu1uN0_3_7hGG0306cw"]},{"@type":"Person","@id":"https:\/\/www.bellunopress.it\/#\/schema\/person\/79bb06722b37ece1c03d3e94beb30d73","name":"r\u00e9daction","image":{"@type":"ImageObject","inLanguage":"fr-FR","@id":"https:\/\/secure.gravatar.com\/avatar\/37d968a2e67a6fd04c169c4bdef102d0bc5d31b2546345219e348575eb80e9a0?s=96&d=mm&r=g","url":"https:\/\/secure.gravatar.com\/avatar\/37d968a2e67a6fd04c169c4bdef102d0bc5d31b2546345219e348575eb80e9a0?s=96&d=mm&r=g","contentUrl":"https:\/\/secure.gravatar.com\/avatar\/37d968a2e67a6fd04c169c4bdef102d0bc5d31b2546345219e348575eb80e9a0?s=96&d=mm&r=g","caption":"redazione"},"sameAs":["http:\/\/www.bellunopress.it","https:\/\/x.com\/bellunopress"],"url":"https:\/\/www.bellunopress.it\/fr\/author\/redazione\/"}]}},"_links":{"self":[{"href":"https:\/\/www.bellunopress.it\/fr\/wp-json\/wp\/v2\/posts\/11406","targetHints":{"allow":["GET"]}}],"collection":[{"href":"https:\/\/www.bellunopress.it\/fr\/wp-json\/wp\/v2\/posts"}],"about":[{"href":"https:\/\/www.bellunopress.it\/fr\/wp-json\/wp\/v2\/types\/post"}],"author":[{"embeddable":true,"href":"https:\/\/www.bellunopress.it\/fr\/wp-json\/wp\/v2\/users\/2"}],"replies":[{"embeddable":true,"href":"https:\/\/www.bellunopress.it\/fr\/wp-json\/wp\/v2\/comments?post=11406"}],"version-history":[{"count":1,"href":"https:\/\/www.bellunopress.it\/fr\/wp-json\/wp\/v2\/posts\/11406\/revisions"}],"predecessor-version":[{"id":11407,"href":"https:\/\/www.bellunopress.it\/fr\/wp-json\/wp\/v2\/posts\/11406\/revisions\/11407"}],"wp:attachment":[{"href":"https:\/\/www.bellunopress.it\/fr\/wp-json\/wp\/v2\/media?parent=11406"}],"wp:term":[{"taxonomy":"category","embeddable":true,"href":"https:\/\/www.bellunopress.it\/fr\/wp-json\/wp\/v2\/categories?post=11406"},{"taxonomy":"post_tag","embeddable":true,"href":"https:\/\/www.bellunopress.it\/fr\/wp-json\/wp\/v2\/tags?post=11406"}],"curies":[{"name":"wp","href":"https:\/\/api.w.org\/{rel}","templated":true}]}}