{"id":11402,"date":"2010-01-11T17:31:00","date_gmt":"2010-01-11T16:31:00","guid":{"rendered":"http:\/\/www.bellunopress.it\/?p=11402"},"modified":"2010-01-11T17:31:00","modified_gmt":"2010-01-11T16:31:00","slug":"secondo-appuntamento-con-la-rassegna-%e2%80%9cinchiostro%e2%80%9d-lunedi-18-gennaio-al-catullo","status":"publish","type":"post","link":"https:\/\/www.bellunopress.it\/fr\/2010\/01\/11\/secondo-appuntamento-con-la-rassegna-%e2%80%9cinchiostro%e2%80%9d-lunedi-18-gennaio-al-catullo\/","title":{"rendered":"Secondo appuntamento con la rassegna \u201cInchiostro\u201d luned\u00ec 18 gennaio al Catullo"},"content":{"rendered":"<p><a href=\"http:\/\/www.bellunopress.it\/wp-content\/uploads\/2010\/01\/inchiostro_cartolina_federica-leggera.jpg\"><img loading=\"lazy\" decoding=\"async\" class=\"alignleft size-medium wp-image-11403\" title=\"inchiostro_cartolina_federica-leggera\" src=\"http:\/\/www.bellunopress.it\/wp-content\/uploads\/2010\/01\/inchiostro_cartolina_federica-leggera.jpg\" alt=\"\" width=\"180\" height=\"270\" \/><\/a>I giornali, la verit\u00e0, l\u2019invenzione letteraria, la finzione. Questo il tema del secondo appuntamento con la rassegna \u201cInchiostro\u201d,\u00a0 che vedr\u00e0 protagonista, luned\u00ec 18 gennaio alle 18.30, nell\u2019aula magna dell\u2019istituto \u201cCatullo\u201d, la giornalista Federica Sgaggio, autrice del libro \u201cDue colonne taglio basso\u201d, edito da Sironi.<br \/>\nI giornali mentono? E\u2019 questa la domanda che, indirettamente, pone il volume di Federica Sgaggio: un romanzo. Un giallo. Un libro che mette in scena la fitta rete di interessi, rivalit\u00e0 e sentimenti mai dichiarati che agitano il microcosmo di un quotidiano di provincia. Fin dalle prime righe, \u201cDue colonne taglio basso\u201d apre le porte al dubbio: se il vicecaporedattore della \u00abGazzetta del mattino\u00bb viene trovato morto, la testa fracassata, sul ciglio di una strada di periferia e, per il direttore e per la propriet\u00e0, la prima esigenza \u00e8 quella di evitare che il fatto macchi la reputazione del giornale, siamo ancora in grado, oggi, di vedere con i nostri occhi, o vediamo solo quello che ci viene mostrato? Dopo l\u2019incontro con \u201cCorpo morto e corpo vivo \u2013 Eluana Englaro e Silvio Berlusconi\u201d di Giulio Mozzi, \u201cInchiostro\u201d invita ad affacciarsi dietro le quinte di un piccolo giornale, attraverso la voce di chi ne conosce meccanismi, tic, manie.<br \/>\n<strong>Federica Sgaggio <\/strong>\u00e8 giornalista dal 1992, ed ha lavorato per un breve periodo anche al \u201cGazzettino\u201d di Belluno.<a href=\"http:\/\/www.bellunopress.it\/wp-content\/uploads\/2010\/01\/federica-sgaggio-leggera.jpg\"><img loading=\"lazy\" decoding=\"async\" class=\"alignright size-medium wp-image-11404\" title=\"federica-sgaggio-leggera\" src=\"http:\/\/www.bellunopress.it\/wp-content\/uploads\/2010\/01\/federica-sgaggio-leggera.jpg\" alt=\"\" width=\"180\" height=\"207\" \/><\/a><br \/>\nDice di s\u00e8: \u201cHa sempre sognato di poter scrivere su un risvolto di copertina: \u00abVive tra Verona e l\u2019Irlanda\u00bb. In realt\u00e0 vive tra Verona e Verona e lavora alla redazione Interni ed Esteri del quotidiano \u00abL\u2019Arena\u00bb\u201d.<br \/>\n\u201cInchiostro \u2013 tre appuntamenti con la finzione\u201d \u00e8 organizzato e curato da 32100-Associazione a indirizzo culturale (www.32100.it). Il contraddittorio con Federica Sgaggio sar\u00e0 curato da Michela Fregona.<br \/>\nL\u2019incontro avr\u00e0 ingresso libero.<\/p>","protected":false},"excerpt":{"rendered":"<p>I giornali, la verit\u00e0, l\u2019invenzione letteraria, la finzione. Questo il tema del secondo appuntamento con la rassegna \u201cInchiostro\u201d,\u00a0 che vedr\u00e0 protagonista, luned\u00ec 18 gennaio alle 18.30, nell\u2019aula magna dell\u2019istituto \u201cCatullo\u201d, la giornalista Federica Sgaggio, autrice del libro \u201cDue colonne taglio basso\u201d, edito da Sironi. I giornali mentono? E\u2019 questa la domanda che, indirettamente, pone il [&hellip;]<\/p>\n","protected":false},"author":2,"featured_media":0,"comment_status":"closed","ping_status":"open","sticky":false,"template":"","format":"standard","meta":{"footnotes":""},"categories":[27,3,25],"tags":[139],"class_list":["post-11402","post","type-post","status-publish","format-standard","category-appuntamenti","category-arte-cultura-spettacoli-scienza-archivi","category-pausa-caffe","tag-belluno"],"yoast_head":"<!-- This site is optimized with the Yoast SEO plugin v28.4 - https:\/\/yoast.com\/product\/yoast-seo-wordpress\/ -->\n<title>Secondo appuntamento con la rassegna \u201cInchiostro\u201d luned\u00ec 18 gennaio al Catullo - Bellunopress - Dolomiti<\/title>\n<meta name=\"robots\" content=\"index, follow, max-snippet:-1, max-image-preview:large, max-video-preview:-1\" \/>\n<link rel=\"canonical\" href=\"https:\/\/www.bellunopress.it\/fr\/2010\/01\/11\/secondo-appuntamento-con-la-rassegna-\u201cinchiostro\u201d-lunedi-18-gennaio-al-catullo\/\" \/>\n<meta property=\"og:locale\" content=\"fr_FR\" \/>\n<meta property=\"og:type\" content=\"article\" \/>\n<meta property=\"og:title\" content=\"Secondo appuntamento con la rassegna \u201cInchiostro\u201d luned\u00ec 18 gennaio al Catullo - Bellunopress - Dolomiti\" \/>\n<meta property=\"og:description\" content=\"I giornali, la verit\u00e0, l\u2019invenzione letteraria, la finzione. Questo il tema del secondo appuntamento con la rassegna \u201cInchiostro\u201d,\u00a0 che vedr\u00e0 protagonista, luned\u00ec 18 gennaio alle 18.30, nell\u2019aula magna dell\u2019istituto \u201cCatullo\u201d, la giornalista Federica Sgaggio, autrice del libro \u201cDue colonne taglio basso\u201d, edito da Sironi. I giornali mentono? E\u2019 questa la domanda che, indirettamente, pone il [&hellip;]\" \/>\n<meta property=\"og:url\" content=\"https:\/\/www.bellunopress.it\/fr\/2010\/01\/11\/secondo-appuntamento-con-la-rassegna-\u201cinchiostro\u201d-lunedi-18-gennaio-al-catullo\/\" \/>\n<meta property=\"og:site_name\" content=\"Bellunopress - Dolomiti\" \/>\n<meta property=\"article:publisher\" content=\"https:\/\/www.facebook.com\/profile.php?id=100008943462799\" \/>\n<meta property=\"article:published_time\" content=\"2010-01-11T16:31:00+00:00\" \/>\n<meta property=\"og:image\" content=\"http:\/\/www.bellunopress.it\/wp-content\/uploads\/2010\/01\/inchiostro_cartolina_federica-leggera.jpg\" \/>\n<meta name=\"author\" content=\"redazione\" \/>\n<meta name=\"twitter:card\" content=\"summary_large_image\" \/>\n<meta name=\"twitter:creator\" content=\"@bellunopress\" \/>\n<meta name=\"twitter:site\" content=\"@bellunopress\" \/>\n<meta name=\"twitter:label1\" content=\"\u00c9crit par\" \/>\n\t<meta name=\"twitter:data1\" content=\"redazione\" \/>\n\t<meta name=\"twitter:label2\" content=\"Dur\u00e9e de lecture estim\u00e9e\" \/>\n\t<meta name=\"twitter:data2\" content=\"1 minute\" \/>\n<script type=\"application\/ld+json\" class=\"yoast-schema-graph\">{\"@context\":\"https:\\\/\\\/schema.org\",\"@graph\":[{\"@type\":\"Article\",\"@id\":\"https:\\\/\\\/www.bellunopress.it\\\/2010\\\/01\\\/11\\\/secondo-appuntamento-con-la-rassegna-%e2%80%9cinchiostro%e2%80%9d-lunedi-18-gennaio-al-catullo\\\/#article\",\"isPartOf\":{\"@id\":\"https:\\\/\\\/www.bellunopress.it\\\/2010\\\/01\\\/11\\\/secondo-appuntamento-con-la-rassegna-%e2%80%9cinchiostro%e2%80%9d-lunedi-18-gennaio-al-catullo\\\/\"},\"author\":{\"name\":\"redazione\",\"@id\":\"https:\\\/\\\/www.bellunopress.it\\\/#\\\/schema\\\/person\\\/79bb06722b37ece1c03d3e94beb30d73\"},\"headline\":\"Secondo appuntamento con la rassegna \u201cInchiostro\u201d luned\u00ec 18 gennaio al Catullo\",\"datePublished\":\"2010-01-11T16:31:00+00:00\",\"mainEntityOfPage\":{\"@id\":\"https:\\\/\\\/www.bellunopress.it\\\/2010\\\/01\\\/11\\\/secondo-appuntamento-con-la-rassegna-%e2%80%9cinchiostro%e2%80%9d-lunedi-18-gennaio-al-catullo\\\/\"},\"wordCount\":296,\"publisher\":{\"@id\":\"https:\\\/\\\/www.bellunopress.it\\\/#organization\"},\"image\":{\"@id\":\"https:\\\/\\\/www.bellunopress.it\\\/2010\\\/01\\\/11\\\/secondo-appuntamento-con-la-rassegna-%e2%80%9cinchiostro%e2%80%9d-lunedi-18-gennaio-al-catullo\\\/#primaryimage\"},\"thumbnailUrl\":\"http:\\\/\\\/www.bellunopress.it\\\/wp-content\\\/uploads\\\/2010\\\/01\\\/inchiostro_cartolina_federica-leggera.jpg\",\"keywords\":[\"Belluno\"],\"articleSection\":[\"Appuntamenti, Eventi\",\"Arte, Cultura, Spettacoli, Scienza\",\"Pausa Caff\u00e8\"],\"inLanguage\":\"fr-FR\"},{\"@type\":\"WebPage\",\"@id\":\"https:\\\/\\\/www.bellunopress.it\\\/2010\\\/01\\\/11\\\/secondo-appuntamento-con-la-rassegna-%e2%80%9cinchiostro%e2%80%9d-lunedi-18-gennaio-al-catullo\\\/\",\"url\":\"https:\\\/\\\/www.bellunopress.it\\\/2010\\\/01\\\/11\\\/secondo-appuntamento-con-la-rassegna-%e2%80%9cinchiostro%e2%80%9d-lunedi-18-gennaio-al-catullo\\\/\",\"name\":\"Secondo appuntamento con la rassegna \u201cInchiostro\u201d luned\u00ec 18 gennaio al Catullo - Bellunopress - Dolomiti\",\"isPartOf\":{\"@id\":\"https:\\\/\\\/www.bellunopress.it\\\/#website\"},\"primaryImageOfPage\":{\"@id\":\"https:\\\/\\\/www.bellunopress.it\\\/2010\\\/01\\\/11\\\/secondo-appuntamento-con-la-rassegna-%e2%80%9cinchiostro%e2%80%9d-lunedi-18-gennaio-al-catullo\\\/#primaryimage\"},\"image\":{\"@id\":\"https:\\\/\\\/www.bellunopress.it\\\/2010\\\/01\\\/11\\\/secondo-appuntamento-con-la-rassegna-%e2%80%9cinchiostro%e2%80%9d-lunedi-18-gennaio-al-catullo\\\/#primaryimage\"},\"thumbnailUrl\":\"http:\\\/\\\/www.bellunopress.it\\\/wp-content\\\/uploads\\\/2010\\\/01\\\/inchiostro_cartolina_federica-leggera.jpg\",\"datePublished\":\"2010-01-11T16:31:00+00:00\",\"breadcrumb\":{\"@id\":\"https:\\\/\\\/www.bellunopress.it\\\/2010\\\/01\\\/11\\\/secondo-appuntamento-con-la-rassegna-%e2%80%9cinchiostro%e2%80%9d-lunedi-18-gennaio-al-catullo\\\/#breadcrumb\"},\"inLanguage\":\"fr-FR\",\"potentialAction\":[{\"@type\":\"ReadAction\",\"target\":[\"https:\\\/\\\/www.bellunopress.it\\\/2010\\\/01\\\/11\\\/secondo-appuntamento-con-la-rassegna-%e2%80%9cinchiostro%e2%80%9d-lunedi-18-gennaio-al-catullo\\\/\"]}]},{\"@type\":\"ImageObject\",\"inLanguage\":\"fr-FR\",\"@id\":\"https:\\\/\\\/www.bellunopress.it\\\/2010\\\/01\\\/11\\\/secondo-appuntamento-con-la-rassegna-%e2%80%9cinchiostro%e2%80%9d-lunedi-18-gennaio-al-catullo\\\/#primaryimage\",\"url\":\"http:\\\/\\\/www.bellunopress.it\\\/wp-content\\\/uploads\\\/2010\\\/01\\\/inchiostro_cartolina_federica-leggera.jpg\",\"contentUrl\":\"http:\\\/\\\/www.bellunopress.it\\\/wp-content\\\/uploads\\\/2010\\\/01\\\/inchiostro_cartolina_federica-leggera.jpg\"},{\"@type\":\"BreadcrumbList\",\"@id\":\"https:\\\/\\\/www.bellunopress.it\\\/2010\\\/01\\\/11\\\/secondo-appuntamento-con-la-rassegna-%e2%80%9cinchiostro%e2%80%9d-lunedi-18-gennaio-al-catullo\\\/#breadcrumb\",\"itemListElement\":[{\"@type\":\"ListItem\",\"position\":1,\"name\":\"Home\",\"item\":\"https:\\\/\\\/www.bellunopress.it\\\/\"},{\"@type\":\"ListItem\",\"position\":2,\"name\":\"Secondo appuntamento con la rassegna \u201cInchiostro\u201d luned\u00ec 18 gennaio al Catullo\"}]},{\"@type\":\"WebSite\",\"@id\":\"https:\\\/\\\/www.bellunopress.it\\\/#website\",\"url\":\"https:\\\/\\\/www.bellunopress.it\\\/\",\"name\":\"Bellunopress - Dolomiti\",\"description\":\"e-mail: redazione@bellunopress.it\",\"publisher\":{\"@id\":\"https:\\\/\\\/www.bellunopress.it\\\/#organization\"},\"potentialAction\":[{\"@type\":\"SearchAction\",\"target\":{\"@type\":\"EntryPoint\",\"urlTemplate\":\"https:\\\/\\\/www.bellunopress.it\\\/?s={search_term_string}\"},\"query-input\":{\"@type\":\"PropertyValueSpecification\",\"valueRequired\":true,\"valueName\":\"search_term_string\"}}],\"inLanguage\":\"fr-FR\"},{\"@type\":\"Organization\",\"@id\":\"https:\\\/\\\/www.bellunopress.it\\\/#organization\",\"name\":\"Bellunopress\",\"url\":\"https:\\\/\\\/www.bellunopress.it\\\/\",\"logo\":{\"@type\":\"ImageObject\",\"inLanguage\":\"fr-FR\",\"@id\":\"https:\\\/\\\/www.bellunopress.it\\\/#\\\/schema\\\/logo\\\/image\\\/\",\"url\":\"https:\\\/\\\/www.bellunopress.it\\\/wp-content\\\/uploads\\\/2011\\\/05\\\/cropped-logo-bellunopress-.jpg\",\"contentUrl\":\"https:\\\/\\\/www.bellunopress.it\\\/wp-content\\\/uploads\\\/2011\\\/05\\\/cropped-logo-bellunopress-.jpg\",\"width\":512,\"height\":512,\"caption\":\"Bellunopress\"},\"image\":{\"@id\":\"https:\\\/\\\/www.bellunopress.it\\\/#\\\/schema\\\/logo\\\/image\\\/\"},\"sameAs\":[\"https:\\\/\\\/www.facebook.com\\\/profile.php?id=100008943462799\",\"https:\\\/\\\/x.com\\\/bellunopress\",\"https:\\\/\\\/www.linkedin.com\\\/hp\\\/?dnr=JBzUWaJfMUw8vbXJJ2tVW5-I3jZKvC4wsoxE&amp;amp;amp;amp;amp;amp;trk=nav_responsive_tab_home\",\"https:\\\/\\\/www.youtube.com\\\/channel\\\/UCxL0wu1uN0_3_7hGG0306cw\"]},{\"@type\":\"Person\",\"@id\":\"https:\\\/\\\/www.bellunopress.it\\\/#\\\/schema\\\/person\\\/79bb06722b37ece1c03d3e94beb30d73\",\"name\":\"redazione\",\"image\":{\"@type\":\"ImageObject\",\"inLanguage\":\"fr-FR\",\"@id\":\"https:\\\/\\\/secure.gravatar.com\\\/avatar\\\/37d968a2e67a6fd04c169c4bdef102d0bc5d31b2546345219e348575eb80e9a0?s=96&d=mm&r=g\",\"url\":\"https:\\\/\\\/secure.gravatar.com\\\/avatar\\\/37d968a2e67a6fd04c169c4bdef102d0bc5d31b2546345219e348575eb80e9a0?s=96&d=mm&r=g\",\"contentUrl\":\"https:\\\/\\\/secure.gravatar.com\\\/avatar\\\/37d968a2e67a6fd04c169c4bdef102d0bc5d31b2546345219e348575eb80e9a0?s=96&d=mm&r=g\",\"caption\":\"redazione\"},\"sameAs\":[\"http:\\\/\\\/www.bellunopress.it\",\"https:\\\/\\\/x.com\\\/bellunopress\"],\"url\":\"https:\\\/\\\/www.bellunopress.it\\\/fr\\\/author\\\/redazione\\\/\"}]}<\/script>\n<!-- \/ Yoast SEO plugin. -->","yoast_head_json":{"title":"Secondo appuntamento con la rassegna \u201cInchiostro\u201d luned\u00ec 18 gennaio al Catullo - Bellunopress - Dolomiti","robots":{"index":"index","follow":"follow","max-snippet":"max-snippet:-1","max-image-preview":"max-image-preview:large","max-video-preview":"max-video-preview:-1"},"canonical":"https:\/\/www.bellunopress.it\/fr\/2010\/01\/11\/secondo-appuntamento-con-la-rassegna-\u201cinchiostro\u201d-lunedi-18-gennaio-al-catullo\/","og_locale":"fr_FR","og_type":"article","og_title":"Secondo appuntamento con la rassegna \u201cInchiostro\u201d luned\u00ec 18 gennaio al Catullo - Bellunopress - Dolomiti","og_description":"I giornali, la verit\u00e0, l\u2019invenzione letteraria, la finzione. Questo il tema del secondo appuntamento con la rassegna \u201cInchiostro\u201d,\u00a0 che vedr\u00e0 protagonista, luned\u00ec 18 gennaio alle 18.30, nell\u2019aula magna dell\u2019istituto \u201cCatullo\u201d, la giornalista Federica Sgaggio, autrice del libro \u201cDue colonne taglio basso\u201d, edito da Sironi. I giornali mentono? E\u2019 questa la domanda che, indirettamente, pone il [&hellip;]","og_url":"https:\/\/www.bellunopress.it\/fr\/2010\/01\/11\/secondo-appuntamento-con-la-rassegna-\u201cinchiostro\u201d-lunedi-18-gennaio-al-catullo\/","og_site_name":"Bellunopress - Dolomiti","article_publisher":"https:\/\/www.facebook.com\/profile.php?id=100008943462799","article_published_time":"2010-01-11T16:31:00+00:00","og_image":[{"url":"http:\/\/www.bellunopress.it\/wp-content\/uploads\/2010\/01\/inchiostro_cartolina_federica-leggera.jpg","type":"","width":"","height":""}],"author":"redazione","twitter_card":"summary_large_image","twitter_creator":"@bellunopress","twitter_site":"@bellunopress","twitter_misc":{"\u00c9crit par":"redazione","Dur\u00e9e de lecture estim\u00e9e":"1 minute"},"schema":{"@context":"https:\/\/schema.org","@graph":[{"@type":"Article","@id":"https:\/\/www.bellunopress.it\/2010\/01\/11\/secondo-appuntamento-con-la-rassegna-%e2%80%9cinchiostro%e2%80%9d-lunedi-18-gennaio-al-catullo\/#article","isPartOf":{"@id":"https:\/\/www.bellunopress.it\/2010\/01\/11\/secondo-appuntamento-con-la-rassegna-%e2%80%9cinchiostro%e2%80%9d-lunedi-18-gennaio-al-catullo\/"},"author":{"name":"redazione","@id":"https:\/\/www.bellunopress.it\/#\/schema\/person\/79bb06722b37ece1c03d3e94beb30d73"},"headline":"Secondo appuntamento con la rassegna \u201cInchiostro\u201d luned\u00ec 18 gennaio al Catullo","datePublished":"2010-01-11T16:31:00+00:00","mainEntityOfPage":{"@id":"https:\/\/www.bellunopress.it\/2010\/01\/11\/secondo-appuntamento-con-la-rassegna-%e2%80%9cinchiostro%e2%80%9d-lunedi-18-gennaio-al-catullo\/"},"wordCount":296,"publisher":{"@id":"https:\/\/www.bellunopress.it\/#organization"},"image":{"@id":"https:\/\/www.bellunopress.it\/2010\/01\/11\/secondo-appuntamento-con-la-rassegna-%e2%80%9cinchiostro%e2%80%9d-lunedi-18-gennaio-al-catullo\/#primaryimage"},"thumbnailUrl":"http:\/\/www.bellunopress.it\/wp-content\/uploads\/2010\/01\/inchiostro_cartolina_federica-leggera.jpg","keywords":["Belluno"],"articleSection":["Appuntamenti, Eventi","Arte, Cultura, Spettacoli, Scienza","Pausa Caff\u00e8"],"inLanguage":"fr-FR"},{"@type":"WebPage","@id":"https:\/\/www.bellunopress.it\/2010\/01\/11\/secondo-appuntamento-con-la-rassegna-%e2%80%9cinchiostro%e2%80%9d-lunedi-18-gennaio-al-catullo\/","url":"https:\/\/www.bellunopress.it\/2010\/01\/11\/secondo-appuntamento-con-la-rassegna-%e2%80%9cinchiostro%e2%80%9d-lunedi-18-gennaio-al-catullo\/","name":"Secondo appuntamento con la rassegna \u201cInchiostro\u201d luned\u00ec 18 gennaio al Catullo - Bellunopress - Dolomiti","isPartOf":{"@id":"https:\/\/www.bellunopress.it\/#website"},"primaryImageOfPage":{"@id":"https:\/\/www.bellunopress.it\/2010\/01\/11\/secondo-appuntamento-con-la-rassegna-%e2%80%9cinchiostro%e2%80%9d-lunedi-18-gennaio-al-catullo\/#primaryimage"},"image":{"@id":"https:\/\/www.bellunopress.it\/2010\/01\/11\/secondo-appuntamento-con-la-rassegna-%e2%80%9cinchiostro%e2%80%9d-lunedi-18-gennaio-al-catullo\/#primaryimage"},"thumbnailUrl":"http:\/\/www.bellunopress.it\/wp-content\/uploads\/2010\/01\/inchiostro_cartolina_federica-leggera.jpg","datePublished":"2010-01-11T16:31:00+00:00","breadcrumb":{"@id":"https:\/\/www.bellunopress.it\/2010\/01\/11\/secondo-appuntamento-con-la-rassegna-%e2%80%9cinchiostro%e2%80%9d-lunedi-18-gennaio-al-catullo\/#breadcrumb"},"inLanguage":"fr-FR","potentialAction":[{"@type":"ReadAction","target":["https:\/\/www.bellunopress.it\/2010\/01\/11\/secondo-appuntamento-con-la-rassegna-%e2%80%9cinchiostro%e2%80%9d-lunedi-18-gennaio-al-catullo\/"]}]},{"@type":"ImageObject","inLanguage":"fr-FR","@id":"https:\/\/www.bellunopress.it\/2010\/01\/11\/secondo-appuntamento-con-la-rassegna-%e2%80%9cinchiostro%e2%80%9d-lunedi-18-gennaio-al-catullo\/#primaryimage","url":"http:\/\/www.bellunopress.it\/wp-content\/uploads\/2010\/01\/inchiostro_cartolina_federica-leggera.jpg","contentUrl":"http:\/\/www.bellunopress.it\/wp-content\/uploads\/2010\/01\/inchiostro_cartolina_federica-leggera.jpg"},{"@type":"BreadcrumbList","@id":"https:\/\/www.bellunopress.it\/2010\/01\/11\/secondo-appuntamento-con-la-rassegna-%e2%80%9cinchiostro%e2%80%9d-lunedi-18-gennaio-al-catullo\/#breadcrumb","itemListElement":[{"@type":"ListItem","position":1,"name":"Home","item":"https:\/\/www.bellunopress.it\/"},{"@type":"ListItem","position":2,"name":"Secondo appuntamento con la rassegna \u201cInchiostro\u201d luned\u00ec 18 gennaio al Catullo"}]},{"@type":"WebSite","@id":"https:\/\/www.bellunopress.it\/#website","url":"https:\/\/www.bellunopress.it\/","name":"Bellunopress - Dolomiti","description":"e-mail: redazione@bellunopress.it","publisher":{"@id":"https:\/\/www.bellunopress.it\/#organization"},"potentialAction":[{"@type":"SearchAction","target":{"@type":"EntryPoint","urlTemplate":"https:\/\/www.bellunopress.it\/?s={search_term_string}"},"query-input":{"@type":"PropertyValueSpecification","valueRequired":true,"valueName":"search_term_string"}}],"inLanguage":"fr-FR"},{"@type":"Organization","@id":"https:\/\/www.bellunopress.it\/#organization","name":"Bellunopress","url":"https:\/\/www.bellunopress.it\/","logo":{"@type":"ImageObject","inLanguage":"fr-FR","@id":"https:\/\/www.bellunopress.it\/#\/schema\/logo\/image\/","url":"https:\/\/www.bellunopress.it\/wp-content\/uploads\/2011\/05\/cropped-logo-bellunopress-.jpg","contentUrl":"https:\/\/www.bellunopress.it\/wp-content\/uploads\/2011\/05\/cropped-logo-bellunopress-.jpg","width":512,"height":512,"caption":"Bellunopress"},"image":{"@id":"https:\/\/www.bellunopress.it\/#\/schema\/logo\/image\/"},"sameAs":["https:\/\/www.facebook.com\/profile.php?id=100008943462799","https:\/\/x.com\/bellunopress","https:\/\/www.linkedin.com\/hp\/?dnr=JBzUWaJfMUw8vbXJJ2tVW5-I3jZKvC4wsoxE&amp;amp;amp;amp;amp;amp;trk=nav_responsive_tab_home","https:\/\/www.youtube.com\/channel\/UCxL0wu1uN0_3_7hGG0306cw"]},{"@type":"Person","@id":"https:\/\/www.bellunopress.it\/#\/schema\/person\/79bb06722b37ece1c03d3e94beb30d73","name":"r\u00e9daction","image":{"@type":"ImageObject","inLanguage":"fr-FR","@id":"https:\/\/secure.gravatar.com\/avatar\/37d968a2e67a6fd04c169c4bdef102d0bc5d31b2546345219e348575eb80e9a0?s=96&d=mm&r=g","url":"https:\/\/secure.gravatar.com\/avatar\/37d968a2e67a6fd04c169c4bdef102d0bc5d31b2546345219e348575eb80e9a0?s=96&d=mm&r=g","contentUrl":"https:\/\/secure.gravatar.com\/avatar\/37d968a2e67a6fd04c169c4bdef102d0bc5d31b2546345219e348575eb80e9a0?s=96&d=mm&r=g","caption":"redazione"},"sameAs":["http:\/\/www.bellunopress.it","https:\/\/x.com\/bellunopress"],"url":"https:\/\/www.bellunopress.it\/fr\/author\/redazione\/"}]}},"_links":{"self":[{"href":"https:\/\/www.bellunopress.it\/fr\/wp-json\/wp\/v2\/posts\/11402","targetHints":{"allow":["GET"]}}],"collection":[{"href":"https:\/\/www.bellunopress.it\/fr\/wp-json\/wp\/v2\/posts"}],"about":[{"href":"https:\/\/www.bellunopress.it\/fr\/wp-json\/wp\/v2\/types\/post"}],"author":[{"embeddable":true,"href":"https:\/\/www.bellunopress.it\/fr\/wp-json\/wp\/v2\/users\/2"}],"replies":[{"embeddable":true,"href":"https:\/\/www.bellunopress.it\/fr\/wp-json\/wp\/v2\/comments?post=11402"}],"version-history":[{"count":1,"href":"https:\/\/www.bellunopress.it\/fr\/wp-json\/wp\/v2\/posts\/11402\/revisions"}],"predecessor-version":[{"id":11405,"href":"https:\/\/www.bellunopress.it\/fr\/wp-json\/wp\/v2\/posts\/11402\/revisions\/11405"}],"wp:attachment":[{"href":"https:\/\/www.bellunopress.it\/fr\/wp-json\/wp\/v2\/media?parent=11402"}],"wp:term":[{"taxonomy":"category","embeddable":true,"href":"https:\/\/www.bellunopress.it\/fr\/wp-json\/wp\/v2\/categories?post=11402"},{"taxonomy":"post_tag","embeddable":true,"href":"https:\/\/www.bellunopress.it\/fr\/wp-json\/wp\/v2\/tags?post=11402"}],"curies":[{"name":"wp","href":"https:\/\/api.w.org\/{rel}","templated":true}]}}