{"id":11400,"date":"2010-01-11T17:24:56","date_gmt":"2010-01-11T16:24:56","guid":{"rendered":"http:\/\/www.bellunopress.it\/?p=11400"},"modified":"2010-01-11T17:24:56","modified_gmt":"2010-01-11T16:24:56","slug":"gli-operatori-%e2%80%9ccarta-qualita%e2%80%9d-del-parco-nazionale-dolomiti-bellunesi-si-incontrano-a-feltre","status":"publish","type":"post","link":"https:\/\/www.bellunopress.it\/fr\/2010\/01\/11\/gli-operatori-%e2%80%9ccarta-qualita%e2%80%9d-del-parco-nazionale-dolomiti-bellunesi-si-incontrano-a-feltre\/","title":{"rendered":"Gli operatori \u201cCarta Qualit\u00e0\u201d del Parco Nazionale Dolomiti Bellunesi si incontrano a Feltre"},"content":{"rendered":"<p>Agricoltori, gestori di bed &amp; breakfast, artigiani, ristoratori, riuniti sotto la campanula del Parco, si ritrovano per il consueto incontro annuale. Gioved\u00ec 14 gennaio alle ore 17.30, presso la Sala Ocri a Feltre, si terr\u00e0 l\u2019abituale incontro annuale degli operatori che aderiscono al circuito \u201cCarta Qualit\u00e0\u201d del Parco Nazionale Dolomiti Bellunesi. Le aziende che hanno ottenuto il logo del Parco, tutte operanti nei 15 Comuni del Parco, sono quasi 240: si tratta di aziende agricole ed agroalimentari, imprese artigianali, attivit\u00e0 di servizio turistico (Bed &amp; Breakfast, agriturismo, affittacamere, alberghi, campeggi), ristoranti ed esercizi commerciali. Per poter entrare nel circuito \u201cCarta Qualit\u00e0\u201d le aziende sottoscrivono dei disciplinari tecnici, redatti dal Parco, che stabiliscono i criteri minimi di qualit\u00e0 del servizio o del prodotto offerto, che deve essere ottenuto nel rispetto dell\u2019ambiente. Chi entra nel circuito usufruisce delle attivit\u00e0 promozionali curate dal Parco, che comprendono l\u2019inserimento sul sito internet del Parco; la partecipazione a fiere locali e nazionali; la stampa di un opuscolo che raccoglie le informazioni relative a tutte le aziende aderenti; la partecipazione al mercatino organizzato in occasione della festa d\u2019estate al Parco. L\u2019annuale incontro tra gli operatori \u00e8 ormai diventato un appuntamento tradizionale, organizzato dal Parco per ascoltare le opinioni degli operatori sulle attivit\u00e0 promozionali realizzate, raccogliere suggerimenti per migliorare il sistema, presentare i programmi di attivit\u00e0 per il nuovo anno. L\u2019incontro di Feltre costituir\u00e0 anche l\u2019occasione per presentare alle aziende la nuova versione dei disciplinari tecnici, che sono stati notevolmente semplificati. \u201cAbbiamo deciso di semplificare i disciplinari per la concessione del logo del Parco &#8211; ha dichiarato il Direttore del Parco, Nino Martino \u2013 per rendere il sistema pi\u00f9 facilmente gestibile dal punto di vista burocratico, facilitare gli operatori nella compilazione delle domande di concessione del logo e valorizzare al meglio le eccellenze presenti nella rete di operatori Carta Qualit\u00e0. Lo snellimento dei disciplinari non comprometter\u00e0 il rigore tecnico e la garanzia del rispetto ambientale da parte delle aziende che si fregiano del logo del Parco, che costituiscono la base su cui \u00e8 stato costruito, in questi anni, l\u2019intero progetto, che \u00e8 servito da esempio per molte iniziative analoghe in altri Parchi nazionali italiani\u201d. All\u2019ordine del giorno dell\u2019incontro di gioved\u00ec c\u2019\u00e8 anche a presentazione agli operatori del nuovo centro culturale \u201cPiero Rossi\u201d di Belluno, di prossima apertura. Il centro ospiter\u00e0 infatti un \u201cnegozio del Parco\u201d, nel quale sar\u00e0 possibile trovare in vendita non solo le pubblicazioni e l\u2019oggettistica realizzati dal Parco, ma anche i prodotti agroalimentari ed artigianali del circuito \u201cCarta Qualit\u00e0\u201d e, in prospettiva futura, i prodotti tipici e tradizionali provenienti da altri Parchi nazionali italiani e dai Parchi regionali del Veneto.<\/p>","protected":false},"excerpt":{"rendered":"<p>Agricoltori, gestori di bed &amp; breakfast, artigiani, ristoratori, riuniti sotto la campanula del Parco, si ritrovano per il consueto incontro annuale. Gioved\u00ec 14 gennaio alle ore 17.30, presso la Sala Ocri a Feltre, si terr\u00e0 l\u2019abituale incontro annuale degli operatori che aderiscono al circuito \u201cCarta Qualit\u00e0\u201d del Parco Nazionale Dolomiti Bellunesi. Le aziende che hanno [&hellip;]<\/p>\n","protected":false},"author":2,"featured_media":0,"comment_status":"closed","ping_status":"open","sticky":false,"template":"","format":"standard","meta":{"footnotes":""},"categories":[5,38,26],"tags":[139,63,302],"class_list":["post-11400","post","type-post","status-publish","format-standard","category-cronaca","category-natura-ambiente","category-prima-pagina","tag-belluno","tag-dolomiti","tag-feltre"],"yoast_head":"<!-- This site is optimized with the Yoast SEO plugin v28.4 - https:\/\/yoast.com\/product\/yoast-seo-wordpress\/ -->\n<title>Gli operatori \u201cCarta Qualit\u00e0\u201d del Parco Nazionale Dolomiti Bellunesi si incontrano a Feltre - Bellunopress - Dolomiti<\/title>\n<meta name=\"robots\" content=\"index, follow, max-snippet:-1, max-image-preview:large, max-video-preview:-1\" \/>\n<link rel=\"canonical\" href=\"https:\/\/www.bellunopress.it\/fr\/2010\/01\/11\/gli-operatori-\u201ccarta-qualita\u201d-del-parco-nazionale-dolomiti-bellunesi-si-incontrano-a-feltre\/\" \/>\n<meta property=\"og:locale\" content=\"fr_FR\" \/>\n<meta property=\"og:type\" content=\"article\" \/>\n<meta property=\"og:title\" content=\"Gli operatori \u201cCarta Qualit\u00e0\u201d del Parco Nazionale Dolomiti Bellunesi si incontrano a Feltre - Bellunopress - Dolomiti\" \/>\n<meta property=\"og:description\" content=\"Agricoltori, gestori di bed &amp; breakfast, artigiani, ristoratori, riuniti sotto la campanula del Parco, si ritrovano per il consueto incontro annuale. Gioved\u00ec 14 gennaio alle ore 17.30, presso la Sala Ocri a Feltre, si terr\u00e0 l\u2019abituale incontro annuale degli operatori che aderiscono al circuito \u201cCarta Qualit\u00e0\u201d del Parco Nazionale Dolomiti Bellunesi. Le aziende che hanno [&hellip;]\" \/>\n<meta property=\"og:url\" content=\"https:\/\/www.bellunopress.it\/fr\/2010\/01\/11\/gli-operatori-\u201ccarta-qualita\u201d-del-parco-nazionale-dolomiti-bellunesi-si-incontrano-a-feltre\/\" \/>\n<meta property=\"og:site_name\" content=\"Bellunopress - Dolomiti\" \/>\n<meta property=\"article:publisher\" content=\"https:\/\/www.facebook.com\/profile.php?id=100008943462799\" \/>\n<meta property=\"article:published_time\" content=\"2010-01-11T16:24:56+00:00\" \/>\n<meta property=\"og:image\" content=\"http:\/\/www.bellunopress.it\/wp-content\/uploads\/2012\/07\/logo-bellunopress-250x250-2012.jpg\" \/>\n<meta name=\"author\" content=\"redazione\" \/>\n<meta name=\"twitter:card\" content=\"summary_large_image\" \/>\n<meta name=\"twitter:creator\" content=\"@bellunopress\" \/>\n<meta name=\"twitter:site\" content=\"@bellunopress\" \/>\n<meta name=\"twitter:label1\" content=\"\u00c9crit par\" \/>\n\t<meta name=\"twitter:data1\" content=\"redazione\" \/>\n\t<meta name=\"twitter:label2\" content=\"Dur\u00e9e de lecture estim\u00e9e\" \/>\n\t<meta name=\"twitter:data2\" content=\"2 minutes\" \/>\n<script type=\"application\/ld+json\" class=\"yoast-schema-graph\">{\"@context\":\"https:\\\/\\\/schema.org\",\"@graph\":[{\"@type\":\"Article\",\"@id\":\"https:\\\/\\\/www.bellunopress.it\\\/2010\\\/01\\\/11\\\/gli-operatori-%e2%80%9ccarta-qualita%e2%80%9d-del-parco-nazionale-dolomiti-bellunesi-si-incontrano-a-feltre\\\/#article\",\"isPartOf\":{\"@id\":\"https:\\\/\\\/www.bellunopress.it\\\/2010\\\/01\\\/11\\\/gli-operatori-%e2%80%9ccarta-qualita%e2%80%9d-del-parco-nazionale-dolomiti-bellunesi-si-incontrano-a-feltre\\\/\"},\"author\":{\"name\":\"redazione\",\"@id\":\"https:\\\/\\\/www.bellunopress.it\\\/#\\\/schema\\\/person\\\/79bb06722b37ece1c03d3e94beb30d73\"},\"headline\":\"Gli operatori \u201cCarta Qualit\u00e0\u201d del Parco Nazionale Dolomiti Bellunesi si incontrano a Feltre\",\"datePublished\":\"2010-01-11T16:24:56+00:00\",\"mainEntityOfPage\":{\"@id\":\"https:\\\/\\\/www.bellunopress.it\\\/2010\\\/01\\\/11\\\/gli-operatori-%e2%80%9ccarta-qualita%e2%80%9d-del-parco-nazionale-dolomiti-bellunesi-si-incontrano-a-feltre\\\/\"},\"wordCount\":451,\"publisher\":{\"@id\":\"https:\\\/\\\/www.bellunopress.it\\\/#organization\"},\"keywords\":[\"Belluno\",\"Dolomiti\",\"Feltre\"],\"articleSection\":[\"Cronaca\\\/Politica\",\"Meteo, natura, ambiente, animali\",\"Prima Pagina\"],\"inLanguage\":\"fr-FR\"},{\"@type\":\"WebPage\",\"@id\":\"https:\\\/\\\/www.bellunopress.it\\\/2010\\\/01\\\/11\\\/gli-operatori-%e2%80%9ccarta-qualita%e2%80%9d-del-parco-nazionale-dolomiti-bellunesi-si-incontrano-a-feltre\\\/\",\"url\":\"https:\\\/\\\/www.bellunopress.it\\\/2010\\\/01\\\/11\\\/gli-operatori-%e2%80%9ccarta-qualita%e2%80%9d-del-parco-nazionale-dolomiti-bellunesi-si-incontrano-a-feltre\\\/\",\"name\":\"Gli operatori \u201cCarta Qualit\u00e0\u201d del Parco Nazionale Dolomiti Bellunesi si incontrano a Feltre - Bellunopress - Dolomiti\",\"isPartOf\":{\"@id\":\"https:\\\/\\\/www.bellunopress.it\\\/#website\"},\"datePublished\":\"2010-01-11T16:24:56+00:00\",\"breadcrumb\":{\"@id\":\"https:\\\/\\\/www.bellunopress.it\\\/2010\\\/01\\\/11\\\/gli-operatori-%e2%80%9ccarta-qualita%e2%80%9d-del-parco-nazionale-dolomiti-bellunesi-si-incontrano-a-feltre\\\/#breadcrumb\"},\"inLanguage\":\"fr-FR\",\"potentialAction\":[{\"@type\":\"ReadAction\",\"target\":[\"https:\\\/\\\/www.bellunopress.it\\\/2010\\\/01\\\/11\\\/gli-operatori-%e2%80%9ccarta-qualita%e2%80%9d-del-parco-nazionale-dolomiti-bellunesi-si-incontrano-a-feltre\\\/\"]}]},{\"@type\":\"BreadcrumbList\",\"@id\":\"https:\\\/\\\/www.bellunopress.it\\\/2010\\\/01\\\/11\\\/gli-operatori-%e2%80%9ccarta-qualita%e2%80%9d-del-parco-nazionale-dolomiti-bellunesi-si-incontrano-a-feltre\\\/#breadcrumb\",\"itemListElement\":[{\"@type\":\"ListItem\",\"position\":1,\"name\":\"Home\",\"item\":\"https:\\\/\\\/www.bellunopress.it\\\/\"},{\"@type\":\"ListItem\",\"position\":2,\"name\":\"Gli operatori \u201cCarta Qualit\u00e0\u201d del Parco Nazionale Dolomiti Bellunesi si incontrano a Feltre\"}]},{\"@type\":\"WebSite\",\"@id\":\"https:\\\/\\\/www.bellunopress.it\\\/#website\",\"url\":\"https:\\\/\\\/www.bellunopress.it\\\/\",\"name\":\"Bellunopress - Dolomiti\",\"description\":\"e-mail: redazione@bellunopress.it\",\"publisher\":{\"@id\":\"https:\\\/\\\/www.bellunopress.it\\\/#organization\"},\"potentialAction\":[{\"@type\":\"SearchAction\",\"target\":{\"@type\":\"EntryPoint\",\"urlTemplate\":\"https:\\\/\\\/www.bellunopress.it\\\/?s={search_term_string}\"},\"query-input\":{\"@type\":\"PropertyValueSpecification\",\"valueRequired\":true,\"valueName\":\"search_term_string\"}}],\"inLanguage\":\"fr-FR\"},{\"@type\":\"Organization\",\"@id\":\"https:\\\/\\\/www.bellunopress.it\\\/#organization\",\"name\":\"Bellunopress\",\"url\":\"https:\\\/\\\/www.bellunopress.it\\\/\",\"logo\":{\"@type\":\"ImageObject\",\"inLanguage\":\"fr-FR\",\"@id\":\"https:\\\/\\\/www.bellunopress.it\\\/#\\\/schema\\\/logo\\\/image\\\/\",\"url\":\"https:\\\/\\\/www.bellunopress.it\\\/wp-content\\\/uploads\\\/2011\\\/05\\\/cropped-logo-bellunopress-.jpg\",\"contentUrl\":\"https:\\\/\\\/www.bellunopress.it\\\/wp-content\\\/uploads\\\/2011\\\/05\\\/cropped-logo-bellunopress-.jpg\",\"width\":512,\"height\":512,\"caption\":\"Bellunopress\"},\"image\":{\"@id\":\"https:\\\/\\\/www.bellunopress.it\\\/#\\\/schema\\\/logo\\\/image\\\/\"},\"sameAs\":[\"https:\\\/\\\/www.facebook.com\\\/profile.php?id=100008943462799\",\"https:\\\/\\\/x.com\\\/bellunopress\",\"https:\\\/\\\/www.linkedin.com\\\/hp\\\/?dnr=JBzUWaJfMUw8vbXJJ2tVW5-I3jZKvC4wsoxE&amp;amp;amp;amp;amp;amp;trk=nav_responsive_tab_home\",\"https:\\\/\\\/www.youtube.com\\\/channel\\\/UCxL0wu1uN0_3_7hGG0306cw\"]},{\"@type\":\"Person\",\"@id\":\"https:\\\/\\\/www.bellunopress.it\\\/#\\\/schema\\\/person\\\/79bb06722b37ece1c03d3e94beb30d73\",\"name\":\"redazione\",\"image\":{\"@type\":\"ImageObject\",\"inLanguage\":\"fr-FR\",\"@id\":\"https:\\\/\\\/secure.gravatar.com\\\/avatar\\\/37d968a2e67a6fd04c169c4bdef102d0bc5d31b2546345219e348575eb80e9a0?s=96&d=mm&r=g\",\"url\":\"https:\\\/\\\/secure.gravatar.com\\\/avatar\\\/37d968a2e67a6fd04c169c4bdef102d0bc5d31b2546345219e348575eb80e9a0?s=96&d=mm&r=g\",\"contentUrl\":\"https:\\\/\\\/secure.gravatar.com\\\/avatar\\\/37d968a2e67a6fd04c169c4bdef102d0bc5d31b2546345219e348575eb80e9a0?s=96&d=mm&r=g\",\"caption\":\"redazione\"},\"sameAs\":[\"http:\\\/\\\/www.bellunopress.it\",\"https:\\\/\\\/x.com\\\/bellunopress\"],\"url\":\"https:\\\/\\\/www.bellunopress.it\\\/fr\\\/author\\\/redazione\\\/\"}]}<\/script>\n<!-- \/ Yoast SEO plugin. -->","yoast_head_json":{"title":"Gli operatori \u201cCarta Qualit\u00e0\u201d del Parco Nazionale Dolomiti Bellunesi si incontrano a Feltre - Bellunopress - Dolomiti","robots":{"index":"index","follow":"follow","max-snippet":"max-snippet:-1","max-image-preview":"max-image-preview:large","max-video-preview":"max-video-preview:-1"},"canonical":"https:\/\/www.bellunopress.it\/fr\/2010\/01\/11\/gli-operatori-\u201ccarta-qualita\u201d-del-parco-nazionale-dolomiti-bellunesi-si-incontrano-a-feltre\/","og_locale":"fr_FR","og_type":"article","og_title":"Gli operatori \u201cCarta Qualit\u00e0\u201d del Parco Nazionale Dolomiti Bellunesi si incontrano a Feltre - Bellunopress - Dolomiti","og_description":"Agricoltori, gestori di bed &amp; breakfast, artigiani, ristoratori, riuniti sotto la campanula del Parco, si ritrovano per il consueto incontro annuale. Gioved\u00ec 14 gennaio alle ore 17.30, presso la Sala Ocri a Feltre, si terr\u00e0 l\u2019abituale incontro annuale degli operatori che aderiscono al circuito \u201cCarta Qualit\u00e0\u201d del Parco Nazionale Dolomiti Bellunesi. Le aziende che hanno [&hellip;]","og_url":"https:\/\/www.bellunopress.it\/fr\/2010\/01\/11\/gli-operatori-\u201ccarta-qualita\u201d-del-parco-nazionale-dolomiti-bellunesi-si-incontrano-a-feltre\/","og_site_name":"Bellunopress - Dolomiti","article_publisher":"https:\/\/www.facebook.com\/profile.php?id=100008943462799","article_published_time":"2010-01-11T16:24:56+00:00","og_image":[{"url":"http:\/\/www.bellunopress.it\/wp-content\/uploads\/2012\/07\/logo-bellunopress-250x250-2012.jpg","type":"","width":"","height":""}],"author":"redazione","twitter_card":"summary_large_image","twitter_creator":"@bellunopress","twitter_site":"@bellunopress","twitter_misc":{"\u00c9crit par":"redazione","Dur\u00e9e de lecture estim\u00e9e":"2 minutes"},"schema":{"@context":"https:\/\/schema.org","@graph":[{"@type":"Article","@id":"https:\/\/www.bellunopress.it\/2010\/01\/11\/gli-operatori-%e2%80%9ccarta-qualita%e2%80%9d-del-parco-nazionale-dolomiti-bellunesi-si-incontrano-a-feltre\/#article","isPartOf":{"@id":"https:\/\/www.bellunopress.it\/2010\/01\/11\/gli-operatori-%e2%80%9ccarta-qualita%e2%80%9d-del-parco-nazionale-dolomiti-bellunesi-si-incontrano-a-feltre\/"},"author":{"name":"redazione","@id":"https:\/\/www.bellunopress.it\/#\/schema\/person\/79bb06722b37ece1c03d3e94beb30d73"},"headline":"Gli operatori \u201cCarta Qualit\u00e0\u201d del Parco Nazionale Dolomiti Bellunesi si incontrano a Feltre","datePublished":"2010-01-11T16:24:56+00:00","mainEntityOfPage":{"@id":"https:\/\/www.bellunopress.it\/2010\/01\/11\/gli-operatori-%e2%80%9ccarta-qualita%e2%80%9d-del-parco-nazionale-dolomiti-bellunesi-si-incontrano-a-feltre\/"},"wordCount":451,"publisher":{"@id":"https:\/\/www.bellunopress.it\/#organization"},"keywords":["Belluno","Dolomiti","Feltre"],"articleSection":["Cronaca\/Politica","Meteo, natura, ambiente, animali","Prima Pagina"],"inLanguage":"fr-FR"},{"@type":"WebPage","@id":"https:\/\/www.bellunopress.it\/2010\/01\/11\/gli-operatori-%e2%80%9ccarta-qualita%e2%80%9d-del-parco-nazionale-dolomiti-bellunesi-si-incontrano-a-feltre\/","url":"https:\/\/www.bellunopress.it\/2010\/01\/11\/gli-operatori-%e2%80%9ccarta-qualita%e2%80%9d-del-parco-nazionale-dolomiti-bellunesi-si-incontrano-a-feltre\/","name":"Gli operatori \u201cCarta Qualit\u00e0\u201d del Parco Nazionale Dolomiti Bellunesi si incontrano a Feltre - Bellunopress - Dolomiti","isPartOf":{"@id":"https:\/\/www.bellunopress.it\/#website"},"datePublished":"2010-01-11T16:24:56+00:00","breadcrumb":{"@id":"https:\/\/www.bellunopress.it\/2010\/01\/11\/gli-operatori-%e2%80%9ccarta-qualita%e2%80%9d-del-parco-nazionale-dolomiti-bellunesi-si-incontrano-a-feltre\/#breadcrumb"},"inLanguage":"fr-FR","potentialAction":[{"@type":"ReadAction","target":["https:\/\/www.bellunopress.it\/2010\/01\/11\/gli-operatori-%e2%80%9ccarta-qualita%e2%80%9d-del-parco-nazionale-dolomiti-bellunesi-si-incontrano-a-feltre\/"]}]},{"@type":"BreadcrumbList","@id":"https:\/\/www.bellunopress.it\/2010\/01\/11\/gli-operatori-%e2%80%9ccarta-qualita%e2%80%9d-del-parco-nazionale-dolomiti-bellunesi-si-incontrano-a-feltre\/#breadcrumb","itemListElement":[{"@type":"ListItem","position":1,"name":"Home","item":"https:\/\/www.bellunopress.it\/"},{"@type":"ListItem","position":2,"name":"Gli operatori \u201cCarta Qualit\u00e0\u201d del Parco Nazionale Dolomiti Bellunesi si incontrano a Feltre"}]},{"@type":"WebSite","@id":"https:\/\/www.bellunopress.it\/#website","url":"https:\/\/www.bellunopress.it\/","name":"Bellunopress - Dolomiti","description":"e-mail: redazione@bellunopress.it","publisher":{"@id":"https:\/\/www.bellunopress.it\/#organization"},"potentialAction":[{"@type":"SearchAction","target":{"@type":"EntryPoint","urlTemplate":"https:\/\/www.bellunopress.it\/?s={search_term_string}"},"query-input":{"@type":"PropertyValueSpecification","valueRequired":true,"valueName":"search_term_string"}}],"inLanguage":"fr-FR"},{"@type":"Organization","@id":"https:\/\/www.bellunopress.it\/#organization","name":"Bellunopress","url":"https:\/\/www.bellunopress.it\/","logo":{"@type":"ImageObject","inLanguage":"fr-FR","@id":"https:\/\/www.bellunopress.it\/#\/schema\/logo\/image\/","url":"https:\/\/www.bellunopress.it\/wp-content\/uploads\/2011\/05\/cropped-logo-bellunopress-.jpg","contentUrl":"https:\/\/www.bellunopress.it\/wp-content\/uploads\/2011\/05\/cropped-logo-bellunopress-.jpg","width":512,"height":512,"caption":"Bellunopress"},"image":{"@id":"https:\/\/www.bellunopress.it\/#\/schema\/logo\/image\/"},"sameAs":["https:\/\/www.facebook.com\/profile.php?id=100008943462799","https:\/\/x.com\/bellunopress","https:\/\/www.linkedin.com\/hp\/?dnr=JBzUWaJfMUw8vbXJJ2tVW5-I3jZKvC4wsoxE&amp;amp;amp;amp;amp;amp;trk=nav_responsive_tab_home","https:\/\/www.youtube.com\/channel\/UCxL0wu1uN0_3_7hGG0306cw"]},{"@type":"Person","@id":"https:\/\/www.bellunopress.it\/#\/schema\/person\/79bb06722b37ece1c03d3e94beb30d73","name":"r\u00e9daction","image":{"@type":"ImageObject","inLanguage":"fr-FR","@id":"https:\/\/secure.gravatar.com\/avatar\/37d968a2e67a6fd04c169c4bdef102d0bc5d31b2546345219e348575eb80e9a0?s=96&d=mm&r=g","url":"https:\/\/secure.gravatar.com\/avatar\/37d968a2e67a6fd04c169c4bdef102d0bc5d31b2546345219e348575eb80e9a0?s=96&d=mm&r=g","contentUrl":"https:\/\/secure.gravatar.com\/avatar\/37d968a2e67a6fd04c169c4bdef102d0bc5d31b2546345219e348575eb80e9a0?s=96&d=mm&r=g","caption":"redazione"},"sameAs":["http:\/\/www.bellunopress.it","https:\/\/x.com\/bellunopress"],"url":"https:\/\/www.bellunopress.it\/fr\/author\/redazione\/"}]}},"_links":{"self":[{"href":"https:\/\/www.bellunopress.it\/fr\/wp-json\/wp\/v2\/posts\/11400","targetHints":{"allow":["GET"]}}],"collection":[{"href":"https:\/\/www.bellunopress.it\/fr\/wp-json\/wp\/v2\/posts"}],"about":[{"href":"https:\/\/www.bellunopress.it\/fr\/wp-json\/wp\/v2\/types\/post"}],"author":[{"embeddable":true,"href":"https:\/\/www.bellunopress.it\/fr\/wp-json\/wp\/v2\/users\/2"}],"replies":[{"embeddable":true,"href":"https:\/\/www.bellunopress.it\/fr\/wp-json\/wp\/v2\/comments?post=11400"}],"version-history":[{"count":1,"href":"https:\/\/www.bellunopress.it\/fr\/wp-json\/wp\/v2\/posts\/11400\/revisions"}],"predecessor-version":[{"id":11401,"href":"https:\/\/www.bellunopress.it\/fr\/wp-json\/wp\/v2\/posts\/11400\/revisions\/11401"}],"wp:attachment":[{"href":"https:\/\/www.bellunopress.it\/fr\/wp-json\/wp\/v2\/media?parent=11400"}],"wp:term":[{"taxonomy":"category","embeddable":true,"href":"https:\/\/www.bellunopress.it\/fr\/wp-json\/wp\/v2\/categories?post=11400"},{"taxonomy":"post_tag","embeddable":true,"href":"https:\/\/www.bellunopress.it\/fr\/wp-json\/wp\/v2\/tags?post=11400"}],"curies":[{"name":"wp","href":"https:\/\/api.w.org\/{rel}","templated":true}]}}