{"id":11398,"date":"2010-01-11T13:52:58","date_gmt":"2010-01-11T12:52:58","guid":{"rendered":"http:\/\/www.bellunopress.it\/?p=11398"},"modified":"2010-01-11T13:52:58","modified_gmt":"2010-01-11T12:52:58","slug":"polizia-stradale-di-belluno-ecco-il-bilancio-dellattivita-svolta-nel-2009","status":"publish","type":"post","link":"https:\/\/www.bellunopress.it\/fr\/2010\/01\/11\/polizia-stradale-di-belluno-ecco-il-bilancio-dellattivita-svolta-nel-2009\/","title":{"rendered":"Polizia stradale di Belluno: ecco il bilancio dell&#8217;attivit\u00e0 svolta nel 2009"},"content":{"rendered":"<p><a href=\"http:\/\/www.bellunopress.it\/wp-content\/uploads\/2009\/02\/polizia-stradale-leggera.jpg\"><img loading=\"lazy\" decoding=\"async\" class=\"alignleft size-medium wp-image-665\" title=\"polizia-stradale-leggera\" src=\"http:\/\/www.bellunopress.it\/wp-content\/uploads\/2009\/02\/polizia-stradale-leggera.jpg\" alt=\"\" width=\"212\" height=\"270\" \/><\/a>La Sezione Polizia Stradale di Belluno, con i distaccamenti di Feltre e Valle di Cadore, ha attuato nel corso del 2009 una giornaliera presenza di operatori sulla rete viaria della provincia per una sicurezza per gli utenti sia in termini di prevenzione che di repressione. Sono stati attuati controlli sia per condotte di guida indisciplinate, a volte spregiudicate, che per scarso senso civico hanno messo di sovente a rischio la vita degli stessi conducenti o quella degli altri, in spregio ai limiti di velocit\u00e0 o per essersi posti alla guida dopo aver assunto\u00a0 sostanze alcoliche o droghe. Controlli e verifiche sono stati effettuati negli ambiti del trasporto professionale di merci e persone anche con l\u2019impiego del Centro Mobile di Revisione. L\u2019impegno della Polizia Stradale si \u00e8 concretizzato sul territorio attraverso la presenza di 3307 pattuglie impiegate per la vigilanza stradale, di 480 pattuglie dedicate specificatamente al controllo trasporto professionale di merci e passeggeri, di cui 15 mediante l\u2019impiego del Centro Mobile di Revisione, nonch\u00e9 di 284 pattuglie con compiti esclusivi per il contrasto del fenomeno noto come \u201cstragi del sabato sera\u201d mediante il controllo dello stato di alterazione psicofisica dei conducenti nei fine settimana. L\u2019azione di controllo del rispetto dei limiti di velocit\u00e0 ha visto l\u2019utilizzo di tutte le\u00a0 risorse tecniche disponibili (autovelox, telelaser e provida sulla viabilit\u00e0 ordinaria extraurbana, soprattutto in prossimit\u00e0 dei cantieri stradali). Sul fronte della polizia giudiziaria sono stati effettuati 2 arresti e sono state denunciate 22 persone per reati riconducibili in massima parte, ad attivit\u00e0 criminose strettamente correlate al furto e riciclaggio nazionale ed internazionale di veicoli, attivit\u00e0 alla quale sono seguiti 5 sequestri di beni e materiali vari. Si \u00e8 nuovamente rinnovata l\u2019attenzione rivolta al controllo amministrativo degli esercizi commerciali correlati al mondo dell\u2019automobile (carrozzerie, officine, centri revisione privati autorizzati, autosaloni ecc.) con la comminazione di 4 specifiche contravvenzioni. Un particolare impegno, alimentato anche dall\u2019interesse propositivo da parte degli istituti scolastici, \u00e8 stato rivolto alla diffusione della cultura della sicurezza stradale grazie all\u2019organizzazione di\u00a0 78 incontri presso scuole di ogni ordine e grado ed associazioni di categoria, nonch\u00e9 nell\u2019ambito di eventi di particolare rilevanza sportiva o fieristica.<\/p>\n<p><strong>\u00a0Attivit\u00e0 infortunistica<br \/>\n<\/strong>\u00a0incidenti rilevati\u00a0339\u00a0\u00a0\u00a0\u00a0<br \/>\ndi cui mortali\u00a08\u00a0\u00a0\u00a0\u00a0<br \/>\ndi cui con lesioni\u00a0170\u00a0\u00a0\u00a0\u00a0<br \/>\ndi cui con danni\u00a0161\u00a0\u00a0\u00a0\u00a0<br \/>\npersone decedute\u00a08\u00a0\u00a0\u00a0\u00a0<br \/>\npersone ferite\u00a0252\u00a0\u00a0\u00a0\u00a0<\/p>\n<p><strong>Attivit\u00e0 contravvenzionale<br \/>\n<\/strong>Infrazioni accertate complessivamente\u00a06344\u00a0\u00a0\u00a0<br \/>\ndi cui per\u00a0 velocit\u00e0 pericolosa e eccesso di velocit\u00e0\u00a01593\u00a0\u00a0\u00a0<br \/>\ndi cui per mancato uso del casco\u00a06\u00a0\u00a0\u00a0<br \/>\ndi cui per mancato uso delle cinture di sicurezza\u00a0148\u00a0\u00a0\u00a0<br \/>\ndi cui per mancato uso dell&#8217;auricolare o vivavoce\u00a0138\u00a0\u00a0\u00a0<br \/>\ndi cui per guida in stato di alterazione psicofisica\u00a0115\u00a0\u00a0<br \/>\npatenti di guida ritirate\u00a0214\u00a0\u00a0\u00a0<br \/>\ncarte di circolazione ritirate\u00a0236\u00a0\u00a0\u00a0<br \/>\ntotale punti patenti decurtati\u00a012893\u00a0<\/p>\n<p><strong>Controlli con apparecchiature speciali<\/strong><br \/>\nnumero dei servizi con misuratori di velocit\u00e0\u00a0204\u00a0\u00a0\u00a0<br \/>\nnumero conducenti controllati con etilometri e\/o precursori\u00a014080\u00a0<\/p>\n<p><strong>Controlli \u201cStragi del sabato sera\u201d<\/strong><br \/>\nNr. operatori impiegati \u00a0568\u00a0\u00a0\u00a0\u00a0<br \/>\nPersone controllate\u00a02788\u00a0\u00a0\u00a0<br \/>\ndi cui uomini\u00a01993\u00a0\u00a0\u00a0<br \/>\ndi cui donne\u00a0795\u00a0\u00a0\u00a0\u00a0<br \/>\nTotale persone positive al controllo \u00a025\u00a0\u00a0\u00a0<br \/>\ndi cui u omini\u00a021\u00a0\u00a0\u00a0<br \/>\ndi cui d onne\u00a04\u00a0<\/p>\n<p><strong>Controlli trasporto professionale merci e passeggeri<\/strong><br \/>\nTotale veicoli controllati\u00a0755\u00a0\u00a0<br \/>\nTotale veicoli controllati con Centro Revisione Mobile\u00a099\u00a0\u00a0\u00a0<br \/>\ndi cui irregolari\u00a040\u00a0\u00a0\u00a0<br \/>\ndi cui stranieri\u00a039<\/p>","protected":false},"excerpt":{"rendered":"<p>La Sezione Polizia Stradale di Belluno, con i distaccamenti di Feltre e Valle di Cadore, ha attuato nel corso del 2009 una giornaliera presenza di operatori sulla rete viaria della provincia per una sicurezza per gli utenti sia in termini di prevenzione che di repressione. Sono stati attuati controlli sia per condotte di guida indisciplinate, [&hellip;]<\/p>\n","protected":false},"author":2,"featured_media":0,"comment_status":"closed","ping_status":"open","sticky":false,"template":"","format":"standard","meta":{"footnotes":""},"categories":[5],"tags":[139,151,302],"class_list":["post-11398","post","type-post","status-publish","format-standard","category-cronaca","tag-belluno","tag-cadore","tag-feltre"],"yoast_head":"<!-- This site is optimized with the Yoast SEO plugin v28.4 - https:\/\/yoast.com\/product\/yoast-seo-wordpress\/ -->\n<title>Polizia stradale di Belluno: ecco il bilancio dell&#039;attivit\u00e0 svolta nel 2009 - Bellunopress - Dolomiti<\/title>\n<meta name=\"robots\" content=\"index, follow, max-snippet:-1, max-image-preview:large, max-video-preview:-1\" \/>\n<link rel=\"canonical\" href=\"https:\/\/www.bellunopress.it\/fr\/2010\/01\/11\/polizia-stradale-di-belluno-ecco-il-bilancio-dellattivita-svolta-nel-2009\/\" \/>\n<meta property=\"og:locale\" content=\"fr_FR\" \/>\n<meta property=\"og:type\" content=\"article\" \/>\n<meta property=\"og:title\" content=\"Polizia stradale di Belluno: ecco il bilancio dell&#039;attivit\u00e0 svolta nel 2009 - Bellunopress - Dolomiti\" \/>\n<meta property=\"og:description\" content=\"La Sezione Polizia Stradale di Belluno, con i distaccamenti di Feltre e Valle di Cadore, ha attuato nel corso del 2009 una giornaliera presenza di operatori sulla rete viaria della provincia per una sicurezza per gli utenti sia in termini di prevenzione che di repressione. Sono stati attuati controlli sia per condotte di guida indisciplinate, [&hellip;]\" \/>\n<meta property=\"og:url\" content=\"https:\/\/www.bellunopress.it\/fr\/2010\/01\/11\/polizia-stradale-di-belluno-ecco-il-bilancio-dellattivita-svolta-nel-2009\/\" \/>\n<meta property=\"og:site_name\" content=\"Bellunopress - Dolomiti\" \/>\n<meta property=\"article:publisher\" content=\"https:\/\/www.facebook.com\/profile.php?id=100008943462799\" \/>\n<meta property=\"article:published_time\" content=\"2010-01-11T12:52:58+00:00\" \/>\n<meta property=\"og:image\" content=\"http:\/\/www.bellunopress.it\/wp-content\/uploads\/2009\/02\/polizia-stradale-leggera.jpg\" \/>\n<meta name=\"author\" content=\"redazione\" \/>\n<meta name=\"twitter:card\" content=\"summary_large_image\" \/>\n<meta name=\"twitter:creator\" content=\"@bellunopress\" \/>\n<meta name=\"twitter:site\" content=\"@bellunopress\" \/>\n<meta name=\"twitter:label1\" content=\"\u00c9crit par\" \/>\n\t<meta name=\"twitter:data1\" content=\"redazione\" \/>\n\t<meta name=\"twitter:label2\" content=\"Dur\u00e9e de lecture estim\u00e9e\" \/>\n\t<meta name=\"twitter:data2\" content=\"2 minutes\" \/>\n<script type=\"application\/ld+json\" class=\"yoast-schema-graph\">{\"@context\":\"https:\\\/\\\/schema.org\",\"@graph\":[{\"@type\":\"Article\",\"@id\":\"https:\\\/\\\/www.bellunopress.it\\\/2010\\\/01\\\/11\\\/polizia-stradale-di-belluno-ecco-il-bilancio-dellattivita-svolta-nel-2009\\\/#article\",\"isPartOf\":{\"@id\":\"https:\\\/\\\/www.bellunopress.it\\\/2010\\\/01\\\/11\\\/polizia-stradale-di-belluno-ecco-il-bilancio-dellattivita-svolta-nel-2009\\\/\"},\"author\":{\"name\":\"redazione\",\"@id\":\"https:\\\/\\\/www.bellunopress.it\\\/#\\\/schema\\\/person\\\/79bb06722b37ece1c03d3e94beb30d73\"},\"headline\":\"Polizia stradale di Belluno: ecco il bilancio dell&#8217;attivit\u00e0 svolta nel 2009\",\"datePublished\":\"2010-01-11T12:52:58+00:00\",\"mainEntityOfPage\":{\"@id\":\"https:\\\/\\\/www.bellunopress.it\\\/2010\\\/01\\\/11\\\/polizia-stradale-di-belluno-ecco-il-bilancio-dellattivita-svolta-nel-2009\\\/\"},\"wordCount\":510,\"publisher\":{\"@id\":\"https:\\\/\\\/www.bellunopress.it\\\/#organization\"},\"image\":{\"@id\":\"https:\\\/\\\/www.bellunopress.it\\\/2010\\\/01\\\/11\\\/polizia-stradale-di-belluno-ecco-il-bilancio-dellattivita-svolta-nel-2009\\\/#primaryimage\"},\"thumbnailUrl\":\"http:\\\/\\\/www.bellunopress.it\\\/wp-content\\\/uploads\\\/2009\\\/02\\\/polizia-stradale-leggera.jpg\",\"keywords\":[\"Belluno\",\"Cadore\",\"Feltre\"],\"articleSection\":[\"Cronaca\\\/Politica\"],\"inLanguage\":\"fr-FR\"},{\"@type\":\"WebPage\",\"@id\":\"https:\\\/\\\/www.bellunopress.it\\\/2010\\\/01\\\/11\\\/polizia-stradale-di-belluno-ecco-il-bilancio-dellattivita-svolta-nel-2009\\\/\",\"url\":\"https:\\\/\\\/www.bellunopress.it\\\/2010\\\/01\\\/11\\\/polizia-stradale-di-belluno-ecco-il-bilancio-dellattivita-svolta-nel-2009\\\/\",\"name\":\"Polizia stradale di Belluno: ecco il bilancio dell'attivit\u00e0 svolta nel 2009 - Bellunopress - Dolomiti\",\"isPartOf\":{\"@id\":\"https:\\\/\\\/www.bellunopress.it\\\/#website\"},\"primaryImageOfPage\":{\"@id\":\"https:\\\/\\\/www.bellunopress.it\\\/2010\\\/01\\\/11\\\/polizia-stradale-di-belluno-ecco-il-bilancio-dellattivita-svolta-nel-2009\\\/#primaryimage\"},\"image\":{\"@id\":\"https:\\\/\\\/www.bellunopress.it\\\/2010\\\/01\\\/11\\\/polizia-stradale-di-belluno-ecco-il-bilancio-dellattivita-svolta-nel-2009\\\/#primaryimage\"},\"thumbnailUrl\":\"http:\\\/\\\/www.bellunopress.it\\\/wp-content\\\/uploads\\\/2009\\\/02\\\/polizia-stradale-leggera.jpg\",\"datePublished\":\"2010-01-11T12:52:58+00:00\",\"breadcrumb\":{\"@id\":\"https:\\\/\\\/www.bellunopress.it\\\/2010\\\/01\\\/11\\\/polizia-stradale-di-belluno-ecco-il-bilancio-dellattivita-svolta-nel-2009\\\/#breadcrumb\"},\"inLanguage\":\"fr-FR\",\"potentialAction\":[{\"@type\":\"ReadAction\",\"target\":[\"https:\\\/\\\/www.bellunopress.it\\\/2010\\\/01\\\/11\\\/polizia-stradale-di-belluno-ecco-il-bilancio-dellattivita-svolta-nel-2009\\\/\"]}]},{\"@type\":\"ImageObject\",\"inLanguage\":\"fr-FR\",\"@id\":\"https:\\\/\\\/www.bellunopress.it\\\/2010\\\/01\\\/11\\\/polizia-stradale-di-belluno-ecco-il-bilancio-dellattivita-svolta-nel-2009\\\/#primaryimage\",\"url\":\"http:\\\/\\\/www.bellunopress.it\\\/wp-content\\\/uploads\\\/2009\\\/02\\\/polizia-stradale-leggera.jpg\",\"contentUrl\":\"http:\\\/\\\/www.bellunopress.it\\\/wp-content\\\/uploads\\\/2009\\\/02\\\/polizia-stradale-leggera.jpg\"},{\"@type\":\"BreadcrumbList\",\"@id\":\"https:\\\/\\\/www.bellunopress.it\\\/2010\\\/01\\\/11\\\/polizia-stradale-di-belluno-ecco-il-bilancio-dellattivita-svolta-nel-2009\\\/#breadcrumb\",\"itemListElement\":[{\"@type\":\"ListItem\",\"position\":1,\"name\":\"Home\",\"item\":\"https:\\\/\\\/www.bellunopress.it\\\/\"},{\"@type\":\"ListItem\",\"position\":2,\"name\":\"Polizia stradale di Belluno: ecco il bilancio dell&#8217;attivit\u00e0 svolta nel 2009\"}]},{\"@type\":\"WebSite\",\"@id\":\"https:\\\/\\\/www.bellunopress.it\\\/#website\",\"url\":\"https:\\\/\\\/www.bellunopress.it\\\/\",\"name\":\"Bellunopress - Dolomiti\",\"description\":\"e-mail: redazione@bellunopress.it\",\"publisher\":{\"@id\":\"https:\\\/\\\/www.bellunopress.it\\\/#organization\"},\"potentialAction\":[{\"@type\":\"SearchAction\",\"target\":{\"@type\":\"EntryPoint\",\"urlTemplate\":\"https:\\\/\\\/www.bellunopress.it\\\/?s={search_term_string}\"},\"query-input\":{\"@type\":\"PropertyValueSpecification\",\"valueRequired\":true,\"valueName\":\"search_term_string\"}}],\"inLanguage\":\"fr-FR\"},{\"@type\":\"Organization\",\"@id\":\"https:\\\/\\\/www.bellunopress.it\\\/#organization\",\"name\":\"Bellunopress\",\"url\":\"https:\\\/\\\/www.bellunopress.it\\\/\",\"logo\":{\"@type\":\"ImageObject\",\"inLanguage\":\"fr-FR\",\"@id\":\"https:\\\/\\\/www.bellunopress.it\\\/#\\\/schema\\\/logo\\\/image\\\/\",\"url\":\"https:\\\/\\\/www.bellunopress.it\\\/wp-content\\\/uploads\\\/2011\\\/05\\\/cropped-logo-bellunopress-.jpg\",\"contentUrl\":\"https:\\\/\\\/www.bellunopress.it\\\/wp-content\\\/uploads\\\/2011\\\/05\\\/cropped-logo-bellunopress-.jpg\",\"width\":512,\"height\":512,\"caption\":\"Bellunopress\"},\"image\":{\"@id\":\"https:\\\/\\\/www.bellunopress.it\\\/#\\\/schema\\\/logo\\\/image\\\/\"},\"sameAs\":[\"https:\\\/\\\/www.facebook.com\\\/profile.php?id=100008943462799\",\"https:\\\/\\\/x.com\\\/bellunopress\",\"https:\\\/\\\/www.linkedin.com\\\/hp\\\/?dnr=JBzUWaJfMUw8vbXJJ2tVW5-I3jZKvC4wsoxE&amp;amp;amp;amp;amp;amp;trk=nav_responsive_tab_home\",\"https:\\\/\\\/www.youtube.com\\\/channel\\\/UCxL0wu1uN0_3_7hGG0306cw\"]},{\"@type\":\"Person\",\"@id\":\"https:\\\/\\\/www.bellunopress.it\\\/#\\\/schema\\\/person\\\/79bb06722b37ece1c03d3e94beb30d73\",\"name\":\"redazione\",\"image\":{\"@type\":\"ImageObject\",\"inLanguage\":\"fr-FR\",\"@id\":\"https:\\\/\\\/secure.gravatar.com\\\/avatar\\\/37d968a2e67a6fd04c169c4bdef102d0bc5d31b2546345219e348575eb80e9a0?s=96&d=mm&r=g\",\"url\":\"https:\\\/\\\/secure.gravatar.com\\\/avatar\\\/37d968a2e67a6fd04c169c4bdef102d0bc5d31b2546345219e348575eb80e9a0?s=96&d=mm&r=g\",\"contentUrl\":\"https:\\\/\\\/secure.gravatar.com\\\/avatar\\\/37d968a2e67a6fd04c169c4bdef102d0bc5d31b2546345219e348575eb80e9a0?s=96&d=mm&r=g\",\"caption\":\"redazione\"},\"sameAs\":[\"http:\\\/\\\/www.bellunopress.it\",\"https:\\\/\\\/x.com\\\/bellunopress\"],\"url\":\"https:\\\/\\\/www.bellunopress.it\\\/fr\\\/author\\\/redazione\\\/\"}]}<\/script>\n<!-- \/ Yoast SEO plugin. -->","yoast_head_json":{"title":"Polizia stradale di Belluno: ecco il bilancio dell'attivit\u00e0 svolta nel 2009 - Bellunopress - Dolomiti","robots":{"index":"index","follow":"follow","max-snippet":"max-snippet:-1","max-image-preview":"max-image-preview:large","max-video-preview":"max-video-preview:-1"},"canonical":"https:\/\/www.bellunopress.it\/fr\/2010\/01\/11\/polizia-stradale-di-belluno-ecco-il-bilancio-dellattivita-svolta-nel-2009\/","og_locale":"fr_FR","og_type":"article","og_title":"Polizia stradale di Belluno: ecco il bilancio dell'attivit\u00e0 svolta nel 2009 - Bellunopress - Dolomiti","og_description":"La Sezione Polizia Stradale di Belluno, con i distaccamenti di Feltre e Valle di Cadore, ha attuato nel corso del 2009 una giornaliera presenza di operatori sulla rete viaria della provincia per una sicurezza per gli utenti sia in termini di prevenzione che di repressione. Sono stati attuati controlli sia per condotte di guida indisciplinate, [&hellip;]","og_url":"https:\/\/www.bellunopress.it\/fr\/2010\/01\/11\/polizia-stradale-di-belluno-ecco-il-bilancio-dellattivita-svolta-nel-2009\/","og_site_name":"Bellunopress - Dolomiti","article_publisher":"https:\/\/www.facebook.com\/profile.php?id=100008943462799","article_published_time":"2010-01-11T12:52:58+00:00","og_image":[{"url":"http:\/\/www.bellunopress.it\/wp-content\/uploads\/2009\/02\/polizia-stradale-leggera.jpg","type":"","width":"","height":""}],"author":"redazione","twitter_card":"summary_large_image","twitter_creator":"@bellunopress","twitter_site":"@bellunopress","twitter_misc":{"\u00c9crit par":"redazione","Dur\u00e9e de lecture estim\u00e9e":"2 minutes"},"schema":{"@context":"https:\/\/schema.org","@graph":[{"@type":"Article","@id":"https:\/\/www.bellunopress.it\/2010\/01\/11\/polizia-stradale-di-belluno-ecco-il-bilancio-dellattivita-svolta-nel-2009\/#article","isPartOf":{"@id":"https:\/\/www.bellunopress.it\/2010\/01\/11\/polizia-stradale-di-belluno-ecco-il-bilancio-dellattivita-svolta-nel-2009\/"},"author":{"name":"redazione","@id":"https:\/\/www.bellunopress.it\/#\/schema\/person\/79bb06722b37ece1c03d3e94beb30d73"},"headline":"Polizia stradale di Belluno: ecco il bilancio dell&#8217;attivit\u00e0 svolta nel 2009","datePublished":"2010-01-11T12:52:58+00:00","mainEntityOfPage":{"@id":"https:\/\/www.bellunopress.it\/2010\/01\/11\/polizia-stradale-di-belluno-ecco-il-bilancio-dellattivita-svolta-nel-2009\/"},"wordCount":510,"publisher":{"@id":"https:\/\/www.bellunopress.it\/#organization"},"image":{"@id":"https:\/\/www.bellunopress.it\/2010\/01\/11\/polizia-stradale-di-belluno-ecco-il-bilancio-dellattivita-svolta-nel-2009\/#primaryimage"},"thumbnailUrl":"http:\/\/www.bellunopress.it\/wp-content\/uploads\/2009\/02\/polizia-stradale-leggera.jpg","keywords":["Belluno","Cadore","Feltre"],"articleSection":["Cronaca\/Politica"],"inLanguage":"fr-FR"},{"@type":"WebPage","@id":"https:\/\/www.bellunopress.it\/2010\/01\/11\/polizia-stradale-di-belluno-ecco-il-bilancio-dellattivita-svolta-nel-2009\/","url":"https:\/\/www.bellunopress.it\/2010\/01\/11\/polizia-stradale-di-belluno-ecco-il-bilancio-dellattivita-svolta-nel-2009\/","name":"Polizia stradale di Belluno: ecco il bilancio dell'attivit\u00e0 svolta nel 2009 - Bellunopress - Dolomiti","isPartOf":{"@id":"https:\/\/www.bellunopress.it\/#website"},"primaryImageOfPage":{"@id":"https:\/\/www.bellunopress.it\/2010\/01\/11\/polizia-stradale-di-belluno-ecco-il-bilancio-dellattivita-svolta-nel-2009\/#primaryimage"},"image":{"@id":"https:\/\/www.bellunopress.it\/2010\/01\/11\/polizia-stradale-di-belluno-ecco-il-bilancio-dellattivita-svolta-nel-2009\/#primaryimage"},"thumbnailUrl":"http:\/\/www.bellunopress.it\/wp-content\/uploads\/2009\/02\/polizia-stradale-leggera.jpg","datePublished":"2010-01-11T12:52:58+00:00","breadcrumb":{"@id":"https:\/\/www.bellunopress.it\/2010\/01\/11\/polizia-stradale-di-belluno-ecco-il-bilancio-dellattivita-svolta-nel-2009\/#breadcrumb"},"inLanguage":"fr-FR","potentialAction":[{"@type":"ReadAction","target":["https:\/\/www.bellunopress.it\/2010\/01\/11\/polizia-stradale-di-belluno-ecco-il-bilancio-dellattivita-svolta-nel-2009\/"]}]},{"@type":"ImageObject","inLanguage":"fr-FR","@id":"https:\/\/www.bellunopress.it\/2010\/01\/11\/polizia-stradale-di-belluno-ecco-il-bilancio-dellattivita-svolta-nel-2009\/#primaryimage","url":"http:\/\/www.bellunopress.it\/wp-content\/uploads\/2009\/02\/polizia-stradale-leggera.jpg","contentUrl":"http:\/\/www.bellunopress.it\/wp-content\/uploads\/2009\/02\/polizia-stradale-leggera.jpg"},{"@type":"BreadcrumbList","@id":"https:\/\/www.bellunopress.it\/2010\/01\/11\/polizia-stradale-di-belluno-ecco-il-bilancio-dellattivita-svolta-nel-2009\/#breadcrumb","itemListElement":[{"@type":"ListItem","position":1,"name":"Home","item":"https:\/\/www.bellunopress.it\/"},{"@type":"ListItem","position":2,"name":"Polizia stradale di Belluno: ecco il bilancio dell&#8217;attivit\u00e0 svolta nel 2009"}]},{"@type":"WebSite","@id":"https:\/\/www.bellunopress.it\/#website","url":"https:\/\/www.bellunopress.it\/","name":"Bellunopress - Dolomiti","description":"e-mail: redazione@bellunopress.it","publisher":{"@id":"https:\/\/www.bellunopress.it\/#organization"},"potentialAction":[{"@type":"SearchAction","target":{"@type":"EntryPoint","urlTemplate":"https:\/\/www.bellunopress.it\/?s={search_term_string}"},"query-input":{"@type":"PropertyValueSpecification","valueRequired":true,"valueName":"search_term_string"}}],"inLanguage":"fr-FR"},{"@type":"Organization","@id":"https:\/\/www.bellunopress.it\/#organization","name":"Bellunopress","url":"https:\/\/www.bellunopress.it\/","logo":{"@type":"ImageObject","inLanguage":"fr-FR","@id":"https:\/\/www.bellunopress.it\/#\/schema\/logo\/image\/","url":"https:\/\/www.bellunopress.it\/wp-content\/uploads\/2011\/05\/cropped-logo-bellunopress-.jpg","contentUrl":"https:\/\/www.bellunopress.it\/wp-content\/uploads\/2011\/05\/cropped-logo-bellunopress-.jpg","width":512,"height":512,"caption":"Bellunopress"},"image":{"@id":"https:\/\/www.bellunopress.it\/#\/schema\/logo\/image\/"},"sameAs":["https:\/\/www.facebook.com\/profile.php?id=100008943462799","https:\/\/x.com\/bellunopress","https:\/\/www.linkedin.com\/hp\/?dnr=JBzUWaJfMUw8vbXJJ2tVW5-I3jZKvC4wsoxE&amp;amp;amp;amp;amp;amp;trk=nav_responsive_tab_home","https:\/\/www.youtube.com\/channel\/UCxL0wu1uN0_3_7hGG0306cw"]},{"@type":"Person","@id":"https:\/\/www.bellunopress.it\/#\/schema\/person\/79bb06722b37ece1c03d3e94beb30d73","name":"r\u00e9daction","image":{"@type":"ImageObject","inLanguage":"fr-FR","@id":"https:\/\/secure.gravatar.com\/avatar\/37d968a2e67a6fd04c169c4bdef102d0bc5d31b2546345219e348575eb80e9a0?s=96&d=mm&r=g","url":"https:\/\/secure.gravatar.com\/avatar\/37d968a2e67a6fd04c169c4bdef102d0bc5d31b2546345219e348575eb80e9a0?s=96&d=mm&r=g","contentUrl":"https:\/\/secure.gravatar.com\/avatar\/37d968a2e67a6fd04c169c4bdef102d0bc5d31b2546345219e348575eb80e9a0?s=96&d=mm&r=g","caption":"redazione"},"sameAs":["http:\/\/www.bellunopress.it","https:\/\/x.com\/bellunopress"],"url":"https:\/\/www.bellunopress.it\/fr\/author\/redazione\/"}]}},"_links":{"self":[{"href":"https:\/\/www.bellunopress.it\/fr\/wp-json\/wp\/v2\/posts\/11398","targetHints":{"allow":["GET"]}}],"collection":[{"href":"https:\/\/www.bellunopress.it\/fr\/wp-json\/wp\/v2\/posts"}],"about":[{"href":"https:\/\/www.bellunopress.it\/fr\/wp-json\/wp\/v2\/types\/post"}],"author":[{"embeddable":true,"href":"https:\/\/www.bellunopress.it\/fr\/wp-json\/wp\/v2\/users\/2"}],"replies":[{"embeddable":true,"href":"https:\/\/www.bellunopress.it\/fr\/wp-json\/wp\/v2\/comments?post=11398"}],"version-history":[{"count":1,"href":"https:\/\/www.bellunopress.it\/fr\/wp-json\/wp\/v2\/posts\/11398\/revisions"}],"predecessor-version":[{"id":11399,"href":"https:\/\/www.bellunopress.it\/fr\/wp-json\/wp\/v2\/posts\/11398\/revisions\/11399"}],"wp:attachment":[{"href":"https:\/\/www.bellunopress.it\/fr\/wp-json\/wp\/v2\/media?parent=11398"}],"wp:term":[{"taxonomy":"category","embeddable":true,"href":"https:\/\/www.bellunopress.it\/fr\/wp-json\/wp\/v2\/categories?post=11398"},{"taxonomy":"post_tag","embeddable":true,"href":"https:\/\/www.bellunopress.it\/fr\/wp-json\/wp\/v2\/tags?post=11398"}],"curies":[{"name":"wp","href":"https:\/\/api.w.org\/{rel}","templated":true}]}}