{"id":11394,"date":"2010-01-11T13:11:52","date_gmt":"2010-01-11T12:11:52","guid":{"rendered":"http:\/\/www.bellunopress.it\/?p=11394"},"modified":"2010-01-11T13:11:52","modified_gmt":"2010-01-11T12:11:52","slug":"giunta-veneta-440mila-euro-per-manifestazioni-locali-che-valorizzino-i-prodotti-tipici","status":"publish","type":"post","link":"https:\/\/www.bellunopress.it\/fr\/2010\/01\/11\/giunta-veneta-440mila-euro-per-manifestazioni-locali-che-valorizzino-i-prodotti-tipici\/","title":{"rendered":"Giunta veneta: 440mila euro per manifestazioni locali che valorizzino i prodotti tipici"},"content":{"rendered":"<p>\u201cLe produzioni agroalimentari tipiche e di qualit\u00e0 sono fattori di valorizzazione del territorio nel suo complesso, la cui promozione va a favore non solo degli imprenditori agricoli ma pi\u00f9 in generale di tutta la realt\u00e0 e l\u2019economia dell\u2019area interessata\u201d. Lo ha ribadito il vicepresidente Franco Manzato, che ha portato all\u2019approvazione della Giunta regionale un provvedimento che impegna complessivamente circa 440 mila euro destinati al finanziamento di manifestazioni promozionali a carattere locale promosso da enti pubblici e associazioni nel corso del 2009. \u201cQuesta partita \u2013 ha spiegato Manzato \u2013 \u00e8 prevista nel contesto pi\u00f9 vasto del programma promozionale per il settore primario, che sostiene le grandi iniziative internazionali e nazionali, ma da spazio anche a quelle di area, finalizzate a promuovere la conoscenza e la valorizzazione dei prodotti tipici di territorio\u201d.<\/p>","protected":false},"excerpt":{"rendered":"<p>\u201cLe produzioni agroalimentari tipiche e di qualit\u00e0 sono fattori di valorizzazione del territorio nel suo complesso, la cui promozione va a favore non solo degli imprenditori agricoli ma pi\u00f9 in generale di tutta la realt\u00e0 e l\u2019economia dell\u2019area interessata\u201d. Lo ha ribadito il vicepresidente Franco Manzato, che ha portato all\u2019approvazione della Giunta regionale un provvedimento [&hellip;]<\/p>\n","protected":false},"author":2,"featured_media":0,"comment_status":"closed","ping_status":"open","sticky":false,"template":"","format":"standard","meta":{"footnotes":""},"categories":[5,26],"tags":[],"class_list":["post-11394","post","type-post","status-publish","format-standard","category-cronaca","category-prima-pagina"],"yoast_head":"<!-- This site is optimized with the Yoast SEO plugin v28.4 - https:\/\/yoast.com\/product\/yoast-seo-wordpress\/ -->\n<title>Giunta veneta: 440mila euro per manifestazioni locali che valorizzino i prodotti tipici - Bellunopress - Dolomiti<\/title>\n<meta name=\"robots\" content=\"index, follow, max-snippet:-1, max-image-preview:large, max-video-preview:-1\" \/>\n<link rel=\"canonical\" href=\"https:\/\/www.bellunopress.it\/fr\/2010\/01\/11\/giunta-veneta-440mila-euro-per-manifestazioni-locali-che-valorizzino-i-prodotti-tipici\/\" \/>\n<meta property=\"og:locale\" content=\"fr_FR\" \/>\n<meta property=\"og:type\" content=\"article\" \/>\n<meta property=\"og:title\" content=\"Giunta veneta: 440mila euro per manifestazioni locali che valorizzino i prodotti tipici - Bellunopress - Dolomiti\" \/>\n<meta property=\"og:description\" content=\"\u201cLe produzioni agroalimentari tipiche e di qualit\u00e0 sono fattori di valorizzazione del territorio nel suo complesso, la cui promozione va a favore non solo degli imprenditori agricoli ma pi\u00f9 in generale di tutta la realt\u00e0 e l\u2019economia dell\u2019area interessata\u201d. Lo ha ribadito il vicepresidente Franco Manzato, che ha portato all\u2019approvazione della Giunta regionale un provvedimento [&hellip;]\" \/>\n<meta property=\"og:url\" content=\"https:\/\/www.bellunopress.it\/fr\/2010\/01\/11\/giunta-veneta-440mila-euro-per-manifestazioni-locali-che-valorizzino-i-prodotti-tipici\/\" \/>\n<meta property=\"og:site_name\" content=\"Bellunopress - Dolomiti\" \/>\n<meta property=\"article:publisher\" content=\"https:\/\/www.facebook.com\/profile.php?id=100008943462799\" \/>\n<meta property=\"article:published_time\" content=\"2010-01-11T12:11:52+00:00\" \/>\n<meta property=\"og:image\" content=\"http:\/\/www.bellunopress.it\/wp-content\/uploads\/2012\/07\/logo-bellunopress-250x250-2012.jpg\" \/>\n<meta name=\"author\" content=\"redazione\" \/>\n<meta name=\"twitter:card\" content=\"summary_large_image\" \/>\n<meta name=\"twitter:creator\" content=\"@bellunopress\" \/>\n<meta name=\"twitter:site\" content=\"@bellunopress\" \/>\n<meta name=\"twitter:label1\" content=\"\u00c9crit par\" \/>\n\t<meta name=\"twitter:data1\" content=\"redazione\" \/>\n\t<meta name=\"twitter:label2\" content=\"Dur\u00e9e de lecture estim\u00e9e\" \/>\n\t<meta name=\"twitter:data2\" content=\"1 minute\" \/>\n<script type=\"application\/ld+json\" class=\"yoast-schema-graph\">{\"@context\":\"https:\\\/\\\/schema.org\",\"@graph\":[{\"@type\":\"Article\",\"@id\":\"https:\\\/\\\/www.bellunopress.it\\\/2010\\\/01\\\/11\\\/giunta-veneta-440mila-euro-per-manifestazioni-locali-che-valorizzino-i-prodotti-tipici\\\/#article\",\"isPartOf\":{\"@id\":\"https:\\\/\\\/www.bellunopress.it\\\/2010\\\/01\\\/11\\\/giunta-veneta-440mila-euro-per-manifestazioni-locali-che-valorizzino-i-prodotti-tipici\\\/\"},\"author\":{\"name\":\"redazione\",\"@id\":\"https:\\\/\\\/www.bellunopress.it\\\/#\\\/schema\\\/person\\\/79bb06722b37ece1c03d3e94beb30d73\"},\"headline\":\"Giunta veneta: 440mila euro per manifestazioni locali che valorizzino i prodotti tipici\",\"datePublished\":\"2010-01-11T12:11:52+00:00\",\"mainEntityOfPage\":{\"@id\":\"https:\\\/\\\/www.bellunopress.it\\\/2010\\\/01\\\/11\\\/giunta-veneta-440mila-euro-per-manifestazioni-locali-che-valorizzino-i-prodotti-tipici\\\/\"},\"wordCount\":140,\"publisher\":{\"@id\":\"https:\\\/\\\/www.bellunopress.it\\\/#organization\"},\"articleSection\":[\"Cronaca\\\/Politica\",\"Prima Pagina\"],\"inLanguage\":\"fr-FR\"},{\"@type\":\"WebPage\",\"@id\":\"https:\\\/\\\/www.bellunopress.it\\\/2010\\\/01\\\/11\\\/giunta-veneta-440mila-euro-per-manifestazioni-locali-che-valorizzino-i-prodotti-tipici\\\/\",\"url\":\"https:\\\/\\\/www.bellunopress.it\\\/2010\\\/01\\\/11\\\/giunta-veneta-440mila-euro-per-manifestazioni-locali-che-valorizzino-i-prodotti-tipici\\\/\",\"name\":\"Giunta veneta: 440mila euro per manifestazioni locali che valorizzino i prodotti tipici - Bellunopress - Dolomiti\",\"isPartOf\":{\"@id\":\"https:\\\/\\\/www.bellunopress.it\\\/#website\"},\"datePublished\":\"2010-01-11T12:11:52+00:00\",\"breadcrumb\":{\"@id\":\"https:\\\/\\\/www.bellunopress.it\\\/2010\\\/01\\\/11\\\/giunta-veneta-440mila-euro-per-manifestazioni-locali-che-valorizzino-i-prodotti-tipici\\\/#breadcrumb\"},\"inLanguage\":\"fr-FR\",\"potentialAction\":[{\"@type\":\"ReadAction\",\"target\":[\"https:\\\/\\\/www.bellunopress.it\\\/2010\\\/01\\\/11\\\/giunta-veneta-440mila-euro-per-manifestazioni-locali-che-valorizzino-i-prodotti-tipici\\\/\"]}]},{\"@type\":\"BreadcrumbList\",\"@id\":\"https:\\\/\\\/www.bellunopress.it\\\/2010\\\/01\\\/11\\\/giunta-veneta-440mila-euro-per-manifestazioni-locali-che-valorizzino-i-prodotti-tipici\\\/#breadcrumb\",\"itemListElement\":[{\"@type\":\"ListItem\",\"position\":1,\"name\":\"Home\",\"item\":\"https:\\\/\\\/www.bellunopress.it\\\/\"},{\"@type\":\"ListItem\",\"position\":2,\"name\":\"Giunta veneta: 440mila euro per manifestazioni locali che valorizzino i prodotti tipici\"}]},{\"@type\":\"WebSite\",\"@id\":\"https:\\\/\\\/www.bellunopress.it\\\/#website\",\"url\":\"https:\\\/\\\/www.bellunopress.it\\\/\",\"name\":\"Bellunopress - Dolomiti\",\"description\":\"e-mail: redazione@bellunopress.it\",\"publisher\":{\"@id\":\"https:\\\/\\\/www.bellunopress.it\\\/#organization\"},\"potentialAction\":[{\"@type\":\"SearchAction\",\"target\":{\"@type\":\"EntryPoint\",\"urlTemplate\":\"https:\\\/\\\/www.bellunopress.it\\\/?s={search_term_string}\"},\"query-input\":{\"@type\":\"PropertyValueSpecification\",\"valueRequired\":true,\"valueName\":\"search_term_string\"}}],\"inLanguage\":\"fr-FR\"},{\"@type\":\"Organization\",\"@id\":\"https:\\\/\\\/www.bellunopress.it\\\/#organization\",\"name\":\"Bellunopress\",\"url\":\"https:\\\/\\\/www.bellunopress.it\\\/\",\"logo\":{\"@type\":\"ImageObject\",\"inLanguage\":\"fr-FR\",\"@id\":\"https:\\\/\\\/www.bellunopress.it\\\/#\\\/schema\\\/logo\\\/image\\\/\",\"url\":\"https:\\\/\\\/www.bellunopress.it\\\/wp-content\\\/uploads\\\/2011\\\/05\\\/cropped-logo-bellunopress-.jpg\",\"contentUrl\":\"https:\\\/\\\/www.bellunopress.it\\\/wp-content\\\/uploads\\\/2011\\\/05\\\/cropped-logo-bellunopress-.jpg\",\"width\":512,\"height\":512,\"caption\":\"Bellunopress\"},\"image\":{\"@id\":\"https:\\\/\\\/www.bellunopress.it\\\/#\\\/schema\\\/logo\\\/image\\\/\"},\"sameAs\":[\"https:\\\/\\\/www.facebook.com\\\/profile.php?id=100008943462799\",\"https:\\\/\\\/x.com\\\/bellunopress\",\"https:\\\/\\\/www.linkedin.com\\\/hp\\\/?dnr=JBzUWaJfMUw8vbXJJ2tVW5-I3jZKvC4wsoxE&amp;amp;amp;amp;amp;amp;trk=nav_responsive_tab_home\",\"https:\\\/\\\/www.youtube.com\\\/channel\\\/UCxL0wu1uN0_3_7hGG0306cw\"]},{\"@type\":\"Person\",\"@id\":\"https:\\\/\\\/www.bellunopress.it\\\/#\\\/schema\\\/person\\\/79bb06722b37ece1c03d3e94beb30d73\",\"name\":\"redazione\",\"image\":{\"@type\":\"ImageObject\",\"inLanguage\":\"fr-FR\",\"@id\":\"https:\\\/\\\/secure.gravatar.com\\\/avatar\\\/37d968a2e67a6fd04c169c4bdef102d0bc5d31b2546345219e348575eb80e9a0?s=96&d=mm&r=g\",\"url\":\"https:\\\/\\\/secure.gravatar.com\\\/avatar\\\/37d968a2e67a6fd04c169c4bdef102d0bc5d31b2546345219e348575eb80e9a0?s=96&d=mm&r=g\",\"contentUrl\":\"https:\\\/\\\/secure.gravatar.com\\\/avatar\\\/37d968a2e67a6fd04c169c4bdef102d0bc5d31b2546345219e348575eb80e9a0?s=96&d=mm&r=g\",\"caption\":\"redazione\"},\"sameAs\":[\"http:\\\/\\\/www.bellunopress.it\",\"https:\\\/\\\/x.com\\\/bellunopress\"],\"url\":\"https:\\\/\\\/www.bellunopress.it\\\/fr\\\/author\\\/redazione\\\/\"}]}<\/script>\n<!-- \/ Yoast SEO plugin. -->","yoast_head_json":{"title":"Giunta veneta: 440mila euro per manifestazioni locali che valorizzino i prodotti tipici - Bellunopress - Dolomiti","robots":{"index":"index","follow":"follow","max-snippet":"max-snippet:-1","max-image-preview":"max-image-preview:large","max-video-preview":"max-video-preview:-1"},"canonical":"https:\/\/www.bellunopress.it\/fr\/2010\/01\/11\/giunta-veneta-440mila-euro-per-manifestazioni-locali-che-valorizzino-i-prodotti-tipici\/","og_locale":"fr_FR","og_type":"article","og_title":"Giunta veneta: 440mila euro per manifestazioni locali che valorizzino i prodotti tipici - Bellunopress - Dolomiti","og_description":"\u201cLe produzioni agroalimentari tipiche e di qualit\u00e0 sono fattori di valorizzazione del territorio nel suo complesso, la cui promozione va a favore non solo degli imprenditori agricoli ma pi\u00f9 in generale di tutta la realt\u00e0 e l\u2019economia dell\u2019area interessata\u201d. Lo ha ribadito il vicepresidente Franco Manzato, che ha portato all\u2019approvazione della Giunta regionale un provvedimento [&hellip;]","og_url":"https:\/\/www.bellunopress.it\/fr\/2010\/01\/11\/giunta-veneta-440mila-euro-per-manifestazioni-locali-che-valorizzino-i-prodotti-tipici\/","og_site_name":"Bellunopress - Dolomiti","article_publisher":"https:\/\/www.facebook.com\/profile.php?id=100008943462799","article_published_time":"2010-01-11T12:11:52+00:00","og_image":[{"url":"http:\/\/www.bellunopress.it\/wp-content\/uploads\/2012\/07\/logo-bellunopress-250x250-2012.jpg","type":"","width":"","height":""}],"author":"redazione","twitter_card":"summary_large_image","twitter_creator":"@bellunopress","twitter_site":"@bellunopress","twitter_misc":{"\u00c9crit par":"redazione","Dur\u00e9e de lecture estim\u00e9e":"1 minute"},"schema":{"@context":"https:\/\/schema.org","@graph":[{"@type":"Article","@id":"https:\/\/www.bellunopress.it\/2010\/01\/11\/giunta-veneta-440mila-euro-per-manifestazioni-locali-che-valorizzino-i-prodotti-tipici\/#article","isPartOf":{"@id":"https:\/\/www.bellunopress.it\/2010\/01\/11\/giunta-veneta-440mila-euro-per-manifestazioni-locali-che-valorizzino-i-prodotti-tipici\/"},"author":{"name":"redazione","@id":"https:\/\/www.bellunopress.it\/#\/schema\/person\/79bb06722b37ece1c03d3e94beb30d73"},"headline":"Giunta veneta: 440mila euro per manifestazioni locali che valorizzino i prodotti tipici","datePublished":"2010-01-11T12:11:52+00:00","mainEntityOfPage":{"@id":"https:\/\/www.bellunopress.it\/2010\/01\/11\/giunta-veneta-440mila-euro-per-manifestazioni-locali-che-valorizzino-i-prodotti-tipici\/"},"wordCount":140,"publisher":{"@id":"https:\/\/www.bellunopress.it\/#organization"},"articleSection":["Cronaca\/Politica","Prima Pagina"],"inLanguage":"fr-FR"},{"@type":"WebPage","@id":"https:\/\/www.bellunopress.it\/2010\/01\/11\/giunta-veneta-440mila-euro-per-manifestazioni-locali-che-valorizzino-i-prodotti-tipici\/","url":"https:\/\/www.bellunopress.it\/2010\/01\/11\/giunta-veneta-440mila-euro-per-manifestazioni-locali-che-valorizzino-i-prodotti-tipici\/","name":"Giunta veneta: 440mila euro per manifestazioni locali che valorizzino i prodotti tipici - Bellunopress - Dolomiti","isPartOf":{"@id":"https:\/\/www.bellunopress.it\/#website"},"datePublished":"2010-01-11T12:11:52+00:00","breadcrumb":{"@id":"https:\/\/www.bellunopress.it\/2010\/01\/11\/giunta-veneta-440mila-euro-per-manifestazioni-locali-che-valorizzino-i-prodotti-tipici\/#breadcrumb"},"inLanguage":"fr-FR","potentialAction":[{"@type":"ReadAction","target":["https:\/\/www.bellunopress.it\/2010\/01\/11\/giunta-veneta-440mila-euro-per-manifestazioni-locali-che-valorizzino-i-prodotti-tipici\/"]}]},{"@type":"BreadcrumbList","@id":"https:\/\/www.bellunopress.it\/2010\/01\/11\/giunta-veneta-440mila-euro-per-manifestazioni-locali-che-valorizzino-i-prodotti-tipici\/#breadcrumb","itemListElement":[{"@type":"ListItem","position":1,"name":"Home","item":"https:\/\/www.bellunopress.it\/"},{"@type":"ListItem","position":2,"name":"Giunta veneta: 440mila euro per manifestazioni locali che valorizzino i prodotti tipici"}]},{"@type":"WebSite","@id":"https:\/\/www.bellunopress.it\/#website","url":"https:\/\/www.bellunopress.it\/","name":"Bellunopress - Dolomiti","description":"e-mail: redazione@bellunopress.it","publisher":{"@id":"https:\/\/www.bellunopress.it\/#organization"},"potentialAction":[{"@type":"SearchAction","target":{"@type":"EntryPoint","urlTemplate":"https:\/\/www.bellunopress.it\/?s={search_term_string}"},"query-input":{"@type":"PropertyValueSpecification","valueRequired":true,"valueName":"search_term_string"}}],"inLanguage":"fr-FR"},{"@type":"Organization","@id":"https:\/\/www.bellunopress.it\/#organization","name":"Bellunopress","url":"https:\/\/www.bellunopress.it\/","logo":{"@type":"ImageObject","inLanguage":"fr-FR","@id":"https:\/\/www.bellunopress.it\/#\/schema\/logo\/image\/","url":"https:\/\/www.bellunopress.it\/wp-content\/uploads\/2011\/05\/cropped-logo-bellunopress-.jpg","contentUrl":"https:\/\/www.bellunopress.it\/wp-content\/uploads\/2011\/05\/cropped-logo-bellunopress-.jpg","width":512,"height":512,"caption":"Bellunopress"},"image":{"@id":"https:\/\/www.bellunopress.it\/#\/schema\/logo\/image\/"},"sameAs":["https:\/\/www.facebook.com\/profile.php?id=100008943462799","https:\/\/x.com\/bellunopress","https:\/\/www.linkedin.com\/hp\/?dnr=JBzUWaJfMUw8vbXJJ2tVW5-I3jZKvC4wsoxE&amp;amp;amp;amp;amp;amp;trk=nav_responsive_tab_home","https:\/\/www.youtube.com\/channel\/UCxL0wu1uN0_3_7hGG0306cw"]},{"@type":"Person","@id":"https:\/\/www.bellunopress.it\/#\/schema\/person\/79bb06722b37ece1c03d3e94beb30d73","name":"r\u00e9daction","image":{"@type":"ImageObject","inLanguage":"fr-FR","@id":"https:\/\/secure.gravatar.com\/avatar\/37d968a2e67a6fd04c169c4bdef102d0bc5d31b2546345219e348575eb80e9a0?s=96&d=mm&r=g","url":"https:\/\/secure.gravatar.com\/avatar\/37d968a2e67a6fd04c169c4bdef102d0bc5d31b2546345219e348575eb80e9a0?s=96&d=mm&r=g","contentUrl":"https:\/\/secure.gravatar.com\/avatar\/37d968a2e67a6fd04c169c4bdef102d0bc5d31b2546345219e348575eb80e9a0?s=96&d=mm&r=g","caption":"redazione"},"sameAs":["http:\/\/www.bellunopress.it","https:\/\/x.com\/bellunopress"],"url":"https:\/\/www.bellunopress.it\/fr\/author\/redazione\/"}]}},"_links":{"self":[{"href":"https:\/\/www.bellunopress.it\/fr\/wp-json\/wp\/v2\/posts\/11394","targetHints":{"allow":["GET"]}}],"collection":[{"href":"https:\/\/www.bellunopress.it\/fr\/wp-json\/wp\/v2\/posts"}],"about":[{"href":"https:\/\/www.bellunopress.it\/fr\/wp-json\/wp\/v2\/types\/post"}],"author":[{"embeddable":true,"href":"https:\/\/www.bellunopress.it\/fr\/wp-json\/wp\/v2\/users\/2"}],"replies":[{"embeddable":true,"href":"https:\/\/www.bellunopress.it\/fr\/wp-json\/wp\/v2\/comments?post=11394"}],"version-history":[{"count":1,"href":"https:\/\/www.bellunopress.it\/fr\/wp-json\/wp\/v2\/posts\/11394\/revisions"}],"predecessor-version":[{"id":11395,"href":"https:\/\/www.bellunopress.it\/fr\/wp-json\/wp\/v2\/posts\/11394\/revisions\/11395"}],"wp:attachment":[{"href":"https:\/\/www.bellunopress.it\/fr\/wp-json\/wp\/v2\/media?parent=11394"}],"wp:term":[{"taxonomy":"category","embeddable":true,"href":"https:\/\/www.bellunopress.it\/fr\/wp-json\/wp\/v2\/categories?post=11394"},{"taxonomy":"post_tag","embeddable":true,"href":"https:\/\/www.bellunopress.it\/fr\/wp-json\/wp\/v2\/tags?post=11394"}],"curies":[{"name":"wp","href":"https:\/\/api.w.org\/{rel}","templated":true}]}}