{"id":113929,"date":"2020-04-21T13:57:51","date_gmt":"2020-04-21T11:57:51","guid":{"rendered":"http:\/\/www.bellunopress.it\/?p=113929"},"modified":"2020-04-21T16:39:47","modified_gmt":"2020-04-21T14:39:47","slug":"concessioni-idroelettriche-e-percentuali-dei-canoni-per-belluno-padrin-e-convinto-che-la-regione-ci-assicuri-il-100","status":"publish","type":"post","link":"https:\/\/www.bellunopress.it\/fr\/2020\/04\/21\/concessioni-idroelettriche-e-percentuali-dei-canoni-per-belluno-padrin-e-convinto-che-la-regione-ci-assicuri-il-100\/","title":{"rendered":"Concessioni idroelettriche e percentuali dei canoni per Belluno. Padrin \u00e8 convinto che la Regione ci assicuri il 100%"},"content":{"rendered":"<figure id=\"attachment_111249\" aria-describedby=\"caption-attachment-111249\" style=\"width: 200px\" class=\"wp-caption alignleft\"><a href=\"http:\/\/www.bellunopress.it\/fr\/2020\/01\/15\/riclassificazione-delle-strade-padrin-bene-ma-si-mantenga-il-sistema-di-gestione-di-veneto-strade\/roberto-padrin-presidente-provincia\/\" rel=\"attachment wp-att-111249\"><img loading=\"lazy\" decoding=\"async\" class=\"size-full wp-image-111249\" src=\"http:\/\/www.bellunopress.it\/wp-content\/uploads\/2020\/01\/roberto-padrin-presidente-provincia.jpg\" alt=\"\" width=\"200\" height=\"279\" \/><\/a><figcaption id=\"caption-attachment-111249\" class=\"wp-caption-text\">Roberto Padrin &#8211; Presidente della Provincia<\/figcaption><\/figure>\n<p>\u00abLa partita delle grandi concessioni idroelettriche in scadenza nel 2029 sar\u00e0 il grande obiettivo dei prossimi anni. Non \u00e8 una priorit\u00e0 per l\u2019immediato, visto che dovremo affrontare prima di tutto le necessit\u00e0 delle famiglie e delle imprese per superare lo shock economico provocato dall\u2019emergenza coronavirus. In ogni caso, la Provincia \u00e8 sul pezzo e si sta occupando anche di questo importante tema, che nei prossimi giorni approder\u00e0 alla discussione in Regione. Mi auguro che si possa trovare una quadratura tale da assicurare benefici alla gente di montagna e al territorio bellunese, che sull\u2019idroelettrico \u00e8 sempre stato sfruttato. Il Vajont ce lo ricorda ogni giorno\u00bb.<\/p>\n<p>Cos\u00ec in una nota il presidente della Provincia di Belluno, Roberto Padrin, relativamente alla proposta discussa alla Camera di un emendamento (avanzato nel dl \u201cCura Italia\u201d dal Pd), che riapre il tema delle grandi concessioni idroelettriche; tema che nei prossimi giorni sar\u00e0 discusso anche in Regione (nella seconda commissione consiliare), relativamente alla proposta di legge n. 486.<\/p>\n<p>\u00abLa Provincia si \u00e8 sempre dimostrata attenta alla partita delle grandi concessioni idroelettriche\u00bb continua il presidente Padrin. \u00abTant\u2019\u00e8 vero che l\u2019abbiamo inserita anche nel report antispopolamento portato al ministro Boccia. Il modello ideale \u00e8 quello di Trento e Bolzano, dove la gestione dell\u2019intero capitolo idroelettrico \u00e8 interamente a capo delle Province autonome, con evidente ritorno economico e anche energetico per i cittadini. Un modello che pu\u00f2 essere perseguito grazie alla modifica del decreto legislativo 79 del 1999, con relativo passaggio, alla scadenza delle grandi concessioni, di opere, centrali, dighe e impianti alle Regioni\u00bb.<\/p>\n<p>La Regione del Veneto, sulla scorta di quella modifica, ha presentato una proposta di legge, la 486, di prossima discussione (mentre la Lombardia ha gi\u00e0 approvato la norma). Su quella proposta di legge, la Provincia di Belluno \u00e8 intervenuta, chiedendo una serie di emendamenti.<\/p>\n<p>\u00abIn particolare, quello che prevede che al territorio bellunese arrivi il totale della quota di energia da assegnare; nell\u2019emendamento presentato alla Camera, si indica una quota non inferiore all\u201980 per cento, da stabilire con successiva legge regionale, ma l\u2019obiettivo della Provincia \u00e8 arrivare al 100 per cento\u00bb continua il presidente Padrin. \u00abSu questa specifica questione, riconosciamo l\u2019impegno della Regione Veneto, che come ha affermato l\u2019assessore Bottacin, \u00e8 disponibile ad assicurare la percentuale massima della quota energia. Siamo quindi convinti che la Regione integrer\u00e0 la proposta di legge con l\u2019emendamento che abbiamo chiesto\u00bb.<\/p>\n<p>\u00abIl riconoscimento della specificit\u00e0 di Belluno, provincia interamente montana confinante con Stato estero, \u00e8 ben presente nella legge Delrio. E anche nel volere popolare, espresso con referendum del 22 ottobre 2017, in appoggio al referendum della Regione Veneto &#8211; conclude il presidente Padrin -. Auspichiamo dunque che entro il 2029 il tema delle grandi concessioni idroelettriche possa trovare una soluzione che va nella direzione indicata sia dalla riforma Delrio sia dai referendum. Non \u00e8 una questione politica, ma di esigenza del territorio e della sua gente\u00bb.<\/p>","protected":false},"excerpt":{"rendered":"<p>\u00abLa partita delle grandi concessioni idroelettriche in scadenza nel 2029 sar\u00e0 il grande obiettivo dei prossimi anni. Non \u00e8 una priorit\u00e0 per l\u2019immediato, visto che dovremo affrontare prima di tutto le necessit\u00e0 delle famiglie e delle imprese per superare lo shock economico provocato dall\u2019emergenza coronavirus. In ogni caso, la Provincia \u00e8 sul pezzo e si [&hellip;]<\/p>\n","protected":false},"author":2,"featured_media":104145,"comment_status":"closed","ping_status":"open","sticky":false,"template":"","format":"standard","meta":{"footnotes":""},"categories":[1],"tags":[],"class_list":["post-113929","post","type-post","status-publish","format-standard","has-post-thumbnail","category-leo"],"yoast_head":"<!-- This site is optimized with the Yoast SEO plugin v28.4 - https:\/\/yoast.com\/product\/yoast-seo-wordpress\/ -->\n<title>Concessioni idroelettriche e percentuali dei canoni per Belluno. Padrin \u00e8 convinto che la Regione ci assicuri il 100% - Bellunopress - Dolomiti<\/title>\n<meta name=\"robots\" content=\"index, follow, max-snippet:-1, max-image-preview:large, max-video-preview:-1\" \/>\n<link rel=\"canonical\" href=\"https:\/\/www.bellunopress.it\/fr\/2020\/04\/21\/concessioni-idroelettriche-e-percentuali-dei-canoni-per-belluno-padrin-e-convinto-che-la-regione-ci-assicuri-il-100\/\" \/>\n<meta property=\"og:locale\" content=\"fr_FR\" \/>\n<meta property=\"og:type\" content=\"article\" \/>\n<meta property=\"og:title\" content=\"Concessioni idroelettriche e percentuali dei canoni per Belluno. Padrin \u00e8 convinto che la Regione ci assicuri il 100% - Bellunopress - Dolomiti\" \/>\n<meta property=\"og:description\" content=\"\u00abLa partita delle grandi concessioni idroelettriche in scadenza nel 2029 sar\u00e0 il grande obiettivo dei prossimi anni. Non \u00e8 una priorit\u00e0 per l\u2019immediato, visto che dovremo affrontare prima di tutto le necessit\u00e0 delle famiglie e delle imprese per superare lo shock economico provocato dall\u2019emergenza coronavirus. In ogni caso, la Provincia \u00e8 sul pezzo e si [&hellip;]\" \/>\n<meta property=\"og:url\" content=\"https:\/\/www.bellunopress.it\/fr\/2020\/04\/21\/concessioni-idroelettriche-e-percentuali-dei-canoni-per-belluno-padrin-e-convinto-che-la-regione-ci-assicuri-il-100\/\" \/>\n<meta property=\"og:site_name\" content=\"Bellunopress - Dolomiti\" \/>\n<meta property=\"article:publisher\" content=\"https:\/\/www.facebook.com\/profile.php?id=100008943462799\" \/>\n<meta property=\"article:published_time\" content=\"2020-04-21T11:57:51+00:00\" \/>\n<meta property=\"article:modified_time\" content=\"2020-04-21T14:39:47+00:00\" \/>\n<meta property=\"og:image\" content=\"https:\/\/www.bellunopress.it\/wp-content\/uploads\/2019\/04\/Roberto-Padrin.jpg\" \/>\n\t<meta property=\"og:image:width\" content=\"245\" \/>\n\t<meta property=\"og:image:height\" content=\"300\" \/>\n\t<meta property=\"og:image:type\" content=\"image\/jpeg\" \/>\n<meta name=\"author\" content=\"redazione\" \/>\n<meta name=\"twitter:card\" content=\"summary_large_image\" \/>\n<meta name=\"twitter:creator\" content=\"@bellunopress\" \/>\n<meta name=\"twitter:site\" content=\"@bellunopress\" \/>\n<meta name=\"twitter:label1\" content=\"Written by\" \/>\n\t<meta name=\"twitter:data1\" content=\"redazione\" \/>\n\t<meta name=\"twitter:label2\" content=\"Est. reading time\" \/>\n\t<meta name=\"twitter:data2\" content=\"2 minutes\" \/>\n<script type=\"application\/ld+json\" class=\"yoast-schema-graph\">{\"@context\":\"https:\\\/\\\/schema.org\",\"@graph\":[{\"@type\":\"Article\",\"@id\":\"https:\\\/\\\/www.bellunopress.it\\\/2020\\\/04\\\/21\\\/concessioni-idroelettriche-e-percentuali-dei-canoni-per-belluno-padrin-e-convinto-che-la-regione-ci-assicuri-il-100\\\/#article\",\"isPartOf\":{\"@id\":\"https:\\\/\\\/www.bellunopress.it\\\/2020\\\/04\\\/21\\\/concessioni-idroelettriche-e-percentuali-dei-canoni-per-belluno-padrin-e-convinto-che-la-regione-ci-assicuri-il-100\\\/\"},\"author\":{\"name\":\"redazione\",\"@id\":\"https:\\\/\\\/www.bellunopress.it\\\/#\\\/schema\\\/person\\\/79bb06722b37ece1c03d3e94beb30d73\"},\"headline\":\"Concessioni idroelettriche e percentuali dei canoni per Belluno. Padrin \u00e8 convinto che la Regione ci assicuri il 100%\",\"datePublished\":\"2020-04-21T11:57:51+00:00\",\"dateModified\":\"2020-04-21T14:39:47+00:00\",\"mainEntityOfPage\":{\"@id\":\"https:\\\/\\\/www.bellunopress.it\\\/2020\\\/04\\\/21\\\/concessioni-idroelettriche-e-percentuali-dei-canoni-per-belluno-padrin-e-convinto-che-la-regione-ci-assicuri-il-100\\\/\"},\"wordCount\":495,\"publisher\":{\"@id\":\"https:\\\/\\\/www.bellunopress.it\\\/#organization\"},\"image\":{\"@id\":\"https:\\\/\\\/www.bellunopress.it\\\/2020\\\/04\\\/21\\\/concessioni-idroelettriche-e-percentuali-dei-canoni-per-belluno-padrin-e-convinto-che-la-regione-ci-assicuri-il-100\\\/#primaryimage\"},\"thumbnailUrl\":\"https:\\\/\\\/www.bellunopress.it\\\/wp-content\\\/uploads\\\/2019\\\/04\\\/Roberto-Padrin.jpg\",\"articleSection\":[\"Lettere Opinioni\"],\"inLanguage\":\"fr-FR\"},{\"@type\":\"WebPage\",\"@id\":\"https:\\\/\\\/www.bellunopress.it\\\/2020\\\/04\\\/21\\\/concessioni-idroelettriche-e-percentuali-dei-canoni-per-belluno-padrin-e-convinto-che-la-regione-ci-assicuri-il-100\\\/\",\"url\":\"https:\\\/\\\/www.bellunopress.it\\\/2020\\\/04\\\/21\\\/concessioni-idroelettriche-e-percentuali-dei-canoni-per-belluno-padrin-e-convinto-che-la-regione-ci-assicuri-il-100\\\/\",\"name\":\"Concessioni idroelettriche e percentuali dei canoni per Belluno. Padrin \u00e8 convinto che la Regione ci assicuri il 100% - Bellunopress - Dolomiti\",\"isPartOf\":{\"@id\":\"https:\\\/\\\/www.bellunopress.it\\\/#website\"},\"primaryImageOfPage\":{\"@id\":\"https:\\\/\\\/www.bellunopress.it\\\/2020\\\/04\\\/21\\\/concessioni-idroelettriche-e-percentuali-dei-canoni-per-belluno-padrin-e-convinto-che-la-regione-ci-assicuri-il-100\\\/#primaryimage\"},\"image\":{\"@id\":\"https:\\\/\\\/www.bellunopress.it\\\/2020\\\/04\\\/21\\\/concessioni-idroelettriche-e-percentuali-dei-canoni-per-belluno-padrin-e-convinto-che-la-regione-ci-assicuri-il-100\\\/#primaryimage\"},\"thumbnailUrl\":\"https:\\\/\\\/www.bellunopress.it\\\/wp-content\\\/uploads\\\/2019\\\/04\\\/Roberto-Padrin.jpg\",\"datePublished\":\"2020-04-21T11:57:51+00:00\",\"dateModified\":\"2020-04-21T14:39:47+00:00\",\"breadcrumb\":{\"@id\":\"https:\\\/\\\/www.bellunopress.it\\\/2020\\\/04\\\/21\\\/concessioni-idroelettriche-e-percentuali-dei-canoni-per-belluno-padrin-e-convinto-che-la-regione-ci-assicuri-il-100\\\/#breadcrumb\"},\"inLanguage\":\"fr-FR\",\"potentialAction\":[{\"@type\":\"ReadAction\",\"target\":[\"https:\\\/\\\/www.bellunopress.it\\\/2020\\\/04\\\/21\\\/concessioni-idroelettriche-e-percentuali-dei-canoni-per-belluno-padrin-e-convinto-che-la-regione-ci-assicuri-il-100\\\/\"]}]},{\"@type\":\"ImageObject\",\"inLanguage\":\"fr-FR\",\"@id\":\"https:\\\/\\\/www.bellunopress.it\\\/2020\\\/04\\\/21\\\/concessioni-idroelettriche-e-percentuali-dei-canoni-per-belluno-padrin-e-convinto-che-la-regione-ci-assicuri-il-100\\\/#primaryimage\",\"url\":\"https:\\\/\\\/www.bellunopress.it\\\/wp-content\\\/uploads\\\/2019\\\/04\\\/Roberto-Padrin.jpg\",\"contentUrl\":\"https:\\\/\\\/www.bellunopress.it\\\/wp-content\\\/uploads\\\/2019\\\/04\\\/Roberto-Padrin.jpg\",\"width\":245,\"height\":300,\"caption\":\"Roberto Padrin, presidente della Provincia\"},{\"@type\":\"BreadcrumbList\",\"@id\":\"https:\\\/\\\/www.bellunopress.it\\\/2020\\\/04\\\/21\\\/concessioni-idroelettriche-e-percentuali-dei-canoni-per-belluno-padrin-e-convinto-che-la-regione-ci-assicuri-il-100\\\/#breadcrumb\",\"itemListElement\":[{\"@type\":\"ListItem\",\"position\":1,\"name\":\"Home\",\"item\":\"https:\\\/\\\/www.bellunopress.it\\\/\"},{\"@type\":\"ListItem\",\"position\":2,\"name\":\"Concessioni idroelettriche e percentuali dei canoni per Belluno. Padrin \u00e8 convinto che la Regione ci assicuri il 100%\"}]},{\"@type\":\"WebSite\",\"@id\":\"https:\\\/\\\/www.bellunopress.it\\\/#website\",\"url\":\"https:\\\/\\\/www.bellunopress.it\\\/\",\"name\":\"Bellunopress - Dolomiti\",\"description\":\"e-mail: redazione@bellunopress.it\",\"publisher\":{\"@id\":\"https:\\\/\\\/www.bellunopress.it\\\/#organization\"},\"potentialAction\":[{\"@type\":\"SearchAction\",\"target\":{\"@type\":\"EntryPoint\",\"urlTemplate\":\"https:\\\/\\\/www.bellunopress.it\\\/?s={search_term_string}\"},\"query-input\":{\"@type\":\"PropertyValueSpecification\",\"valueRequired\":true,\"valueName\":\"search_term_string\"}}],\"inLanguage\":\"fr-FR\"},{\"@type\":\"Organization\",\"@id\":\"https:\\\/\\\/www.bellunopress.it\\\/#organization\",\"name\":\"Bellunopress\",\"url\":\"https:\\\/\\\/www.bellunopress.it\\\/\",\"logo\":{\"@type\":\"ImageObject\",\"inLanguage\":\"fr-FR\",\"@id\":\"https:\\\/\\\/www.bellunopress.it\\\/#\\\/schema\\\/logo\\\/image\\\/\",\"url\":\"https:\\\/\\\/www.bellunopress.it\\\/wp-content\\\/uploads\\\/2011\\\/05\\\/cropped-logo-bellunopress-.jpg\",\"contentUrl\":\"https:\\\/\\\/www.bellunopress.it\\\/wp-content\\\/uploads\\\/2011\\\/05\\\/cropped-logo-bellunopress-.jpg\",\"width\":512,\"height\":512,\"caption\":\"Bellunopress\"},\"image\":{\"@id\":\"https:\\\/\\\/www.bellunopress.it\\\/#\\\/schema\\\/logo\\\/image\\\/\"},\"sameAs\":[\"https:\\\/\\\/www.facebook.com\\\/profile.php?id=100008943462799\",\"https:\\\/\\\/x.com\\\/bellunopress\",\"https:\\\/\\\/www.linkedin.com\\\/hp\\\/?dnr=JBzUWaJfMUw8vbXJJ2tVW5-I3jZKvC4wsoxE&amp;amp;amp;amp;amp;amp;trk=nav_responsive_tab_home\",\"https:\\\/\\\/www.youtube.com\\\/channel\\\/UCxL0wu1uN0_3_7hGG0306cw\"]},{\"@type\":\"Person\",\"@id\":\"https:\\\/\\\/www.bellunopress.it\\\/#\\\/schema\\\/person\\\/79bb06722b37ece1c03d3e94beb30d73\",\"name\":\"redazione\",\"image\":{\"@type\":\"ImageObject\",\"inLanguage\":\"fr-FR\",\"@id\":\"https:\\\/\\\/secure.gravatar.com\\\/avatar\\\/37d968a2e67a6fd04c169c4bdef102d0bc5d31b2546345219e348575eb80e9a0?s=96&d=mm&r=g\",\"url\":\"https:\\\/\\\/secure.gravatar.com\\\/avatar\\\/37d968a2e67a6fd04c169c4bdef102d0bc5d31b2546345219e348575eb80e9a0?s=96&d=mm&r=g\",\"contentUrl\":\"https:\\\/\\\/secure.gravatar.com\\\/avatar\\\/37d968a2e67a6fd04c169c4bdef102d0bc5d31b2546345219e348575eb80e9a0?s=96&d=mm&r=g\",\"caption\":\"redazione\"},\"sameAs\":[\"http:\\\/\\\/www.bellunopress.it\",\"https:\\\/\\\/x.com\\\/bellunopress\"],\"url\":\"https:\\\/\\\/www.bellunopress.it\\\/fr\\\/author\\\/redazione\\\/\"}]}<\/script>\n<!-- \/ Yoast SEO plugin. -->","yoast_head_json":{"title":"Concessioni idroelettriche e percentuali dei canoni per Belluno. Padrin \u00e8 convinto che la Regione ci assicuri il 100% - Bellunopress - Dolomiti","robots":{"index":"index","follow":"follow","max-snippet":"max-snippet:-1","max-image-preview":"max-image-preview:large","max-video-preview":"max-video-preview:-1"},"canonical":"https:\/\/www.bellunopress.it\/fr\/2020\/04\/21\/concessioni-idroelettriche-e-percentuali-dei-canoni-per-belluno-padrin-e-convinto-che-la-regione-ci-assicuri-il-100\/","og_locale":"fr_FR","og_type":"article","og_title":"Concessioni idroelettriche e percentuali dei canoni per Belluno. Padrin \u00e8 convinto che la Regione ci assicuri il 100% - Bellunopress - Dolomiti","og_description":"\u00abLa partita delle grandi concessioni idroelettriche in scadenza nel 2029 sar\u00e0 il grande obiettivo dei prossimi anni. Non \u00e8 una priorit\u00e0 per l\u2019immediato, visto che dovremo affrontare prima di tutto le necessit\u00e0 delle famiglie e delle imprese per superare lo shock economico provocato dall\u2019emergenza coronavirus. In ogni caso, la Provincia \u00e8 sul pezzo e si [&hellip;]","og_url":"https:\/\/www.bellunopress.it\/fr\/2020\/04\/21\/concessioni-idroelettriche-e-percentuali-dei-canoni-per-belluno-padrin-e-convinto-che-la-regione-ci-assicuri-il-100\/","og_site_name":"Bellunopress - Dolomiti","article_publisher":"https:\/\/www.facebook.com\/profile.php?id=100008943462799","article_published_time":"2020-04-21T11:57:51+00:00","article_modified_time":"2020-04-21T14:39:47+00:00","og_image":[{"width":245,"height":300,"url":"https:\/\/www.bellunopress.it\/wp-content\/uploads\/2019\/04\/Roberto-Padrin.jpg","type":"image\/jpeg"}],"author":"redazione","twitter_card":"summary_large_image","twitter_creator":"@bellunopress","twitter_site":"@bellunopress","twitter_misc":{"Written by":"redazione","Est. reading time":"2 minutes"},"schema":{"@context":"https:\/\/schema.org","@graph":[{"@type":"Article","@id":"https:\/\/www.bellunopress.it\/2020\/04\/21\/concessioni-idroelettriche-e-percentuali-dei-canoni-per-belluno-padrin-e-convinto-che-la-regione-ci-assicuri-il-100\/#article","isPartOf":{"@id":"https:\/\/www.bellunopress.it\/2020\/04\/21\/concessioni-idroelettriche-e-percentuali-dei-canoni-per-belluno-padrin-e-convinto-che-la-regione-ci-assicuri-il-100\/"},"author":{"name":"redazione","@id":"https:\/\/www.bellunopress.it\/#\/schema\/person\/79bb06722b37ece1c03d3e94beb30d73"},"headline":"Concessioni idroelettriche e percentuali dei canoni per Belluno. Padrin \u00e8 convinto che la Regione ci assicuri il 100%","datePublished":"2020-04-21T11:57:51+00:00","dateModified":"2020-04-21T14:39:47+00:00","mainEntityOfPage":{"@id":"https:\/\/www.bellunopress.it\/2020\/04\/21\/concessioni-idroelettriche-e-percentuali-dei-canoni-per-belluno-padrin-e-convinto-che-la-regione-ci-assicuri-il-100\/"},"wordCount":495,"publisher":{"@id":"https:\/\/www.bellunopress.it\/#organization"},"image":{"@id":"https:\/\/www.bellunopress.it\/2020\/04\/21\/concessioni-idroelettriche-e-percentuali-dei-canoni-per-belluno-padrin-e-convinto-che-la-regione-ci-assicuri-il-100\/#primaryimage"},"thumbnailUrl":"https:\/\/www.bellunopress.it\/wp-content\/uploads\/2019\/04\/Roberto-Padrin.jpg","articleSection":["Lettere Opinioni"],"inLanguage":"fr-FR"},{"@type":"WebPage","@id":"https:\/\/www.bellunopress.it\/2020\/04\/21\/concessioni-idroelettriche-e-percentuali-dei-canoni-per-belluno-padrin-e-convinto-che-la-regione-ci-assicuri-il-100\/","url":"https:\/\/www.bellunopress.it\/2020\/04\/21\/concessioni-idroelettriche-e-percentuali-dei-canoni-per-belluno-padrin-e-convinto-che-la-regione-ci-assicuri-il-100\/","name":"Concessioni idroelettriche e percentuali dei canoni per Belluno. Padrin \u00e8 convinto che la Regione ci assicuri il 100% - Bellunopress - Dolomiti","isPartOf":{"@id":"https:\/\/www.bellunopress.it\/#website"},"primaryImageOfPage":{"@id":"https:\/\/www.bellunopress.it\/2020\/04\/21\/concessioni-idroelettriche-e-percentuali-dei-canoni-per-belluno-padrin-e-convinto-che-la-regione-ci-assicuri-il-100\/#primaryimage"},"image":{"@id":"https:\/\/www.bellunopress.it\/2020\/04\/21\/concessioni-idroelettriche-e-percentuali-dei-canoni-per-belluno-padrin-e-convinto-che-la-regione-ci-assicuri-il-100\/#primaryimage"},"thumbnailUrl":"https:\/\/www.bellunopress.it\/wp-content\/uploads\/2019\/04\/Roberto-Padrin.jpg","datePublished":"2020-04-21T11:57:51+00:00","dateModified":"2020-04-21T14:39:47+00:00","breadcrumb":{"@id":"https:\/\/www.bellunopress.it\/2020\/04\/21\/concessioni-idroelettriche-e-percentuali-dei-canoni-per-belluno-padrin-e-convinto-che-la-regione-ci-assicuri-il-100\/#breadcrumb"},"inLanguage":"fr-FR","potentialAction":[{"@type":"ReadAction","target":["https:\/\/www.bellunopress.it\/2020\/04\/21\/concessioni-idroelettriche-e-percentuali-dei-canoni-per-belluno-padrin-e-convinto-che-la-regione-ci-assicuri-il-100\/"]}]},{"@type":"ImageObject","inLanguage":"fr-FR","@id":"https:\/\/www.bellunopress.it\/2020\/04\/21\/concessioni-idroelettriche-e-percentuali-dei-canoni-per-belluno-padrin-e-convinto-che-la-regione-ci-assicuri-il-100\/#primaryimage","url":"https:\/\/www.bellunopress.it\/wp-content\/uploads\/2019\/04\/Roberto-Padrin.jpg","contentUrl":"https:\/\/www.bellunopress.it\/wp-content\/uploads\/2019\/04\/Roberto-Padrin.jpg","width":245,"height":300,"caption":"Roberto Padrin, presidente della Provincia"},{"@type":"BreadcrumbList","@id":"https:\/\/www.bellunopress.it\/2020\/04\/21\/concessioni-idroelettriche-e-percentuali-dei-canoni-per-belluno-padrin-e-convinto-che-la-regione-ci-assicuri-il-100\/#breadcrumb","itemListElement":[{"@type":"ListItem","position":1,"name":"Home","item":"https:\/\/www.bellunopress.it\/"},{"@type":"ListItem","position":2,"name":"Concessioni idroelettriche e percentuali dei canoni per Belluno. Padrin \u00e8 convinto che la Regione ci assicuri il 100%"}]},{"@type":"WebSite","@id":"https:\/\/www.bellunopress.it\/#website","url":"https:\/\/www.bellunopress.it\/","name":"Bellunopress - Dolomiti","description":"e-mail: redazione@bellunopress.it","publisher":{"@id":"https:\/\/www.bellunopress.it\/#organization"},"potentialAction":[{"@type":"SearchAction","target":{"@type":"EntryPoint","urlTemplate":"https:\/\/www.bellunopress.it\/?s={search_term_string}"},"query-input":{"@type":"PropertyValueSpecification","valueRequired":true,"valueName":"search_term_string"}}],"inLanguage":"fr-FR"},{"@type":"Organization","@id":"https:\/\/www.bellunopress.it\/#organization","name":"Bellunopress","url":"https:\/\/www.bellunopress.it\/","logo":{"@type":"ImageObject","inLanguage":"fr-FR","@id":"https:\/\/www.bellunopress.it\/#\/schema\/logo\/image\/","url":"https:\/\/www.bellunopress.it\/wp-content\/uploads\/2011\/05\/cropped-logo-bellunopress-.jpg","contentUrl":"https:\/\/www.bellunopress.it\/wp-content\/uploads\/2011\/05\/cropped-logo-bellunopress-.jpg","width":512,"height":512,"caption":"Bellunopress"},"image":{"@id":"https:\/\/www.bellunopress.it\/#\/schema\/logo\/image\/"},"sameAs":["https:\/\/www.facebook.com\/profile.php?id=100008943462799","https:\/\/x.com\/bellunopress","https:\/\/www.linkedin.com\/hp\/?dnr=JBzUWaJfMUw8vbXJJ2tVW5-I3jZKvC4wsoxE&amp;amp;amp;amp;amp;amp;trk=nav_responsive_tab_home","https:\/\/www.youtube.com\/channel\/UCxL0wu1uN0_3_7hGG0306cw"]},{"@type":"Person","@id":"https:\/\/www.bellunopress.it\/#\/schema\/person\/79bb06722b37ece1c03d3e94beb30d73","name":"r\u00e9daction","image":{"@type":"ImageObject","inLanguage":"fr-FR","@id":"https:\/\/secure.gravatar.com\/avatar\/37d968a2e67a6fd04c169c4bdef102d0bc5d31b2546345219e348575eb80e9a0?s=96&d=mm&r=g","url":"https:\/\/secure.gravatar.com\/avatar\/37d968a2e67a6fd04c169c4bdef102d0bc5d31b2546345219e348575eb80e9a0?s=96&d=mm&r=g","contentUrl":"https:\/\/secure.gravatar.com\/avatar\/37d968a2e67a6fd04c169c4bdef102d0bc5d31b2546345219e348575eb80e9a0?s=96&d=mm&r=g","caption":"redazione"},"sameAs":["http:\/\/www.bellunopress.it","https:\/\/x.com\/bellunopress"],"url":"https:\/\/www.bellunopress.it\/fr\/author\/redazione\/"}]}},"_links":{"self":[{"href":"https:\/\/www.bellunopress.it\/fr\/wp-json\/wp\/v2\/posts\/113929","targetHints":{"allow":["GET"]}}],"collection":[{"href":"https:\/\/www.bellunopress.it\/fr\/wp-json\/wp\/v2\/posts"}],"about":[{"href":"https:\/\/www.bellunopress.it\/fr\/wp-json\/wp\/v2\/types\/post"}],"author":[{"embeddable":true,"href":"https:\/\/www.bellunopress.it\/fr\/wp-json\/wp\/v2\/users\/2"}],"replies":[{"embeddable":true,"href":"https:\/\/www.bellunopress.it\/fr\/wp-json\/wp\/v2\/comments?post=113929"}],"version-history":[{"count":3,"href":"https:\/\/www.bellunopress.it\/fr\/wp-json\/wp\/v2\/posts\/113929\/revisions"}],"predecessor-version":[{"id":113939,"href":"https:\/\/www.bellunopress.it\/fr\/wp-json\/wp\/v2\/posts\/113929\/revisions\/113939"}],"wp:featuredmedia":[{"embeddable":true,"href":"https:\/\/www.bellunopress.it\/fr\/wp-json\/wp\/v2\/media\/104145"}],"wp:attachment":[{"href":"https:\/\/www.bellunopress.it\/fr\/wp-json\/wp\/v2\/media?parent=113929"}],"wp:term":[{"taxonomy":"category","embeddable":true,"href":"https:\/\/www.bellunopress.it\/fr\/wp-json\/wp\/v2\/categories?post=113929"},{"taxonomy":"post_tag","embeddable":true,"href":"https:\/\/www.bellunopress.it\/fr\/wp-json\/wp\/v2\/tags?post=113929"}],"curies":[{"name":"wp","href":"https:\/\/api.w.org\/{rel}","templated":true}]}}