{"id":113923,"date":"2020-04-20T22:15:58","date_gmt":"2020-04-20T20:15:58","guid":{"rendered":"http:\/\/www.bellunopress.it\/?p=113923"},"modified":"2020-04-20T22:15:58","modified_gmt":"2020-04-20T20:15:58","slug":"nessuno-tocchi-ippocrate-di-raffaele-addamiano","status":"publish","type":"post","link":"https:\/\/www.bellunopress.it\/fr\/2020\/04\/20\/nessuno-tocchi-ippocrate-di-raffaele-addamiano\/","title":{"rendered":"Nessuno tocchi Ippocrate\u00a0  * di Raffaele Addamiano"},"content":{"rendered":"<p><a href=\"http:\/\/www.bellunopress.it\/fr\/2020\/03\/02\/abbandono-scolastico-e-criminalita-il-caso-del-15enne-morto-a-di-napoli\/lettere-al-direttore-bellunopress\/\" rel=\"attachment wp-att-112601\"><img loading=\"lazy\" decoding=\"async\" class=\"alignleft size-full wp-image-112601\" src=\"http:\/\/www.bellunopress.it\/wp-content\/uploads\/2020\/03\/lettere-al-direttore-bellunopress.jpg\" alt=\"\" width=\"677\" height=\"454\" srcset=\"https:\/\/www.bellunopress.it\/wp-content\/uploads\/2020\/03\/lettere-al-direttore-bellunopress.jpg 677w, https:\/\/www.bellunopress.it\/wp-content\/uploads\/2020\/03\/lettere-al-direttore-bellunopress-500x335.jpg 500w, https:\/\/www.bellunopress.it\/wp-content\/uploads\/2020\/03\/lettere-al-direttore-bellunopress-626x420.jpg 626w\" sizes=\"auto, (max-width: 677px) 100vw, 677px\" \/><\/a><\/p>\n<p>A due mesi esatti dal cosiddetto \u201cpaziente 1\u201d di Codogno la notizia che la Magistratura napoletana ha disposto nove misure cautelari nei confronti di coloro i quali avrebbero gravemente danneggiato e saccheggiato il Pronto Soccorso dell\u2019Ospedale Vecchio Pellegrini del capoluogo campano a seguito dell\u2019uccisione da parte di un Carabiniere del rapinatore quindicenne Ugo Russo, impone una profonda, pacata riflessione sul rapporto presente e passato tra cittadini e operatori sanitari.<br \/>\nOggi, infatti, tutti sono giustamente portati a osannare medici e infermieri, novelli eroi nella lotta senza quartiere al Coronavirus (al riguardo, basti ricordare le innumerevoli scritte comparse sui balconi delle case degli Italiani agli arresti domiciliari volontari o le manifestazioni pubbliche di plauso di politici di ogni sorta e colore), e, tuttavia, a chi ha (ancora) un poco di memoria storica recente non sfuggir\u00e0 che il gravissimo episodio di fine febbraio scorso a Napoli ha semplicemente rappresentato la punta di un iceberg di una infinita, drammatica serie di aggressioni fisiche e verbali che in tutta la Penisola il corpo sanitario ha dovuto, suo malgrado, subire.<br \/>\nDunque, stride adesso il doveroso sentimento di gratitudine ecumenica nei confronti dei citati eroi con quanto non pi\u00f9 tardi di due mesi fa gli stessi eroi dovevano sopportare in tantissimi ospedali d\u2019Italia a causa di comportamenti incivili e criminali.<br \/>\nMa, sia consentito, contrasta ancor di pi\u00f9 con l\u2019attuale entusiasmo e con la riconoscenza popolare ci\u00f2 che \u00e8 stato deciso nei giorni scorsi in Parlamento e, cio\u00e8, come stigmatizzato dal Collegio nazionale dei chirurghi, la circostanza che sono stati ritirati in un colpo solo tutti gli emendamenti legislativi presentati per la difesa etica, civile e penale dei professionisti sanitari. Non solo. Purtroppo \u00e8 cronaca dell\u2019altro ieri che stuoli di avvocati sciacalli si sarebbero gi\u00e0 proposti sui social e sui mezzi di stampa per intentare cause milionarie risarcitorie contro dottori e loro infermieri, colpevoli, questi ultimi, soltanto di aver fatto nel migliore dei modi il loro dovere assistenziale in condizioni di eccezionale, gravissima emergenza.<br \/>\nPertanto, in onore dei vivi nonch\u00e9 dei 140 medici e degli oltre 30 infermieri morti durante questa maledetta pandemia si reciti in silenzio una preghiera, si dica un grazie sincero ma, soprattutto, si chieda ad alta voce SCUSA per come ci si \u00e8 comportati troppe volte male verso di loro. Lo dobbiamo all\u2019Italia onesta, desiderosa di rinascere, e, se permettete, a\u2026Ippocrate.<\/p>\n<p>Raffaele Addamiano<\/p>","protected":false},"excerpt":{"rendered":"<p>A due mesi esatti dal cosiddetto \u201cpaziente 1\u201d di Codogno la notizia che la Magistratura napoletana ha disposto nove misure cautelari nei confronti di coloro i quali avrebbero gravemente danneggiato e saccheggiato il Pronto Soccorso dell\u2019Ospedale Vecchio Pellegrini del capoluogo campano a seguito dell\u2019uccisione da parte di un Carabiniere del rapinatore quindicenne Ugo Russo, impone [&hellip;]<\/p>\n","protected":false},"author":2,"featured_media":112601,"comment_status":"closed","ping_status":"open","sticky":false,"template":"","format":"standard","meta":{"footnotes":""},"categories":[1,26],"tags":[],"class_list":["post-113923","post","type-post","status-publish","format-standard","has-post-thumbnail","category-leo","category-prima-pagina"],"yoast_head":"<!-- This site is optimized with the Yoast SEO plugin v28.4 - https:\/\/yoast.com\/product\/yoast-seo-wordpress\/ -->\n<title>Nessuno tocchi Ippocrate\u00a0 * di Raffaele Addamiano - Bellunopress - Dolomiti<\/title>\n<meta name=\"robots\" content=\"index, follow, max-snippet:-1, max-image-preview:large, max-video-preview:-1\" \/>\n<link rel=\"canonical\" href=\"https:\/\/www.bellunopress.it\/fr\/2020\/04\/20\/nessuno-tocchi-ippocrate-di-raffaele-addamiano\/\" \/>\n<meta property=\"og:locale\" content=\"fr_FR\" \/>\n<meta property=\"og:type\" content=\"article\" \/>\n<meta property=\"og:title\" content=\"Nessuno tocchi Ippocrate\u00a0 * di Raffaele Addamiano - Bellunopress - Dolomiti\" \/>\n<meta property=\"og:description\" content=\"A due mesi esatti dal cosiddetto \u201cpaziente 1\u201d di Codogno la notizia che la Magistratura napoletana ha disposto nove misure cautelari nei confronti di coloro i quali avrebbero gravemente danneggiato e saccheggiato il Pronto Soccorso dell\u2019Ospedale Vecchio Pellegrini del capoluogo campano a seguito dell\u2019uccisione da parte di un Carabiniere del rapinatore quindicenne Ugo Russo, impone [&hellip;]\" \/>\n<meta property=\"og:url\" content=\"https:\/\/www.bellunopress.it\/fr\/2020\/04\/20\/nessuno-tocchi-ippocrate-di-raffaele-addamiano\/\" \/>\n<meta property=\"og:site_name\" content=\"Bellunopress - Dolomiti\" \/>\n<meta property=\"article:publisher\" content=\"https:\/\/www.facebook.com\/profile.php?id=100008943462799\" \/>\n<meta property=\"article:published_time\" content=\"2020-04-20T20:15:58+00:00\" \/>\n<meta property=\"og:image\" content=\"https:\/\/www.bellunopress.it\/wp-content\/uploads\/2020\/03\/lettere-al-direttore-bellunopress.jpg\" \/>\n\t<meta property=\"og:image:width\" content=\"677\" \/>\n\t<meta property=\"og:image:height\" content=\"454\" \/>\n\t<meta property=\"og:image:type\" content=\"image\/jpeg\" \/>\n<meta name=\"author\" content=\"redazione\" \/>\n<meta name=\"twitter:card\" content=\"summary_large_image\" \/>\n<meta name=\"twitter:creator\" content=\"@bellunopress\" \/>\n<meta name=\"twitter:site\" content=\"@bellunopress\" \/>\n<meta name=\"twitter:label1\" content=\"Written by\" \/>\n\t<meta name=\"twitter:data1\" content=\"redazione\" \/>\n\t<meta name=\"twitter:label2\" content=\"Est. reading time\" \/>\n\t<meta name=\"twitter:data2\" content=\"2 minutes\" \/>\n<script type=\"application\/ld+json\" class=\"yoast-schema-graph\">{\"@context\":\"https:\\\/\\\/schema.org\",\"@graph\":[{\"@type\":\"Article\",\"@id\":\"https:\\\/\\\/www.bellunopress.it\\\/2020\\\/04\\\/20\\\/nessuno-tocchi-ippocrate-di-raffaele-addamiano\\\/#article\",\"isPartOf\":{\"@id\":\"https:\\\/\\\/www.bellunopress.it\\\/2020\\\/04\\\/20\\\/nessuno-tocchi-ippocrate-di-raffaele-addamiano\\\/\"},\"author\":{\"name\":\"redazione\",\"@id\":\"https:\\\/\\\/www.bellunopress.it\\\/#\\\/schema\\\/person\\\/79bb06722b37ece1c03d3e94beb30d73\"},\"headline\":\"Nessuno tocchi Ippocrate\u00a0 * di Raffaele Addamiano\",\"datePublished\":\"2020-04-20T20:15:58+00:00\",\"mainEntityOfPage\":{\"@id\":\"https:\\\/\\\/www.bellunopress.it\\\/2020\\\/04\\\/20\\\/nessuno-tocchi-ippocrate-di-raffaele-addamiano\\\/\"},\"wordCount\":396,\"publisher\":{\"@id\":\"https:\\\/\\\/www.bellunopress.it\\\/#organization\"},\"image\":{\"@id\":\"https:\\\/\\\/www.bellunopress.it\\\/2020\\\/04\\\/20\\\/nessuno-tocchi-ippocrate-di-raffaele-addamiano\\\/#primaryimage\"},\"thumbnailUrl\":\"https:\\\/\\\/www.bellunopress.it\\\/wp-content\\\/uploads\\\/2020\\\/03\\\/lettere-al-direttore-bellunopress.jpg\",\"articleSection\":[\"Lettere Opinioni\",\"Prima Pagina\"],\"inLanguage\":\"fr-FR\"},{\"@type\":\"WebPage\",\"@id\":\"https:\\\/\\\/www.bellunopress.it\\\/2020\\\/04\\\/20\\\/nessuno-tocchi-ippocrate-di-raffaele-addamiano\\\/\",\"url\":\"https:\\\/\\\/www.bellunopress.it\\\/2020\\\/04\\\/20\\\/nessuno-tocchi-ippocrate-di-raffaele-addamiano\\\/\",\"name\":\"Nessuno tocchi Ippocrate\u00a0 * di Raffaele Addamiano - Bellunopress - Dolomiti\",\"isPartOf\":{\"@id\":\"https:\\\/\\\/www.bellunopress.it\\\/#website\"},\"primaryImageOfPage\":{\"@id\":\"https:\\\/\\\/www.bellunopress.it\\\/2020\\\/04\\\/20\\\/nessuno-tocchi-ippocrate-di-raffaele-addamiano\\\/#primaryimage\"},\"image\":{\"@id\":\"https:\\\/\\\/www.bellunopress.it\\\/2020\\\/04\\\/20\\\/nessuno-tocchi-ippocrate-di-raffaele-addamiano\\\/#primaryimage\"},\"thumbnailUrl\":\"https:\\\/\\\/www.bellunopress.it\\\/wp-content\\\/uploads\\\/2020\\\/03\\\/lettere-al-direttore-bellunopress.jpg\",\"datePublished\":\"2020-04-20T20:15:58+00:00\",\"breadcrumb\":{\"@id\":\"https:\\\/\\\/www.bellunopress.it\\\/2020\\\/04\\\/20\\\/nessuno-tocchi-ippocrate-di-raffaele-addamiano\\\/#breadcrumb\"},\"inLanguage\":\"fr-FR\",\"potentialAction\":[{\"@type\":\"ReadAction\",\"target\":[\"https:\\\/\\\/www.bellunopress.it\\\/2020\\\/04\\\/20\\\/nessuno-tocchi-ippocrate-di-raffaele-addamiano\\\/\"]}]},{\"@type\":\"ImageObject\",\"inLanguage\":\"fr-FR\",\"@id\":\"https:\\\/\\\/www.bellunopress.it\\\/2020\\\/04\\\/20\\\/nessuno-tocchi-ippocrate-di-raffaele-addamiano\\\/#primaryimage\",\"url\":\"https:\\\/\\\/www.bellunopress.it\\\/wp-content\\\/uploads\\\/2020\\\/03\\\/lettere-al-direttore-bellunopress.jpg\",\"contentUrl\":\"https:\\\/\\\/www.bellunopress.it\\\/wp-content\\\/uploads\\\/2020\\\/03\\\/lettere-al-direttore-bellunopress.jpg\",\"width\":677,\"height\":454,\"caption\":\"lettera al direttore\"},{\"@type\":\"BreadcrumbList\",\"@id\":\"https:\\\/\\\/www.bellunopress.it\\\/2020\\\/04\\\/20\\\/nessuno-tocchi-ippocrate-di-raffaele-addamiano\\\/#breadcrumb\",\"itemListElement\":[{\"@type\":\"ListItem\",\"position\":1,\"name\":\"Home\",\"item\":\"https:\\\/\\\/www.bellunopress.it\\\/\"},{\"@type\":\"ListItem\",\"position\":2,\"name\":\"Nessuno tocchi Ippocrate\u00a0 * di Raffaele Addamiano\"}]},{\"@type\":\"WebSite\",\"@id\":\"https:\\\/\\\/www.bellunopress.it\\\/#website\",\"url\":\"https:\\\/\\\/www.bellunopress.it\\\/\",\"name\":\"Bellunopress - Dolomiti\",\"description\":\"e-mail: redazione@bellunopress.it\",\"publisher\":{\"@id\":\"https:\\\/\\\/www.bellunopress.it\\\/#organization\"},\"potentialAction\":[{\"@type\":\"SearchAction\",\"target\":{\"@type\":\"EntryPoint\",\"urlTemplate\":\"https:\\\/\\\/www.bellunopress.it\\\/?s={search_term_string}\"},\"query-input\":{\"@type\":\"PropertyValueSpecification\",\"valueRequired\":true,\"valueName\":\"search_term_string\"}}],\"inLanguage\":\"fr-FR\"},{\"@type\":\"Organization\",\"@id\":\"https:\\\/\\\/www.bellunopress.it\\\/#organization\",\"name\":\"Bellunopress\",\"url\":\"https:\\\/\\\/www.bellunopress.it\\\/\",\"logo\":{\"@type\":\"ImageObject\",\"inLanguage\":\"fr-FR\",\"@id\":\"https:\\\/\\\/www.bellunopress.it\\\/#\\\/schema\\\/logo\\\/image\\\/\",\"url\":\"https:\\\/\\\/www.bellunopress.it\\\/wp-content\\\/uploads\\\/2011\\\/05\\\/cropped-logo-bellunopress-.jpg\",\"contentUrl\":\"https:\\\/\\\/www.bellunopress.it\\\/wp-content\\\/uploads\\\/2011\\\/05\\\/cropped-logo-bellunopress-.jpg\",\"width\":512,\"height\":512,\"caption\":\"Bellunopress\"},\"image\":{\"@id\":\"https:\\\/\\\/www.bellunopress.it\\\/#\\\/schema\\\/logo\\\/image\\\/\"},\"sameAs\":[\"https:\\\/\\\/www.facebook.com\\\/profile.php?id=100008943462799\",\"https:\\\/\\\/x.com\\\/bellunopress\",\"https:\\\/\\\/www.linkedin.com\\\/hp\\\/?dnr=JBzUWaJfMUw8vbXJJ2tVW5-I3jZKvC4wsoxE&amp;amp;amp;amp;amp;amp;trk=nav_responsive_tab_home\",\"https:\\\/\\\/www.youtube.com\\\/channel\\\/UCxL0wu1uN0_3_7hGG0306cw\"]},{\"@type\":\"Person\",\"@id\":\"https:\\\/\\\/www.bellunopress.it\\\/#\\\/schema\\\/person\\\/79bb06722b37ece1c03d3e94beb30d73\",\"name\":\"redazione\",\"image\":{\"@type\":\"ImageObject\",\"inLanguage\":\"fr-FR\",\"@id\":\"https:\\\/\\\/secure.gravatar.com\\\/avatar\\\/37d968a2e67a6fd04c169c4bdef102d0bc5d31b2546345219e348575eb80e9a0?s=96&d=mm&r=g\",\"url\":\"https:\\\/\\\/secure.gravatar.com\\\/avatar\\\/37d968a2e67a6fd04c169c4bdef102d0bc5d31b2546345219e348575eb80e9a0?s=96&d=mm&r=g\",\"contentUrl\":\"https:\\\/\\\/secure.gravatar.com\\\/avatar\\\/37d968a2e67a6fd04c169c4bdef102d0bc5d31b2546345219e348575eb80e9a0?s=96&d=mm&r=g\",\"caption\":\"redazione\"},\"sameAs\":[\"http:\\\/\\\/www.bellunopress.it\",\"https:\\\/\\\/x.com\\\/bellunopress\"],\"url\":\"https:\\\/\\\/www.bellunopress.it\\\/fr\\\/author\\\/redazione\\\/\"}]}<\/script>\n<!-- \/ Yoast SEO plugin. -->","yoast_head_json":{"title":"Nessuno tocchi Ippocrate\u00a0 * di Raffaele Addamiano - Bellunopress - Dolomiti","robots":{"index":"index","follow":"follow","max-snippet":"max-snippet:-1","max-image-preview":"max-image-preview:large","max-video-preview":"max-video-preview:-1"},"canonical":"https:\/\/www.bellunopress.it\/fr\/2020\/04\/20\/nessuno-tocchi-ippocrate-di-raffaele-addamiano\/","og_locale":"fr_FR","og_type":"article","og_title":"Nessuno tocchi Ippocrate\u00a0 * di Raffaele Addamiano - Bellunopress - Dolomiti","og_description":"A due mesi esatti dal cosiddetto \u201cpaziente 1\u201d di Codogno la notizia che la Magistratura napoletana ha disposto nove misure cautelari nei confronti di coloro i quali avrebbero gravemente danneggiato e saccheggiato il Pronto Soccorso dell\u2019Ospedale Vecchio Pellegrini del capoluogo campano a seguito dell\u2019uccisione da parte di un Carabiniere del rapinatore quindicenne Ugo Russo, impone [&hellip;]","og_url":"https:\/\/www.bellunopress.it\/fr\/2020\/04\/20\/nessuno-tocchi-ippocrate-di-raffaele-addamiano\/","og_site_name":"Bellunopress - Dolomiti","article_publisher":"https:\/\/www.facebook.com\/profile.php?id=100008943462799","article_published_time":"2020-04-20T20:15:58+00:00","og_image":[{"width":677,"height":454,"url":"https:\/\/www.bellunopress.it\/wp-content\/uploads\/2020\/03\/lettere-al-direttore-bellunopress.jpg","type":"image\/jpeg"}],"author":"redazione","twitter_card":"summary_large_image","twitter_creator":"@bellunopress","twitter_site":"@bellunopress","twitter_misc":{"Written by":"redazione","Est. reading time":"2 minutes"},"schema":{"@context":"https:\/\/schema.org","@graph":[{"@type":"Article","@id":"https:\/\/www.bellunopress.it\/2020\/04\/20\/nessuno-tocchi-ippocrate-di-raffaele-addamiano\/#article","isPartOf":{"@id":"https:\/\/www.bellunopress.it\/2020\/04\/20\/nessuno-tocchi-ippocrate-di-raffaele-addamiano\/"},"author":{"name":"redazione","@id":"https:\/\/www.bellunopress.it\/#\/schema\/person\/79bb06722b37ece1c03d3e94beb30d73"},"headline":"Nessuno tocchi Ippocrate\u00a0 * di Raffaele Addamiano","datePublished":"2020-04-20T20:15:58+00:00","mainEntityOfPage":{"@id":"https:\/\/www.bellunopress.it\/2020\/04\/20\/nessuno-tocchi-ippocrate-di-raffaele-addamiano\/"},"wordCount":396,"publisher":{"@id":"https:\/\/www.bellunopress.it\/#organization"},"image":{"@id":"https:\/\/www.bellunopress.it\/2020\/04\/20\/nessuno-tocchi-ippocrate-di-raffaele-addamiano\/#primaryimage"},"thumbnailUrl":"https:\/\/www.bellunopress.it\/wp-content\/uploads\/2020\/03\/lettere-al-direttore-bellunopress.jpg","articleSection":["Lettere Opinioni","Prima Pagina"],"inLanguage":"fr-FR"},{"@type":"WebPage","@id":"https:\/\/www.bellunopress.it\/2020\/04\/20\/nessuno-tocchi-ippocrate-di-raffaele-addamiano\/","url":"https:\/\/www.bellunopress.it\/2020\/04\/20\/nessuno-tocchi-ippocrate-di-raffaele-addamiano\/","name":"Nessuno tocchi Ippocrate\u00a0 * di Raffaele Addamiano - Bellunopress - Dolomiti","isPartOf":{"@id":"https:\/\/www.bellunopress.it\/#website"},"primaryImageOfPage":{"@id":"https:\/\/www.bellunopress.it\/2020\/04\/20\/nessuno-tocchi-ippocrate-di-raffaele-addamiano\/#primaryimage"},"image":{"@id":"https:\/\/www.bellunopress.it\/2020\/04\/20\/nessuno-tocchi-ippocrate-di-raffaele-addamiano\/#primaryimage"},"thumbnailUrl":"https:\/\/www.bellunopress.it\/wp-content\/uploads\/2020\/03\/lettere-al-direttore-bellunopress.jpg","datePublished":"2020-04-20T20:15:58+00:00","breadcrumb":{"@id":"https:\/\/www.bellunopress.it\/2020\/04\/20\/nessuno-tocchi-ippocrate-di-raffaele-addamiano\/#breadcrumb"},"inLanguage":"fr-FR","potentialAction":[{"@type":"ReadAction","target":["https:\/\/www.bellunopress.it\/2020\/04\/20\/nessuno-tocchi-ippocrate-di-raffaele-addamiano\/"]}]},{"@type":"ImageObject","inLanguage":"fr-FR","@id":"https:\/\/www.bellunopress.it\/2020\/04\/20\/nessuno-tocchi-ippocrate-di-raffaele-addamiano\/#primaryimage","url":"https:\/\/www.bellunopress.it\/wp-content\/uploads\/2020\/03\/lettere-al-direttore-bellunopress.jpg","contentUrl":"https:\/\/www.bellunopress.it\/wp-content\/uploads\/2020\/03\/lettere-al-direttore-bellunopress.jpg","width":677,"height":454,"caption":"lettera al direttore"},{"@type":"BreadcrumbList","@id":"https:\/\/www.bellunopress.it\/2020\/04\/20\/nessuno-tocchi-ippocrate-di-raffaele-addamiano\/#breadcrumb","itemListElement":[{"@type":"ListItem","position":1,"name":"Home","item":"https:\/\/www.bellunopress.it\/"},{"@type":"ListItem","position":2,"name":"Nessuno tocchi Ippocrate\u00a0 * di Raffaele Addamiano"}]},{"@type":"WebSite","@id":"https:\/\/www.bellunopress.it\/#website","url":"https:\/\/www.bellunopress.it\/","name":"Bellunopress - Dolomiti","description":"e-mail: redazione@bellunopress.it","publisher":{"@id":"https:\/\/www.bellunopress.it\/#organization"},"potentialAction":[{"@type":"SearchAction","target":{"@type":"EntryPoint","urlTemplate":"https:\/\/www.bellunopress.it\/?s={search_term_string}"},"query-input":{"@type":"PropertyValueSpecification","valueRequired":true,"valueName":"search_term_string"}}],"inLanguage":"fr-FR"},{"@type":"Organization","@id":"https:\/\/www.bellunopress.it\/#organization","name":"Bellunopress","url":"https:\/\/www.bellunopress.it\/","logo":{"@type":"ImageObject","inLanguage":"fr-FR","@id":"https:\/\/www.bellunopress.it\/#\/schema\/logo\/image\/","url":"https:\/\/www.bellunopress.it\/wp-content\/uploads\/2011\/05\/cropped-logo-bellunopress-.jpg","contentUrl":"https:\/\/www.bellunopress.it\/wp-content\/uploads\/2011\/05\/cropped-logo-bellunopress-.jpg","width":512,"height":512,"caption":"Bellunopress"},"image":{"@id":"https:\/\/www.bellunopress.it\/#\/schema\/logo\/image\/"},"sameAs":["https:\/\/www.facebook.com\/profile.php?id=100008943462799","https:\/\/x.com\/bellunopress","https:\/\/www.linkedin.com\/hp\/?dnr=JBzUWaJfMUw8vbXJJ2tVW5-I3jZKvC4wsoxE&amp;amp;amp;amp;amp;amp;trk=nav_responsive_tab_home","https:\/\/www.youtube.com\/channel\/UCxL0wu1uN0_3_7hGG0306cw"]},{"@type":"Person","@id":"https:\/\/www.bellunopress.it\/#\/schema\/person\/79bb06722b37ece1c03d3e94beb30d73","name":"r\u00e9daction","image":{"@type":"ImageObject","inLanguage":"fr-FR","@id":"https:\/\/secure.gravatar.com\/avatar\/37d968a2e67a6fd04c169c4bdef102d0bc5d31b2546345219e348575eb80e9a0?s=96&d=mm&r=g","url":"https:\/\/secure.gravatar.com\/avatar\/37d968a2e67a6fd04c169c4bdef102d0bc5d31b2546345219e348575eb80e9a0?s=96&d=mm&r=g","contentUrl":"https:\/\/secure.gravatar.com\/avatar\/37d968a2e67a6fd04c169c4bdef102d0bc5d31b2546345219e348575eb80e9a0?s=96&d=mm&r=g","caption":"redazione"},"sameAs":["http:\/\/www.bellunopress.it","https:\/\/x.com\/bellunopress"],"url":"https:\/\/www.bellunopress.it\/fr\/author\/redazione\/"}]}},"_links":{"self":[{"href":"https:\/\/www.bellunopress.it\/fr\/wp-json\/wp\/v2\/posts\/113923","targetHints":{"allow":["GET"]}}],"collection":[{"href":"https:\/\/www.bellunopress.it\/fr\/wp-json\/wp\/v2\/posts"}],"about":[{"href":"https:\/\/www.bellunopress.it\/fr\/wp-json\/wp\/v2\/types\/post"}],"author":[{"embeddable":true,"href":"https:\/\/www.bellunopress.it\/fr\/wp-json\/wp\/v2\/users\/2"}],"replies":[{"embeddable":true,"href":"https:\/\/www.bellunopress.it\/fr\/wp-json\/wp\/v2\/comments?post=113923"}],"version-history":[{"count":1,"href":"https:\/\/www.bellunopress.it\/fr\/wp-json\/wp\/v2\/posts\/113923\/revisions"}],"predecessor-version":[{"id":113924,"href":"https:\/\/www.bellunopress.it\/fr\/wp-json\/wp\/v2\/posts\/113923\/revisions\/113924"}],"wp:featuredmedia":[{"embeddable":true,"href":"https:\/\/www.bellunopress.it\/fr\/wp-json\/wp\/v2\/media\/112601"}],"wp:attachment":[{"href":"https:\/\/www.bellunopress.it\/fr\/wp-json\/wp\/v2\/media?parent=113923"}],"wp:term":[{"taxonomy":"category","embeddable":true,"href":"https:\/\/www.bellunopress.it\/fr\/wp-json\/wp\/v2\/categories?post=113923"},{"taxonomy":"post_tag","embeddable":true,"href":"https:\/\/www.bellunopress.it\/fr\/wp-json\/wp\/v2\/tags?post=113923"}],"curies":[{"name":"wp","href":"https:\/\/api.w.org\/{rel}","templated":true}]}}