{"id":113921,"date":"2020-04-20T21:59:12","date_gmt":"2020-04-20T19:59:12","guid":{"rendered":"http:\/\/www.bellunopress.it\/?p=113921"},"modified":"2020-04-20T21:59:12","modified_gmt":"2020-04-20T19:59:12","slug":"cosa-aspetta-il-governo-italiano-a-fare-propria-la-proposta-avanzata-dal-premier-spagnolo","status":"publish","type":"post","link":"https:\/\/www.bellunopress.it\/fr\/2020\/04\/20\/cosa-aspetta-il-governo-italiano-a-fare-propria-la-proposta-avanzata-dal-premier-spagnolo\/","title":{"rendered":"Cosa aspetta il governo italiano a fare propria la proposta avanzata dal premier spagnolo?"},"content":{"rendered":"<figure id=\"attachment_112629\" aria-describedby=\"caption-attachment-112629\" style=\"width: 394px\" class=\"wp-caption alignleft\"><a href=\"http:\/\/www.bellunopress.it\/fr\/2020\/03\/02\/coronavirus-acerbo-e-patta-rifondazione-comunista-difendiamo-i-salari-e-la-salute-di-lavoratrici-e-lavoratori\/maurizio-acerbo-prc\/\" rel=\"attachment wp-att-112629\"><img loading=\"lazy\" decoding=\"async\" class=\"size-full wp-image-112629\" src=\"http:\/\/www.bellunopress.it\/wp-content\/uploads\/2020\/03\/Maurizio-Acerbo-Prc.jpg\" alt=\"\" width=\"394\" height=\"264\" \/><\/a><figcaption id=\"caption-attachment-112629\" class=\"wp-caption-text\">Maurizio Acerbo<\/figcaption><\/figure>\n<p>E&#8217; una proposta importante quella del capo del governo spagnolo Sancez, che chiede 1.500 miliardi di euro alla BCE a favore degli stati europei, senza che tale stanziamento debba essere restituito e senza che dia luogo a debito pubblico. Una soluzione che indubbiamente avvantaggerebbe Spagna e Italia, fortemente penalizzate dall&#8217;emergenza della pandemia che attingerebbero in modo consistente a tale fondo.<\/p>\n<p>&#8220;Questa proposta, che non a caso nasce dal governo spagnolo &#8211; di cui fanno parte i nostri compagni del partito comunista, dichiarano\u00a0Maurizio Acerbo, segretario nazionale di Rifondazione Comunista, e\u00a0Paolo Ferrero, vicepresidente Sinistra Europea \u2013, si muove nella stessa logica della nostra petizione, su cui stiamo raccogliendo le firme, per chiedere che sia la BCE a finanziare tutta la spesa per far fronte al Coronavirus.<\/p>\n<p>Cosa aspetta il governo italiano a farla propria? Perch\u00e9 il PD, invece di sposare questa posizione, continua a sostenere l&#8217;utilizzo del MES che a tutti gli effetti produrrebbe un disastro per il nostro paese?<\/p>\n<p>L&#8217;intervento della BCE senza la restituzione dei soldi spesi, finalizzati alla sanit\u00e0 pubblica, al sostegno dei redditi delle persone e alla riconversione ambientale delle produzioni, \u00e8 l&#8217;unica strada che ci pu\u00f2 permettere di uscire positivamente da questa crisi&#8221;.<\/p>\n<p>&nbsp;<\/p>","protected":false},"excerpt":{"rendered":"<p>E&#8217; una proposta importante quella del capo del governo spagnolo Sancez, che chiede 1.500 miliardi di euro alla BCE a favore degli stati europei, senza che tale stanziamento debba essere restituito e senza che dia luogo a debito pubblico. Una soluzione che indubbiamente avvantaggerebbe Spagna e Italia, fortemente penalizzate dall&#8217;emergenza della pandemia che attingerebbero in [&hellip;]<\/p>\n","protected":false},"author":2,"featured_media":110944,"comment_status":"closed","ping_status":"open","sticky":false,"template":"","format":"standard","meta":{"footnotes":""},"categories":[5,26],"tags":[],"class_list":["post-113921","post","type-post","status-publish","format-standard","has-post-thumbnail","category-cronaca","category-prima-pagina"],"yoast_head":"<!-- This site is optimized with the Yoast SEO plugin v28.4 - https:\/\/yoast.com\/product\/yoast-seo-wordpress\/ -->\n<title>Cosa aspetta il governo italiano a fare propria la proposta avanzata dal premier spagnolo? - Bellunopress - Dolomiti<\/title>\n<meta name=\"robots\" content=\"index, follow, max-snippet:-1, max-image-preview:large, max-video-preview:-1\" \/>\n<link rel=\"canonical\" href=\"https:\/\/www.bellunopress.it\/fr\/2020\/04\/20\/cosa-aspetta-il-governo-italiano-a-fare-propria-la-proposta-avanzata-dal-premier-spagnolo\/\" \/>\n<meta property=\"og:locale\" content=\"fr_FR\" \/>\n<meta property=\"og:type\" content=\"article\" \/>\n<meta property=\"og:title\" content=\"Cosa aspetta il governo italiano a fare propria la proposta avanzata dal premier spagnolo? - Bellunopress - Dolomiti\" \/>\n<meta property=\"og:description\" content=\"E&#8217; una proposta importante quella del capo del governo spagnolo Sancez, che chiede 1.500 miliardi di euro alla BCE a favore degli stati europei, senza che tale stanziamento debba essere restituito e senza che dia luogo a debito pubblico. Una soluzione che indubbiamente avvantaggerebbe Spagna e Italia, fortemente penalizzate dall&#8217;emergenza della pandemia che attingerebbero in [&hellip;]\" \/>\n<meta property=\"og:url\" content=\"https:\/\/www.bellunopress.it\/fr\/2020\/04\/20\/cosa-aspetta-il-governo-italiano-a-fare-propria-la-proposta-avanzata-dal-premier-spagnolo\/\" \/>\n<meta property=\"og:site_name\" content=\"Bellunopress - Dolomiti\" \/>\n<meta property=\"article:publisher\" content=\"https:\/\/www.facebook.com\/profile.php?id=100008943462799\" \/>\n<meta property=\"article:published_time\" content=\"2020-04-20T19:59:12+00:00\" \/>\n<meta property=\"og:image\" content=\"https:\/\/www.bellunopress.it\/wp-content\/uploads\/2020\/01\/Maurizio-Acerbo.jpg\" \/>\n\t<meta property=\"og:image:width\" content=\"234\" \/>\n\t<meta property=\"og:image:height\" content=\"300\" \/>\n\t<meta property=\"og:image:type\" content=\"image\/jpeg\" \/>\n<meta name=\"author\" content=\"redazione\" \/>\n<meta name=\"twitter:card\" content=\"summary_large_image\" \/>\n<meta name=\"twitter:creator\" content=\"@bellunopress\" \/>\n<meta name=\"twitter:site\" content=\"@bellunopress\" \/>\n<meta name=\"twitter:label1\" content=\"Written by\" \/>\n\t<meta name=\"twitter:data1\" content=\"redazione\" \/>\n\t<meta name=\"twitter:label2\" content=\"Est. reading time\" \/>\n\t<meta name=\"twitter:data2\" content=\"1 minute\" \/>\n<script type=\"application\/ld+json\" class=\"yoast-schema-graph\">{\"@context\":\"https:\\\/\\\/schema.org\",\"@graph\":[{\"@type\":\"Article\",\"@id\":\"https:\\\/\\\/www.bellunopress.it\\\/2020\\\/04\\\/20\\\/cosa-aspetta-il-governo-italiano-a-fare-propria-la-proposta-avanzata-dal-premier-spagnolo\\\/#article\",\"isPartOf\":{\"@id\":\"https:\\\/\\\/www.bellunopress.it\\\/2020\\\/04\\\/20\\\/cosa-aspetta-il-governo-italiano-a-fare-propria-la-proposta-avanzata-dal-premier-spagnolo\\\/\"},\"author\":{\"name\":\"redazione\",\"@id\":\"https:\\\/\\\/www.bellunopress.it\\\/#\\\/schema\\\/person\\\/79bb06722b37ece1c03d3e94beb30d73\"},\"headline\":\"Cosa aspetta il governo italiano a fare propria la proposta avanzata dal premier spagnolo?\",\"datePublished\":\"2020-04-20T19:59:12+00:00\",\"mainEntityOfPage\":{\"@id\":\"https:\\\/\\\/www.bellunopress.it\\\/2020\\\/04\\\/20\\\/cosa-aspetta-il-governo-italiano-a-fare-propria-la-proposta-avanzata-dal-premier-spagnolo\\\/\"},\"wordCount\":223,\"publisher\":{\"@id\":\"https:\\\/\\\/www.bellunopress.it\\\/#organization\"},\"image\":{\"@id\":\"https:\\\/\\\/www.bellunopress.it\\\/2020\\\/04\\\/20\\\/cosa-aspetta-il-governo-italiano-a-fare-propria-la-proposta-avanzata-dal-premier-spagnolo\\\/#primaryimage\"},\"thumbnailUrl\":\"https:\\\/\\\/www.bellunopress.it\\\/wp-content\\\/uploads\\\/2020\\\/01\\\/Maurizio-Acerbo.jpg\",\"articleSection\":[\"Cronaca\\\/Politica\",\"Prima Pagina\"],\"inLanguage\":\"fr-FR\"},{\"@type\":\"WebPage\",\"@id\":\"https:\\\/\\\/www.bellunopress.it\\\/2020\\\/04\\\/20\\\/cosa-aspetta-il-governo-italiano-a-fare-propria-la-proposta-avanzata-dal-premier-spagnolo\\\/\",\"url\":\"https:\\\/\\\/www.bellunopress.it\\\/2020\\\/04\\\/20\\\/cosa-aspetta-il-governo-italiano-a-fare-propria-la-proposta-avanzata-dal-premier-spagnolo\\\/\",\"name\":\"Cosa aspetta il governo italiano a fare propria la proposta avanzata dal premier spagnolo? - Bellunopress - Dolomiti\",\"isPartOf\":{\"@id\":\"https:\\\/\\\/www.bellunopress.it\\\/#website\"},\"primaryImageOfPage\":{\"@id\":\"https:\\\/\\\/www.bellunopress.it\\\/2020\\\/04\\\/20\\\/cosa-aspetta-il-governo-italiano-a-fare-propria-la-proposta-avanzata-dal-premier-spagnolo\\\/#primaryimage\"},\"image\":{\"@id\":\"https:\\\/\\\/www.bellunopress.it\\\/2020\\\/04\\\/20\\\/cosa-aspetta-il-governo-italiano-a-fare-propria-la-proposta-avanzata-dal-premier-spagnolo\\\/#primaryimage\"},\"thumbnailUrl\":\"https:\\\/\\\/www.bellunopress.it\\\/wp-content\\\/uploads\\\/2020\\\/01\\\/Maurizio-Acerbo.jpg\",\"datePublished\":\"2020-04-20T19:59:12+00:00\",\"breadcrumb\":{\"@id\":\"https:\\\/\\\/www.bellunopress.it\\\/2020\\\/04\\\/20\\\/cosa-aspetta-il-governo-italiano-a-fare-propria-la-proposta-avanzata-dal-premier-spagnolo\\\/#breadcrumb\"},\"inLanguage\":\"fr-FR\",\"potentialAction\":[{\"@type\":\"ReadAction\",\"target\":[\"https:\\\/\\\/www.bellunopress.it\\\/2020\\\/04\\\/20\\\/cosa-aspetta-il-governo-italiano-a-fare-propria-la-proposta-avanzata-dal-premier-spagnolo\\\/\"]}]},{\"@type\":\"ImageObject\",\"inLanguage\":\"fr-FR\",\"@id\":\"https:\\\/\\\/www.bellunopress.it\\\/2020\\\/04\\\/20\\\/cosa-aspetta-il-governo-italiano-a-fare-propria-la-proposta-avanzata-dal-premier-spagnolo\\\/#primaryimage\",\"url\":\"https:\\\/\\\/www.bellunopress.it\\\/wp-content\\\/uploads\\\/2020\\\/01\\\/Maurizio-Acerbo.jpg\",\"contentUrl\":\"https:\\\/\\\/www.bellunopress.it\\\/wp-content\\\/uploads\\\/2020\\\/01\\\/Maurizio-Acerbo.jpg\",\"width\":234,\"height\":300,\"caption\":\"Maurizio Acerbo, segretario nazionale Rifondazione Comunista\"},{\"@type\":\"BreadcrumbList\",\"@id\":\"https:\\\/\\\/www.bellunopress.it\\\/2020\\\/04\\\/20\\\/cosa-aspetta-il-governo-italiano-a-fare-propria-la-proposta-avanzata-dal-premier-spagnolo\\\/#breadcrumb\",\"itemListElement\":[{\"@type\":\"ListItem\",\"position\":1,\"name\":\"Home\",\"item\":\"https:\\\/\\\/www.bellunopress.it\\\/\"},{\"@type\":\"ListItem\",\"position\":2,\"name\":\"Cosa aspetta il governo italiano a fare propria la proposta avanzata dal premier spagnolo?\"}]},{\"@type\":\"WebSite\",\"@id\":\"https:\\\/\\\/www.bellunopress.it\\\/#website\",\"url\":\"https:\\\/\\\/www.bellunopress.it\\\/\",\"name\":\"Bellunopress - Dolomiti\",\"description\":\"e-mail: redazione@bellunopress.it\",\"publisher\":{\"@id\":\"https:\\\/\\\/www.bellunopress.it\\\/#organization\"},\"potentialAction\":[{\"@type\":\"SearchAction\",\"target\":{\"@type\":\"EntryPoint\",\"urlTemplate\":\"https:\\\/\\\/www.bellunopress.it\\\/?s={search_term_string}\"},\"query-input\":{\"@type\":\"PropertyValueSpecification\",\"valueRequired\":true,\"valueName\":\"search_term_string\"}}],\"inLanguage\":\"fr-FR\"},{\"@type\":\"Organization\",\"@id\":\"https:\\\/\\\/www.bellunopress.it\\\/#organization\",\"name\":\"Bellunopress\",\"url\":\"https:\\\/\\\/www.bellunopress.it\\\/\",\"logo\":{\"@type\":\"ImageObject\",\"inLanguage\":\"fr-FR\",\"@id\":\"https:\\\/\\\/www.bellunopress.it\\\/#\\\/schema\\\/logo\\\/image\\\/\",\"url\":\"https:\\\/\\\/www.bellunopress.it\\\/wp-content\\\/uploads\\\/2011\\\/05\\\/cropped-logo-bellunopress-.jpg\",\"contentUrl\":\"https:\\\/\\\/www.bellunopress.it\\\/wp-content\\\/uploads\\\/2011\\\/05\\\/cropped-logo-bellunopress-.jpg\",\"width\":512,\"height\":512,\"caption\":\"Bellunopress\"},\"image\":{\"@id\":\"https:\\\/\\\/www.bellunopress.it\\\/#\\\/schema\\\/logo\\\/image\\\/\"},\"sameAs\":[\"https:\\\/\\\/www.facebook.com\\\/profile.php?id=100008943462799\",\"https:\\\/\\\/x.com\\\/bellunopress\",\"https:\\\/\\\/www.linkedin.com\\\/hp\\\/?dnr=JBzUWaJfMUw8vbXJJ2tVW5-I3jZKvC4wsoxE&amp;amp;amp;amp;amp;amp;trk=nav_responsive_tab_home\",\"https:\\\/\\\/www.youtube.com\\\/channel\\\/UCxL0wu1uN0_3_7hGG0306cw\"]},{\"@type\":\"Person\",\"@id\":\"https:\\\/\\\/www.bellunopress.it\\\/#\\\/schema\\\/person\\\/79bb06722b37ece1c03d3e94beb30d73\",\"name\":\"redazione\",\"image\":{\"@type\":\"ImageObject\",\"inLanguage\":\"fr-FR\",\"@id\":\"https:\\\/\\\/secure.gravatar.com\\\/avatar\\\/37d968a2e67a6fd04c169c4bdef102d0bc5d31b2546345219e348575eb80e9a0?s=96&d=mm&r=g\",\"url\":\"https:\\\/\\\/secure.gravatar.com\\\/avatar\\\/37d968a2e67a6fd04c169c4bdef102d0bc5d31b2546345219e348575eb80e9a0?s=96&d=mm&r=g\",\"contentUrl\":\"https:\\\/\\\/secure.gravatar.com\\\/avatar\\\/37d968a2e67a6fd04c169c4bdef102d0bc5d31b2546345219e348575eb80e9a0?s=96&d=mm&r=g\",\"caption\":\"redazione\"},\"sameAs\":[\"http:\\\/\\\/www.bellunopress.it\",\"https:\\\/\\\/x.com\\\/bellunopress\"],\"url\":\"https:\\\/\\\/www.bellunopress.it\\\/fr\\\/author\\\/redazione\\\/\"}]}<\/script>\n<!-- \/ Yoast SEO plugin. -->","yoast_head_json":{"title":"Cosa aspetta il governo italiano a fare propria la proposta avanzata dal premier spagnolo? - Bellunopress - Dolomiti","robots":{"index":"index","follow":"follow","max-snippet":"max-snippet:-1","max-image-preview":"max-image-preview:large","max-video-preview":"max-video-preview:-1"},"canonical":"https:\/\/www.bellunopress.it\/fr\/2020\/04\/20\/cosa-aspetta-il-governo-italiano-a-fare-propria-la-proposta-avanzata-dal-premier-spagnolo\/","og_locale":"fr_FR","og_type":"article","og_title":"Cosa aspetta il governo italiano a fare propria la proposta avanzata dal premier spagnolo? - Bellunopress - Dolomiti","og_description":"E&#8217; una proposta importante quella del capo del governo spagnolo Sancez, che chiede 1.500 miliardi di euro alla BCE a favore degli stati europei, senza che tale stanziamento debba essere restituito e senza che dia luogo a debito pubblico. Una soluzione che indubbiamente avvantaggerebbe Spagna e Italia, fortemente penalizzate dall&#8217;emergenza della pandemia che attingerebbero in [&hellip;]","og_url":"https:\/\/www.bellunopress.it\/fr\/2020\/04\/20\/cosa-aspetta-il-governo-italiano-a-fare-propria-la-proposta-avanzata-dal-premier-spagnolo\/","og_site_name":"Bellunopress - Dolomiti","article_publisher":"https:\/\/www.facebook.com\/profile.php?id=100008943462799","article_published_time":"2020-04-20T19:59:12+00:00","og_image":[{"width":234,"height":300,"url":"https:\/\/www.bellunopress.it\/wp-content\/uploads\/2020\/01\/Maurizio-Acerbo.jpg","type":"image\/jpeg"}],"author":"redazione","twitter_card":"summary_large_image","twitter_creator":"@bellunopress","twitter_site":"@bellunopress","twitter_misc":{"Written by":"redazione","Est. reading time":"1 minute"},"schema":{"@context":"https:\/\/schema.org","@graph":[{"@type":"Article","@id":"https:\/\/www.bellunopress.it\/2020\/04\/20\/cosa-aspetta-il-governo-italiano-a-fare-propria-la-proposta-avanzata-dal-premier-spagnolo\/#article","isPartOf":{"@id":"https:\/\/www.bellunopress.it\/2020\/04\/20\/cosa-aspetta-il-governo-italiano-a-fare-propria-la-proposta-avanzata-dal-premier-spagnolo\/"},"author":{"name":"redazione","@id":"https:\/\/www.bellunopress.it\/#\/schema\/person\/79bb06722b37ece1c03d3e94beb30d73"},"headline":"Cosa aspetta il governo italiano a fare propria la proposta avanzata dal premier spagnolo?","datePublished":"2020-04-20T19:59:12+00:00","mainEntityOfPage":{"@id":"https:\/\/www.bellunopress.it\/2020\/04\/20\/cosa-aspetta-il-governo-italiano-a-fare-propria-la-proposta-avanzata-dal-premier-spagnolo\/"},"wordCount":223,"publisher":{"@id":"https:\/\/www.bellunopress.it\/#organization"},"image":{"@id":"https:\/\/www.bellunopress.it\/2020\/04\/20\/cosa-aspetta-il-governo-italiano-a-fare-propria-la-proposta-avanzata-dal-premier-spagnolo\/#primaryimage"},"thumbnailUrl":"https:\/\/www.bellunopress.it\/wp-content\/uploads\/2020\/01\/Maurizio-Acerbo.jpg","articleSection":["Cronaca\/Politica","Prima Pagina"],"inLanguage":"fr-FR"},{"@type":"WebPage","@id":"https:\/\/www.bellunopress.it\/2020\/04\/20\/cosa-aspetta-il-governo-italiano-a-fare-propria-la-proposta-avanzata-dal-premier-spagnolo\/","url":"https:\/\/www.bellunopress.it\/2020\/04\/20\/cosa-aspetta-il-governo-italiano-a-fare-propria-la-proposta-avanzata-dal-premier-spagnolo\/","name":"Cosa aspetta il governo italiano a fare propria la proposta avanzata dal premier spagnolo? - Bellunopress - Dolomiti","isPartOf":{"@id":"https:\/\/www.bellunopress.it\/#website"},"primaryImageOfPage":{"@id":"https:\/\/www.bellunopress.it\/2020\/04\/20\/cosa-aspetta-il-governo-italiano-a-fare-propria-la-proposta-avanzata-dal-premier-spagnolo\/#primaryimage"},"image":{"@id":"https:\/\/www.bellunopress.it\/2020\/04\/20\/cosa-aspetta-il-governo-italiano-a-fare-propria-la-proposta-avanzata-dal-premier-spagnolo\/#primaryimage"},"thumbnailUrl":"https:\/\/www.bellunopress.it\/wp-content\/uploads\/2020\/01\/Maurizio-Acerbo.jpg","datePublished":"2020-04-20T19:59:12+00:00","breadcrumb":{"@id":"https:\/\/www.bellunopress.it\/2020\/04\/20\/cosa-aspetta-il-governo-italiano-a-fare-propria-la-proposta-avanzata-dal-premier-spagnolo\/#breadcrumb"},"inLanguage":"fr-FR","potentialAction":[{"@type":"ReadAction","target":["https:\/\/www.bellunopress.it\/2020\/04\/20\/cosa-aspetta-il-governo-italiano-a-fare-propria-la-proposta-avanzata-dal-premier-spagnolo\/"]}]},{"@type":"ImageObject","inLanguage":"fr-FR","@id":"https:\/\/www.bellunopress.it\/2020\/04\/20\/cosa-aspetta-il-governo-italiano-a-fare-propria-la-proposta-avanzata-dal-premier-spagnolo\/#primaryimage","url":"https:\/\/www.bellunopress.it\/wp-content\/uploads\/2020\/01\/Maurizio-Acerbo.jpg","contentUrl":"https:\/\/www.bellunopress.it\/wp-content\/uploads\/2020\/01\/Maurizio-Acerbo.jpg","width":234,"height":300,"caption":"Maurizio Acerbo, segretario nazionale Rifondazione Comunista"},{"@type":"BreadcrumbList","@id":"https:\/\/www.bellunopress.it\/2020\/04\/20\/cosa-aspetta-il-governo-italiano-a-fare-propria-la-proposta-avanzata-dal-premier-spagnolo\/#breadcrumb","itemListElement":[{"@type":"ListItem","position":1,"name":"Home","item":"https:\/\/www.bellunopress.it\/"},{"@type":"ListItem","position":2,"name":"Cosa aspetta il governo italiano a fare propria la proposta avanzata dal premier spagnolo?"}]},{"@type":"WebSite","@id":"https:\/\/www.bellunopress.it\/#website","url":"https:\/\/www.bellunopress.it\/","name":"Bellunopress - Dolomiti","description":"e-mail: redazione@bellunopress.it","publisher":{"@id":"https:\/\/www.bellunopress.it\/#organization"},"potentialAction":[{"@type":"SearchAction","target":{"@type":"EntryPoint","urlTemplate":"https:\/\/www.bellunopress.it\/?s={search_term_string}"},"query-input":{"@type":"PropertyValueSpecification","valueRequired":true,"valueName":"search_term_string"}}],"inLanguage":"fr-FR"},{"@type":"Organization","@id":"https:\/\/www.bellunopress.it\/#organization","name":"Bellunopress","url":"https:\/\/www.bellunopress.it\/","logo":{"@type":"ImageObject","inLanguage":"fr-FR","@id":"https:\/\/www.bellunopress.it\/#\/schema\/logo\/image\/","url":"https:\/\/www.bellunopress.it\/wp-content\/uploads\/2011\/05\/cropped-logo-bellunopress-.jpg","contentUrl":"https:\/\/www.bellunopress.it\/wp-content\/uploads\/2011\/05\/cropped-logo-bellunopress-.jpg","width":512,"height":512,"caption":"Bellunopress"},"image":{"@id":"https:\/\/www.bellunopress.it\/#\/schema\/logo\/image\/"},"sameAs":["https:\/\/www.facebook.com\/profile.php?id=100008943462799","https:\/\/x.com\/bellunopress","https:\/\/www.linkedin.com\/hp\/?dnr=JBzUWaJfMUw8vbXJJ2tVW5-I3jZKvC4wsoxE&amp;amp;amp;amp;amp;amp;trk=nav_responsive_tab_home","https:\/\/www.youtube.com\/channel\/UCxL0wu1uN0_3_7hGG0306cw"]},{"@type":"Person","@id":"https:\/\/www.bellunopress.it\/#\/schema\/person\/79bb06722b37ece1c03d3e94beb30d73","name":"r\u00e9daction","image":{"@type":"ImageObject","inLanguage":"fr-FR","@id":"https:\/\/secure.gravatar.com\/avatar\/37d968a2e67a6fd04c169c4bdef102d0bc5d31b2546345219e348575eb80e9a0?s=96&d=mm&r=g","url":"https:\/\/secure.gravatar.com\/avatar\/37d968a2e67a6fd04c169c4bdef102d0bc5d31b2546345219e348575eb80e9a0?s=96&d=mm&r=g","contentUrl":"https:\/\/secure.gravatar.com\/avatar\/37d968a2e67a6fd04c169c4bdef102d0bc5d31b2546345219e348575eb80e9a0?s=96&d=mm&r=g","caption":"redazione"},"sameAs":["http:\/\/www.bellunopress.it","https:\/\/x.com\/bellunopress"],"url":"https:\/\/www.bellunopress.it\/fr\/author\/redazione\/"}]}},"_links":{"self":[{"href":"https:\/\/www.bellunopress.it\/fr\/wp-json\/wp\/v2\/posts\/113921","targetHints":{"allow":["GET"]}}],"collection":[{"href":"https:\/\/www.bellunopress.it\/fr\/wp-json\/wp\/v2\/posts"}],"about":[{"href":"https:\/\/www.bellunopress.it\/fr\/wp-json\/wp\/v2\/types\/post"}],"author":[{"embeddable":true,"href":"https:\/\/www.bellunopress.it\/fr\/wp-json\/wp\/v2\/users\/2"}],"replies":[{"embeddable":true,"href":"https:\/\/www.bellunopress.it\/fr\/wp-json\/wp\/v2\/comments?post=113921"}],"version-history":[{"count":1,"href":"https:\/\/www.bellunopress.it\/fr\/wp-json\/wp\/v2\/posts\/113921\/revisions"}],"predecessor-version":[{"id":113922,"href":"https:\/\/www.bellunopress.it\/fr\/wp-json\/wp\/v2\/posts\/113921\/revisions\/113922"}],"wp:featuredmedia":[{"embeddable":true,"href":"https:\/\/www.bellunopress.it\/fr\/wp-json\/wp\/v2\/media\/110944"}],"wp:attachment":[{"href":"https:\/\/www.bellunopress.it\/fr\/wp-json\/wp\/v2\/media?parent=113921"}],"wp:term":[{"taxonomy":"category","embeddable":true,"href":"https:\/\/www.bellunopress.it\/fr\/wp-json\/wp\/v2\/categories?post=113921"},{"taxonomy":"post_tag","embeddable":true,"href":"https:\/\/www.bellunopress.it\/fr\/wp-json\/wp\/v2\/tags?post=113921"}],"curies":[{"name":"wp","href":"https:\/\/api.w.org\/{rel}","templated":true}]}}