{"id":113911,"date":"2020-04-20T18:11:32","date_gmt":"2020-04-20T16:11:32","guid":{"rendered":"http:\/\/www.bellunopress.it\/?p=113911"},"modified":"2020-04-20T18:11:33","modified_gmt":"2020-04-20T16:11:33","slug":"martedi-a-feltre-apre-il-mercato-allaperto-solo-per-i-residenti-dalle-ore-8-alle-13","status":"publish","type":"post","link":"https:\/\/www.bellunopress.it\/fr\/2020\/04\/20\/martedi-a-feltre-apre-il-mercato-allaperto-solo-per-i-residenti-dalle-ore-8-alle-13\/","title":{"rendered":"Marted\u00ec a Feltre apre il mercato all&#8217;aperto. Solo per i residenti, dalle ore 8 alle 13"},"content":{"rendered":"<p><a href=\"http:\/\/www.bellunopress.it\/fr\/2020\/04\/20\/martedi-a-feltre-apre-il-mercato-allaperto-solo-per-i-residenti-dalle-ore-8-alle-13\/citta-di-feltre_edited\/\" rel=\"attachment wp-att-113912\"><img loading=\"lazy\" decoding=\"async\" class=\"alignleft size-full wp-image-113912\" src=\"http:\/\/www.bellunopress.it\/wp-content\/uploads\/2020\/04\/citt\u00e0-di-Feltre_edited.jpg\" alt=\"\" width=\"449\" height=\"519\" srcset=\"https:\/\/www.bellunopress.it\/wp-content\/uploads\/2020\/04\/citt\u00e0-di-Feltre_edited.jpg 449w, https:\/\/www.bellunopress.it\/wp-content\/uploads\/2020\/04\/citt\u00e0-di-Feltre_edited-433x500.jpg 433w, https:\/\/www.bellunopress.it\/wp-content\/uploads\/2020\/04\/citt\u00e0-di-Feltre_edited-363x420.jpg 363w\" sizes=\"auto, (max-width: 449px) 100vw, 449px\" \/><\/a>Approvato a Feltre il Piano Straordinario per il mercato del marted\u00ec, che ricalca quello gi\u00e0 adottato per il mercato del venerd\u00ec.<br \/>\nAl mercato di marted\u00ec 21 aprile hanno dato adesione 17 commercianti ambulanti.<br \/>\nIl mercato si terr\u00e0 con le medesime misure di sicurezza e distanziamento sociale gi\u00e0 messe in atto venerd\u00ec scorso.<\/p>\n<p>Il Piano trover\u00e0 puntuale esecuzione secondo le indicazioni del personale di Polizia Locale che sar\u00e0 coadiuvato dai Volontari di Protezione civile comunale e dagli operatori commerciali presenti<\/p>\n<p>La violazione delle disposizioni in essa contenute comporta l&#8217;applicazione delle sanzioni di cui all&#8217;articolo 4 del decreto legge 25 marzo 2020 numero 19, ovvero la sanzione amministrativa del pagamento di una somma da euro 400 a euro 3.000;<\/p>\n<p>Ecco le principali regole:<\/p>\n<p>L\u2019attivit\u00e0 di vendita avr\u00e0 inizio dalle ore 8.00 e terminer\u00e0 alle ore 13.00.<br \/>\nEntro le ore 14.00 tutti i concessionari di posteggio debbono comunque avere sgomberato l\u2019intera area di mercato.<\/p>\n<p>Sono ammessi esclusivamente gli operatori che vendono generi alimentari gi\u00e0 titolari presso il mercato di riferimento di autorizzazione\/comunicazione\/concessione posteggio, nonch\u00e9 gli operatori precari venditori di generi alimentari\/produttori agricoli gi\u00e0 inseriti nella graduatoria comunale alla data del 23 febbraio 2020.<\/p>\n<p>L\u2019accesso all\u2019area mercatale \u00e8 contingentato e consentito ai soli clienti, residenti in Comune di Feltre, dotati di mascherine protettive e guanti monouso.<\/p>\n<p>Il numero massimo di persone che possono accedere contemporaneamente all\u2019area mercatale dev&#8217;essere pari al triplo rispetto al numero di banchi presenti (es. se vi sono 10 banchi presenti, possono accedere all\u2019area al massimo 30 persone).<\/p>\n<p>E&#8217; consentito l\u2019accesso contemporaneo all&#8217;area mercatale di un solo componente per nucleo familiare, fatte salve situazioni di accompagnamento o vigilanza (minori, persone non autosufficienti, etc).<\/p>\n<p>Tra un banco e l\u2019altro dovr\u00e0 essere mantenuta la distanza di almeno due metri.<\/p>\n<p>&nbsp;<\/p>","protected":false},"excerpt":{"rendered":"<p>Approvato a Feltre il Piano Straordinario per il mercato del marted\u00ec, che ricalca quello gi\u00e0 adottato per il mercato del venerd\u00ec. Al mercato di marted\u00ec 21 aprile hanno dato adesione 17 commercianti ambulanti. Il mercato si terr\u00e0 con le medesime misure di sicurezza e distanziamento sociale gi\u00e0 messe in atto venerd\u00ec scorso. Il Piano trover\u00e0 [&hellip;]<\/p>\n","protected":false},"author":2,"featured_media":113912,"comment_status":"closed","ping_status":"open","sticky":false,"template":"","format":"standard","meta":{"footnotes":""},"categories":[25,8],"tags":[],"class_list":["post-113911","post","type-post","status-publish","format-standard","has-post-thumbnail","category-pausa-caffe","category-societa-istituzioni"],"yoast_head":"<!-- This site is optimized with the Yoast SEO plugin v28.4 - https:\/\/yoast.com\/product\/yoast-seo-wordpress\/ -->\n<title>Marted\u00ec a Feltre apre il mercato all&#039;aperto. Solo per i residenti, dalle ore 8 alle 13 - Bellunopress - Dolomiti<\/title>\n<meta name=\"robots\" content=\"index, follow, max-snippet:-1, max-image-preview:large, max-video-preview:-1\" \/>\n<link rel=\"canonical\" href=\"https:\/\/www.bellunopress.it\/fr\/2020\/04\/20\/martedi-a-feltre-apre-il-mercato-allaperto-solo-per-i-residenti-dalle-ore-8-alle-13\/\" \/>\n<meta property=\"og:locale\" content=\"fr_FR\" \/>\n<meta property=\"og:type\" content=\"article\" \/>\n<meta property=\"og:title\" content=\"Marted\u00ec a Feltre apre il mercato all&#039;aperto. Solo per i residenti, dalle ore 8 alle 13 - Bellunopress - Dolomiti\" \/>\n<meta property=\"og:description\" content=\"Approvato a Feltre il Piano Straordinario per il mercato del marted\u00ec, che ricalca quello gi\u00e0 adottato per il mercato del venerd\u00ec. Al mercato di marted\u00ec 21 aprile hanno dato adesione 17 commercianti ambulanti. Il mercato si terr\u00e0 con le medesime misure di sicurezza e distanziamento sociale gi\u00e0 messe in atto venerd\u00ec scorso. Il Piano trover\u00e0 [&hellip;]\" \/>\n<meta property=\"og:url\" content=\"https:\/\/www.bellunopress.it\/fr\/2020\/04\/20\/martedi-a-feltre-apre-il-mercato-allaperto-solo-per-i-residenti-dalle-ore-8-alle-13\/\" \/>\n<meta property=\"og:site_name\" content=\"Bellunopress - Dolomiti\" \/>\n<meta property=\"article:publisher\" content=\"https:\/\/www.facebook.com\/profile.php?id=100008943462799\" \/>\n<meta property=\"article:published_time\" content=\"2020-04-20T16:11:32+00:00\" \/>\n<meta property=\"article:modified_time\" content=\"2020-04-20T16:11:33+00:00\" \/>\n<meta property=\"og:image\" content=\"https:\/\/www.bellunopress.it\/wp-content\/uploads\/2020\/04\/citt\u00e0-di-Feltre_edited.jpg\" \/>\n\t<meta property=\"og:image:width\" content=\"449\" \/>\n\t<meta property=\"og:image:height\" content=\"519\" \/>\n\t<meta property=\"og:image:type\" content=\"image\/jpeg\" \/>\n<meta name=\"author\" content=\"redazione\" \/>\n<meta name=\"twitter:card\" content=\"summary_large_image\" \/>\n<meta name=\"twitter:creator\" content=\"@bellunopress\" \/>\n<meta name=\"twitter:site\" content=\"@bellunopress\" \/>\n<meta name=\"twitter:label1\" content=\"Written by\" \/>\n\t<meta name=\"twitter:data1\" content=\"redazione\" \/>\n\t<meta name=\"twitter:label2\" content=\"Est. reading time\" \/>\n\t<meta name=\"twitter:data2\" content=\"1 minute\" \/>\n<script type=\"application\/ld+json\" class=\"yoast-schema-graph\">{\"@context\":\"https:\\\/\\\/schema.org\",\"@graph\":[{\"@type\":\"Article\",\"@id\":\"https:\\\/\\\/www.bellunopress.it\\\/2020\\\/04\\\/20\\\/martedi-a-feltre-apre-il-mercato-allaperto-solo-per-i-residenti-dalle-ore-8-alle-13\\\/#article\",\"isPartOf\":{\"@id\":\"https:\\\/\\\/www.bellunopress.it\\\/2020\\\/04\\\/20\\\/martedi-a-feltre-apre-il-mercato-allaperto-solo-per-i-residenti-dalle-ore-8-alle-13\\\/\"},\"author\":{\"name\":\"redazione\",\"@id\":\"https:\\\/\\\/www.bellunopress.it\\\/#\\\/schema\\\/person\\\/79bb06722b37ece1c03d3e94beb30d73\"},\"headline\":\"Marted\u00ec a Feltre apre il mercato all&#8217;aperto. Solo per i residenti, dalle ore 8 alle 13\",\"datePublished\":\"2020-04-20T16:11:32+00:00\",\"dateModified\":\"2020-04-20T16:11:33+00:00\",\"mainEntityOfPage\":{\"@id\":\"https:\\\/\\\/www.bellunopress.it\\\/2020\\\/04\\\/20\\\/martedi-a-feltre-apre-il-mercato-allaperto-solo-per-i-residenti-dalle-ore-8-alle-13\\\/\"},\"wordCount\":301,\"publisher\":{\"@id\":\"https:\\\/\\\/www.bellunopress.it\\\/#organization\"},\"image\":{\"@id\":\"https:\\\/\\\/www.bellunopress.it\\\/2020\\\/04\\\/20\\\/martedi-a-feltre-apre-il-mercato-allaperto-solo-per-i-residenti-dalle-ore-8-alle-13\\\/#primaryimage\"},\"thumbnailUrl\":\"https:\\\/\\\/www.bellunopress.it\\\/wp-content\\\/uploads\\\/2020\\\/04\\\/citt\u00e0-di-Feltre_edited.jpg\",\"articleSection\":[\"Pausa Caff\u00e8\",\"Societ\u00e0, Associazioni, Istituzioni\"],\"inLanguage\":\"fr-FR\"},{\"@type\":\"WebPage\",\"@id\":\"https:\\\/\\\/www.bellunopress.it\\\/2020\\\/04\\\/20\\\/martedi-a-feltre-apre-il-mercato-allaperto-solo-per-i-residenti-dalle-ore-8-alle-13\\\/\",\"url\":\"https:\\\/\\\/www.bellunopress.it\\\/2020\\\/04\\\/20\\\/martedi-a-feltre-apre-il-mercato-allaperto-solo-per-i-residenti-dalle-ore-8-alle-13\\\/\",\"name\":\"Marted\u00ec a Feltre apre il mercato all'aperto. Solo per i residenti, dalle ore 8 alle 13 - Bellunopress - Dolomiti\",\"isPartOf\":{\"@id\":\"https:\\\/\\\/www.bellunopress.it\\\/#website\"},\"primaryImageOfPage\":{\"@id\":\"https:\\\/\\\/www.bellunopress.it\\\/2020\\\/04\\\/20\\\/martedi-a-feltre-apre-il-mercato-allaperto-solo-per-i-residenti-dalle-ore-8-alle-13\\\/#primaryimage\"},\"image\":{\"@id\":\"https:\\\/\\\/www.bellunopress.it\\\/2020\\\/04\\\/20\\\/martedi-a-feltre-apre-il-mercato-allaperto-solo-per-i-residenti-dalle-ore-8-alle-13\\\/#primaryimage\"},\"thumbnailUrl\":\"https:\\\/\\\/www.bellunopress.it\\\/wp-content\\\/uploads\\\/2020\\\/04\\\/citt\u00e0-di-Feltre_edited.jpg\",\"datePublished\":\"2020-04-20T16:11:32+00:00\",\"dateModified\":\"2020-04-20T16:11:33+00:00\",\"breadcrumb\":{\"@id\":\"https:\\\/\\\/www.bellunopress.it\\\/2020\\\/04\\\/20\\\/martedi-a-feltre-apre-il-mercato-allaperto-solo-per-i-residenti-dalle-ore-8-alle-13\\\/#breadcrumb\"},\"inLanguage\":\"fr-FR\",\"potentialAction\":[{\"@type\":\"ReadAction\",\"target\":[\"https:\\\/\\\/www.bellunopress.it\\\/2020\\\/04\\\/20\\\/martedi-a-feltre-apre-il-mercato-allaperto-solo-per-i-residenti-dalle-ore-8-alle-13\\\/\"]}]},{\"@type\":\"ImageObject\",\"inLanguage\":\"fr-FR\",\"@id\":\"https:\\\/\\\/www.bellunopress.it\\\/2020\\\/04\\\/20\\\/martedi-a-feltre-apre-il-mercato-allaperto-solo-per-i-residenti-dalle-ore-8-alle-13\\\/#primaryimage\",\"url\":\"https:\\\/\\\/www.bellunopress.it\\\/wp-content\\\/uploads\\\/2020\\\/04\\\/citt\u00e0-di-Feltre_edited.jpg\",\"contentUrl\":\"https:\\\/\\\/www.bellunopress.it\\\/wp-content\\\/uploads\\\/2020\\\/04\\\/citt\u00e0-di-Feltre_edited.jpg\",\"width\":449,\"height\":519},{\"@type\":\"BreadcrumbList\",\"@id\":\"https:\\\/\\\/www.bellunopress.it\\\/2020\\\/04\\\/20\\\/martedi-a-feltre-apre-il-mercato-allaperto-solo-per-i-residenti-dalle-ore-8-alle-13\\\/#breadcrumb\",\"itemListElement\":[{\"@type\":\"ListItem\",\"position\":1,\"name\":\"Home\",\"item\":\"https:\\\/\\\/www.bellunopress.it\\\/\"},{\"@type\":\"ListItem\",\"position\":2,\"name\":\"Marted\u00ec a Feltre apre il mercato all&#8217;aperto. Solo per i residenti, dalle ore 8 alle 13\"}]},{\"@type\":\"WebSite\",\"@id\":\"https:\\\/\\\/www.bellunopress.it\\\/#website\",\"url\":\"https:\\\/\\\/www.bellunopress.it\\\/\",\"name\":\"Bellunopress - Dolomiti\",\"description\":\"e-mail: redazione@bellunopress.it\",\"publisher\":{\"@id\":\"https:\\\/\\\/www.bellunopress.it\\\/#organization\"},\"potentialAction\":[{\"@type\":\"SearchAction\",\"target\":{\"@type\":\"EntryPoint\",\"urlTemplate\":\"https:\\\/\\\/www.bellunopress.it\\\/?s={search_term_string}\"},\"query-input\":{\"@type\":\"PropertyValueSpecification\",\"valueRequired\":true,\"valueName\":\"search_term_string\"}}],\"inLanguage\":\"fr-FR\"},{\"@type\":\"Organization\",\"@id\":\"https:\\\/\\\/www.bellunopress.it\\\/#organization\",\"name\":\"Bellunopress\",\"url\":\"https:\\\/\\\/www.bellunopress.it\\\/\",\"logo\":{\"@type\":\"ImageObject\",\"inLanguage\":\"fr-FR\",\"@id\":\"https:\\\/\\\/www.bellunopress.it\\\/#\\\/schema\\\/logo\\\/image\\\/\",\"url\":\"https:\\\/\\\/www.bellunopress.it\\\/wp-content\\\/uploads\\\/2011\\\/05\\\/cropped-logo-bellunopress-.jpg\",\"contentUrl\":\"https:\\\/\\\/www.bellunopress.it\\\/wp-content\\\/uploads\\\/2011\\\/05\\\/cropped-logo-bellunopress-.jpg\",\"width\":512,\"height\":512,\"caption\":\"Bellunopress\"},\"image\":{\"@id\":\"https:\\\/\\\/www.bellunopress.it\\\/#\\\/schema\\\/logo\\\/image\\\/\"},\"sameAs\":[\"https:\\\/\\\/www.facebook.com\\\/profile.php?id=100008943462799\",\"https:\\\/\\\/x.com\\\/bellunopress\",\"https:\\\/\\\/www.linkedin.com\\\/hp\\\/?dnr=JBzUWaJfMUw8vbXJJ2tVW5-I3jZKvC4wsoxE&amp;amp;amp;amp;amp;amp;trk=nav_responsive_tab_home\",\"https:\\\/\\\/www.youtube.com\\\/channel\\\/UCxL0wu1uN0_3_7hGG0306cw\"]},{\"@type\":\"Person\",\"@id\":\"https:\\\/\\\/www.bellunopress.it\\\/#\\\/schema\\\/person\\\/79bb06722b37ece1c03d3e94beb30d73\",\"name\":\"redazione\",\"image\":{\"@type\":\"ImageObject\",\"inLanguage\":\"fr-FR\",\"@id\":\"https:\\\/\\\/secure.gravatar.com\\\/avatar\\\/37d968a2e67a6fd04c169c4bdef102d0bc5d31b2546345219e348575eb80e9a0?s=96&d=mm&r=g\",\"url\":\"https:\\\/\\\/secure.gravatar.com\\\/avatar\\\/37d968a2e67a6fd04c169c4bdef102d0bc5d31b2546345219e348575eb80e9a0?s=96&d=mm&r=g\",\"contentUrl\":\"https:\\\/\\\/secure.gravatar.com\\\/avatar\\\/37d968a2e67a6fd04c169c4bdef102d0bc5d31b2546345219e348575eb80e9a0?s=96&d=mm&r=g\",\"caption\":\"redazione\"},\"sameAs\":[\"http:\\\/\\\/www.bellunopress.it\",\"https:\\\/\\\/x.com\\\/bellunopress\"],\"url\":\"https:\\\/\\\/www.bellunopress.it\\\/fr\\\/author\\\/redazione\\\/\"}]}<\/script>\n<!-- \/ Yoast SEO plugin. -->","yoast_head_json":{"title":"Marted\u00ec a Feltre apre il mercato all'aperto. Solo per i residenti, dalle ore 8 alle 13 - Bellunopress - Dolomiti","robots":{"index":"index","follow":"follow","max-snippet":"max-snippet:-1","max-image-preview":"max-image-preview:large","max-video-preview":"max-video-preview:-1"},"canonical":"https:\/\/www.bellunopress.it\/fr\/2020\/04\/20\/martedi-a-feltre-apre-il-mercato-allaperto-solo-per-i-residenti-dalle-ore-8-alle-13\/","og_locale":"fr_FR","og_type":"article","og_title":"Marted\u00ec a Feltre apre il mercato all'aperto. Solo per i residenti, dalle ore 8 alle 13 - Bellunopress - Dolomiti","og_description":"Approvato a Feltre il Piano Straordinario per il mercato del marted\u00ec, che ricalca quello gi\u00e0 adottato per il mercato del venerd\u00ec. Al mercato di marted\u00ec 21 aprile hanno dato adesione 17 commercianti ambulanti. Il mercato si terr\u00e0 con le medesime misure di sicurezza e distanziamento sociale gi\u00e0 messe in atto venerd\u00ec scorso. Il Piano trover\u00e0 [&hellip;]","og_url":"https:\/\/www.bellunopress.it\/fr\/2020\/04\/20\/martedi-a-feltre-apre-il-mercato-allaperto-solo-per-i-residenti-dalle-ore-8-alle-13\/","og_site_name":"Bellunopress - Dolomiti","article_publisher":"https:\/\/www.facebook.com\/profile.php?id=100008943462799","article_published_time":"2020-04-20T16:11:32+00:00","article_modified_time":"2020-04-20T16:11:33+00:00","og_image":[{"width":449,"height":519,"url":"https:\/\/www.bellunopress.it\/wp-content\/uploads\/2020\/04\/citt\u00e0-di-Feltre_edited.jpg","type":"image\/jpeg"}],"author":"redazione","twitter_card":"summary_large_image","twitter_creator":"@bellunopress","twitter_site":"@bellunopress","twitter_misc":{"Written by":"redazione","Est. reading time":"1 minute"},"schema":{"@context":"https:\/\/schema.org","@graph":[{"@type":"Article","@id":"https:\/\/www.bellunopress.it\/2020\/04\/20\/martedi-a-feltre-apre-il-mercato-allaperto-solo-per-i-residenti-dalle-ore-8-alle-13\/#article","isPartOf":{"@id":"https:\/\/www.bellunopress.it\/2020\/04\/20\/martedi-a-feltre-apre-il-mercato-allaperto-solo-per-i-residenti-dalle-ore-8-alle-13\/"},"author":{"name":"redazione","@id":"https:\/\/www.bellunopress.it\/#\/schema\/person\/79bb06722b37ece1c03d3e94beb30d73"},"headline":"Marted\u00ec a Feltre apre il mercato all&#8217;aperto. Solo per i residenti, dalle ore 8 alle 13","datePublished":"2020-04-20T16:11:32+00:00","dateModified":"2020-04-20T16:11:33+00:00","mainEntityOfPage":{"@id":"https:\/\/www.bellunopress.it\/2020\/04\/20\/martedi-a-feltre-apre-il-mercato-allaperto-solo-per-i-residenti-dalle-ore-8-alle-13\/"},"wordCount":301,"publisher":{"@id":"https:\/\/www.bellunopress.it\/#organization"},"image":{"@id":"https:\/\/www.bellunopress.it\/2020\/04\/20\/martedi-a-feltre-apre-il-mercato-allaperto-solo-per-i-residenti-dalle-ore-8-alle-13\/#primaryimage"},"thumbnailUrl":"https:\/\/www.bellunopress.it\/wp-content\/uploads\/2020\/04\/citt\u00e0-di-Feltre_edited.jpg","articleSection":["Pausa Caff\u00e8","Societ\u00e0, Associazioni, Istituzioni"],"inLanguage":"fr-FR"},{"@type":"WebPage","@id":"https:\/\/www.bellunopress.it\/2020\/04\/20\/martedi-a-feltre-apre-il-mercato-allaperto-solo-per-i-residenti-dalle-ore-8-alle-13\/","url":"https:\/\/www.bellunopress.it\/2020\/04\/20\/martedi-a-feltre-apre-il-mercato-allaperto-solo-per-i-residenti-dalle-ore-8-alle-13\/","name":"Marted\u00ec a Feltre apre il mercato all'aperto. Solo per i residenti, dalle ore 8 alle 13 - Bellunopress - Dolomiti","isPartOf":{"@id":"https:\/\/www.bellunopress.it\/#website"},"primaryImageOfPage":{"@id":"https:\/\/www.bellunopress.it\/2020\/04\/20\/martedi-a-feltre-apre-il-mercato-allaperto-solo-per-i-residenti-dalle-ore-8-alle-13\/#primaryimage"},"image":{"@id":"https:\/\/www.bellunopress.it\/2020\/04\/20\/martedi-a-feltre-apre-il-mercato-allaperto-solo-per-i-residenti-dalle-ore-8-alle-13\/#primaryimage"},"thumbnailUrl":"https:\/\/www.bellunopress.it\/wp-content\/uploads\/2020\/04\/citt\u00e0-di-Feltre_edited.jpg","datePublished":"2020-04-20T16:11:32+00:00","dateModified":"2020-04-20T16:11:33+00:00","breadcrumb":{"@id":"https:\/\/www.bellunopress.it\/2020\/04\/20\/martedi-a-feltre-apre-il-mercato-allaperto-solo-per-i-residenti-dalle-ore-8-alle-13\/#breadcrumb"},"inLanguage":"fr-FR","potentialAction":[{"@type":"ReadAction","target":["https:\/\/www.bellunopress.it\/2020\/04\/20\/martedi-a-feltre-apre-il-mercato-allaperto-solo-per-i-residenti-dalle-ore-8-alle-13\/"]}]},{"@type":"ImageObject","inLanguage":"fr-FR","@id":"https:\/\/www.bellunopress.it\/2020\/04\/20\/martedi-a-feltre-apre-il-mercato-allaperto-solo-per-i-residenti-dalle-ore-8-alle-13\/#primaryimage","url":"https:\/\/www.bellunopress.it\/wp-content\/uploads\/2020\/04\/citt\u00e0-di-Feltre_edited.jpg","contentUrl":"https:\/\/www.bellunopress.it\/wp-content\/uploads\/2020\/04\/citt\u00e0-di-Feltre_edited.jpg","width":449,"height":519},{"@type":"BreadcrumbList","@id":"https:\/\/www.bellunopress.it\/2020\/04\/20\/martedi-a-feltre-apre-il-mercato-allaperto-solo-per-i-residenti-dalle-ore-8-alle-13\/#breadcrumb","itemListElement":[{"@type":"ListItem","position":1,"name":"Home","item":"https:\/\/www.bellunopress.it\/"},{"@type":"ListItem","position":2,"name":"Marted\u00ec a Feltre apre il mercato all&#8217;aperto. Solo per i residenti, dalle ore 8 alle 13"}]},{"@type":"WebSite","@id":"https:\/\/www.bellunopress.it\/#website","url":"https:\/\/www.bellunopress.it\/","name":"Bellunopress - Dolomiti","description":"e-mail: redazione@bellunopress.it","publisher":{"@id":"https:\/\/www.bellunopress.it\/#organization"},"potentialAction":[{"@type":"SearchAction","target":{"@type":"EntryPoint","urlTemplate":"https:\/\/www.bellunopress.it\/?s={search_term_string}"},"query-input":{"@type":"PropertyValueSpecification","valueRequired":true,"valueName":"search_term_string"}}],"inLanguage":"fr-FR"},{"@type":"Organization","@id":"https:\/\/www.bellunopress.it\/#organization","name":"Bellunopress","url":"https:\/\/www.bellunopress.it\/","logo":{"@type":"ImageObject","inLanguage":"fr-FR","@id":"https:\/\/www.bellunopress.it\/#\/schema\/logo\/image\/","url":"https:\/\/www.bellunopress.it\/wp-content\/uploads\/2011\/05\/cropped-logo-bellunopress-.jpg","contentUrl":"https:\/\/www.bellunopress.it\/wp-content\/uploads\/2011\/05\/cropped-logo-bellunopress-.jpg","width":512,"height":512,"caption":"Bellunopress"},"image":{"@id":"https:\/\/www.bellunopress.it\/#\/schema\/logo\/image\/"},"sameAs":["https:\/\/www.facebook.com\/profile.php?id=100008943462799","https:\/\/x.com\/bellunopress","https:\/\/www.linkedin.com\/hp\/?dnr=JBzUWaJfMUw8vbXJJ2tVW5-I3jZKvC4wsoxE&amp;amp;amp;amp;amp;amp;trk=nav_responsive_tab_home","https:\/\/www.youtube.com\/channel\/UCxL0wu1uN0_3_7hGG0306cw"]},{"@type":"Person","@id":"https:\/\/www.bellunopress.it\/#\/schema\/person\/79bb06722b37ece1c03d3e94beb30d73","name":"r\u00e9daction","image":{"@type":"ImageObject","inLanguage":"fr-FR","@id":"https:\/\/secure.gravatar.com\/avatar\/37d968a2e67a6fd04c169c4bdef102d0bc5d31b2546345219e348575eb80e9a0?s=96&d=mm&r=g","url":"https:\/\/secure.gravatar.com\/avatar\/37d968a2e67a6fd04c169c4bdef102d0bc5d31b2546345219e348575eb80e9a0?s=96&d=mm&r=g","contentUrl":"https:\/\/secure.gravatar.com\/avatar\/37d968a2e67a6fd04c169c4bdef102d0bc5d31b2546345219e348575eb80e9a0?s=96&d=mm&r=g","caption":"redazione"},"sameAs":["http:\/\/www.bellunopress.it","https:\/\/x.com\/bellunopress"],"url":"https:\/\/www.bellunopress.it\/fr\/author\/redazione\/"}]}},"_links":{"self":[{"href":"https:\/\/www.bellunopress.it\/fr\/wp-json\/wp\/v2\/posts\/113911","targetHints":{"allow":["GET"]}}],"collection":[{"href":"https:\/\/www.bellunopress.it\/fr\/wp-json\/wp\/v2\/posts"}],"about":[{"href":"https:\/\/www.bellunopress.it\/fr\/wp-json\/wp\/v2\/types\/post"}],"author":[{"embeddable":true,"href":"https:\/\/www.bellunopress.it\/fr\/wp-json\/wp\/v2\/users\/2"}],"replies":[{"embeddable":true,"href":"https:\/\/www.bellunopress.it\/fr\/wp-json\/wp\/v2\/comments?post=113911"}],"version-history":[{"count":2,"href":"https:\/\/www.bellunopress.it\/fr\/wp-json\/wp\/v2\/posts\/113911\/revisions"}],"predecessor-version":[{"id":113914,"href":"https:\/\/www.bellunopress.it\/fr\/wp-json\/wp\/v2\/posts\/113911\/revisions\/113914"}],"wp:featuredmedia":[{"embeddable":true,"href":"https:\/\/www.bellunopress.it\/fr\/wp-json\/wp\/v2\/media\/113912"}],"wp:attachment":[{"href":"https:\/\/www.bellunopress.it\/fr\/wp-json\/wp\/v2\/media?parent=113911"}],"wp:term":[{"taxonomy":"category","embeddable":true,"href":"https:\/\/www.bellunopress.it\/fr\/wp-json\/wp\/v2\/categories?post=113911"},{"taxonomy":"post_tag","embeddable":true,"href":"https:\/\/www.bellunopress.it\/fr\/wp-json\/wp\/v2\/tags?post=113911"}],"curies":[{"name":"wp","href":"https:\/\/api.w.org\/{rel}","templated":true}]}}