{"id":113903,"date":"2020-04-20T11:49:49","date_gmt":"2020-04-20T09:49:49","guid":{"rendered":"http:\/\/www.bellunopress.it\/?p=113903"},"modified":"2020-04-20T11:49:50","modified_gmt":"2020-04-20T09:49:50","slug":"fiocco-rosa-al-centro-consorzi-di-sedico-nasce-la-rivista-crescere-col-centro","status":"publish","type":"post","link":"https:\/\/www.bellunopress.it\/fr\/2020\/04\/20\/fiocco-rosa-al-centro-consorzi-di-sedico-nasce-la-rivista-crescere-col-centro\/","title":{"rendered":"Fiocco rosa al Centro Consorzi di Sedico, nasce la rivista &#8220;Crescere col Centro&#8221;"},"content":{"rendered":"<p><a href=\"http:\/\/www.bellunopress.it\/fr\/2020\/04\/20\/fiocco-rosa-al-centro-consorzi-di-sedico-nasce-la-rivista-crescere-col-centro\/centro-consorzi-sedico_edited\/\" rel=\"attachment wp-att-113904\"><img loading=\"lazy\" decoding=\"async\" class=\"alignleft size-full wp-image-113904\" src=\"http:\/\/www.bellunopress.it\/wp-content\/uploads\/2020\/04\/Centro-consorzi-Sedico_edited.jpg\" alt=\"\" width=\"473\" height=\"181\" \/><\/a>Il Centro Consorzi di Sedico, noto per la quarantennale attivit\u00e0 a sostegno delle imprese e per la qualificata attivit\u00e0 formativa per giovani e adulti, ha dato alle stampe la nuova rivista: \u201cCrescere col Centro\u201d.<br \/>\n\u201cCon la nascita di questo trimestrale, affidato nella direzione all\u2019esperienza professionale e giornalistica di Edoardo Comiotto, vogliamo dare da un lato visibilit\u00e0 alle tante attivit\u00e0 che svolgiamo, dall\u2019altro fornire un nuovo strumento per incrementare la reciproca conoscenza fra le imprese creando opportunit\u00e0 collaborative e di lavoro\u201d. Cos\u00ec scrive il presidente del Centro Consorzi Antonio Manzotti nell\u2019articolo di fondo che aggiunge: \u201cIl Centro Consorzi non \u00e8, e non vuole essere, alternativo o in contrapposizione con le Organizzazioni di categoria con le quali si augura di poter collaborare e di instaurare sinergie ed opportunit\u00e0 di crescita, ma punto qualificato di riferimento per la formazione aziendale, dei professionisti, dei lavoratori autonomi e delle nuove generazioni che si affacciano sul mondo del lavoro\u201d.<\/p>\n<p>La nascita di un nuovo periodico \u00e8 sempre una buona notizia. Se l\u2019informazione sembra viaggiare sempre pi\u00f9 sulla rete, dove si trovano le notizie pi\u00f9 diverse, da quelle serie a quelle strampalate, non verificate e fake-news, un periodico \u201cmostra la faccia\u201d di chi edita e di chi scrive. C\u2019\u00e8 l\u2019assunzione di responsabilit\u00e0 della notizia e del contenuto. Ma non solo, un periodico consente approfondimenti, riscontri, ecc. che la rete, per sua natura, molto spesso non fa. I tempi di lettura di un articolo online sono di pochi minuti, una manciata di secondi per un post sui social.<br \/>\nLa struttura e lo stile del nuovo periodico sono illustrate da Edoardo Comiotto: \u201cLa rivista cercher\u00e0 di avere contenuti chiari e utili. Si caler\u00e0 nella realt\u00e0 produttiva della regione del Veneto e in particolare della provincia di Belluno raccogliendo le necessit\u00e0 e i desiderata delle aziende e delle maestranze, dei giovani che si affacciano sul mondo del lavoro e di chi si prepara scolasticamente per farlo.<br \/>\nSar\u00e0 un viaggio informativo che accompagner\u00e0 le varie iniziative e progetti del Centro nel loro percorso e sviluppo, fornir\u00e0 indicazioni e consigli utili su vari settori e argomenti e ospiter\u00e0 la voce di personalit\u00e0, esperti, tecnici, amministratori e politici del territorio. Papa Francesco ha affermato che: \u201cStranamente, non abbiamo mai avuto pi\u00f9 informazioni di adesso, ma continuiamo a non sapere che cosa succede.\u201d<br \/>\nCon semplicit\u00e0 e con spirito di servizio, il Centro Consorzi vuole fornire attraverso questo periodico non solo le informazioni che riguardano la propria attivit\u00e0, ma delle finestre conoscitive sul lavoro e sul territorio nel quale opera. Territorio ricco di bellezze naturali, di storia, di cultura, di solidariet\u00e0, di gente operosa, di operai volenterosi e di imprenditori competenti\u201d.<\/p>\n<p>Per il direttore del Centro Consorzi Michele Talo: \u201cDare una illustrazione seppur sintetica delle attivit\u00e0 che ruotano attorno al Centro Consorzi \u00e8 un compito arduo: essere un Centro servizi, come da pi\u00f9 parti viene chiamato, significa gi\u00e0 di per se porsi al servizio e quindi in attesa di richieste, di attenzione, di esigenze che scaturiscono soprattutto dal mondo delle imprese. Tutte cose che non si esauriscono ma che hanno il pregio di mutare continuamente. Gli stakeholder di questa attivit\u00e0, come oggi vengono definiti i portatori di interessi, rappresentano gi\u00e0 di per s\u00e9 un mondo variegato con un macro punto in comune che \u00e8 rappresentato dal sistema sociale. Lavorare nella formazione significa lavorare per far crescere in generale due obiettivi cardine: l\u2019educazione e le competenze. Gestioni di attivit\u00e0 e progettualit\u00e0 che hanno declinazioni continue e sviluppano settori e attivit\u00e0 che con questa iniziativa ci poniamo l\u2019obiettivo di illustrare. Proprio perch\u00e9 \u201cCrescere col Centro\u201d , \u00e8 un titolo che gi\u00e0 presuppone un movimento, una azione continua che non si ferma con il raggiungimento di una situazione, ma si pone sempre obiettivi che non prefigurano un arrivo, ma un costante \u201ccammino\u201d verso nuove frontiere e orizzonti\u201d.<br \/>\nIl primo numero della rivista contiene, infatti, un\u2019ampia visione sulle molteplici attivit\u00e0 svolte dal Centro Consorzi, dalla formazione dei giovani della Scuola del Legno, alla scuola di Estetica, dalla scuola d\u2019arte e scultura \u201cAugusto Murer\u201d, ai Corsi di qualificazione per adulti operatori del legno ed elettronico, ai corsi specialistici del settore restauro e beni culturali, all\u2019alta formazione, ai master e corsi universitari. Ampia la gamma dei corsi di formazione e aggiornamento per gli adulti che spaziano dalla sicurezza sul lavoro ai corsi online, dalla formazione per l\u2019ottenimento di specifiche competenze al \u201cLife Long learning\u201d che abbracciano l\u2019arco temporale della vita professionale delle persone. L\u2019introduzione sui vari servizi, che sono erogati dalla sede centrale di Sedico e dalle sedi periferiche Vicenza, Castelfranco Veneto e Rovigo, d\u00e0 una visione d\u2019insieme dell\u2019operativit\u00e0 del Centro. Il Centro Consorzi, oltre ad esprimere nella rivista la solidariet\u00e0 e vicinanza agli imprenditori e dipendenti per le situazioni di crisi determinata dalla pandemia Covid-19, informa sulle opportunit\u00e0 di sostegno che possono essere richieste per affrontare questo momento particolarmente difficile anche per il mondo del lavoro.<br \/>\nSe la storia dei primi quindici anni di attivit\u00e0 del Centro Consorzi \u00e8 descritta dall\u2019articolo di Paolo Garna, gli scenari della nostra Provincia sono affrontati nell\u2019intervista al presidente Roberto Padrin, le opportunit\u00e0 dei Fondi di Confine con l\u2019onorevole Roger De Menech, mentre i temi della formazione e lavoro nel Veneto con l\u2019assessore regionale Elena Donazzan.<\/p>\n<p>Completa l\u2019informazione, l\u2019inserto \u201cProgetti\u201d allegato alla rivista che fa il punto sulle interessanti iniziative attuate in collaborazione e con il sostegno di Fondi Sociali Europei, regionali e GAL: il Progetto PIAVE sui Paesaggi, Identit\u00e0, Accoglienza, Viaggio ed Esperienza, Sheep AL.L Chain sulle pecore di razza Alpagota e Lamon, Bigwood, un Interreg Italia-Austria sul settore del legno.<br \/>\nCopia della rivista pu\u00f2 essere ritirata o richiesta al Centro Consorzi in via Gresal a Sedico.<\/p>","protected":false},"excerpt":{"rendered":"<p>Il Centro Consorzi di Sedico, noto per la quarantennale attivit\u00e0 a sostegno delle imprese e per la qualificata attivit\u00e0 formativa per giovani e adulti, ha dato alle stampe la nuova rivista: \u201cCrescere col Centro\u201d. \u201cCon la nascita di questo trimestrale, affidato nella direzione all\u2019esperienza professionale e giornalistica di Edoardo Comiotto, vogliamo dare da un lato [&hellip;]<\/p>\n","protected":false},"author":2,"featured_media":113904,"comment_status":"closed","ping_status":"open","sticky":false,"template":"","format":"standard","meta":{"footnotes":""},"categories":[36,26],"tags":[],"class_list":["post-113903","post","type-post","status-publish","format-standard","has-post-thumbnail","category-lavoro-economia","category-prima-pagina"],"yoast_head":"<!-- This site is optimized with the Yoast SEO plugin v28.4 - https:\/\/yoast.com\/product\/yoast-seo-wordpress\/ -->\n<title>Fiocco rosa al Centro Consorzi di Sedico, nasce la rivista &quot;Crescere col Centro&quot; - Bellunopress - Dolomiti<\/title>\n<meta name=\"robots\" content=\"index, follow, max-snippet:-1, max-image-preview:large, max-video-preview:-1\" \/>\n<link rel=\"canonical\" href=\"https:\/\/www.bellunopress.it\/fr\/2020\/04\/20\/fiocco-rosa-al-centro-consorzi-di-sedico-nasce-la-rivista-crescere-col-centro\/\" \/>\n<meta property=\"og:locale\" content=\"fr_FR\" \/>\n<meta property=\"og:type\" content=\"article\" \/>\n<meta property=\"og:title\" content=\"Fiocco rosa al Centro Consorzi di Sedico, nasce la rivista &quot;Crescere col Centro&quot; - Bellunopress - Dolomiti\" \/>\n<meta property=\"og:description\" content=\"Il Centro Consorzi di Sedico, noto per la quarantennale attivit\u00e0 a sostegno delle imprese e per la qualificata attivit\u00e0 formativa per giovani e adulti, ha dato alle stampe la nuova rivista: \u201cCrescere col Centro\u201d. \u201cCon la nascita di questo trimestrale, affidato nella direzione all\u2019esperienza professionale e giornalistica di Edoardo Comiotto, vogliamo dare da un lato [&hellip;]\" \/>\n<meta property=\"og:url\" content=\"https:\/\/www.bellunopress.it\/fr\/2020\/04\/20\/fiocco-rosa-al-centro-consorzi-di-sedico-nasce-la-rivista-crescere-col-centro\/\" \/>\n<meta property=\"og:site_name\" content=\"Bellunopress - Dolomiti\" \/>\n<meta property=\"article:publisher\" content=\"https:\/\/www.facebook.com\/profile.php?id=100008943462799\" \/>\n<meta property=\"article:published_time\" content=\"2020-04-20T09:49:49+00:00\" \/>\n<meta property=\"article:modified_time\" content=\"2020-04-20T09:49:50+00:00\" \/>\n<meta property=\"og:image\" content=\"https:\/\/www.bellunopress.it\/wp-content\/uploads\/2020\/04\/Centro-consorzi-Sedico_edited.jpg\" \/>\n\t<meta property=\"og:image:width\" content=\"473\" \/>\n\t<meta property=\"og:image:height\" content=\"181\" \/>\n\t<meta property=\"og:image:type\" content=\"image\/jpeg\" \/>\n<meta name=\"author\" content=\"redazione\" \/>\n<meta name=\"twitter:card\" content=\"summary_large_image\" \/>\n<meta name=\"twitter:creator\" content=\"@bellunopress\" \/>\n<meta name=\"twitter:site\" content=\"@bellunopress\" \/>\n<meta name=\"twitter:label1\" content=\"Written by\" \/>\n\t<meta name=\"twitter:data1\" content=\"redazione\" \/>\n\t<meta name=\"twitter:label2\" content=\"Est. reading time\" \/>\n\t<meta name=\"twitter:data2\" content=\"5 minutes\" \/>\n<script type=\"application\/ld+json\" class=\"yoast-schema-graph\">{\"@context\":\"https:\\\/\\\/schema.org\",\"@graph\":[{\"@type\":\"Article\",\"@id\":\"https:\\\/\\\/www.bellunopress.it\\\/2020\\\/04\\\/20\\\/fiocco-rosa-al-centro-consorzi-di-sedico-nasce-la-rivista-crescere-col-centro\\\/#article\",\"isPartOf\":{\"@id\":\"https:\\\/\\\/www.bellunopress.it\\\/2020\\\/04\\\/20\\\/fiocco-rosa-al-centro-consorzi-di-sedico-nasce-la-rivista-crescere-col-centro\\\/\"},\"author\":{\"name\":\"redazione\",\"@id\":\"https:\\\/\\\/www.bellunopress.it\\\/#\\\/schema\\\/person\\\/79bb06722b37ece1c03d3e94beb30d73\"},\"headline\":\"Fiocco rosa al Centro Consorzi di Sedico, nasce la rivista &#8220;Crescere col Centro&#8221;\",\"datePublished\":\"2020-04-20T09:49:49+00:00\",\"dateModified\":\"2020-04-20T09:49:50+00:00\",\"mainEntityOfPage\":{\"@id\":\"https:\\\/\\\/www.bellunopress.it\\\/2020\\\/04\\\/20\\\/fiocco-rosa-al-centro-consorzi-di-sedico-nasce-la-rivista-crescere-col-centro\\\/\"},\"wordCount\":961,\"publisher\":{\"@id\":\"https:\\\/\\\/www.bellunopress.it\\\/#organization\"},\"image\":{\"@id\":\"https:\\\/\\\/www.bellunopress.it\\\/2020\\\/04\\\/20\\\/fiocco-rosa-al-centro-consorzi-di-sedico-nasce-la-rivista-crescere-col-centro\\\/#primaryimage\"},\"thumbnailUrl\":\"https:\\\/\\\/www.bellunopress.it\\\/wp-content\\\/uploads\\\/2020\\\/04\\\/Centro-consorzi-Sedico_edited.jpg\",\"articleSection\":[\"Lavoro, Economia, Turismo\",\"Prima Pagina\"],\"inLanguage\":\"fr-FR\"},{\"@type\":\"WebPage\",\"@id\":\"https:\\\/\\\/www.bellunopress.it\\\/2020\\\/04\\\/20\\\/fiocco-rosa-al-centro-consorzi-di-sedico-nasce-la-rivista-crescere-col-centro\\\/\",\"url\":\"https:\\\/\\\/www.bellunopress.it\\\/2020\\\/04\\\/20\\\/fiocco-rosa-al-centro-consorzi-di-sedico-nasce-la-rivista-crescere-col-centro\\\/\",\"name\":\"Fiocco rosa al Centro Consorzi di Sedico, nasce la rivista \\\"Crescere col Centro\\\" - Bellunopress - Dolomiti\",\"isPartOf\":{\"@id\":\"https:\\\/\\\/www.bellunopress.it\\\/#website\"},\"primaryImageOfPage\":{\"@id\":\"https:\\\/\\\/www.bellunopress.it\\\/2020\\\/04\\\/20\\\/fiocco-rosa-al-centro-consorzi-di-sedico-nasce-la-rivista-crescere-col-centro\\\/#primaryimage\"},\"image\":{\"@id\":\"https:\\\/\\\/www.bellunopress.it\\\/2020\\\/04\\\/20\\\/fiocco-rosa-al-centro-consorzi-di-sedico-nasce-la-rivista-crescere-col-centro\\\/#primaryimage\"},\"thumbnailUrl\":\"https:\\\/\\\/www.bellunopress.it\\\/wp-content\\\/uploads\\\/2020\\\/04\\\/Centro-consorzi-Sedico_edited.jpg\",\"datePublished\":\"2020-04-20T09:49:49+00:00\",\"dateModified\":\"2020-04-20T09:49:50+00:00\",\"breadcrumb\":{\"@id\":\"https:\\\/\\\/www.bellunopress.it\\\/2020\\\/04\\\/20\\\/fiocco-rosa-al-centro-consorzi-di-sedico-nasce-la-rivista-crescere-col-centro\\\/#breadcrumb\"},\"inLanguage\":\"fr-FR\",\"potentialAction\":[{\"@type\":\"ReadAction\",\"target\":[\"https:\\\/\\\/www.bellunopress.it\\\/2020\\\/04\\\/20\\\/fiocco-rosa-al-centro-consorzi-di-sedico-nasce-la-rivista-crescere-col-centro\\\/\"]}]},{\"@type\":\"ImageObject\",\"inLanguage\":\"fr-FR\",\"@id\":\"https:\\\/\\\/www.bellunopress.it\\\/2020\\\/04\\\/20\\\/fiocco-rosa-al-centro-consorzi-di-sedico-nasce-la-rivista-crescere-col-centro\\\/#primaryimage\",\"url\":\"https:\\\/\\\/www.bellunopress.it\\\/wp-content\\\/uploads\\\/2020\\\/04\\\/Centro-consorzi-Sedico_edited.jpg\",\"contentUrl\":\"https:\\\/\\\/www.bellunopress.it\\\/wp-content\\\/uploads\\\/2020\\\/04\\\/Centro-consorzi-Sedico_edited.jpg\",\"width\":473,\"height\":181},{\"@type\":\"BreadcrumbList\",\"@id\":\"https:\\\/\\\/www.bellunopress.it\\\/2020\\\/04\\\/20\\\/fiocco-rosa-al-centro-consorzi-di-sedico-nasce-la-rivista-crescere-col-centro\\\/#breadcrumb\",\"itemListElement\":[{\"@type\":\"ListItem\",\"position\":1,\"name\":\"Home\",\"item\":\"https:\\\/\\\/www.bellunopress.it\\\/\"},{\"@type\":\"ListItem\",\"position\":2,\"name\":\"Fiocco rosa al Centro Consorzi di Sedico, nasce la rivista &#8220;Crescere col Centro&#8221;\"}]},{\"@type\":\"WebSite\",\"@id\":\"https:\\\/\\\/www.bellunopress.it\\\/#website\",\"url\":\"https:\\\/\\\/www.bellunopress.it\\\/\",\"name\":\"Bellunopress - Dolomiti\",\"description\":\"e-mail: redazione@bellunopress.it\",\"publisher\":{\"@id\":\"https:\\\/\\\/www.bellunopress.it\\\/#organization\"},\"potentialAction\":[{\"@type\":\"SearchAction\",\"target\":{\"@type\":\"EntryPoint\",\"urlTemplate\":\"https:\\\/\\\/www.bellunopress.it\\\/?s={search_term_string}\"},\"query-input\":{\"@type\":\"PropertyValueSpecification\",\"valueRequired\":true,\"valueName\":\"search_term_string\"}}],\"inLanguage\":\"fr-FR\"},{\"@type\":\"Organization\",\"@id\":\"https:\\\/\\\/www.bellunopress.it\\\/#organization\",\"name\":\"Bellunopress\",\"url\":\"https:\\\/\\\/www.bellunopress.it\\\/\",\"logo\":{\"@type\":\"ImageObject\",\"inLanguage\":\"fr-FR\",\"@id\":\"https:\\\/\\\/www.bellunopress.it\\\/#\\\/schema\\\/logo\\\/image\\\/\",\"url\":\"https:\\\/\\\/www.bellunopress.it\\\/wp-content\\\/uploads\\\/2011\\\/05\\\/cropped-logo-bellunopress-.jpg\",\"contentUrl\":\"https:\\\/\\\/www.bellunopress.it\\\/wp-content\\\/uploads\\\/2011\\\/05\\\/cropped-logo-bellunopress-.jpg\",\"width\":512,\"height\":512,\"caption\":\"Bellunopress\"},\"image\":{\"@id\":\"https:\\\/\\\/www.bellunopress.it\\\/#\\\/schema\\\/logo\\\/image\\\/\"},\"sameAs\":[\"https:\\\/\\\/www.facebook.com\\\/profile.php?id=100008943462799\",\"https:\\\/\\\/x.com\\\/bellunopress\",\"https:\\\/\\\/www.linkedin.com\\\/hp\\\/?dnr=JBzUWaJfMUw8vbXJJ2tVW5-I3jZKvC4wsoxE&amp;amp;amp;amp;amp;amp;trk=nav_responsive_tab_home\",\"https:\\\/\\\/www.youtube.com\\\/channel\\\/UCxL0wu1uN0_3_7hGG0306cw\"]},{\"@type\":\"Person\",\"@id\":\"https:\\\/\\\/www.bellunopress.it\\\/#\\\/schema\\\/person\\\/79bb06722b37ece1c03d3e94beb30d73\",\"name\":\"redazione\",\"image\":{\"@type\":\"ImageObject\",\"inLanguage\":\"fr-FR\",\"@id\":\"https:\\\/\\\/secure.gravatar.com\\\/avatar\\\/37d968a2e67a6fd04c169c4bdef102d0bc5d31b2546345219e348575eb80e9a0?s=96&d=mm&r=g\",\"url\":\"https:\\\/\\\/secure.gravatar.com\\\/avatar\\\/37d968a2e67a6fd04c169c4bdef102d0bc5d31b2546345219e348575eb80e9a0?s=96&d=mm&r=g\",\"contentUrl\":\"https:\\\/\\\/secure.gravatar.com\\\/avatar\\\/37d968a2e67a6fd04c169c4bdef102d0bc5d31b2546345219e348575eb80e9a0?s=96&d=mm&r=g\",\"caption\":\"redazione\"},\"sameAs\":[\"http:\\\/\\\/www.bellunopress.it\",\"https:\\\/\\\/x.com\\\/bellunopress\"],\"url\":\"https:\\\/\\\/www.bellunopress.it\\\/fr\\\/author\\\/redazione\\\/\"}]}<\/script>\n<!-- \/ Yoast SEO plugin. -->","yoast_head_json":{"title":"Fiocco rosa al Centro Consorzi di Sedico, nasce la rivista \"Crescere col Centro\" - Bellunopress - Dolomiti","robots":{"index":"index","follow":"follow","max-snippet":"max-snippet:-1","max-image-preview":"max-image-preview:large","max-video-preview":"max-video-preview:-1"},"canonical":"https:\/\/www.bellunopress.it\/fr\/2020\/04\/20\/fiocco-rosa-al-centro-consorzi-di-sedico-nasce-la-rivista-crescere-col-centro\/","og_locale":"fr_FR","og_type":"article","og_title":"Fiocco rosa al Centro Consorzi di Sedico, nasce la rivista \"Crescere col Centro\" - Bellunopress - Dolomiti","og_description":"Il Centro Consorzi di Sedico, noto per la quarantennale attivit\u00e0 a sostegno delle imprese e per la qualificata attivit\u00e0 formativa per giovani e adulti, ha dato alle stampe la nuova rivista: \u201cCrescere col Centro\u201d. \u201cCon la nascita di questo trimestrale, affidato nella direzione all\u2019esperienza professionale e giornalistica di Edoardo Comiotto, vogliamo dare da un lato [&hellip;]","og_url":"https:\/\/www.bellunopress.it\/fr\/2020\/04\/20\/fiocco-rosa-al-centro-consorzi-di-sedico-nasce-la-rivista-crescere-col-centro\/","og_site_name":"Bellunopress - Dolomiti","article_publisher":"https:\/\/www.facebook.com\/profile.php?id=100008943462799","article_published_time":"2020-04-20T09:49:49+00:00","article_modified_time":"2020-04-20T09:49:50+00:00","og_image":[{"width":473,"height":181,"url":"https:\/\/www.bellunopress.it\/wp-content\/uploads\/2020\/04\/Centro-consorzi-Sedico_edited.jpg","type":"image\/jpeg"}],"author":"redazione","twitter_card":"summary_large_image","twitter_creator":"@bellunopress","twitter_site":"@bellunopress","twitter_misc":{"Written by":"redazione","Est. reading time":"5 minutes"},"schema":{"@context":"https:\/\/schema.org","@graph":[{"@type":"Article","@id":"https:\/\/www.bellunopress.it\/2020\/04\/20\/fiocco-rosa-al-centro-consorzi-di-sedico-nasce-la-rivista-crescere-col-centro\/#article","isPartOf":{"@id":"https:\/\/www.bellunopress.it\/2020\/04\/20\/fiocco-rosa-al-centro-consorzi-di-sedico-nasce-la-rivista-crescere-col-centro\/"},"author":{"name":"redazione","@id":"https:\/\/www.bellunopress.it\/#\/schema\/person\/79bb06722b37ece1c03d3e94beb30d73"},"headline":"Fiocco rosa al Centro Consorzi di Sedico, nasce la rivista &#8220;Crescere col Centro&#8221;","datePublished":"2020-04-20T09:49:49+00:00","dateModified":"2020-04-20T09:49:50+00:00","mainEntityOfPage":{"@id":"https:\/\/www.bellunopress.it\/2020\/04\/20\/fiocco-rosa-al-centro-consorzi-di-sedico-nasce-la-rivista-crescere-col-centro\/"},"wordCount":961,"publisher":{"@id":"https:\/\/www.bellunopress.it\/#organization"},"image":{"@id":"https:\/\/www.bellunopress.it\/2020\/04\/20\/fiocco-rosa-al-centro-consorzi-di-sedico-nasce-la-rivista-crescere-col-centro\/#primaryimage"},"thumbnailUrl":"https:\/\/www.bellunopress.it\/wp-content\/uploads\/2020\/04\/Centro-consorzi-Sedico_edited.jpg","articleSection":["Lavoro, Economia, Turismo","Prima Pagina"],"inLanguage":"fr-FR"},{"@type":"WebPage","@id":"https:\/\/www.bellunopress.it\/2020\/04\/20\/fiocco-rosa-al-centro-consorzi-di-sedico-nasce-la-rivista-crescere-col-centro\/","url":"https:\/\/www.bellunopress.it\/2020\/04\/20\/fiocco-rosa-al-centro-consorzi-di-sedico-nasce-la-rivista-crescere-col-centro\/","name":"Fiocco rosa al Centro Consorzi di Sedico, nasce la rivista \"Crescere col Centro\" - Bellunopress - Dolomiti","isPartOf":{"@id":"https:\/\/www.bellunopress.it\/#website"},"primaryImageOfPage":{"@id":"https:\/\/www.bellunopress.it\/2020\/04\/20\/fiocco-rosa-al-centro-consorzi-di-sedico-nasce-la-rivista-crescere-col-centro\/#primaryimage"},"image":{"@id":"https:\/\/www.bellunopress.it\/2020\/04\/20\/fiocco-rosa-al-centro-consorzi-di-sedico-nasce-la-rivista-crescere-col-centro\/#primaryimage"},"thumbnailUrl":"https:\/\/www.bellunopress.it\/wp-content\/uploads\/2020\/04\/Centro-consorzi-Sedico_edited.jpg","datePublished":"2020-04-20T09:49:49+00:00","dateModified":"2020-04-20T09:49:50+00:00","breadcrumb":{"@id":"https:\/\/www.bellunopress.it\/2020\/04\/20\/fiocco-rosa-al-centro-consorzi-di-sedico-nasce-la-rivista-crescere-col-centro\/#breadcrumb"},"inLanguage":"fr-FR","potentialAction":[{"@type":"ReadAction","target":["https:\/\/www.bellunopress.it\/2020\/04\/20\/fiocco-rosa-al-centro-consorzi-di-sedico-nasce-la-rivista-crescere-col-centro\/"]}]},{"@type":"ImageObject","inLanguage":"fr-FR","@id":"https:\/\/www.bellunopress.it\/2020\/04\/20\/fiocco-rosa-al-centro-consorzi-di-sedico-nasce-la-rivista-crescere-col-centro\/#primaryimage","url":"https:\/\/www.bellunopress.it\/wp-content\/uploads\/2020\/04\/Centro-consorzi-Sedico_edited.jpg","contentUrl":"https:\/\/www.bellunopress.it\/wp-content\/uploads\/2020\/04\/Centro-consorzi-Sedico_edited.jpg","width":473,"height":181},{"@type":"BreadcrumbList","@id":"https:\/\/www.bellunopress.it\/2020\/04\/20\/fiocco-rosa-al-centro-consorzi-di-sedico-nasce-la-rivista-crescere-col-centro\/#breadcrumb","itemListElement":[{"@type":"ListItem","position":1,"name":"Home","item":"https:\/\/www.bellunopress.it\/"},{"@type":"ListItem","position":2,"name":"Fiocco rosa al Centro Consorzi di Sedico, nasce la rivista &#8220;Crescere col Centro&#8221;"}]},{"@type":"WebSite","@id":"https:\/\/www.bellunopress.it\/#website","url":"https:\/\/www.bellunopress.it\/","name":"Bellunopress - Dolomiti","description":"e-mail: redazione@bellunopress.it","publisher":{"@id":"https:\/\/www.bellunopress.it\/#organization"},"potentialAction":[{"@type":"SearchAction","target":{"@type":"EntryPoint","urlTemplate":"https:\/\/www.bellunopress.it\/?s={search_term_string}"},"query-input":{"@type":"PropertyValueSpecification","valueRequired":true,"valueName":"search_term_string"}}],"inLanguage":"fr-FR"},{"@type":"Organization","@id":"https:\/\/www.bellunopress.it\/#organization","name":"Bellunopress","url":"https:\/\/www.bellunopress.it\/","logo":{"@type":"ImageObject","inLanguage":"fr-FR","@id":"https:\/\/www.bellunopress.it\/#\/schema\/logo\/image\/","url":"https:\/\/www.bellunopress.it\/wp-content\/uploads\/2011\/05\/cropped-logo-bellunopress-.jpg","contentUrl":"https:\/\/www.bellunopress.it\/wp-content\/uploads\/2011\/05\/cropped-logo-bellunopress-.jpg","width":512,"height":512,"caption":"Bellunopress"},"image":{"@id":"https:\/\/www.bellunopress.it\/#\/schema\/logo\/image\/"},"sameAs":["https:\/\/www.facebook.com\/profile.php?id=100008943462799","https:\/\/x.com\/bellunopress","https:\/\/www.linkedin.com\/hp\/?dnr=JBzUWaJfMUw8vbXJJ2tVW5-I3jZKvC4wsoxE&amp;amp;amp;amp;amp;amp;trk=nav_responsive_tab_home","https:\/\/www.youtube.com\/channel\/UCxL0wu1uN0_3_7hGG0306cw"]},{"@type":"Person","@id":"https:\/\/www.bellunopress.it\/#\/schema\/person\/79bb06722b37ece1c03d3e94beb30d73","name":"r\u00e9daction","image":{"@type":"ImageObject","inLanguage":"fr-FR","@id":"https:\/\/secure.gravatar.com\/avatar\/37d968a2e67a6fd04c169c4bdef102d0bc5d31b2546345219e348575eb80e9a0?s=96&d=mm&r=g","url":"https:\/\/secure.gravatar.com\/avatar\/37d968a2e67a6fd04c169c4bdef102d0bc5d31b2546345219e348575eb80e9a0?s=96&d=mm&r=g","contentUrl":"https:\/\/secure.gravatar.com\/avatar\/37d968a2e67a6fd04c169c4bdef102d0bc5d31b2546345219e348575eb80e9a0?s=96&d=mm&r=g","caption":"redazione"},"sameAs":["http:\/\/www.bellunopress.it","https:\/\/x.com\/bellunopress"],"url":"https:\/\/www.bellunopress.it\/fr\/author\/redazione\/"}]}},"_links":{"self":[{"href":"https:\/\/www.bellunopress.it\/fr\/wp-json\/wp\/v2\/posts\/113903","targetHints":{"allow":["GET"]}}],"collection":[{"href":"https:\/\/www.bellunopress.it\/fr\/wp-json\/wp\/v2\/posts"}],"about":[{"href":"https:\/\/www.bellunopress.it\/fr\/wp-json\/wp\/v2\/types\/post"}],"author":[{"embeddable":true,"href":"https:\/\/www.bellunopress.it\/fr\/wp-json\/wp\/v2\/users\/2"}],"replies":[{"embeddable":true,"href":"https:\/\/www.bellunopress.it\/fr\/wp-json\/wp\/v2\/comments?post=113903"}],"version-history":[{"count":2,"href":"https:\/\/www.bellunopress.it\/fr\/wp-json\/wp\/v2\/posts\/113903\/revisions"}],"predecessor-version":[{"id":113906,"href":"https:\/\/www.bellunopress.it\/fr\/wp-json\/wp\/v2\/posts\/113903\/revisions\/113906"}],"wp:featuredmedia":[{"embeddable":true,"href":"https:\/\/www.bellunopress.it\/fr\/wp-json\/wp\/v2\/media\/113904"}],"wp:attachment":[{"href":"https:\/\/www.bellunopress.it\/fr\/wp-json\/wp\/v2\/media?parent=113903"}],"wp:term":[{"taxonomy":"category","embeddable":true,"href":"https:\/\/www.bellunopress.it\/fr\/wp-json\/wp\/v2\/categories?post=113903"},{"taxonomy":"post_tag","embeddable":true,"href":"https:\/\/www.bellunopress.it\/fr\/wp-json\/wp\/v2\/tags?post=113903"}],"curies":[{"name":"wp","href":"https:\/\/api.w.org\/{rel}","templated":true}]}}