{"id":113899,"date":"2020-04-20T11:31:10","date_gmt":"2020-04-20T09:31:10","guid":{"rendered":"http:\/\/www.bellunopress.it\/?p=113899"},"modified":"2020-04-20T11:31:11","modified_gmt":"2020-04-20T09:31:11","slug":"sport-la-formazione-non-si-ferma-due-corsi-in-videoconferenza-del-coni","status":"publish","type":"post","link":"https:\/\/www.bellunopress.it\/fr\/2020\/04\/20\/sport-la-formazione-non-si-ferma-due-corsi-in-videoconferenza-del-coni\/","title":{"rendered":"Sport. La formazione non si ferma, due corsi in videoconferenza del Coni"},"content":{"rendered":"<p><a href=\"http:\/\/www.bellunopress.it\/fr\/2020\/04\/20\/sport-la-formazione-non-si-ferma-due-corsi-in-videoconferenza-del-coni\/coni-comitato-regionale-veneto_edited\/\" rel=\"attachment wp-att-113900\"><img loading=\"lazy\" decoding=\"async\" class=\"alignleft size-full wp-image-113900\" src=\"http:\/\/www.bellunopress.it\/wp-content\/uploads\/2020\/04\/Coni-Comitato-Regionale-Veneto_edited.jpg\" alt=\"\" width=\"512\" height=\"410\" srcset=\"https:\/\/www.bellunopress.it\/wp-content\/uploads\/2020\/04\/Coni-Comitato-Regionale-Veneto_edited.jpg 512w, https:\/\/www.bellunopress.it\/wp-content\/uploads\/2020\/04\/Coni-Comitato-Regionale-Veneto_edited-500x400.jpg 500w\" sizes=\"auto, (max-width: 512px) 100vw, 512px\" \/><\/a>L\u2019emergenza coronavirus non rallenta la missione formativa della Scuola regionale dello sport del Coni Veneto. Sono in rampa di lancio due corsi in videoconferenza che consentiranno a operatori del mondo dello sport di rimanere aggiornati su temi di sicuro interesse, favorendo cos\u00ec il percorso di ripresa dello sport una volta superato il prioritario problema della tutela della salute.<br \/>\nLa prima occasione formativa \u00e8 prevista per il 24 aprile. Un corso di terzo livello dell\u2019area \u201cSport e management\u201d, dal titolo \u201cLo sport e la sua 3\u00b0 Missione\u201d. Sulla cattedra virtuale salir\u00e0 Roberto Ghiretti, componente della commissione tecnica della Federazione internazionale volley, docente della Scuola Centrale dello Sport e della SRds Veneto e collaboratore con business school e universit\u00e0 italiane e straniere. Dopo i saluti del presidente del Coni Veneto Gianfranco Bardelle e del direttore scientifico della Scuola regionale dello sport Dino Ponchio, Ghiretti dalle ore 18 introdurr\u00e0 il primo intervento \u201cQuale strada\/e per il futuro?\u201d. Dopo il question time la seconda relazione \u201cCome declinare la 3\u00b0 missione sportiva\u201d. L\u2019iniziativa \u00e8 aperta e rivolta principalmente a dirigenti sportivi e professionisti del settore che abbiano gi\u00e0 maturato una preparazione specifica sugli argomenti trattati, ma anche a tutti i tesserati con qualifiche Federali di qualsiasi Federazione sportiva, Disciplina Sportiva Associata o Ente di Promozione Sportiva del Veneto interessati ai temi. Le iscrizioni sono gratuite e verranno accettate, in ordine cronologico, fino al raggiungimento di 100 unit\u00e0; dovranno essere effettuate on-line dal<br \/>\nsito www.veneto.coni.it, nella sezione della Scuola Regionale, previa registrazione nell&#8217;area<br \/>\nriservata seguendo le indicazioni riportate, entro e non oltre le ore 22.00 del giorno mercoled\u00ec 22 aprile 2020. Piattaforma, link della riunione e password saranno comunicati a tutti i partecipanti tramite mail all\u2019indirizzo usato per l\u2019iscrizione.<br \/>\nIl secondo corso \u00e8 in programma il 28 aprile e si occuper\u00e0 di \u201cRiscaldamento pre-allenamento e pre-gara\u201d. Si tratta di un aggiornamento di secondo livello rientrante nell\u2019area \u201cSport e metodologie\u201d. Il via sempre alle 18 dopo i saluti delle autorit\u00e0. Due i relatori, entrambi esperti della Scuola regionale dello sport del Veneto. Stefano Serran\u00f2 spiegher\u00e0 perch\u00e9 \u201cIl riscaldamento \u00e8 parte integrante dell\u2019allenamento\u201d, mentre Cristian Bruno parler\u00e0 del valore preventivo del riscaldamento. L\u2019iniziativa \u00e8 destinata a dirigenti, allenatori, tecnici, operatori sportivi, laureati e studenti in Scienze motorie, e professionisti del settore che abbiano gi\u00e0 maturato una preparazione specifica sugli argomenti trattati, ma anche a tutti i tesserati con qualifiche Federali di qualsiasi Federazione sportiva, Disciplina Sportiva Associata o Ente di Promozione sportiva del Veneto interessati ai temi trattati. L\u2019iscrizione \u00e8 sempre gratuita e va completata entro e non oltre le ore 24.00 di domenica 26 Aprile 2020. Anche in questo caso piattaforma, link della riunione e password saranno comunicati a tutti i partecipanti tramite mail all\u2019indirizzo usato per l\u2019iscrizione.<br \/>\nPer qualsiasi informazione sui due corsi \u00e8 possibile contattare il numero 0498643073 o<br \/>\nscrivere a srdsveneto@coni.it.<\/p>","protected":false},"excerpt":{"rendered":"<p>L\u2019emergenza coronavirus non rallenta la missione formativa della Scuola regionale dello sport del Coni Veneto. Sono in rampa di lancio due corsi in videoconferenza che consentiranno a operatori del mondo dello sport di rimanere aggiornati su temi di sicuro interesse, favorendo cos\u00ec il percorso di ripresa dello sport una volta superato il prioritario problema della [&hellip;]<\/p>\n","protected":false},"author":2,"featured_media":113900,"comment_status":"closed","ping_status":"open","sticky":false,"template":"","format":"standard","meta":{"footnotes":""},"categories":[4],"tags":[],"class_list":["post-113899","post","type-post","status-publish","format-standard","has-post-thumbnail","category-sport"],"yoast_head":"<!-- This site is optimized with the Yoast SEO plugin v28.4 - https:\/\/yoast.com\/product\/yoast-seo-wordpress\/ -->\n<title>Sport. La formazione non si ferma, due corsi in videoconferenza del Coni - Bellunopress - Dolomiti<\/title>\n<meta name=\"robots\" content=\"index, follow, max-snippet:-1, max-image-preview:large, max-video-preview:-1\" \/>\n<link rel=\"canonical\" href=\"https:\/\/www.bellunopress.it\/fr\/2020\/04\/20\/sport-la-formazione-non-si-ferma-due-corsi-in-videoconferenza-del-coni\/\" \/>\n<meta property=\"og:locale\" content=\"fr_FR\" \/>\n<meta property=\"og:type\" content=\"article\" \/>\n<meta property=\"og:title\" content=\"Sport. La formazione non si ferma, due corsi in videoconferenza del Coni - Bellunopress - Dolomiti\" \/>\n<meta property=\"og:description\" content=\"L\u2019emergenza coronavirus non rallenta la missione formativa della Scuola regionale dello sport del Coni Veneto. Sono in rampa di lancio due corsi in videoconferenza che consentiranno a operatori del mondo dello sport di rimanere aggiornati su temi di sicuro interesse, favorendo cos\u00ec il percorso di ripresa dello sport una volta superato il prioritario problema della [&hellip;]\" \/>\n<meta property=\"og:url\" content=\"https:\/\/www.bellunopress.it\/fr\/2020\/04\/20\/sport-la-formazione-non-si-ferma-due-corsi-in-videoconferenza-del-coni\/\" \/>\n<meta property=\"og:site_name\" content=\"Bellunopress - Dolomiti\" \/>\n<meta property=\"article:publisher\" content=\"https:\/\/www.facebook.com\/profile.php?id=100008943462799\" \/>\n<meta property=\"article:published_time\" content=\"2020-04-20T09:31:10+00:00\" \/>\n<meta property=\"article:modified_time\" content=\"2020-04-20T09:31:11+00:00\" \/>\n<meta property=\"og:image\" content=\"https:\/\/www.bellunopress.it\/wp-content\/uploads\/2020\/04\/Coni-Comitato-Regionale-Veneto_edited.jpg\" \/>\n\t<meta property=\"og:image:width\" content=\"512\" \/>\n\t<meta property=\"og:image:height\" content=\"410\" \/>\n\t<meta property=\"og:image:type\" content=\"image\/jpeg\" \/>\n<meta name=\"author\" content=\"redazione\" \/>\n<meta name=\"twitter:card\" content=\"summary_large_image\" \/>\n<meta name=\"twitter:creator\" content=\"@bellunopress\" \/>\n<meta name=\"twitter:site\" content=\"@bellunopress\" \/>\n<meta name=\"twitter:label1\" content=\"\u00c9crit par\" \/>\n\t<meta name=\"twitter:data1\" content=\"redazione\" \/>\n\t<meta name=\"twitter:label2\" content=\"Dur\u00e9e de lecture estim\u00e9e\" \/>\n\t<meta name=\"twitter:data2\" content=\"2 minutes\" \/>\n<script type=\"application\/ld+json\" class=\"yoast-schema-graph\">{\"@context\":\"https:\\\/\\\/schema.org\",\"@graph\":[{\"@type\":\"Article\",\"@id\":\"https:\\\/\\\/www.bellunopress.it\\\/2020\\\/04\\\/20\\\/sport-la-formazione-non-si-ferma-due-corsi-in-videoconferenza-del-coni\\\/#article\",\"isPartOf\":{\"@id\":\"https:\\\/\\\/www.bellunopress.it\\\/2020\\\/04\\\/20\\\/sport-la-formazione-non-si-ferma-due-corsi-in-videoconferenza-del-coni\\\/\"},\"author\":{\"name\":\"redazione\",\"@id\":\"https:\\\/\\\/www.bellunopress.it\\\/#\\\/schema\\\/person\\\/79bb06722b37ece1c03d3e94beb30d73\"},\"headline\":\"Sport. La formazione non si ferma, due corsi in videoconferenza del Coni\",\"datePublished\":\"2020-04-20T09:31:10+00:00\",\"dateModified\":\"2020-04-20T09:31:11+00:00\",\"mainEntityOfPage\":{\"@id\":\"https:\\\/\\\/www.bellunopress.it\\\/2020\\\/04\\\/20\\\/sport-la-formazione-non-si-ferma-due-corsi-in-videoconferenza-del-coni\\\/\"},\"wordCount\":476,\"publisher\":{\"@id\":\"https:\\\/\\\/www.bellunopress.it\\\/#organization\"},\"image\":{\"@id\":\"https:\\\/\\\/www.bellunopress.it\\\/2020\\\/04\\\/20\\\/sport-la-formazione-non-si-ferma-due-corsi-in-videoconferenza-del-coni\\\/#primaryimage\"},\"thumbnailUrl\":\"https:\\\/\\\/www.bellunopress.it\\\/wp-content\\\/uploads\\\/2020\\\/04\\\/Coni-Comitato-Regionale-Veneto_edited.jpg\",\"articleSection\":[\"Sport, tempo libero\"],\"inLanguage\":\"fr-FR\"},{\"@type\":\"WebPage\",\"@id\":\"https:\\\/\\\/www.bellunopress.it\\\/2020\\\/04\\\/20\\\/sport-la-formazione-non-si-ferma-due-corsi-in-videoconferenza-del-coni\\\/\",\"url\":\"https:\\\/\\\/www.bellunopress.it\\\/2020\\\/04\\\/20\\\/sport-la-formazione-non-si-ferma-due-corsi-in-videoconferenza-del-coni\\\/\",\"name\":\"Sport. La formazione non si ferma, due corsi in videoconferenza del Coni - Bellunopress - Dolomiti\",\"isPartOf\":{\"@id\":\"https:\\\/\\\/www.bellunopress.it\\\/#website\"},\"primaryImageOfPage\":{\"@id\":\"https:\\\/\\\/www.bellunopress.it\\\/2020\\\/04\\\/20\\\/sport-la-formazione-non-si-ferma-due-corsi-in-videoconferenza-del-coni\\\/#primaryimage\"},\"image\":{\"@id\":\"https:\\\/\\\/www.bellunopress.it\\\/2020\\\/04\\\/20\\\/sport-la-formazione-non-si-ferma-due-corsi-in-videoconferenza-del-coni\\\/#primaryimage\"},\"thumbnailUrl\":\"https:\\\/\\\/www.bellunopress.it\\\/wp-content\\\/uploads\\\/2020\\\/04\\\/Coni-Comitato-Regionale-Veneto_edited.jpg\",\"datePublished\":\"2020-04-20T09:31:10+00:00\",\"dateModified\":\"2020-04-20T09:31:11+00:00\",\"breadcrumb\":{\"@id\":\"https:\\\/\\\/www.bellunopress.it\\\/2020\\\/04\\\/20\\\/sport-la-formazione-non-si-ferma-due-corsi-in-videoconferenza-del-coni\\\/#breadcrumb\"},\"inLanguage\":\"fr-FR\",\"potentialAction\":[{\"@type\":\"ReadAction\",\"target\":[\"https:\\\/\\\/www.bellunopress.it\\\/2020\\\/04\\\/20\\\/sport-la-formazione-non-si-ferma-due-corsi-in-videoconferenza-del-coni\\\/\"]}]},{\"@type\":\"ImageObject\",\"inLanguage\":\"fr-FR\",\"@id\":\"https:\\\/\\\/www.bellunopress.it\\\/2020\\\/04\\\/20\\\/sport-la-formazione-non-si-ferma-due-corsi-in-videoconferenza-del-coni\\\/#primaryimage\",\"url\":\"https:\\\/\\\/www.bellunopress.it\\\/wp-content\\\/uploads\\\/2020\\\/04\\\/Coni-Comitato-Regionale-Veneto_edited.jpg\",\"contentUrl\":\"https:\\\/\\\/www.bellunopress.it\\\/wp-content\\\/uploads\\\/2020\\\/04\\\/Coni-Comitato-Regionale-Veneto_edited.jpg\",\"width\":512,\"height\":410},{\"@type\":\"BreadcrumbList\",\"@id\":\"https:\\\/\\\/www.bellunopress.it\\\/2020\\\/04\\\/20\\\/sport-la-formazione-non-si-ferma-due-corsi-in-videoconferenza-del-coni\\\/#breadcrumb\",\"itemListElement\":[{\"@type\":\"ListItem\",\"position\":1,\"name\":\"Home\",\"item\":\"https:\\\/\\\/www.bellunopress.it\\\/\"},{\"@type\":\"ListItem\",\"position\":2,\"name\":\"Sport. La formazione non si ferma, due corsi in videoconferenza del Coni\"}]},{\"@type\":\"WebSite\",\"@id\":\"https:\\\/\\\/www.bellunopress.it\\\/#website\",\"url\":\"https:\\\/\\\/www.bellunopress.it\\\/\",\"name\":\"Bellunopress - Dolomiti\",\"description\":\"e-mail: redazione@bellunopress.it\",\"publisher\":{\"@id\":\"https:\\\/\\\/www.bellunopress.it\\\/#organization\"},\"potentialAction\":[{\"@type\":\"SearchAction\",\"target\":{\"@type\":\"EntryPoint\",\"urlTemplate\":\"https:\\\/\\\/www.bellunopress.it\\\/?s={search_term_string}\"},\"query-input\":{\"@type\":\"PropertyValueSpecification\",\"valueRequired\":true,\"valueName\":\"search_term_string\"}}],\"inLanguage\":\"fr-FR\"},{\"@type\":\"Organization\",\"@id\":\"https:\\\/\\\/www.bellunopress.it\\\/#organization\",\"name\":\"Bellunopress\",\"url\":\"https:\\\/\\\/www.bellunopress.it\\\/\",\"logo\":{\"@type\":\"ImageObject\",\"inLanguage\":\"fr-FR\",\"@id\":\"https:\\\/\\\/www.bellunopress.it\\\/#\\\/schema\\\/logo\\\/image\\\/\",\"url\":\"https:\\\/\\\/www.bellunopress.it\\\/wp-content\\\/uploads\\\/2011\\\/05\\\/cropped-logo-bellunopress-.jpg\",\"contentUrl\":\"https:\\\/\\\/www.bellunopress.it\\\/wp-content\\\/uploads\\\/2011\\\/05\\\/cropped-logo-bellunopress-.jpg\",\"width\":512,\"height\":512,\"caption\":\"Bellunopress\"},\"image\":{\"@id\":\"https:\\\/\\\/www.bellunopress.it\\\/#\\\/schema\\\/logo\\\/image\\\/\"},\"sameAs\":[\"https:\\\/\\\/www.facebook.com\\\/profile.php?id=100008943462799\",\"https:\\\/\\\/x.com\\\/bellunopress\",\"https:\\\/\\\/www.linkedin.com\\\/hp\\\/?dnr=JBzUWaJfMUw8vbXJJ2tVW5-I3jZKvC4wsoxE&amp;amp;amp;amp;amp;amp;trk=nav_responsive_tab_home\",\"https:\\\/\\\/www.youtube.com\\\/channel\\\/UCxL0wu1uN0_3_7hGG0306cw\"]},{\"@type\":\"Person\",\"@id\":\"https:\\\/\\\/www.bellunopress.it\\\/#\\\/schema\\\/person\\\/79bb06722b37ece1c03d3e94beb30d73\",\"name\":\"redazione\",\"image\":{\"@type\":\"ImageObject\",\"inLanguage\":\"fr-FR\",\"@id\":\"https:\\\/\\\/secure.gravatar.com\\\/avatar\\\/37d968a2e67a6fd04c169c4bdef102d0bc5d31b2546345219e348575eb80e9a0?s=96&d=mm&r=g\",\"url\":\"https:\\\/\\\/secure.gravatar.com\\\/avatar\\\/37d968a2e67a6fd04c169c4bdef102d0bc5d31b2546345219e348575eb80e9a0?s=96&d=mm&r=g\",\"contentUrl\":\"https:\\\/\\\/secure.gravatar.com\\\/avatar\\\/37d968a2e67a6fd04c169c4bdef102d0bc5d31b2546345219e348575eb80e9a0?s=96&d=mm&r=g\",\"caption\":\"redazione\"},\"sameAs\":[\"http:\\\/\\\/www.bellunopress.it\",\"https:\\\/\\\/x.com\\\/bellunopress\"],\"url\":\"https:\\\/\\\/www.bellunopress.it\\\/fr\\\/author\\\/redazione\\\/\"}]}<\/script>\n<!-- \/ Yoast SEO plugin. -->","yoast_head_json":{"title":"Sport. La formazione non si ferma, due corsi in videoconferenza del Coni - Bellunopress - Dolomiti","robots":{"index":"index","follow":"follow","max-snippet":"max-snippet:-1","max-image-preview":"max-image-preview:large","max-video-preview":"max-video-preview:-1"},"canonical":"https:\/\/www.bellunopress.it\/fr\/2020\/04\/20\/sport-la-formazione-non-si-ferma-due-corsi-in-videoconferenza-del-coni\/","og_locale":"fr_FR","og_type":"article","og_title":"Sport. La formazione non si ferma, due corsi in videoconferenza del Coni - Bellunopress - Dolomiti","og_description":"L\u2019emergenza coronavirus non rallenta la missione formativa della Scuola regionale dello sport del Coni Veneto. Sono in rampa di lancio due corsi in videoconferenza che consentiranno a operatori del mondo dello sport di rimanere aggiornati su temi di sicuro interesse, favorendo cos\u00ec il percorso di ripresa dello sport una volta superato il prioritario problema della [&hellip;]","og_url":"https:\/\/www.bellunopress.it\/fr\/2020\/04\/20\/sport-la-formazione-non-si-ferma-due-corsi-in-videoconferenza-del-coni\/","og_site_name":"Bellunopress - Dolomiti","article_publisher":"https:\/\/www.facebook.com\/profile.php?id=100008943462799","article_published_time":"2020-04-20T09:31:10+00:00","article_modified_time":"2020-04-20T09:31:11+00:00","og_image":[{"width":512,"height":410,"url":"https:\/\/www.bellunopress.it\/wp-content\/uploads\/2020\/04\/Coni-Comitato-Regionale-Veneto_edited.jpg","type":"image\/jpeg"}],"author":"redazione","twitter_card":"summary_large_image","twitter_creator":"@bellunopress","twitter_site":"@bellunopress","twitter_misc":{"\u00c9crit par":"redazione","Dur\u00e9e de lecture estim\u00e9e":"2 minutes"},"schema":{"@context":"https:\/\/schema.org","@graph":[{"@type":"Article","@id":"https:\/\/www.bellunopress.it\/2020\/04\/20\/sport-la-formazione-non-si-ferma-due-corsi-in-videoconferenza-del-coni\/#article","isPartOf":{"@id":"https:\/\/www.bellunopress.it\/2020\/04\/20\/sport-la-formazione-non-si-ferma-due-corsi-in-videoconferenza-del-coni\/"},"author":{"name":"redazione","@id":"https:\/\/www.bellunopress.it\/#\/schema\/person\/79bb06722b37ece1c03d3e94beb30d73"},"headline":"Sport. La formazione non si ferma, due corsi in videoconferenza del Coni","datePublished":"2020-04-20T09:31:10+00:00","dateModified":"2020-04-20T09:31:11+00:00","mainEntityOfPage":{"@id":"https:\/\/www.bellunopress.it\/2020\/04\/20\/sport-la-formazione-non-si-ferma-due-corsi-in-videoconferenza-del-coni\/"},"wordCount":476,"publisher":{"@id":"https:\/\/www.bellunopress.it\/#organization"},"image":{"@id":"https:\/\/www.bellunopress.it\/2020\/04\/20\/sport-la-formazione-non-si-ferma-due-corsi-in-videoconferenza-del-coni\/#primaryimage"},"thumbnailUrl":"https:\/\/www.bellunopress.it\/wp-content\/uploads\/2020\/04\/Coni-Comitato-Regionale-Veneto_edited.jpg","articleSection":["Sport, tempo libero"],"inLanguage":"fr-FR"},{"@type":"WebPage","@id":"https:\/\/www.bellunopress.it\/2020\/04\/20\/sport-la-formazione-non-si-ferma-due-corsi-in-videoconferenza-del-coni\/","url":"https:\/\/www.bellunopress.it\/2020\/04\/20\/sport-la-formazione-non-si-ferma-due-corsi-in-videoconferenza-del-coni\/","name":"Sport. La formazione non si ferma, due corsi in videoconferenza del Coni - Bellunopress - Dolomiti","isPartOf":{"@id":"https:\/\/www.bellunopress.it\/#website"},"primaryImageOfPage":{"@id":"https:\/\/www.bellunopress.it\/2020\/04\/20\/sport-la-formazione-non-si-ferma-due-corsi-in-videoconferenza-del-coni\/#primaryimage"},"image":{"@id":"https:\/\/www.bellunopress.it\/2020\/04\/20\/sport-la-formazione-non-si-ferma-due-corsi-in-videoconferenza-del-coni\/#primaryimage"},"thumbnailUrl":"https:\/\/www.bellunopress.it\/wp-content\/uploads\/2020\/04\/Coni-Comitato-Regionale-Veneto_edited.jpg","datePublished":"2020-04-20T09:31:10+00:00","dateModified":"2020-04-20T09:31:11+00:00","breadcrumb":{"@id":"https:\/\/www.bellunopress.it\/2020\/04\/20\/sport-la-formazione-non-si-ferma-due-corsi-in-videoconferenza-del-coni\/#breadcrumb"},"inLanguage":"fr-FR","potentialAction":[{"@type":"ReadAction","target":["https:\/\/www.bellunopress.it\/2020\/04\/20\/sport-la-formazione-non-si-ferma-due-corsi-in-videoconferenza-del-coni\/"]}]},{"@type":"ImageObject","inLanguage":"fr-FR","@id":"https:\/\/www.bellunopress.it\/2020\/04\/20\/sport-la-formazione-non-si-ferma-due-corsi-in-videoconferenza-del-coni\/#primaryimage","url":"https:\/\/www.bellunopress.it\/wp-content\/uploads\/2020\/04\/Coni-Comitato-Regionale-Veneto_edited.jpg","contentUrl":"https:\/\/www.bellunopress.it\/wp-content\/uploads\/2020\/04\/Coni-Comitato-Regionale-Veneto_edited.jpg","width":512,"height":410},{"@type":"BreadcrumbList","@id":"https:\/\/www.bellunopress.it\/2020\/04\/20\/sport-la-formazione-non-si-ferma-due-corsi-in-videoconferenza-del-coni\/#breadcrumb","itemListElement":[{"@type":"ListItem","position":1,"name":"Home","item":"https:\/\/www.bellunopress.it\/"},{"@type":"ListItem","position":2,"name":"Sport. La formazione non si ferma, due corsi in videoconferenza del Coni"}]},{"@type":"WebSite","@id":"https:\/\/www.bellunopress.it\/#website","url":"https:\/\/www.bellunopress.it\/","name":"Bellunopress - Dolomiti","description":"e-mail: redazione@bellunopress.it","publisher":{"@id":"https:\/\/www.bellunopress.it\/#organization"},"potentialAction":[{"@type":"SearchAction","target":{"@type":"EntryPoint","urlTemplate":"https:\/\/www.bellunopress.it\/?s={search_term_string}"},"query-input":{"@type":"PropertyValueSpecification","valueRequired":true,"valueName":"search_term_string"}}],"inLanguage":"fr-FR"},{"@type":"Organization","@id":"https:\/\/www.bellunopress.it\/#organization","name":"Bellunopress","url":"https:\/\/www.bellunopress.it\/","logo":{"@type":"ImageObject","inLanguage":"fr-FR","@id":"https:\/\/www.bellunopress.it\/#\/schema\/logo\/image\/","url":"https:\/\/www.bellunopress.it\/wp-content\/uploads\/2011\/05\/cropped-logo-bellunopress-.jpg","contentUrl":"https:\/\/www.bellunopress.it\/wp-content\/uploads\/2011\/05\/cropped-logo-bellunopress-.jpg","width":512,"height":512,"caption":"Bellunopress"},"image":{"@id":"https:\/\/www.bellunopress.it\/#\/schema\/logo\/image\/"},"sameAs":["https:\/\/www.facebook.com\/profile.php?id=100008943462799","https:\/\/x.com\/bellunopress","https:\/\/www.linkedin.com\/hp\/?dnr=JBzUWaJfMUw8vbXJJ2tVW5-I3jZKvC4wsoxE&amp;amp;amp;amp;amp;amp;trk=nav_responsive_tab_home","https:\/\/www.youtube.com\/channel\/UCxL0wu1uN0_3_7hGG0306cw"]},{"@type":"Person","@id":"https:\/\/www.bellunopress.it\/#\/schema\/person\/79bb06722b37ece1c03d3e94beb30d73","name":"r\u00e9daction","image":{"@type":"ImageObject","inLanguage":"fr-FR","@id":"https:\/\/secure.gravatar.com\/avatar\/37d968a2e67a6fd04c169c4bdef102d0bc5d31b2546345219e348575eb80e9a0?s=96&d=mm&r=g","url":"https:\/\/secure.gravatar.com\/avatar\/37d968a2e67a6fd04c169c4bdef102d0bc5d31b2546345219e348575eb80e9a0?s=96&d=mm&r=g","contentUrl":"https:\/\/secure.gravatar.com\/avatar\/37d968a2e67a6fd04c169c4bdef102d0bc5d31b2546345219e348575eb80e9a0?s=96&d=mm&r=g","caption":"redazione"},"sameAs":["http:\/\/www.bellunopress.it","https:\/\/x.com\/bellunopress"],"url":"https:\/\/www.bellunopress.it\/fr\/author\/redazione\/"}]}},"_links":{"self":[{"href":"https:\/\/www.bellunopress.it\/fr\/wp-json\/wp\/v2\/posts\/113899","targetHints":{"allow":["GET"]}}],"collection":[{"href":"https:\/\/www.bellunopress.it\/fr\/wp-json\/wp\/v2\/posts"}],"about":[{"href":"https:\/\/www.bellunopress.it\/fr\/wp-json\/wp\/v2\/types\/post"}],"author":[{"embeddable":true,"href":"https:\/\/www.bellunopress.it\/fr\/wp-json\/wp\/v2\/users\/2"}],"replies":[{"embeddable":true,"href":"https:\/\/www.bellunopress.it\/fr\/wp-json\/wp\/v2\/comments?post=113899"}],"version-history":[{"count":2,"href":"https:\/\/www.bellunopress.it\/fr\/wp-json\/wp\/v2\/posts\/113899\/revisions"}],"predecessor-version":[{"id":113902,"href":"https:\/\/www.bellunopress.it\/fr\/wp-json\/wp\/v2\/posts\/113899\/revisions\/113902"}],"wp:featuredmedia":[{"embeddable":true,"href":"https:\/\/www.bellunopress.it\/fr\/wp-json\/wp\/v2\/media\/113900"}],"wp:attachment":[{"href":"https:\/\/www.bellunopress.it\/fr\/wp-json\/wp\/v2\/media?parent=113899"}],"wp:term":[{"taxonomy":"category","embeddable":true,"href":"https:\/\/www.bellunopress.it\/fr\/wp-json\/wp\/v2\/categories?post=113899"},{"taxonomy":"post_tag","embeddable":true,"href":"https:\/\/www.bellunopress.it\/fr\/wp-json\/wp\/v2\/tags?post=113899"}],"curies":[{"name":"wp","href":"https:\/\/api.w.org\/{rel}","templated":true}]}}