{"id":113895,"date":"2020-04-20T11:20:08","date_gmt":"2020-04-20T09:20:08","guid":{"rendered":"http:\/\/www.bellunopress.it\/?p=113895"},"modified":"2020-04-20T11:20:10","modified_gmt":"2020-04-20T09:20:10","slug":"emergenza-coronavirus-i-consigli-dei-farmacisti-preparatori","status":"publish","type":"post","link":"https:\/\/www.bellunopress.it\/fr\/2020\/04\/20\/emergenza-coronavirus-i-consigli-dei-farmacisti-preparatori\/","title":{"rendered":"Emergenza coronavirus. I consigli dei Farmacisti preparatori"},"content":{"rendered":"<p><a href=\"http:\/\/www.bellunopress.it\/fr\/2020\/04\/20\/emergenza-coronavirus-i-consigli-dei-farmacisti-preparatori\/farmacisti-preparatori_edited\/\" rel=\"attachment wp-att-113896\"><img loading=\"lazy\" decoding=\"async\" class=\"alignleft size-full wp-image-113896\" src=\"http:\/\/www.bellunopress.it\/wp-content\/uploads\/2020\/04\/farmacisti-preparatori_edited.jpg\" alt=\"\" width=\"225\" height=\"225\" \/><\/a>Da sempre noi Farmacisti Preparatori siamo il vostro riferimento nel territorio: ascolto, vicinanza e professionalit\u00e0 sono i nostri capisaldi.<\/p>\n<p>Vi siamo accanto, con l&#8217;orgoglio di chi ha costruito un rapporto stretto con le persone ed ha condiviso valori importanti, per questo abbiamo cura di voi, della vostra salute e delle vostre famiglie. In questo momento storico la nostra vicinanza si esprime nell&#8217;essere partecipi ai piccoli e grandi problemi a cui diamo risposta anche grazie al continuo aggiornamento ed al lavoro di ricerca dei nostri laboratori.<\/p>\n<p>Abbiamo studiato appositamente dei consigli per la gestione della quotidianit\u00e0 in questo momento di crisi, in cui \u00e8 necessario dare attenzione anche a quelle sfumature emotive che inevitabilmente sono presenti nella vita di tutti. Aumentare il benessere significa considerare un equilibrio che \u00e8 costruito da azioni, soluzioni e percezioni; ecco perch\u00e9 il percorso che vi offriamo \u00e8 costituito da 4 pilastri fondamentali: alimentazione ed integrazione, emozioni e riposo, movimento ed attivit\u00e0 fisica, salute e bellezza della pelle.<\/p>\n<p>Come Farmacisti Preparatori siamo al vostro fianco e viviamo questo tempo accanto a voi, perch\u00e9 siamo \u201cin prima linea\u201d ogni giorno e quindi sappiamo quanto \u00e8 complessa la gestione di questo momento e quali sono le sue conseguenze.<\/p>\n<p>Il vademecum proposto indica le buone pratiche per affrontare in maniera corretta la limitazione di movimento e il distanziamento sociale. Una sana alimentazione prevede il giusto apporto di nutrienti specifici, come ad esempio le vitamine che irrobustiscono il sistema immunitario; l&#8217;eventuale stress deve essere riconosciuto, dobbiamo gestirlo e combatterne i sintomi con i corretti comportamenti e il supporto di principi attivi naturali; alcuni semplici esercizi sono praticabili a casa anche in spazi ristretti e migliorano i problemi della sedentariet\u00e0, per esempio quelli inerenti al mal di schiena; la pelle del viso risente degli stati emotivi e della permanenza al chiuso, quella delle mani \u00e8 stressata dai trattamenti frequenti per l\u2019igiene e la disinfezione, va quindi curata e nutrita in maniera particolare.<\/p>\n<p>In questo momento storico, il rapporto tra comunit\u00e0 e farmacista si stringe, diviene vicinanza e comunione di intenti. Per questo vi proponiamo un insieme di buone pratiche che va oltre alle semplici istruzioni quotidiane. Questo tempo di crisi va gestito in modo ampio perch\u00e9 non basta dare il consiglio, ma \u00e8 necessario entrare in empatia con le persone per comprenderne anche il disagio, fornendo quindi strumenti che possano servire ad un riequilibrio fisico e mentale.<\/p>\n<p>I Farmacisti Preparatori raccolgono questa sfida ed uniscono esperienza e ricerca ad affiancamento ed empatia. Contatta il Farmacista Preparatore pi\u00f9 vicino al luogo in cui abiti, oppure entra nel sito, troverai la giusta risposta ma soprattutto quella vicinanza data da un approccio etico, innovatore e capace di unire accoglienza a comprensione per la gestione di un momento storico che richiede professionalit\u00e0 ma soprattutto umanit\u00e0 e dialogo.<\/p>\n<p><strong>Consulta i nostri siti per avere maggiori informazioni:<\/strong><br \/>\nwww.farmacistipreparatori.it<\/p>\n<p><strong>Consigli di Benessere<\/strong><br \/>\nhttps:\/\/www.farmacistipreparatori.it\/blogs\/consigli<br \/>\nFB pagina Farmacisti Preparatori<\/p>\n<p><strong>Trova la farmacia pi\u00f9 vicina<\/strong><br \/>\nhttps:\/\/www.farmacistipreparatori.it\/pages\/store-locator\/<\/p>\n<p><strong>Chi sono i Farmacisti Preparatori<\/strong><br \/>\nSiamo un gruppo europeo unito dalla stessa etica professionale, che si pone come obiettivo l&#8217;ascolto dei bisogni e la vicinanza alla comunit\u00e0. Il nostro scopo \u00e8 essere accanto alle persone e offrire le soluzioni adeguate, ispirate all\u2019antica tradizione farmaceutica evoluta con le pi\u00f9 innovative tecnologie, frutto dell\u2019unione tra scienza e natura. Come Farmacisti Preparatori siamo coinvolti in tutto il processo di creazione dei prodotti che portano il nostro nome a sigillo di garanzia. La collaborazione con il nostro laboratorio, in rete con universit\u00e0 istituti di ricerca internazionali, ci permette di formulare in ecodesign prodotti sicuri ed efficaci.<br \/>\nCi facciamo portavoce della missione del farmacista: ascolto, condivisione ed approccio etico.<\/p>","protected":false},"excerpt":{"rendered":"<p>Da sempre noi Farmacisti Preparatori siamo il vostro riferimento nel territorio: ascolto, vicinanza e professionalit\u00e0 sono i nostri capisaldi. Vi siamo accanto, con l&#8217;orgoglio di chi ha costruito un rapporto stretto con le persone ed ha condiviso valori importanti, per questo abbiamo cura di voi, della vostra salute e delle vostre famiglie. In questo momento [&hellip;]<\/p>\n","protected":false},"author":2,"featured_media":113896,"comment_status":"closed","ping_status":"open","sticky":false,"template":"","format":"standard","meta":{"footnotes":""},"categories":[26,17],"tags":[],"class_list":["post-113895","post","type-post","status-publish","format-standard","has-post-thumbnail","category-prima-pagina","category-sanita"],"yoast_head":"<!-- This site is optimized with the Yoast SEO plugin v28.4 - https:\/\/yoast.com\/product\/yoast-seo-wordpress\/ -->\n<title>Emergenza coronavirus. I consigli dei Farmacisti preparatori - Bellunopress - Dolomiti<\/title>\n<meta name=\"robots\" content=\"index, follow, max-snippet:-1, max-image-preview:large, max-video-preview:-1\" \/>\n<link rel=\"canonical\" href=\"https:\/\/www.bellunopress.it\/fr\/2020\/04\/20\/emergenza-coronavirus-i-consigli-dei-farmacisti-preparatori\/\" \/>\n<meta property=\"og:locale\" content=\"fr_FR\" \/>\n<meta property=\"og:type\" content=\"article\" \/>\n<meta property=\"og:title\" content=\"Emergenza coronavirus. I consigli dei Farmacisti preparatori - Bellunopress - Dolomiti\" \/>\n<meta property=\"og:description\" content=\"Da sempre noi Farmacisti Preparatori siamo il vostro riferimento nel territorio: ascolto, vicinanza e professionalit\u00e0 sono i nostri capisaldi. Vi siamo accanto, con l&#8217;orgoglio di chi ha costruito un rapporto stretto con le persone ed ha condiviso valori importanti, per questo abbiamo cura di voi, della vostra salute e delle vostre famiglie. In questo momento [&hellip;]\" \/>\n<meta property=\"og:url\" content=\"https:\/\/www.bellunopress.it\/fr\/2020\/04\/20\/emergenza-coronavirus-i-consigli-dei-farmacisti-preparatori\/\" \/>\n<meta property=\"og:site_name\" content=\"Bellunopress - Dolomiti\" \/>\n<meta property=\"article:publisher\" content=\"https:\/\/www.facebook.com\/profile.php?id=100008943462799\" \/>\n<meta property=\"article:published_time\" content=\"2020-04-20T09:20:08+00:00\" \/>\n<meta property=\"article:modified_time\" content=\"2020-04-20T09:20:10+00:00\" \/>\n<meta property=\"og:image\" content=\"https:\/\/www.bellunopress.it\/wp-content\/uploads\/2020\/04\/farmacisti-preparatori_edited.jpg\" \/>\n\t<meta property=\"og:image:width\" content=\"225\" \/>\n\t<meta property=\"og:image:height\" content=\"225\" \/>\n\t<meta property=\"og:image:type\" content=\"image\/jpeg\" \/>\n<meta name=\"author\" content=\"redazione\" \/>\n<meta name=\"twitter:card\" content=\"summary_large_image\" \/>\n<meta name=\"twitter:creator\" content=\"@bellunopress\" \/>\n<meta name=\"twitter:site\" content=\"@bellunopress\" \/>\n<meta name=\"twitter:label1\" content=\"\u00c9crit par\" \/>\n\t<meta name=\"twitter:data1\" content=\"redazione\" \/>\n\t<meta name=\"twitter:label2\" content=\"Dur\u00e9e de lecture estim\u00e9e\" \/>\n\t<meta name=\"twitter:data2\" content=\"3 minutes\" \/>\n<script type=\"application\/ld+json\" class=\"yoast-schema-graph\">{\"@context\":\"https:\\\/\\\/schema.org\",\"@graph\":[{\"@type\":\"Article\",\"@id\":\"https:\\\/\\\/www.bellunopress.it\\\/2020\\\/04\\\/20\\\/emergenza-coronavirus-i-consigli-dei-farmacisti-preparatori\\\/#article\",\"isPartOf\":{\"@id\":\"https:\\\/\\\/www.bellunopress.it\\\/2020\\\/04\\\/20\\\/emergenza-coronavirus-i-consigli-dei-farmacisti-preparatori\\\/\"},\"author\":{\"name\":\"redazione\",\"@id\":\"https:\\\/\\\/www.bellunopress.it\\\/#\\\/schema\\\/person\\\/79bb06722b37ece1c03d3e94beb30d73\"},\"headline\":\"Emergenza coronavirus. I consigli dei Farmacisti preparatori\",\"datePublished\":\"2020-04-20T09:20:08+00:00\",\"dateModified\":\"2020-04-20T09:20:10+00:00\",\"mainEntityOfPage\":{\"@id\":\"https:\\\/\\\/www.bellunopress.it\\\/2020\\\/04\\\/20\\\/emergenza-coronavirus-i-consigli-dei-farmacisti-preparatori\\\/\"},\"wordCount\":617,\"publisher\":{\"@id\":\"https:\\\/\\\/www.bellunopress.it\\\/#organization\"},\"image\":{\"@id\":\"https:\\\/\\\/www.bellunopress.it\\\/2020\\\/04\\\/20\\\/emergenza-coronavirus-i-consigli-dei-farmacisti-preparatori\\\/#primaryimage\"},\"thumbnailUrl\":\"https:\\\/\\\/www.bellunopress.it\\\/wp-content\\\/uploads\\\/2020\\\/04\\\/farmacisti-preparatori_edited.jpg\",\"articleSection\":[\"Prima Pagina\",\"Sanit\u00e0 Medicina\"],\"inLanguage\":\"fr-FR\"},{\"@type\":\"WebPage\",\"@id\":\"https:\\\/\\\/www.bellunopress.it\\\/2020\\\/04\\\/20\\\/emergenza-coronavirus-i-consigli-dei-farmacisti-preparatori\\\/\",\"url\":\"https:\\\/\\\/www.bellunopress.it\\\/2020\\\/04\\\/20\\\/emergenza-coronavirus-i-consigli-dei-farmacisti-preparatori\\\/\",\"name\":\"Emergenza coronavirus. I consigli dei Farmacisti preparatori - Bellunopress - Dolomiti\",\"isPartOf\":{\"@id\":\"https:\\\/\\\/www.bellunopress.it\\\/#website\"},\"primaryImageOfPage\":{\"@id\":\"https:\\\/\\\/www.bellunopress.it\\\/2020\\\/04\\\/20\\\/emergenza-coronavirus-i-consigli-dei-farmacisti-preparatori\\\/#primaryimage\"},\"image\":{\"@id\":\"https:\\\/\\\/www.bellunopress.it\\\/2020\\\/04\\\/20\\\/emergenza-coronavirus-i-consigli-dei-farmacisti-preparatori\\\/#primaryimage\"},\"thumbnailUrl\":\"https:\\\/\\\/www.bellunopress.it\\\/wp-content\\\/uploads\\\/2020\\\/04\\\/farmacisti-preparatori_edited.jpg\",\"datePublished\":\"2020-04-20T09:20:08+00:00\",\"dateModified\":\"2020-04-20T09:20:10+00:00\",\"breadcrumb\":{\"@id\":\"https:\\\/\\\/www.bellunopress.it\\\/2020\\\/04\\\/20\\\/emergenza-coronavirus-i-consigli-dei-farmacisti-preparatori\\\/#breadcrumb\"},\"inLanguage\":\"fr-FR\",\"potentialAction\":[{\"@type\":\"ReadAction\",\"target\":[\"https:\\\/\\\/www.bellunopress.it\\\/2020\\\/04\\\/20\\\/emergenza-coronavirus-i-consigli-dei-farmacisti-preparatori\\\/\"]}]},{\"@type\":\"ImageObject\",\"inLanguage\":\"fr-FR\",\"@id\":\"https:\\\/\\\/www.bellunopress.it\\\/2020\\\/04\\\/20\\\/emergenza-coronavirus-i-consigli-dei-farmacisti-preparatori\\\/#primaryimage\",\"url\":\"https:\\\/\\\/www.bellunopress.it\\\/wp-content\\\/uploads\\\/2020\\\/04\\\/farmacisti-preparatori_edited.jpg\",\"contentUrl\":\"https:\\\/\\\/www.bellunopress.it\\\/wp-content\\\/uploads\\\/2020\\\/04\\\/farmacisti-preparatori_edited.jpg\",\"width\":225,\"height\":225},{\"@type\":\"BreadcrumbList\",\"@id\":\"https:\\\/\\\/www.bellunopress.it\\\/2020\\\/04\\\/20\\\/emergenza-coronavirus-i-consigli-dei-farmacisti-preparatori\\\/#breadcrumb\",\"itemListElement\":[{\"@type\":\"ListItem\",\"position\":1,\"name\":\"Home\",\"item\":\"https:\\\/\\\/www.bellunopress.it\\\/\"},{\"@type\":\"ListItem\",\"position\":2,\"name\":\"Emergenza coronavirus. I consigli dei Farmacisti preparatori\"}]},{\"@type\":\"WebSite\",\"@id\":\"https:\\\/\\\/www.bellunopress.it\\\/#website\",\"url\":\"https:\\\/\\\/www.bellunopress.it\\\/\",\"name\":\"Bellunopress - Dolomiti\",\"description\":\"e-mail: redazione@bellunopress.it\",\"publisher\":{\"@id\":\"https:\\\/\\\/www.bellunopress.it\\\/#organization\"},\"potentialAction\":[{\"@type\":\"SearchAction\",\"target\":{\"@type\":\"EntryPoint\",\"urlTemplate\":\"https:\\\/\\\/www.bellunopress.it\\\/?s={search_term_string}\"},\"query-input\":{\"@type\":\"PropertyValueSpecification\",\"valueRequired\":true,\"valueName\":\"search_term_string\"}}],\"inLanguage\":\"fr-FR\"},{\"@type\":\"Organization\",\"@id\":\"https:\\\/\\\/www.bellunopress.it\\\/#organization\",\"name\":\"Bellunopress\",\"url\":\"https:\\\/\\\/www.bellunopress.it\\\/\",\"logo\":{\"@type\":\"ImageObject\",\"inLanguage\":\"fr-FR\",\"@id\":\"https:\\\/\\\/www.bellunopress.it\\\/#\\\/schema\\\/logo\\\/image\\\/\",\"url\":\"https:\\\/\\\/www.bellunopress.it\\\/wp-content\\\/uploads\\\/2011\\\/05\\\/cropped-logo-bellunopress-.jpg\",\"contentUrl\":\"https:\\\/\\\/www.bellunopress.it\\\/wp-content\\\/uploads\\\/2011\\\/05\\\/cropped-logo-bellunopress-.jpg\",\"width\":512,\"height\":512,\"caption\":\"Bellunopress\"},\"image\":{\"@id\":\"https:\\\/\\\/www.bellunopress.it\\\/#\\\/schema\\\/logo\\\/image\\\/\"},\"sameAs\":[\"https:\\\/\\\/www.facebook.com\\\/profile.php?id=100008943462799\",\"https:\\\/\\\/x.com\\\/bellunopress\",\"https:\\\/\\\/www.linkedin.com\\\/hp\\\/?dnr=JBzUWaJfMUw8vbXJJ2tVW5-I3jZKvC4wsoxE&amp;amp;amp;amp;amp;amp;trk=nav_responsive_tab_home\",\"https:\\\/\\\/www.youtube.com\\\/channel\\\/UCxL0wu1uN0_3_7hGG0306cw\"]},{\"@type\":\"Person\",\"@id\":\"https:\\\/\\\/www.bellunopress.it\\\/#\\\/schema\\\/person\\\/79bb06722b37ece1c03d3e94beb30d73\",\"name\":\"redazione\",\"image\":{\"@type\":\"ImageObject\",\"inLanguage\":\"fr-FR\",\"@id\":\"https:\\\/\\\/secure.gravatar.com\\\/avatar\\\/37d968a2e67a6fd04c169c4bdef102d0bc5d31b2546345219e348575eb80e9a0?s=96&d=mm&r=g\",\"url\":\"https:\\\/\\\/secure.gravatar.com\\\/avatar\\\/37d968a2e67a6fd04c169c4bdef102d0bc5d31b2546345219e348575eb80e9a0?s=96&d=mm&r=g\",\"contentUrl\":\"https:\\\/\\\/secure.gravatar.com\\\/avatar\\\/37d968a2e67a6fd04c169c4bdef102d0bc5d31b2546345219e348575eb80e9a0?s=96&d=mm&r=g\",\"caption\":\"redazione\"},\"sameAs\":[\"http:\\\/\\\/www.bellunopress.it\",\"https:\\\/\\\/x.com\\\/bellunopress\"],\"url\":\"https:\\\/\\\/www.bellunopress.it\\\/fr\\\/author\\\/redazione\\\/\"}]}<\/script>\n<!-- \/ Yoast SEO plugin. -->","yoast_head_json":{"title":"Emergenza coronavirus. I consigli dei Farmacisti preparatori - Bellunopress - Dolomiti","robots":{"index":"index","follow":"follow","max-snippet":"max-snippet:-1","max-image-preview":"max-image-preview:large","max-video-preview":"max-video-preview:-1"},"canonical":"https:\/\/www.bellunopress.it\/fr\/2020\/04\/20\/emergenza-coronavirus-i-consigli-dei-farmacisti-preparatori\/","og_locale":"fr_FR","og_type":"article","og_title":"Emergenza coronavirus. I consigli dei Farmacisti preparatori - Bellunopress - Dolomiti","og_description":"Da sempre noi Farmacisti Preparatori siamo il vostro riferimento nel territorio: ascolto, vicinanza e professionalit\u00e0 sono i nostri capisaldi. Vi siamo accanto, con l&#8217;orgoglio di chi ha costruito un rapporto stretto con le persone ed ha condiviso valori importanti, per questo abbiamo cura di voi, della vostra salute e delle vostre famiglie. In questo momento [&hellip;]","og_url":"https:\/\/www.bellunopress.it\/fr\/2020\/04\/20\/emergenza-coronavirus-i-consigli-dei-farmacisti-preparatori\/","og_site_name":"Bellunopress - Dolomiti","article_publisher":"https:\/\/www.facebook.com\/profile.php?id=100008943462799","article_published_time":"2020-04-20T09:20:08+00:00","article_modified_time":"2020-04-20T09:20:10+00:00","og_image":[{"width":225,"height":225,"url":"https:\/\/www.bellunopress.it\/wp-content\/uploads\/2020\/04\/farmacisti-preparatori_edited.jpg","type":"image\/jpeg"}],"author":"redazione","twitter_card":"summary_large_image","twitter_creator":"@bellunopress","twitter_site":"@bellunopress","twitter_misc":{"\u00c9crit par":"redazione","Dur\u00e9e de lecture estim\u00e9e":"3 minutes"},"schema":{"@context":"https:\/\/schema.org","@graph":[{"@type":"Article","@id":"https:\/\/www.bellunopress.it\/2020\/04\/20\/emergenza-coronavirus-i-consigli-dei-farmacisti-preparatori\/#article","isPartOf":{"@id":"https:\/\/www.bellunopress.it\/2020\/04\/20\/emergenza-coronavirus-i-consigli-dei-farmacisti-preparatori\/"},"author":{"name":"redazione","@id":"https:\/\/www.bellunopress.it\/#\/schema\/person\/79bb06722b37ece1c03d3e94beb30d73"},"headline":"Emergenza coronavirus. I consigli dei Farmacisti preparatori","datePublished":"2020-04-20T09:20:08+00:00","dateModified":"2020-04-20T09:20:10+00:00","mainEntityOfPage":{"@id":"https:\/\/www.bellunopress.it\/2020\/04\/20\/emergenza-coronavirus-i-consigli-dei-farmacisti-preparatori\/"},"wordCount":617,"publisher":{"@id":"https:\/\/www.bellunopress.it\/#organization"},"image":{"@id":"https:\/\/www.bellunopress.it\/2020\/04\/20\/emergenza-coronavirus-i-consigli-dei-farmacisti-preparatori\/#primaryimage"},"thumbnailUrl":"https:\/\/www.bellunopress.it\/wp-content\/uploads\/2020\/04\/farmacisti-preparatori_edited.jpg","articleSection":["Prima Pagina","Sanit\u00e0 Medicina"],"inLanguage":"fr-FR"},{"@type":"WebPage","@id":"https:\/\/www.bellunopress.it\/2020\/04\/20\/emergenza-coronavirus-i-consigli-dei-farmacisti-preparatori\/","url":"https:\/\/www.bellunopress.it\/2020\/04\/20\/emergenza-coronavirus-i-consigli-dei-farmacisti-preparatori\/","name":"Emergenza coronavirus. I consigli dei Farmacisti preparatori - Bellunopress - Dolomiti","isPartOf":{"@id":"https:\/\/www.bellunopress.it\/#website"},"primaryImageOfPage":{"@id":"https:\/\/www.bellunopress.it\/2020\/04\/20\/emergenza-coronavirus-i-consigli-dei-farmacisti-preparatori\/#primaryimage"},"image":{"@id":"https:\/\/www.bellunopress.it\/2020\/04\/20\/emergenza-coronavirus-i-consigli-dei-farmacisti-preparatori\/#primaryimage"},"thumbnailUrl":"https:\/\/www.bellunopress.it\/wp-content\/uploads\/2020\/04\/farmacisti-preparatori_edited.jpg","datePublished":"2020-04-20T09:20:08+00:00","dateModified":"2020-04-20T09:20:10+00:00","breadcrumb":{"@id":"https:\/\/www.bellunopress.it\/2020\/04\/20\/emergenza-coronavirus-i-consigli-dei-farmacisti-preparatori\/#breadcrumb"},"inLanguage":"fr-FR","potentialAction":[{"@type":"ReadAction","target":["https:\/\/www.bellunopress.it\/2020\/04\/20\/emergenza-coronavirus-i-consigli-dei-farmacisti-preparatori\/"]}]},{"@type":"ImageObject","inLanguage":"fr-FR","@id":"https:\/\/www.bellunopress.it\/2020\/04\/20\/emergenza-coronavirus-i-consigli-dei-farmacisti-preparatori\/#primaryimage","url":"https:\/\/www.bellunopress.it\/wp-content\/uploads\/2020\/04\/farmacisti-preparatori_edited.jpg","contentUrl":"https:\/\/www.bellunopress.it\/wp-content\/uploads\/2020\/04\/farmacisti-preparatori_edited.jpg","width":225,"height":225},{"@type":"BreadcrumbList","@id":"https:\/\/www.bellunopress.it\/2020\/04\/20\/emergenza-coronavirus-i-consigli-dei-farmacisti-preparatori\/#breadcrumb","itemListElement":[{"@type":"ListItem","position":1,"name":"Home","item":"https:\/\/www.bellunopress.it\/"},{"@type":"ListItem","position":2,"name":"Emergenza coronavirus. I consigli dei Farmacisti preparatori"}]},{"@type":"WebSite","@id":"https:\/\/www.bellunopress.it\/#website","url":"https:\/\/www.bellunopress.it\/","name":"Bellunopress - Dolomiti","description":"e-mail: redazione@bellunopress.it","publisher":{"@id":"https:\/\/www.bellunopress.it\/#organization"},"potentialAction":[{"@type":"SearchAction","target":{"@type":"EntryPoint","urlTemplate":"https:\/\/www.bellunopress.it\/?s={search_term_string}"},"query-input":{"@type":"PropertyValueSpecification","valueRequired":true,"valueName":"search_term_string"}}],"inLanguage":"fr-FR"},{"@type":"Organization","@id":"https:\/\/www.bellunopress.it\/#organization","name":"Bellunopress","url":"https:\/\/www.bellunopress.it\/","logo":{"@type":"ImageObject","inLanguage":"fr-FR","@id":"https:\/\/www.bellunopress.it\/#\/schema\/logo\/image\/","url":"https:\/\/www.bellunopress.it\/wp-content\/uploads\/2011\/05\/cropped-logo-bellunopress-.jpg","contentUrl":"https:\/\/www.bellunopress.it\/wp-content\/uploads\/2011\/05\/cropped-logo-bellunopress-.jpg","width":512,"height":512,"caption":"Bellunopress"},"image":{"@id":"https:\/\/www.bellunopress.it\/#\/schema\/logo\/image\/"},"sameAs":["https:\/\/www.facebook.com\/profile.php?id=100008943462799","https:\/\/x.com\/bellunopress","https:\/\/www.linkedin.com\/hp\/?dnr=JBzUWaJfMUw8vbXJJ2tVW5-I3jZKvC4wsoxE&amp;amp;amp;amp;amp;amp;trk=nav_responsive_tab_home","https:\/\/www.youtube.com\/channel\/UCxL0wu1uN0_3_7hGG0306cw"]},{"@type":"Person","@id":"https:\/\/www.bellunopress.it\/#\/schema\/person\/79bb06722b37ece1c03d3e94beb30d73","name":"r\u00e9daction","image":{"@type":"ImageObject","inLanguage":"fr-FR","@id":"https:\/\/secure.gravatar.com\/avatar\/37d968a2e67a6fd04c169c4bdef102d0bc5d31b2546345219e348575eb80e9a0?s=96&d=mm&r=g","url":"https:\/\/secure.gravatar.com\/avatar\/37d968a2e67a6fd04c169c4bdef102d0bc5d31b2546345219e348575eb80e9a0?s=96&d=mm&r=g","contentUrl":"https:\/\/secure.gravatar.com\/avatar\/37d968a2e67a6fd04c169c4bdef102d0bc5d31b2546345219e348575eb80e9a0?s=96&d=mm&r=g","caption":"redazione"},"sameAs":["http:\/\/www.bellunopress.it","https:\/\/x.com\/bellunopress"],"url":"https:\/\/www.bellunopress.it\/fr\/author\/redazione\/"}]}},"_links":{"self":[{"href":"https:\/\/www.bellunopress.it\/fr\/wp-json\/wp\/v2\/posts\/113895","targetHints":{"allow":["GET"]}}],"collection":[{"href":"https:\/\/www.bellunopress.it\/fr\/wp-json\/wp\/v2\/posts"}],"about":[{"href":"https:\/\/www.bellunopress.it\/fr\/wp-json\/wp\/v2\/types\/post"}],"author":[{"embeddable":true,"href":"https:\/\/www.bellunopress.it\/fr\/wp-json\/wp\/v2\/users\/2"}],"replies":[{"embeddable":true,"href":"https:\/\/www.bellunopress.it\/fr\/wp-json\/wp\/v2\/comments?post=113895"}],"version-history":[{"count":2,"href":"https:\/\/www.bellunopress.it\/fr\/wp-json\/wp\/v2\/posts\/113895\/revisions"}],"predecessor-version":[{"id":113898,"href":"https:\/\/www.bellunopress.it\/fr\/wp-json\/wp\/v2\/posts\/113895\/revisions\/113898"}],"wp:featuredmedia":[{"embeddable":true,"href":"https:\/\/www.bellunopress.it\/fr\/wp-json\/wp\/v2\/media\/113896"}],"wp:attachment":[{"href":"https:\/\/www.bellunopress.it\/fr\/wp-json\/wp\/v2\/media?parent=113895"}],"wp:term":[{"taxonomy":"category","embeddable":true,"href":"https:\/\/www.bellunopress.it\/fr\/wp-json\/wp\/v2\/categories?post=113895"},{"taxonomy":"post_tag","embeddable":true,"href":"https:\/\/www.bellunopress.it\/fr\/wp-json\/wp\/v2\/tags?post=113895"}],"curies":[{"name":"wp","href":"https:\/\/api.w.org\/{rel}","templated":true}]}}