{"id":11389,"date":"2010-01-14T08:55:32","date_gmt":"2010-01-14T07:55:32","guid":{"rendered":"http:\/\/www.bellunopress.it\/?p=11389"},"modified":"2010-01-11T08:59:14","modified_gmt":"2010-01-11T07:59:14","slug":"alla-ricerca-della-vita-extraterrestre-sabato-16-gennaio-in-sala-bianchi-a-cura-del-gruppo-divulgazione-scientifica-dolomiti","status":"publish","type":"post","link":"https:\/\/www.bellunopress.it\/fr\/2010\/01\/14\/alla-ricerca-della-vita-extraterrestre-sabato-16-gennaio-in-sala-bianchi-a-cura-del-gruppo-divulgazione-scientifica-dolomiti\/","title":{"rendered":"&#8220;Alla ricerca della vita extraterrestre&#8221; sabato 16 gennaio in Sala Bianchi a cura del Gruppo divulgazione scientifica Dolomiti:"},"content":{"rendered":"<p><a href=\"http:\/\/www.bellunopress.it\/wp-content\/uploads\/2010\/01\/gruppo-divulgazione-scientifica.jpg\"><img loading=\"lazy\" decoding=\"async\" class=\"alignleft size-medium wp-image-11390\" title=\"gruppo-divulgazione-scientifica\" src=\"http:\/\/www.bellunopress.it\/wp-content\/uploads\/2010\/01\/gruppo-divulgazione-scientifica.jpg\" alt=\"\" width=\"212\" height=\"209\" \/><\/a>Il 2010 \u00e8 stato decretato dall&#8217;UNESCO anno mondiale della biodiversit\u00e0 e proprio su questa linea prende l&#8217;avvio il \u201cDolomiti in Scienza 2010\u201d che partir\u00e0 sabato 16 gennaio alle ore 17:00, presso la sala Bianchi alla Cerva di Belluno. Il primo relatore ad esporre sar\u00e0 il Prof. Gabriele Vanin, presidente della A.A.F. Rheticus di Feltre, con un tema legato alla biodiversit\u00e0, ma non incentrato sulla nostra Terra, bens\u00ec nello spazio; con la relazione \u201cAlla ricerca della vita extraterrestre\u201d, si cercher\u00e0 di capire qual \u00e8 lo stato dell&#8217;arte sulla ricerca della vita nell&#8217;universo, toccando temi come l&#8217;evoluzione della nostra Galassia e la ricerca di pianeti extrasolari. A seguire ci sar\u00e0 il Prof. Alberto Bertini che con la sua \u201cGeologia e geomorfologia delle Dolomiti Agordine\u201d illustrer\u00e0 le particolarit\u00e0 geo-morfologiche dei monti dell&#8217;Agordino, con l&#8217;intento di illustrare al grande pubblico come antiche \u201cscogliere\u201d siano diventate patrimonio mondiale dell&#8217;umanit\u00e0. Il secondo appuntamento \u00e8 fissato per sabato 30 gennaio e vedr\u00e0 la partecipazione del Dott. Fabiano Nart e del Dott. Alex Casanova. Il primo, con \u201cStoria dell&#8217;atomo\u201d, ci porter\u00e0 attraverso un affascinante viaggio che, partendo dal concetto di indivisibilit\u00e0 di Democrito e ripercorrendo le tappe essenziali degli esperimenti che portarono alla scoperta delle tre particelle fondamentali e del concetto di atomo planetario, terminer\u00e0 con il modello quantomeccanico. Il secondo parler\u00e0 del \u201cModello standard tra teoria ed esperimento\u201d descrivendone il contenuto e soffermandosi sulle tappe pi\u00f9 salienti del suo sviluppo storico, dimostrando come i dati sperimentali abbiano confermato a pieno il modello matematico. Sabato 13 febbraio, con la terza serata, si ritorna alla geologia; nel primo intervento, \u201cDolomiti di metallo: giacimenti minerari delle Dolomiti\u201d, il Prof. Danilo Giordano illustrer\u00e0 come le nostre\u00a0 montagne non siano solo un bene paesaggistico, ma abbiano celato nelle proprie viscere importanti giacimenti minerari, fonte di sostentamento per le popolazioni locali, richiamo di gente da tutta Europa e vanto per la nostra Provincia. Legato a questo affascinante tema sar\u00e0 l&#8217;intervento del Prof. Dino Preloran, \u201cStoria della metallurgia del Rame e del Ferro: dal Fursil a Valle Imperina\u201d; in questa seconda relazione verr\u00e0 trattata l&#8217;evoluzione dell&#8217;arte mineraria, dalle tecniche di estrazione ai forni fusori. Nel penultimo appuntamento di sabato 27 febbraio si parler\u00e0 ancora di geologia e di biodiversit\u00e0. Il Dott. Maurizio Alfieri con \u201cNaturalisti e geognosti in Dolomiti tra \u00b4700 e \u00b4800\u201d racconter\u00e0 le avvincenti storie scientifiche, ma anche umane dei principali studiosi, a volte naturalisti, a volte geognosti e poi geologi, che hanno studiato i Monti Pallidi alla ricerca della loro genesi. Seguir\u00e0 l&#8217;Ing. Paolo Alessandrini che ci parler\u00e0 di un concetto ignoto ai pi\u00f9, ovvero di \u201cDarwin nel computer: algoritmi genetici e dintorni\u201d; le rivoluzionarie idee di Darwin trovano spazio anche nei nostri moderni calcolatori, in particolare le leggi che governano l&#8217;evoluzione della specie possono diventare algoritmi per lo svolgimento di calcoli complessi. Questa quarta edizione del Dolomiti in Scienza terminer\u00e0 sabato 13 marzo con gli interventi del Dott. Alberto Riva e del Dott. Manolo Piat. Il Dott. Riva ci parler\u00e0 de \u201cIl tempo in geologia\u201d, ovvero di come sia diverso e a volte inconcepibile il concetto del tempo geologico, misurato in milioni se non in miliardi di anni. Il Dott. Piat, con la sua relazione \u201cBalene in Camped\u00e9l: gli odontoceti del Bellunese\u201d, illustrer\u00e0 come la terra che oggi ospita la citt\u00e0 di Belluno fosse un tempo invasa dal mare, in cui prosperavano gli antenati degli attuali delfini.<\/p>","protected":false},"excerpt":{"rendered":"<p>Il 2010 \u00e8 stato decretato dall&#8217;UNESCO anno mondiale della biodiversit\u00e0 e proprio su questa linea prende l&#8217;avvio il \u201cDolomiti in Scienza 2010\u201d che partir\u00e0 sabato 16 gennaio alle ore 17:00, presso la sala Bianchi alla Cerva di Belluno. Il primo relatore ad esporre sar\u00e0 il Prof. Gabriele Vanin, presidente della A.A.F. Rheticus di Feltre, con [&hellip;]<\/p>\n","protected":false},"author":2,"featured_media":0,"comment_status":"closed","ping_status":"open","sticky":false,"template":"","format":"standard","meta":{"footnotes":""},"categories":[3,25],"tags":[139,63,302],"class_list":["post-11389","post","type-post","status-publish","format-standard","category-arte-cultura-spettacoli-scienza-archivi","category-pausa-caffe","tag-belluno","tag-dolomiti","tag-feltre"],"yoast_head":"<!-- This site is optimized with the Yoast SEO plugin v28.4 - https:\/\/yoast.com\/product\/yoast-seo-wordpress\/ -->\n<title>&quot;Alla ricerca della vita extraterrestre&quot; sabato 16 gennaio in Sala Bianchi a cura del Gruppo divulgazione scientifica Dolomiti:  - Bellunopress - Dolomiti<\/title>\n<meta name=\"robots\" content=\"index, follow, max-snippet:-1, max-image-preview:large, max-video-preview:-1\" \/>\n<link rel=\"canonical\" href=\"https:\/\/www.bellunopress.it\/fr\/2010\/01\/14\/alla-ricerca-della-vita-extraterrestre-sabato-16-gennaio-in-sala-bianchi-a-cura-del-gruppo-divulgazione-scientifica-dolomiti\/\" \/>\n<meta property=\"og:locale\" content=\"fr_FR\" \/>\n<meta property=\"og:type\" content=\"article\" \/>\n<meta property=\"og:title\" content=\"&quot;Alla ricerca della vita extraterrestre&quot; sabato 16 gennaio in Sala Bianchi a cura del Gruppo divulgazione scientifica Dolomiti:  - Bellunopress - Dolomiti\" \/>\n<meta property=\"og:description\" content=\"Il 2010 \u00e8 stato decretato dall&#8217;UNESCO anno mondiale della biodiversit\u00e0 e proprio su questa linea prende l&#8217;avvio il \u201cDolomiti in Scienza 2010\u201d che partir\u00e0 sabato 16 gennaio alle ore 17:00, presso la sala Bianchi alla Cerva di Belluno. Il primo relatore ad esporre sar\u00e0 il Prof. Gabriele Vanin, presidente della A.A.F. Rheticus di Feltre, con [&hellip;]\" \/>\n<meta property=\"og:url\" content=\"https:\/\/www.bellunopress.it\/fr\/2010\/01\/14\/alla-ricerca-della-vita-extraterrestre-sabato-16-gennaio-in-sala-bianchi-a-cura-del-gruppo-divulgazione-scientifica-dolomiti\/\" \/>\n<meta property=\"og:site_name\" content=\"Bellunopress - Dolomiti\" \/>\n<meta property=\"article:publisher\" content=\"https:\/\/www.facebook.com\/profile.php?id=100008943462799\" \/>\n<meta property=\"article:published_time\" content=\"2010-01-14T07:55:32+00:00\" \/>\n<meta property=\"og:image\" content=\"http:\/\/www.bellunopress.it\/wp-content\/uploads\/2010\/01\/gruppo-divulgazione-scientifica.jpg\" \/>\n<meta name=\"author\" content=\"redazione\" \/>\n<meta name=\"twitter:card\" content=\"summary_large_image\" \/>\n<meta name=\"twitter:creator\" content=\"@bellunopress\" \/>\n<meta name=\"twitter:site\" content=\"@bellunopress\" \/>\n<meta name=\"twitter:label1\" content=\"\u00c9crit par\" \/>\n\t<meta name=\"twitter:data1\" content=\"redazione\" \/>\n\t<meta name=\"twitter:label2\" content=\"Dur\u00e9e de lecture estim\u00e9e\" \/>\n\t<meta name=\"twitter:data2\" content=\"3 minutes\" \/>\n<script type=\"application\/ld+json\" class=\"yoast-schema-graph\">{\"@context\":\"https:\\\/\\\/schema.org\",\"@graph\":[{\"@type\":\"Article\",\"@id\":\"https:\\\/\\\/www.bellunopress.it\\\/2010\\\/01\\\/14\\\/alla-ricerca-della-vita-extraterrestre-sabato-16-gennaio-in-sala-bianchi-a-cura-del-gruppo-divulgazione-scientifica-dolomiti\\\/#article\",\"isPartOf\":{\"@id\":\"https:\\\/\\\/www.bellunopress.it\\\/2010\\\/01\\\/14\\\/alla-ricerca-della-vita-extraterrestre-sabato-16-gennaio-in-sala-bianchi-a-cura-del-gruppo-divulgazione-scientifica-dolomiti\\\/\"},\"author\":{\"name\":\"redazione\",\"@id\":\"https:\\\/\\\/www.bellunopress.it\\\/#\\\/schema\\\/person\\\/79bb06722b37ece1c03d3e94beb30d73\"},\"headline\":\"&#8220;Alla ricerca della vita extraterrestre&#8221; sabato 16 gennaio in Sala Bianchi a cura del Gruppo divulgazione scientifica Dolomiti:\",\"datePublished\":\"2010-01-14T07:55:32+00:00\",\"mainEntityOfPage\":{\"@id\":\"https:\\\/\\\/www.bellunopress.it\\\/2010\\\/01\\\/14\\\/alla-ricerca-della-vita-extraterrestre-sabato-16-gennaio-in-sala-bianchi-a-cura-del-gruppo-divulgazione-scientifica-dolomiti\\\/\"},\"wordCount\":578,\"publisher\":{\"@id\":\"https:\\\/\\\/www.bellunopress.it\\\/#organization\"},\"image\":{\"@id\":\"https:\\\/\\\/www.bellunopress.it\\\/2010\\\/01\\\/14\\\/alla-ricerca-della-vita-extraterrestre-sabato-16-gennaio-in-sala-bianchi-a-cura-del-gruppo-divulgazione-scientifica-dolomiti\\\/#primaryimage\"},\"thumbnailUrl\":\"http:\\\/\\\/www.bellunopress.it\\\/wp-content\\\/uploads\\\/2010\\\/01\\\/gruppo-divulgazione-scientifica.jpg\",\"keywords\":[\"Belluno\",\"Dolomiti\",\"Feltre\"],\"articleSection\":[\"Arte, Cultura, Spettacoli, Scienza\",\"Pausa Caff\u00e8\"],\"inLanguage\":\"fr-FR\"},{\"@type\":\"WebPage\",\"@id\":\"https:\\\/\\\/www.bellunopress.it\\\/2010\\\/01\\\/14\\\/alla-ricerca-della-vita-extraterrestre-sabato-16-gennaio-in-sala-bianchi-a-cura-del-gruppo-divulgazione-scientifica-dolomiti\\\/\",\"url\":\"https:\\\/\\\/www.bellunopress.it\\\/2010\\\/01\\\/14\\\/alla-ricerca-della-vita-extraterrestre-sabato-16-gennaio-in-sala-bianchi-a-cura-del-gruppo-divulgazione-scientifica-dolomiti\\\/\",\"name\":\"\\\"Alla ricerca della vita extraterrestre\\\" sabato 16 gennaio in Sala Bianchi a cura del Gruppo divulgazione scientifica Dolomiti: - Bellunopress - Dolomiti\",\"isPartOf\":{\"@id\":\"https:\\\/\\\/www.bellunopress.it\\\/#website\"},\"primaryImageOfPage\":{\"@id\":\"https:\\\/\\\/www.bellunopress.it\\\/2010\\\/01\\\/14\\\/alla-ricerca-della-vita-extraterrestre-sabato-16-gennaio-in-sala-bianchi-a-cura-del-gruppo-divulgazione-scientifica-dolomiti\\\/#primaryimage\"},\"image\":{\"@id\":\"https:\\\/\\\/www.bellunopress.it\\\/2010\\\/01\\\/14\\\/alla-ricerca-della-vita-extraterrestre-sabato-16-gennaio-in-sala-bianchi-a-cura-del-gruppo-divulgazione-scientifica-dolomiti\\\/#primaryimage\"},\"thumbnailUrl\":\"http:\\\/\\\/www.bellunopress.it\\\/wp-content\\\/uploads\\\/2010\\\/01\\\/gruppo-divulgazione-scientifica.jpg\",\"datePublished\":\"2010-01-14T07:55:32+00:00\",\"breadcrumb\":{\"@id\":\"https:\\\/\\\/www.bellunopress.it\\\/2010\\\/01\\\/14\\\/alla-ricerca-della-vita-extraterrestre-sabato-16-gennaio-in-sala-bianchi-a-cura-del-gruppo-divulgazione-scientifica-dolomiti\\\/#breadcrumb\"},\"inLanguage\":\"fr-FR\",\"potentialAction\":[{\"@type\":\"ReadAction\",\"target\":[\"https:\\\/\\\/www.bellunopress.it\\\/2010\\\/01\\\/14\\\/alla-ricerca-della-vita-extraterrestre-sabato-16-gennaio-in-sala-bianchi-a-cura-del-gruppo-divulgazione-scientifica-dolomiti\\\/\"]}]},{\"@type\":\"ImageObject\",\"inLanguage\":\"fr-FR\",\"@id\":\"https:\\\/\\\/www.bellunopress.it\\\/2010\\\/01\\\/14\\\/alla-ricerca-della-vita-extraterrestre-sabato-16-gennaio-in-sala-bianchi-a-cura-del-gruppo-divulgazione-scientifica-dolomiti\\\/#primaryimage\",\"url\":\"http:\\\/\\\/www.bellunopress.it\\\/wp-content\\\/uploads\\\/2010\\\/01\\\/gruppo-divulgazione-scientifica.jpg\",\"contentUrl\":\"http:\\\/\\\/www.bellunopress.it\\\/wp-content\\\/uploads\\\/2010\\\/01\\\/gruppo-divulgazione-scientifica.jpg\"},{\"@type\":\"BreadcrumbList\",\"@id\":\"https:\\\/\\\/www.bellunopress.it\\\/2010\\\/01\\\/14\\\/alla-ricerca-della-vita-extraterrestre-sabato-16-gennaio-in-sala-bianchi-a-cura-del-gruppo-divulgazione-scientifica-dolomiti\\\/#breadcrumb\",\"itemListElement\":[{\"@type\":\"ListItem\",\"position\":1,\"name\":\"Home\",\"item\":\"https:\\\/\\\/www.bellunopress.it\\\/\"},{\"@type\":\"ListItem\",\"position\":2,\"name\":\"&#8220;Alla ricerca della vita extraterrestre&#8221; sabato 16 gennaio in Sala Bianchi a cura del Gruppo divulgazione scientifica Dolomiti:\"}]},{\"@type\":\"WebSite\",\"@id\":\"https:\\\/\\\/www.bellunopress.it\\\/#website\",\"url\":\"https:\\\/\\\/www.bellunopress.it\\\/\",\"name\":\"Bellunopress - Dolomiti\",\"description\":\"e-mail: redazione@bellunopress.it\",\"publisher\":{\"@id\":\"https:\\\/\\\/www.bellunopress.it\\\/#organization\"},\"potentialAction\":[{\"@type\":\"SearchAction\",\"target\":{\"@type\":\"EntryPoint\",\"urlTemplate\":\"https:\\\/\\\/www.bellunopress.it\\\/?s={search_term_string}\"},\"query-input\":{\"@type\":\"PropertyValueSpecification\",\"valueRequired\":true,\"valueName\":\"search_term_string\"}}],\"inLanguage\":\"fr-FR\"},{\"@type\":\"Organization\",\"@id\":\"https:\\\/\\\/www.bellunopress.it\\\/#organization\",\"name\":\"Bellunopress\",\"url\":\"https:\\\/\\\/www.bellunopress.it\\\/\",\"logo\":{\"@type\":\"ImageObject\",\"inLanguage\":\"fr-FR\",\"@id\":\"https:\\\/\\\/www.bellunopress.it\\\/#\\\/schema\\\/logo\\\/image\\\/\",\"url\":\"https:\\\/\\\/www.bellunopress.it\\\/wp-content\\\/uploads\\\/2011\\\/05\\\/cropped-logo-bellunopress-.jpg\",\"contentUrl\":\"https:\\\/\\\/www.bellunopress.it\\\/wp-content\\\/uploads\\\/2011\\\/05\\\/cropped-logo-bellunopress-.jpg\",\"width\":512,\"height\":512,\"caption\":\"Bellunopress\"},\"image\":{\"@id\":\"https:\\\/\\\/www.bellunopress.it\\\/#\\\/schema\\\/logo\\\/image\\\/\"},\"sameAs\":[\"https:\\\/\\\/www.facebook.com\\\/profile.php?id=100008943462799\",\"https:\\\/\\\/x.com\\\/bellunopress\",\"https:\\\/\\\/www.linkedin.com\\\/hp\\\/?dnr=JBzUWaJfMUw8vbXJJ2tVW5-I3jZKvC4wsoxE&amp;amp;amp;amp;amp;amp;trk=nav_responsive_tab_home\",\"https:\\\/\\\/www.youtube.com\\\/channel\\\/UCxL0wu1uN0_3_7hGG0306cw\"]},{\"@type\":\"Person\",\"@id\":\"https:\\\/\\\/www.bellunopress.it\\\/#\\\/schema\\\/person\\\/79bb06722b37ece1c03d3e94beb30d73\",\"name\":\"redazione\",\"image\":{\"@type\":\"ImageObject\",\"inLanguage\":\"fr-FR\",\"@id\":\"https:\\\/\\\/secure.gravatar.com\\\/avatar\\\/37d968a2e67a6fd04c169c4bdef102d0bc5d31b2546345219e348575eb80e9a0?s=96&d=mm&r=g\",\"url\":\"https:\\\/\\\/secure.gravatar.com\\\/avatar\\\/37d968a2e67a6fd04c169c4bdef102d0bc5d31b2546345219e348575eb80e9a0?s=96&d=mm&r=g\",\"contentUrl\":\"https:\\\/\\\/secure.gravatar.com\\\/avatar\\\/37d968a2e67a6fd04c169c4bdef102d0bc5d31b2546345219e348575eb80e9a0?s=96&d=mm&r=g\",\"caption\":\"redazione\"},\"sameAs\":[\"http:\\\/\\\/www.bellunopress.it\",\"https:\\\/\\\/x.com\\\/bellunopress\"],\"url\":\"https:\\\/\\\/www.bellunopress.it\\\/fr\\\/author\\\/redazione\\\/\"}]}<\/script>\n<!-- \/ Yoast SEO plugin. -->","yoast_head_json":{"title":"\"Alla ricerca della vita extraterrestre\" sabato 16 gennaio in Sala Bianchi a cura del Gruppo divulgazione scientifica Dolomiti:  - Bellunopress - Dolomiti","robots":{"index":"index","follow":"follow","max-snippet":"max-snippet:-1","max-image-preview":"max-image-preview:large","max-video-preview":"max-video-preview:-1"},"canonical":"https:\/\/www.bellunopress.it\/fr\/2010\/01\/14\/alla-ricerca-della-vita-extraterrestre-sabato-16-gennaio-in-sala-bianchi-a-cura-del-gruppo-divulgazione-scientifica-dolomiti\/","og_locale":"fr_FR","og_type":"article","og_title":"\"Alla ricerca della vita extraterrestre\" sabato 16 gennaio in Sala Bianchi a cura del Gruppo divulgazione scientifica Dolomiti:  - Bellunopress - Dolomiti","og_description":"Il 2010 \u00e8 stato decretato dall&#8217;UNESCO anno mondiale della biodiversit\u00e0 e proprio su questa linea prende l&#8217;avvio il \u201cDolomiti in Scienza 2010\u201d che partir\u00e0 sabato 16 gennaio alle ore 17:00, presso la sala Bianchi alla Cerva di Belluno. Il primo relatore ad esporre sar\u00e0 il Prof. Gabriele Vanin, presidente della A.A.F. Rheticus di Feltre, con [&hellip;]","og_url":"https:\/\/www.bellunopress.it\/fr\/2010\/01\/14\/alla-ricerca-della-vita-extraterrestre-sabato-16-gennaio-in-sala-bianchi-a-cura-del-gruppo-divulgazione-scientifica-dolomiti\/","og_site_name":"Bellunopress - Dolomiti","article_publisher":"https:\/\/www.facebook.com\/profile.php?id=100008943462799","article_published_time":"2010-01-14T07:55:32+00:00","og_image":[{"url":"http:\/\/www.bellunopress.it\/wp-content\/uploads\/2010\/01\/gruppo-divulgazione-scientifica.jpg","type":"","width":"","height":""}],"author":"redazione","twitter_card":"summary_large_image","twitter_creator":"@bellunopress","twitter_site":"@bellunopress","twitter_misc":{"\u00c9crit par":"redazione","Dur\u00e9e de lecture estim\u00e9e":"3 minutes"},"schema":{"@context":"https:\/\/schema.org","@graph":[{"@type":"Article","@id":"https:\/\/www.bellunopress.it\/2010\/01\/14\/alla-ricerca-della-vita-extraterrestre-sabato-16-gennaio-in-sala-bianchi-a-cura-del-gruppo-divulgazione-scientifica-dolomiti\/#article","isPartOf":{"@id":"https:\/\/www.bellunopress.it\/2010\/01\/14\/alla-ricerca-della-vita-extraterrestre-sabato-16-gennaio-in-sala-bianchi-a-cura-del-gruppo-divulgazione-scientifica-dolomiti\/"},"author":{"name":"redazione","@id":"https:\/\/www.bellunopress.it\/#\/schema\/person\/79bb06722b37ece1c03d3e94beb30d73"},"headline":"&#8220;Alla ricerca della vita extraterrestre&#8221; sabato 16 gennaio in Sala Bianchi a cura del Gruppo divulgazione scientifica Dolomiti:","datePublished":"2010-01-14T07:55:32+00:00","mainEntityOfPage":{"@id":"https:\/\/www.bellunopress.it\/2010\/01\/14\/alla-ricerca-della-vita-extraterrestre-sabato-16-gennaio-in-sala-bianchi-a-cura-del-gruppo-divulgazione-scientifica-dolomiti\/"},"wordCount":578,"publisher":{"@id":"https:\/\/www.bellunopress.it\/#organization"},"image":{"@id":"https:\/\/www.bellunopress.it\/2010\/01\/14\/alla-ricerca-della-vita-extraterrestre-sabato-16-gennaio-in-sala-bianchi-a-cura-del-gruppo-divulgazione-scientifica-dolomiti\/#primaryimage"},"thumbnailUrl":"http:\/\/www.bellunopress.it\/wp-content\/uploads\/2010\/01\/gruppo-divulgazione-scientifica.jpg","keywords":["Belluno","Dolomiti","Feltre"],"articleSection":["Arte, Cultura, Spettacoli, Scienza","Pausa Caff\u00e8"],"inLanguage":"fr-FR"},{"@type":"WebPage","@id":"https:\/\/www.bellunopress.it\/2010\/01\/14\/alla-ricerca-della-vita-extraterrestre-sabato-16-gennaio-in-sala-bianchi-a-cura-del-gruppo-divulgazione-scientifica-dolomiti\/","url":"https:\/\/www.bellunopress.it\/2010\/01\/14\/alla-ricerca-della-vita-extraterrestre-sabato-16-gennaio-in-sala-bianchi-a-cura-del-gruppo-divulgazione-scientifica-dolomiti\/","name":"\"Alla ricerca della vita extraterrestre\" sabato 16 gennaio in Sala Bianchi a cura del Gruppo divulgazione scientifica Dolomiti: - Bellunopress - Dolomiti","isPartOf":{"@id":"https:\/\/www.bellunopress.it\/#website"},"primaryImageOfPage":{"@id":"https:\/\/www.bellunopress.it\/2010\/01\/14\/alla-ricerca-della-vita-extraterrestre-sabato-16-gennaio-in-sala-bianchi-a-cura-del-gruppo-divulgazione-scientifica-dolomiti\/#primaryimage"},"image":{"@id":"https:\/\/www.bellunopress.it\/2010\/01\/14\/alla-ricerca-della-vita-extraterrestre-sabato-16-gennaio-in-sala-bianchi-a-cura-del-gruppo-divulgazione-scientifica-dolomiti\/#primaryimage"},"thumbnailUrl":"http:\/\/www.bellunopress.it\/wp-content\/uploads\/2010\/01\/gruppo-divulgazione-scientifica.jpg","datePublished":"2010-01-14T07:55:32+00:00","breadcrumb":{"@id":"https:\/\/www.bellunopress.it\/2010\/01\/14\/alla-ricerca-della-vita-extraterrestre-sabato-16-gennaio-in-sala-bianchi-a-cura-del-gruppo-divulgazione-scientifica-dolomiti\/#breadcrumb"},"inLanguage":"fr-FR","potentialAction":[{"@type":"ReadAction","target":["https:\/\/www.bellunopress.it\/2010\/01\/14\/alla-ricerca-della-vita-extraterrestre-sabato-16-gennaio-in-sala-bianchi-a-cura-del-gruppo-divulgazione-scientifica-dolomiti\/"]}]},{"@type":"ImageObject","inLanguage":"fr-FR","@id":"https:\/\/www.bellunopress.it\/2010\/01\/14\/alla-ricerca-della-vita-extraterrestre-sabato-16-gennaio-in-sala-bianchi-a-cura-del-gruppo-divulgazione-scientifica-dolomiti\/#primaryimage","url":"http:\/\/www.bellunopress.it\/wp-content\/uploads\/2010\/01\/gruppo-divulgazione-scientifica.jpg","contentUrl":"http:\/\/www.bellunopress.it\/wp-content\/uploads\/2010\/01\/gruppo-divulgazione-scientifica.jpg"},{"@type":"BreadcrumbList","@id":"https:\/\/www.bellunopress.it\/2010\/01\/14\/alla-ricerca-della-vita-extraterrestre-sabato-16-gennaio-in-sala-bianchi-a-cura-del-gruppo-divulgazione-scientifica-dolomiti\/#breadcrumb","itemListElement":[{"@type":"ListItem","position":1,"name":"Home","item":"https:\/\/www.bellunopress.it\/"},{"@type":"ListItem","position":2,"name":"&#8220;Alla ricerca della vita extraterrestre&#8221; sabato 16 gennaio in Sala Bianchi a cura del Gruppo divulgazione scientifica Dolomiti:"}]},{"@type":"WebSite","@id":"https:\/\/www.bellunopress.it\/#website","url":"https:\/\/www.bellunopress.it\/","name":"Bellunopress - Dolomiti","description":"e-mail: redazione@bellunopress.it","publisher":{"@id":"https:\/\/www.bellunopress.it\/#organization"},"potentialAction":[{"@type":"SearchAction","target":{"@type":"EntryPoint","urlTemplate":"https:\/\/www.bellunopress.it\/?s={search_term_string}"},"query-input":{"@type":"PropertyValueSpecification","valueRequired":true,"valueName":"search_term_string"}}],"inLanguage":"fr-FR"},{"@type":"Organization","@id":"https:\/\/www.bellunopress.it\/#organization","name":"Bellunopress","url":"https:\/\/www.bellunopress.it\/","logo":{"@type":"ImageObject","inLanguage":"fr-FR","@id":"https:\/\/www.bellunopress.it\/#\/schema\/logo\/image\/","url":"https:\/\/www.bellunopress.it\/wp-content\/uploads\/2011\/05\/cropped-logo-bellunopress-.jpg","contentUrl":"https:\/\/www.bellunopress.it\/wp-content\/uploads\/2011\/05\/cropped-logo-bellunopress-.jpg","width":512,"height":512,"caption":"Bellunopress"},"image":{"@id":"https:\/\/www.bellunopress.it\/#\/schema\/logo\/image\/"},"sameAs":["https:\/\/www.facebook.com\/profile.php?id=100008943462799","https:\/\/x.com\/bellunopress","https:\/\/www.linkedin.com\/hp\/?dnr=JBzUWaJfMUw8vbXJJ2tVW5-I3jZKvC4wsoxE&amp;amp;amp;amp;amp;amp;trk=nav_responsive_tab_home","https:\/\/www.youtube.com\/channel\/UCxL0wu1uN0_3_7hGG0306cw"]},{"@type":"Person","@id":"https:\/\/www.bellunopress.it\/#\/schema\/person\/79bb06722b37ece1c03d3e94beb30d73","name":"r\u00e9daction","image":{"@type":"ImageObject","inLanguage":"fr-FR","@id":"https:\/\/secure.gravatar.com\/avatar\/37d968a2e67a6fd04c169c4bdef102d0bc5d31b2546345219e348575eb80e9a0?s=96&d=mm&r=g","url":"https:\/\/secure.gravatar.com\/avatar\/37d968a2e67a6fd04c169c4bdef102d0bc5d31b2546345219e348575eb80e9a0?s=96&d=mm&r=g","contentUrl":"https:\/\/secure.gravatar.com\/avatar\/37d968a2e67a6fd04c169c4bdef102d0bc5d31b2546345219e348575eb80e9a0?s=96&d=mm&r=g","caption":"redazione"},"sameAs":["http:\/\/www.bellunopress.it","https:\/\/x.com\/bellunopress"],"url":"https:\/\/www.bellunopress.it\/fr\/author\/redazione\/"}]}},"_links":{"self":[{"href":"https:\/\/www.bellunopress.it\/fr\/wp-json\/wp\/v2\/posts\/11389","targetHints":{"allow":["GET"]}}],"collection":[{"href":"https:\/\/www.bellunopress.it\/fr\/wp-json\/wp\/v2\/posts"}],"about":[{"href":"https:\/\/www.bellunopress.it\/fr\/wp-json\/wp\/v2\/types\/post"}],"author":[{"embeddable":true,"href":"https:\/\/www.bellunopress.it\/fr\/wp-json\/wp\/v2\/users\/2"}],"replies":[{"embeddable":true,"href":"https:\/\/www.bellunopress.it\/fr\/wp-json\/wp\/v2\/comments?post=11389"}],"version-history":[{"count":1,"href":"https:\/\/www.bellunopress.it\/fr\/wp-json\/wp\/v2\/posts\/11389\/revisions"}],"predecessor-version":[{"id":11391,"href":"https:\/\/www.bellunopress.it\/fr\/wp-json\/wp\/v2\/posts\/11389\/revisions\/11391"}],"wp:attachment":[{"href":"https:\/\/www.bellunopress.it\/fr\/wp-json\/wp\/v2\/media?parent=11389"}],"wp:term":[{"taxonomy":"category","embeddable":true,"href":"https:\/\/www.bellunopress.it\/fr\/wp-json\/wp\/v2\/categories?post=11389"},{"taxonomy":"post_tag","embeddable":true,"href":"https:\/\/www.bellunopress.it\/fr\/wp-json\/wp\/v2\/tags?post=11389"}],"curies":[{"name":"wp","href":"https:\/\/api.w.org\/{rel}","templated":true}]}}