{"id":113865,"date":"2020-04-18T20:35:00","date_gmt":"2020-04-18T18:35:00","guid":{"rendered":"http:\/\/www.bellunopress.it\/?p=113865"},"modified":"2020-04-18T20:35:00","modified_gmt":"2020-04-18T18:35:00","slug":"donazioni-alla-provincia-succhi-di-frutta-per-le-case-di-riposo-e-coprisedili-per-i-mezzi-dell-protezione-civile","status":"publish","type":"post","link":"https:\/\/www.bellunopress.it\/fr\/2020\/04\/18\/donazioni-alla-provincia-succhi-di-frutta-per-le-case-di-riposo-e-coprisedili-per-i-mezzi-dell-protezione-civile\/","title":{"rendered":"Donazioni alla Provincia. Succhi di frutta per le case di riposo e coprisedili per i mezzi dell Protezione civile."},"content":{"rendered":"<p>Succhi di frutta e bottiglie di alcol per la disinfezione. Ma anche coprisedile anti-contagio. \u00c8 il nuovo carico di generosit\u00e0 che la Provincia di Belluno ha ricevuto per la sua Protezione Civile. Gli scatoloni dei succhi sono arrivati nei giorni scorsi ai magazzini provinciali della Cal di Limana. Mentre i coprisedile sono stati donati stamattina dall\u2019azienda De Bona Motors di Feltre.<\/p>\n<figure id=\"attachment_101096\" aria-describedby=\"caption-attachment-101096\" style=\"width: 247px\" class=\"wp-caption alignleft\"><a href=\"http:\/\/www.bellunopress.it\/fr\/2019\/01\/11\/viabilita-in-valle-del-mis-massimo-bortoluzzi-il-ripristino-completo-a-partire-dalla-prossima-primavera\/massimo-bortoluzzi-consigliere-provinciale\/\" rel=\"attachment wp-att-101096\"><img loading=\"lazy\" decoding=\"async\" class=\"size-full wp-image-101096\" src=\"http:\/\/www.bellunopress.it\/wp-content\/uploads\/2019\/01\/Massimo-Bortoluzzi-consigliere-provinciale.jpg\" alt=\"\" width=\"247\" height=\"300\" \/><\/a><figcaption id=\"caption-attachment-101096\" class=\"wp-caption-text\">Massimo Bortoluzzi, consigliere provinciale<\/figcaption><\/figure>\n<p>\u00abSi tratta di donazioni importanti che rendono ancora una volta la misura della generosit\u00e0 bellunese &#8211; spiega Massimo Bortoluzzi, consigliere provinciale delegato alla Protezione Civile -. I succhi di frutta e l\u2019alcol sono arrivati dalla Regione Veneto, che ringraziamo<br \/>\nper l\u2019impegno dimostrato nei confronti dei territori. Abbiamo pensato di portarli nelle case di riposo, dove in questo momento ci sono situazioni di sofferenza. I succhi di frutta per gli anziani ospiti, l\u2019alcol a disposizione degli operatori, per le disinfezioni. Un piccolo dono che si somma alla grande generosit\u00e0 dimostrata da aziende e imprenditori in queste settimane difficili\u00bb.<br \/>\nI pacchi sono gi\u00e0 stati smistati dai volontari di Protezione Civile e da oggi cominceranno a essere distribuiti tra le case di riposo.<br \/>\nIntanto sono gi\u00e0 stati consegnati anche i primi rotoli di coprisedile anti-contagio, che serviranno ai mezzi della Protezione Civile, a cominciare da quelli attivi nel Feltrino. \u00abIn questo modo tuteliamo i nostri volontari che stanno operando in tutto il territorio<br \/>\nprovinciale e che potranno continuare a muoversi senza il rischio di portare in giro il virus &#8211; continua il consigliere Bortoluzzi -. Ringrazio sentitamente De Bona Motors per questo importante dono. E rivolgo un pensiero alle donne e agli uomini della Protezione Civile,<br \/>\nanche oggi operativi\u00bb.<\/p>","protected":false},"excerpt":{"rendered":"<p>Succhi di frutta e bottiglie di alcol per la disinfezione. Ma anche coprisedile anti-contagio. \u00c8 il nuovo carico di generosit\u00e0 che la Provincia di Belluno ha ricevuto per la sua Protezione Civile. Gli scatoloni dei succhi sono arrivati nei giorni scorsi ai magazzini provinciali della Cal di Limana. Mentre i coprisedile sono stati donati stamattina [&hellip;]<\/p>\n","protected":false},"author":2,"featured_media":101096,"comment_status":"closed","ping_status":"open","sticky":false,"template":"","format":"standard","meta":{"footnotes":""},"categories":[5,26],"tags":[],"class_list":["post-113865","post","type-post","status-publish","format-standard","has-post-thumbnail","category-cronaca","category-prima-pagina"],"yoast_head":"<!-- This site is optimized with the Yoast SEO plugin v28.4 - https:\/\/yoast.com\/product\/yoast-seo-wordpress\/ -->\n<title>Donazioni alla Provincia. Succhi di frutta per le case di riposo e coprisedili per i mezzi dell Protezione civile. - Bellunopress - Dolomiti<\/title>\n<meta name=\"robots\" content=\"index, follow, max-snippet:-1, max-image-preview:large, max-video-preview:-1\" \/>\n<link rel=\"canonical\" href=\"https:\/\/www.bellunopress.it\/fr\/2020\/04\/18\/donazioni-alla-provincia-succhi-di-frutta-per-le-case-di-riposo-e-coprisedili-per-i-mezzi-dell-protezione-civile\/\" \/>\n<meta property=\"og:locale\" content=\"fr_FR\" \/>\n<meta property=\"og:type\" content=\"article\" \/>\n<meta property=\"og:title\" content=\"Donazioni alla Provincia. Succhi di frutta per le case di riposo e coprisedili per i mezzi dell Protezione civile. - Bellunopress - Dolomiti\" \/>\n<meta property=\"og:description\" content=\"Succhi di frutta e bottiglie di alcol per la disinfezione. Ma anche coprisedile anti-contagio. \u00c8 il nuovo carico di generosit\u00e0 che la Provincia di Belluno ha ricevuto per la sua Protezione Civile. Gli scatoloni dei succhi sono arrivati nei giorni scorsi ai magazzini provinciali della Cal di Limana. Mentre i coprisedile sono stati donati stamattina [&hellip;]\" \/>\n<meta property=\"og:url\" content=\"https:\/\/www.bellunopress.it\/fr\/2020\/04\/18\/donazioni-alla-provincia-succhi-di-frutta-per-le-case-di-riposo-e-coprisedili-per-i-mezzi-dell-protezione-civile\/\" \/>\n<meta property=\"og:site_name\" content=\"Bellunopress - Dolomiti\" \/>\n<meta property=\"article:publisher\" content=\"https:\/\/www.facebook.com\/profile.php?id=100008943462799\" \/>\n<meta property=\"article:published_time\" content=\"2020-04-18T18:35:00+00:00\" \/>\n<meta property=\"og:image\" content=\"https:\/\/www.bellunopress.it\/wp-content\/uploads\/2019\/01\/Massimo-Bortoluzzi-consigliere-provinciale.jpg\" \/>\n\t<meta property=\"og:image:width\" content=\"247\" \/>\n\t<meta property=\"og:image:height\" content=\"300\" \/>\n\t<meta property=\"og:image:type\" content=\"image\/jpeg\" \/>\n<meta name=\"author\" content=\"redazione\" \/>\n<meta name=\"twitter:card\" content=\"summary_large_image\" \/>\n<meta name=\"twitter:creator\" content=\"@bellunopress\" \/>\n<meta name=\"twitter:site\" content=\"@bellunopress\" \/>\n<meta name=\"twitter:label1\" content=\"\u00c9crit par\" \/>\n\t<meta name=\"twitter:data1\" content=\"redazione\" \/>\n\t<meta name=\"twitter:label2\" content=\"Dur\u00e9e de lecture estim\u00e9e\" \/>\n\t<meta name=\"twitter:data2\" content=\"1 minute\" \/>\n<script type=\"application\/ld+json\" class=\"yoast-schema-graph\">{\"@context\":\"https:\\\/\\\/schema.org\",\"@graph\":[{\"@type\":\"Article\",\"@id\":\"https:\\\/\\\/www.bellunopress.it\\\/2020\\\/04\\\/18\\\/donazioni-alla-provincia-succhi-di-frutta-per-le-case-di-riposo-e-coprisedili-per-i-mezzi-dell-protezione-civile\\\/#article\",\"isPartOf\":{\"@id\":\"https:\\\/\\\/www.bellunopress.it\\\/2020\\\/04\\\/18\\\/donazioni-alla-provincia-succhi-di-frutta-per-le-case-di-riposo-e-coprisedili-per-i-mezzi-dell-protezione-civile\\\/\"},\"author\":{\"name\":\"redazione\",\"@id\":\"https:\\\/\\\/www.bellunopress.it\\\/#\\\/schema\\\/person\\\/79bb06722b37ece1c03d3e94beb30d73\"},\"headline\":\"Donazioni alla Provincia. Succhi di frutta per le case di riposo e coprisedili per i mezzi dell Protezione civile.\",\"datePublished\":\"2020-04-18T18:35:00+00:00\",\"mainEntityOfPage\":{\"@id\":\"https:\\\/\\\/www.bellunopress.it\\\/2020\\\/04\\\/18\\\/donazioni-alla-provincia-succhi-di-frutta-per-le-case-di-riposo-e-coprisedili-per-i-mezzi-dell-protezione-civile\\\/\"},\"wordCount\":300,\"publisher\":{\"@id\":\"https:\\\/\\\/www.bellunopress.it\\\/#organization\"},\"image\":{\"@id\":\"https:\\\/\\\/www.bellunopress.it\\\/2020\\\/04\\\/18\\\/donazioni-alla-provincia-succhi-di-frutta-per-le-case-di-riposo-e-coprisedili-per-i-mezzi-dell-protezione-civile\\\/#primaryimage\"},\"thumbnailUrl\":\"https:\\\/\\\/www.bellunopress.it\\\/wp-content\\\/uploads\\\/2019\\\/01\\\/Massimo-Bortoluzzi-consigliere-provinciale.jpg\",\"articleSection\":[\"Cronaca\\\/Politica\",\"Prima Pagina\"],\"inLanguage\":\"fr-FR\"},{\"@type\":\"WebPage\",\"@id\":\"https:\\\/\\\/www.bellunopress.it\\\/2020\\\/04\\\/18\\\/donazioni-alla-provincia-succhi-di-frutta-per-le-case-di-riposo-e-coprisedili-per-i-mezzi-dell-protezione-civile\\\/\",\"url\":\"https:\\\/\\\/www.bellunopress.it\\\/2020\\\/04\\\/18\\\/donazioni-alla-provincia-succhi-di-frutta-per-le-case-di-riposo-e-coprisedili-per-i-mezzi-dell-protezione-civile\\\/\",\"name\":\"Donazioni alla Provincia. Succhi di frutta per le case di riposo e coprisedili per i mezzi dell Protezione civile. - Bellunopress - Dolomiti\",\"isPartOf\":{\"@id\":\"https:\\\/\\\/www.bellunopress.it\\\/#website\"},\"primaryImageOfPage\":{\"@id\":\"https:\\\/\\\/www.bellunopress.it\\\/2020\\\/04\\\/18\\\/donazioni-alla-provincia-succhi-di-frutta-per-le-case-di-riposo-e-coprisedili-per-i-mezzi-dell-protezione-civile\\\/#primaryimage\"},\"image\":{\"@id\":\"https:\\\/\\\/www.bellunopress.it\\\/2020\\\/04\\\/18\\\/donazioni-alla-provincia-succhi-di-frutta-per-le-case-di-riposo-e-coprisedili-per-i-mezzi-dell-protezione-civile\\\/#primaryimage\"},\"thumbnailUrl\":\"https:\\\/\\\/www.bellunopress.it\\\/wp-content\\\/uploads\\\/2019\\\/01\\\/Massimo-Bortoluzzi-consigliere-provinciale.jpg\",\"datePublished\":\"2020-04-18T18:35:00+00:00\",\"breadcrumb\":{\"@id\":\"https:\\\/\\\/www.bellunopress.it\\\/2020\\\/04\\\/18\\\/donazioni-alla-provincia-succhi-di-frutta-per-le-case-di-riposo-e-coprisedili-per-i-mezzi-dell-protezione-civile\\\/#breadcrumb\"},\"inLanguage\":\"fr-FR\",\"potentialAction\":[{\"@type\":\"ReadAction\",\"target\":[\"https:\\\/\\\/www.bellunopress.it\\\/2020\\\/04\\\/18\\\/donazioni-alla-provincia-succhi-di-frutta-per-le-case-di-riposo-e-coprisedili-per-i-mezzi-dell-protezione-civile\\\/\"]}]},{\"@type\":\"ImageObject\",\"inLanguage\":\"fr-FR\",\"@id\":\"https:\\\/\\\/www.bellunopress.it\\\/2020\\\/04\\\/18\\\/donazioni-alla-provincia-succhi-di-frutta-per-le-case-di-riposo-e-coprisedili-per-i-mezzi-dell-protezione-civile\\\/#primaryimage\",\"url\":\"https:\\\/\\\/www.bellunopress.it\\\/wp-content\\\/uploads\\\/2019\\\/01\\\/Massimo-Bortoluzzi-consigliere-provinciale.jpg\",\"contentUrl\":\"https:\\\/\\\/www.bellunopress.it\\\/wp-content\\\/uploads\\\/2019\\\/01\\\/Massimo-Bortoluzzi-consigliere-provinciale.jpg\",\"width\":247,\"height\":300,\"caption\":\"Massimo Bortoluzzi, consigliere provinciale\"},{\"@type\":\"BreadcrumbList\",\"@id\":\"https:\\\/\\\/www.bellunopress.it\\\/2020\\\/04\\\/18\\\/donazioni-alla-provincia-succhi-di-frutta-per-le-case-di-riposo-e-coprisedili-per-i-mezzi-dell-protezione-civile\\\/#breadcrumb\",\"itemListElement\":[{\"@type\":\"ListItem\",\"position\":1,\"name\":\"Home\",\"item\":\"https:\\\/\\\/www.bellunopress.it\\\/\"},{\"@type\":\"ListItem\",\"position\":2,\"name\":\"Donazioni alla Provincia. Succhi di frutta per le case di riposo e coprisedili per i mezzi dell Protezione civile.\"}]},{\"@type\":\"WebSite\",\"@id\":\"https:\\\/\\\/www.bellunopress.it\\\/#website\",\"url\":\"https:\\\/\\\/www.bellunopress.it\\\/\",\"name\":\"Bellunopress - Dolomiti\",\"description\":\"e-mail: redazione@bellunopress.it\",\"publisher\":{\"@id\":\"https:\\\/\\\/www.bellunopress.it\\\/#organization\"},\"potentialAction\":[{\"@type\":\"SearchAction\",\"target\":{\"@type\":\"EntryPoint\",\"urlTemplate\":\"https:\\\/\\\/www.bellunopress.it\\\/?s={search_term_string}\"},\"query-input\":{\"@type\":\"PropertyValueSpecification\",\"valueRequired\":true,\"valueName\":\"search_term_string\"}}],\"inLanguage\":\"fr-FR\"},{\"@type\":\"Organization\",\"@id\":\"https:\\\/\\\/www.bellunopress.it\\\/#organization\",\"name\":\"Bellunopress\",\"url\":\"https:\\\/\\\/www.bellunopress.it\\\/\",\"logo\":{\"@type\":\"ImageObject\",\"inLanguage\":\"fr-FR\",\"@id\":\"https:\\\/\\\/www.bellunopress.it\\\/#\\\/schema\\\/logo\\\/image\\\/\",\"url\":\"https:\\\/\\\/www.bellunopress.it\\\/wp-content\\\/uploads\\\/2011\\\/05\\\/cropped-logo-bellunopress-.jpg\",\"contentUrl\":\"https:\\\/\\\/www.bellunopress.it\\\/wp-content\\\/uploads\\\/2011\\\/05\\\/cropped-logo-bellunopress-.jpg\",\"width\":512,\"height\":512,\"caption\":\"Bellunopress\"},\"image\":{\"@id\":\"https:\\\/\\\/www.bellunopress.it\\\/#\\\/schema\\\/logo\\\/image\\\/\"},\"sameAs\":[\"https:\\\/\\\/www.facebook.com\\\/profile.php?id=100008943462799\",\"https:\\\/\\\/x.com\\\/bellunopress\",\"https:\\\/\\\/www.linkedin.com\\\/hp\\\/?dnr=JBzUWaJfMUw8vbXJJ2tVW5-I3jZKvC4wsoxE&amp;amp;amp;amp;amp;amp;trk=nav_responsive_tab_home\",\"https:\\\/\\\/www.youtube.com\\\/channel\\\/UCxL0wu1uN0_3_7hGG0306cw\"]},{\"@type\":\"Person\",\"@id\":\"https:\\\/\\\/www.bellunopress.it\\\/#\\\/schema\\\/person\\\/79bb06722b37ece1c03d3e94beb30d73\",\"name\":\"redazione\",\"image\":{\"@type\":\"ImageObject\",\"inLanguage\":\"fr-FR\",\"@id\":\"https:\\\/\\\/secure.gravatar.com\\\/avatar\\\/37d968a2e67a6fd04c169c4bdef102d0bc5d31b2546345219e348575eb80e9a0?s=96&d=mm&r=g\",\"url\":\"https:\\\/\\\/secure.gravatar.com\\\/avatar\\\/37d968a2e67a6fd04c169c4bdef102d0bc5d31b2546345219e348575eb80e9a0?s=96&d=mm&r=g\",\"contentUrl\":\"https:\\\/\\\/secure.gravatar.com\\\/avatar\\\/37d968a2e67a6fd04c169c4bdef102d0bc5d31b2546345219e348575eb80e9a0?s=96&d=mm&r=g\",\"caption\":\"redazione\"},\"sameAs\":[\"http:\\\/\\\/www.bellunopress.it\",\"https:\\\/\\\/x.com\\\/bellunopress\"],\"url\":\"https:\\\/\\\/www.bellunopress.it\\\/fr\\\/author\\\/redazione\\\/\"}]}<\/script>\n<!-- \/ Yoast SEO plugin. -->","yoast_head_json":{"title":"Donazioni alla Provincia. Succhi di frutta per le case di riposo e coprisedili per i mezzi dell Protezione civile. - Bellunopress - Dolomiti","robots":{"index":"index","follow":"follow","max-snippet":"max-snippet:-1","max-image-preview":"max-image-preview:large","max-video-preview":"max-video-preview:-1"},"canonical":"https:\/\/www.bellunopress.it\/fr\/2020\/04\/18\/donazioni-alla-provincia-succhi-di-frutta-per-le-case-di-riposo-e-coprisedili-per-i-mezzi-dell-protezione-civile\/","og_locale":"fr_FR","og_type":"article","og_title":"Donazioni alla Provincia. Succhi di frutta per le case di riposo e coprisedili per i mezzi dell Protezione civile. - Bellunopress - Dolomiti","og_description":"Succhi di frutta e bottiglie di alcol per la disinfezione. Ma anche coprisedile anti-contagio. \u00c8 il nuovo carico di generosit\u00e0 che la Provincia di Belluno ha ricevuto per la sua Protezione Civile. Gli scatoloni dei succhi sono arrivati nei giorni scorsi ai magazzini provinciali della Cal di Limana. Mentre i coprisedile sono stati donati stamattina [&hellip;]","og_url":"https:\/\/www.bellunopress.it\/fr\/2020\/04\/18\/donazioni-alla-provincia-succhi-di-frutta-per-le-case-di-riposo-e-coprisedili-per-i-mezzi-dell-protezione-civile\/","og_site_name":"Bellunopress - Dolomiti","article_publisher":"https:\/\/www.facebook.com\/profile.php?id=100008943462799","article_published_time":"2020-04-18T18:35:00+00:00","og_image":[{"width":247,"height":300,"url":"https:\/\/www.bellunopress.it\/wp-content\/uploads\/2019\/01\/Massimo-Bortoluzzi-consigliere-provinciale.jpg","type":"image\/jpeg"}],"author":"redazione","twitter_card":"summary_large_image","twitter_creator":"@bellunopress","twitter_site":"@bellunopress","twitter_misc":{"\u00c9crit par":"redazione","Dur\u00e9e de lecture estim\u00e9e":"1 minute"},"schema":{"@context":"https:\/\/schema.org","@graph":[{"@type":"Article","@id":"https:\/\/www.bellunopress.it\/2020\/04\/18\/donazioni-alla-provincia-succhi-di-frutta-per-le-case-di-riposo-e-coprisedili-per-i-mezzi-dell-protezione-civile\/#article","isPartOf":{"@id":"https:\/\/www.bellunopress.it\/2020\/04\/18\/donazioni-alla-provincia-succhi-di-frutta-per-le-case-di-riposo-e-coprisedili-per-i-mezzi-dell-protezione-civile\/"},"author":{"name":"redazione","@id":"https:\/\/www.bellunopress.it\/#\/schema\/person\/79bb06722b37ece1c03d3e94beb30d73"},"headline":"Donazioni alla Provincia. Succhi di frutta per le case di riposo e coprisedili per i mezzi dell Protezione civile.","datePublished":"2020-04-18T18:35:00+00:00","mainEntityOfPage":{"@id":"https:\/\/www.bellunopress.it\/2020\/04\/18\/donazioni-alla-provincia-succhi-di-frutta-per-le-case-di-riposo-e-coprisedili-per-i-mezzi-dell-protezione-civile\/"},"wordCount":300,"publisher":{"@id":"https:\/\/www.bellunopress.it\/#organization"},"image":{"@id":"https:\/\/www.bellunopress.it\/2020\/04\/18\/donazioni-alla-provincia-succhi-di-frutta-per-le-case-di-riposo-e-coprisedili-per-i-mezzi-dell-protezione-civile\/#primaryimage"},"thumbnailUrl":"https:\/\/www.bellunopress.it\/wp-content\/uploads\/2019\/01\/Massimo-Bortoluzzi-consigliere-provinciale.jpg","articleSection":["Cronaca\/Politica","Prima Pagina"],"inLanguage":"fr-FR"},{"@type":"WebPage","@id":"https:\/\/www.bellunopress.it\/2020\/04\/18\/donazioni-alla-provincia-succhi-di-frutta-per-le-case-di-riposo-e-coprisedili-per-i-mezzi-dell-protezione-civile\/","url":"https:\/\/www.bellunopress.it\/2020\/04\/18\/donazioni-alla-provincia-succhi-di-frutta-per-le-case-di-riposo-e-coprisedili-per-i-mezzi-dell-protezione-civile\/","name":"Donazioni alla Provincia. Succhi di frutta per le case di riposo e coprisedili per i mezzi dell Protezione civile. - Bellunopress - Dolomiti","isPartOf":{"@id":"https:\/\/www.bellunopress.it\/#website"},"primaryImageOfPage":{"@id":"https:\/\/www.bellunopress.it\/2020\/04\/18\/donazioni-alla-provincia-succhi-di-frutta-per-le-case-di-riposo-e-coprisedili-per-i-mezzi-dell-protezione-civile\/#primaryimage"},"image":{"@id":"https:\/\/www.bellunopress.it\/2020\/04\/18\/donazioni-alla-provincia-succhi-di-frutta-per-le-case-di-riposo-e-coprisedili-per-i-mezzi-dell-protezione-civile\/#primaryimage"},"thumbnailUrl":"https:\/\/www.bellunopress.it\/wp-content\/uploads\/2019\/01\/Massimo-Bortoluzzi-consigliere-provinciale.jpg","datePublished":"2020-04-18T18:35:00+00:00","breadcrumb":{"@id":"https:\/\/www.bellunopress.it\/2020\/04\/18\/donazioni-alla-provincia-succhi-di-frutta-per-le-case-di-riposo-e-coprisedili-per-i-mezzi-dell-protezione-civile\/#breadcrumb"},"inLanguage":"fr-FR","potentialAction":[{"@type":"ReadAction","target":["https:\/\/www.bellunopress.it\/2020\/04\/18\/donazioni-alla-provincia-succhi-di-frutta-per-le-case-di-riposo-e-coprisedili-per-i-mezzi-dell-protezione-civile\/"]}]},{"@type":"ImageObject","inLanguage":"fr-FR","@id":"https:\/\/www.bellunopress.it\/2020\/04\/18\/donazioni-alla-provincia-succhi-di-frutta-per-le-case-di-riposo-e-coprisedili-per-i-mezzi-dell-protezione-civile\/#primaryimage","url":"https:\/\/www.bellunopress.it\/wp-content\/uploads\/2019\/01\/Massimo-Bortoluzzi-consigliere-provinciale.jpg","contentUrl":"https:\/\/www.bellunopress.it\/wp-content\/uploads\/2019\/01\/Massimo-Bortoluzzi-consigliere-provinciale.jpg","width":247,"height":300,"caption":"Massimo Bortoluzzi, consigliere provinciale"},{"@type":"BreadcrumbList","@id":"https:\/\/www.bellunopress.it\/2020\/04\/18\/donazioni-alla-provincia-succhi-di-frutta-per-le-case-di-riposo-e-coprisedili-per-i-mezzi-dell-protezione-civile\/#breadcrumb","itemListElement":[{"@type":"ListItem","position":1,"name":"Home","item":"https:\/\/www.bellunopress.it\/"},{"@type":"ListItem","position":2,"name":"Donazioni alla Provincia. Succhi di frutta per le case di riposo e coprisedili per i mezzi dell Protezione civile."}]},{"@type":"WebSite","@id":"https:\/\/www.bellunopress.it\/#website","url":"https:\/\/www.bellunopress.it\/","name":"Bellunopress - Dolomiti","description":"e-mail: redazione@bellunopress.it","publisher":{"@id":"https:\/\/www.bellunopress.it\/#organization"},"potentialAction":[{"@type":"SearchAction","target":{"@type":"EntryPoint","urlTemplate":"https:\/\/www.bellunopress.it\/?s={search_term_string}"},"query-input":{"@type":"PropertyValueSpecification","valueRequired":true,"valueName":"search_term_string"}}],"inLanguage":"fr-FR"},{"@type":"Organization","@id":"https:\/\/www.bellunopress.it\/#organization","name":"Bellunopress","url":"https:\/\/www.bellunopress.it\/","logo":{"@type":"ImageObject","inLanguage":"fr-FR","@id":"https:\/\/www.bellunopress.it\/#\/schema\/logo\/image\/","url":"https:\/\/www.bellunopress.it\/wp-content\/uploads\/2011\/05\/cropped-logo-bellunopress-.jpg","contentUrl":"https:\/\/www.bellunopress.it\/wp-content\/uploads\/2011\/05\/cropped-logo-bellunopress-.jpg","width":512,"height":512,"caption":"Bellunopress"},"image":{"@id":"https:\/\/www.bellunopress.it\/#\/schema\/logo\/image\/"},"sameAs":["https:\/\/www.facebook.com\/profile.php?id=100008943462799","https:\/\/x.com\/bellunopress","https:\/\/www.linkedin.com\/hp\/?dnr=JBzUWaJfMUw8vbXJJ2tVW5-I3jZKvC4wsoxE&amp;amp;amp;amp;amp;amp;trk=nav_responsive_tab_home","https:\/\/www.youtube.com\/channel\/UCxL0wu1uN0_3_7hGG0306cw"]},{"@type":"Person","@id":"https:\/\/www.bellunopress.it\/#\/schema\/person\/79bb06722b37ece1c03d3e94beb30d73","name":"r\u00e9daction","image":{"@type":"ImageObject","inLanguage":"fr-FR","@id":"https:\/\/secure.gravatar.com\/avatar\/37d968a2e67a6fd04c169c4bdef102d0bc5d31b2546345219e348575eb80e9a0?s=96&d=mm&r=g","url":"https:\/\/secure.gravatar.com\/avatar\/37d968a2e67a6fd04c169c4bdef102d0bc5d31b2546345219e348575eb80e9a0?s=96&d=mm&r=g","contentUrl":"https:\/\/secure.gravatar.com\/avatar\/37d968a2e67a6fd04c169c4bdef102d0bc5d31b2546345219e348575eb80e9a0?s=96&d=mm&r=g","caption":"redazione"},"sameAs":["http:\/\/www.bellunopress.it","https:\/\/x.com\/bellunopress"],"url":"https:\/\/www.bellunopress.it\/fr\/author\/redazione\/"}]}},"_links":{"self":[{"href":"https:\/\/www.bellunopress.it\/fr\/wp-json\/wp\/v2\/posts\/113865","targetHints":{"allow":["GET"]}}],"collection":[{"href":"https:\/\/www.bellunopress.it\/fr\/wp-json\/wp\/v2\/posts"}],"about":[{"href":"https:\/\/www.bellunopress.it\/fr\/wp-json\/wp\/v2\/types\/post"}],"author":[{"embeddable":true,"href":"https:\/\/www.bellunopress.it\/fr\/wp-json\/wp\/v2\/users\/2"}],"replies":[{"embeddable":true,"href":"https:\/\/www.bellunopress.it\/fr\/wp-json\/wp\/v2\/comments?post=113865"}],"version-history":[{"count":1,"href":"https:\/\/www.bellunopress.it\/fr\/wp-json\/wp\/v2\/posts\/113865\/revisions"}],"predecessor-version":[{"id":113866,"href":"https:\/\/www.bellunopress.it\/fr\/wp-json\/wp\/v2\/posts\/113865\/revisions\/113866"}],"wp:featuredmedia":[{"embeddable":true,"href":"https:\/\/www.bellunopress.it\/fr\/wp-json\/wp\/v2\/media\/101096"}],"wp:attachment":[{"href":"https:\/\/www.bellunopress.it\/fr\/wp-json\/wp\/v2\/media?parent=113865"}],"wp:term":[{"taxonomy":"category","embeddable":true,"href":"https:\/\/www.bellunopress.it\/fr\/wp-json\/wp\/v2\/categories?post=113865"},{"taxonomy":"post_tag","embeddable":true,"href":"https:\/\/www.bellunopress.it\/fr\/wp-json\/wp\/v2\/tags?post=113865"}],"curies":[{"name":"wp","href":"https:\/\/api.w.org\/{rel}","templated":true}]}}