{"id":11386,"date":"2010-01-10T18:31:59","date_gmt":"2010-01-10T17:31:59","guid":{"rendered":"http:\/\/www.bellunopress.it\/?p=11386"},"modified":"2010-01-10T18:31:59","modified_gmt":"2010-01-10T17:31:59","slug":"tra-sci-e-piatti-tipici-con-la-scuola-di-sci-e-snowboard-cortina-mercoledi-13-gennaio","status":"publish","type":"post","link":"https:\/\/www.bellunopress.it\/fr\/2010\/01\/10\/tra-sci-e-piatti-tipici-con-la-scuola-di-sci-e-snowboard-cortina-mercoledi-13-gennaio\/","title":{"rendered":"Tra sci e piatti tipici con la Scuola di sci e snowboard Cortina mercoled\u00ec 13 gennaio"},"content":{"rendered":"<p><a href=\"http:\/\/www.bellunopress.it\/wp-content\/uploads\/2009\/11\/mercatino-di-cortina-phstefano-zardini.jpg\"><img loading=\"lazy\" decoding=\"async\" class=\"alignleft size-medium wp-image-9501\" title=\"mercatino-di-cortina-phstefano-zardini\" src=\"http:\/\/www.bellunopress.it\/wp-content\/uploads\/2009\/11\/mercatino-di-cortina-phstefano-zardini.jpg\" alt=\"\" width=\"290\" height=\"193\" \/><\/a>La Scuola Sci e Snowboard Cortina organizza mercoled\u00ec 13 gennaio un corso gastronomico\/sportivo, una proposta per vivere una giornata in montagna tra sport e prodotti tipici. I maestri professionisti delle Scuola Sci e Snowboard Cortina saranno a disposizione per prendere per mano grandi e piccini e guidarli alla scoperta della tecnica corretta dello sci. E in pi\u00f9 all\u2019ora di pranzo tutti al rifugio Averau, dove da 2.416 metri di altezza si apre un panorama unico sul Civetta e la Marmolada. Sandrone e Paola delizieranno gli ospiti con piatti di alto livello, tanto che il Sunday Times ha inserito il rifugio tra i 10 migliori ristoranti di montagna delle Alpi. Un vero e proprio corso collettivo itinerante nell\u2019area Lagazuoi 5 Torri, una zona che offre un\u2019enorme variet\u00e0 di piste panoramiche con ampi dislivelli, immerse in paesaggi indimenticabili. Con pochi minuti di funivia dal passo Falzarego si raggiunge il rifugio Lagazuoi a 2.752 metri di quota, di fronte alla Marmolada e alle Tofane. Da qui parte la pista Armentarola, la pi\u00f9 lunga e panoramica delle Dolomiti, collegata, sci ai piedi, alla Val Badia. L\u2019area Lagazoi-5 Torri \u00e8 la zona che, pi\u00f9 di ogni altra, porta ancora evidenti i segni tragici della Prima Guerra Mondiale. Camminamenti, trincee e postazioni sono visitabili grazie al Giro della Grande Guerra, un itinerario attraverso il fronte dolomitico e i territori sciabili di Badia, Arabba, Marmolada e Civetta. 12 i rifugi e i punti di ristoro in cui i turisti possono assaggiare le particolarit\u00e0 enogastronomiche locali. Sport, divertimento, gastronomia tipica, professionalit\u00e0 e sicurezza: questi gli ingredienti della speciale proposta della Scuola Sci e Snowboard Cortina. La Scuola rappresenta una vera istituzione in paese: ha festeggiato lo scorso anno i suoi 75 anni di onorata attivit\u00e0. 110 associati effettivi e un organico che nei periodi di alta stagione arriva a sfiorare le 130 unit\u00e0: questi i numeri della prima scuola costituita in Italia, nel 1933, e ancora oggi una delle pi\u00f9 grandi e importanti scuole di sci del nostro Paese.<br \/>\nScuola Sci e Snowboard Cortina<br \/>\nCorso Italia 67<br \/>\nInfo: 0436\/2911 &#8211; <a href=\"mailto:info@scuolascicortina.it\">info@scuolascicortina.it<\/a> &#8211; <a href=\"http:\/\/www.scuolascicortina.it\">www.scuolascicortina.it<\/a><br \/>\nprenotazioni presso la sede della scuola entro le 19.00 di marted\u00ec 12 gennaio.<\/p>","protected":false},"excerpt":{"rendered":"<p>La Scuola Sci e Snowboard Cortina organizza mercoled\u00ec 13 gennaio un corso gastronomico\/sportivo, una proposta per vivere una giornata in montagna tra sport e prodotti tipici. I maestri professionisti delle Scuola Sci e Snowboard Cortina saranno a disposizione per prendere per mano grandi e piccini e guidarli alla scoperta della tecnica corretta dello sci. E [&hellip;]<\/p>\n","protected":false},"author":2,"featured_media":0,"comment_status":"closed","ping_status":"open","sticky":false,"template":"","format":"standard","meta":{"footnotes":""},"categories":[25,8,4],"tags":[139,63],"class_list":["post-11386","post","type-post","status-publish","format-standard","category-pausa-caffe","category-societa-istituzioni","category-sport","tag-belluno","tag-dolomiti"],"yoast_head":"<!-- This site is optimized with the Yoast SEO plugin v28.4 - https:\/\/yoast.com\/product\/yoast-seo-wordpress\/ -->\n<title>Tra sci e piatti tipici con la Scuola di sci e snowboard Cortina mercoled\u00ec 13 gennaio  - Bellunopress - Dolomiti<\/title>\n<meta name=\"robots\" content=\"index, follow, max-snippet:-1, max-image-preview:large, max-video-preview:-1\" \/>\n<link rel=\"canonical\" href=\"https:\/\/www.bellunopress.it\/fr\/2010\/01\/10\/tra-sci-e-piatti-tipici-con-la-scuola-di-sci-e-snowboard-cortina-mercoledi-13-gennaio\/\" \/>\n<meta property=\"og:locale\" content=\"fr_FR\" \/>\n<meta property=\"og:type\" content=\"article\" \/>\n<meta property=\"og:title\" content=\"Tra sci e piatti tipici con la Scuola di sci e snowboard Cortina mercoled\u00ec 13 gennaio  - Bellunopress - Dolomiti\" \/>\n<meta property=\"og:description\" content=\"La Scuola Sci e Snowboard Cortina organizza mercoled\u00ec 13 gennaio un corso gastronomico\/sportivo, una proposta per vivere una giornata in montagna tra sport e prodotti tipici. I maestri professionisti delle Scuola Sci e Snowboard Cortina saranno a disposizione per prendere per mano grandi e piccini e guidarli alla scoperta della tecnica corretta dello sci. E [&hellip;]\" \/>\n<meta property=\"og:url\" content=\"https:\/\/www.bellunopress.it\/fr\/2010\/01\/10\/tra-sci-e-piatti-tipici-con-la-scuola-di-sci-e-snowboard-cortina-mercoledi-13-gennaio\/\" \/>\n<meta property=\"og:site_name\" content=\"Bellunopress - Dolomiti\" \/>\n<meta property=\"article:publisher\" content=\"https:\/\/www.facebook.com\/profile.php?id=100008943462799\" \/>\n<meta property=\"article:published_time\" content=\"2010-01-10T17:31:59+00:00\" \/>\n<meta property=\"og:image\" content=\"http:\/\/www.bellunopress.it\/wp-content\/uploads\/2009\/11\/mercatino-di-cortina-phstefano-zardini.jpg\" \/>\n<meta name=\"author\" content=\"redazione\" \/>\n<meta name=\"twitter:card\" content=\"summary_large_image\" \/>\n<meta name=\"twitter:creator\" content=\"@bellunopress\" \/>\n<meta name=\"twitter:site\" content=\"@bellunopress\" \/>\n<meta name=\"twitter:label1\" content=\"\u00c9crit par\" \/>\n\t<meta name=\"twitter:data1\" content=\"redazione\" \/>\n\t<meta name=\"twitter:label2\" content=\"Dur\u00e9e de lecture estim\u00e9e\" \/>\n\t<meta name=\"twitter:data2\" content=\"2 minutes\" \/>\n<script type=\"application\/ld+json\" class=\"yoast-schema-graph\">{\"@context\":\"https:\\\/\\\/schema.org\",\"@graph\":[{\"@type\":\"Article\",\"@id\":\"https:\\\/\\\/www.bellunopress.it\\\/2010\\\/01\\\/10\\\/tra-sci-e-piatti-tipici-con-la-scuola-di-sci-e-snowboard-cortina-mercoledi-13-gennaio\\\/#article\",\"isPartOf\":{\"@id\":\"https:\\\/\\\/www.bellunopress.it\\\/2010\\\/01\\\/10\\\/tra-sci-e-piatti-tipici-con-la-scuola-di-sci-e-snowboard-cortina-mercoledi-13-gennaio\\\/\"},\"author\":{\"name\":\"redazione\",\"@id\":\"https:\\\/\\\/www.bellunopress.it\\\/#\\\/schema\\\/person\\\/79bb06722b37ece1c03d3e94beb30d73\"},\"headline\":\"Tra sci e piatti tipici con la Scuola di sci e snowboard Cortina mercoled\u00ec 13 gennaio\",\"datePublished\":\"2010-01-10T17:31:59+00:00\",\"mainEntityOfPage\":{\"@id\":\"https:\\\/\\\/www.bellunopress.it\\\/2010\\\/01\\\/10\\\/tra-sci-e-piatti-tipici-con-la-scuola-di-sci-e-snowboard-cortina-mercoledi-13-gennaio\\\/\"},\"wordCount\":367,\"publisher\":{\"@id\":\"https:\\\/\\\/www.bellunopress.it\\\/#organization\"},\"image\":{\"@id\":\"https:\\\/\\\/www.bellunopress.it\\\/2010\\\/01\\\/10\\\/tra-sci-e-piatti-tipici-con-la-scuola-di-sci-e-snowboard-cortina-mercoledi-13-gennaio\\\/#primaryimage\"},\"thumbnailUrl\":\"http:\\\/\\\/www.bellunopress.it\\\/wp-content\\\/uploads\\\/2009\\\/11\\\/mercatino-di-cortina-phstefano-zardini.jpg\",\"keywords\":[\"Belluno\",\"Dolomiti\"],\"articleSection\":[\"Pausa Caff\u00e8\",\"Societ\u00e0, Associazioni, Istituzioni\",\"Sport, tempo libero\"],\"inLanguage\":\"fr-FR\"},{\"@type\":\"WebPage\",\"@id\":\"https:\\\/\\\/www.bellunopress.it\\\/2010\\\/01\\\/10\\\/tra-sci-e-piatti-tipici-con-la-scuola-di-sci-e-snowboard-cortina-mercoledi-13-gennaio\\\/\",\"url\":\"https:\\\/\\\/www.bellunopress.it\\\/2010\\\/01\\\/10\\\/tra-sci-e-piatti-tipici-con-la-scuola-di-sci-e-snowboard-cortina-mercoledi-13-gennaio\\\/\",\"name\":\"Tra sci e piatti tipici con la Scuola di sci e snowboard Cortina mercoled\u00ec 13 gennaio - Bellunopress - Dolomiti\",\"isPartOf\":{\"@id\":\"https:\\\/\\\/www.bellunopress.it\\\/#website\"},\"primaryImageOfPage\":{\"@id\":\"https:\\\/\\\/www.bellunopress.it\\\/2010\\\/01\\\/10\\\/tra-sci-e-piatti-tipici-con-la-scuola-di-sci-e-snowboard-cortina-mercoledi-13-gennaio\\\/#primaryimage\"},\"image\":{\"@id\":\"https:\\\/\\\/www.bellunopress.it\\\/2010\\\/01\\\/10\\\/tra-sci-e-piatti-tipici-con-la-scuola-di-sci-e-snowboard-cortina-mercoledi-13-gennaio\\\/#primaryimage\"},\"thumbnailUrl\":\"http:\\\/\\\/www.bellunopress.it\\\/wp-content\\\/uploads\\\/2009\\\/11\\\/mercatino-di-cortina-phstefano-zardini.jpg\",\"datePublished\":\"2010-01-10T17:31:59+00:00\",\"breadcrumb\":{\"@id\":\"https:\\\/\\\/www.bellunopress.it\\\/2010\\\/01\\\/10\\\/tra-sci-e-piatti-tipici-con-la-scuola-di-sci-e-snowboard-cortina-mercoledi-13-gennaio\\\/#breadcrumb\"},\"inLanguage\":\"fr-FR\",\"potentialAction\":[{\"@type\":\"ReadAction\",\"target\":[\"https:\\\/\\\/www.bellunopress.it\\\/2010\\\/01\\\/10\\\/tra-sci-e-piatti-tipici-con-la-scuola-di-sci-e-snowboard-cortina-mercoledi-13-gennaio\\\/\"]}]},{\"@type\":\"ImageObject\",\"inLanguage\":\"fr-FR\",\"@id\":\"https:\\\/\\\/www.bellunopress.it\\\/2010\\\/01\\\/10\\\/tra-sci-e-piatti-tipici-con-la-scuola-di-sci-e-snowboard-cortina-mercoledi-13-gennaio\\\/#primaryimage\",\"url\":\"http:\\\/\\\/www.bellunopress.it\\\/wp-content\\\/uploads\\\/2009\\\/11\\\/mercatino-di-cortina-phstefano-zardini.jpg\",\"contentUrl\":\"http:\\\/\\\/www.bellunopress.it\\\/wp-content\\\/uploads\\\/2009\\\/11\\\/mercatino-di-cortina-phstefano-zardini.jpg\"},{\"@type\":\"BreadcrumbList\",\"@id\":\"https:\\\/\\\/www.bellunopress.it\\\/2010\\\/01\\\/10\\\/tra-sci-e-piatti-tipici-con-la-scuola-di-sci-e-snowboard-cortina-mercoledi-13-gennaio\\\/#breadcrumb\",\"itemListElement\":[{\"@type\":\"ListItem\",\"position\":1,\"name\":\"Home\",\"item\":\"https:\\\/\\\/www.bellunopress.it\\\/\"},{\"@type\":\"ListItem\",\"position\":2,\"name\":\"Tra sci e piatti tipici con la Scuola di sci e snowboard Cortina mercoled\u00ec 13 gennaio\"}]},{\"@type\":\"WebSite\",\"@id\":\"https:\\\/\\\/www.bellunopress.it\\\/#website\",\"url\":\"https:\\\/\\\/www.bellunopress.it\\\/\",\"name\":\"Bellunopress - Dolomiti\",\"description\":\"e-mail: redazione@bellunopress.it\",\"publisher\":{\"@id\":\"https:\\\/\\\/www.bellunopress.it\\\/#organization\"},\"potentialAction\":[{\"@type\":\"SearchAction\",\"target\":{\"@type\":\"EntryPoint\",\"urlTemplate\":\"https:\\\/\\\/www.bellunopress.it\\\/?s={search_term_string}\"},\"query-input\":{\"@type\":\"PropertyValueSpecification\",\"valueRequired\":true,\"valueName\":\"search_term_string\"}}],\"inLanguage\":\"fr-FR\"},{\"@type\":\"Organization\",\"@id\":\"https:\\\/\\\/www.bellunopress.it\\\/#organization\",\"name\":\"Bellunopress\",\"url\":\"https:\\\/\\\/www.bellunopress.it\\\/\",\"logo\":{\"@type\":\"ImageObject\",\"inLanguage\":\"fr-FR\",\"@id\":\"https:\\\/\\\/www.bellunopress.it\\\/#\\\/schema\\\/logo\\\/image\\\/\",\"url\":\"https:\\\/\\\/www.bellunopress.it\\\/wp-content\\\/uploads\\\/2011\\\/05\\\/cropped-logo-bellunopress-.jpg\",\"contentUrl\":\"https:\\\/\\\/www.bellunopress.it\\\/wp-content\\\/uploads\\\/2011\\\/05\\\/cropped-logo-bellunopress-.jpg\",\"width\":512,\"height\":512,\"caption\":\"Bellunopress\"},\"image\":{\"@id\":\"https:\\\/\\\/www.bellunopress.it\\\/#\\\/schema\\\/logo\\\/image\\\/\"},\"sameAs\":[\"https:\\\/\\\/www.facebook.com\\\/profile.php?id=100008943462799\",\"https:\\\/\\\/x.com\\\/bellunopress\",\"https:\\\/\\\/www.linkedin.com\\\/hp\\\/?dnr=JBzUWaJfMUw8vbXJJ2tVW5-I3jZKvC4wsoxE&amp;amp;amp;amp;amp;amp;trk=nav_responsive_tab_home\",\"https:\\\/\\\/www.youtube.com\\\/channel\\\/UCxL0wu1uN0_3_7hGG0306cw\"]},{\"@type\":\"Person\",\"@id\":\"https:\\\/\\\/www.bellunopress.it\\\/#\\\/schema\\\/person\\\/79bb06722b37ece1c03d3e94beb30d73\",\"name\":\"redazione\",\"image\":{\"@type\":\"ImageObject\",\"inLanguage\":\"fr-FR\",\"@id\":\"https:\\\/\\\/secure.gravatar.com\\\/avatar\\\/37d968a2e67a6fd04c169c4bdef102d0bc5d31b2546345219e348575eb80e9a0?s=96&d=mm&r=g\",\"url\":\"https:\\\/\\\/secure.gravatar.com\\\/avatar\\\/37d968a2e67a6fd04c169c4bdef102d0bc5d31b2546345219e348575eb80e9a0?s=96&d=mm&r=g\",\"contentUrl\":\"https:\\\/\\\/secure.gravatar.com\\\/avatar\\\/37d968a2e67a6fd04c169c4bdef102d0bc5d31b2546345219e348575eb80e9a0?s=96&d=mm&r=g\",\"caption\":\"redazione\"},\"sameAs\":[\"http:\\\/\\\/www.bellunopress.it\",\"https:\\\/\\\/x.com\\\/bellunopress\"],\"url\":\"https:\\\/\\\/www.bellunopress.it\\\/fr\\\/author\\\/redazione\\\/\"}]}<\/script>\n<!-- \/ Yoast SEO plugin. -->","yoast_head_json":{"title":"Tra sci e piatti tipici con la Scuola di sci e snowboard Cortina mercoled\u00ec 13 gennaio  - Bellunopress - Dolomiti","robots":{"index":"index","follow":"follow","max-snippet":"max-snippet:-1","max-image-preview":"max-image-preview:large","max-video-preview":"max-video-preview:-1"},"canonical":"https:\/\/www.bellunopress.it\/fr\/2010\/01\/10\/tra-sci-e-piatti-tipici-con-la-scuola-di-sci-e-snowboard-cortina-mercoledi-13-gennaio\/","og_locale":"fr_FR","og_type":"article","og_title":"Tra sci e piatti tipici con la Scuola di sci e snowboard Cortina mercoled\u00ec 13 gennaio  - Bellunopress - Dolomiti","og_description":"La Scuola Sci e Snowboard Cortina organizza mercoled\u00ec 13 gennaio un corso gastronomico\/sportivo, una proposta per vivere una giornata in montagna tra sport e prodotti tipici. I maestri professionisti delle Scuola Sci e Snowboard Cortina saranno a disposizione per prendere per mano grandi e piccini e guidarli alla scoperta della tecnica corretta dello sci. E [&hellip;]","og_url":"https:\/\/www.bellunopress.it\/fr\/2010\/01\/10\/tra-sci-e-piatti-tipici-con-la-scuola-di-sci-e-snowboard-cortina-mercoledi-13-gennaio\/","og_site_name":"Bellunopress - Dolomiti","article_publisher":"https:\/\/www.facebook.com\/profile.php?id=100008943462799","article_published_time":"2010-01-10T17:31:59+00:00","og_image":[{"url":"http:\/\/www.bellunopress.it\/wp-content\/uploads\/2009\/11\/mercatino-di-cortina-phstefano-zardini.jpg","type":"","width":"","height":""}],"author":"redazione","twitter_card":"summary_large_image","twitter_creator":"@bellunopress","twitter_site":"@bellunopress","twitter_misc":{"\u00c9crit par":"redazione","Dur\u00e9e de lecture estim\u00e9e":"2 minutes"},"schema":{"@context":"https:\/\/schema.org","@graph":[{"@type":"Article","@id":"https:\/\/www.bellunopress.it\/2010\/01\/10\/tra-sci-e-piatti-tipici-con-la-scuola-di-sci-e-snowboard-cortina-mercoledi-13-gennaio\/#article","isPartOf":{"@id":"https:\/\/www.bellunopress.it\/2010\/01\/10\/tra-sci-e-piatti-tipici-con-la-scuola-di-sci-e-snowboard-cortina-mercoledi-13-gennaio\/"},"author":{"name":"redazione","@id":"https:\/\/www.bellunopress.it\/#\/schema\/person\/79bb06722b37ece1c03d3e94beb30d73"},"headline":"Tra sci e piatti tipici con la Scuola di sci e snowboard Cortina mercoled\u00ec 13 gennaio","datePublished":"2010-01-10T17:31:59+00:00","mainEntityOfPage":{"@id":"https:\/\/www.bellunopress.it\/2010\/01\/10\/tra-sci-e-piatti-tipici-con-la-scuola-di-sci-e-snowboard-cortina-mercoledi-13-gennaio\/"},"wordCount":367,"publisher":{"@id":"https:\/\/www.bellunopress.it\/#organization"},"image":{"@id":"https:\/\/www.bellunopress.it\/2010\/01\/10\/tra-sci-e-piatti-tipici-con-la-scuola-di-sci-e-snowboard-cortina-mercoledi-13-gennaio\/#primaryimage"},"thumbnailUrl":"http:\/\/www.bellunopress.it\/wp-content\/uploads\/2009\/11\/mercatino-di-cortina-phstefano-zardini.jpg","keywords":["Belluno","Dolomiti"],"articleSection":["Pausa Caff\u00e8","Societ\u00e0, Associazioni, Istituzioni","Sport, tempo libero"],"inLanguage":"fr-FR"},{"@type":"WebPage","@id":"https:\/\/www.bellunopress.it\/2010\/01\/10\/tra-sci-e-piatti-tipici-con-la-scuola-di-sci-e-snowboard-cortina-mercoledi-13-gennaio\/","url":"https:\/\/www.bellunopress.it\/2010\/01\/10\/tra-sci-e-piatti-tipici-con-la-scuola-di-sci-e-snowboard-cortina-mercoledi-13-gennaio\/","name":"Tra sci e piatti tipici con la Scuola di sci e snowboard Cortina mercoled\u00ec 13 gennaio - Bellunopress - Dolomiti","isPartOf":{"@id":"https:\/\/www.bellunopress.it\/#website"},"primaryImageOfPage":{"@id":"https:\/\/www.bellunopress.it\/2010\/01\/10\/tra-sci-e-piatti-tipici-con-la-scuola-di-sci-e-snowboard-cortina-mercoledi-13-gennaio\/#primaryimage"},"image":{"@id":"https:\/\/www.bellunopress.it\/2010\/01\/10\/tra-sci-e-piatti-tipici-con-la-scuola-di-sci-e-snowboard-cortina-mercoledi-13-gennaio\/#primaryimage"},"thumbnailUrl":"http:\/\/www.bellunopress.it\/wp-content\/uploads\/2009\/11\/mercatino-di-cortina-phstefano-zardini.jpg","datePublished":"2010-01-10T17:31:59+00:00","breadcrumb":{"@id":"https:\/\/www.bellunopress.it\/2010\/01\/10\/tra-sci-e-piatti-tipici-con-la-scuola-di-sci-e-snowboard-cortina-mercoledi-13-gennaio\/#breadcrumb"},"inLanguage":"fr-FR","potentialAction":[{"@type":"ReadAction","target":["https:\/\/www.bellunopress.it\/2010\/01\/10\/tra-sci-e-piatti-tipici-con-la-scuola-di-sci-e-snowboard-cortina-mercoledi-13-gennaio\/"]}]},{"@type":"ImageObject","inLanguage":"fr-FR","@id":"https:\/\/www.bellunopress.it\/2010\/01\/10\/tra-sci-e-piatti-tipici-con-la-scuola-di-sci-e-snowboard-cortina-mercoledi-13-gennaio\/#primaryimage","url":"http:\/\/www.bellunopress.it\/wp-content\/uploads\/2009\/11\/mercatino-di-cortina-phstefano-zardini.jpg","contentUrl":"http:\/\/www.bellunopress.it\/wp-content\/uploads\/2009\/11\/mercatino-di-cortina-phstefano-zardini.jpg"},{"@type":"BreadcrumbList","@id":"https:\/\/www.bellunopress.it\/2010\/01\/10\/tra-sci-e-piatti-tipici-con-la-scuola-di-sci-e-snowboard-cortina-mercoledi-13-gennaio\/#breadcrumb","itemListElement":[{"@type":"ListItem","position":1,"name":"Home","item":"https:\/\/www.bellunopress.it\/"},{"@type":"ListItem","position":2,"name":"Tra sci e piatti tipici con la Scuola di sci e snowboard Cortina mercoled\u00ec 13 gennaio"}]},{"@type":"WebSite","@id":"https:\/\/www.bellunopress.it\/#website","url":"https:\/\/www.bellunopress.it\/","name":"Bellunopress - Dolomiti","description":"e-mail: redazione@bellunopress.it","publisher":{"@id":"https:\/\/www.bellunopress.it\/#organization"},"potentialAction":[{"@type":"SearchAction","target":{"@type":"EntryPoint","urlTemplate":"https:\/\/www.bellunopress.it\/?s={search_term_string}"},"query-input":{"@type":"PropertyValueSpecification","valueRequired":true,"valueName":"search_term_string"}}],"inLanguage":"fr-FR"},{"@type":"Organization","@id":"https:\/\/www.bellunopress.it\/#organization","name":"Bellunopress","url":"https:\/\/www.bellunopress.it\/","logo":{"@type":"ImageObject","inLanguage":"fr-FR","@id":"https:\/\/www.bellunopress.it\/#\/schema\/logo\/image\/","url":"https:\/\/www.bellunopress.it\/wp-content\/uploads\/2011\/05\/cropped-logo-bellunopress-.jpg","contentUrl":"https:\/\/www.bellunopress.it\/wp-content\/uploads\/2011\/05\/cropped-logo-bellunopress-.jpg","width":512,"height":512,"caption":"Bellunopress"},"image":{"@id":"https:\/\/www.bellunopress.it\/#\/schema\/logo\/image\/"},"sameAs":["https:\/\/www.facebook.com\/profile.php?id=100008943462799","https:\/\/x.com\/bellunopress","https:\/\/www.linkedin.com\/hp\/?dnr=JBzUWaJfMUw8vbXJJ2tVW5-I3jZKvC4wsoxE&amp;amp;amp;amp;amp;amp;trk=nav_responsive_tab_home","https:\/\/www.youtube.com\/channel\/UCxL0wu1uN0_3_7hGG0306cw"]},{"@type":"Person","@id":"https:\/\/www.bellunopress.it\/#\/schema\/person\/79bb06722b37ece1c03d3e94beb30d73","name":"r\u00e9daction","image":{"@type":"ImageObject","inLanguage":"fr-FR","@id":"https:\/\/secure.gravatar.com\/avatar\/37d968a2e67a6fd04c169c4bdef102d0bc5d31b2546345219e348575eb80e9a0?s=96&d=mm&r=g","url":"https:\/\/secure.gravatar.com\/avatar\/37d968a2e67a6fd04c169c4bdef102d0bc5d31b2546345219e348575eb80e9a0?s=96&d=mm&r=g","contentUrl":"https:\/\/secure.gravatar.com\/avatar\/37d968a2e67a6fd04c169c4bdef102d0bc5d31b2546345219e348575eb80e9a0?s=96&d=mm&r=g","caption":"redazione"},"sameAs":["http:\/\/www.bellunopress.it","https:\/\/x.com\/bellunopress"],"url":"https:\/\/www.bellunopress.it\/fr\/author\/redazione\/"}]}},"_links":{"self":[{"href":"https:\/\/www.bellunopress.it\/fr\/wp-json\/wp\/v2\/posts\/11386","targetHints":{"allow":["GET"]}}],"collection":[{"href":"https:\/\/www.bellunopress.it\/fr\/wp-json\/wp\/v2\/posts"}],"about":[{"href":"https:\/\/www.bellunopress.it\/fr\/wp-json\/wp\/v2\/types\/post"}],"author":[{"embeddable":true,"href":"https:\/\/www.bellunopress.it\/fr\/wp-json\/wp\/v2\/users\/2"}],"replies":[{"embeddable":true,"href":"https:\/\/www.bellunopress.it\/fr\/wp-json\/wp\/v2\/comments?post=11386"}],"version-history":[{"count":1,"href":"https:\/\/www.bellunopress.it\/fr\/wp-json\/wp\/v2\/posts\/11386\/revisions"}],"predecessor-version":[{"id":11387,"href":"https:\/\/www.bellunopress.it\/fr\/wp-json\/wp\/v2\/posts\/11386\/revisions\/11387"}],"wp:attachment":[{"href":"https:\/\/www.bellunopress.it\/fr\/wp-json\/wp\/v2\/media?parent=11386"}],"wp:term":[{"taxonomy":"category","embeddable":true,"href":"https:\/\/www.bellunopress.it\/fr\/wp-json\/wp\/v2\/categories?post=11386"},{"taxonomy":"post_tag","embeddable":true,"href":"https:\/\/www.bellunopress.it\/fr\/wp-json\/wp\/v2\/tags?post=11386"}],"curies":[{"name":"wp","href":"https:\/\/api.w.org\/{rel}","templated":true}]}}