{"id":113843,"date":"2020-04-17T17:17:52","date_gmt":"2020-04-17T15:17:52","guid":{"rendered":"http:\/\/www.bellunopress.it\/?p=113843"},"modified":"2020-04-17T17:17:52","modified_gmt":"2020-04-17T15:17:52","slug":"la-montagna-bellunese-e-pronta-a-ripartire-padrin-facciamo-di-tutto-per-non-perdere-la-stagione-estiva","status":"publish","type":"post","link":"https:\/\/www.bellunopress.it\/fr\/2020\/04\/17\/la-montagna-bellunese-e-pronta-a-ripartire-padrin-facciamo-di-tutto-per-non-perdere-la-stagione-estiva\/","title":{"rendered":"La montagna bellunese \u00e8 pronta a ripartire. Padrin: \u00abFacciamo di tutto per non perdere la stagione estiva\u00bb"},"content":{"rendered":"<figure id=\"attachment_111249\" aria-describedby=\"caption-attachment-111249\" style=\"width: 200px\" class=\"wp-caption alignleft\"><a href=\"http:\/\/www.bellunopress.it\/fr\/2020\/01\/15\/riclassificazione-delle-strade-padrin-bene-ma-si-mantenga-il-sistema-di-gestione-di-veneto-strade\/roberto-padrin-presidente-provincia\/\" rel=\"attachment wp-att-111249\"><img loading=\"lazy\" decoding=\"async\" class=\"size-full wp-image-111249\" src=\"http:\/\/www.bellunopress.it\/wp-content\/uploads\/2020\/01\/roberto-padrin-presidente-provincia.jpg\" alt=\"\" width=\"200\" height=\"279\" \/><\/a><figcaption id=\"caption-attachment-111249\" class=\"wp-caption-text\">Roberto Padrin &#8211; Presidente della Provincia<\/figcaption><\/figure>\n<p>Il coronavirus potrebbe essere la grande occasione di rilancio delle terre alte e delle Dolomiti bellunesi. Sembra un controsenso, ma non \u00e8 cos\u00ec. Perch\u00e9 la vacanza in montagna non si presta ad assembramenti e affollamenti; al contrario: \u00e8 considerata sicura e salubre anche dagli esperti. Quindi, il sistema bellunese \u00e8 pronto a giocarsi fino in fondo le carte per la stagione estiva. Anche con progetti mirati di valorizzazione e di promozione.<\/p>\n<p>\u00c8 quanto emerso dal direttivo della Dmo Dolomiti di ieri (gioved\u00ec 16 aprile), che \u00e8 stato convocato dalla Provincia, con la decisione di allargarlo anche alla parte tecnica, alla Camera di Commercio e al presidente del Fondo Comuni di confine Roger De Menech (il Fondo infatti finanzia il piano di marketing territoriale). Alla riunione, in videoconferenza, ha preso parte anche il nuovo consigliere provinciale con delega al turismo, Danilo De Toni.<\/p>\n<p>\u00abLa montagna bellunese \u00e8 pronta a ripartire, dopo la chiusura anticipata della stagione invernale. \u00c8 ancora forte l&#8217;amarezza per aver dovuto rinunciare alle finali di Coppa del Mondo di Cortina in un periodo in cui le nostre Dolomiti stavano macinando risultati turistici come non si vedevano da anni &#8211; afferma il presidente della Provincia, Roberto Padrin -. Proprio per questo, la Provincia e la Dmo lavoreranno insieme, in collaborazione ai consorzi turistici delle diverse vallate bellunesi per non perdere la prossima stagione estiva. Anzi, per portare avanti una campagna promozionale che faccia leva sulla montagna sicura. Lo ha detto nei giorni scorsi anche Silvio Brusaferro, presidente dell&#8217;Istituto Superiore di Sanit\u00e0 e teorico del distanziamento sociale, &#8220;in montagna il rischio di contrarre il virus \u00e8 piuttosto basso, mentre se si va in contesti affollati \u00e8 diverso&#8221;. Abbiamo davanti anche la grande occasione di rilancio, che \u00e8 costituita dai Mondiali di sci 2021: l&#8217;appuntamento di Cortina sar\u00e0 il primo vero appuntamento sportivo internazionale dopo il Covid, se il Tour de France non dovesse essere recuperato nel mese di settembre\u00bb.<\/p>\n<figure id=\"attachment_87132\" aria-describedby=\"caption-attachment-87132\" style=\"width: 149px\" class=\"wp-caption alignleft\"><a href=\"http:\/\/www.bellunopress.it\/fr\/2017\/06\/20\/belluno-capitale-del-turismo-vantaggi-centenario-della-grande-guerra-e-150mo-della-fondazione-degli-alpini-per-la-promozione-del-brand-belluno\/giuliano-vantaggi\/\" rel=\"attachment wp-att-87132\"><img loading=\"lazy\" decoding=\"async\" class=\"size-full wp-image-87132\" src=\"http:\/\/www.bellunopress.it\/wp-content\/uploads\/2017\/06\/giuliano-vantaggi.jpg\" alt=\"\" width=\"149\" height=\"200\" \/><\/a><figcaption id=\"caption-attachment-87132\" class=\"wp-caption-text\">Giuliano Vantaggi<\/figcaption><\/figure>\n<p>La promozione del contesto montano, e dolomitico in particolare, come ambiente salubre, in cui l&#8217;aria e l&#8217;acqua sono di qualit\u00e0 superiore e in cui \u00e8 possibile mantenere il distanziamento tra le persone, non sar\u00e0 per\u00f2 l&#8217;unico asso per il rilancio del turismo nella fase 2 del coronavirus. \u00abDobbiamo fare leva sulla nostra &#8220;grande bellezza&#8221; &#8211; aggiunge Giuliano Vantaggi, direttore della Dmo Dolomiti -. Abbiamo le montagne pi\u00f9 belle del mondo, paesaggi, arte, cultura e gastronomia strepitosi. In previsione di un turismo prevalentemente nazionale, possiamo puntare sull&#8217;offerta sportiva, sul benessere, su molte altre qualit\u00e0 che il nostro territorio possiede\u00bb.<br \/>\nSulla partita del rilancio turistico ci sar\u00e0 anche un impegno ancora pi\u00f9 deciso del Fondo Comuni di confine, e verr\u00e0 dato il supporto necessario agli operatori del territorio affinch\u00e9 sappiano come muoversi nei confronti della clientela che chiede informazioni. Intanto, Provincia e Dmo sono alla finestra per capire le nuove date di grandi eventi sportivi che solitamente sono promozionali per il turismo, come il Giro d&#8217;Italia. A seconda del decorso dell&#8217;emergenza, i mesi autunnali potrebbero essere utili per recuperare almeno alcuni delle manifestazioni annullate.<\/p>\n<p>La Dmo si aggiorner\u00e0 con una nuova riunione del direttivo, il 30 aprile. In quella data sar\u00e0 declinato in maniera concreta il piano di promozione: lo sta mettendo a punto l&#8217;amministratore delegato Alessandra Magagnin.<\/p>","protected":false},"excerpt":{"rendered":"<p>Il coronavirus potrebbe essere la grande occasione di rilancio delle terre alte e delle Dolomiti bellunesi. Sembra un controsenso, ma non \u00e8 cos\u00ec. Perch\u00e9 la vacanza in montagna non si presta ad assembramenti e affollamenti; al contrario: \u00e8 considerata sicura e salubre anche dagli esperti. Quindi, il sistema bellunese \u00e8 pronto a giocarsi fino in [&hellip;]<\/p>\n","protected":false},"author":2,"featured_media":23210,"comment_status":"closed","ping_status":"open","sticky":false,"template":"","format":"standard","meta":{"footnotes":""},"categories":[36,26],"tags":[],"class_list":["post-113843","post","type-post","status-publish","format-standard","has-post-thumbnail","category-lavoro-economia","category-prima-pagina"],"yoast_head":"<!-- This site is optimized with the Yoast SEO plugin v28.4 - https:\/\/yoast.com\/product\/yoast-seo-wordpress\/ -->\n<title>La montagna bellunese \u00e8 pronta a ripartire. Padrin: \u00abFacciamo di tutto per non perdere la stagione estiva\u00bb - Bellunopress - Dolomiti<\/title>\n<meta name=\"robots\" content=\"index, follow, max-snippet:-1, max-image-preview:large, max-video-preview:-1\" \/>\n<link rel=\"canonical\" href=\"https:\/\/www.bellunopress.it\/fr\/2020\/04\/17\/la-montagna-bellunese-e-pronta-a-ripartire-padrin-facciamo-di-tutto-per-non-perdere-la-stagione-estiva\/\" \/>\n<meta property=\"og:locale\" content=\"fr_FR\" \/>\n<meta property=\"og:type\" content=\"article\" \/>\n<meta property=\"og:title\" content=\"La montagna bellunese \u00e8 pronta a ripartire. Padrin: \u00abFacciamo di tutto per non perdere la stagione estiva\u00bb - Bellunopress - Dolomiti\" \/>\n<meta property=\"og:description\" content=\"Il coronavirus potrebbe essere la grande occasione di rilancio delle terre alte e delle Dolomiti bellunesi. Sembra un controsenso, ma non \u00e8 cos\u00ec. Perch\u00e9 la vacanza in montagna non si presta ad assembramenti e affollamenti; al contrario: \u00e8 considerata sicura e salubre anche dagli esperti. Quindi, il sistema bellunese \u00e8 pronto a giocarsi fino in [&hellip;]\" \/>\n<meta property=\"og:url\" content=\"https:\/\/www.bellunopress.it\/fr\/2020\/04\/17\/la-montagna-bellunese-e-pronta-a-ripartire-padrin-facciamo-di-tutto-per-non-perdere-la-stagione-estiva\/\" \/>\n<meta property=\"og:site_name\" content=\"Bellunopress - Dolomiti\" \/>\n<meta property=\"article:publisher\" content=\"https:\/\/www.facebook.com\/profile.php?id=100008943462799\" \/>\n<meta property=\"article:published_time\" content=\"2020-04-17T15:17:52+00:00\" \/>\n<meta property=\"og:image\" content=\"https:\/\/www.bellunopress.it\/wp-content\/uploads\/2011\/01\/lago-montagna-leggera.jpg\" \/>\n\t<meta property=\"og:image:width\" content=\"270\" \/>\n\t<meta property=\"og:image:height\" content=\"171\" \/>\n\t<meta property=\"og:image:type\" content=\"image\/jpeg\" \/>\n<meta name=\"author\" content=\"redazione\" \/>\n<meta name=\"twitter:card\" content=\"summary_large_image\" \/>\n<meta name=\"twitter:creator\" content=\"@bellunopress\" \/>\n<meta name=\"twitter:site\" content=\"@bellunopress\" \/>\n<meta name=\"twitter:label1\" content=\"Written by\" \/>\n\t<meta name=\"twitter:data1\" content=\"redazione\" \/>\n\t<meta name=\"twitter:label2\" content=\"Est. reading time\" \/>\n\t<meta name=\"twitter:data2\" content=\"3 minutes\" \/>\n<script type=\"application\/ld+json\" class=\"yoast-schema-graph\">{\"@context\":\"https:\\\/\\\/schema.org\",\"@graph\":[{\"@type\":\"Article\",\"@id\":\"https:\\\/\\\/www.bellunopress.it\\\/2020\\\/04\\\/17\\\/la-montagna-bellunese-e-pronta-a-ripartire-padrin-facciamo-di-tutto-per-non-perdere-la-stagione-estiva\\\/#article\",\"isPartOf\":{\"@id\":\"https:\\\/\\\/www.bellunopress.it\\\/2020\\\/04\\\/17\\\/la-montagna-bellunese-e-pronta-a-ripartire-padrin-facciamo-di-tutto-per-non-perdere-la-stagione-estiva\\\/\"},\"author\":{\"name\":\"redazione\",\"@id\":\"https:\\\/\\\/www.bellunopress.it\\\/#\\\/schema\\\/person\\\/79bb06722b37ece1c03d3e94beb30d73\"},\"headline\":\"La montagna bellunese \u00e8 pronta a ripartire. Padrin: \u00abFacciamo di tutto per non perdere la stagione estiva\u00bb\",\"datePublished\":\"2020-04-17T15:17:52+00:00\",\"mainEntityOfPage\":{\"@id\":\"https:\\\/\\\/www.bellunopress.it\\\/2020\\\/04\\\/17\\\/la-montagna-bellunese-e-pronta-a-ripartire-padrin-facciamo-di-tutto-per-non-perdere-la-stagione-estiva\\\/\"},\"wordCount\":568,\"publisher\":{\"@id\":\"https:\\\/\\\/www.bellunopress.it\\\/#organization\"},\"image\":{\"@id\":\"https:\\\/\\\/www.bellunopress.it\\\/2020\\\/04\\\/17\\\/la-montagna-bellunese-e-pronta-a-ripartire-padrin-facciamo-di-tutto-per-non-perdere-la-stagione-estiva\\\/#primaryimage\"},\"thumbnailUrl\":\"https:\\\/\\\/www.bellunopress.it\\\/wp-content\\\/uploads\\\/2011\\\/01\\\/lago-montagna-leggera.jpg\",\"articleSection\":[\"Lavoro, Economia, Turismo\",\"Prima Pagina\"],\"inLanguage\":\"fr-FR\"},{\"@type\":\"WebPage\",\"@id\":\"https:\\\/\\\/www.bellunopress.it\\\/2020\\\/04\\\/17\\\/la-montagna-bellunese-e-pronta-a-ripartire-padrin-facciamo-di-tutto-per-non-perdere-la-stagione-estiva\\\/\",\"url\":\"https:\\\/\\\/www.bellunopress.it\\\/2020\\\/04\\\/17\\\/la-montagna-bellunese-e-pronta-a-ripartire-padrin-facciamo-di-tutto-per-non-perdere-la-stagione-estiva\\\/\",\"name\":\"La montagna bellunese \u00e8 pronta a ripartire. Padrin: \u00abFacciamo di tutto per non perdere la stagione estiva\u00bb - Bellunopress - Dolomiti\",\"isPartOf\":{\"@id\":\"https:\\\/\\\/www.bellunopress.it\\\/#website\"},\"primaryImageOfPage\":{\"@id\":\"https:\\\/\\\/www.bellunopress.it\\\/2020\\\/04\\\/17\\\/la-montagna-bellunese-e-pronta-a-ripartire-padrin-facciamo-di-tutto-per-non-perdere-la-stagione-estiva\\\/#primaryimage\"},\"image\":{\"@id\":\"https:\\\/\\\/www.bellunopress.it\\\/2020\\\/04\\\/17\\\/la-montagna-bellunese-e-pronta-a-ripartire-padrin-facciamo-di-tutto-per-non-perdere-la-stagione-estiva\\\/#primaryimage\"},\"thumbnailUrl\":\"https:\\\/\\\/www.bellunopress.it\\\/wp-content\\\/uploads\\\/2011\\\/01\\\/lago-montagna-leggera.jpg\",\"datePublished\":\"2020-04-17T15:17:52+00:00\",\"breadcrumb\":{\"@id\":\"https:\\\/\\\/www.bellunopress.it\\\/2020\\\/04\\\/17\\\/la-montagna-bellunese-e-pronta-a-ripartire-padrin-facciamo-di-tutto-per-non-perdere-la-stagione-estiva\\\/#breadcrumb\"},\"inLanguage\":\"fr-FR\",\"potentialAction\":[{\"@type\":\"ReadAction\",\"target\":[\"https:\\\/\\\/www.bellunopress.it\\\/2020\\\/04\\\/17\\\/la-montagna-bellunese-e-pronta-a-ripartire-padrin-facciamo-di-tutto-per-non-perdere-la-stagione-estiva\\\/\"]}]},{\"@type\":\"ImageObject\",\"inLanguage\":\"fr-FR\",\"@id\":\"https:\\\/\\\/www.bellunopress.it\\\/2020\\\/04\\\/17\\\/la-montagna-bellunese-e-pronta-a-ripartire-padrin-facciamo-di-tutto-per-non-perdere-la-stagione-estiva\\\/#primaryimage\",\"url\":\"https:\\\/\\\/www.bellunopress.it\\\/wp-content\\\/uploads\\\/2011\\\/01\\\/lago-montagna-leggera.jpg\",\"contentUrl\":\"https:\\\/\\\/www.bellunopress.it\\\/wp-content\\\/uploads\\\/2011\\\/01\\\/lago-montagna-leggera.jpg\",\"width\":\"270\",\"height\":\"171\"},{\"@type\":\"BreadcrumbList\",\"@id\":\"https:\\\/\\\/www.bellunopress.it\\\/2020\\\/04\\\/17\\\/la-montagna-bellunese-e-pronta-a-ripartire-padrin-facciamo-di-tutto-per-non-perdere-la-stagione-estiva\\\/#breadcrumb\",\"itemListElement\":[{\"@type\":\"ListItem\",\"position\":1,\"name\":\"Home\",\"item\":\"https:\\\/\\\/www.bellunopress.it\\\/\"},{\"@type\":\"ListItem\",\"position\":2,\"name\":\"La montagna bellunese \u00e8 pronta a ripartire. Padrin: \u00abFacciamo di tutto per non perdere la stagione estiva\u00bb\"}]},{\"@type\":\"WebSite\",\"@id\":\"https:\\\/\\\/www.bellunopress.it\\\/#website\",\"url\":\"https:\\\/\\\/www.bellunopress.it\\\/\",\"name\":\"Bellunopress - Dolomiti\",\"description\":\"e-mail: redazione@bellunopress.it\",\"publisher\":{\"@id\":\"https:\\\/\\\/www.bellunopress.it\\\/#organization\"},\"potentialAction\":[{\"@type\":\"SearchAction\",\"target\":{\"@type\":\"EntryPoint\",\"urlTemplate\":\"https:\\\/\\\/www.bellunopress.it\\\/?s={search_term_string}\"},\"query-input\":{\"@type\":\"PropertyValueSpecification\",\"valueRequired\":true,\"valueName\":\"search_term_string\"}}],\"inLanguage\":\"fr-FR\"},{\"@type\":\"Organization\",\"@id\":\"https:\\\/\\\/www.bellunopress.it\\\/#organization\",\"name\":\"Bellunopress\",\"url\":\"https:\\\/\\\/www.bellunopress.it\\\/\",\"logo\":{\"@type\":\"ImageObject\",\"inLanguage\":\"fr-FR\",\"@id\":\"https:\\\/\\\/www.bellunopress.it\\\/#\\\/schema\\\/logo\\\/image\\\/\",\"url\":\"https:\\\/\\\/www.bellunopress.it\\\/wp-content\\\/uploads\\\/2011\\\/05\\\/cropped-logo-bellunopress-.jpg\",\"contentUrl\":\"https:\\\/\\\/www.bellunopress.it\\\/wp-content\\\/uploads\\\/2011\\\/05\\\/cropped-logo-bellunopress-.jpg\",\"width\":512,\"height\":512,\"caption\":\"Bellunopress\"},\"image\":{\"@id\":\"https:\\\/\\\/www.bellunopress.it\\\/#\\\/schema\\\/logo\\\/image\\\/\"},\"sameAs\":[\"https:\\\/\\\/www.facebook.com\\\/profile.php?id=100008943462799\",\"https:\\\/\\\/x.com\\\/bellunopress\",\"https:\\\/\\\/www.linkedin.com\\\/hp\\\/?dnr=JBzUWaJfMUw8vbXJJ2tVW5-I3jZKvC4wsoxE&amp;amp;amp;amp;amp;amp;trk=nav_responsive_tab_home\",\"https:\\\/\\\/www.youtube.com\\\/channel\\\/UCxL0wu1uN0_3_7hGG0306cw\"]},{\"@type\":\"Person\",\"@id\":\"https:\\\/\\\/www.bellunopress.it\\\/#\\\/schema\\\/person\\\/79bb06722b37ece1c03d3e94beb30d73\",\"name\":\"redazione\",\"image\":{\"@type\":\"ImageObject\",\"inLanguage\":\"fr-FR\",\"@id\":\"https:\\\/\\\/secure.gravatar.com\\\/avatar\\\/37d968a2e67a6fd04c169c4bdef102d0bc5d31b2546345219e348575eb80e9a0?s=96&d=mm&r=g\",\"url\":\"https:\\\/\\\/secure.gravatar.com\\\/avatar\\\/37d968a2e67a6fd04c169c4bdef102d0bc5d31b2546345219e348575eb80e9a0?s=96&d=mm&r=g\",\"contentUrl\":\"https:\\\/\\\/secure.gravatar.com\\\/avatar\\\/37d968a2e67a6fd04c169c4bdef102d0bc5d31b2546345219e348575eb80e9a0?s=96&d=mm&r=g\",\"caption\":\"redazione\"},\"sameAs\":[\"http:\\\/\\\/www.bellunopress.it\",\"https:\\\/\\\/x.com\\\/bellunopress\"],\"url\":\"https:\\\/\\\/www.bellunopress.it\\\/fr\\\/author\\\/redazione\\\/\"}]}<\/script>\n<!-- \/ Yoast SEO plugin. -->","yoast_head_json":{"title":"La montagna bellunese \u00e8 pronta a ripartire. Padrin: \u00abFacciamo di tutto per non perdere la stagione estiva\u00bb - Bellunopress - Dolomiti","robots":{"index":"index","follow":"follow","max-snippet":"max-snippet:-1","max-image-preview":"max-image-preview:large","max-video-preview":"max-video-preview:-1"},"canonical":"https:\/\/www.bellunopress.it\/fr\/2020\/04\/17\/la-montagna-bellunese-e-pronta-a-ripartire-padrin-facciamo-di-tutto-per-non-perdere-la-stagione-estiva\/","og_locale":"fr_FR","og_type":"article","og_title":"La montagna bellunese \u00e8 pronta a ripartire. Padrin: \u00abFacciamo di tutto per non perdere la stagione estiva\u00bb - Bellunopress - Dolomiti","og_description":"Il coronavirus potrebbe essere la grande occasione di rilancio delle terre alte e delle Dolomiti bellunesi. Sembra un controsenso, ma non \u00e8 cos\u00ec. Perch\u00e9 la vacanza in montagna non si presta ad assembramenti e affollamenti; al contrario: \u00e8 considerata sicura e salubre anche dagli esperti. Quindi, il sistema bellunese \u00e8 pronto a giocarsi fino in [&hellip;]","og_url":"https:\/\/www.bellunopress.it\/fr\/2020\/04\/17\/la-montagna-bellunese-e-pronta-a-ripartire-padrin-facciamo-di-tutto-per-non-perdere-la-stagione-estiva\/","og_site_name":"Bellunopress - Dolomiti","article_publisher":"https:\/\/www.facebook.com\/profile.php?id=100008943462799","article_published_time":"2020-04-17T15:17:52+00:00","og_image":[{"width":270,"height":171,"url":"https:\/\/www.bellunopress.it\/wp-content\/uploads\/2011\/01\/lago-montagna-leggera.jpg","type":"image\/jpeg"}],"author":"redazione","twitter_card":"summary_large_image","twitter_creator":"@bellunopress","twitter_site":"@bellunopress","twitter_misc":{"Written by":"redazione","Est. reading time":"3 minutes"},"schema":{"@context":"https:\/\/schema.org","@graph":[{"@type":"Article","@id":"https:\/\/www.bellunopress.it\/2020\/04\/17\/la-montagna-bellunese-e-pronta-a-ripartire-padrin-facciamo-di-tutto-per-non-perdere-la-stagione-estiva\/#article","isPartOf":{"@id":"https:\/\/www.bellunopress.it\/2020\/04\/17\/la-montagna-bellunese-e-pronta-a-ripartire-padrin-facciamo-di-tutto-per-non-perdere-la-stagione-estiva\/"},"author":{"name":"redazione","@id":"https:\/\/www.bellunopress.it\/#\/schema\/person\/79bb06722b37ece1c03d3e94beb30d73"},"headline":"La montagna bellunese \u00e8 pronta a ripartire. Padrin: \u00abFacciamo di tutto per non perdere la stagione estiva\u00bb","datePublished":"2020-04-17T15:17:52+00:00","mainEntityOfPage":{"@id":"https:\/\/www.bellunopress.it\/2020\/04\/17\/la-montagna-bellunese-e-pronta-a-ripartire-padrin-facciamo-di-tutto-per-non-perdere-la-stagione-estiva\/"},"wordCount":568,"publisher":{"@id":"https:\/\/www.bellunopress.it\/#organization"},"image":{"@id":"https:\/\/www.bellunopress.it\/2020\/04\/17\/la-montagna-bellunese-e-pronta-a-ripartire-padrin-facciamo-di-tutto-per-non-perdere-la-stagione-estiva\/#primaryimage"},"thumbnailUrl":"https:\/\/www.bellunopress.it\/wp-content\/uploads\/2011\/01\/lago-montagna-leggera.jpg","articleSection":["Lavoro, Economia, Turismo","Prima Pagina"],"inLanguage":"fr-FR"},{"@type":"WebPage","@id":"https:\/\/www.bellunopress.it\/2020\/04\/17\/la-montagna-bellunese-e-pronta-a-ripartire-padrin-facciamo-di-tutto-per-non-perdere-la-stagione-estiva\/","url":"https:\/\/www.bellunopress.it\/2020\/04\/17\/la-montagna-bellunese-e-pronta-a-ripartire-padrin-facciamo-di-tutto-per-non-perdere-la-stagione-estiva\/","name":"La montagna bellunese \u00e8 pronta a ripartire. Padrin: \u00abFacciamo di tutto per non perdere la stagione estiva\u00bb - Bellunopress - Dolomiti","isPartOf":{"@id":"https:\/\/www.bellunopress.it\/#website"},"primaryImageOfPage":{"@id":"https:\/\/www.bellunopress.it\/2020\/04\/17\/la-montagna-bellunese-e-pronta-a-ripartire-padrin-facciamo-di-tutto-per-non-perdere-la-stagione-estiva\/#primaryimage"},"image":{"@id":"https:\/\/www.bellunopress.it\/2020\/04\/17\/la-montagna-bellunese-e-pronta-a-ripartire-padrin-facciamo-di-tutto-per-non-perdere-la-stagione-estiva\/#primaryimage"},"thumbnailUrl":"https:\/\/www.bellunopress.it\/wp-content\/uploads\/2011\/01\/lago-montagna-leggera.jpg","datePublished":"2020-04-17T15:17:52+00:00","breadcrumb":{"@id":"https:\/\/www.bellunopress.it\/2020\/04\/17\/la-montagna-bellunese-e-pronta-a-ripartire-padrin-facciamo-di-tutto-per-non-perdere-la-stagione-estiva\/#breadcrumb"},"inLanguage":"fr-FR","potentialAction":[{"@type":"ReadAction","target":["https:\/\/www.bellunopress.it\/2020\/04\/17\/la-montagna-bellunese-e-pronta-a-ripartire-padrin-facciamo-di-tutto-per-non-perdere-la-stagione-estiva\/"]}]},{"@type":"ImageObject","inLanguage":"fr-FR","@id":"https:\/\/www.bellunopress.it\/2020\/04\/17\/la-montagna-bellunese-e-pronta-a-ripartire-padrin-facciamo-di-tutto-per-non-perdere-la-stagione-estiva\/#primaryimage","url":"https:\/\/www.bellunopress.it\/wp-content\/uploads\/2011\/01\/lago-montagna-leggera.jpg","contentUrl":"https:\/\/www.bellunopress.it\/wp-content\/uploads\/2011\/01\/lago-montagna-leggera.jpg","width":"270","height":"171"},{"@type":"BreadcrumbList","@id":"https:\/\/www.bellunopress.it\/2020\/04\/17\/la-montagna-bellunese-e-pronta-a-ripartire-padrin-facciamo-di-tutto-per-non-perdere-la-stagione-estiva\/#breadcrumb","itemListElement":[{"@type":"ListItem","position":1,"name":"Home","item":"https:\/\/www.bellunopress.it\/"},{"@type":"ListItem","position":2,"name":"La montagna bellunese \u00e8 pronta a ripartire. Padrin: \u00abFacciamo di tutto per non perdere la stagione estiva\u00bb"}]},{"@type":"WebSite","@id":"https:\/\/www.bellunopress.it\/#website","url":"https:\/\/www.bellunopress.it\/","name":"Bellunopress - Dolomiti","description":"e-mail: redazione@bellunopress.it","publisher":{"@id":"https:\/\/www.bellunopress.it\/#organization"},"potentialAction":[{"@type":"SearchAction","target":{"@type":"EntryPoint","urlTemplate":"https:\/\/www.bellunopress.it\/?s={search_term_string}"},"query-input":{"@type":"PropertyValueSpecification","valueRequired":true,"valueName":"search_term_string"}}],"inLanguage":"fr-FR"},{"@type":"Organization","@id":"https:\/\/www.bellunopress.it\/#organization","name":"Bellunopress","url":"https:\/\/www.bellunopress.it\/","logo":{"@type":"ImageObject","inLanguage":"fr-FR","@id":"https:\/\/www.bellunopress.it\/#\/schema\/logo\/image\/","url":"https:\/\/www.bellunopress.it\/wp-content\/uploads\/2011\/05\/cropped-logo-bellunopress-.jpg","contentUrl":"https:\/\/www.bellunopress.it\/wp-content\/uploads\/2011\/05\/cropped-logo-bellunopress-.jpg","width":512,"height":512,"caption":"Bellunopress"},"image":{"@id":"https:\/\/www.bellunopress.it\/#\/schema\/logo\/image\/"},"sameAs":["https:\/\/www.facebook.com\/profile.php?id=100008943462799","https:\/\/x.com\/bellunopress","https:\/\/www.linkedin.com\/hp\/?dnr=JBzUWaJfMUw8vbXJJ2tVW5-I3jZKvC4wsoxE&amp;amp;amp;amp;amp;amp;trk=nav_responsive_tab_home","https:\/\/www.youtube.com\/channel\/UCxL0wu1uN0_3_7hGG0306cw"]},{"@type":"Person","@id":"https:\/\/www.bellunopress.it\/#\/schema\/person\/79bb06722b37ece1c03d3e94beb30d73","name":"r\u00e9daction","image":{"@type":"ImageObject","inLanguage":"fr-FR","@id":"https:\/\/secure.gravatar.com\/avatar\/37d968a2e67a6fd04c169c4bdef102d0bc5d31b2546345219e348575eb80e9a0?s=96&d=mm&r=g","url":"https:\/\/secure.gravatar.com\/avatar\/37d968a2e67a6fd04c169c4bdef102d0bc5d31b2546345219e348575eb80e9a0?s=96&d=mm&r=g","contentUrl":"https:\/\/secure.gravatar.com\/avatar\/37d968a2e67a6fd04c169c4bdef102d0bc5d31b2546345219e348575eb80e9a0?s=96&d=mm&r=g","caption":"redazione"},"sameAs":["http:\/\/www.bellunopress.it","https:\/\/x.com\/bellunopress"],"url":"https:\/\/www.bellunopress.it\/fr\/author\/redazione\/"}]}},"_links":{"self":[{"href":"https:\/\/www.bellunopress.it\/fr\/wp-json\/wp\/v2\/posts\/113843","targetHints":{"allow":["GET"]}}],"collection":[{"href":"https:\/\/www.bellunopress.it\/fr\/wp-json\/wp\/v2\/posts"}],"about":[{"href":"https:\/\/www.bellunopress.it\/fr\/wp-json\/wp\/v2\/types\/post"}],"author":[{"embeddable":true,"href":"https:\/\/www.bellunopress.it\/fr\/wp-json\/wp\/v2\/users\/2"}],"replies":[{"embeddable":true,"href":"https:\/\/www.bellunopress.it\/fr\/wp-json\/wp\/v2\/comments?post=113843"}],"version-history":[{"count":1,"href":"https:\/\/www.bellunopress.it\/fr\/wp-json\/wp\/v2\/posts\/113843\/revisions"}],"predecessor-version":[{"id":113844,"href":"https:\/\/www.bellunopress.it\/fr\/wp-json\/wp\/v2\/posts\/113843\/revisions\/113844"}],"wp:featuredmedia":[{"embeddable":true,"href":"https:\/\/www.bellunopress.it\/fr\/wp-json\/wp\/v2\/media\/23210"}],"wp:attachment":[{"href":"https:\/\/www.bellunopress.it\/fr\/wp-json\/wp\/v2\/media?parent=113843"}],"wp:term":[{"taxonomy":"category","embeddable":true,"href":"https:\/\/www.bellunopress.it\/fr\/wp-json\/wp\/v2\/categories?post=113843"},{"taxonomy":"post_tag","embeddable":true,"href":"https:\/\/www.bellunopress.it\/fr\/wp-json\/wp\/v2\/tags?post=113843"}],"curies":[{"name":"wp","href":"https:\/\/api.w.org\/{rel}","templated":true}]}}